{"id":1548648,"date":"2022-03-22T04:15:36","date_gmt":"2022-03-22T04:15:36","guid":{"rendered":"https:\/\/www.pressenza.com\/?p=1548648"},"modified":"2022-03-20T21:32:41","modified_gmt":"2022-03-20T21:32:41","slug":"dia-mundial-del-agua-2","status":"publish","type":"post","link":"https:\/\/www.pressenza.com\/es\/2022\/03\/dia-mundial-del-agua-2\/","title":{"rendered":"D\u00eda Mundial del Agua"},"content":{"rendered":"<p><i><span style=\"font-weight: 400;\">El <\/span><\/i><b><i>22 de Marzo se celebra el\u00a0D\u00eda Mundial del Agua<\/i><\/b><i><span style=\"font-weight: 400;\">. Esta fecha fue adoptada por la\u00a0<\/span><\/i><i><span style=\"font-weight: 400;\">Asamblea General de las Naciones Unidas<\/span><\/i><i><span style=\"font-weight: 400;\">\u00a0en el a\u00f1o 1992. Su objetivo es concientizar acerca de la crisis general mundial del agua y sobre la necesidad de implementar urgentes soluciones para resolver esta crisis que afecta a miles de millones de personas y al planeta en su totalidad. El agua es vida. La vida se encuentra amenazada.<\/span><\/i><\/p>\n<p><span style=\"font-weight: 400;\">REHUNO Salud celebra el D\u00eda Internacional del Agua sumando su voz a la de millones de personas y organizaciones que reclaman respuestas y acciones urgentes para revertir la crisis general sobre este tema.<\/span><\/p>\n<p><span style=\"font-weight: 400;\">El agua es s\u00edmbolo de vida. El 60% de nuestro cuerpo es agua. El 70% de la superficie del planeta est\u00e1 cubierta de agua. Las diferentes culturas y la historia de la humanidad nos muestran al agua como s\u00edmbolo, reflejo y sustento de lo que ocurre con la vida y su evoluci\u00f3n en el planeta.<\/span><\/p>\n<p><span style=\"font-weight: 400;\">Desde REHUNO, en diferentes notas, hemos querido mostrar las condiciones de violencia social que implica la crisis del agua.\u00a0<\/span><\/p>\n<ul>\n<li><span style=\"font-weight: 400;\">En la <\/span><a href=\"https:\/\/www.pressenza.com\/es\/2019\/07\/una-de-cada-tres-personas-en-el-mundo-no-tiene-acceso-al-agua-potable-segun-%e2%80%8eunicef-y-la-oms\/\"><span style=\"font-weight: 400;\">primera <\/span><\/a><span style=\"font-weight: 400;\">nota denunciamos la situaci\u00f3n actual donde un tercio de la poblaci\u00f3n mundial no tiene acceso al agua potable y se calcula que en el a\u00f1o 2050 esta situaci\u00f3n alcanzar\u00e1 al 50% de la poblaci\u00f3n mundial con el aumento de las enfermedades, hambrunas y muertes asociadas.\u00a0<\/span><span style=\"font-weight: 400;\">\u00a0<\/span><\/li>\n<\/ul>\n<ul>\n<li><span style=\"font-weight: 400;\">En la<\/span><a href=\"https:\/\/www.pressenza.com\/es\/2019\/08\/agua-2-sistema-que-convierte-agua-salada-en-potable-puede-cambiar-la-vida-de-3-000-millones-de-personas\/\"><span style=\"font-weight: 400;\"> segunda<\/span><\/a><span style=\"font-weight: 400;\"> nota presentamos soluciones inmediatas y probadas para resolver el acceso al agua potable basadas en la conversi\u00f3n de agua salada.<\/span><\/li>\n<\/ul>\n<ul>\n<li><span style=\"font-weight: 400;\">En la <\/span><a href=\"https:\/\/rehunosalud.org\/agua-3-agua-potable-vs-armamento-humanizar-la-salud-o-financiar-la-guerra-que-eligen-los-gobiernos\/\"><span style=\"font-weight: 400;\">tercera<\/span><\/a><span style=\"font-weight: 400;\">\u00a0 nota denunciamos la monstruosa relaci\u00f3n de los presupuestos asignados por los pa\u00edses para financiar gastos en armamentos y guerra versus los asignados para resolver los problemas de acceso a la salud y m\u00e1s precisamente al agua potable:\u00a0 \u201cPresupuestos para la muerte vs. Presupuestos para la Vida\u201d.\u00a0<\/span><\/li>\n<\/ul>\n<p><span style=\"font-weight: 400;\">Pero bien, esto que mostramos no es nuevo. Millones de personas levantan voces y reclamos similares en todas las latitudes del planeta. Parece no ser suficiente. \u00bfSe puede revertir esta tendencia? \u00bfEs posible una transformaci\u00f3n profunda de esta situaci\u00f3n? \u00bfCu\u00e1l es la ra\u00edz de este problema? <\/span><\/p>\n<p><span style=\"font-weight: 400;\">No es un problema pol\u00edtico o geopol\u00edtico, tampoco cultural, ni \u00e9tnico. La ra\u00edz del problema se basa en el valor fundamental que alimenta el sistema social mundial actual: el dinero, el poder del dinero, el \u201cmito\u201d del dinero. Ese mito fundamental que ilusiona a la sociedad como s\u00edmbolo de poder, de consumo, de permanencia, de violencia.\u00a0<\/span><\/p>\n<p><span style=\"font-weight: 400;\">La soluci\u00f3n de los problemas ecol\u00f3gicos fundamentales (entre ellos los referidos al agua) se resolver\u00edan progresivamente en un per\u00edodo de 30 a 50 a\u00f1os si la sociedad mundial destinara los recursos econ\u00f3micos y tecnol\u00f3gicos (ya existentes) para su prioritaria soluci\u00f3n.<\/span><\/p>\n<p><span style=\"font-weight: 400;\">\u00bfEs esto posible? Si.\u00a0 \u00bfEs una utop\u00eda? Tal vez.<\/span><\/p>\n<blockquote><p><span style=\"font-weight: 400;\">La ca\u00edda o transformaci\u00f3n de un \u201cmito\u201d como el actual del dinero no llegar\u00e1 por discusiones pol\u00edticas. S\u00f3lo ser\u00e1 posible si la sociedad comienza a alimentar e impulsar una nueva esperanza, un nuevo horizonte social, superador de la violencia y del sufrimiento actual.\u00a0<\/span><\/p>\n<p><span style=\"font-weight: 400;\">\u00bfQu\u00e9 utop\u00eda, qu\u00e9 nuevo \u201cmito\u201d alimentar\u00e1 esta esperanza?\u00a0 <\/span><b>Sin lugar a dudas que uno es encaminarse (directa o indirectamente) a la constituci\u00f3n de una \u201cNaci\u00f3n Humana Universal\u201d<\/b><span style=\"font-weight: 400;\"> que priorice el bienestar humano sin ante-predicativos econ\u00f3micos, regionales, \u00e9tnicos, ni culturales. <\/span><b>Un planeta, una sola naci\u00f3n, una sola sociedad mundial<\/b><span style=\"font-weight: 400;\">.<\/span><\/p><\/blockquote>\n<p><span style=\"font-weight: 400;\">En este <\/span><b>22 de Marzo, D\u00eda Mundial del Agua<\/b><span style=\"font-weight: 400;\">, levantemos nuestra voz para reclamar la superaci\u00f3n de esta crisis del agua que afecta al planeta. Al mismo tiempo, elevemos la mirada y alimentemos en nuestros corazones ese ideal que anida en el interior de millones de personas: la constituci\u00f3n de una Naci\u00f3n Humana Universal. Desde esta nueva perspectiva toda respuesta y toda soluci\u00f3n a los problemas ecol\u00f3gicos y ambientales actuales ser\u00e1 m\u00e1s f\u00e1cil\u2026 ser\u00e1 posible.<\/span><\/p>\n<p><a href=\"http:\/\/www.rehunosalud.org\"><b>REHUNO Salud<\/b><span style=\"font-weight: 400;\">\u00a0\u00a0<\/span><\/a><\/p>\n<p><a href=\"mailto:rehuno.salud@gmail.com\"><span style=\"font-weight: 400;\">rehuno.salud<\/span><span style=\"font-weight: 400;\">@<\/span><span style=\"font-weight: 400;\">gmail.com<\/span><\/a><\/p>\n<p>&nbsp;<\/p>\n","protected":false},"excerpt":{"rendered":"<p>El 22 de Marzo se celebra el\u00a0D\u00eda Mundial del Agua. Esta fecha fue adoptada por la\u00a0Asamblea General de las Naciones Unidas\u00a0en el a\u00f1o 1992. Su objetivo es concientizar acerca de la crisis general mundial del agua y sobre la necesidad&hellip;<\/p>\n","protected":false},"author":1680,"featured_media":1548653,"comment_status":"closed","ping_status":"closed","sticky":false,"template":"","format":"standard","meta":{"footnotes":""},"categories":[79,78,39,1239],"tags":[46321,37376,35987,15571,91585],"class_list":["post-1548648","post","type-post","status-publish","format-standard","has-post-thumbnail","hentry","category-derechos-humanos","category-medio-ambiente-ecologia","category-internacional","category-salud","tag-agua-publica","tag-derecho-al-agua","tag-dia-mundial-del-agua","tag-nacion-humana-universal","tag-rehuno-salud"],"yoast_head":"<!-- This site is optimized with the Yoast SEO plugin v27.1.1 - https:\/\/yoast.com\/product\/yoast-seo-wordpress\/ -->\n<title>D\u00eda Mundial del Agua<\/title>\n<meta name=\"description\" content=\"El 22 de Marzo se celebra el\u00a0D\u00eda Mundial del Agua. Esta fecha fue adoptada por la\u00a0Asamblea General de las Naciones Unidas\u00a0en el a\u00f1o 1992. Su objetivo es\" \/>\n<meta name=\"robots\" content=\"index, follow, max-snippet:-1, max-image-preview:large, max-video-preview:-1\" \/>\n<link rel=\"canonical\" href=\"https:\/\/www.pressenza.com\/es\/2022\/03\/dia-mundial-del-agua-2\/\" \/>\n<meta property=\"og:locale\" content=\"es_ES\" \/>\n<meta property=\"og:type\" content=\"article\" \/>\n<meta property=\"og:title\" content=\"D\u00eda Mundial del Agua\" \/>\n<meta property=\"og:description\" content=\"El 22 de Marzo se celebra el\u00a0D\u00eda Mundial del Agua. Esta fecha fue adoptada por la\u00a0Asamblea General de las Naciones Unidas\u00a0en el a\u00f1o 1992. Su objetivo es\" \/>\n<meta property=\"og:url\" content=\"https:\/\/www.pressenza.com\/es\/2022\/03\/dia-mundial-del-agua-2\/\" \/>\n<meta property=\"og:site_name\" content=\"Pressenza\" \/>\n<meta property=\"article:publisher\" content=\"https:\/\/www.facebook.com\/PressenzaItalia\" \/>\n<meta property=\"article:author\" content=\"https:\/\/www.facebook.com\/rehunosalud\/\" \/>\n<meta property=\"article:published_time\" content=\"2022-03-22T04:15:36+00:00\" \/>\n<meta property=\"og:image\" content=\"https:\/\/www.pressenza.com\/wp-content\/uploads\/2022\/03\/drop-of-water-g5d5a10109_1920.jpg\" \/>\n\t<meta property=\"og:image:width\" content=\"1920\" \/>\n\t<meta property=\"og:image:height\" content=\"1280\" \/>\n\t<meta property=\"og:image:type\" content=\"image\/jpeg\" \/>\n<meta name=\"author\" content=\"REHUNO - Red Humanista de Noticias en Salud\" \/>\n<meta name=\"twitter:card\" content=\"summary_large_image\" \/>\n<meta name=\"twitter:creator\" content=\"@PressenzaIPA\" \/>\n<meta name=\"twitter:site\" content=\"@PressenzaIPA\" \/>\n<meta name=\"twitter:label1\" content=\"Escrito por\" \/>\n\t<meta name=\"twitter:data1\" content=\"REHUNO - Red Humanista de Noticias en Salud\" \/>\n\t<meta name=\"twitter:label2\" content=\"Tiempo de lectura\" \/>\n\t<meta name=\"twitter:data2\" content=\"3 minutos\" \/>\n<script type=\"application\/ld+json\" class=\"yoast-schema-graph\">{\"@context\":\"https:\/\/schema.org\",\"@graph\":[{\"@type\":\"Article\",\"@id\":\"https:\/\/www.pressenza.com\/es\/2022\/03\/dia-mundial-del-agua-2\/#article\",\"isPartOf\":{\"@id\":\"https:\/\/www.pressenza.com\/es\/2022\/03\/dia-mundial-del-agua-2\/\"},\"author\":{\"name\":\"REHUNO - Red Humanista de Noticias en Salud\",\"@id\":\"https:\/\/www.pressenza.com\/es\/#\/schema\/person\/5162be2bf75419d7e91acfc2c50c3870\"},\"headline\":\"D\u00eda Mundial del Agua\",\"datePublished\":\"2022-03-22T04:15:36+00:00\",\"mainEntityOfPage\":{\"@id\":\"https:\/\/www.pressenza.com\/es\/2022\/03\/dia-mundial-del-agua-2\/\"},\"wordCount\":670,\"publisher\":{\"@id\":\"https:\/\/www.pressenza.com\/es\/#organization\"},\"image\":{\"@id\":\"https:\/\/www.pressenza.com\/es\/2022\/03\/dia-mundial-del-agua-2\/#primaryimage\"},\"thumbnailUrl\":\"https:\/\/www.pressenza.com\/wp-content\/uploads\/2022\/03\/drop-of-water-g5d5a10109_1920.jpg\",\"keywords\":[\"agua p\u00fablica\",\"derecho al agua\",\"D\u00eda Mundial del Agua\",\"Naci\u00f3n Humana Universal\",\"Rehuno Salud\"],\"articleSection\":[\"Derechos Humanos\",\"Ecolog\u00eda y Medio Ambiente\",\"Internacional\",\"Salud\"],\"inLanguage\":\"es\"},{\"@type\":\"WebPage\",\"@id\":\"https:\/\/www.pressenza.com\/es\/2022\/03\/dia-mundial-del-agua-2\/\",\"url\":\"https:\/\/www.pressenza.com\/es\/2022\/03\/dia-mundial-del-agua-2\/\",\"name\":\"D\u00eda Mundial del Agua\",\"isPartOf\":{\"@id\":\"https:\/\/www.pressenza.com\/es\/#website\"},\"primaryImageOfPage\":{\"@id\":\"https:\/\/www.pressenza.com\/es\/2022\/03\/dia-mundial-del-agua-2\/#primaryimage\"},\"image\":{\"@id\":\"https:\/\/www.pressenza.com\/es\/2022\/03\/dia-mundial-del-agua-2\/#primaryimage\"},\"thumbnailUrl\":\"https:\/\/www.pressenza.com\/wp-content\/uploads\/2022\/03\/drop-of-water-g5d5a10109_1920.jpg\",\"datePublished\":\"2022-03-22T04:15:36+00:00\",\"description\":\"El 22 de Marzo se celebra el\u00a0D\u00eda Mundial del Agua. Esta fecha fue adoptada por la\u00a0Asamblea General de las Naciones Unidas\u00a0en el a\u00f1o 1992. Su objetivo es\",\"breadcrumb\":{\"@id\":\"https:\/\/www.pressenza.com\/es\/2022\/03\/dia-mundial-del-agua-2\/#breadcrumb\"},\"inLanguage\":\"es\",\"potentialAction\":[{\"@type\":\"ReadAction\",\"target\":[\"https:\/\/www.pressenza.com\/es\/2022\/03\/dia-mundial-del-agua-2\/\"]}]},{\"@type\":\"ImageObject\",\"inLanguage\":\"es\",\"@id\":\"https:\/\/www.pressenza.com\/es\/2022\/03\/dia-mundial-del-agua-2\/#primaryimage\",\"url\":\"https:\/\/www.pressenza.com\/wp-content\/uploads\/2022\/03\/drop-of-water-g5d5a10109_1920.jpg\",\"contentUrl\":\"https:\/\/www.pressenza.com\/wp-content\/uploads\/2022\/03\/drop-of-water-g5d5a10109_1920.jpg\",\"width\":1920,\"height\":1280},{\"@type\":\"BreadcrumbList\",\"@id\":\"https:\/\/www.pressenza.com\/es\/2022\/03\/dia-mundial-del-agua-2\/#breadcrumb\",\"itemListElement\":[{\"@type\":\"ListItem\",\"position\":1,\"name\":\"Accueil\",\"item\":\"https:\/\/www.pressenza.com\/es\/\"},{\"@type\":\"ListItem\",\"position\":2,\"name\":\"D\u00eda Mundial del Agua\"}]},{\"@type\":\"WebSite\",\"@id\":\"https:\/\/www.pressenza.com\/es\/#website\",\"url\":\"https:\/\/www.pressenza.com\/es\/\",\"name\":\"Pressenza\",\"description\":\"International Press Agency\",\"publisher\":{\"@id\":\"https:\/\/www.pressenza.com\/es\/#organization\"},\"potentialAction\":[{\"@type\":\"SearchAction\",\"target\":{\"@type\":\"EntryPoint\",\"urlTemplate\":\"https:\/\/www.pressenza.com\/es\/?s={search_term_string}\"},\"query-input\":{\"@type\":\"PropertyValueSpecification\",\"valueRequired\":true,\"valueName\":\"search_term_string\"}}],\"inLanguage\":\"es\"},{\"@type\":\"Organization\",\"@id\":\"https:\/\/www.pressenza.com\/es\/#organization\",\"name\":\"Pressenza\",\"url\":\"https:\/\/www.pressenza.com\/es\/\",\"logo\":{\"@type\":\"ImageObject\",\"inLanguage\":\"es\",\"@id\":\"https:\/\/www.pressenza.com\/es\/#\/schema\/logo\/image\/\",\"url\":\"https:\/\/www.pressenza.com\/wp-content\/uploads\/2022\/10\/pressenza_logo_200x200.jpg\",\"contentUrl\":\"https:\/\/www.pressenza.com\/wp-content\/uploads\/2022\/10\/pressenza_logo_200x200.jpg\",\"width\":200,\"height\":200,\"caption\":\"Pressenza\"},\"image\":{\"@id\":\"https:\/\/www.pressenza.com\/es\/#\/schema\/logo\/image\/\"},\"sameAs\":[\"https:\/\/www.facebook.com\/PressenzaItalia\",\"https:\/\/x.com\/PressenzaIPA\"]},{\"@type\":\"Person\",\"@id\":\"https:\/\/www.pressenza.com\/es\/#\/schema\/person\/5162be2bf75419d7e91acfc2c50c3870\",\"name\":\"REHUNO - Red Humanista de Noticias en Salud\",\"description\":\"REHUNO is a group of volunteers from different countries, health professionals and\/or users of health services, who want to give voice to a \\\"humanizing view\\\" of health systems from a broad and comprehensive perspective. REHUNO wants to put into words and images the positive news that needs to be highlighted and the negative news that needs to be denounced and happening on a daily basis.http:\/\/rehunosalud.org\/\",\"sameAs\":[\"http:\/\/rehunosalud.org\/\",\"https:\/\/www.facebook.com\/rehunosalud\/\"],\"url\":\"https:\/\/www.pressenza.com\/es\/author\/rehuno\/\"}]}<\/script>\n<!-- \/ Yoast SEO plugin. -->","yoast_head_json":{"title":"D\u00eda Mundial del Agua","description":"El 22 de Marzo se celebra el\u00a0D\u00eda Mundial del Agua. Esta fecha fue adoptada por la\u00a0Asamblea General de las Naciones Unidas\u00a0en el a\u00f1o 1992. Su objetivo es","robots":{"index":"index","follow":"follow","max-snippet":"max-snippet:-1","max-image-preview":"max-image-preview:large","max-video-preview":"max-video-preview:-1"},"canonical":"https:\/\/www.pressenza.com\/es\/2022\/03\/dia-mundial-del-agua-2\/","og_locale":"es_ES","og_type":"article","og_title":"D\u00eda Mundial del Agua","og_description":"El 22 de Marzo se celebra el\u00a0D\u00eda Mundial del Agua. Esta fecha fue adoptada por la\u00a0Asamblea General de las Naciones Unidas\u00a0en el a\u00f1o 1992. Su objetivo es","og_url":"https:\/\/www.pressenza.com\/es\/2022\/03\/dia-mundial-del-agua-2\/","og_site_name":"Pressenza","article_publisher":"https:\/\/www.facebook.com\/PressenzaItalia","article_author":"https:\/\/www.facebook.com\/rehunosalud\/","article_published_time":"2022-03-22T04:15:36+00:00","og_image":[{"width":1920,"height":1280,"url":"https:\/\/www.pressenza.com\/wp-content\/uploads\/2022\/03\/drop-of-water-g5d5a10109_1920.jpg","type":"image\/jpeg"}],"author":"REHUNO - Red Humanista de Noticias en Salud","twitter_card":"summary_large_image","twitter_creator":"@PressenzaIPA","twitter_site":"@PressenzaIPA","twitter_misc":{"Escrito por":"REHUNO - Red Humanista de Noticias en Salud","Tiempo de lectura":"3 minutos"},"schema":{"@context":"https:\/\/schema.org","@graph":[{"@type":"Article","@id":"https:\/\/www.pressenza.com\/es\/2022\/03\/dia-mundial-del-agua-2\/#article","isPartOf":{"@id":"https:\/\/www.pressenza.com\/es\/2022\/03\/dia-mundial-del-agua-2\/"},"author":{"name":"REHUNO - Red Humanista de Noticias en Salud","@id":"https:\/\/www.pressenza.com\/es\/#\/schema\/person\/5162be2bf75419d7e91acfc2c50c3870"},"headline":"D\u00eda Mundial del Agua","datePublished":"2022-03-22T04:15:36+00:00","mainEntityOfPage":{"@id":"https:\/\/www.pressenza.com\/es\/2022\/03\/dia-mundial-del-agua-2\/"},"wordCount":670,"publisher":{"@id":"https:\/\/www.pressenza.com\/es\/#organization"},"image":{"@id":"https:\/\/www.pressenza.com\/es\/2022\/03\/dia-mundial-del-agua-2\/#primaryimage"},"thumbnailUrl":"https:\/\/www.pressenza.com\/wp-content\/uploads\/2022\/03\/drop-of-water-g5d5a10109_1920.jpg","keywords":["agua p\u00fablica","derecho al agua","D\u00eda Mundial del Agua","Naci\u00f3n Humana Universal","Rehuno Salud"],"articleSection":["Derechos Humanos","Ecolog\u00eda y Medio Ambiente","Internacional","Salud"],"inLanguage":"es"},{"@type":"WebPage","@id":"https:\/\/www.pressenza.com\/es\/2022\/03\/dia-mundial-del-agua-2\/","url":"https:\/\/www.pressenza.com\/es\/2022\/03\/dia-mundial-del-agua-2\/","name":"D\u00eda Mundial del Agua","isPartOf":{"@id":"https:\/\/www.pressenza.com\/es\/#website"},"primaryImageOfPage":{"@id":"https:\/\/www.pressenza.com\/es\/2022\/03\/dia-mundial-del-agua-2\/#primaryimage"},"image":{"@id":"https:\/\/www.pressenza.com\/es\/2022\/03\/dia-mundial-del-agua-2\/#primaryimage"},"thumbnailUrl":"https:\/\/www.pressenza.com\/wp-content\/uploads\/2022\/03\/drop-of-water-g5d5a10109_1920.jpg","datePublished":"2022-03-22T04:15:36+00:00","description":"El 22 de Marzo se celebra el\u00a0D\u00eda Mundial del Agua. Esta fecha fue adoptada por la\u00a0Asamblea General de las Naciones Unidas\u00a0en el a\u00f1o 1992. Su objetivo es","breadcrumb":{"@id":"https:\/\/www.pressenza.com\/es\/2022\/03\/dia-mundial-del-agua-2\/#breadcrumb"},"inLanguage":"es","potentialAction":[{"@type":"ReadAction","target":["https:\/\/www.pressenza.com\/es\/2022\/03\/dia-mundial-del-agua-2\/"]}]},{"@type":"ImageObject","inLanguage":"es","@id":"https:\/\/www.pressenza.com\/es\/2022\/03\/dia-mundial-del-agua-2\/#primaryimage","url":"https:\/\/www.pressenza.com\/wp-content\/uploads\/2022\/03\/drop-of-water-g5d5a10109_1920.jpg","contentUrl":"https:\/\/www.pressenza.com\/wp-content\/uploads\/2022\/03\/drop-of-water-g5d5a10109_1920.jpg","width":1920,"height":1280},{"@type":"BreadcrumbList","@id":"https:\/\/www.pressenza.com\/es\/2022\/03\/dia-mundial-del-agua-2\/#breadcrumb","itemListElement":[{"@type":"ListItem","position":1,"name":"Accueil","item":"https:\/\/www.pressenza.com\/es\/"},{"@type":"ListItem","position":2,"name":"D\u00eda Mundial del Agua"}]},{"@type":"WebSite","@id":"https:\/\/www.pressenza.com\/es\/#website","url":"https:\/\/www.pressenza.com\/es\/","name":"Pressenza","description":"International Press Agency","publisher":{"@id":"https:\/\/www.pressenza.com\/es\/#organization"},"potentialAction":[{"@type":"SearchAction","target":{"@type":"EntryPoint","urlTemplate":"https:\/\/www.pressenza.com\/es\/?s={search_term_string}"},"query-input":{"@type":"PropertyValueSpecification","valueRequired":true,"valueName":"search_term_string"}}],"inLanguage":"es"},{"@type":"Organization","@id":"https:\/\/www.pressenza.com\/es\/#organization","name":"Pressenza","url":"https:\/\/www.pressenza.com\/es\/","logo":{"@type":"ImageObject","inLanguage":"es","@id":"https:\/\/www.pressenza.com\/es\/#\/schema\/logo\/image\/","url":"https:\/\/www.pressenza.com\/wp-content\/uploads\/2022\/10\/pressenza_logo_200x200.jpg","contentUrl":"https:\/\/www.pressenza.com\/wp-content\/uploads\/2022\/10\/pressenza_logo_200x200.jpg","width":200,"height":200,"caption":"Pressenza"},"image":{"@id":"https:\/\/www.pressenza.com\/es\/#\/schema\/logo\/image\/"},"sameAs":["https:\/\/www.facebook.com\/PressenzaItalia","https:\/\/x.com\/PressenzaIPA"]},{"@type":"Person","@id":"https:\/\/www.pressenza.com\/es\/#\/schema\/person\/5162be2bf75419d7e91acfc2c50c3870","name":"REHUNO - Red Humanista de Noticias en Salud","description":"REHUNO is a group of volunteers from different countries, health professionals and\/or users of health services, who want to give voice to a \"humanizing view\" of health systems from a broad and comprehensive perspective. REHUNO wants to put into words and images the positive news that needs to be highlighted and the negative news that needs to be denounced and happening on a daily basis.http:\/\/rehunosalud.org\/","sameAs":["http:\/\/rehunosalud.org\/","https:\/\/www.facebook.com\/rehunosalud\/"],"url":"https:\/\/www.pressenza.com\/es\/author\/rehuno\/"}]}},"place":"Buenos Aires( Argentina)","original_article_url":"","_links":{"self":[{"href":"https:\/\/www.pressenza.com\/es\/wp-json\/wp\/v2\/posts\/1548648","targetHints":{"allow":["GET"]}}],"collection":[{"href":"https:\/\/www.pressenza.com\/es\/wp-json\/wp\/v2\/posts"}],"about":[{"href":"https:\/\/www.pressenza.com\/es\/wp-json\/wp\/v2\/types\/post"}],"author":[{"embeddable":true,"href":"https:\/\/www.pressenza.com\/es\/wp-json\/wp\/v2\/users\/1680"}],"replies":[{"embeddable":true,"href":"https:\/\/www.pressenza.com\/es\/wp-json\/wp\/v2\/comments?post=1548648"}],"version-history":[{"count":0,"href":"https:\/\/www.pressenza.com\/es\/wp-json\/wp\/v2\/posts\/1548648\/revisions"}],"wp:featuredmedia":[{"embeddable":true,"href":"https:\/\/www.pressenza.com\/es\/wp-json\/wp\/v2\/media\/1548653"}],"wp:attachment":[{"href":"https:\/\/www.pressenza.com\/es\/wp-json\/wp\/v2\/media?parent=1548648"}],"wp:term":[{"taxonomy":"category","embeddable":true,"href":"https:\/\/www.pressenza.com\/es\/wp-json\/wp\/v2\/categories?post=1548648"},{"taxonomy":"post_tag","embeddable":true,"href":"https:\/\/www.pressenza.com\/es\/wp-json\/wp\/v2\/tags?post=1548648"}],"curies":[{"name":"wp","href":"https:\/\/api.w.org\/{rel}","templated":true}]}}