{"id":1547829,"date":"2022-04-03T03:30:36","date_gmt":"2022-04-03T02:30:36","guid":{"rendered":"https:\/\/www.pressenza.com\/?p=1547829"},"modified":"2022-04-02T23:31:57","modified_gmt":"2022-04-02T22:31:57","slug":"cerrar-una-casa","status":"publish","type":"post","link":"https:\/\/www.pressenza.com\/es\/2022\/04\/cerrar-una-casa\/","title":{"rendered":"Cerrar una casa"},"content":{"rendered":"<p><span id=\"m_-9055588211822602192gmail-docs-internal-guid-449c3fa7-7fff-2e53-6d19-8aa97b2f7790\">La casa en Monte Chingolo era inmensa: dos habitaciones grandes, una con altillo, una cocina con horno industrial como para que almuerce una familia entera, living comedor con sillones de tapizados viejos, jard\u00edn con patio que la conectaba a otra construcci\u00f3n que pertenec\u00eda a la misma casa pero pod\u00eda coexistir de forma independiente. Esa otra casa ten\u00eda dos habitaciones m\u00e1s, una cocina m\u00e1s peque\u00f1a que la de adelante pero vajilla de plata heredada, s\u00f3tano en vez de altillo con herramientas para el jard\u00edn \u2014parece que cincuenta a\u00f1os antes de tirar cemento sobre el pasto\u00a0 hab\u00eda crecido un manzano\u2014, otro living con espejos que ocupaban toda la pared y un cuartito que \u2014hace tiempo ya\u2014 estaba repleto de ata\u00fades. El marido de mi vieja parece que se dedicaba al comercio de productos para los servicios f\u00fanebres, cruces de maderas, ata\u00fades de diferentes tama\u00f1os, bolsas para los crematorios, costuras diversas, eran algunos elementos que hab\u00eda encontrado esa tarde cuando llegu\u00e9 al barrio, despu\u00e9s de diez a\u00f1os de vivir en el exterior. El barrio siempre era el mismo, el 266 me dejo en la esquina \u2014como cuando volv\u00eda del colegio\u2014, en la esquina de la loter\u00eda Nacional \u2014donde sent\u00ed por primera vez el peso de un cuchillo en la garganta cuando me quisieron chorear cuando volv\u00eda del colegio\u2014, en la esquina de la loter\u00eda Nacional al lado de la casa de Do\u00f1a Memi, la se\u00f1ora a la que se le hab\u00eda ca\u00eddo el \u00fatero como dec\u00eda mi vieja \u2014donde merendaba unas vainillas con chocolatada cuando volv\u00eda del colegio\u2014. En la esquina de la Loter\u00eda Nacional al lado de la casa de Do\u00f1a Memi paraba el hist\u00f3rico 266 bord\u00f3 pero esta vez no volv\u00eda del colegio. De alg\u00fan espacio temporal de aprendizaje, s\u00ed, pero del colegio ya me hab\u00eda egresado hace m\u00e1s de treinta a\u00f1os. Un accidente temporal, discusiones eternas, violencia de por medio, adicciones, uno o dos gritos y un pedregoso camino de permanencia en el barrio me hicieron despedirme \u2014cre\u00ed\u2014 que por siempre. Pero, ahora, que viv\u00eda en Caballito, en mi propio departamento amueblado y casi habi\u00e9ndome olvidado de donde crec\u00ed, me llama la vecina de la casa de mis abuelos ya fallecidos, para avisarme que mi vieja no sal\u00eda con el auto hace d\u00edas como todas las ma\u00f1anas para ir al colegio. Y \u00bfal marido?, ese que vende mortajas para las casas velatorias, \u00bfa ese lo vieron? Lo vimos irse con la camioneta hace una semana, me contest\u00f3 con voz entrecortada Laura, pobre, quiso llamarme por mi nombre pero ya no se acordaba, hab\u00eda pasado tanto ya. Eras traviesas de chiquita, \u00bfeh?, se te extra\u00f1\u00f3 por ac\u00e1, me dijo antes de cortar la comunicaci\u00f3n. Mi tel\u00e9fono se lo hab\u00eda pasado mi vieja por si hab\u00eda \u201calguna urgencia\u201d. \u00bfAcaso durante m\u00e1s de diez a\u00f1os no hubo alguna urgencia? \u00bfPor qu\u00e9 hoy, ahora, esta semana, la iba a haber? Colgu\u00e9 el tel\u00e9fono, me puse un abrigo, agarr\u00e9 las llaves, plata y me guard\u00e9 un tramontina en el bolso, no me iba a servir para nada pero a mi mente seguro la calmaba; me tom\u00e9 un subte, un colectivo, un tren y el hist\u00f3rico 266 y me estaba bajando en la esquina de la Loter\u00eda Nacional, caminando por la cuadra donde me hab\u00eda criado, con sus mismos \u00e1rboles en la vereda, con la misma puerta de la misma casa donde se juntaban a paquearse los pibes del barrio, con sus paredes pintadas con el Granate, con la casa de Laura entera y a pedazos pero devenida en lavadero. Golpe\u00e9 las manos, unos banderines me escoltaban sobre la cabeza, unos perros ladran hasta que sali\u00f3 Laura. Treinta a\u00f1os no es nada: los ojos le segu\u00edan brillando como cuando festej\u00e1bamos las Navidades en casa y hab\u00eda tomado un poco de sidra de m\u00e1s. Me dio un abrazo fuerte. Pero, \u00a1que grande est\u00e1s, che! \u00a1Y tan linda como siempre!, yo ya no pod\u00eda escucharla, busc\u00f3 en el bolsillo la copia de la llave de la casa de mi vieja que ella siempre hab\u00eda tenido \u201cpor seguridad\u201d, no se hab\u00eda animado a entrar ante tanto silencio. Tu mam\u00e1 siempre prend\u00eda la tele y la radio a la noche en la casa de tu abuela y las luces del garage, pero hace rato no escucho ni las veo prendidas, estoy preocupada. \u00bfPor qu\u00e9 no llamaste a la polic\u00eda en vez de a m\u00ed? le dije bajito pero con un poco de rencor. No s\u00e9, me dijo y agach\u00f3 la cabeza,\u00a0 se sent\u00eda culpable por ser casi una t\u00eda, por haberme criado, por haber visto todo lo que vio o presinti\u00f3 en cada grito, en cada discusi\u00f3n nocturna, en cada ida y venida, en cada noche pero que call\u00f3, que prefiri\u00f3 guardar en la intimidad de su mente, de su casa, callar, no preguntar, callar, indignarse secretamente, callar, esperar a que las cosas cambien, se muevan, cambien, callar y esperar en el barrio, con la traba bien puesta en la puerta de entrada, como hab\u00eda sido toda la vida. Por eso me hab\u00eda ido de ese barrio de mierda, por mujeres como ellas, yo sab\u00eda que no quer\u00eda ser como Laura. Con las llaves en la mano, entr\u00e9 en la casa por la entrada principal, reja verde, dos vueltas, una leve inclinaci\u00f3n hacia adentro, como siempre, hay movimientos que nunca cambian \u2014como cuando me hab\u00edan ense\u00f1ado a abrir la puerta porque iba a tener que volver del colegio sola\u2014, sub\u00ed las escaleritas de la entrada hasta cruzar el umbral de la puerta del living. Apret\u00e9 el tramontina de la cartera. Mam\u00e1, soy yo, volv\u00ed a verte. Mam\u00e1, permiso, \u00bfest\u00e1s? El nudo en la garganta se volv\u00eda duro y apretaba \u2014como cuando era chica y volv\u00eda del colegio pero no hab\u00eda nadie en la casa\u2014, tembl\u00e9 un poco. Los sillones con sus tapizados m\u00e1s viejos que en el recuerdo, las persianas entreabiertas, la luz se filtraba y ve\u00eda la cocina con los platos sucios en la bacha, ac\u00e1 alguien hab\u00eda comido y se hab\u00eda ido sin lavar, era obvio. Mosquitas alrededor sab\u00edan que hab\u00eda sido hace varios d\u00edas. Los libros tirados en el piso del cuarto de mam\u00e1 \u2014como cuando era chica y me pon\u00eda a leerlos sentada como \u201cindio\u201d\u2014 hab\u00edan cambiado de t\u00edtulos, poetas yankis que no conoc\u00eda y un manual de cocina vegetariana. La cadena del ba\u00f1o perd\u00eda, \u00bfser\u00e1 que nunca la hab\u00edan terminado de arreglar? Hay cosas que nunca cambian. No me anim\u00e9 a entrar en mi cuarto, mam\u00e1, \u00bfest\u00e1s en casa?, soy yo, me temblaba la voz, hace muchos a\u00f1os que no la ve\u00eda, \u00bfad\u00f3nde se hab\u00eda ido si hab\u00eda jurado que iba a morir en esa casa? El coraz\u00f3n me iba marcando el ritmo de los pasos, abr\u00ed la puerta del patio, la orqu\u00eddea estaba marchitada, la tierra seca, las moscas invad\u00edan todo, siempre estaban esos insectos repugnantemente oscuros que visitaban las casas, mi mam\u00e1 las odiaba, no s\u00e9 por qu\u00e9 hab\u00eda dejado entrar a tantas esta vez y no hab\u00eda hecho nada \u2014\u00a1como cuando era chica y me mandaba a echarles Raid!\u2014. Ya ten\u00eda que acordar de respirar como me hab\u00edan ense\u00f1ado en el curso de meditaci\u00f3n, mam\u00e1, \u00bfest\u00e1s ah\u00ed? Si esta hija de puta se hab\u00eda escapado con el novio yo no me voy a hacer cargo de este caser\u00f3n, hecho pedazos, todo sucio, \u00bfsab\u00e9s lo que me va a costar tener que sacar toda esta basura que acumularon? Pate\u00e9 unas latas de cerveza, \u00bftomaba cerveza mi mam\u00e0? Como \u00fanica hija se le hubiera ocurrido que no tengo a nadie m\u00e1s para pedirle que saque todo esto, che. \u00bfNo podr\u00eda haberle avisado a Laura al menos que se iba a ir con ese tipo? Abr\u00ed la puerta de la casa de mi abuela con bronca, \u00bfpor qu\u00e9 tengo esta herencia de mierda si yo no la ped\u00ed? \u00bfPor qu\u00e9 tengo que venir a cerrar tus quilombitos? Se me cay\u00f3 un pedazo de mampara en la cabeza, la esquiv\u00e9 y me limpi\u00e9 el polvo de los hombros que me ensuciaba el abrigo nuevo, yo sab\u00eda que no me ten\u00eda que traer ropa nueva al barrio, siempre ac\u00e1 te ensuci\u00e1s, no queda otra, che. Entr\u00e9 a la cocina de mi abuela, estaba la mitad de la vajilla de plata, \u00bfse la habr\u00e1 llevado la vieja? \u2014como cuando era chica y la hab\u00edan querido vender porque no ten\u00eda guita para pagarme el colegio privado y cat\u00f3lico\u2014. Las cortinas del cuarto de la abuela estaban cerradas, la atm\u00f3sfera densa, se notaba que hace varios d\u00edas nadie ventilaba ese lugar, hab\u00eda un tufo a encierro pero denso, como un encierro que no conoc\u00eda pero apestaba, me mir\u00e9 en el espejo del living \u2014como cuando era chica y le tiraba morisquetas cuando pasaba\u2014, me vi tan parecida a mi mam\u00e1, pero yo no iba a ser como ella nunca, yo no me iba a casar con nadie, ni a regalarle mi vida a ning\u00fan hijo de puta, vino una baranda de ese tufo que me hizo dar arcadas, las bolsas mortuorias estaban apiladitas en los rincones del comedor, ac\u00e1 tiene el kiosquito ese forro, \u00bfpor qu\u00e9 no se paga una dep\u00f3sito en vez de usar la casa de la familia?, me faltaba ver el cuartito \u2014como cuando era chica y era el \u00faltimo lugar de la escondida a donde se iba a buscar porque era chiquito y estaba todo oscuro\u2014, el vaho era terrible, me tape la nariz, abr\u00ed la puerta, bolsas, mortajas, tapizados, cruces de madera, se me cayeron encima, me imped\u00edan el paso al cuarto, ya el olor me empezaba a marear, empec\u00e9 a sacarlas todas, a tirarlas por mi espalda, mientras sent\u00eda como mi garganta se cerraba del olor y del miedo \u2014como cuando era chica y no ven\u00edan a verme cuando gritaba por la noche\u2014, corr\u00ed un sill\u00f3n y una escultura de la Virgen que ten\u00eda encima y llegu\u00e9 a la perilla de la luz. La prend\u00ed y all\u00ed la v\u00ed: colgada del farol m\u00e1s alto de la casa, un cogote azul partido al medio, se desplegaba tu pelo color azabache, mam\u00e1, ya vine.<\/span><\/p>\n","protected":false},"excerpt":{"rendered":"<p>La casa en Monte Chingolo era inmensa: dos habitaciones grandes, una con altillo, una cocina con horno industrial como para que almuerce una familia entera, living comedor con sillones de tapizados viejos, jard\u00edn con patio que la conectaba a otra&hellip;<\/p>\n","protected":false},"author":2090,"featured_media":1547840,"comment_status":"closed","ping_status":"closed","sticky":false,"template":"","format":"standard","meta":{"footnotes":""},"categories":[11389,75,67],"tags":[100709,75295,18835],"class_list":["post-1547829","post","type-post","status-publish","format-standard","has-post-thumbnail","hentry","category-contenido-original","category-cultura-es","category-sudamerica","tag-cerrar-una-casa","tag-cuaderno-de-cultura","tag-cuento"],"yoast_head":"<!-- This site is optimized with the Yoast SEO plugin v27.1.1 - https:\/\/yoast.com\/product\/yoast-seo-wordpress\/ -->\n<title>Cerrar una casa<\/title>\n<meta name=\"description\" content=\"La casa en Monte Chingolo era inmensa: dos habitaciones grandes, una con altillo, una cocina con horno industrial como para que almuerce una familia\" \/>\n<meta name=\"robots\" content=\"index, follow, max-snippet:-1, max-image-preview:large, max-video-preview:-1\" \/>\n<link rel=\"canonical\" href=\"https:\/\/www.pressenza.com\/es\/2022\/04\/cerrar-una-casa\/\" \/>\n<meta property=\"og:locale\" content=\"es_ES\" \/>\n<meta property=\"og:type\" content=\"article\" \/>\n<meta property=\"og:title\" content=\"Cerrar una casa\" \/>\n<meta property=\"og:description\" content=\"La casa en Monte Chingolo era inmensa: dos habitaciones grandes, una con altillo, una cocina con horno industrial como para que almuerce una familia\" \/>\n<meta property=\"og:url\" content=\"https:\/\/www.pressenza.com\/es\/2022\/04\/cerrar-una-casa\/\" \/>\n<meta property=\"og:site_name\" content=\"Pressenza\" \/>\n<meta property=\"article:publisher\" content=\"https:\/\/www.facebook.com\/PressenzaItalia\" \/>\n<meta property=\"article:published_time\" content=\"2022-04-03T02:30:36+00:00\" \/>\n<meta property=\"og:image\" content=\"https:\/\/www.pressenza.com\/wp-content\/uploads\/2022\/03\/IMG_5057-Malena-Palla\u0301s.jpg\" \/>\n\t<meta property=\"og:image:width\" content=\"820\" \/>\n\t<meta property=\"og:image:height\" content=\"640\" \/>\n\t<meta property=\"og:image:type\" content=\"image\/jpeg\" \/>\n<meta name=\"author\" content=\"Malena Pall\u00e1s\" \/>\n<meta name=\"twitter:card\" content=\"summary_large_image\" \/>\n<meta name=\"twitter:creator\" content=\"@PressenzaIPA\" \/>\n<meta name=\"twitter:site\" content=\"@PressenzaIPA\" \/>\n<meta name=\"twitter:label1\" content=\"Escrito por\" \/>\n\t<meta name=\"twitter:data1\" content=\"Malena Pall\u00e1s\" \/>\n\t<meta name=\"twitter:label2\" content=\"Tiempo de lectura\" \/>\n\t<meta name=\"twitter:data2\" content=\"8 minutos\" \/>\n<script type=\"application\/ld+json\" class=\"yoast-schema-graph\">{\"@context\":\"https:\/\/schema.org\",\"@graph\":[{\"@type\":\"Article\",\"@id\":\"https:\/\/www.pressenza.com\/es\/2022\/04\/cerrar-una-casa\/#article\",\"isPartOf\":{\"@id\":\"https:\/\/www.pressenza.com\/es\/2022\/04\/cerrar-una-casa\/\"},\"author\":{\"name\":\"Malena Pall\u00e1s\",\"@id\":\"https:\/\/www.pressenza.com\/es\/#\/schema\/person\/f63ef55145799969781afcf7887e001e\"},\"headline\":\"Cerrar una casa\",\"datePublished\":\"2022-04-03T02:30:36+00:00\",\"mainEntityOfPage\":{\"@id\":\"https:\/\/www.pressenza.com\/es\/2022\/04\/cerrar-una-casa\/\"},\"wordCount\":1799,\"publisher\":{\"@id\":\"https:\/\/www.pressenza.com\/es\/#organization\"},\"image\":{\"@id\":\"https:\/\/www.pressenza.com\/es\/2022\/04\/cerrar-una-casa\/#primaryimage\"},\"thumbnailUrl\":\"https:\/\/www.pressenza.com\/wp-content\/uploads\/2022\/03\/IMG_5057-Malena-Palla\u0301s.jpg\",\"keywords\":[\"cerrar una casa\",\"cuaderno de cultura\",\"Cuento\"],\"articleSection\":[\"Contenido Original\",\"Cultura y Medios\",\"Sudam\u00e9rica\"],\"inLanguage\":\"es\"},{\"@type\":\"WebPage\",\"@id\":\"https:\/\/www.pressenza.com\/es\/2022\/04\/cerrar-una-casa\/\",\"url\":\"https:\/\/www.pressenza.com\/es\/2022\/04\/cerrar-una-casa\/\",\"name\":\"Cerrar una casa\",\"isPartOf\":{\"@id\":\"https:\/\/www.pressenza.com\/es\/#website\"},\"primaryImageOfPage\":{\"@id\":\"https:\/\/www.pressenza.com\/es\/2022\/04\/cerrar-una-casa\/#primaryimage\"},\"image\":{\"@id\":\"https:\/\/www.pressenza.com\/es\/2022\/04\/cerrar-una-casa\/#primaryimage\"},\"thumbnailUrl\":\"https:\/\/www.pressenza.com\/wp-content\/uploads\/2022\/03\/IMG_5057-Malena-Palla\u0301s.jpg\",\"datePublished\":\"2022-04-03T02:30:36+00:00\",\"description\":\"La casa en Monte Chingolo era inmensa: dos habitaciones grandes, una con altillo, una cocina con horno industrial como para que almuerce una familia\",\"breadcrumb\":{\"@id\":\"https:\/\/www.pressenza.com\/es\/2022\/04\/cerrar-una-casa\/#breadcrumb\"},\"inLanguage\":\"es\",\"potentialAction\":[{\"@type\":\"ReadAction\",\"target\":[\"https:\/\/www.pressenza.com\/es\/2022\/04\/cerrar-una-casa\/\"]}]},{\"@type\":\"ImageObject\",\"inLanguage\":\"es\",\"@id\":\"https:\/\/www.pressenza.com\/es\/2022\/04\/cerrar-una-casa\/#primaryimage\",\"url\":\"https:\/\/www.pressenza.com\/wp-content\/uploads\/2022\/03\/IMG_5057-Malena-Palla\u0301s.jpg\",\"contentUrl\":\"https:\/\/www.pressenza.com\/wp-content\/uploads\/2022\/03\/IMG_5057-Malena-Palla\u0301s.jpg\",\"width\":820,\"height\":640},{\"@type\":\"BreadcrumbList\",\"@id\":\"https:\/\/www.pressenza.com\/es\/2022\/04\/cerrar-una-casa\/#breadcrumb\",\"itemListElement\":[{\"@type\":\"ListItem\",\"position\":1,\"name\":\"Accueil\",\"item\":\"https:\/\/www.pressenza.com\/es\/\"},{\"@type\":\"ListItem\",\"position\":2,\"name\":\"Cerrar una casa\"}]},{\"@type\":\"WebSite\",\"@id\":\"https:\/\/www.pressenza.com\/es\/#website\",\"url\":\"https:\/\/www.pressenza.com\/es\/\",\"name\":\"Pressenza\",\"description\":\"International Press Agency\",\"publisher\":{\"@id\":\"https:\/\/www.pressenza.com\/es\/#organization\"},\"potentialAction\":[{\"@type\":\"SearchAction\",\"target\":{\"@type\":\"EntryPoint\",\"urlTemplate\":\"https:\/\/www.pressenza.com\/es\/?s={search_term_string}\"},\"query-input\":{\"@type\":\"PropertyValueSpecification\",\"valueRequired\":true,\"valueName\":\"search_term_string\"}}],\"inLanguage\":\"es\"},{\"@type\":\"Organization\",\"@id\":\"https:\/\/www.pressenza.com\/es\/#organization\",\"name\":\"Pressenza\",\"url\":\"https:\/\/www.pressenza.com\/es\/\",\"logo\":{\"@type\":\"ImageObject\",\"inLanguage\":\"es\",\"@id\":\"https:\/\/www.pressenza.com\/es\/#\/schema\/logo\/image\/\",\"url\":\"https:\/\/www.pressenza.com\/wp-content\/uploads\/2022\/10\/pressenza_logo_200x200.jpg\",\"contentUrl\":\"https:\/\/www.pressenza.com\/wp-content\/uploads\/2022\/10\/pressenza_logo_200x200.jpg\",\"width\":200,\"height\":200,\"caption\":\"Pressenza\"},\"image\":{\"@id\":\"https:\/\/www.pressenza.com\/es\/#\/schema\/logo\/image\/\"},\"sameAs\":[\"https:\/\/www.facebook.com\/PressenzaItalia\",\"https:\/\/x.com\/PressenzaIPA\"]},{\"@type\":\"Person\",\"@id\":\"https:\/\/www.pressenza.com\/es\/#\/schema\/person\/f63ef55145799969781afcf7887e001e\",\"name\":\"Malena Pall\u00e1s\",\"description\":\"Me llamo Malena Pall\u00e1s, ejerc\u00ed el oficio de escribir como redactora gr\u00e1fica hasta el 2014. Desde entonces, investigo la pedagog\u00eda y trabajo de espejo. La Palabra es mi carne, voz, b\u00fasqueda y viaje, y me acompa\u00f1a desde que aprend\u00ed el alfabeto. Antes, tambi\u00e9n. La Palabra me ha llevado a conocer personas y lugares de aprendizaje. Viaj\u00e9 dando talleres por Argentina, Uruguay, Bolivia, Per\u00fa, Ecuador, Colombia, Paraguay y Venezuela hasta el 2017. Buscando historias, encuentro a la Palabr en las ficciones cotidianas, en alguna conversaci\u00f3n, en la radio o en un viaje astral. Podemos apalabrarnos en: https:\/\/taplink.cc\/la.presencia.de.la.palabra\",\"url\":\"https:\/\/www.pressenza.com\/es\/author\/malena-pallas\/\"}]}<\/script>\n<!-- \/ Yoast SEO plugin. -->","yoast_head_json":{"title":"Cerrar una casa","description":"La casa en Monte Chingolo era inmensa: dos habitaciones grandes, una con altillo, una cocina con horno industrial como para que almuerce una familia","robots":{"index":"index","follow":"follow","max-snippet":"max-snippet:-1","max-image-preview":"max-image-preview:large","max-video-preview":"max-video-preview:-1"},"canonical":"https:\/\/www.pressenza.com\/es\/2022\/04\/cerrar-una-casa\/","og_locale":"es_ES","og_type":"article","og_title":"Cerrar una casa","og_description":"La casa en Monte Chingolo era inmensa: dos habitaciones grandes, una con altillo, una cocina con horno industrial como para que almuerce una familia","og_url":"https:\/\/www.pressenza.com\/es\/2022\/04\/cerrar-una-casa\/","og_site_name":"Pressenza","article_publisher":"https:\/\/www.facebook.com\/PressenzaItalia","article_published_time":"2022-04-03T02:30:36+00:00","og_image":[{"width":820,"height":640,"url":"https:\/\/www.pressenza.com\/wp-content\/uploads\/2022\/03\/IMG_5057-Malena-Palla\u0301s.jpg","type":"image\/jpeg"}],"author":"Malena Pall\u00e1s","twitter_card":"summary_large_image","twitter_creator":"@PressenzaIPA","twitter_site":"@PressenzaIPA","twitter_misc":{"Escrito por":"Malena Pall\u00e1s","Tiempo de lectura":"8 minutos"},"schema":{"@context":"https:\/\/schema.org","@graph":[{"@type":"Article","@id":"https:\/\/www.pressenza.com\/es\/2022\/04\/cerrar-una-casa\/#article","isPartOf":{"@id":"https:\/\/www.pressenza.com\/es\/2022\/04\/cerrar-una-casa\/"},"author":{"name":"Malena Pall\u00e1s","@id":"https:\/\/www.pressenza.com\/es\/#\/schema\/person\/f63ef55145799969781afcf7887e001e"},"headline":"Cerrar una casa","datePublished":"2022-04-03T02:30:36+00:00","mainEntityOfPage":{"@id":"https:\/\/www.pressenza.com\/es\/2022\/04\/cerrar-una-casa\/"},"wordCount":1799,"publisher":{"@id":"https:\/\/www.pressenza.com\/es\/#organization"},"image":{"@id":"https:\/\/www.pressenza.com\/es\/2022\/04\/cerrar-una-casa\/#primaryimage"},"thumbnailUrl":"https:\/\/www.pressenza.com\/wp-content\/uploads\/2022\/03\/IMG_5057-Malena-Palla\u0301s.jpg","keywords":["cerrar una casa","cuaderno de cultura","Cuento"],"articleSection":["Contenido Original","Cultura y Medios","Sudam\u00e9rica"],"inLanguage":"es"},{"@type":"WebPage","@id":"https:\/\/www.pressenza.com\/es\/2022\/04\/cerrar-una-casa\/","url":"https:\/\/www.pressenza.com\/es\/2022\/04\/cerrar-una-casa\/","name":"Cerrar una casa","isPartOf":{"@id":"https:\/\/www.pressenza.com\/es\/#website"},"primaryImageOfPage":{"@id":"https:\/\/www.pressenza.com\/es\/2022\/04\/cerrar-una-casa\/#primaryimage"},"image":{"@id":"https:\/\/www.pressenza.com\/es\/2022\/04\/cerrar-una-casa\/#primaryimage"},"thumbnailUrl":"https:\/\/www.pressenza.com\/wp-content\/uploads\/2022\/03\/IMG_5057-Malena-Palla\u0301s.jpg","datePublished":"2022-04-03T02:30:36+00:00","description":"La casa en Monte Chingolo era inmensa: dos habitaciones grandes, una con altillo, una cocina con horno industrial como para que almuerce una familia","breadcrumb":{"@id":"https:\/\/www.pressenza.com\/es\/2022\/04\/cerrar-una-casa\/#breadcrumb"},"inLanguage":"es","potentialAction":[{"@type":"ReadAction","target":["https:\/\/www.pressenza.com\/es\/2022\/04\/cerrar-una-casa\/"]}]},{"@type":"ImageObject","inLanguage":"es","@id":"https:\/\/www.pressenza.com\/es\/2022\/04\/cerrar-una-casa\/#primaryimage","url":"https:\/\/www.pressenza.com\/wp-content\/uploads\/2022\/03\/IMG_5057-Malena-Palla\u0301s.jpg","contentUrl":"https:\/\/www.pressenza.com\/wp-content\/uploads\/2022\/03\/IMG_5057-Malena-Palla\u0301s.jpg","width":820,"height":640},{"@type":"BreadcrumbList","@id":"https:\/\/www.pressenza.com\/es\/2022\/04\/cerrar-una-casa\/#breadcrumb","itemListElement":[{"@type":"ListItem","position":1,"name":"Accueil","item":"https:\/\/www.pressenza.com\/es\/"},{"@type":"ListItem","position":2,"name":"Cerrar una casa"}]},{"@type":"WebSite","@id":"https:\/\/www.pressenza.com\/es\/#website","url":"https:\/\/www.pressenza.com\/es\/","name":"Pressenza","description":"International Press Agency","publisher":{"@id":"https:\/\/www.pressenza.com\/es\/#organization"},"potentialAction":[{"@type":"SearchAction","target":{"@type":"EntryPoint","urlTemplate":"https:\/\/www.pressenza.com\/es\/?s={search_term_string}"},"query-input":{"@type":"PropertyValueSpecification","valueRequired":true,"valueName":"search_term_string"}}],"inLanguage":"es"},{"@type":"Organization","@id":"https:\/\/www.pressenza.com\/es\/#organization","name":"Pressenza","url":"https:\/\/www.pressenza.com\/es\/","logo":{"@type":"ImageObject","inLanguage":"es","@id":"https:\/\/www.pressenza.com\/es\/#\/schema\/logo\/image\/","url":"https:\/\/www.pressenza.com\/wp-content\/uploads\/2022\/10\/pressenza_logo_200x200.jpg","contentUrl":"https:\/\/www.pressenza.com\/wp-content\/uploads\/2022\/10\/pressenza_logo_200x200.jpg","width":200,"height":200,"caption":"Pressenza"},"image":{"@id":"https:\/\/www.pressenza.com\/es\/#\/schema\/logo\/image\/"},"sameAs":["https:\/\/www.facebook.com\/PressenzaItalia","https:\/\/x.com\/PressenzaIPA"]},{"@type":"Person","@id":"https:\/\/www.pressenza.com\/es\/#\/schema\/person\/f63ef55145799969781afcf7887e001e","name":"Malena Pall\u00e1s","description":"Me llamo Malena Pall\u00e1s, ejerc\u00ed el oficio de escribir como redactora gr\u00e1fica hasta el 2014. Desde entonces, investigo la pedagog\u00eda y trabajo de espejo. La Palabra es mi carne, voz, b\u00fasqueda y viaje, y me acompa\u00f1a desde que aprend\u00ed el alfabeto. Antes, tambi\u00e9n. La Palabra me ha llevado a conocer personas y lugares de aprendizaje. Viaj\u00e9 dando talleres por Argentina, Uruguay, Bolivia, Per\u00fa, Ecuador, Colombia, Paraguay y Venezuela hasta el 2017. Buscando historias, encuentro a la Palabr en las ficciones cotidianas, en alguna conversaci\u00f3n, en la radio o en un viaje astral. Podemos apalabrarnos en: https:\/\/taplink.cc\/la.presencia.de.la.palabra","url":"https:\/\/www.pressenza.com\/es\/author\/malena-pallas\/"}]}},"place":"Ciudad de Buenos Aires, Argentina","original_article_url":"","_links":{"self":[{"href":"https:\/\/www.pressenza.com\/es\/wp-json\/wp\/v2\/posts\/1547829","targetHints":{"allow":["GET"]}}],"collection":[{"href":"https:\/\/www.pressenza.com\/es\/wp-json\/wp\/v2\/posts"}],"about":[{"href":"https:\/\/www.pressenza.com\/es\/wp-json\/wp\/v2\/types\/post"}],"author":[{"embeddable":true,"href":"https:\/\/www.pressenza.com\/es\/wp-json\/wp\/v2\/users\/2090"}],"replies":[{"embeddable":true,"href":"https:\/\/www.pressenza.com\/es\/wp-json\/wp\/v2\/comments?post=1547829"}],"version-history":[{"count":0,"href":"https:\/\/www.pressenza.com\/es\/wp-json\/wp\/v2\/posts\/1547829\/revisions"}],"wp:featuredmedia":[{"embeddable":true,"href":"https:\/\/www.pressenza.com\/es\/wp-json\/wp\/v2\/media\/1547840"}],"wp:attachment":[{"href":"https:\/\/www.pressenza.com\/es\/wp-json\/wp\/v2\/media?parent=1547829"}],"wp:term":[{"taxonomy":"category","embeddable":true,"href":"https:\/\/www.pressenza.com\/es\/wp-json\/wp\/v2\/categories?post=1547829"},{"taxonomy":"post_tag","embeddable":true,"href":"https:\/\/www.pressenza.com\/es\/wp-json\/wp\/v2\/tags?post=1547829"}],"curies":[{"name":"wp","href":"https:\/\/api.w.org\/{rel}","templated":true}]}}