{"id":1546162,"date":"2022-03-18T16:40:46","date_gmt":"2022-03-18T16:40:46","guid":{"rendered":"https:\/\/www.pressenza.com\/?p=1546162"},"modified":"2022-03-18T16:44:39","modified_gmt":"2022-03-18T16:44:39","slug":"rechazan-fallo-del-tc-que-ordena-liberacion-de-alberto-fujimori","status":"publish","type":"post","link":"https:\/\/www.pressenza.com\/es\/2022\/03\/rechazan-fallo-del-tc-que-ordena-liberacion-de-alberto-fujimori\/","title":{"rendered":"Rechazan fallo del TC que ordena liberaci\u00f3n de Alberto Fujimori"},"content":{"rendered":"<p><strong><span style=\"vertical-align: inherit;\"><span style=\"vertical-align: inherit;\"><span style=\"vertical-align: inherit;\"><span style=\"vertical-align: inherit;\"><span style=\"vertical-align: inherit;\"><span style=\"vertical-align: inherit;\">Sentencia del TC que ordena excarcelaci\u00f3n de Fujimori es rechazada por organizaciones de derechos humanos, v\u00edctimas del r\u00e9gimen fujimorista y abogados.<\/span><\/span><\/span><\/span><\/span><\/span><\/strong><\/p>\n<p><span style=\"vertical-align: inherit;\"><span style=\"vertical-align: inherit;\"><span style=\"vertical-align: inherit;\"><span style=\"vertical-align: inherit;\"><span style=\"vertical-align: inherit;\"><span style=\"vertical-align: inherit;\">Fuente: Servindi.<\/span><\/span><\/span><\/span><\/span><\/span><\/p>\n<p><span style=\"vertical-align: inherit;\"><span style=\"vertical-align: inherit;\"><span style=\"vertical-align: inherit;\"><span style=\"vertical-align: inherit;\"><span style=\"vertical-align: inherit;\"><span style=\"vertical-align: inherit;\">Organizaciones de derechos humanos y v\u00edctimas del r\u00e9gimen fujimorista en Per\u00fa rechazan el reciente fallo del Tribunal Constitucional (TC) que ordena la excarcelaci\u00f3n del expresidente Alberto Fujimori.<\/span><\/span><\/span><\/span><\/span><\/span><\/p>\n<p><span style=\"vertical-align: inherit;\"><span style=\"vertical-align: inherit;\"><span style=\"vertical-align: inherit;\"><span style=\"vertical-align: inherit;\"><span style=\"vertical-align: inherit;\"><span style=\"vertical-align: inherit;\">Decisi\u00f3n del TC que favorece al condenado a 25 a\u00f1os de prisi\u00f3n por cr\u00edmenes de lesa humanidad fue adoptada con los votos de los magistrados Ernesto Blume, Jos\u00e9 Luis Sard\u00f3n y Augusto Ferrero.<\/span><\/span><\/span><\/span><\/span><\/span><\/p>\n<p><span style=\"vertical-align: inherit;\"><span style=\"vertical-align: inherit;\"><span style=\"vertical-align: inherit;\"><span style=\"vertical-align: inherit;\"><span style=\"vertical-align: inherit;\"><span style=\"vertical-align: inherit;\">Abogados expertos en la materia afirman que sentencia es contraria a los derechos fundamentales de las v\u00edctimas y ahora deber\u00e1 ser revisada por la Corte Interamericana de Derechos Humanos (Corte IDH).<\/span><\/span><\/span><\/span><\/span><\/span><\/p>\n<h3 class=\"nota-interior-subtitulo\"><strong><span style=\"vertical-align: inherit;\"><span style=\"vertical-align: inherit;\"><span style=\"vertical-align: inherit;\"><span style=\"vertical-align: inherit;\"><span style=\"vertical-align: inherit;\"><span style=\"vertical-align: inherit;\">Tribunal de decisi\u00f3n<\/span><\/span><\/span><\/span><\/span><\/span><\/strong><\/h3>\n<p><span style=\"vertical-align: inherit;\"><span style=\"vertical-align: inherit;\"><span style=\"vertical-align: inherit;\"><span style=\"vertical-align: inherit;\"><span style=\"vertical-align: inherit;\"><span style=\"vertical-align: inherit;\">El fallo del TC que permite la liberaci\u00f3n de Fujimori declara fundado un\u00a0 <\/span><\/span><\/span><\/span><\/span><\/span><em><span style=\"vertical-align: inherit;\"><span style=\"vertical-align: inherit;\"><span style=\"vertical-align: inherit;\"><span style=\"vertical-align: inherit;\"><span style=\"vertical-align: inherit;\"><span style=\"vertical-align: inherit;\">habeas corpus<\/span><\/span><\/span><\/span><\/span><\/span><\/em><span style=\"vertical-align: inherit;\"><span style=\"vertical-align: inherit;\"><span style=\"vertical-align: inherit;\"><span style=\"vertical-align: inherit;\"><span style=\"vertical-align: inherit;\"><span style=\"vertical-align: inherit;\"> \u00a0presentado contra la sentencia que anul\u00f3 el indulto humanitario que le concedi\u00f3 en diciembre de 2017.<\/span><\/span><\/span><\/span><\/span><\/span><\/p>\n<p><span style=\"vertical-align: inherit;\"><span style=\"vertical-align: inherit;\"><span style=\"vertical-align: inherit;\"><span style=\"vertical-align: inherit;\"><span style=\"vertical-align: inherit;\"><span style=\"vertical-align: inherit;\">Como se recuerda, dicho indulto le fue otorgado por el expresidente Pedro Pablo Kuczysnki la noche del 24 de diciembre con la finalidad de salvarse de ser vacado por el Congreso.<\/span><\/span><\/span><\/span><\/span><\/span><\/p>\n<p><span style=\"vertical-align: inherit;\"><span style=\"vertical-align: inherit;\"><span style=\"vertical-align: inherit;\"><span style=\"vertical-align: inherit;\"><span style=\"vertical-align: inherit;\"><span style=\"vertical-align: inherit;\">Sin embargo, este fue anulado por la Corte Suprema en octubre de 2018 al determinarse que el indulto no puede ser concedido a prisioneros condenados por cr\u00edmenes de lesa humanidad.<\/span><\/span><\/span><\/span><\/span><\/span><\/p>\n<p><span style=\"vertical-align: inherit;\"><span style=\"vertical-align: inherit;\"><span style=\"vertical-align: inherit;\"><span style=\"vertical-align: inherit;\"><span style=\"vertical-align: inherit;\"><span style=\"vertical-align: inherit;\">Este es el caso de Fujimori, ya que tanto las matanzas de Barrios Altos y La Cantuta, donde fue hallado autor mediato, cuentan con resoluciones de la Corte Interamericana de Derechos Humanos (Corte IDH).<\/span><\/span><\/span><\/span><\/span><\/span><\/p>\n<p><img decoding=\"async\" src=\"https:\/\/www.ideeleradio.pe\/wp-content\/uploads\/2017\/04\/Pedro-Pablo-Kuczynski-Alberto-Fujimori-Ideeleradio.jpg\" alt=\"\" \/><\/p>\n<h6 class=\"leyenda-imagen-nota-interior\"><span style=\"vertical-align: inherit;\"><span style=\"vertical-align: inherit;\"><span style=\"vertical-align: inherit;\"><span style=\"vertical-align: inherit;\"><span style=\"vertical-align: inherit;\"><span style=\"vertical-align: inherit;\">Pedro Pablo Kuczysnki concedi\u00f3 el indulto humanitario a Alberto Fujimori en 2017 en medio de una serie de irregularidades.<\/span><\/span><\/span><\/span><\/span><\/span><\/h6>\n<p><span style=\"vertical-align: inherit;\"><span style=\"vertical-align: inherit;\"><span style=\"vertical-align: inherit;\"><span style=\"vertical-align: inherit;\"><span style=\"vertical-align: inherit;\"><span style=\"vertical-align: inherit;\">El indulto tambi\u00e9n fue anulado porque el magistrado supremo Hugo Nu\u00f1ez hall\u00f3 algunas irregularidades en el tr\u00e1mite que finalmente pudo concederselo a Alberto Fujimori.<\/span><\/span><\/span><\/span><\/span><\/span><\/p>\n<p><span style=\"vertical-align: inherit;\"><span style=\"vertical-align: inherit;\"><span style=\"vertical-align: inherit;\"><span style=\"vertical-align: inherit;\"><span style=\"vertical-align: inherit;\"><span style=\"vertical-align: inherit;\">Frente a esta anulaci\u00f3n, el abogado Gregorio Parco Alarc\u00f3n presenta el\u00a0 <\/span><\/span><\/span><\/span><\/span><\/span><em><span style=\"vertical-align: inherit;\"><span style=\"vertical-align: inherit;\"><span style=\"vertical-align: inherit;\"><span style=\"vertical-align: inherit;\"><span style=\"vertical-align: inherit;\"><span style=\"vertical-align: inherit;\">habeas corpus<\/span><\/span><\/span><\/span><\/span><\/span><\/em><span style=\"vertical-align: inherit;\"><span style=\"vertical-align: inherit;\"><span style=\"vertical-align: inherit;\"><span style=\"vertical-align: inherit;\"><span style=\"vertical-align: inherit;\"><span style=\"vertical-align: inherit;\"> \u00a0que acaba de ser declarado fundado por el TC y que permite as\u00ed la liberaci\u00f3n de Fujimori.<\/span><\/span><\/span><\/span><\/span><\/span><\/p>\n<p><span style=\"vertical-align: inherit;\"><span style=\"vertical-align: inherit;\"><span style=\"vertical-align: inherit;\"><span style=\"vertical-align: inherit;\"><span style=\"vertical-align: inherit;\"><span style=\"vertical-align: inherit;\">Los votos a favor fueron de los magistrados Ernesto Blume, Jos\u00e9 Luis Sard\u00f3n y Augusto Ferrero (vale por dos por ser el presidente); <\/span><\/span><\/span><\/span><\/span><span style=\"vertical-align: inherit;\"><span style=\"vertical-align: inherit;\"><span style=\"vertical-align: inherit;\"><span style=\"vertical-align: inherit;\"><span style=\"vertical-align: inherit;\">mientras que en contra votan Eloy Espinosa-Salda\u00f1a, Marianella Ledesma y Manuel Mirada.<\/span><\/span><\/span><\/span><\/span><\/span><\/p>\n<p><span style=\"vertical-align: inherit;\"><span style=\"vertical-align: inherit;\"><span style=\"vertical-align: inherit;\"><span style=\"vertical-align: inherit;\"><span style=\"vertical-align: inherit;\"><span style=\"vertical-align: inherit;\">Cabe se\u00f1alar que la votaci\u00f3n del\u00a0 <\/span><\/span><\/span><\/span><\/span><\/span><i><span style=\"vertical-align: inherit;\"><span style=\"vertical-align: inherit;\"><span style=\"vertical-align: inherit;\"><span style=\"vertical-align: inherit;\"><span style=\"vertical-align: inherit;\"><span style=\"vertical-align: inherit;\">h\u00e1beas corpus<\/span><\/span><\/span><\/span><\/span><\/span><\/i><span style=\"vertical-align: inherit;\"><span style=\"vertical-align: inherit;\"><span style=\"vertical-align: inherit;\"><span style=\"vertical-align: inherit;\"><span style=\"vertical-align: inherit;\"><span style=\"vertical-align: inherit;\"> \u00a0a favor de la liberaci\u00f3n de Fujimori fue incorporada la tarde del mi\u00e9rcoles en la agenda del d\u00eda siguiente, pese a que no estaba programada inicialmente.<\/span><\/span><\/span><\/span><\/span><\/span><\/p>\n<p><span style=\"vertical-align: inherit;\"><span style=\"vertical-align: inherit;\"><span style=\"vertical-align: inherit;\"><span style=\"vertical-align: inherit;\"><span style=\"vertical-align: inherit;\"><span style=\"vertical-align: inherit;\">El magistrado del TC, Eloy Espinosa-Salda\u00f1a, obtuvo esta informaci\u00f3n al se\u00f1alar que el recurso legal apareci\u00f3 en la agenda de la noche a la ma\u00f1ana y con falta de informaci\u00f3n para poder resolver.<\/span><\/span><\/span><\/span><\/span><\/span><\/p>\n<p><span style=\"vertical-align: inherit;\"><span style=\"vertical-align: inherit;\"><span style=\"vertical-align: inherit;\"><span style=\"vertical-align: inherit;\"><span style=\"vertical-align: inherit;\"><span style=\"vertical-align: inherit;\">Coincidentemente, este apresuramiento se dio luego de que organizaciones que defienden a las v\u00edctimas de La Cantuta y Barrios Altos pidieran a la Corte IDH medidas para garantizarles el acceso a la justicia, entre ellas,\u00a0 <\/span><\/span><\/span><\/span><\/span><\/span><a href=\"https:\/\/twitter.com\/cnddhh\/status\/1504456835528540166?t=ORJzEbMhQObvpD0zy7IDUQ&amp;s=08\" target=\"_blank\" rel=\"noopener\"><span style=\"vertical-align: inherit;\"><span style=\"vertical-align: inherit;\"><span style=\"vertical-align: inherit;\"><span style=\"vertical-align: inherit;\"><span style=\"vertical-align: inherit;\"><span style=\"vertical-align: inherit;\">una resoluci\u00f3n de nulidad de liberaci\u00f3n de Fujimori<\/span><\/span><\/span><\/span><\/span><\/span><\/a><span style=\"vertical-align: inherit;\"><span style=\"vertical-align: inherit;\"><span style=\"vertical-align: inherit;\"><span style=\"vertical-align: inherit;\"><span style=\"vertical-align: inherit;\"><span style=\"vertical-align: inherit;\"> .<\/span><\/span><\/span><\/span><\/span><\/span><\/p>\n<p><img decoding=\"async\" src=\"https:\/\/larepublica.pe\/resizer\/ZJkbg0suI7OPf_ZCnrE3f1G6hWg=\/1250x735\/top\/smart\/arc-anglerfish-arc2-prod-gruporepublica.s3.amazonaws.com\/public\/Q6HZTTMI7BDSRINPFFZTAYWVAE.png\" alt=\"\" \/><\/p>\n<h3 class=\"nota-interior-subtitulo\"><strong><span style=\"vertical-align: inherit;\"><span style=\"vertical-align: inherit;\"><span style=\"vertical-align: inherit;\"><span style=\"vertical-align: inherit;\"><span style=\"vertical-align: inherit;\"><span style=\"vertical-align: inherit;\">Fallo cuestionado<\/span><\/span><\/span><\/span><\/span><\/span><\/strong><\/h3>\n<p><span style=\"vertical-align: inherit;\"><span style=\"vertical-align: inherit;\"><span style=\"vertical-align: inherit;\"><span style=\"vertical-align: inherit;\"><span style=\"vertical-align: inherit;\"><span style=\"vertical-align: inherit;\">La decisi\u00f3n del TC ya viene siendo cuestionada, comenzando por las organizaciones de derechos humanos y de v\u00edctimas del r\u00e9gimen fujimorista que rechazan la excarcelaci\u00f3n de Fujimori.<\/span><\/span><\/span><\/span><\/span><\/span><\/p>\n<p><span style=\"vertical-align: inherit;\"><span style=\"vertical-align: inherit;\"><span style=\"vertical-align: inherit;\"><span style=\"vertical-align: inherit;\">En esa l\u00ednea se ha pronunciado Amnist\u00eda Internacional Per\u00fa que sospecha que con su reciente ca\u00edda el TC \u201cle ha dado la espalda a las v\u00edctimas y sus familiares\u201d que llevan a\u00f1os buscando justicia.<\/span><\/span><\/span><\/span><\/p>\n<p><span style=\"vertical-align: inherit;\"><span style=\"vertical-align: inherit;\"><span style=\"vertical-align: inherit;\"><span style=\"vertical-align: inherit;\">El Centro por la Justicia y el Derecho Internacional (CEJIL) tambi\u00e9n emiti\u00f3 un pronunciamiento junto a otras organizaciones de derechos humanos que rechazan la liberaci\u00f3n de Fujimori.<\/span><\/span><\/span><\/span><\/p>\n<p><span style=\"vertical-align: inherit;\"><span style=\"vertical-align: inherit;\"><span style=\"vertical-align: inherit;\"><span style=\"vertical-align: inherit;\">Entre ellas se encuentra la Coordinadora Nacional de Derechos Humanos (CNDDHH), el Instituto de Defensa Legal (IDL) y la Asociaci\u00f3n Pro Derechos Humanos (APRODEH).<\/span><\/span><\/span><\/span><\/p>\n<p><span style=\"vertical-align: inherit;\"><span style=\"vertical-align: inherit;\"><span style=\"vertical-align: inherit;\"><span style=\"vertical-align: inherit;\">El mismo rechazo ha opinado la Asociaci\u00f3n Nacional de Mujeres Afectadas por las Esterilizaciones Forzadas (AMPAEF) que consider\u00f3 \u201cilegal\u201d el indulto y una muestra de \u201cimpunidad total\u201d.<\/span><\/span><\/span><\/span><\/p>\n<div>\n<div class=\"twitter-tweet twitter-tweet-rendered\"><iframe id=\"twitter-widget-0\" class=\"\" title=\"Twitter Tweet\" src=\"https:\/\/platform.twitter.com\/embed\/Tweet.html?dnt=false&amp;embedId=twitter-widget-0&amp;features=eyJ0ZndfZXhwZXJpbWVudHNfY29va2llX2V4cGlyYXRpb24iOnsiYnVja2V0IjoxMjA5NjAwLCJ2ZXJzaW9uIjpudWxsfSwidGZ3X2hvcml6b25fdHdlZXRfZW1iZWRfOTU1NSI6eyJidWNrZXQiOiJodGUiLCJ2ZXJzaW9uIjpudWxsfSwidGZ3X3NrZWxldG9uX2xvYWRpbmdfMTMzOTgiOnsiYnVja2V0IjoiY3RhIiwidmVyc2lvbiI6bnVsbH0sInRmd19zcGFjZV9jYXJkIjp7ImJ1Y2tldCI6Im9mZiIsInZlcnNpb24iOm51bGx9fQ%3D%3D&amp;frame=false&amp;hideCard=false&amp;hideThread=false&amp;id=1504540352782479370&amp;lang=es&amp;origin=https%3A%2F%2Fwww.servindi.org%2Factualidad-noticias%2F17%2F03%2F2022%2Frechazan-fallo-del-tc-que-ordena-liberacion-de-alberto-fujimori&amp;sessionId=130f09433860497f9a84e167103a415ee40968dd&amp;theme=light&amp;widgetsVersion=2582c61%3A1645036219416&amp;width=550px\" frameborder=\"0\" scrolling=\"no\" allowfullscreen=\"allowfullscreen\" data-tweet-id=\"1504540352782479370\" data-mce-fragment=\"1\"><\/iframe><\/div>\n<\/div>\n<div>\n<div class=\"twitter-tweet twitter-tweet-rendered\"><iframe id=\"twitter-widget-1\" class=\"\" title=\"Twitter Tweet\" src=\"https:\/\/platform.twitter.com\/embed\/Tweet.html?dnt=false&amp;embedId=twitter-widget-1&amp;features=eyJ0ZndfZXhwZXJpbWVudHNfY29va2llX2V4cGlyYXRpb24iOnsiYnVja2V0IjoxMjA5NjAwLCJ2ZXJzaW9uIjpudWxsfSwidGZ3X2hvcml6b25fdHdlZXRfZW1iZWRfOTU1NSI6eyJidWNrZXQiOiJodGUiLCJ2ZXJzaW9uIjpudWxsfSwidGZ3X3NrZWxldG9uX2xvYWRpbmdfMTMzOTgiOnsiYnVja2V0IjoiY3RhIiwidmVyc2lvbiI6bnVsbH0sInRmd19zcGFjZV9jYXJkIjp7ImJ1Y2tldCI6Im9mZiIsInZlcnNpb24iOm51bGx9fQ%3D%3D&amp;frame=false&amp;hideCard=false&amp;hideThread=false&amp;id=1504534604170027014&amp;lang=es&amp;origin=https%3A%2F%2Fwww.servindi.org%2Factualidad-noticias%2F17%2F03%2F2022%2Frechazan-fallo-del-tc-que-ordena-liberacion-de-alberto-fujimori&amp;sessionId=130f09433860497f9a84e167103a415ee40968dd&amp;theme=light&amp;widgetsVersion=2582c61%3A1645036219416&amp;width=550px\" frameborder=\"0\" scrolling=\"no\" allowfullscreen=\"allowfullscreen\" data-tweet-id=\"1504534604170027014\" data-mce-fragment=\"1\"><\/iframe><\/div>\n<\/div>\n<p>&nbsp;<\/p>\n<p><span style=\"vertical-align: inherit;\"><span style=\"vertical-align: inherit;\"><span style=\"vertical-align: inherit;\"><span style=\"vertical-align: inherit;\">Reconocidos abogados vinculados a la defensa de los derechos humanos tambi\u00e9n se han pronunciado cuestionando la sentencia del TC, como es el caso de Carlos Rivera Paz, del IDL.<\/span><\/span><\/span><\/span><\/p>\n<p><span style=\"vertical-align: inherit;\"><span style=\"vertical-align: inherit;\"><span style=\"vertical-align: inherit;\"><span style=\"vertical-align: inherit;\">\u201cEl TC acaba de liberar al condenado Fujimori. <\/span><\/span><\/span><span style=\"vertical-align: inherit;\"><span style=\"vertical-align: inherit;\"><span style=\"vertical-align: inherit;\">Es una sentencia contraria a los derechos fundamentales de las v\u00edctimas y los principios de la justicia y del derecho internacional\u201d, dijo.<\/span><\/span><\/span><\/span><\/p>\n<p><span style=\"vertical-align: inherit;\"><span style=\"vertical-align: inherit;\"><span style=\"vertical-align: inherit;\"><span style=\"vertical-align: inherit;\">Lo propio hizo Ronald Gamarra, que pens\u00f3 que \u201cla decisi\u00f3n del TC de validar el indulto a Alberto Fujimori es, definitivamente, contraria a las obligaciones internacionales del estado peruano\u201d.<\/span><\/span><\/span><\/span><\/p>\n<p><span style=\"vertical-align: inherit;\"><span style=\"vertical-align: inherit;\"><span style=\"vertical-align: inherit;\"><span style=\"vertical-align: inherit;\">Ambos concordaron en que la sentencia tendr\u00e1 que ser revisada ahora por la Corte IDH, en supervisi\u00f3n al cumplimiento de su sentencia del caso Barrios Altos. <\/span><\/span><\/span><span style=\"vertical-align: inherit;\"><span style=\"vertical-align: inherit;\"><span style=\"vertical-align: inherit;\">Las v\u00edctimas ya lo solicitaron.<\/span><\/span><\/span><\/span><\/p>\n<div>\n<div class=\"twitter-tweet twitter-tweet-rendered\"><iframe id=\"twitter-widget-2\" class=\"\" title=\"Twitter Tweet\" src=\"https:\/\/platform.twitter.com\/embed\/Tweet.html?dnt=false&amp;embedId=twitter-widget-2&amp;features=eyJ0ZndfZXhwZXJpbWVudHNfY29va2llX2V4cGlyYXRpb24iOnsiYnVja2V0IjoxMjA5NjAwLCJ2ZXJzaW9uIjpudWxsfSwidGZ3X2hvcml6b25fdHdlZXRfZW1iZWRfOTU1NSI6eyJidWNrZXQiOiJodGUiLCJ2ZXJzaW9uIjpudWxsfSwidGZ3X3NrZWxldG9uX2xvYWRpbmdfMTMzOTgiOnsiYnVja2V0IjoiY3RhIiwidmVyc2lvbiI6bnVsbH0sInRmd19zcGFjZV9jYXJkIjp7ImJ1Y2tldCI6Im9mZiIsInZlcnNpb24iOm51bGx9fQ%3D%3D&amp;frame=false&amp;hideCard=false&amp;hideThread=false&amp;id=1504530499972251652&amp;lang=es&amp;origin=https%3A%2F%2Fwww.servindi.org%2Factualidad-noticias%2F17%2F03%2F2022%2Frechazan-fallo-del-tc-que-ordena-liberacion-de-alberto-fujimori&amp;sessionId=130f09433860497f9a84e167103a415ee40968dd&amp;theme=light&amp;widgetsVersion=2582c61%3A1645036219416&amp;width=550px\" frameborder=\"0\" scrolling=\"no\" allowfullscreen=\"allowfullscreen\" data-tweet-id=\"1504530499972251652\" data-mce-fragment=\"1\"><\/iframe><\/div>\n<\/div>\n<div>\n<div class=\"twitter-tweet twitter-tweet-rendered\"><iframe id=\"twitter-widget-3\" class=\"\" title=\"Twitter Tweet\" src=\"https:\/\/platform.twitter.com\/embed\/Tweet.html?dnt=false&amp;embedId=twitter-widget-3&amp;features=eyJ0ZndfZXhwZXJpbWVudHNfY29va2llX2V4cGlyYXRpb24iOnsiYnVja2V0IjoxMjA5NjAwLCJ2ZXJzaW9uIjpudWxsfSwidGZ3X2hvcml6b25fdHdlZXRfZW1iZWRfOTU1NSI6eyJidWNrZXQiOiJodGUiLCJ2ZXJzaW9uIjpudWxsfSwidGZ3X3NrZWxldG9uX2xvYWRpbmdfMTMzOTgiOnsiYnVja2V0IjoiY3RhIiwidmVyc2lvbiI6bnVsbH0sInRmd19zcGFjZV9jYXJkIjp7ImJ1Y2tldCI6Im9mZiIsInZlcnNpb24iOm51bGx9fQ%3D%3D&amp;frame=false&amp;hideCard=false&amp;hideThread=false&amp;id=1504550682933674011&amp;lang=es&amp;origin=https%3A%2F%2Fwww.servindi.org%2Factualidad-noticias%2F17%2F03%2F2022%2Frechazan-fallo-del-tc-que-ordena-liberacion-de-alberto-fujimori&amp;sessionId=130f09433860497f9a84e167103a415ee40968dd&amp;theme=light&amp;widgetsVersion=2582c61%3A1645036219416&amp;width=550px\" frameborder=\"0\" scrolling=\"no\" allowfullscreen=\"allowfullscreen\" data-tweet-id=\"1504550682933674011\" data-mce-fragment=\"1\"><\/iframe><\/div>\n<\/div>\n<p>&nbsp;<\/p>\n<p><span style=\"vertical-align: inherit;\"><span style=\"vertical-align: inherit;\"><span style=\"vertical-align: inherit;\"><span style=\"vertical-align: inherit;\"><span style=\"vertical-align: inherit;\"><span style=\"vertical-align: inherit;\">Entre las figuras pol\u00edticas que tambi\u00e9n se han pronunciado a partir de la decisi\u00f3n del TC de liberar a Fujimori se encuentran el presidente Pedro Castillo y su primer ministro An\u00edbal Torres.<\/span><\/span><\/span><\/span><\/span><\/span><\/p>\n<p><span style=\"vertical-align: inherit;\"><span style=\"vertical-align: inherit;\"><span style=\"vertical-align: inherit;\"><span style=\"vertical-align: inherit;\"><span style=\"vertical-align: inherit;\"><span style=\"vertical-align: inherit;\">Castillo espera que \u201clos \u00f3rganos de justicia internacional a los que el Per\u00fa est\u00e1 adscrito y el Estado de derecho debe cautelar el ejercicio efectivo de la justicia para el pueblo\u201d.<\/span><\/span><\/span><\/span><\/span><\/span><\/p>\n<p><span style=\"vertical-align: inherit;\"><span style=\"vertical-align: inherit;\"><span style=\"vertical-align: inherit;\"><span style=\"vertical-align: inherit;\"><span style=\"vertical-align: inherit;\"><span style=\"vertical-align: inherit;\">Mientras que Torres fue m\u00e1s enf\u00e1tico al se\u00f1alar que la sentencia \u201cviola los derechos humanos de todos los peruanos\u201d y demuestra que en Per\u00fa \u201ctienen justicia los criminales\u201d.<\/span><\/span><\/span><\/span><\/span><\/span><\/p>\n<p><span style=\"vertical-align: inherit;\"><span style=\"vertical-align: inherit;\"><span style=\"vertical-align: inherit;\"><span style=\"vertical-align: inherit;\"><span style=\"vertical-align: inherit;\"><span style=\"vertical-align: inherit;\">Aunque las autoridades no han anunciado todav\u00eda si adoptar\u00e1n alguna acci\u00f3n al respecto, por lo pronto ya se difunden convocatorias en redes sociales para protestar contra la liberaci\u00f3n de Fujimori.<\/span><\/span><\/span><\/span><\/span><\/span><\/p>\n<div>\n<div class=\"twitter-tweet twitter-tweet-rendered\"><iframe id=\"twitter-widget-4\" class=\"\" title=\"Twitter Tweet\" src=\"https:\/\/platform.twitter.com\/embed\/Tweet.html?dnt=false&amp;embedId=twitter-widget-4&amp;features=eyJ0ZndfZXhwZXJpbWVudHNfY29va2llX2V4cGlyYXRpb24iOnsiYnVja2V0IjoxMjA5NjAwLCJ2ZXJzaW9uIjpudWxsfSwidGZ3X2hvcml6b25fdHdlZXRfZW1iZWRfOTU1NSI6eyJidWNrZXQiOiJodGUiLCJ2ZXJzaW9uIjpudWxsfSwidGZ3X3NrZWxldG9uX2xvYWRpbmdfMTMzOTgiOnsiYnVja2V0IjoiY3RhIiwidmVyc2lvbiI6bnVsbH0sInRmd19zcGFjZV9jYXJkIjp7ImJ1Y2tldCI6Im9mZiIsInZlcnNpb24iOm51bGx9fQ%3D%3D&amp;frame=false&amp;hideCard=false&amp;hideThread=false&amp;id=1504556634634616832&amp;lang=es&amp;origin=https%3A%2F%2Fwww.servindi.org%2Factualidad-noticias%2F17%2F03%2F2022%2Frechazan-fallo-del-tc-que-ordena-liberacion-de-alberto-fujimori&amp;sessionId=130f09433860497f9a84e167103a415ee40968dd&amp;theme=light&amp;widgetsVersion=2582c61%3A1645036219416&amp;width=550px\" frameborder=\"0\" scrolling=\"no\" allowfullscreen=\"allowfullscreen\" data-tweet-id=\"1504556634634616832\" data-mce-fragment=\"1\"><\/iframe><\/div>\n<\/div>\n","protected":false},"excerpt":{"rendered":"<p>Sentencia del TC que ordena excarcelaci\u00f3n de Fujimori es rechazada por organizaciones de derechos humanos, v\u00edctimas del r\u00e9gimen fujimorista y abogados. Fuente: Servindi. Organizaciones de derechos humanos y v\u00edctimas del r\u00e9gimen fujimorista en Per\u00fa rechazan el reciente fallo del Tribunal&hellip;<\/p>\n","protected":false},"author":831,"featured_media":1546175,"comment_status":"closed","ping_status":"closed","sticky":false,"template":"","format":"standard","meta":{"footnotes":""},"categories":[11389,79,46976,74,67],"tags":[100191,100192,38863,100190,42921,25097],"class_list":["post-1546162","post","type-post","status-publish","format-standard","has-post-thumbnail","hentry","category-contenido-original","category-derechos-humanos","category-jovenes","category-politica-es","category-sudamerica","tag-caso-barrios-altos","tag-caso-la-cantuta","tag-delitos-de-lesa-humanidad","tag-fallo-del-tc","tag-indulto-a-fujimori","tag-violacion-de-derechos-humanos"],"yoast_head":"<!-- This site is optimized with the Yoast SEO plugin v27.1.1 - https:\/\/yoast.com\/product\/yoast-seo-wordpress\/ -->\n<title>Rechazan fallo del TC que ordena liberaci\u00f3n de Alberto Fujimori<\/title>\n<meta name=\"description\" content=\"Sentencia del TC que ordena excarcelaci\u00f3n de Fujimori es rechazada por organizaciones de derechos humanos, v\u00edctimas del r\u00e9gimen fujimorista y abogados.\" \/>\n<meta name=\"robots\" content=\"index, follow, max-snippet:-1, max-image-preview:large, max-video-preview:-1\" \/>\n<link rel=\"canonical\" href=\"https:\/\/www.pressenza.com\/es\/2022\/03\/rechazan-fallo-del-tc-que-ordena-liberacion-de-alberto-fujimori\/\" \/>\n<meta property=\"og:locale\" content=\"es_ES\" \/>\n<meta property=\"og:type\" content=\"article\" \/>\n<meta property=\"og:title\" content=\"Rechazan fallo del TC que ordena liberaci\u00f3n de Alberto Fujimori\" \/>\n<meta property=\"og:description\" content=\"Sentencia del TC que ordena excarcelaci\u00f3n de Fujimori es rechazada por organizaciones de derechos humanos, v\u00edctimas del r\u00e9gimen fujimorista y abogados.\" \/>\n<meta property=\"og:url\" content=\"https:\/\/www.pressenza.com\/es\/2022\/03\/rechazan-fallo-del-tc-que-ordena-liberacion-de-alberto-fujimori\/\" \/>\n<meta property=\"og:site_name\" content=\"Pressenza\" \/>\n<meta property=\"article:publisher\" content=\"https:\/\/www.facebook.com\/PressenzaItalia\" \/>\n<meta property=\"article:published_time\" content=\"2022-03-18T16:40:46+00:00\" \/>\n<meta property=\"article:modified_time\" content=\"2022-03-18T16:44:39+00:00\" \/>\n<meta property=\"og:image\" content=\"https:\/\/www.pressenza.com\/wp-content\/uploads\/2022\/03\/indulto.jpg\" \/>\n\t<meta property=\"og:image:width\" content=\"580\" \/>\n\t<meta property=\"og:image:height\" content=\"330\" \/>\n\t<meta property=\"og:image:type\" content=\"image\/jpeg\" \/>\n<meta name=\"author\" content=\"Redacci\u00f3n Per\u00fa\" \/>\n<meta name=\"twitter:card\" content=\"summary_large_image\" \/>\n<meta name=\"twitter:creator\" content=\"@PressenzaIPA\" \/>\n<meta name=\"twitter:site\" content=\"@PressenzaIPA\" \/>\n<meta name=\"twitter:label1\" content=\"Escrito por\" \/>\n\t<meta name=\"twitter:data1\" content=\"Redacci\u00f3n Per\u00fa\" \/>\n\t<meta name=\"twitter:label2\" content=\"Tiempo de lectura\" \/>\n\t<meta name=\"twitter:data2\" content=\"5 minutos\" \/>\n<script type=\"application\/ld+json\" class=\"yoast-schema-graph\">{\"@context\":\"https:\/\/schema.org\",\"@graph\":[{\"@type\":\"Article\",\"@id\":\"https:\/\/www.pressenza.com\/es\/2022\/03\/rechazan-fallo-del-tc-que-ordena-liberacion-de-alberto-fujimori\/#article\",\"isPartOf\":{\"@id\":\"https:\/\/www.pressenza.com\/es\/2022\/03\/rechazan-fallo-del-tc-que-ordena-liberacion-de-alberto-fujimori\/\"},\"author\":{\"name\":\"Redacci\u00f3n Per\u00fa\",\"@id\":\"https:\/\/www.pressenza.com\/es\/#\/schema\/person\/e86c29a41185b85084a478822f5de81b\"},\"headline\":\"Rechazan fallo del TC que ordena liberaci\u00f3n de Alberto Fujimori\",\"datePublished\":\"2022-03-18T16:40:46+00:00\",\"dateModified\":\"2022-03-18T16:44:39+00:00\",\"mainEntityOfPage\":{\"@id\":\"https:\/\/www.pressenza.com\/es\/2022\/03\/rechazan-fallo-del-tc-que-ordena-liberacion-de-alberto-fujimori\/\"},\"wordCount\":916,\"publisher\":{\"@id\":\"https:\/\/www.pressenza.com\/es\/#organization\"},\"image\":{\"@id\":\"https:\/\/www.pressenza.com\/es\/2022\/03\/rechazan-fallo-del-tc-que-ordena-liberacion-de-alberto-fujimori\/#primaryimage\"},\"thumbnailUrl\":\"https:\/\/www.pressenza.com\/wp-content\/uploads\/2022\/03\/indulto.jpg\",\"keywords\":[\"Caso Barrios Altos\",\"Caso La Cantuta\",\"delitos de lesa humanidad\",\"fallo del TC\",\"indulto a Fujimori\",\"violaci\u00f3n de derechos humanos\"],\"articleSection\":[\"Contenido Original\",\"Derechos Humanos\",\"J\u00f3venes\",\"Pol\u00edtica\",\"Sudam\u00e9rica\"],\"inLanguage\":\"es\"},{\"@type\":\"WebPage\",\"@id\":\"https:\/\/www.pressenza.com\/es\/2022\/03\/rechazan-fallo-del-tc-que-ordena-liberacion-de-alberto-fujimori\/\",\"url\":\"https:\/\/www.pressenza.com\/es\/2022\/03\/rechazan-fallo-del-tc-que-ordena-liberacion-de-alberto-fujimori\/\",\"name\":\"Rechazan fallo del TC que ordena liberaci\u00f3n de Alberto Fujimori\",\"isPartOf\":{\"@id\":\"https:\/\/www.pressenza.com\/es\/#website\"},\"primaryImageOfPage\":{\"@id\":\"https:\/\/www.pressenza.com\/es\/2022\/03\/rechazan-fallo-del-tc-que-ordena-liberacion-de-alberto-fujimori\/#primaryimage\"},\"image\":{\"@id\":\"https:\/\/www.pressenza.com\/es\/2022\/03\/rechazan-fallo-del-tc-que-ordena-liberacion-de-alberto-fujimori\/#primaryimage\"},\"thumbnailUrl\":\"https:\/\/www.pressenza.com\/wp-content\/uploads\/2022\/03\/indulto.jpg\",\"datePublished\":\"2022-03-18T16:40:46+00:00\",\"dateModified\":\"2022-03-18T16:44:39+00:00\",\"description\":\"Sentencia del TC que ordena excarcelaci\u00f3n de Fujimori es rechazada por organizaciones de derechos humanos, v\u00edctimas del r\u00e9gimen fujimorista y abogados.\",\"breadcrumb\":{\"@id\":\"https:\/\/www.pressenza.com\/es\/2022\/03\/rechazan-fallo-del-tc-que-ordena-liberacion-de-alberto-fujimori\/#breadcrumb\"},\"inLanguage\":\"es\",\"potentialAction\":[{\"@type\":\"ReadAction\",\"target\":[\"https:\/\/www.pressenza.com\/es\/2022\/03\/rechazan-fallo-del-tc-que-ordena-liberacion-de-alberto-fujimori\/\"]}]},{\"@type\":\"ImageObject\",\"inLanguage\":\"es\",\"@id\":\"https:\/\/www.pressenza.com\/es\/2022\/03\/rechazan-fallo-del-tc-que-ordena-liberacion-de-alberto-fujimori\/#primaryimage\",\"url\":\"https:\/\/www.pressenza.com\/wp-content\/uploads\/2022\/03\/indulto.jpg\",\"contentUrl\":\"https:\/\/www.pressenza.com\/wp-content\/uploads\/2022\/03\/indulto.jpg\",\"width\":580,\"height\":330},{\"@type\":\"BreadcrumbList\",\"@id\":\"https:\/\/www.pressenza.com\/es\/2022\/03\/rechazan-fallo-del-tc-que-ordena-liberacion-de-alberto-fujimori\/#breadcrumb\",\"itemListElement\":[{\"@type\":\"ListItem\",\"position\":1,\"name\":\"Accueil\",\"item\":\"https:\/\/www.pressenza.com\/es\/\"},{\"@type\":\"ListItem\",\"position\":2,\"name\":\"Rechazan fallo del TC que ordena liberaci\u00f3n de Alberto Fujimori\"}]},{\"@type\":\"WebSite\",\"@id\":\"https:\/\/www.pressenza.com\/es\/#website\",\"url\":\"https:\/\/www.pressenza.com\/es\/\",\"name\":\"Pressenza\",\"description\":\"International Press Agency\",\"publisher\":{\"@id\":\"https:\/\/www.pressenza.com\/es\/#organization\"},\"potentialAction\":[{\"@type\":\"SearchAction\",\"target\":{\"@type\":\"EntryPoint\",\"urlTemplate\":\"https:\/\/www.pressenza.com\/es\/?s={search_term_string}\"},\"query-input\":{\"@type\":\"PropertyValueSpecification\",\"valueRequired\":true,\"valueName\":\"search_term_string\"}}],\"inLanguage\":\"es\"},{\"@type\":\"Organization\",\"@id\":\"https:\/\/www.pressenza.com\/es\/#organization\",\"name\":\"Pressenza\",\"url\":\"https:\/\/www.pressenza.com\/es\/\",\"logo\":{\"@type\":\"ImageObject\",\"inLanguage\":\"es\",\"@id\":\"https:\/\/www.pressenza.com\/es\/#\/schema\/logo\/image\/\",\"url\":\"https:\/\/www.pressenza.com\/wp-content\/uploads\/2022\/10\/pressenza_logo_200x200.jpg\",\"contentUrl\":\"https:\/\/www.pressenza.com\/wp-content\/uploads\/2022\/10\/pressenza_logo_200x200.jpg\",\"width\":200,\"height\":200,\"caption\":\"Pressenza\"},\"image\":{\"@id\":\"https:\/\/www.pressenza.com\/es\/#\/schema\/logo\/image\/\"},\"sameAs\":[\"https:\/\/www.facebook.com\/PressenzaItalia\",\"https:\/\/x.com\/PressenzaIPA\"]},{\"@type\":\"Person\",\"@id\":\"https:\/\/www.pressenza.com\/es\/#\/schema\/person\/e86c29a41185b85084a478822f5de81b\",\"name\":\"Redacci\u00f3n Per\u00fa\",\"description\":\"News published by the Pressenza bureau in Peru\",\"url\":\"https:\/\/www.pressenza.com\/es\/author\/redaccion-peru\/\"}]}<\/script>\n<!-- \/ Yoast SEO plugin. -->","yoast_head_json":{"title":"Rechazan fallo del TC que ordena liberaci\u00f3n de Alberto Fujimori","description":"Sentencia del TC que ordena excarcelaci\u00f3n de Fujimori es rechazada por organizaciones de derechos humanos, v\u00edctimas del r\u00e9gimen fujimorista y abogados.","robots":{"index":"index","follow":"follow","max-snippet":"max-snippet:-1","max-image-preview":"max-image-preview:large","max-video-preview":"max-video-preview:-1"},"canonical":"https:\/\/www.pressenza.com\/es\/2022\/03\/rechazan-fallo-del-tc-que-ordena-liberacion-de-alberto-fujimori\/","og_locale":"es_ES","og_type":"article","og_title":"Rechazan fallo del TC que ordena liberaci\u00f3n de Alberto Fujimori","og_description":"Sentencia del TC que ordena excarcelaci\u00f3n de Fujimori es rechazada por organizaciones de derechos humanos, v\u00edctimas del r\u00e9gimen fujimorista y abogados.","og_url":"https:\/\/www.pressenza.com\/es\/2022\/03\/rechazan-fallo-del-tc-que-ordena-liberacion-de-alberto-fujimori\/","og_site_name":"Pressenza","article_publisher":"https:\/\/www.facebook.com\/PressenzaItalia","article_published_time":"2022-03-18T16:40:46+00:00","article_modified_time":"2022-03-18T16:44:39+00:00","og_image":[{"width":580,"height":330,"url":"https:\/\/www.pressenza.com\/wp-content\/uploads\/2022\/03\/indulto.jpg","type":"image\/jpeg"}],"author":"Redacci\u00f3n Per\u00fa","twitter_card":"summary_large_image","twitter_creator":"@PressenzaIPA","twitter_site":"@PressenzaIPA","twitter_misc":{"Escrito por":"Redacci\u00f3n Per\u00fa","Tiempo de lectura":"5 minutos"},"schema":{"@context":"https:\/\/schema.org","@graph":[{"@type":"Article","@id":"https:\/\/www.pressenza.com\/es\/2022\/03\/rechazan-fallo-del-tc-que-ordena-liberacion-de-alberto-fujimori\/#article","isPartOf":{"@id":"https:\/\/www.pressenza.com\/es\/2022\/03\/rechazan-fallo-del-tc-que-ordena-liberacion-de-alberto-fujimori\/"},"author":{"name":"Redacci\u00f3n Per\u00fa","@id":"https:\/\/www.pressenza.com\/es\/#\/schema\/person\/e86c29a41185b85084a478822f5de81b"},"headline":"Rechazan fallo del TC que ordena liberaci\u00f3n de Alberto Fujimori","datePublished":"2022-03-18T16:40:46+00:00","dateModified":"2022-03-18T16:44:39+00:00","mainEntityOfPage":{"@id":"https:\/\/www.pressenza.com\/es\/2022\/03\/rechazan-fallo-del-tc-que-ordena-liberacion-de-alberto-fujimori\/"},"wordCount":916,"publisher":{"@id":"https:\/\/www.pressenza.com\/es\/#organization"},"image":{"@id":"https:\/\/www.pressenza.com\/es\/2022\/03\/rechazan-fallo-del-tc-que-ordena-liberacion-de-alberto-fujimori\/#primaryimage"},"thumbnailUrl":"https:\/\/www.pressenza.com\/wp-content\/uploads\/2022\/03\/indulto.jpg","keywords":["Caso Barrios Altos","Caso La Cantuta","delitos de lesa humanidad","fallo del TC","indulto a Fujimori","violaci\u00f3n de derechos humanos"],"articleSection":["Contenido Original","Derechos Humanos","J\u00f3venes","Pol\u00edtica","Sudam\u00e9rica"],"inLanguage":"es"},{"@type":"WebPage","@id":"https:\/\/www.pressenza.com\/es\/2022\/03\/rechazan-fallo-del-tc-que-ordena-liberacion-de-alberto-fujimori\/","url":"https:\/\/www.pressenza.com\/es\/2022\/03\/rechazan-fallo-del-tc-que-ordena-liberacion-de-alberto-fujimori\/","name":"Rechazan fallo del TC que ordena liberaci\u00f3n de Alberto Fujimori","isPartOf":{"@id":"https:\/\/www.pressenza.com\/es\/#website"},"primaryImageOfPage":{"@id":"https:\/\/www.pressenza.com\/es\/2022\/03\/rechazan-fallo-del-tc-que-ordena-liberacion-de-alberto-fujimori\/#primaryimage"},"image":{"@id":"https:\/\/www.pressenza.com\/es\/2022\/03\/rechazan-fallo-del-tc-que-ordena-liberacion-de-alberto-fujimori\/#primaryimage"},"thumbnailUrl":"https:\/\/www.pressenza.com\/wp-content\/uploads\/2022\/03\/indulto.jpg","datePublished":"2022-03-18T16:40:46+00:00","dateModified":"2022-03-18T16:44:39+00:00","description":"Sentencia del TC que ordena excarcelaci\u00f3n de Fujimori es rechazada por organizaciones de derechos humanos, v\u00edctimas del r\u00e9gimen fujimorista y abogados.","breadcrumb":{"@id":"https:\/\/www.pressenza.com\/es\/2022\/03\/rechazan-fallo-del-tc-que-ordena-liberacion-de-alberto-fujimori\/#breadcrumb"},"inLanguage":"es","potentialAction":[{"@type":"ReadAction","target":["https:\/\/www.pressenza.com\/es\/2022\/03\/rechazan-fallo-del-tc-que-ordena-liberacion-de-alberto-fujimori\/"]}]},{"@type":"ImageObject","inLanguage":"es","@id":"https:\/\/www.pressenza.com\/es\/2022\/03\/rechazan-fallo-del-tc-que-ordena-liberacion-de-alberto-fujimori\/#primaryimage","url":"https:\/\/www.pressenza.com\/wp-content\/uploads\/2022\/03\/indulto.jpg","contentUrl":"https:\/\/www.pressenza.com\/wp-content\/uploads\/2022\/03\/indulto.jpg","width":580,"height":330},{"@type":"BreadcrumbList","@id":"https:\/\/www.pressenza.com\/es\/2022\/03\/rechazan-fallo-del-tc-que-ordena-liberacion-de-alberto-fujimori\/#breadcrumb","itemListElement":[{"@type":"ListItem","position":1,"name":"Accueil","item":"https:\/\/www.pressenza.com\/es\/"},{"@type":"ListItem","position":2,"name":"Rechazan fallo del TC que ordena liberaci\u00f3n de Alberto Fujimori"}]},{"@type":"WebSite","@id":"https:\/\/www.pressenza.com\/es\/#website","url":"https:\/\/www.pressenza.com\/es\/","name":"Pressenza","description":"International Press Agency","publisher":{"@id":"https:\/\/www.pressenza.com\/es\/#organization"},"potentialAction":[{"@type":"SearchAction","target":{"@type":"EntryPoint","urlTemplate":"https:\/\/www.pressenza.com\/es\/?s={search_term_string}"},"query-input":{"@type":"PropertyValueSpecification","valueRequired":true,"valueName":"search_term_string"}}],"inLanguage":"es"},{"@type":"Organization","@id":"https:\/\/www.pressenza.com\/es\/#organization","name":"Pressenza","url":"https:\/\/www.pressenza.com\/es\/","logo":{"@type":"ImageObject","inLanguage":"es","@id":"https:\/\/www.pressenza.com\/es\/#\/schema\/logo\/image\/","url":"https:\/\/www.pressenza.com\/wp-content\/uploads\/2022\/10\/pressenza_logo_200x200.jpg","contentUrl":"https:\/\/www.pressenza.com\/wp-content\/uploads\/2022\/10\/pressenza_logo_200x200.jpg","width":200,"height":200,"caption":"Pressenza"},"image":{"@id":"https:\/\/www.pressenza.com\/es\/#\/schema\/logo\/image\/"},"sameAs":["https:\/\/www.facebook.com\/PressenzaItalia","https:\/\/x.com\/PressenzaIPA"]},{"@type":"Person","@id":"https:\/\/www.pressenza.com\/es\/#\/schema\/person\/e86c29a41185b85084a478822f5de81b","name":"Redacci\u00f3n Per\u00fa","description":"News published by the Pressenza bureau in Peru","url":"https:\/\/www.pressenza.com\/es\/author\/redaccion-peru\/"}]}},"place":"","original_article_url":"https:\/\/www.servindi.org\/actualidad-noticias\/17\/03\/2022\/rechazan-fallo-del-tc-que-ordena-liberacion-de-alberto-fujimori","_links":{"self":[{"href":"https:\/\/www.pressenza.com\/es\/wp-json\/wp\/v2\/posts\/1546162","targetHints":{"allow":["GET"]}}],"collection":[{"href":"https:\/\/www.pressenza.com\/es\/wp-json\/wp\/v2\/posts"}],"about":[{"href":"https:\/\/www.pressenza.com\/es\/wp-json\/wp\/v2\/types\/post"}],"author":[{"embeddable":true,"href":"https:\/\/www.pressenza.com\/es\/wp-json\/wp\/v2\/users\/831"}],"replies":[{"embeddable":true,"href":"https:\/\/www.pressenza.com\/es\/wp-json\/wp\/v2\/comments?post=1546162"}],"version-history":[{"count":0,"href":"https:\/\/www.pressenza.com\/es\/wp-json\/wp\/v2\/posts\/1546162\/revisions"}],"wp:featuredmedia":[{"embeddable":true,"href":"https:\/\/www.pressenza.com\/es\/wp-json\/wp\/v2\/media\/1546175"}],"wp:attachment":[{"href":"https:\/\/www.pressenza.com\/es\/wp-json\/wp\/v2\/media?parent=1546162"}],"wp:term":[{"taxonomy":"category","embeddable":true,"href":"https:\/\/www.pressenza.com\/es\/wp-json\/wp\/v2\/categories?post=1546162"},{"taxonomy":"post_tag","embeddable":true,"href":"https:\/\/www.pressenza.com\/es\/wp-json\/wp\/v2\/tags?post=1546162"}],"curies":[{"name":"wp","href":"https:\/\/api.w.org\/{rel}","templated":true}]}}