{"id":1544733,"date":"2022-03-18T02:14:24","date_gmt":"2022-03-18T02:14:24","guid":{"rendered":"https:\/\/www.pressenza.com\/?p=1544733"},"modified":"2022-03-17T05:48:10","modified_gmt":"2022-03-17T05:48:10","slug":"me-consta-que-la-comunicacion-entre-las-cupulas-militares-de-rusia-y-ee-uu-se-esta-produciendo","status":"publish","type":"post","link":"https:\/\/www.pressenza.com\/es\/2022\/03\/me-consta-que-la-comunicacion-entre-las-cupulas-militares-de-rusia-y-ee-uu-se-esta-produciendo\/","title":{"rendered":"\u201cMe consta que la comunicaci\u00f3n entre las c\u00fapulas militares de Rusia y EE.UU. se est\u00e1 produciendo\u201d"},"content":{"rendered":"<p>Por Sebastiaan Faber\/Ctxt<\/p>\n<p>\u201cLa evidencia documental es abrumadora\u201d, escrib\u00eda Rafael Poch cuando\u00a0<a href=\"https:\/\/ctxt.es\/es\/20220201\/Firmas\/38771\/rusia-rafael-poch-gorbachov-otan-osce-europa-carta-de-paris.htm\" target=\"_blank\" rel=\"noopener\">explic\u00f3<\/a>\u00a0en estas p\u00e1ginas que en 1990 la OTAN se comprometi\u00f3 con la URSS a no ampliarse \u201cni una pulgada\u201d hacia el Este: una promesa rota una y otra vez, hasta llegar a la posibilidad \u2013anatema para Rusia\u2013 de que Ucrania se uniera a la alianza atl\u00e1ntica.<\/p>\n<p>Si Poch y otros analistas han podido expresarse con tanta convicci\u00f3n es gracias a Tom Blanton y Svetlana Savranskaya, un matrimonio de analistas que ha trabajado durante muchos a\u00f1os por desclasificar, indexar y publicar los archivos secretos de las conversaciones mantenidas entre representantes occidentales y sovi\u00e9ticos. Su \u00faltimo libro,\u00a0<a href=\"https:\/\/ceupress.com\/book\/last-superpower-summits\" target=\"_blank\" rel=\"noopener\"><em>The Last Superpower Summits<\/em><\/a><em>\u00a0<\/em>(las \u00faltimas cumbres de los superpoderes), de m\u00e1s de mil p\u00e1ginas, reproduce y analiza los di\u00e1logos entre los presidentes Reagan, Gorbachov y Bush que llevaron al final de la Guerra Fr\u00eda.<\/p>\n<p>Blanton (1955) es director del\u00a0<a href=\"https:\/\/nsarchive.gwu.edu\/\" target=\"_blank\" rel=\"noopener\">National Security Archive<\/a>, una organizaci\u00f3n sin \u00e1nimo de lucro con sede en Washington D. C. que lleva casi 40 a\u00f1os dedicada a usar la ley norteamericana de la Libertad de Informaci\u00f3n (FOIA por sus siglas en ingl\u00e9s) para desclasificar e investigar documentos secretos del gobierno norteamericano, sobre todo con respecto a su pol\u00edtica exterior, desde Chile y El Salvador hasta Medio Oriente y Asia. Desde su fundaci\u00f3n en 1985, el NSA (que no hay que confundir con la \u201cotra\u201d NSA, la National Security Agency, hermana del FBI y de la CIA) ha logrado desclasificar m\u00e1s de diez millones de p\u00e1ginas, muchas de las cuales est\u00e1n disponibles al p\u00fablico mediante su p\u00e1gina web.<\/p>\n<p>Para su investigaci\u00f3n de las relaciones entre EE.UU. y la URSS durante y despu\u00e9s de la Guerra Fr\u00eda, Blanton y Savranskaya tambi\u00e9n han contado, adem\u00e1s de con miles de archivos secretos, con testimonios orales de exmilitares, diplom\u00e1ticos y pol\u00edticos. Y han colaborado estrechamente con organizaciones rusas como Memorial, la ONG dedicada a investigar la represi\u00f3n estatal en la URSS, que no casualmente fue \u201cliquidada\u201d a comienzos de marzo.<\/p>\n<p>Blanton dirige el National Security Archive desde 1992. Nos atiende por videoconferencia desde su casa en Maryland.<\/p>\n<p><strong>\u2014\u00bfCu\u00e1l ha sido su estado de \u00e1nimo estos d\u00edas?<\/strong><\/p>\n<p>\u2014Bueno, \u00bfqu\u00e9 quieres que te diga? Mi mujer y yo tenemos parientes tanto en Ucrania como en Rusia. Dos primos nuestros de Ucrania han podido salir y acaban de llegar a Holanda. Pero dos t\u00edos de mi mujer a\u00fan est\u00e1n en un peque\u00f1o pueblo en el oeste del pa\u00eds. Tenemos primos en Kiev y cerca de Odesa que se han negado a salir, decididos a ayudar en la defensa. Adem\u00e1s, llevamos muchos a\u00f1os trabajando con organizaciones rusas como Memorial, que fue cerrada hace dos semanas por orden del Tribunal Supremo de Rusia, y con los generales rusos que se involucraron en la recogida de todas las armas nucleares esparcidas por el antiguo territorio sovi\u00e9tico desde 1991. En otras palabras, las p\u00e9rdidas que estamos viviendo son m\u00faltiples: familiares, personales y profesionales. Es una tragedia absoluta \u2013inimaginable, la verdad\u2013 ver c\u00f3mo los rusos bombardean ciudades como J\u00e1rkov, un centro de la civilizaci\u00f3n ucraniana tanto como rusa.<\/p>\n<p><strong>\u2014Hay quienes mantienen que esta ha sido una cr\u00f3nica de una tragedia anunciada. La invasi\u00f3n, dicen, se ve\u00eda venir.<\/strong><\/p>\n<p>\u2014No estoy de acuerdo. Es verdad que los servicios de inteligencia norteamericanos estaban vociferando sobre una invasi\u00f3n inminente. Pero no hay que olvidar que se trata de los mismos servicios de inteligencia que nos dec\u00edan que Sadam Husein ten\u00eda armas de destrucci\u00f3n masiva. Los que formamos parte de la sociedad civil tenemos el deber de tratar lo que dicen los esp\u00edas con cierto escepticismo.<\/p>\n<p>Por otra parte, en diciembre, la periodista Elena Chernenko public\u00f3 un reportaje iluminador en\u00a0<em>Kommersant\u00a0<\/em>\u2013creo que acaban de despedirla por haber organizado la carta de periodistas contra la guerra\u2013 en el que se\u00f1alaba un cambio de postura significativo entre la \u00e9lite de Mosc\u00fa, en particular en Asuntos Exteriores, donde perdieron toda fe en una soluci\u00f3n diplom\u00e1tica con respecto a Ucrania. Lo m\u00e1s probable \u2013predec\u00eda Chernenko en diciembre\u2013 era que Mosc\u00fa reconociera la independencia de las rep\u00fablicas orientales de Ucrania y que se dispusiera a reforzarlas militarmente. Pero la periodista tambi\u00e9n agreg\u00f3 que se estaban barajando opciones m\u00e1s radicales.<\/p>\n<p><strong>\u2014\u00bfQuiere decir que la invasi\u00f3n pudo haberse evitado?<\/strong><\/p>\n<p>\u2014No. Impedirla habr\u00eda exigido acciones dram\u00e1ticas de parte de Ucrania que ni Zelensky ni el resto de los pol\u00edticos ucranianos estaban dispuestos a considerar. Recuerda que el propio Zelensky insisti\u00f3 en minimizar la amenaza de una posible invasi\u00f3n rusa. Y aunque el segundo d\u00eda de la invasi\u00f3n Zelenski ofreci\u00f3 lo que Putin llevaba pidiendo desde diciembre \u2013una Ucrania neutral\u2013, hoy ya no estar\u00eda dispuesto a considerar esa posibilidad.<\/p>\n<p><strong>\u2014En otras palabras, con cada d\u00eda que ha pasado, se han venido cerrando las salidas a la crisis.<\/strong><\/p>\n<p>\u2014En efecto. Es una de las grandes tragedias de lo que estamos viviendo: que hay cada vez menos salidas \u2013<em>off-ramps,\u00a0<\/em>en ingl\u00e9s\u2013 que nos alejen de la violencia, infligida casi toda por los rusos. Mientras tanto, Putin ya ha fracasado con respecto a su objetivo pol\u00edtico principal, que era la neutralidad de Ucrania. Lo mismo cabe decir de sus otros objetivos: pretend\u00eda dividir a Europa, dividir a la OTAN, hacer que EE.UU. pareciera d\u00e9bil. Est\u00e1 fallando en todo.<em>\u00a0<\/em>Calcul\u00f3 mal, dram\u00e1ticamente mal.<\/p>\n<p><strong>\u2014Hay quienes mantienen que Putin se ha vuelto loco.<\/strong><\/p>\n<p>\u2014Eso no lo creo. Me parece que tiene raz\u00f3n Rob Lee, el analista militar del Foreign Policy Research Institute, cuando <a href=\"https:\/\/www.fpri.org\/article\/2022\/01\/moscows-compellence-strategy\/\">concluy\u00f3<\/a>\u00a0a mediados de enero que, ante la situaci\u00f3n en Ucrania y el fracaso de las negociaciones \u2013la negativa rotunda del Parlamento ucraniano, la Rada\u2013, Mosc\u00fa decidi\u00f3 abandonar su estrategia de\u00a0<em>deterrence,<\/em>\u00a0o disuasi\u00f3n, a favor de una estrategia de\u00a0<em>compellence,\u00a0<\/em>o coacci\u00f3n.<\/p>\n<p><strong>\u2014\u00bfUsted pensaba que Rusia invadir\u00eda?<\/strong><\/p>\n<p>\u2014No, la verdad es que no. En el \u00faltimo a\u00f1o, Svetlana y yo dimos docenas de entrevistas, charlas y seminarios sobre el tema. Siempre se nos hac\u00eda la misma pregunta: \u00bflos rusos tienen por qu\u00e9 sentirse agraviados? Y siempre contest\u00e1bamos que s\u00ed, claro. Basta con ver los documentos: les mintieron sobre la expansi\u00f3n de la OTAN. Durante a\u00f1os, los rusos vieron c\u00f3mo EE.UU. se entregaba a una pol\u00edtica exterior unilateral, desde el bombardeo de Kosovo por Bill Clinton y la retirada del Tratado sobre Misiles Antibal\u00edsticos \u2013y la invasi\u00f3n de Iraq\u2013 por George W. Bush, o la retirada por parte de Trump tanto del Tratado INF como del Acuerdo de Par\u00eds. Desde el punto de vista de Putin, Estados Unidos lleva 20 a\u00f1os actuando de forma unilateral y enviando mensajes enga\u00f1osos. No sorprende que el tema le tenga cada vez m\u00e1s resentido y airado. Entonces, \u00bflos rusos tienen por qu\u00e9 sentirse agraviados? Ya lo creo. \u00bfEsto justifica una invasi\u00f3n criminal de un pa\u00eds soberano? De ninguna manera. Yo personalmente no cre\u00eda que Putin fuera a invadir porque los costos de una invasi\u00f3n le saldr\u00edan demasiado altos.<\/p>\n<p><strong>\u2014En Espa\u00f1a, ha habido un debate intenso sobre el env\u00edo de armas, que ha dividido a la izquierda. Algunos argumentan que hay que ayudar al pueblo ucraniano a defenderse. Otros dicen que alargar una guerra que nunca podr\u00e1 ganar Ucrania equivale a incrementar el sufrimiento de la poblaci\u00f3n. \u00bfUsted tiene una opini\u00f3n al respecto?<\/strong><\/p>\n<p>\u2014No. Ni tampoco creo que tenga mucho sentido debatir sobre el tema, m\u00e1s all\u00e1 del hecho de que, a estas alturas, es un debate acad\u00e9mico porque la UE ya est\u00e1 enviando armas. Los debates no siempre son el mejor camino para llegar a la verdad. No es dif\u00edcil presentar un argumento poderoso en contra del env\u00edo de armas: la \u00fanica forma de reducir el sufrimiento humano es construir el mayor n\u00famero posible de salidas diplom\u00e1ticas, presionar a Zelenski para que asuma la neutralidad, detener el flujo de las armas, incrementar la presi\u00f3n sobre Rusia para que emprenda la retirada. Pero la verdad es que, bajo las circunstancias actuales, no veo forma de que Rusia se retire, por m\u00e1s presi\u00f3n diplom\u00e1tica que se ejerza. Las sanciones econ\u00f3micas, por su parte, tardan meses o a\u00f1os en tener un impacto. Adem\u00e1s, en el \u00e1mbito dom\u00e9stico la propaganda de Putin es muy intensa. Cuando hablamos con nuestros amigos en Mosc\u00fa nos dicen que se lo tienen que pensar dos veces antes de salir a protestar. Antes, lo com\u00fan era que te deten\u00edan, pasabas una noche en la c\u00e1rcel y te soltaban. Hoy, la polic\u00eda tiene \u00f3rdenes de proporcionar una paliza m\u00e1xima a los manifestantes antes de meterlos en la furgoneta. En otras palabras, para los rusos que se oponen a la guerra, hoy la pregunta no solo es: \u00bfestoy dispuesto a que me detengan, que pierda mi trabajo y que los servicios de seguridad me tengan fichado durante el resto de mi vida? Hoy, la pregunta es, adem\u00e1s: \u00bfestoy dispuesto a que me abran el cr\u00e1neo? El domingo pasado, sin ir m\u00e1s lejos, hubo m\u00e1s de 4.000 detenciones, con m\u00faltiples contusiones, brazos rotos, etc\u00e9tera. \u00bfQui\u00e9n soy yo, desde la comodidad de mi casa en Maryland, para llamar a los rusos a protestar y arriesgarse as\u00ed?<\/p>\n<p><strong>\u2014Entonces, \u00bfno ve posible que Putin acceda a una retirada de sus tropas?<\/strong><\/p>\n<p>\u2014Con el tiempo, creo que puede haber dos din\u00e1micas que lleven a un repliegue. La primera es que contin\u00fae el fermento popular. A m\u00ed me ha sorprendido el volumen de las protestas. Ya son 103 las ciudades y los pueblos en que los rusos han salido a manifestarse contra la guerra. Esto demuestra que la gente tiene acceso a fuentes alternativas de informaci\u00f3n. Por este mismo motivo no me parece bien que las grandes empresas tecnol\u00f3gicas est\u00e9n hablando de salir de Rusia. Ser\u00eda mejor mantenerlas abiertas para contrarrestar la propaganda oficial.<\/p>\n<p><strong>\u2014\u00bfY la segunda din\u00e1mica?<\/strong><\/p>\n<p>\u2014Ser\u00eda que se produjera un c\u00e1lculo de la \u00e9lite econ\u00f3mica en vista del da\u00f1o producido por las sanciones. Pero para que esto ocurra, el mensaje tendr\u00eda que ser mucho m\u00e1s claro. Por ejemplo, si McDonald&#8217;s cierra sus cientos de sucursales en Rusia, deber\u00eda decir, a las claras, que las volver\u00e1 a abrir en cuanto Rusia retire sus tropas de Ucrania. En otras palabras, no se trata de esperar a que el Congreso de Estados Unidos levante las sanciones, que puede ser nunca. Recordemos lo que pas\u00f3 con Cuba, donde las sanciones no solo fueron ineficaces, sino que acabaron produciendo lo que se dec\u00eda que iban a impedir: la institucionalizaci\u00f3n del r\u00e9gimen.<\/p>\n<p><strong>\u2014Entonces, est\u00e1 a favor de sanciones que exijan una retirada inmediata.<\/strong><\/p>\n<p>\u2014Exacto. Porque la retirada militar es la \u00fanica forma de reducir el da\u00f1o humano. Despu\u00e9s habr\u00e1 que emprender la reconstrucci\u00f3n, hablar de responsabilidades, de cr\u00edmenes de guerra y todos los dem\u00e1s procesos de los que disponemos para reparar el da\u00f1o infligido por actos criminales.<\/p>\n<p><strong>\u2014Pero las sanciones no se han impuesto desde ese marco.<\/strong><\/p>\n<p>\u2014No, o al menos no lo suficientemente. En su lugar, se ha ido imponiendo un marco que me parece absolutamente contraproducente: que las sanciones se mantendr\u00e1n en vigor hasta que se produzca un cambio de r\u00e9gimen. Perdona, pero eso no es realista. Es m\u00e1s, solo har\u00e1 que Putin se aferre m\u00e1s a su poder.<\/p>\n<p><strong>\u2014El trabajo que han estado haciendo usted y sus colegas en el National Security Archive ha demostrado con creces el poder de las conversaciones bilaterales: los acuerdos positivos a los que se puede llegar y qu\u00e9 ocurre cuando los pol\u00edticos rompen esos acuerdos. \u00bfNo tiene la sensaci\u00f3n de que el clima actual, en que se van imponiendo marcos narrativos extremadamente moralizantes, amenaza con borrar todo lo que hemos podido aprender de su trabajo de an\u00e1lisis y desclasificaci\u00f3n?<\/strong><\/p>\n<p>\u2014Honestamente, no lo creo. Tanto en la Casa Blanca como en el Pent\u00e1gono y en los servicios diplom\u00e1ticos hay personas muy sensatas con un gran conocimiento de la historia. Tambi\u00e9n en el Departamento de Estado [Asuntos Exteriores] son muy conscientes de la importancia de mantener abiertos los canales de comunicaci\u00f3n, por ejemplo en torno a la estabilidad estrat\u00e9gica. As\u00ed tambi\u00e9n en el Departamento de Defensa reconocen la necesidad imperiosa de crear salidas, <em>off-ramps,<\/em>\u00a0para Rusia. Lloyd Austin, el actual ministro de Defensa, es un exconsejero de la Carnegie Corporation de Nueva York, que ha sido, precisamente, uno de los grandes patrocinadores de nuestro trabajo con instituciones en Rusia, Ucrania y Kazajist\u00e1n.<\/p>\n<p><strong>\u2014Su trabajo como investigador est\u00e1 dedicado a revelar, <em>a posteriori<\/em>, lo que transcurr\u00eda en secreto. \u00bfQu\u00e9 est\u00e1 ocurriendo hoy que no sabremos con seguridad hasta cuando, en un futuro, se desclasifiquen los archivos?<\/strong><\/p>\n<p>\u2014Una de las grandes lecciones de nuestra labor de investigaci\u00f3n subraya la importancia crucial de la comunicaci\u00f3n entre las c\u00fapulas militares de cada pa\u00eds, por debajo del nivel pol\u00edtico. Ahora bien, me consta que comunicaciones en ese sentido entre Rusia y Estados Unidos se est\u00e1n produciendo a altos niveles, incluso desde la invasi\u00f3n, para evitar que las cosas escalen m\u00e1s. Por supuesto, no escucharemos a nadie de la administraci\u00f3n de Biden decir nada en este sentido. Pero me consta que las lecciones del pasado las tienen muy presentes. Lo vimos cuando Putin hizo un amago de amenaza nuclear y el departamento de Defensa de Estados Unidos reaccion\u00f3 con calma e inteligencia. No me quiero imaginar c\u00f3mo hubiera reaccionado en esa situaci\u00f3n un presidente como Trump. Entonces s\u00ed podr\u00eda haberse impuesto la locura.<\/p>\n","protected":false},"excerpt":{"rendered":"<p>Por Sebastiaan Faber\/Ctxt \u201cLa evidencia documental es abrumadora\u201d, escrib\u00eda Rafael Poch cuando\u00a0explic\u00f3\u00a0en estas p\u00e1ginas que en 1990 la OTAN se comprometi\u00f3 con la URSS a no ampliarse \u201cni una pulgada\u201d hacia el Este: una promesa rota una y otra vez,&hellip;<\/p>\n","protected":false},"author":1681,"featured_media":1544734,"comment_status":"closed","ping_status":"closed","sticky":false,"template":"","format":"standard","meta":{"footnotes":""},"categories":[68,161,1243],"tags":[54016,8647,924,715,8879],"class_list":["post-1544733","post","type-post","status-publish","format-standard","has-post-thumbnail","hentry","category-norteamerica","category-opiniones","category-paz-desarme","tag-estados-unidos-es","tag-negociaciones","tag-otan","tag-rusia","tag-ucrania"],"yoast_head":"<!-- This site is optimized with the Yoast SEO plugin v27.1.1 - https:\/\/yoast.com\/product\/yoast-seo-wordpress\/ -->\n<title>\u201cMe consta que la comunicaci\u00f3n entre las c\u00fapulas militares de Rusia y EE.UU. se est\u00e1 produciendo\u201d<\/title>\n<meta name=\"description\" content=\"Por Sebastiaan Faber\/Ctxt \u201cLa evidencia documental es abrumadora\u201d, escrib\u00eda Rafael Poch cuando\u00a0explic\u00f3\u00a0en estas p\u00e1ginas que en 1990 la OTAN se comprometi\u00f3\" \/>\n<meta name=\"robots\" content=\"index, follow, max-snippet:-1, max-image-preview:large, max-video-preview:-1\" \/>\n<link rel=\"canonical\" href=\"https:\/\/www.pressenza.com\/es\/2022\/03\/me-consta-que-la-comunicacion-entre-las-cupulas-militares-de-rusia-y-ee-uu-se-esta-produciendo\/\" \/>\n<meta property=\"og:locale\" content=\"es_ES\" \/>\n<meta property=\"og:type\" content=\"article\" \/>\n<meta property=\"og:title\" content=\"\u201cMe consta que la comunicaci\u00f3n entre las c\u00fapulas militares de Rusia y EE.UU. se est\u00e1 produciendo\u201d\" \/>\n<meta property=\"og:description\" content=\"Por Sebastiaan Faber\/Ctxt \u201cLa evidencia documental es abrumadora\u201d, escrib\u00eda Rafael Poch cuando\u00a0explic\u00f3\u00a0en estas p\u00e1ginas que en 1990 la OTAN se comprometi\u00f3\" \/>\n<meta property=\"og:url\" content=\"https:\/\/www.pressenza.com\/es\/2022\/03\/me-consta-que-la-comunicacion-entre-las-cupulas-militares-de-rusia-y-ee-uu-se-esta-produciendo\/\" \/>\n<meta property=\"og:site_name\" content=\"Pressenza\" \/>\n<meta property=\"article:publisher\" content=\"https:\/\/www.facebook.com\/PressenzaItalia\" \/>\n<meta property=\"article:published_time\" content=\"2022-03-18T02:14:24+00:00\" \/>\n<meta property=\"og:image\" content=\"https:\/\/www.pressenza.com\/wp-content\/uploads\/2022\/03\/Tengyart-unsplash.jpg\" \/>\n\t<meta property=\"og:image:width\" content=\"1024\" \/>\n\t<meta property=\"og:image:height\" content=\"768\" \/>\n\t<meta property=\"og:image:type\" content=\"image\/jpeg\" \/>\n<meta name=\"author\" content=\"Redacci\u00f3n Espa\u00f1a\" \/>\n<meta name=\"twitter:card\" content=\"summary_large_image\" \/>\n<meta name=\"twitter:creator\" content=\"@PressenzaIPA\" \/>\n<meta name=\"twitter:site\" content=\"@PressenzaIPA\" \/>\n<meta name=\"twitter:label1\" content=\"Escrito por\" \/>\n\t<meta name=\"twitter:data1\" content=\"Redacci\u00f3n Espa\u00f1a\" \/>\n\t<meta name=\"twitter:label2\" content=\"Tiempo de lectura\" \/>\n\t<meta name=\"twitter:data2\" content=\"10 minutos\" \/>\n<script type=\"application\/ld+json\" class=\"yoast-schema-graph\">{\"@context\":\"https:\/\/schema.org\",\"@graph\":[{\"@type\":\"Article\",\"@id\":\"https:\/\/www.pressenza.com\/es\/2022\/03\/me-consta-que-la-comunicacion-entre-las-cupulas-militares-de-rusia-y-ee-uu-se-esta-produciendo\/#article\",\"isPartOf\":{\"@id\":\"https:\/\/www.pressenza.com\/es\/2022\/03\/me-consta-que-la-comunicacion-entre-las-cupulas-militares-de-rusia-y-ee-uu-se-esta-produciendo\/\"},\"author\":{\"name\":\"Redacci\u00f3n Espa\u00f1a\",\"@id\":\"https:\/\/www.pressenza.com\/es\/#\/schema\/person\/fffbbe2f14495897417f313a954dae23\"},\"headline\":\"\u201cMe consta que la comunicaci\u00f3n entre las c\u00fapulas militares de Rusia y EE.UU. se est\u00e1 produciendo\u201d\",\"datePublished\":\"2022-03-18T02:14:24+00:00\",\"mainEntityOfPage\":{\"@id\":\"https:\/\/www.pressenza.com\/es\/2022\/03\/me-consta-que-la-comunicacion-entre-las-cupulas-militares-de-rusia-y-ee-uu-se-esta-produciendo\/\"},\"wordCount\":2368,\"publisher\":{\"@id\":\"https:\/\/www.pressenza.com\/es\/#organization\"},\"image\":{\"@id\":\"https:\/\/www.pressenza.com\/es\/2022\/03\/me-consta-que-la-comunicacion-entre-las-cupulas-militares-de-rusia-y-ee-uu-se-esta-produciendo\/#primaryimage\"},\"thumbnailUrl\":\"https:\/\/www.pressenza.com\/wp-content\/uploads\/2022\/03\/Tengyart-unsplash.jpg\",\"keywords\":[\"Estados Unidos\",\"negociaciones\",\"OTAN\",\"Rusia\",\"Ucrania\"],\"articleSection\":[\"Norteam\u00e9rica\",\"Opiniones\",\"Paz y Desarme\"],\"inLanguage\":\"es\"},{\"@type\":\"WebPage\",\"@id\":\"https:\/\/www.pressenza.com\/es\/2022\/03\/me-consta-que-la-comunicacion-entre-las-cupulas-militares-de-rusia-y-ee-uu-se-esta-produciendo\/\",\"url\":\"https:\/\/www.pressenza.com\/es\/2022\/03\/me-consta-que-la-comunicacion-entre-las-cupulas-militares-de-rusia-y-ee-uu-se-esta-produciendo\/\",\"name\":\"\u201cMe consta que la comunicaci\u00f3n entre las c\u00fapulas militares de Rusia y EE.UU. se est\u00e1 produciendo\u201d\",\"isPartOf\":{\"@id\":\"https:\/\/www.pressenza.com\/es\/#website\"},\"primaryImageOfPage\":{\"@id\":\"https:\/\/www.pressenza.com\/es\/2022\/03\/me-consta-que-la-comunicacion-entre-las-cupulas-militares-de-rusia-y-ee-uu-se-esta-produciendo\/#primaryimage\"},\"image\":{\"@id\":\"https:\/\/www.pressenza.com\/es\/2022\/03\/me-consta-que-la-comunicacion-entre-las-cupulas-militares-de-rusia-y-ee-uu-se-esta-produciendo\/#primaryimage\"},\"thumbnailUrl\":\"https:\/\/www.pressenza.com\/wp-content\/uploads\/2022\/03\/Tengyart-unsplash.jpg\",\"datePublished\":\"2022-03-18T02:14:24+00:00\",\"description\":\"Por Sebastiaan Faber\/Ctxt \u201cLa evidencia documental es abrumadora\u201d, escrib\u00eda Rafael Poch cuando\u00a0explic\u00f3\u00a0en estas p\u00e1ginas que en 1990 la OTAN se comprometi\u00f3\",\"breadcrumb\":{\"@id\":\"https:\/\/www.pressenza.com\/es\/2022\/03\/me-consta-que-la-comunicacion-entre-las-cupulas-militares-de-rusia-y-ee-uu-se-esta-produciendo\/#breadcrumb\"},\"inLanguage\":\"es\",\"potentialAction\":[{\"@type\":\"ReadAction\",\"target\":[\"https:\/\/www.pressenza.com\/es\/2022\/03\/me-consta-que-la-comunicacion-entre-las-cupulas-militares-de-rusia-y-ee-uu-se-esta-produciendo\/\"]}]},{\"@type\":\"ImageObject\",\"inLanguage\":\"es\",\"@id\":\"https:\/\/www.pressenza.com\/es\/2022\/03\/me-consta-que-la-comunicacion-entre-las-cupulas-militares-de-rusia-y-ee-uu-se-esta-produciendo\/#primaryimage\",\"url\":\"https:\/\/www.pressenza.com\/wp-content\/uploads\/2022\/03\/Tengyart-unsplash.jpg\",\"contentUrl\":\"https:\/\/www.pressenza.com\/wp-content\/uploads\/2022\/03\/Tengyart-unsplash.jpg\",\"width\":1024,\"height\":768},{\"@type\":\"BreadcrumbList\",\"@id\":\"https:\/\/www.pressenza.com\/es\/2022\/03\/me-consta-que-la-comunicacion-entre-las-cupulas-militares-de-rusia-y-ee-uu-se-esta-produciendo\/#breadcrumb\",\"itemListElement\":[{\"@type\":\"ListItem\",\"position\":1,\"name\":\"Accueil\",\"item\":\"https:\/\/www.pressenza.com\/es\/\"},{\"@type\":\"ListItem\",\"position\":2,\"name\":\"\u201cMe consta que la comunicaci\u00f3n entre las c\u00fapulas militares de Rusia y EE.UU. se est\u00e1 produciendo\u201d\"}]},{\"@type\":\"WebSite\",\"@id\":\"https:\/\/www.pressenza.com\/es\/#website\",\"url\":\"https:\/\/www.pressenza.com\/es\/\",\"name\":\"Pressenza\",\"description\":\"International Press Agency\",\"publisher\":{\"@id\":\"https:\/\/www.pressenza.com\/es\/#organization\"},\"potentialAction\":[{\"@type\":\"SearchAction\",\"target\":{\"@type\":\"EntryPoint\",\"urlTemplate\":\"https:\/\/www.pressenza.com\/es\/?s={search_term_string}\"},\"query-input\":{\"@type\":\"PropertyValueSpecification\",\"valueRequired\":true,\"valueName\":\"search_term_string\"}}],\"inLanguage\":\"es\"},{\"@type\":\"Organization\",\"@id\":\"https:\/\/www.pressenza.com\/es\/#organization\",\"name\":\"Pressenza\",\"url\":\"https:\/\/www.pressenza.com\/es\/\",\"logo\":{\"@type\":\"ImageObject\",\"inLanguage\":\"es\",\"@id\":\"https:\/\/www.pressenza.com\/es\/#\/schema\/logo\/image\/\",\"url\":\"https:\/\/www.pressenza.com\/wp-content\/uploads\/2022\/10\/pressenza_logo_200x200.jpg\",\"contentUrl\":\"https:\/\/www.pressenza.com\/wp-content\/uploads\/2022\/10\/pressenza_logo_200x200.jpg\",\"width\":200,\"height\":200,\"caption\":\"Pressenza\"},\"image\":{\"@id\":\"https:\/\/www.pressenza.com\/es\/#\/schema\/logo\/image\/\"},\"sameAs\":[\"https:\/\/www.facebook.com\/PressenzaItalia\",\"https:\/\/x.com\/PressenzaIPA\"]},{\"@type\":\"Person\",\"@id\":\"https:\/\/www.pressenza.com\/es\/#\/schema\/person\/fffbbe2f14495897417f313a954dae23\",\"name\":\"Redacci\u00f3n Espa\u00f1a\",\"url\":\"https:\/\/www.pressenza.com\/es\/author\/redaccion-espana\/\"}]}<\/script>\n<!-- \/ Yoast SEO plugin. -->","yoast_head_json":{"title":"\u201cMe consta que la comunicaci\u00f3n entre las c\u00fapulas militares de Rusia y EE.UU. se est\u00e1 produciendo\u201d","description":"Por Sebastiaan Faber\/Ctxt \u201cLa evidencia documental es abrumadora\u201d, escrib\u00eda Rafael Poch cuando\u00a0explic\u00f3\u00a0en estas p\u00e1ginas que en 1990 la OTAN se comprometi\u00f3","robots":{"index":"index","follow":"follow","max-snippet":"max-snippet:-1","max-image-preview":"max-image-preview:large","max-video-preview":"max-video-preview:-1"},"canonical":"https:\/\/www.pressenza.com\/es\/2022\/03\/me-consta-que-la-comunicacion-entre-las-cupulas-militares-de-rusia-y-ee-uu-se-esta-produciendo\/","og_locale":"es_ES","og_type":"article","og_title":"\u201cMe consta que la comunicaci\u00f3n entre las c\u00fapulas militares de Rusia y EE.UU. se est\u00e1 produciendo\u201d","og_description":"Por Sebastiaan Faber\/Ctxt \u201cLa evidencia documental es abrumadora\u201d, escrib\u00eda Rafael Poch cuando\u00a0explic\u00f3\u00a0en estas p\u00e1ginas que en 1990 la OTAN se comprometi\u00f3","og_url":"https:\/\/www.pressenza.com\/es\/2022\/03\/me-consta-que-la-comunicacion-entre-las-cupulas-militares-de-rusia-y-ee-uu-se-esta-produciendo\/","og_site_name":"Pressenza","article_publisher":"https:\/\/www.facebook.com\/PressenzaItalia","article_published_time":"2022-03-18T02:14:24+00:00","og_image":[{"width":1024,"height":768,"url":"https:\/\/www.pressenza.com\/wp-content\/uploads\/2022\/03\/Tengyart-unsplash.jpg","type":"image\/jpeg"}],"author":"Redacci\u00f3n Espa\u00f1a","twitter_card":"summary_large_image","twitter_creator":"@PressenzaIPA","twitter_site":"@PressenzaIPA","twitter_misc":{"Escrito por":"Redacci\u00f3n Espa\u00f1a","Tiempo de lectura":"10 minutos"},"schema":{"@context":"https:\/\/schema.org","@graph":[{"@type":"Article","@id":"https:\/\/www.pressenza.com\/es\/2022\/03\/me-consta-que-la-comunicacion-entre-las-cupulas-militares-de-rusia-y-ee-uu-se-esta-produciendo\/#article","isPartOf":{"@id":"https:\/\/www.pressenza.com\/es\/2022\/03\/me-consta-que-la-comunicacion-entre-las-cupulas-militares-de-rusia-y-ee-uu-se-esta-produciendo\/"},"author":{"name":"Redacci\u00f3n Espa\u00f1a","@id":"https:\/\/www.pressenza.com\/es\/#\/schema\/person\/fffbbe2f14495897417f313a954dae23"},"headline":"\u201cMe consta que la comunicaci\u00f3n entre las c\u00fapulas militares de Rusia y EE.UU. se est\u00e1 produciendo\u201d","datePublished":"2022-03-18T02:14:24+00:00","mainEntityOfPage":{"@id":"https:\/\/www.pressenza.com\/es\/2022\/03\/me-consta-que-la-comunicacion-entre-las-cupulas-militares-de-rusia-y-ee-uu-se-esta-produciendo\/"},"wordCount":2368,"publisher":{"@id":"https:\/\/www.pressenza.com\/es\/#organization"},"image":{"@id":"https:\/\/www.pressenza.com\/es\/2022\/03\/me-consta-que-la-comunicacion-entre-las-cupulas-militares-de-rusia-y-ee-uu-se-esta-produciendo\/#primaryimage"},"thumbnailUrl":"https:\/\/www.pressenza.com\/wp-content\/uploads\/2022\/03\/Tengyart-unsplash.jpg","keywords":["Estados Unidos","negociaciones","OTAN","Rusia","Ucrania"],"articleSection":["Norteam\u00e9rica","Opiniones","Paz y Desarme"],"inLanguage":"es"},{"@type":"WebPage","@id":"https:\/\/www.pressenza.com\/es\/2022\/03\/me-consta-que-la-comunicacion-entre-las-cupulas-militares-de-rusia-y-ee-uu-se-esta-produciendo\/","url":"https:\/\/www.pressenza.com\/es\/2022\/03\/me-consta-que-la-comunicacion-entre-las-cupulas-militares-de-rusia-y-ee-uu-se-esta-produciendo\/","name":"\u201cMe consta que la comunicaci\u00f3n entre las c\u00fapulas militares de Rusia y EE.UU. se est\u00e1 produciendo\u201d","isPartOf":{"@id":"https:\/\/www.pressenza.com\/es\/#website"},"primaryImageOfPage":{"@id":"https:\/\/www.pressenza.com\/es\/2022\/03\/me-consta-que-la-comunicacion-entre-las-cupulas-militares-de-rusia-y-ee-uu-se-esta-produciendo\/#primaryimage"},"image":{"@id":"https:\/\/www.pressenza.com\/es\/2022\/03\/me-consta-que-la-comunicacion-entre-las-cupulas-militares-de-rusia-y-ee-uu-se-esta-produciendo\/#primaryimage"},"thumbnailUrl":"https:\/\/www.pressenza.com\/wp-content\/uploads\/2022\/03\/Tengyart-unsplash.jpg","datePublished":"2022-03-18T02:14:24+00:00","description":"Por Sebastiaan Faber\/Ctxt \u201cLa evidencia documental es abrumadora\u201d, escrib\u00eda Rafael Poch cuando\u00a0explic\u00f3\u00a0en estas p\u00e1ginas que en 1990 la OTAN se comprometi\u00f3","breadcrumb":{"@id":"https:\/\/www.pressenza.com\/es\/2022\/03\/me-consta-que-la-comunicacion-entre-las-cupulas-militares-de-rusia-y-ee-uu-se-esta-produciendo\/#breadcrumb"},"inLanguage":"es","potentialAction":[{"@type":"ReadAction","target":["https:\/\/www.pressenza.com\/es\/2022\/03\/me-consta-que-la-comunicacion-entre-las-cupulas-militares-de-rusia-y-ee-uu-se-esta-produciendo\/"]}]},{"@type":"ImageObject","inLanguage":"es","@id":"https:\/\/www.pressenza.com\/es\/2022\/03\/me-consta-que-la-comunicacion-entre-las-cupulas-militares-de-rusia-y-ee-uu-se-esta-produciendo\/#primaryimage","url":"https:\/\/www.pressenza.com\/wp-content\/uploads\/2022\/03\/Tengyart-unsplash.jpg","contentUrl":"https:\/\/www.pressenza.com\/wp-content\/uploads\/2022\/03\/Tengyart-unsplash.jpg","width":1024,"height":768},{"@type":"BreadcrumbList","@id":"https:\/\/www.pressenza.com\/es\/2022\/03\/me-consta-que-la-comunicacion-entre-las-cupulas-militares-de-rusia-y-ee-uu-se-esta-produciendo\/#breadcrumb","itemListElement":[{"@type":"ListItem","position":1,"name":"Accueil","item":"https:\/\/www.pressenza.com\/es\/"},{"@type":"ListItem","position":2,"name":"\u201cMe consta que la comunicaci\u00f3n entre las c\u00fapulas militares de Rusia y EE.UU. se est\u00e1 produciendo\u201d"}]},{"@type":"WebSite","@id":"https:\/\/www.pressenza.com\/es\/#website","url":"https:\/\/www.pressenza.com\/es\/","name":"Pressenza","description":"International Press Agency","publisher":{"@id":"https:\/\/www.pressenza.com\/es\/#organization"},"potentialAction":[{"@type":"SearchAction","target":{"@type":"EntryPoint","urlTemplate":"https:\/\/www.pressenza.com\/es\/?s={search_term_string}"},"query-input":{"@type":"PropertyValueSpecification","valueRequired":true,"valueName":"search_term_string"}}],"inLanguage":"es"},{"@type":"Organization","@id":"https:\/\/www.pressenza.com\/es\/#organization","name":"Pressenza","url":"https:\/\/www.pressenza.com\/es\/","logo":{"@type":"ImageObject","inLanguage":"es","@id":"https:\/\/www.pressenza.com\/es\/#\/schema\/logo\/image\/","url":"https:\/\/www.pressenza.com\/wp-content\/uploads\/2022\/10\/pressenza_logo_200x200.jpg","contentUrl":"https:\/\/www.pressenza.com\/wp-content\/uploads\/2022\/10\/pressenza_logo_200x200.jpg","width":200,"height":200,"caption":"Pressenza"},"image":{"@id":"https:\/\/www.pressenza.com\/es\/#\/schema\/logo\/image\/"},"sameAs":["https:\/\/www.facebook.com\/PressenzaItalia","https:\/\/x.com\/PressenzaIPA"]},{"@type":"Person","@id":"https:\/\/www.pressenza.com\/es\/#\/schema\/person\/fffbbe2f14495897417f313a954dae23","name":"Redacci\u00f3n Espa\u00f1a","url":"https:\/\/www.pressenza.com\/es\/author\/redaccion-espana\/"}]}},"place":"","original_article_url":"https:\/\/ctxt.es\/es\/20220301\/Politica\/39074\/Sebastiaan-Faber-Tom-Blanton-Rusia-EEUU-guerra-Ucrania-Putin.htm","_links":{"self":[{"href":"https:\/\/www.pressenza.com\/es\/wp-json\/wp\/v2\/posts\/1544733","targetHints":{"allow":["GET"]}}],"collection":[{"href":"https:\/\/www.pressenza.com\/es\/wp-json\/wp\/v2\/posts"}],"about":[{"href":"https:\/\/www.pressenza.com\/es\/wp-json\/wp\/v2\/types\/post"}],"author":[{"embeddable":true,"href":"https:\/\/www.pressenza.com\/es\/wp-json\/wp\/v2\/users\/1681"}],"replies":[{"embeddable":true,"href":"https:\/\/www.pressenza.com\/es\/wp-json\/wp\/v2\/comments?post=1544733"}],"version-history":[{"count":0,"href":"https:\/\/www.pressenza.com\/es\/wp-json\/wp\/v2\/posts\/1544733\/revisions"}],"wp:featuredmedia":[{"embeddable":true,"href":"https:\/\/www.pressenza.com\/es\/wp-json\/wp\/v2\/media\/1544734"}],"wp:attachment":[{"href":"https:\/\/www.pressenza.com\/es\/wp-json\/wp\/v2\/media?parent=1544733"}],"wp:term":[{"taxonomy":"category","embeddable":true,"href":"https:\/\/www.pressenza.com\/es\/wp-json\/wp\/v2\/categories?post=1544733"},{"taxonomy":"post_tag","embeddable":true,"href":"https:\/\/www.pressenza.com\/es\/wp-json\/wp\/v2\/tags?post=1544733"}],"curies":[{"name":"wp","href":"https:\/\/api.w.org\/{rel}","templated":true}]}}