{"id":1544718,"date":"2022-03-18T03:09:10","date_gmt":"2022-03-18T03:09:10","guid":{"rendered":"https:\/\/www.pressenza.com\/?p=1544718"},"modified":"2022-03-17T05:10:02","modified_gmt":"2022-03-17T05:10:02","slug":"24-semanas-150-latidos","status":"publish","type":"post","link":"https:\/\/www.pressenza.com\/es\/2022\/03\/24-semanas-150-latidos\/","title":{"rendered":"24 semanas, 150 latidos"},"content":{"rendered":"<p><span style=\"color: #808080;\"><em>15 de marzo 2022. El Espectador<\/em><\/span><\/p>\n<p>Env\u00edo esta columna el domingo, en plena jornada electoral. Debo dejar en pausa las expectativas y enfrentarme a otro tema inevitable: la despenalizaci\u00f3n del aborto. La sentencia de la Corte y mi opini\u00f3n como mujer, m\u00e9dico, madre y abuela tienen muchos puntos de contacto y uno inmenso en divergencia.<\/p>\n<p>Nota: Pertenezco a la Academia Nacional de Medicina (ANM) y particip\u00e9 en la redacci\u00f3n del reciente pronunciamiento, pero mis columnas y redes son absolutamente personales y est\u00e1n bajo mi exclusiva responsabilidad.<\/p>\n<p>Siempre he pensado que el C\u00f3digo Penal no tiene por qu\u00e9 meter sus p\u00e1ginas en la fisiolog\u00eda femenina. Luego de algo tan traum\u00e1tico como un aborto, una mujer necesita cualquier cosa menos la cicatriz de una c\u00e1rcel. Estoy, pues, de acuerdo con la despenalizaci\u00f3n del aborto, pero no en los t\u00e9rminos que plantea el comunicado (aun no se conoce la sentencia) de la Corte Constitucional.<\/p>\n<p>Colombia debe abordar el tema con una \u00f3ptica de salud p\u00fablica y no con la perniciosa mojigater\u00eda que condena el aborto, pero alaba la extinci\u00f3n de los excombatientes y no se inmuta ante las masacres de campesinos. La decisi\u00f3n tampoco deber\u00eda recibirse con un festival de cintas verdes y aplausos de mujeres deslumbradas tras siglos de represi\u00f3n y clandestinidad.<\/p>\n<p>Tomo prestada una frase de Humberto De la Calle quien \u2014estando de acuerdo con la despenalizaci\u00f3n\u2014 dice que \u201cun aborto siempre es una tragedia\u201d. Un aborto no produce felicidad; causa incertidumbre, vac\u00edo y tristeza. No es m\u00e9todo de planificaci\u00f3n familiar ni salvoconducto al libertinaje.<\/p>\n<p>Fue un gran avance la despenalizaci\u00f3n en las tres causales previstas en la sentencia C-355 del 2006, pero dej\u00f3 dos cr\u00e1teres abiertos: el tiempo gestacional y el \u201criesgo para la salud mental de la madre\u201d. Por ah\u00ed pasa una estampida de hipop\u00f3tamos. Vivir implica un riesgo para la salud mental; leer o cerrar un libro; manejar un cami\u00f3n de basuras o un cohete, una zorra o un bistur\u00ed. Que tire la primera piedra quien no sufra el mundo, o le resbalen Ucrania, Lampedusa o Caloto. La vida es la navaja, y el camino de cada uno es el filo en el que cualquier cosa puede suceder.<\/p>\n<p>La sentencia C-055 del 2022 fija en 24 semanas de gestaci\u00f3n el l\u00edmite para que un aborto \u2014sin cl\u00e1usulas ni condiciones\u2014 sea despenalizado. Empecemos por decir que a esa edad ya no ser\u00eda aborto sino parto prematuro. \u00bfD\u00f3nde se informaron los magistrados? No consultaron la ANM (por ley, organismo consultor y asesor del gobierno) y entiendo que a las sociedades de gineco-obstetricia y pediatr\u00eda, tampoco. La OMS no maneja un tiempo tan amplio y la raz\u00f3n es dur\u00edsima y sencilla: a las 24 semanas de gestaci\u00f3n un beb\u00e9 es viable dentro y fuera del \u00fatero; pesa m\u00e1s de 500 gramos, siente, oye, succiona, se mueve y reacciona a est\u00edmulos. Para terminar voluntariamente un embarazo de esta edad, habr\u00eda que inyectarle una sustancia letal al coraz\u00f3n del feto y matarlo en \u00fatero. Y si naciera vivo y la decisi\u00f3n fuera que no viviera, \u00bfqu\u00e9 hacemos con \u00e9l? No son preguntas menores ni moralistas. Son preguntas graves, de la vida real, que enfrentamos los trabajadores de la salud en las salas de parto, no en las cortes ni en los confesionarios.<\/p>\n<p>Pido a los legisladores que tendr\u00e1n la sentencia en sus manos, que consulten el documento que har\u00e1 la Academia una vez se conozca el texto de la Corte; vean y oigan la ecograf\u00eda de un beb\u00e9 de 24 semanas de gestaci\u00f3n; t\u00f3menle el pulso a la autonom\u00eda de la madre, y en un minuto de silencio, sientan la debilidad y fortaleza de los 150 latidos que suenan al otro lado del transductor.<\/p>\n","protected":false},"excerpt":{"rendered":"<p>15 de marzo 2022. El Espectador Env\u00edo esta columna el domingo, en plena jornada electoral. Debo dejar en pausa las expectativas y enfrentarme a otro tema inevitable: la despenalizaci\u00f3n del aborto. La sentencia de la Corte y mi opini\u00f3n como&hellip;<\/p>\n","protected":false},"author":1897,"featured_media":1544719,"comment_status":"closed","ping_status":"closed","sticky":false,"template":"","format":"standard","meta":{"footnotes":""},"categories":[79,54515,161,1239,67],"tags":[5371,30,37678,5289,1025],"class_list":["post-1544718","post","type-post","status-publish","format-standard","has-post-thumbnail","hentry","category-derechos-humanos","category-genero-y-feminismos","category-opiniones","category-salud","category-sudamerica","tag-aborto","tag-colombia","tag-corte-constitucional","tag-despenalizacion","tag-mujeres"],"yoast_head":"<!-- This site is optimized with the Yoast SEO plugin v27.1.1 - https:\/\/yoast.com\/product\/yoast-seo-wordpress\/ -->\n<title>24 semanas, 150 latidos<\/title>\n<meta name=\"description\" content=\"15 de marzo 2022. El Espectador Env\u00edo esta columna el domingo, en plena jornada electoral. Debo dejar en pausa las expectativas y enfrentarme a otro tema\" \/>\n<meta name=\"robots\" content=\"index, follow, max-snippet:-1, max-image-preview:large, max-video-preview:-1\" \/>\n<link rel=\"canonical\" href=\"https:\/\/www.pressenza.com\/es\/2022\/03\/24-semanas-150-latidos\/\" \/>\n<meta property=\"og:locale\" content=\"es_ES\" \/>\n<meta property=\"og:type\" content=\"article\" \/>\n<meta property=\"og:title\" content=\"24 semanas, 150 latidos\" \/>\n<meta property=\"og:description\" content=\"15 de marzo 2022. El Espectador Env\u00edo esta columna el domingo, en plena jornada electoral. Debo dejar en pausa las expectativas y enfrentarme a otro tema\" \/>\n<meta property=\"og:url\" content=\"https:\/\/www.pressenza.com\/es\/2022\/03\/24-semanas-150-latidos\/\" \/>\n<meta property=\"og:site_name\" content=\"Pressenza\" \/>\n<meta property=\"article:publisher\" content=\"https:\/\/www.facebook.com\/PressenzaItalia\" \/>\n<meta property=\"article:published_time\" content=\"2022-03-18T03:09:10+00:00\" \/>\n<meta property=\"og:image\" content=\"https:\/\/www.pressenza.com\/wp-content\/uploads\/2022\/03\/piqsels.com-id-frxur.jpg\" \/>\n\t<meta property=\"og:image:width\" content=\"820\" \/>\n\t<meta property=\"og:image:height\" content=\"522\" \/>\n\t<meta property=\"og:image:type\" content=\"image\/jpeg\" \/>\n<meta name=\"author\" content=\"Gloria Arias Nieto\" \/>\n<meta name=\"twitter:card\" content=\"summary_large_image\" \/>\n<meta name=\"twitter:creator\" content=\"@gloriariasnieto\" \/>\n<meta name=\"twitter:site\" content=\"@PressenzaIPA\" \/>\n<meta name=\"twitter:label1\" content=\"Escrito por\" \/>\n\t<meta name=\"twitter:data1\" content=\"Gloria Arias Nieto\" \/>\n\t<meta name=\"twitter:label2\" content=\"Tiempo de lectura\" \/>\n\t<meta name=\"twitter:data2\" content=\"3 minutos\" \/>\n<script type=\"application\/ld+json\" class=\"yoast-schema-graph\">{\"@context\":\"https:\/\/schema.org\",\"@graph\":[{\"@type\":\"Article\",\"@id\":\"https:\/\/www.pressenza.com\/es\/2022\/03\/24-semanas-150-latidos\/#article\",\"isPartOf\":{\"@id\":\"https:\/\/www.pressenza.com\/es\/2022\/03\/24-semanas-150-latidos\/\"},\"author\":{\"name\":\"Gloria Arias Nieto\",\"@id\":\"https:\/\/www.pressenza.com\/es\/#\/schema\/person\/476779c5c0c262f919761226ef961a29\"},\"headline\":\"24 semanas, 150 latidos\",\"datePublished\":\"2022-03-18T03:09:10+00:00\",\"mainEntityOfPage\":{\"@id\":\"https:\/\/www.pressenza.com\/es\/2022\/03\/24-semanas-150-latidos\/\"},\"wordCount\":650,\"publisher\":{\"@id\":\"https:\/\/www.pressenza.com\/es\/#organization\"},\"image\":{\"@id\":\"https:\/\/www.pressenza.com\/es\/2022\/03\/24-semanas-150-latidos\/#primaryimage\"},\"thumbnailUrl\":\"https:\/\/www.pressenza.com\/wp-content\/uploads\/2022\/03\/piqsels.com-id-frxur.jpg\",\"keywords\":[\"aborto\",\"Colombia\",\"Corte Constitucional\",\"despenalizaci\u00f3n\",\"Mujeres\"],\"articleSection\":[\"Derechos Humanos\",\"G\u00e9nero y Feminismos\",\"Opiniones\",\"Salud\",\"Sudam\u00e9rica\"],\"inLanguage\":\"es\"},{\"@type\":\"WebPage\",\"@id\":\"https:\/\/www.pressenza.com\/es\/2022\/03\/24-semanas-150-latidos\/\",\"url\":\"https:\/\/www.pressenza.com\/es\/2022\/03\/24-semanas-150-latidos\/\",\"name\":\"24 semanas, 150 latidos\",\"isPartOf\":{\"@id\":\"https:\/\/www.pressenza.com\/es\/#website\"},\"primaryImageOfPage\":{\"@id\":\"https:\/\/www.pressenza.com\/es\/2022\/03\/24-semanas-150-latidos\/#primaryimage\"},\"image\":{\"@id\":\"https:\/\/www.pressenza.com\/es\/2022\/03\/24-semanas-150-latidos\/#primaryimage\"},\"thumbnailUrl\":\"https:\/\/www.pressenza.com\/wp-content\/uploads\/2022\/03\/piqsels.com-id-frxur.jpg\",\"datePublished\":\"2022-03-18T03:09:10+00:00\",\"description\":\"15 de marzo 2022. El Espectador Env\u00edo esta columna el domingo, en plena jornada electoral. Debo dejar en pausa las expectativas y enfrentarme a otro tema\",\"breadcrumb\":{\"@id\":\"https:\/\/www.pressenza.com\/es\/2022\/03\/24-semanas-150-latidos\/#breadcrumb\"},\"inLanguage\":\"es\",\"potentialAction\":[{\"@type\":\"ReadAction\",\"target\":[\"https:\/\/www.pressenza.com\/es\/2022\/03\/24-semanas-150-latidos\/\"]}]},{\"@type\":\"ImageObject\",\"inLanguage\":\"es\",\"@id\":\"https:\/\/www.pressenza.com\/es\/2022\/03\/24-semanas-150-latidos\/#primaryimage\",\"url\":\"https:\/\/www.pressenza.com\/wp-content\/uploads\/2022\/03\/piqsels.com-id-frxur.jpg\",\"contentUrl\":\"https:\/\/www.pressenza.com\/wp-content\/uploads\/2022\/03\/piqsels.com-id-frxur.jpg\",\"width\":820,\"height\":522},{\"@type\":\"BreadcrumbList\",\"@id\":\"https:\/\/www.pressenza.com\/es\/2022\/03\/24-semanas-150-latidos\/#breadcrumb\",\"itemListElement\":[{\"@type\":\"ListItem\",\"position\":1,\"name\":\"Accueil\",\"item\":\"https:\/\/www.pressenza.com\/es\/\"},{\"@type\":\"ListItem\",\"position\":2,\"name\":\"24 semanas, 150 latidos\"}]},{\"@type\":\"WebSite\",\"@id\":\"https:\/\/www.pressenza.com\/es\/#website\",\"url\":\"https:\/\/www.pressenza.com\/es\/\",\"name\":\"Pressenza\",\"description\":\"International Press Agency\",\"publisher\":{\"@id\":\"https:\/\/www.pressenza.com\/es\/#organization\"},\"potentialAction\":[{\"@type\":\"SearchAction\",\"target\":{\"@type\":\"EntryPoint\",\"urlTemplate\":\"https:\/\/www.pressenza.com\/es\/?s={search_term_string}\"},\"query-input\":{\"@type\":\"PropertyValueSpecification\",\"valueRequired\":true,\"valueName\":\"search_term_string\"}}],\"inLanguage\":\"es\"},{\"@type\":\"Organization\",\"@id\":\"https:\/\/www.pressenza.com\/es\/#organization\",\"name\":\"Pressenza\",\"url\":\"https:\/\/www.pressenza.com\/es\/\",\"logo\":{\"@type\":\"ImageObject\",\"inLanguage\":\"es\",\"@id\":\"https:\/\/www.pressenza.com\/es\/#\/schema\/logo\/image\/\",\"url\":\"https:\/\/www.pressenza.com\/wp-content\/uploads\/2022\/10\/pressenza_logo_200x200.jpg\",\"contentUrl\":\"https:\/\/www.pressenza.com\/wp-content\/uploads\/2022\/10\/pressenza_logo_200x200.jpg\",\"width\":200,\"height\":200,\"caption\":\"Pressenza\"},\"image\":{\"@id\":\"https:\/\/www.pressenza.com\/es\/#\/schema\/logo\/image\/\"},\"sameAs\":[\"https:\/\/www.facebook.com\/PressenzaItalia\",\"https:\/\/x.com\/PressenzaIPA\"]},{\"@type\":\"Person\",\"@id\":\"https:\/\/www.pressenza.com\/es\/#\/schema\/person\/476779c5c0c262f919761226ef961a29\",\"name\":\"Gloria Arias Nieto\",\"description\":\"M\u00e9dica y periodista, columnista de El Espectador. Promotora de procesos de paz y reconciliaci\u00f3n. Miembro del movimiento Defendamos la Paz (DLP) @gloriariasnieto\",\"sameAs\":[\"https:\/\/x.com\/gloriariasnieto\"],\"url\":\"https:\/\/www.pressenza.com\/es\/author\/gloria-arias-nieto\/\"}]}<\/script>\n<!-- \/ Yoast SEO plugin. -->","yoast_head_json":{"title":"24 semanas, 150 latidos","description":"15 de marzo 2022. El Espectador Env\u00edo esta columna el domingo, en plena jornada electoral. Debo dejar en pausa las expectativas y enfrentarme a otro tema","robots":{"index":"index","follow":"follow","max-snippet":"max-snippet:-1","max-image-preview":"max-image-preview:large","max-video-preview":"max-video-preview:-1"},"canonical":"https:\/\/www.pressenza.com\/es\/2022\/03\/24-semanas-150-latidos\/","og_locale":"es_ES","og_type":"article","og_title":"24 semanas, 150 latidos","og_description":"15 de marzo 2022. El Espectador Env\u00edo esta columna el domingo, en plena jornada electoral. Debo dejar en pausa las expectativas y enfrentarme a otro tema","og_url":"https:\/\/www.pressenza.com\/es\/2022\/03\/24-semanas-150-latidos\/","og_site_name":"Pressenza","article_publisher":"https:\/\/www.facebook.com\/PressenzaItalia","article_published_time":"2022-03-18T03:09:10+00:00","og_image":[{"width":820,"height":522,"url":"https:\/\/www.pressenza.com\/wp-content\/uploads\/2022\/03\/piqsels.com-id-frxur.jpg","type":"image\/jpeg"}],"author":"Gloria Arias Nieto","twitter_card":"summary_large_image","twitter_creator":"@gloriariasnieto","twitter_site":"@PressenzaIPA","twitter_misc":{"Escrito por":"Gloria Arias Nieto","Tiempo de lectura":"3 minutos"},"schema":{"@context":"https:\/\/schema.org","@graph":[{"@type":"Article","@id":"https:\/\/www.pressenza.com\/es\/2022\/03\/24-semanas-150-latidos\/#article","isPartOf":{"@id":"https:\/\/www.pressenza.com\/es\/2022\/03\/24-semanas-150-latidos\/"},"author":{"name":"Gloria Arias Nieto","@id":"https:\/\/www.pressenza.com\/es\/#\/schema\/person\/476779c5c0c262f919761226ef961a29"},"headline":"24 semanas, 150 latidos","datePublished":"2022-03-18T03:09:10+00:00","mainEntityOfPage":{"@id":"https:\/\/www.pressenza.com\/es\/2022\/03\/24-semanas-150-latidos\/"},"wordCount":650,"publisher":{"@id":"https:\/\/www.pressenza.com\/es\/#organization"},"image":{"@id":"https:\/\/www.pressenza.com\/es\/2022\/03\/24-semanas-150-latidos\/#primaryimage"},"thumbnailUrl":"https:\/\/www.pressenza.com\/wp-content\/uploads\/2022\/03\/piqsels.com-id-frxur.jpg","keywords":["aborto","Colombia","Corte Constitucional","despenalizaci\u00f3n","Mujeres"],"articleSection":["Derechos Humanos","G\u00e9nero y Feminismos","Opiniones","Salud","Sudam\u00e9rica"],"inLanguage":"es"},{"@type":"WebPage","@id":"https:\/\/www.pressenza.com\/es\/2022\/03\/24-semanas-150-latidos\/","url":"https:\/\/www.pressenza.com\/es\/2022\/03\/24-semanas-150-latidos\/","name":"24 semanas, 150 latidos","isPartOf":{"@id":"https:\/\/www.pressenza.com\/es\/#website"},"primaryImageOfPage":{"@id":"https:\/\/www.pressenza.com\/es\/2022\/03\/24-semanas-150-latidos\/#primaryimage"},"image":{"@id":"https:\/\/www.pressenza.com\/es\/2022\/03\/24-semanas-150-latidos\/#primaryimage"},"thumbnailUrl":"https:\/\/www.pressenza.com\/wp-content\/uploads\/2022\/03\/piqsels.com-id-frxur.jpg","datePublished":"2022-03-18T03:09:10+00:00","description":"15 de marzo 2022. El Espectador Env\u00edo esta columna el domingo, en plena jornada electoral. Debo dejar en pausa las expectativas y enfrentarme a otro tema","breadcrumb":{"@id":"https:\/\/www.pressenza.com\/es\/2022\/03\/24-semanas-150-latidos\/#breadcrumb"},"inLanguage":"es","potentialAction":[{"@type":"ReadAction","target":["https:\/\/www.pressenza.com\/es\/2022\/03\/24-semanas-150-latidos\/"]}]},{"@type":"ImageObject","inLanguage":"es","@id":"https:\/\/www.pressenza.com\/es\/2022\/03\/24-semanas-150-latidos\/#primaryimage","url":"https:\/\/www.pressenza.com\/wp-content\/uploads\/2022\/03\/piqsels.com-id-frxur.jpg","contentUrl":"https:\/\/www.pressenza.com\/wp-content\/uploads\/2022\/03\/piqsels.com-id-frxur.jpg","width":820,"height":522},{"@type":"BreadcrumbList","@id":"https:\/\/www.pressenza.com\/es\/2022\/03\/24-semanas-150-latidos\/#breadcrumb","itemListElement":[{"@type":"ListItem","position":1,"name":"Accueil","item":"https:\/\/www.pressenza.com\/es\/"},{"@type":"ListItem","position":2,"name":"24 semanas, 150 latidos"}]},{"@type":"WebSite","@id":"https:\/\/www.pressenza.com\/es\/#website","url":"https:\/\/www.pressenza.com\/es\/","name":"Pressenza","description":"International Press Agency","publisher":{"@id":"https:\/\/www.pressenza.com\/es\/#organization"},"potentialAction":[{"@type":"SearchAction","target":{"@type":"EntryPoint","urlTemplate":"https:\/\/www.pressenza.com\/es\/?s={search_term_string}"},"query-input":{"@type":"PropertyValueSpecification","valueRequired":true,"valueName":"search_term_string"}}],"inLanguage":"es"},{"@type":"Organization","@id":"https:\/\/www.pressenza.com\/es\/#organization","name":"Pressenza","url":"https:\/\/www.pressenza.com\/es\/","logo":{"@type":"ImageObject","inLanguage":"es","@id":"https:\/\/www.pressenza.com\/es\/#\/schema\/logo\/image\/","url":"https:\/\/www.pressenza.com\/wp-content\/uploads\/2022\/10\/pressenza_logo_200x200.jpg","contentUrl":"https:\/\/www.pressenza.com\/wp-content\/uploads\/2022\/10\/pressenza_logo_200x200.jpg","width":200,"height":200,"caption":"Pressenza"},"image":{"@id":"https:\/\/www.pressenza.com\/es\/#\/schema\/logo\/image\/"},"sameAs":["https:\/\/www.facebook.com\/PressenzaItalia","https:\/\/x.com\/PressenzaIPA"]},{"@type":"Person","@id":"https:\/\/www.pressenza.com\/es\/#\/schema\/person\/476779c5c0c262f919761226ef961a29","name":"Gloria Arias Nieto","description":"M\u00e9dica y periodista, columnista de El Espectador. Promotora de procesos de paz y reconciliaci\u00f3n. Miembro del movimiento Defendamos la Paz (DLP) @gloriariasnieto","sameAs":["https:\/\/x.com\/gloriariasnieto"],"url":"https:\/\/www.pressenza.com\/es\/author\/gloria-arias-nieto\/"}]}},"place":"Bogot\u00e1, Colombia","original_article_url":"https:\/\/www.elespectador.com\/opinion\/columnistas\/gloria-arias-nieto\/24-semanas-150-latidos\/","_links":{"self":[{"href":"https:\/\/www.pressenza.com\/es\/wp-json\/wp\/v2\/posts\/1544718","targetHints":{"allow":["GET"]}}],"collection":[{"href":"https:\/\/www.pressenza.com\/es\/wp-json\/wp\/v2\/posts"}],"about":[{"href":"https:\/\/www.pressenza.com\/es\/wp-json\/wp\/v2\/types\/post"}],"author":[{"embeddable":true,"href":"https:\/\/www.pressenza.com\/es\/wp-json\/wp\/v2\/users\/1897"}],"replies":[{"embeddable":true,"href":"https:\/\/www.pressenza.com\/es\/wp-json\/wp\/v2\/comments?post=1544718"}],"version-history":[{"count":0,"href":"https:\/\/www.pressenza.com\/es\/wp-json\/wp\/v2\/posts\/1544718\/revisions"}],"wp:featuredmedia":[{"embeddable":true,"href":"https:\/\/www.pressenza.com\/es\/wp-json\/wp\/v2\/media\/1544719"}],"wp:attachment":[{"href":"https:\/\/www.pressenza.com\/es\/wp-json\/wp\/v2\/media?parent=1544718"}],"wp:term":[{"taxonomy":"category","embeddable":true,"href":"https:\/\/www.pressenza.com\/es\/wp-json\/wp\/v2\/categories?post=1544718"},{"taxonomy":"post_tag","embeddable":true,"href":"https:\/\/www.pressenza.com\/es\/wp-json\/wp\/v2\/tags?post=1544718"}],"curies":[{"name":"wp","href":"https:\/\/api.w.org\/{rel}","templated":true}]}}