{"id":1544424,"date":"2022-03-16T11:27:27","date_gmt":"2022-03-16T11:27:27","guid":{"rendered":"https:\/\/www.pressenza.com\/?p=1544424"},"modified":"2022-03-16T11:27:27","modified_gmt":"2022-03-16T11:27:27","slug":"amenaza-e-invasion-de-comunidad-indigena-en-jalisco","status":"publish","type":"post","link":"https:\/\/www.pressenza.com\/es\/2022\/03\/amenaza-e-invasion-de-comunidad-indigena-en-jalisco\/","title":{"rendered":"Amenaza e invasi\u00f3n de comunidad ind\u00edgena en Jalisco"},"content":{"rendered":"<p>Al Gobierno Federal Mexicano<br \/>\nAl Congreso Nacional Ind\u00edgena<br \/>\nA los Medios de Comunicaci\u00f3n<br \/>\nA las organizaciones y colectivos de derechos humanos<\/p>\n<p>Por este medio denunciamos la amenaza e invasi\u00f3n a nuestra comunidad, presuntamente por parte de la empresa minera llamada Amonitas y del gobierno federal mexicano, quienes han estado realizando trabajos de prospecci\u00f3n minera a bordo de varias camionetas, y que tienen un logotipo del Servicio Geol\u00f3gico Mexicano; tomando muestras de piedras y diversos materiales sin autorizaci\u00f3n de nuestra comunidad.<\/p>\n<p>Esto ocurre semanas despu\u00e9s de que, sin ning\u00fan permiso, un helic\u00f3ptero con un objeto colgante, al parecer un magnet\u00f3metro, estuviera volando a baja altura en nuestros terrenos comunales, incluso sobre el poblado de Azquelt\u00e1n.<\/p>\n<p><strong>Lo anterior pese a que en varias ocasiones se les pidi\u00f3 que se acercaran a las autoridades agrarias y tradicionales, as\u00ed como a nuestra asamblea para que informaran que tipo de trabajos est\u00e1n haciendo y para qu\u00e9 fin lo hacen, sin que haya ninguna respuesta de su parte ni acercamiento a nuestra autoridad.<\/strong><\/p>\n<p>Por lo anterior en pleno uso de nuestras facultades agrarias y territoriales reconocidas en los acuerdos de San Andr\u00e9s, la constituci\u00f3n mexicana y en los tratados internacionales en materia de derechos humanos, por acuerdo de nuestra asamblea de fecha 13 de marzo de este a\u00f1o 2022, decidimos lo siguiente:<\/p>\n<ol>\n<li>Aclaramos que en nuestra comunidad rechazamos cualquier trabajo minero, sea prospecci\u00f3n, exploraci\u00f3n o explotaci\u00f3n y desconocemos cualquier concesi\u00f3n o permiso que haya sido otorgado por los gobiernos municipal, estatal o federal sin consultarnos previamente y sin nuestro consentimiento.<\/li>\n<\/ol>\n<ol start=\"2\">\n<li>A partir de este momento queda estrictamente prohibido el acceso, muestreo de materiales, vuelo de aeronaves o cualquier trabajo sin el conocimiento y autorizaci\u00f3n de nuestra asamblea comunal dentro del territorio ind\u00edgena de Azquelt\u00e1n.<\/li>\n<\/ol>\n<ol start=\"3\">\n<li>Quedar\u00e1 en calidad de detenido uno de los veh\u00edculos con los que se cometieron dichas faltas a las instituciones comunitarias, amenazas a nuestra integridad como pueblo y robo de materiales de diversos tipos.<\/li>\n<\/ol>\n<ol start=\"4\">\n<li>Emplazamos al gobierno federal, as\u00ed como a las empresas a cargo de los trabajos de prospecci\u00f3n minera para que acudan a nuestra comunidad a explicar, con precisi\u00f3n, que tipo de trabajos y con qu\u00e9 objetivo se est\u00e1n realizado, as\u00ed como que paguen la multa correspondiente a la falta cometida.<\/li>\n<\/ol>\n<p>Hacemos un llamado a los medios de comunicaci\u00f3n, a las organizaciones independientes de derechos humanos y a las comisiones gubernamentales de derechos humanos, para estar atentos a cualquier intento de criminalizaci\u00f3n, amenazas o cualquier otra forma de represi\u00f3n a la determinaci\u00f3n de la asamblea comunitaria.<\/p>\n<p>Atentamente:<br \/>\nComunidad Ind\u00edgena de San Lorenzo de Azquelt\u00e1n, municipio de Villa Guerrero, Jalisco<\/p>\n","protected":false},"excerpt":{"rendered":"<p>Al Gobierno Federal Mexicano Al Congreso Nacional Ind\u00edgena A los Medios de Comunicaci\u00f3n A las organizaciones y colectivos de derechos humanos Por este medio denunciamos la amenaza e invasi\u00f3n a nuestra comunidad, presuntamente por parte de la empresa minera llamada&hellip;<\/p>\n","protected":false},"author":1300,"featured_media":1544426,"comment_status":"closed","ping_status":"closed","sticky":false,"template":"","format":"standard","meta":{"footnotes":""},"categories":[149,68,74,80],"tags":[1544,54082,18759,100124,20348,1321,22210,18507],"class_list":["post-1544424","post","type-post","status-publish","format-standard","has-post-thumbnail","hentry","category-comunicados-de-prensa","category-norteamerica","category-politica-es","category-pueblos-originarios","tag-extractivismo","tag-indigenas-es","tag-industrias-extractivas","tag-jalisco","tag-megamineria","tag-mexico","tag-pueblos-originarios","tag-territorios"],"yoast_head":"<!-- This site is optimized with the Yoast SEO plugin v27.1.1 - https:\/\/yoast.com\/product\/yoast-seo-wordpress\/ -->\n<title>Amenaza e invasi\u00f3n de comunidad ind\u00edgena en Jalisco<\/title>\n<meta name=\"description\" content=\"Al Gobierno Federal Mexicano Al Congreso Nacional Ind\u00edgena A los Medios de Comunicaci\u00f3n A las organizaciones y colectivos de derechos humanos Por este\" \/>\n<meta name=\"robots\" content=\"index, follow, max-snippet:-1, max-image-preview:large, max-video-preview:-1\" \/>\n<link rel=\"canonical\" href=\"https:\/\/www.pressenza.com\/es\/2022\/03\/amenaza-e-invasion-de-comunidad-indigena-en-jalisco\/\" \/>\n<meta property=\"og:locale\" content=\"es_ES\" \/>\n<meta property=\"og:type\" content=\"article\" \/>\n<meta property=\"og:title\" content=\"Amenaza e invasi\u00f3n de comunidad ind\u00edgena en Jalisco\" \/>\n<meta property=\"og:description\" content=\"Al Gobierno Federal Mexicano Al Congreso Nacional Ind\u00edgena A los Medios de Comunicaci\u00f3n A las organizaciones y colectivos de derechos humanos Por este\" \/>\n<meta property=\"og:url\" content=\"https:\/\/www.pressenza.com\/es\/2022\/03\/amenaza-e-invasion-de-comunidad-indigena-en-jalisco\/\" \/>\n<meta property=\"og:site_name\" content=\"Pressenza\" \/>\n<meta property=\"article:publisher\" content=\"https:\/\/www.facebook.com\/PressenzaItalia\" \/>\n<meta property=\"article:published_time\" content=\"2022-03-16T11:27:27+00:00\" \/>\n<meta property=\"og:image\" content=\"https:\/\/www.pressenza.com\/wp-content\/uploads\/2022\/03\/Azquelta\u0301n-Alejandra-Padilla-Noticias-de-abajo.jpg\" \/>\n\t<meta property=\"og:image:width\" content=\"820\" \/>\n\t<meta property=\"og:image:height\" content=\"510\" \/>\n\t<meta property=\"og:image:type\" content=\"image\/jpeg\" \/>\n<meta name=\"author\" content=\"Redacci\u00f3n M\u00e9xico\" \/>\n<meta name=\"twitter:card\" content=\"summary_large_image\" \/>\n<meta name=\"twitter:creator\" content=\"@PressenzaIPA\" \/>\n<meta name=\"twitter:site\" content=\"@PressenzaIPA\" \/>\n<meta name=\"twitter:label1\" content=\"Escrito por\" \/>\n\t<meta name=\"twitter:data1\" content=\"Redacci\u00f3n M\u00e9xico\" \/>\n\t<meta name=\"twitter:label2\" content=\"Tiempo de lectura\" \/>\n\t<meta name=\"twitter:data2\" content=\"2 minutos\" \/>\n<script type=\"application\/ld+json\" class=\"yoast-schema-graph\">{\"@context\":\"https:\/\/schema.org\",\"@graph\":[{\"@type\":\"Article\",\"@id\":\"https:\/\/www.pressenza.com\/es\/2022\/03\/amenaza-e-invasion-de-comunidad-indigena-en-jalisco\/#article\",\"isPartOf\":{\"@id\":\"https:\/\/www.pressenza.com\/es\/2022\/03\/amenaza-e-invasion-de-comunidad-indigena-en-jalisco\/\"},\"author\":{\"name\":\"Redacci\u00f3n M\u00e9xico\",\"@id\":\"https:\/\/www.pressenza.com\/es\/#\/schema\/person\/ea3a5d108f4abbf76bec1ad953cf74f4\"},\"headline\":\"Amenaza e invasi\u00f3n de comunidad ind\u00edgena en Jalisco\",\"datePublished\":\"2022-03-16T11:27:27+00:00\",\"mainEntityOfPage\":{\"@id\":\"https:\/\/www.pressenza.com\/es\/2022\/03\/amenaza-e-invasion-de-comunidad-indigena-en-jalisco\/\"},\"wordCount\":468,\"publisher\":{\"@id\":\"https:\/\/www.pressenza.com\/es\/#organization\"},\"image\":{\"@id\":\"https:\/\/www.pressenza.com\/es\/2022\/03\/amenaza-e-invasion-de-comunidad-indigena-en-jalisco\/#primaryimage\"},\"thumbnailUrl\":\"https:\/\/www.pressenza.com\/wp-content\/uploads\/2022\/03\/Azquelta\u0301n-Alejandra-Padilla-Noticias-de-abajo.jpg\",\"keywords\":[\"extractivismo\",\"indigenas\",\"industrias extractivas\",\"Jalisco\",\"megaminer\u00eda\",\"M\u00e9xico\",\"Pueblos Originarios\",\"territorios\"],\"articleSection\":[\"Comunicados de Prensa\",\"Norteam\u00e9rica\",\"Pol\u00edtica\",\"Pueblos Originarios\"],\"inLanguage\":\"es\"},{\"@type\":\"WebPage\",\"@id\":\"https:\/\/www.pressenza.com\/es\/2022\/03\/amenaza-e-invasion-de-comunidad-indigena-en-jalisco\/\",\"url\":\"https:\/\/www.pressenza.com\/es\/2022\/03\/amenaza-e-invasion-de-comunidad-indigena-en-jalisco\/\",\"name\":\"Amenaza e invasi\u00f3n de comunidad ind\u00edgena en Jalisco\",\"isPartOf\":{\"@id\":\"https:\/\/www.pressenza.com\/es\/#website\"},\"primaryImageOfPage\":{\"@id\":\"https:\/\/www.pressenza.com\/es\/2022\/03\/amenaza-e-invasion-de-comunidad-indigena-en-jalisco\/#primaryimage\"},\"image\":{\"@id\":\"https:\/\/www.pressenza.com\/es\/2022\/03\/amenaza-e-invasion-de-comunidad-indigena-en-jalisco\/#primaryimage\"},\"thumbnailUrl\":\"https:\/\/www.pressenza.com\/wp-content\/uploads\/2022\/03\/Azquelta\u0301n-Alejandra-Padilla-Noticias-de-abajo.jpg\",\"datePublished\":\"2022-03-16T11:27:27+00:00\",\"description\":\"Al Gobierno Federal Mexicano Al Congreso Nacional Ind\u00edgena A los Medios de Comunicaci\u00f3n A las organizaciones y colectivos de derechos humanos Por este\",\"breadcrumb\":{\"@id\":\"https:\/\/www.pressenza.com\/es\/2022\/03\/amenaza-e-invasion-de-comunidad-indigena-en-jalisco\/#breadcrumb\"},\"inLanguage\":\"es\",\"potentialAction\":[{\"@type\":\"ReadAction\",\"target\":[\"https:\/\/www.pressenza.com\/es\/2022\/03\/amenaza-e-invasion-de-comunidad-indigena-en-jalisco\/\"]}]},{\"@type\":\"ImageObject\",\"inLanguage\":\"es\",\"@id\":\"https:\/\/www.pressenza.com\/es\/2022\/03\/amenaza-e-invasion-de-comunidad-indigena-en-jalisco\/#primaryimage\",\"url\":\"https:\/\/www.pressenza.com\/wp-content\/uploads\/2022\/03\/Azquelta\u0301n-Alejandra-Padilla-Noticias-de-abajo.jpg\",\"contentUrl\":\"https:\/\/www.pressenza.com\/wp-content\/uploads\/2022\/03\/Azquelta\u0301n-Alejandra-Padilla-Noticias-de-abajo.jpg\",\"width\":820,\"height\":510},{\"@type\":\"BreadcrumbList\",\"@id\":\"https:\/\/www.pressenza.com\/es\/2022\/03\/amenaza-e-invasion-de-comunidad-indigena-en-jalisco\/#breadcrumb\",\"itemListElement\":[{\"@type\":\"ListItem\",\"position\":1,\"name\":\"Accueil\",\"item\":\"https:\/\/www.pressenza.com\/es\/\"},{\"@type\":\"ListItem\",\"position\":2,\"name\":\"Amenaza e invasi\u00f3n de comunidad ind\u00edgena en Jalisco\"}]},{\"@type\":\"WebSite\",\"@id\":\"https:\/\/www.pressenza.com\/es\/#website\",\"url\":\"https:\/\/www.pressenza.com\/es\/\",\"name\":\"Pressenza\",\"description\":\"International Press Agency\",\"publisher\":{\"@id\":\"https:\/\/www.pressenza.com\/es\/#organization\"},\"potentialAction\":[{\"@type\":\"SearchAction\",\"target\":{\"@type\":\"EntryPoint\",\"urlTemplate\":\"https:\/\/www.pressenza.com\/es\/?s={search_term_string}\"},\"query-input\":{\"@type\":\"PropertyValueSpecification\",\"valueRequired\":true,\"valueName\":\"search_term_string\"}}],\"inLanguage\":\"es\"},{\"@type\":\"Organization\",\"@id\":\"https:\/\/www.pressenza.com\/es\/#organization\",\"name\":\"Pressenza\",\"url\":\"https:\/\/www.pressenza.com\/es\/\",\"logo\":{\"@type\":\"ImageObject\",\"inLanguage\":\"es\",\"@id\":\"https:\/\/www.pressenza.com\/es\/#\/schema\/logo\/image\/\",\"url\":\"https:\/\/www.pressenza.com\/wp-content\/uploads\/2022\/10\/pressenza_logo_200x200.jpg\",\"contentUrl\":\"https:\/\/www.pressenza.com\/wp-content\/uploads\/2022\/10\/pressenza_logo_200x200.jpg\",\"width\":200,\"height\":200,\"caption\":\"Pressenza\"},\"image\":{\"@id\":\"https:\/\/www.pressenza.com\/es\/#\/schema\/logo\/image\/\"},\"sameAs\":[\"https:\/\/www.facebook.com\/PressenzaItalia\",\"https:\/\/x.com\/PressenzaIPA\"]},{\"@type\":\"Person\",\"@id\":\"https:\/\/www.pressenza.com\/es\/#\/schema\/person\/ea3a5d108f4abbf76bec1ad953cf74f4\",\"name\":\"Redacci\u00f3n M\u00e9xico\",\"description\":\"News published by the Pressenza Bureau in Mexico\",\"url\":\"https:\/\/www.pressenza.com\/es\/author\/redaccion-mexico\/\"}]}<\/script>\n<!-- \/ Yoast SEO plugin. -->","yoast_head_json":{"title":"Amenaza e invasi\u00f3n de comunidad ind\u00edgena en Jalisco","description":"Al Gobierno Federal Mexicano Al Congreso Nacional Ind\u00edgena A los Medios de Comunicaci\u00f3n A las organizaciones y colectivos de derechos humanos Por este","robots":{"index":"index","follow":"follow","max-snippet":"max-snippet:-1","max-image-preview":"max-image-preview:large","max-video-preview":"max-video-preview:-1"},"canonical":"https:\/\/www.pressenza.com\/es\/2022\/03\/amenaza-e-invasion-de-comunidad-indigena-en-jalisco\/","og_locale":"es_ES","og_type":"article","og_title":"Amenaza e invasi\u00f3n de comunidad ind\u00edgena en Jalisco","og_description":"Al Gobierno Federal Mexicano Al Congreso Nacional Ind\u00edgena A los Medios de Comunicaci\u00f3n A las organizaciones y colectivos de derechos humanos Por este","og_url":"https:\/\/www.pressenza.com\/es\/2022\/03\/amenaza-e-invasion-de-comunidad-indigena-en-jalisco\/","og_site_name":"Pressenza","article_publisher":"https:\/\/www.facebook.com\/PressenzaItalia","article_published_time":"2022-03-16T11:27:27+00:00","og_image":[{"width":820,"height":510,"url":"https:\/\/www.pressenza.com\/wp-content\/uploads\/2022\/03\/Azquelta\u0301n-Alejandra-Padilla-Noticias-de-abajo.jpg","type":"image\/jpeg"}],"author":"Redacci\u00f3n M\u00e9xico","twitter_card":"summary_large_image","twitter_creator":"@PressenzaIPA","twitter_site":"@PressenzaIPA","twitter_misc":{"Escrito por":"Redacci\u00f3n M\u00e9xico","Tiempo de lectura":"2 minutos"},"schema":{"@context":"https:\/\/schema.org","@graph":[{"@type":"Article","@id":"https:\/\/www.pressenza.com\/es\/2022\/03\/amenaza-e-invasion-de-comunidad-indigena-en-jalisco\/#article","isPartOf":{"@id":"https:\/\/www.pressenza.com\/es\/2022\/03\/amenaza-e-invasion-de-comunidad-indigena-en-jalisco\/"},"author":{"name":"Redacci\u00f3n M\u00e9xico","@id":"https:\/\/www.pressenza.com\/es\/#\/schema\/person\/ea3a5d108f4abbf76bec1ad953cf74f4"},"headline":"Amenaza e invasi\u00f3n de comunidad ind\u00edgena en Jalisco","datePublished":"2022-03-16T11:27:27+00:00","mainEntityOfPage":{"@id":"https:\/\/www.pressenza.com\/es\/2022\/03\/amenaza-e-invasion-de-comunidad-indigena-en-jalisco\/"},"wordCount":468,"publisher":{"@id":"https:\/\/www.pressenza.com\/es\/#organization"},"image":{"@id":"https:\/\/www.pressenza.com\/es\/2022\/03\/amenaza-e-invasion-de-comunidad-indigena-en-jalisco\/#primaryimage"},"thumbnailUrl":"https:\/\/www.pressenza.com\/wp-content\/uploads\/2022\/03\/Azquelta\u0301n-Alejandra-Padilla-Noticias-de-abajo.jpg","keywords":["extractivismo","indigenas","industrias extractivas","Jalisco","megaminer\u00eda","M\u00e9xico","Pueblos Originarios","territorios"],"articleSection":["Comunicados de Prensa","Norteam\u00e9rica","Pol\u00edtica","Pueblos Originarios"],"inLanguage":"es"},{"@type":"WebPage","@id":"https:\/\/www.pressenza.com\/es\/2022\/03\/amenaza-e-invasion-de-comunidad-indigena-en-jalisco\/","url":"https:\/\/www.pressenza.com\/es\/2022\/03\/amenaza-e-invasion-de-comunidad-indigena-en-jalisco\/","name":"Amenaza e invasi\u00f3n de comunidad ind\u00edgena en Jalisco","isPartOf":{"@id":"https:\/\/www.pressenza.com\/es\/#website"},"primaryImageOfPage":{"@id":"https:\/\/www.pressenza.com\/es\/2022\/03\/amenaza-e-invasion-de-comunidad-indigena-en-jalisco\/#primaryimage"},"image":{"@id":"https:\/\/www.pressenza.com\/es\/2022\/03\/amenaza-e-invasion-de-comunidad-indigena-en-jalisco\/#primaryimage"},"thumbnailUrl":"https:\/\/www.pressenza.com\/wp-content\/uploads\/2022\/03\/Azquelta\u0301n-Alejandra-Padilla-Noticias-de-abajo.jpg","datePublished":"2022-03-16T11:27:27+00:00","description":"Al Gobierno Federal Mexicano Al Congreso Nacional Ind\u00edgena A los Medios de Comunicaci\u00f3n A las organizaciones y colectivos de derechos humanos Por este","breadcrumb":{"@id":"https:\/\/www.pressenza.com\/es\/2022\/03\/amenaza-e-invasion-de-comunidad-indigena-en-jalisco\/#breadcrumb"},"inLanguage":"es","potentialAction":[{"@type":"ReadAction","target":["https:\/\/www.pressenza.com\/es\/2022\/03\/amenaza-e-invasion-de-comunidad-indigena-en-jalisco\/"]}]},{"@type":"ImageObject","inLanguage":"es","@id":"https:\/\/www.pressenza.com\/es\/2022\/03\/amenaza-e-invasion-de-comunidad-indigena-en-jalisco\/#primaryimage","url":"https:\/\/www.pressenza.com\/wp-content\/uploads\/2022\/03\/Azquelta\u0301n-Alejandra-Padilla-Noticias-de-abajo.jpg","contentUrl":"https:\/\/www.pressenza.com\/wp-content\/uploads\/2022\/03\/Azquelta\u0301n-Alejandra-Padilla-Noticias-de-abajo.jpg","width":820,"height":510},{"@type":"BreadcrumbList","@id":"https:\/\/www.pressenza.com\/es\/2022\/03\/amenaza-e-invasion-de-comunidad-indigena-en-jalisco\/#breadcrumb","itemListElement":[{"@type":"ListItem","position":1,"name":"Accueil","item":"https:\/\/www.pressenza.com\/es\/"},{"@type":"ListItem","position":2,"name":"Amenaza e invasi\u00f3n de comunidad ind\u00edgena en Jalisco"}]},{"@type":"WebSite","@id":"https:\/\/www.pressenza.com\/es\/#website","url":"https:\/\/www.pressenza.com\/es\/","name":"Pressenza","description":"International Press Agency","publisher":{"@id":"https:\/\/www.pressenza.com\/es\/#organization"},"potentialAction":[{"@type":"SearchAction","target":{"@type":"EntryPoint","urlTemplate":"https:\/\/www.pressenza.com\/es\/?s={search_term_string}"},"query-input":{"@type":"PropertyValueSpecification","valueRequired":true,"valueName":"search_term_string"}}],"inLanguage":"es"},{"@type":"Organization","@id":"https:\/\/www.pressenza.com\/es\/#organization","name":"Pressenza","url":"https:\/\/www.pressenza.com\/es\/","logo":{"@type":"ImageObject","inLanguage":"es","@id":"https:\/\/www.pressenza.com\/es\/#\/schema\/logo\/image\/","url":"https:\/\/www.pressenza.com\/wp-content\/uploads\/2022\/10\/pressenza_logo_200x200.jpg","contentUrl":"https:\/\/www.pressenza.com\/wp-content\/uploads\/2022\/10\/pressenza_logo_200x200.jpg","width":200,"height":200,"caption":"Pressenza"},"image":{"@id":"https:\/\/www.pressenza.com\/es\/#\/schema\/logo\/image\/"},"sameAs":["https:\/\/www.facebook.com\/PressenzaItalia","https:\/\/x.com\/PressenzaIPA"]},{"@type":"Person","@id":"https:\/\/www.pressenza.com\/es\/#\/schema\/person\/ea3a5d108f4abbf76bec1ad953cf74f4","name":"Redacci\u00f3n M\u00e9xico","description":"News published by the Pressenza Bureau in Mexico","url":"https:\/\/www.pressenza.com\/es\/author\/redaccion-mexico\/"}]}},"place":"","original_article_url":"","_links":{"self":[{"href":"https:\/\/www.pressenza.com\/es\/wp-json\/wp\/v2\/posts\/1544424","targetHints":{"allow":["GET"]}}],"collection":[{"href":"https:\/\/www.pressenza.com\/es\/wp-json\/wp\/v2\/posts"}],"about":[{"href":"https:\/\/www.pressenza.com\/es\/wp-json\/wp\/v2\/types\/post"}],"author":[{"embeddable":true,"href":"https:\/\/www.pressenza.com\/es\/wp-json\/wp\/v2\/users\/1300"}],"replies":[{"embeddable":true,"href":"https:\/\/www.pressenza.com\/es\/wp-json\/wp\/v2\/comments?post=1544424"}],"version-history":[{"count":0,"href":"https:\/\/www.pressenza.com\/es\/wp-json\/wp\/v2\/posts\/1544424\/revisions"}],"wp:featuredmedia":[{"embeddable":true,"href":"https:\/\/www.pressenza.com\/es\/wp-json\/wp\/v2\/media\/1544426"}],"wp:attachment":[{"href":"https:\/\/www.pressenza.com\/es\/wp-json\/wp\/v2\/media?parent=1544424"}],"wp:term":[{"taxonomy":"category","embeddable":true,"href":"https:\/\/www.pressenza.com\/es\/wp-json\/wp\/v2\/categories?post=1544424"},{"taxonomy":"post_tag","embeddable":true,"href":"https:\/\/www.pressenza.com\/es\/wp-json\/wp\/v2\/tags?post=1544424"}],"curies":[{"name":"wp","href":"https:\/\/api.w.org\/{rel}","templated":true}]}}