{"id":1543904,"date":"2022-03-15T22:10:58","date_gmt":"2022-03-15T22:10:58","guid":{"rendered":"https:\/\/www.pressenza.com\/?p=1543904"},"modified":"2022-03-15T22:10:58","modified_gmt":"2022-03-15T22:10:58","slug":"pueblos-convocan-a-caravana-por-el-agua-y-por-la-vida","status":"publish","type":"post","link":"https:\/\/www.pressenza.com\/es\/2022\/03\/pueblos-convocan-a-caravana-por-el-agua-y-por-la-vida\/","title":{"rendered":"Pueblos convocan a caravana por el agua y por la vida"},"content":{"rendered":"<p>Pueblos, organizaciones y colectivos de distintos estados convocaron a la \u00abCaravana por el agua y por la vida: Pueblos unidos contra el despojo capitalista\u00bb, para denunciar \u00abla escalada represiva de despojo y saqueo\u00bb contra las comunidades ind\u00edgenas y la Madre Tierra y para \u00abhacer valer la ley de los pueblos\u00bb.<\/p>\n<p>A partir del 22 de marzo, D\u00eda Internacional del Agua, y hasta el 24 de abril, la Caravana visibilizar\u00e1 las luchas por el agua y la defensa del territorio de los estados de Puebla, Tlaxcala, Veracruz, Ciudad de M\u00e9xico, Estado de M\u00e9xico, Morelos, Oaxaca, Guerrero y Quer\u00e9taro, as\u00ed como de territorios en el resto del pa\u00eds y otros continentes, \u00aby a su paso se ir\u00e1n trazando nuevos caminos de organizaci\u00f3n para resistir en conjunto los embates de este sistema capitalista y sus Estados protectores\u00bb.<\/p>\n<p>\u00abLos proyectos de muerte promovidos desde el capitalismo, al verse enfrentados por las resistencias colectivas, utilizan al Estado para crear decretos y mandar a sus fuerzas represivas en contra de quienes se oponen a la explotaci\u00f3n-destrucci\u00f3n de la naturaleza y al despojo de los territorios y del patrimonio comunitario de los pueblos originarios\u00bb, recordaron los pueblos y organizaciones convocantes, entre los que se encuentran Pueblos Unidos de la Regi\u00f3n Cholulteca y de los Volcanes y el Frente de Pueblos en Defensa de la Tierra y el Agua (FPDTA) Morelos, Puebla, Tlaxcala.<\/p>\n<p>Por ello, con motivo del D\u00eda Internacional del Agua, la Caravana iniciar\u00e1 en el municipio de Juan C. Bonilla, Puebla, donde se lleva la lucha contra el saqueo de los pozos y mantos acu\u00edferos por parte de la empresa Bonafont, y terminar\u00e1 el 24 de abril en la comunidad de Cuentepec, Morelos.<\/p>\n<p>\u00abAnte esta guerra impuesta por el capitalismo, los pueblos respondemos con resistencia, autonom\u00eda y organizaci\u00f3n\u00bb, aseguraron.<\/p>\n<p>A continuaci\u00f3n el comunicado completo:<\/p>\n<p>\u00a1CARAVANA POR EL AGUA Y POR LA VIDA!<\/p>\n<p>\u2022PUEBLOS UNIDOS CONTRA EL DESPOJO CAPITALISTA\u2022<\/p>\n<p>Al CCRI CG EZLN<\/p>\n<p>Al Ej\u00e9rcito Zapatista de Liberaci\u00f3n Nacional<\/p>\n<p>A la Comisi\u00f3n Sexta Zapatista del EZLN<\/p>\n<p>Al Congreso Nacional Ind\u00edgena<\/p>\n<p>Al Concejo Ind\u00edgena de Gobierno y su vocera, Mar\u00eda de Jes\u00fas Patricio Mart\u00ednez<\/p>\n<p>A los colectivos, movimientos, organizaciones e individu@s de SLUMILK\u00b4AJXEMK\u00b4OP<\/p>\n<p>A la Europa, Insumisa, Digna y Rebelde<\/p>\n<p>A las Redes de Resistencia y Rebeld\u00eda<\/p>\n<p>A la Sexta en M\u00e9xico y el mundo<\/p>\n<p>A los Medios libres, independientes, alternativos o como se llamen<\/p>\n<p>Al Pueblo de M\u00e9xico<\/p>\n<p>A los pueblos del mundo<\/p>\n<p>\u00abEs el tiempo de la dignidad rebelde, de construir una nueva naci\u00f3n por y para todas y todos, de fortalecer el poder de abajo y a la izquierda anticapitalista, de que. paguen los culpables por el dolor de los pueblos de este<\/p>\n<p>M\u00e9xico multicolor.\u00bb<\/p>\n<p>QUE RETIEMBLE EN SUS CENTROS LA TIERRA<\/p>\n<p>Congreso Nacional Ind\u00edgena<\/p>\n<p>Ej\u00e9rcito Zapatista de Liberaci\u00f3n Nacional. Chiapas, Mexico.<\/p>\n<p>Octubre 2016<\/p>\n<p>Hermanas y Hermanos<\/p>\n<p>En estos momentos de crisis y guerra capitalista mundial los pueblos estamos viviendo una escalada represiva de despojo y saqueo contra nuestras comunidades y madre tierra. Los pueblos originarios, las organizaciones y colectivos que nos mantenemos en resistencia, vemos que la tormenta de la que nuestros hermanos zapatistas nos hablaron, no s\u00f3lo ya est\u00e1 aqu\u00ed desde hace a\u00f1os, sino que ahora es m\u00e1s arrasadora, m\u00e1s violenta.<\/p>\n<p>Estamos viviendo el \u00faltimo embate de la hidra, esta vez viene por todo:<\/p>\n<p>Viene por el agua, tanto en los pueblos como en las ciudades, el agua que una vez despojada es devuelta con la muerte disuelta en forma de mercurio, cianuro y otros venenos que las industrias arrojan.<\/p>\n<p>Viene por la tierra y los minerales que en ella se guardan; por los campos para hacer reproducir una y otra vez semillas transg\u00e9nicas que matan a su sost\u00e9n y a quienes las ingieren, lentamente. Vienen por los hogares de familias que con esfuerzo de generaciones enteras son constru\u00eddos, para demolerlos y poner en su lugar altas torres de oficinas vac\u00edas y plazas comerciales o para pasar el mortal tren maya; o para colocar gasoductos; o para trazar entre las grietas y surcos la muerte como destino para todas y todos.<\/p>\n<p>Vienen por el trabajo digno de campesinos, artesanos, comerciantes, maestros y obreros para abaratarlo y suplantarlo por explotaci\u00f3n esclava que tanto anhelan los capitalistas.<\/p>\n<p>Vienen por la historia destruyendo vestigios prehist\u00f3ricos y prehisp\u00e1nicos que cuentan los pasos de nuestros ancestros, muchos de ellos reci\u00e9n descubiertos, muchos de ellos destinados a ser enterrados bajo aviones o trenes.<\/p>\n<p>Vienen por la vida toda, por las selvas, por las monta\u00f1as, por los bosques, por los r\u00edos, los mares, los lagos, los cenotes, los ameyales, las lagunas, los desiertos, son amantes de los cementerios y en eso quieren convertir al mundo.<\/p>\n<p>Vienen por todo.<\/p>\n<p>Ya no son s\u00f3lo amenazas del capital, las \u00f3rdenes ya se han dado y los ataques han sido dirigidos a su objetivo principal: los pueblos, organizaciones y colectivos que resistimos y defendemos la vida.<\/p>\n<p>Los proyectos de muerte promovidos desde el capitalismo, al verse enfrentados por las resistencias colectivas, utilizan al Estado para crear decretos y mandar a sus fuerzas represivas en contra de quienes se oponen a la explotaci\u00f3n-destrucci\u00f3n de la naturaleza y al despojo de los territorios y del patrimonio comunitario de los pueblos originarios.<\/p>\n<p>La ilusi\u00f3n del desarrollo y el progreso se desvanece cuando los pueblos exhiben la muerte y el descaro con los que las empresas y los estados despojan los territorios, y ante la falta de argumentos para justificarse ellos usan la violencia en todas sus formas.<\/p>\n<p>Ante esta guerra impuesta por el capitalismo, los pueblos respondemos con resistencia, autonom\u00eda y organizaci\u00f3n.<\/p>\n<p>En este largo caminar hacia un mundo justo y donde la vida est\u00e9 asegurada para nuestras futuras generaciones, los caminos que compa\u00f1eras y compa\u00f1eros hemos ido construyendo con dolor y con rabia se van poco a poco encontrando, hasta dibujar un hermoso tejido que cubre de color y dignidad al mundo entero.<\/p>\n<p>Es largo y grande el estruendo de los pueblos que resisten y ese estruendo tiene la capacidad de despertar la rebeld\u00eda y la organizaci\u00f3n en cada rinc\u00f3n donde hay injusticia y explotaci\u00f3n, es decir en cada rinc\u00f3n de nuestro mundo.<\/p>\n<p>Es por eso que hoy, los pueblos, organizaciones y colectivos de Puebla, Tlaxcala, Veracruz, Ciudad de M\u00e9xico, Estado de M\u00e9xico, Morelos, Oaxaca, Guerrero y Quer\u00e9taro hacemos sonar de nuevo nuestras cauces de rebeld\u00eda y llamamos a los pueblos, naciones y tribus ind\u00edgenas de M\u00e9xico y el mundo, as\u00ed como a las organizaciones y colectivos aliados a sumarse a esta \u00abCaravana por el agua y por la vida: Pueblos unidos contra el despojo capitalista\u00bb que iniciar\u00e1 el d\u00eda 22 de marzo en las tierras del municipio de Juan C. Bonilla, Puebla y terminar\u00e1 el d\u00eda 24 de abril en la comunidad de Cuentepec, Morelos.<\/p>\n<p>Durante 34 d\u00edas la Caravana visibilizar\u00e1 las luchas de estos nueve estados de M\u00e9xico as\u00ed como de territorios en el resto del pa\u00eds, en Europa, \u00c1frica, Asia, Sudam\u00e9rica y Norteam\u00e9rica y a su paso se ir\u00e1n trazando nuevos caminos de organizaci\u00f3n para resistir en conjunto los embates de este sistema capitalista y sus Estados protectores. Pero sobre todo, se har\u00e1 eco a la voz de los pueblos que han decidido ya su destino a trav\u00e9s de sus leyes, pronunciamientos, decretos y acuerdos propios que los malos gobiernos han despreciado e ignorado.<\/p>\n<p>Es decir, la Caravana por el agua y la vida tiene por objetivo hacer valer la Ley de los pueblos.<\/p>\n<p>M\u00e9xico, 11 de marzo del 2022<\/p>\n<p>Hasta que la dignidad se haga costumbre<\/p>\n<p>Nunca m\u00e1s un M\u00e9xico ni un mundo sin nosotros<\/p>\n<p>\u00a1No nos vencer\u00e1n!<\/p>\n<p>Congreso Nacional Ind\u00edgena<\/p>\n<p>Comunidad Otom\u00ed Residentes en la CDMX<\/p>\n<p>Casa Okupa Chiapas<\/p>\n<p>Coordinaci\u00f3n de Pueblos, Barrios Originarios y Colonias de Xochimilco<\/p>\n<p>UPVA 28 de octubre<\/p>\n<p>Pueblos Unidos de la Regi\u00f3n Cholulteca y los volcanes<\/p>\n<p>Coordinaci\u00f3n Metropolitana Anticapitalista y Antipatriarcal con el CIG<\/p>\n<p>Sol Rojo<\/p>\n<p>L\u00fctzerath<\/p>\n<p>Mazatecas por la libertad<\/p>\n<p>Unificaci\u00f3n de Pueblos y Colonias Contra la Miner\u00eda en Morelos<\/p>\n<p>Comunidad de Milpa Alta<\/p>\n<p>Plant\u00f3n de Huexca<\/p>\n<p>Plant\u00f3n de Asurco<\/p>\n<p>Red Universitaria Anticapitalista<\/p>\n<p>Frente de Pueblos en Defensa de la Tierra y el Agua, Morelos, Puebla y Tlaxcala<\/p>\n<p>Frente en Defensa del Valle Matlazica<\/p>\n<p>Hijxs del ma\u00edz<\/p>\n<p>CIPOG-EZ<\/p>\n<p>Red de Resistencia y Rebeld\u00eda del puerto de Veracruz en apoy\u00f3 al CIG-CNI<\/p>\n<p>MA\u00cdZ<\/p>\n<p>Comunidad de Iztapalapa<\/p>\n<p>UCIZONI<\/p>\n<p>Concejo aut\u00f3nomo totonaco y tiya-tlalle<\/p>\n<p>Ocotepec de libres<\/p>\n<p>Laboratorio Popular de Medios Libres<\/p>\n<p>Concejo Aut\u00f3nomo de Santiago Mexquititl\u00e1n<\/p>\n<p>El Istmo es Nuestro<\/p>\n<p>Comunidad de Puente Madera, Oaxaca<\/p>\n<p>Compas solidarios de Alemania y Suecia<\/p>\n<p>*Para adherir firmas a esta convocatoria y\/o participar en la caravana, escribir al correo caravanaporelaguaylavida@gmail.com<\/p>\n<p>#caravanaporelaguaylavida<\/p>\n","protected":false},"excerpt":{"rendered":"<p>Pueblos, organizaciones y colectivos de distintos estados convocaron a la \u00abCaravana por el agua y por la vida: Pueblos unidos contra el despojo capitalista\u00bb, para denunciar \u00abla escalada represiva de despojo y saqueo\u00bb contra las comunidades ind\u00edgenas y la Madre&hellip;<\/p>\n","protected":false},"author":1628,"featured_media":1543905,"comment_status":"closed","ping_status":"closed","sticky":false,"template":"","format":"standard","meta":{"footnotes":""},"categories":[78,68],"tags":[642,1321,17084],"class_list":["post-1543904","post","type-post","status-publish","format-standard","has-post-thumbnail","hentry","category-medio-ambiente-ecologia","category-norteamerica","tag-agua","tag-mexico","tag-vida"],"yoast_head":"<!-- This site is optimized with the Yoast SEO plugin v27.1.1 - https:\/\/yoast.com\/product\/yoast-seo-wordpress\/ -->\n<title>Pueblos convocan a caravana por el agua y por la vida<\/title>\n<meta name=\"description\" content=\"Pueblos, organizaciones y colectivos de distintos estados convocaron a la \u00abCaravana por el agua y por la vida: Pueblos unidos contra el despojo\" \/>\n<meta name=\"robots\" content=\"index, follow, max-snippet:-1, max-image-preview:large, max-video-preview:-1\" \/>\n<link rel=\"canonical\" href=\"https:\/\/www.pressenza.com\/es\/2022\/03\/pueblos-convocan-a-caravana-por-el-agua-y-por-la-vida\/\" \/>\n<meta property=\"og:locale\" content=\"es_ES\" \/>\n<meta property=\"og:type\" content=\"article\" \/>\n<meta property=\"og:title\" content=\"Pueblos convocan a caravana por el agua y por la vida\" \/>\n<meta property=\"og:description\" content=\"Pueblos, organizaciones y colectivos de distintos estados convocaron a la \u00abCaravana por el agua y por la vida: Pueblos unidos contra el despojo\" \/>\n<meta property=\"og:url\" content=\"https:\/\/www.pressenza.com\/es\/2022\/03\/pueblos-convocan-a-caravana-por-el-agua-y-por-la-vida\/\" \/>\n<meta property=\"og:site_name\" content=\"Pressenza\" \/>\n<meta property=\"article:publisher\" content=\"https:\/\/www.facebook.com\/PressenzaItalia\" \/>\n<meta property=\"article:published_time\" content=\"2022-03-15T22:10:58+00:00\" \/>\n<meta property=\"og:image\" content=\"https:\/\/www.pressenza.com\/wp-content\/uploads\/2022\/03\/275424062_421403266453458_8730636945183743191_n-1536x1152-1.jpg\" \/>\n\t<meta property=\"og:image:width\" content=\"1536\" \/>\n\t<meta property=\"og:image:height\" content=\"1152\" \/>\n\t<meta property=\"og:image:type\" content=\"image\/jpeg\" \/>\n<meta name=\"author\" content=\"Desinform\u00e9monos\" \/>\n<meta name=\"twitter:card\" content=\"summary_large_image\" \/>\n<meta name=\"twitter:creator\" content=\"@PressenzaIPA\" \/>\n<meta name=\"twitter:site\" content=\"@PressenzaIPA\" \/>\n<meta name=\"twitter:label1\" content=\"Escrito por\" \/>\n\t<meta name=\"twitter:data1\" content=\"Desinform\u00e9monos\" \/>\n\t<meta name=\"twitter:label2\" content=\"Tiempo de lectura\" \/>\n\t<meta name=\"twitter:data2\" content=\"7 minutos\" \/>\n<script type=\"application\/ld+json\" class=\"yoast-schema-graph\">{\"@context\":\"https:\/\/schema.org\",\"@graph\":[{\"@type\":\"Article\",\"@id\":\"https:\/\/www.pressenza.com\/es\/2022\/03\/pueblos-convocan-a-caravana-por-el-agua-y-por-la-vida\/#article\",\"isPartOf\":{\"@id\":\"https:\/\/www.pressenza.com\/es\/2022\/03\/pueblos-convocan-a-caravana-por-el-agua-y-por-la-vida\/\"},\"author\":{\"name\":\"Desinform\u00e9monos\",\"@id\":\"https:\/\/www.pressenza.com\/es\/#\/schema\/person\/bbbaee99f5088d6b61ae6e1829fe024c\"},\"headline\":\"Pueblos convocan a caravana por el agua y por la vida\",\"datePublished\":\"2022-03-15T22:10:58+00:00\",\"mainEntityOfPage\":{\"@id\":\"https:\/\/www.pressenza.com\/es\/2022\/03\/pueblos-convocan-a-caravana-por-el-agua-y-por-la-vida\/\"},\"wordCount\":1511,\"publisher\":{\"@id\":\"https:\/\/www.pressenza.com\/es\/#organization\"},\"image\":{\"@id\":\"https:\/\/www.pressenza.com\/es\/2022\/03\/pueblos-convocan-a-caravana-por-el-agua-y-por-la-vida\/#primaryimage\"},\"thumbnailUrl\":\"https:\/\/www.pressenza.com\/wp-content\/uploads\/2022\/03\/275424062_421403266453458_8730636945183743191_n-1536x1152-1.jpg\",\"keywords\":[\"Agua\",\"M\u00e9xico\",\"vida\"],\"articleSection\":[\"Ecolog\u00eda y Medio Ambiente\",\"Norteam\u00e9rica\"],\"inLanguage\":\"es\"},{\"@type\":\"WebPage\",\"@id\":\"https:\/\/www.pressenza.com\/es\/2022\/03\/pueblos-convocan-a-caravana-por-el-agua-y-por-la-vida\/\",\"url\":\"https:\/\/www.pressenza.com\/es\/2022\/03\/pueblos-convocan-a-caravana-por-el-agua-y-por-la-vida\/\",\"name\":\"Pueblos convocan a caravana por el agua y por la vida\",\"isPartOf\":{\"@id\":\"https:\/\/www.pressenza.com\/es\/#website\"},\"primaryImageOfPage\":{\"@id\":\"https:\/\/www.pressenza.com\/es\/2022\/03\/pueblos-convocan-a-caravana-por-el-agua-y-por-la-vida\/#primaryimage\"},\"image\":{\"@id\":\"https:\/\/www.pressenza.com\/es\/2022\/03\/pueblos-convocan-a-caravana-por-el-agua-y-por-la-vida\/#primaryimage\"},\"thumbnailUrl\":\"https:\/\/www.pressenza.com\/wp-content\/uploads\/2022\/03\/275424062_421403266453458_8730636945183743191_n-1536x1152-1.jpg\",\"datePublished\":\"2022-03-15T22:10:58+00:00\",\"description\":\"Pueblos, organizaciones y colectivos de distintos estados convocaron a la \u00abCaravana por el agua y por la vida: Pueblos unidos contra el despojo\",\"breadcrumb\":{\"@id\":\"https:\/\/www.pressenza.com\/es\/2022\/03\/pueblos-convocan-a-caravana-por-el-agua-y-por-la-vida\/#breadcrumb\"},\"inLanguage\":\"es\",\"potentialAction\":[{\"@type\":\"ReadAction\",\"target\":[\"https:\/\/www.pressenza.com\/es\/2022\/03\/pueblos-convocan-a-caravana-por-el-agua-y-por-la-vida\/\"]}]},{\"@type\":\"ImageObject\",\"inLanguage\":\"es\",\"@id\":\"https:\/\/www.pressenza.com\/es\/2022\/03\/pueblos-convocan-a-caravana-por-el-agua-y-por-la-vida\/#primaryimage\",\"url\":\"https:\/\/www.pressenza.com\/wp-content\/uploads\/2022\/03\/275424062_421403266453458_8730636945183743191_n-1536x1152-1.jpg\",\"contentUrl\":\"https:\/\/www.pressenza.com\/wp-content\/uploads\/2022\/03\/275424062_421403266453458_8730636945183743191_n-1536x1152-1.jpg\",\"width\":1536,\"height\":1152,\"caption\":\"Guardianas del r\u00edo Metlapanapa\"},{\"@type\":\"BreadcrumbList\",\"@id\":\"https:\/\/www.pressenza.com\/es\/2022\/03\/pueblos-convocan-a-caravana-por-el-agua-y-por-la-vida\/#breadcrumb\",\"itemListElement\":[{\"@type\":\"ListItem\",\"position\":1,\"name\":\"Accueil\",\"item\":\"https:\/\/www.pressenza.com\/es\/\"},{\"@type\":\"ListItem\",\"position\":2,\"name\":\"Pueblos convocan a caravana por el agua y por la vida\"}]},{\"@type\":\"WebSite\",\"@id\":\"https:\/\/www.pressenza.com\/es\/#website\",\"url\":\"https:\/\/www.pressenza.com\/es\/\",\"name\":\"Pressenza\",\"description\":\"International Press Agency\",\"publisher\":{\"@id\":\"https:\/\/www.pressenza.com\/es\/#organization\"},\"potentialAction\":[{\"@type\":\"SearchAction\",\"target\":{\"@type\":\"EntryPoint\",\"urlTemplate\":\"https:\/\/www.pressenza.com\/es\/?s={search_term_string}\"},\"query-input\":{\"@type\":\"PropertyValueSpecification\",\"valueRequired\":true,\"valueName\":\"search_term_string\"}}],\"inLanguage\":\"es\"},{\"@type\":\"Organization\",\"@id\":\"https:\/\/www.pressenza.com\/es\/#organization\",\"name\":\"Pressenza\",\"url\":\"https:\/\/www.pressenza.com\/es\/\",\"logo\":{\"@type\":\"ImageObject\",\"inLanguage\":\"es\",\"@id\":\"https:\/\/www.pressenza.com\/es\/#\/schema\/logo\/image\/\",\"url\":\"https:\/\/www.pressenza.com\/wp-content\/uploads\/2022\/10\/pressenza_logo_200x200.jpg\",\"contentUrl\":\"https:\/\/www.pressenza.com\/wp-content\/uploads\/2022\/10\/pressenza_logo_200x200.jpg\",\"width\":200,\"height\":200,\"caption\":\"Pressenza\"},\"image\":{\"@id\":\"https:\/\/www.pressenza.com\/es\/#\/schema\/logo\/image\/\"},\"sameAs\":[\"https:\/\/www.facebook.com\/PressenzaItalia\",\"https:\/\/x.com\/PressenzaIPA\"]},{\"@type\":\"Person\",\"@id\":\"https:\/\/www.pressenza.com\/es\/#\/schema\/person\/bbbaee99f5088d6b61ae6e1829fe024c\",\"name\":\"Desinform\u00e9monos\",\"description\":\"Desinform\u00e9monos nace el 15 de octubre de 2009 y crece como un proyecto de comunicaci\u00f3n aut\u00f3noma, libre e independiente, conformado por un equipo de comunicadores, personas de los movimientos sociales, intelectuales y acad\u00e9micos, hombres y mujeres de varias generaciones que, como nosotros, buscan construir un espacio de expresi\u00f3n en y desde M\u00e9xico, donde se aloja la casa matriz.\",\"sameAs\":[\"https:\/\/desinformemonos.org\/\"],\"url\":\"https:\/\/www.pressenza.com\/es\/author\/desinformemonos\/\"}]}<\/script>\n<!-- \/ Yoast SEO plugin. -->","yoast_head_json":{"title":"Pueblos convocan a caravana por el agua y por la vida","description":"Pueblos, organizaciones y colectivos de distintos estados convocaron a la \u00abCaravana por el agua y por la vida: Pueblos unidos contra el despojo","robots":{"index":"index","follow":"follow","max-snippet":"max-snippet:-1","max-image-preview":"max-image-preview:large","max-video-preview":"max-video-preview:-1"},"canonical":"https:\/\/www.pressenza.com\/es\/2022\/03\/pueblos-convocan-a-caravana-por-el-agua-y-por-la-vida\/","og_locale":"es_ES","og_type":"article","og_title":"Pueblos convocan a caravana por el agua y por la vida","og_description":"Pueblos, organizaciones y colectivos de distintos estados convocaron a la \u00abCaravana por el agua y por la vida: Pueblos unidos contra el despojo","og_url":"https:\/\/www.pressenza.com\/es\/2022\/03\/pueblos-convocan-a-caravana-por-el-agua-y-por-la-vida\/","og_site_name":"Pressenza","article_publisher":"https:\/\/www.facebook.com\/PressenzaItalia","article_published_time":"2022-03-15T22:10:58+00:00","og_image":[{"width":1536,"height":1152,"url":"https:\/\/www.pressenza.com\/wp-content\/uploads\/2022\/03\/275424062_421403266453458_8730636945183743191_n-1536x1152-1.jpg","type":"image\/jpeg"}],"author":"Desinform\u00e9monos","twitter_card":"summary_large_image","twitter_creator":"@PressenzaIPA","twitter_site":"@PressenzaIPA","twitter_misc":{"Escrito por":"Desinform\u00e9monos","Tiempo de lectura":"7 minutos"},"schema":{"@context":"https:\/\/schema.org","@graph":[{"@type":"Article","@id":"https:\/\/www.pressenza.com\/es\/2022\/03\/pueblos-convocan-a-caravana-por-el-agua-y-por-la-vida\/#article","isPartOf":{"@id":"https:\/\/www.pressenza.com\/es\/2022\/03\/pueblos-convocan-a-caravana-por-el-agua-y-por-la-vida\/"},"author":{"name":"Desinform\u00e9monos","@id":"https:\/\/www.pressenza.com\/es\/#\/schema\/person\/bbbaee99f5088d6b61ae6e1829fe024c"},"headline":"Pueblos convocan a caravana por el agua y por la vida","datePublished":"2022-03-15T22:10:58+00:00","mainEntityOfPage":{"@id":"https:\/\/www.pressenza.com\/es\/2022\/03\/pueblos-convocan-a-caravana-por-el-agua-y-por-la-vida\/"},"wordCount":1511,"publisher":{"@id":"https:\/\/www.pressenza.com\/es\/#organization"},"image":{"@id":"https:\/\/www.pressenza.com\/es\/2022\/03\/pueblos-convocan-a-caravana-por-el-agua-y-por-la-vida\/#primaryimage"},"thumbnailUrl":"https:\/\/www.pressenza.com\/wp-content\/uploads\/2022\/03\/275424062_421403266453458_8730636945183743191_n-1536x1152-1.jpg","keywords":["Agua","M\u00e9xico","vida"],"articleSection":["Ecolog\u00eda y Medio Ambiente","Norteam\u00e9rica"],"inLanguage":"es"},{"@type":"WebPage","@id":"https:\/\/www.pressenza.com\/es\/2022\/03\/pueblos-convocan-a-caravana-por-el-agua-y-por-la-vida\/","url":"https:\/\/www.pressenza.com\/es\/2022\/03\/pueblos-convocan-a-caravana-por-el-agua-y-por-la-vida\/","name":"Pueblos convocan a caravana por el agua y por la vida","isPartOf":{"@id":"https:\/\/www.pressenza.com\/es\/#website"},"primaryImageOfPage":{"@id":"https:\/\/www.pressenza.com\/es\/2022\/03\/pueblos-convocan-a-caravana-por-el-agua-y-por-la-vida\/#primaryimage"},"image":{"@id":"https:\/\/www.pressenza.com\/es\/2022\/03\/pueblos-convocan-a-caravana-por-el-agua-y-por-la-vida\/#primaryimage"},"thumbnailUrl":"https:\/\/www.pressenza.com\/wp-content\/uploads\/2022\/03\/275424062_421403266453458_8730636945183743191_n-1536x1152-1.jpg","datePublished":"2022-03-15T22:10:58+00:00","description":"Pueblos, organizaciones y colectivos de distintos estados convocaron a la \u00abCaravana por el agua y por la vida: Pueblos unidos contra el despojo","breadcrumb":{"@id":"https:\/\/www.pressenza.com\/es\/2022\/03\/pueblos-convocan-a-caravana-por-el-agua-y-por-la-vida\/#breadcrumb"},"inLanguage":"es","potentialAction":[{"@type":"ReadAction","target":["https:\/\/www.pressenza.com\/es\/2022\/03\/pueblos-convocan-a-caravana-por-el-agua-y-por-la-vida\/"]}]},{"@type":"ImageObject","inLanguage":"es","@id":"https:\/\/www.pressenza.com\/es\/2022\/03\/pueblos-convocan-a-caravana-por-el-agua-y-por-la-vida\/#primaryimage","url":"https:\/\/www.pressenza.com\/wp-content\/uploads\/2022\/03\/275424062_421403266453458_8730636945183743191_n-1536x1152-1.jpg","contentUrl":"https:\/\/www.pressenza.com\/wp-content\/uploads\/2022\/03\/275424062_421403266453458_8730636945183743191_n-1536x1152-1.jpg","width":1536,"height":1152,"caption":"Guardianas del r\u00edo Metlapanapa"},{"@type":"BreadcrumbList","@id":"https:\/\/www.pressenza.com\/es\/2022\/03\/pueblos-convocan-a-caravana-por-el-agua-y-por-la-vida\/#breadcrumb","itemListElement":[{"@type":"ListItem","position":1,"name":"Accueil","item":"https:\/\/www.pressenza.com\/es\/"},{"@type":"ListItem","position":2,"name":"Pueblos convocan a caravana por el agua y por la vida"}]},{"@type":"WebSite","@id":"https:\/\/www.pressenza.com\/es\/#website","url":"https:\/\/www.pressenza.com\/es\/","name":"Pressenza","description":"International Press Agency","publisher":{"@id":"https:\/\/www.pressenza.com\/es\/#organization"},"potentialAction":[{"@type":"SearchAction","target":{"@type":"EntryPoint","urlTemplate":"https:\/\/www.pressenza.com\/es\/?s={search_term_string}"},"query-input":{"@type":"PropertyValueSpecification","valueRequired":true,"valueName":"search_term_string"}}],"inLanguage":"es"},{"@type":"Organization","@id":"https:\/\/www.pressenza.com\/es\/#organization","name":"Pressenza","url":"https:\/\/www.pressenza.com\/es\/","logo":{"@type":"ImageObject","inLanguage":"es","@id":"https:\/\/www.pressenza.com\/es\/#\/schema\/logo\/image\/","url":"https:\/\/www.pressenza.com\/wp-content\/uploads\/2022\/10\/pressenza_logo_200x200.jpg","contentUrl":"https:\/\/www.pressenza.com\/wp-content\/uploads\/2022\/10\/pressenza_logo_200x200.jpg","width":200,"height":200,"caption":"Pressenza"},"image":{"@id":"https:\/\/www.pressenza.com\/es\/#\/schema\/logo\/image\/"},"sameAs":["https:\/\/www.facebook.com\/PressenzaItalia","https:\/\/x.com\/PressenzaIPA"]},{"@type":"Person","@id":"https:\/\/www.pressenza.com\/es\/#\/schema\/person\/bbbaee99f5088d6b61ae6e1829fe024c","name":"Desinform\u00e9monos","description":"Desinform\u00e9monos nace el 15 de octubre de 2009 y crece como un proyecto de comunicaci\u00f3n aut\u00f3noma, libre e independiente, conformado por un equipo de comunicadores, personas de los movimientos sociales, intelectuales y acad\u00e9micos, hombres y mujeres de varias generaciones que, como nosotros, buscan construir un espacio de expresi\u00f3n en y desde M\u00e9xico, donde se aloja la casa matriz.","sameAs":["https:\/\/desinformemonos.org\/"],"url":"https:\/\/www.pressenza.com\/es\/author\/desinformemonos\/"}]}},"place":"M\u00e9xico","original_article_url":"https:\/\/desinformemonos.org\/pueblos-convocan-a-caravana-por-el-agua-y-por-la-vida\/","_links":{"self":[{"href":"https:\/\/www.pressenza.com\/es\/wp-json\/wp\/v2\/posts\/1543904","targetHints":{"allow":["GET"]}}],"collection":[{"href":"https:\/\/www.pressenza.com\/es\/wp-json\/wp\/v2\/posts"}],"about":[{"href":"https:\/\/www.pressenza.com\/es\/wp-json\/wp\/v2\/types\/post"}],"author":[{"embeddable":true,"href":"https:\/\/www.pressenza.com\/es\/wp-json\/wp\/v2\/users\/1628"}],"replies":[{"embeddable":true,"href":"https:\/\/www.pressenza.com\/es\/wp-json\/wp\/v2\/comments?post=1543904"}],"version-history":[{"count":0,"href":"https:\/\/www.pressenza.com\/es\/wp-json\/wp\/v2\/posts\/1543904\/revisions"}],"wp:featuredmedia":[{"embeddable":true,"href":"https:\/\/www.pressenza.com\/es\/wp-json\/wp\/v2\/media\/1543905"}],"wp:attachment":[{"href":"https:\/\/www.pressenza.com\/es\/wp-json\/wp\/v2\/media?parent=1543904"}],"wp:term":[{"taxonomy":"category","embeddable":true,"href":"https:\/\/www.pressenza.com\/es\/wp-json\/wp\/v2\/categories?post=1543904"},{"taxonomy":"post_tag","embeddable":true,"href":"https:\/\/www.pressenza.com\/es\/wp-json\/wp\/v2\/tags?post=1543904"}],"curies":[{"name":"wp","href":"https:\/\/api.w.org\/{rel}","templated":true}]}}