{"id":1539537,"date":"2022-03-09T20:40:41","date_gmt":"2022-03-09T20:40:41","guid":{"rendered":"https:\/\/www.pressenza.com\/?p=1539537"},"modified":"2022-03-09T20:40:41","modified_gmt":"2022-03-09T20:40:41","slug":"declaracion-de-paz","status":"publish","type":"post","link":"https:\/\/www.pressenza.com\/es\/2022\/03\/declaracion-de-paz\/","title":{"rendered":"Declaraci\u00f3n de paz"},"content":{"rendered":"<p><span style=\"font-weight: 400;\">Nosotros, los ciudadanos del mundo,\u00a0<\/span><\/p>\n<p><span style=\"font-weight: 400;\">DECLARAMOS:<\/span><\/p>\n<ul>\n<li><span style=\"font-weight: 400;\">Nos interesa vivir en paz, prosperidad y concordia con todo ser humano sea cual sea su cultura, etnia, creencias o religi\u00f3n.<\/span><\/li>\n<li style=\"font-weight: 400;\" aria-level=\"1\"><span style=\"font-weight: 400;\">Nos interesa dejar a nuestros hijos un mundo con futuro, habitable, sostenible, donde impere el di\u00e1logo y la confianza entre los distintos conjuntos humanos.<\/span><\/li>\n<li style=\"font-weight: 400;\" aria-level=\"1\"><span style=\"font-weight: 400;\">Nos interesa un mundo donde todo ser humano disfrute de unos m\u00ednimos niveles de vida y que apunte a superar las grandes desigualdades iniciales.<\/span><\/li>\n<li style=\"font-weight: 400;\" aria-level=\"1\"><span style=\"font-weight: 400;\">Nos interesa un mundo donde las violencias de todo tipo sean cosa del pasado y se trabaje en conjunto, como humanidad, para superar las dificultades.<\/span><\/li>\n<\/ul>\n<p><span style=\"font-weight: 400;\">POR TANTO:<\/span><\/p>\n<ul>\n<li><span style=\"font-weight: 400;\">Los gobiernos que bombardean e invaden territorios, sean del bando que sean, no representan a nuestros intereses.<\/span><\/li>\n<li style=\"font-weight: 400;\" aria-level=\"1\"><span style=\"font-weight: 400;\">Los gobiernos que alimentan esos conflictos con armas y represalias, echando gasolina al fuego, no nos representan.<\/span><\/li>\n<li style=\"font-weight: 400;\" aria-level=\"1\"><span style=\"font-weight: 400;\">Los gobiernos que se niegan al di\u00e1logo y al entendimiento expandiendo los conflictos y poniendo en peligro la misma existencia de la humanidad, no nos representan.<\/span><\/li>\n<li style=\"font-weight: 400;\" aria-level=\"1\"><span style=\"font-weight: 400;\">Los gobiernos que anteponen sus jueguecitos geoestrat\u00e9gicos y sus intereses econ\u00f3micos a la vida y a la concordia humana tienen intereses muy distintos a los nuestros, por lo tanto, no nos representan.<\/span><\/li>\n<li style=\"font-weight: 400;\" aria-level=\"1\"><span style=\"font-weight: 400;\">Los gobiernos que mienten y manipulan a sus poblaciones para crear falsos temores y aumentar la desconfianza hacia otras personas o culturas, van en direcci\u00f3n opuesta a nuestros intereses, por lo tanto, no nos representan.<\/span><\/li>\n<\/ul>\n<p><span style=\"font-weight: 400;\">Teniendo en cuenta esto,<\/span><\/p>\n<p><span style=\"font-weight: 400;\">EXIGIMOS:<\/span><\/p>\n<ul>\n<li><span style=\"font-weight: 400;\">Que todos esos gobiernos ajenos a los intereses de las personas, sean del bando que sean, depongan de inmediato su actitud violenta hacia la humanidad.<\/span><\/li>\n<li style=\"font-weight: 400;\" aria-level=\"1\"><span style=\"font-weight: 400;\">Que detengan toda agresi\u00f3n armada, se retiren de los territorios invadidos y cesen en sus represalias vengativas.<\/span><\/li>\n<li style=\"font-weight: 400;\" aria-level=\"1\"><span style=\"font-weight: 400;\">Que inicien un desmantelamiento progresivo y completo de todo el armamento nuclear existente que amenaza la vida de la humanidad en su conjunto siguiendo el TPAN.<\/span><\/li>\n<li style=\"font-weight: 400;\" aria-level=\"1\"><span style=\"font-weight: 400;\">Que inicien de inmediato un di\u00e1logo para encontrar la confianza mutua necesaria y as\u00ed llegar a acuerdos que tengan en cuenta los intereses de la ciudadan\u00eda, comprometi\u00e9ndose a respetar esos acuerdos en el futuro.<\/span><\/li>\n<li style=\"font-weight: 400;\" aria-level=\"1\"><span style=\"font-weight: 400;\">Que reconozcan su hipocres\u00eda al condenar ciertas acciones y apoyar otras seg\u00fan su conveniencia y reconozcan el error cometido al usar la violencia y alentar conflictos.<\/span><\/li>\n<li style=\"font-weight: 400;\" aria-level=\"1\"><span style=\"font-weight: 400;\">Que empiecen a trabajar por el desarme global y por la reconversi\u00f3n de la industria armament\u00edstica, declarando ilegal cualquier guerra.<\/span><\/li>\n<li style=\"font-weight: 400;\" aria-level=\"1\"><span style=\"font-weight: 400;\">Que se comprometan a no repetir nunca m\u00e1s el error de usar la violencia contra nadie y a reparar los da\u00f1os causados a las distintas poblaciones, pueblos y culturas.<\/span><\/li>\n<\/ul>\n<p>&nbsp;<\/p>\n","protected":false},"excerpt":{"rendered":"<p>Nosotros, los ciudadanos del mundo,\u00a0 DECLARAMOS: Nos interesa vivir en paz, prosperidad y concordia con todo ser humano sea cual sea su cultura, etnia, creencias o religi\u00f3n. Nos interesa dejar a nuestros hijos un mundo con futuro, habitable, sostenible, donde&hellip;<\/p>\n","protected":false},"author":1122,"featured_media":1539540,"comment_status":"closed","ping_status":"closed","sticky":false,"template":"","format":"standard","meta":{"footnotes":""},"categories":[76,11389,79,39,1242,1243],"tags":[99921,3665,866,69364,6558],"class_list":["post-1539537","post","type-post","status-publish","format-standard","has-post-thumbnail","hentry","category-relaciones-exteriores","category-contenido-original","category-derechos-humanos","category-internacional","category-noviolencia-tema","category-paz-desarme","tag-declaracion-ciudadanos","tag-dialogo","tag-humanismo","tag-no-guerra","tag-paz-mundial"],"yoast_head":"<!-- This site is optimized with the Yoast SEO plugin v27.1.1 - https:\/\/yoast.com\/product\/yoast-seo-wordpress\/ -->\n<title>Declaraci\u00f3n de paz<\/title>\n<meta name=\"description\" content=\"Nosotros, los ciudadanos del mundo,\u00a0 DECLARAMOS: Nos interesa vivir en paz, prosperidad y concordia con todo ser humano sea cual sea su cultura, etnia,\" \/>\n<meta name=\"robots\" content=\"index, follow, max-snippet:-1, max-image-preview:large, max-video-preview:-1\" \/>\n<link rel=\"canonical\" href=\"https:\/\/www.pressenza.com\/es\/2022\/03\/declaracion-de-paz\/\" \/>\n<meta property=\"og:locale\" content=\"es_ES\" \/>\n<meta property=\"og:type\" content=\"article\" \/>\n<meta property=\"og:title\" content=\"Declaraci\u00f3n de paz\" \/>\n<meta property=\"og:description\" content=\"Nosotros, los ciudadanos del mundo,\u00a0 DECLARAMOS: Nos interesa vivir en paz, prosperidad y concordia con todo ser humano sea cual sea su cultura, etnia,\" \/>\n<meta property=\"og:url\" content=\"https:\/\/www.pressenza.com\/es\/2022\/03\/declaracion-de-paz\/\" \/>\n<meta property=\"og:site_name\" content=\"Pressenza\" \/>\n<meta property=\"article:publisher\" content=\"https:\/\/www.facebook.com\/PressenzaItalia\" \/>\n<meta property=\"article:author\" content=\"https:\/\/www.facebook.com\/Pressenza-Espaa-647854795301395\/timeline\/\" \/>\n<meta property=\"article:published_time\" content=\"2022-03-09T20:40:41+00:00\" \/>\n<meta property=\"og:image\" content=\"https:\/\/www.pressenza.com\/wp-content\/uploads\/2022\/03\/world-gb32a0e314_1920.jpg\" \/>\n\t<meta property=\"og:image:width\" content=\"1920\" \/>\n\t<meta property=\"og:image:height\" content=\"1249\" \/>\n\t<meta property=\"og:image:type\" content=\"image\/jpeg\" \/>\n<meta name=\"author\" content=\"Redacci\u00f3n Barcelona\" \/>\n<meta name=\"twitter:card\" content=\"summary_large_image\" \/>\n<meta name=\"twitter:creator\" content=\"@pressenza\" \/>\n<meta name=\"twitter:site\" content=\"@PressenzaIPA\" \/>\n<meta name=\"twitter:label1\" content=\"Escrito por\" \/>\n\t<meta name=\"twitter:data1\" content=\"Redacci\u00f3n Barcelona\" \/>\n\t<meta name=\"twitter:label2\" content=\"Tiempo de lectura\" \/>\n\t<meta name=\"twitter:data2\" content=\"2 minutos\" \/>\n<script type=\"application\/ld+json\" class=\"yoast-schema-graph\">{\"@context\":\"https:\/\/schema.org\",\"@graph\":[{\"@type\":\"Article\",\"@id\":\"https:\/\/www.pressenza.com\/es\/2022\/03\/declaracion-de-paz\/#article\",\"isPartOf\":{\"@id\":\"https:\/\/www.pressenza.com\/es\/2022\/03\/declaracion-de-paz\/\"},\"author\":{\"name\":\"Redacci\u00f3n Barcelona\",\"@id\":\"https:\/\/www.pressenza.com\/es\/#\/schema\/person\/8abc53b92f3264e0dad4300d54ac73ff\"},\"headline\":\"Declaraci\u00f3n de paz\",\"datePublished\":\"2022-03-09T20:40:41+00:00\",\"mainEntityOfPage\":{\"@id\":\"https:\/\/www.pressenza.com\/es\/2022\/03\/declaracion-de-paz\/\"},\"wordCount\":433,\"publisher\":{\"@id\":\"https:\/\/www.pressenza.com\/es\/#organization\"},\"image\":{\"@id\":\"https:\/\/www.pressenza.com\/es\/2022\/03\/declaracion-de-paz\/#primaryimage\"},\"thumbnailUrl\":\"https:\/\/www.pressenza.com\/wp-content\/uploads\/2022\/03\/world-gb32a0e314_1920.jpg\",\"keywords\":[\"Declaraci\u00f3n ciudadanos\",\"di\u00e1logo\",\"Humanismo\",\"No Guerra\",\"Paz mundial\"],\"articleSection\":[\"Asuntos internacionales\",\"Contenido Original\",\"Derechos Humanos\",\"Internacional\",\"Noviolencia\",\"Paz y Desarme\"],\"inLanguage\":\"es\"},{\"@type\":\"WebPage\",\"@id\":\"https:\/\/www.pressenza.com\/es\/2022\/03\/declaracion-de-paz\/\",\"url\":\"https:\/\/www.pressenza.com\/es\/2022\/03\/declaracion-de-paz\/\",\"name\":\"Declaraci\u00f3n de paz\",\"isPartOf\":{\"@id\":\"https:\/\/www.pressenza.com\/es\/#website\"},\"primaryImageOfPage\":{\"@id\":\"https:\/\/www.pressenza.com\/es\/2022\/03\/declaracion-de-paz\/#primaryimage\"},\"image\":{\"@id\":\"https:\/\/www.pressenza.com\/es\/2022\/03\/declaracion-de-paz\/#primaryimage\"},\"thumbnailUrl\":\"https:\/\/www.pressenza.com\/wp-content\/uploads\/2022\/03\/world-gb32a0e314_1920.jpg\",\"datePublished\":\"2022-03-09T20:40:41+00:00\",\"description\":\"Nosotros, los ciudadanos del mundo,\u00a0 DECLARAMOS: Nos interesa vivir en paz, prosperidad y concordia con todo ser humano sea cual sea su cultura, etnia,\",\"breadcrumb\":{\"@id\":\"https:\/\/www.pressenza.com\/es\/2022\/03\/declaracion-de-paz\/#breadcrumb\"},\"inLanguage\":\"es\",\"potentialAction\":[{\"@type\":\"ReadAction\",\"target\":[\"https:\/\/www.pressenza.com\/es\/2022\/03\/declaracion-de-paz\/\"]}]},{\"@type\":\"ImageObject\",\"inLanguage\":\"es\",\"@id\":\"https:\/\/www.pressenza.com\/es\/2022\/03\/declaracion-de-paz\/#primaryimage\",\"url\":\"https:\/\/www.pressenza.com\/wp-content\/uploads\/2022\/03\/world-gb32a0e314_1920.jpg\",\"contentUrl\":\"https:\/\/www.pressenza.com\/wp-content\/uploads\/2022\/03\/world-gb32a0e314_1920.jpg\",\"width\":1920,\"height\":1249},{\"@type\":\"BreadcrumbList\",\"@id\":\"https:\/\/www.pressenza.com\/es\/2022\/03\/declaracion-de-paz\/#breadcrumb\",\"itemListElement\":[{\"@type\":\"ListItem\",\"position\":1,\"name\":\"Accueil\",\"item\":\"https:\/\/www.pressenza.com\/es\/\"},{\"@type\":\"ListItem\",\"position\":2,\"name\":\"Declaraci\u00f3n de paz\"}]},{\"@type\":\"WebSite\",\"@id\":\"https:\/\/www.pressenza.com\/es\/#website\",\"url\":\"https:\/\/www.pressenza.com\/es\/\",\"name\":\"Pressenza\",\"description\":\"International Press Agency\",\"publisher\":{\"@id\":\"https:\/\/www.pressenza.com\/es\/#organization\"},\"potentialAction\":[{\"@type\":\"SearchAction\",\"target\":{\"@type\":\"EntryPoint\",\"urlTemplate\":\"https:\/\/www.pressenza.com\/es\/?s={search_term_string}\"},\"query-input\":{\"@type\":\"PropertyValueSpecification\",\"valueRequired\":true,\"valueName\":\"search_term_string\"}}],\"inLanguage\":\"es\"},{\"@type\":\"Organization\",\"@id\":\"https:\/\/www.pressenza.com\/es\/#organization\",\"name\":\"Pressenza\",\"url\":\"https:\/\/www.pressenza.com\/es\/\",\"logo\":{\"@type\":\"ImageObject\",\"inLanguage\":\"es\",\"@id\":\"https:\/\/www.pressenza.com\/es\/#\/schema\/logo\/image\/\",\"url\":\"https:\/\/www.pressenza.com\/wp-content\/uploads\/2022\/10\/pressenza_logo_200x200.jpg\",\"contentUrl\":\"https:\/\/www.pressenza.com\/wp-content\/uploads\/2022\/10\/pressenza_logo_200x200.jpg\",\"width\":200,\"height\":200,\"caption\":\"Pressenza\"},\"image\":{\"@id\":\"https:\/\/www.pressenza.com\/es\/#\/schema\/logo\/image\/\"},\"sameAs\":[\"https:\/\/www.facebook.com\/PressenzaItalia\",\"https:\/\/x.com\/PressenzaIPA\"]},{\"@type\":\"Person\",\"@id\":\"https:\/\/www.pressenza.com\/es\/#\/schema\/person\/8abc53b92f3264e0dad4300d54ac73ff\",\"name\":\"Redacci\u00f3n Barcelona\",\"description\":\"News published by the Pressenza bureau in Barcelona, Spain\",\"sameAs\":[\"https:\/\/www.facebook.com\/Pressenza-Espaa-647854795301395\/timeline\/\",\"https:\/\/x.com\/pressenza\"],\"url\":\"https:\/\/www.pressenza.com\/es\/author\/redaccion-barcelona\/\"}]}<\/script>\n<!-- \/ Yoast SEO plugin. -->","yoast_head_json":{"title":"Declaraci\u00f3n de paz","description":"Nosotros, los ciudadanos del mundo,\u00a0 DECLARAMOS: Nos interesa vivir en paz, prosperidad y concordia con todo ser humano sea cual sea su cultura, etnia,","robots":{"index":"index","follow":"follow","max-snippet":"max-snippet:-1","max-image-preview":"max-image-preview:large","max-video-preview":"max-video-preview:-1"},"canonical":"https:\/\/www.pressenza.com\/es\/2022\/03\/declaracion-de-paz\/","og_locale":"es_ES","og_type":"article","og_title":"Declaraci\u00f3n de paz","og_description":"Nosotros, los ciudadanos del mundo,\u00a0 DECLARAMOS: Nos interesa vivir en paz, prosperidad y concordia con todo ser humano sea cual sea su cultura, etnia,","og_url":"https:\/\/www.pressenza.com\/es\/2022\/03\/declaracion-de-paz\/","og_site_name":"Pressenza","article_publisher":"https:\/\/www.facebook.com\/PressenzaItalia","article_author":"https:\/\/www.facebook.com\/Pressenza-Espaa-647854795301395\/timeline\/","article_published_time":"2022-03-09T20:40:41+00:00","og_image":[{"width":1920,"height":1249,"url":"https:\/\/www.pressenza.com\/wp-content\/uploads\/2022\/03\/world-gb32a0e314_1920.jpg","type":"image\/jpeg"}],"author":"Redacci\u00f3n Barcelona","twitter_card":"summary_large_image","twitter_creator":"@pressenza","twitter_site":"@PressenzaIPA","twitter_misc":{"Escrito por":"Redacci\u00f3n Barcelona","Tiempo de lectura":"2 minutos"},"schema":{"@context":"https:\/\/schema.org","@graph":[{"@type":"Article","@id":"https:\/\/www.pressenza.com\/es\/2022\/03\/declaracion-de-paz\/#article","isPartOf":{"@id":"https:\/\/www.pressenza.com\/es\/2022\/03\/declaracion-de-paz\/"},"author":{"name":"Redacci\u00f3n Barcelona","@id":"https:\/\/www.pressenza.com\/es\/#\/schema\/person\/8abc53b92f3264e0dad4300d54ac73ff"},"headline":"Declaraci\u00f3n de paz","datePublished":"2022-03-09T20:40:41+00:00","mainEntityOfPage":{"@id":"https:\/\/www.pressenza.com\/es\/2022\/03\/declaracion-de-paz\/"},"wordCount":433,"publisher":{"@id":"https:\/\/www.pressenza.com\/es\/#organization"},"image":{"@id":"https:\/\/www.pressenza.com\/es\/2022\/03\/declaracion-de-paz\/#primaryimage"},"thumbnailUrl":"https:\/\/www.pressenza.com\/wp-content\/uploads\/2022\/03\/world-gb32a0e314_1920.jpg","keywords":["Declaraci\u00f3n ciudadanos","di\u00e1logo","Humanismo","No Guerra","Paz mundial"],"articleSection":["Asuntos internacionales","Contenido Original","Derechos Humanos","Internacional","Noviolencia","Paz y Desarme"],"inLanguage":"es"},{"@type":"WebPage","@id":"https:\/\/www.pressenza.com\/es\/2022\/03\/declaracion-de-paz\/","url":"https:\/\/www.pressenza.com\/es\/2022\/03\/declaracion-de-paz\/","name":"Declaraci\u00f3n de paz","isPartOf":{"@id":"https:\/\/www.pressenza.com\/es\/#website"},"primaryImageOfPage":{"@id":"https:\/\/www.pressenza.com\/es\/2022\/03\/declaracion-de-paz\/#primaryimage"},"image":{"@id":"https:\/\/www.pressenza.com\/es\/2022\/03\/declaracion-de-paz\/#primaryimage"},"thumbnailUrl":"https:\/\/www.pressenza.com\/wp-content\/uploads\/2022\/03\/world-gb32a0e314_1920.jpg","datePublished":"2022-03-09T20:40:41+00:00","description":"Nosotros, los ciudadanos del mundo,\u00a0 DECLARAMOS: Nos interesa vivir en paz, prosperidad y concordia con todo ser humano sea cual sea su cultura, etnia,","breadcrumb":{"@id":"https:\/\/www.pressenza.com\/es\/2022\/03\/declaracion-de-paz\/#breadcrumb"},"inLanguage":"es","potentialAction":[{"@type":"ReadAction","target":["https:\/\/www.pressenza.com\/es\/2022\/03\/declaracion-de-paz\/"]}]},{"@type":"ImageObject","inLanguage":"es","@id":"https:\/\/www.pressenza.com\/es\/2022\/03\/declaracion-de-paz\/#primaryimage","url":"https:\/\/www.pressenza.com\/wp-content\/uploads\/2022\/03\/world-gb32a0e314_1920.jpg","contentUrl":"https:\/\/www.pressenza.com\/wp-content\/uploads\/2022\/03\/world-gb32a0e314_1920.jpg","width":1920,"height":1249},{"@type":"BreadcrumbList","@id":"https:\/\/www.pressenza.com\/es\/2022\/03\/declaracion-de-paz\/#breadcrumb","itemListElement":[{"@type":"ListItem","position":1,"name":"Accueil","item":"https:\/\/www.pressenza.com\/es\/"},{"@type":"ListItem","position":2,"name":"Declaraci\u00f3n de paz"}]},{"@type":"WebSite","@id":"https:\/\/www.pressenza.com\/es\/#website","url":"https:\/\/www.pressenza.com\/es\/","name":"Pressenza","description":"International Press Agency","publisher":{"@id":"https:\/\/www.pressenza.com\/es\/#organization"},"potentialAction":[{"@type":"SearchAction","target":{"@type":"EntryPoint","urlTemplate":"https:\/\/www.pressenza.com\/es\/?s={search_term_string}"},"query-input":{"@type":"PropertyValueSpecification","valueRequired":true,"valueName":"search_term_string"}}],"inLanguage":"es"},{"@type":"Organization","@id":"https:\/\/www.pressenza.com\/es\/#organization","name":"Pressenza","url":"https:\/\/www.pressenza.com\/es\/","logo":{"@type":"ImageObject","inLanguage":"es","@id":"https:\/\/www.pressenza.com\/es\/#\/schema\/logo\/image\/","url":"https:\/\/www.pressenza.com\/wp-content\/uploads\/2022\/10\/pressenza_logo_200x200.jpg","contentUrl":"https:\/\/www.pressenza.com\/wp-content\/uploads\/2022\/10\/pressenza_logo_200x200.jpg","width":200,"height":200,"caption":"Pressenza"},"image":{"@id":"https:\/\/www.pressenza.com\/es\/#\/schema\/logo\/image\/"},"sameAs":["https:\/\/www.facebook.com\/PressenzaItalia","https:\/\/x.com\/PressenzaIPA"]},{"@type":"Person","@id":"https:\/\/www.pressenza.com\/es\/#\/schema\/person\/8abc53b92f3264e0dad4300d54ac73ff","name":"Redacci\u00f3n Barcelona","description":"News published by the Pressenza bureau in Barcelona, Spain","sameAs":["https:\/\/www.facebook.com\/Pressenza-Espaa-647854795301395\/timeline\/","https:\/\/x.com\/pressenza"],"url":"https:\/\/www.pressenza.com\/es\/author\/redaccion-barcelona\/"}]}},"place":"Barcelona","original_article_url":"","_links":{"self":[{"href":"https:\/\/www.pressenza.com\/es\/wp-json\/wp\/v2\/posts\/1539537","targetHints":{"allow":["GET"]}}],"collection":[{"href":"https:\/\/www.pressenza.com\/es\/wp-json\/wp\/v2\/posts"}],"about":[{"href":"https:\/\/www.pressenza.com\/es\/wp-json\/wp\/v2\/types\/post"}],"author":[{"embeddable":true,"href":"https:\/\/www.pressenza.com\/es\/wp-json\/wp\/v2\/users\/1122"}],"replies":[{"embeddable":true,"href":"https:\/\/www.pressenza.com\/es\/wp-json\/wp\/v2\/comments?post=1539537"}],"version-history":[{"count":0,"href":"https:\/\/www.pressenza.com\/es\/wp-json\/wp\/v2\/posts\/1539537\/revisions"}],"wp:featuredmedia":[{"embeddable":true,"href":"https:\/\/www.pressenza.com\/es\/wp-json\/wp\/v2\/media\/1539540"}],"wp:attachment":[{"href":"https:\/\/www.pressenza.com\/es\/wp-json\/wp\/v2\/media?parent=1539537"}],"wp:term":[{"taxonomy":"category","embeddable":true,"href":"https:\/\/www.pressenza.com\/es\/wp-json\/wp\/v2\/categories?post=1539537"},{"taxonomy":"post_tag","embeddable":true,"href":"https:\/\/www.pressenza.com\/es\/wp-json\/wp\/v2\/tags?post=1539537"}],"curies":[{"name":"wp","href":"https:\/\/api.w.org\/{rel}","templated":true}]}}