{"id":153769,"date":"2014-12-19T10:57:11","date_gmt":"2014-12-19T10:57:11","guid":{"rendered":"http:\/\/www.pressenza.com\/?p=153769"},"modified":"2014-12-19T10:58:37","modified_gmt":"2014-12-19T10:58:37","slug":"productores-agricolas-de-chuquisaca-se-benefician-con-246-titulos-ejecutoriales","status":"publish","type":"post","link":"https:\/\/www.pressenza.com\/es\/2014\/12\/productores-agricolas-de-chuquisaca-se-benefician-con-246-titulos-ejecutoriales\/","title":{"rendered":"Productores agr\u00edcolas de Chuquisaca se benefician con 246 t\u00edtulos ejecutoriales"},"content":{"rendered":"<p>El director departamental del Instituto Nacional de Reforma Agraria (INRA) de Chuquisaca, Roberto Polo, entreg\u00f3 el jueves a los productores agr\u00edcolas de la provincia Oropeza, 246 t\u00edtulos ejecutoriales.<\/p>\n<p>\u00abHemos entregado 246 t\u00edtulos ejecutoriales a las comunidades de C\u00b4kochis, comunidad campesina Guerra Loma y Tambo Ck\u00e1sa, de la provincia Oropeza, los cuales corresponden a 1.041 hect\u00e1reas tituladas y saneadas\u00bb, inform\u00f3.<\/p>\n<p>Los t\u00edtulos entregados beneficiar\u00e1n a 480 personas, de las cuales, 180 son mujeres, 277 varones y 23 personas jur\u00eddicas.<\/p>\n<p>El acto de entrega de los documentos se realiz\u00f3 en instalaciones de la unidad educativa Taepo, en\u00a0 la comunidad Guerra Loma, al que asistieron las autoridades del lugar, funcionarios del INRA y beneficiarios de la regi\u00f3n.<\/p>\n<p>Por su parte, Julia Oropeza, beneficiaria de la comunidad Tambo Ck\u00e1sa, dijo que se siente feliz por haber recibido el t\u00edtulo de sus tierras.<\/p>\n<p>\u00abMe siento feliz porque ya tengo mi t\u00edtulo ejecutorial, porque ahora con esto ya voy a poder acceder a cr\u00e9ditos productivos para seguir trabajando mi tierra, por eso agradezco al presidente (Evo Morales), a la Ministra (de Desarrollo rural, Nemesia Achacollo) y a todo el equipo del INRA por cumplir con todos nosotros\u00bb, remarc\u00f3.<\/p>\n","protected":false},"excerpt":{"rendered":"<p>El director departamental del Instituto Nacional de Reforma Agraria (INRA) de Chuquisaca, Roberto Polo, entreg\u00f3 el jueves a los productores agr\u00edcolas de la provincia Oropeza, 246 t\u00edtulos ejecutoriales. \u00abHemos entregado 246 t\u00edtulos ejecutoriales a las comunidades de C\u00b4kochis, comunidad campesina&hellip;<\/p>\n","protected":false},"author":127,"featured_media":0,"comment_status":"closed","ping_status":"open","sticky":false,"template":"","format":"standard","meta":{"footnotes":""},"categories":[74,80,67],"tags":[1646,2535,1059],"class_list":["post-153769","post","type-post","status-publish","format-standard","hentry","category-politica-es","category-pueblos-originarios","category-sudamerica","tag-bolivia","tag-campesinos","tag-evo-morales"],"yoast_head":"<!-- This site is optimized with the Yoast SEO plugin v27.1.1 - https:\/\/yoast.com\/product\/yoast-seo-wordpress\/ -->\n<title>Productores agr\u00edcolas de Chuquisaca se benefician con 246 t\u00edtulos ejecutoriales<\/title>\n<meta name=\"description\" content=\"El director departamental del Instituto Nacional de Reforma Agraria (INRA) de Chuquisaca, Roberto Polo, entreg\u00f3 el jueves a los productores agr\u00edcolas de\" \/>\n<meta name=\"robots\" content=\"index, follow, max-snippet:-1, max-image-preview:large, max-video-preview:-1\" \/>\n<link rel=\"canonical\" href=\"https:\/\/www.pressenza.com\/es\/2014\/12\/productores-agricolas-de-chuquisaca-se-benefician-con-246-titulos-ejecutoriales\/\" \/>\n<meta property=\"og:locale\" content=\"es_ES\" \/>\n<meta property=\"og:type\" content=\"article\" \/>\n<meta property=\"og:title\" content=\"Productores agr\u00edcolas de Chuquisaca se benefician con 246 t\u00edtulos ejecutoriales\" \/>\n<meta property=\"og:description\" content=\"El director departamental del Instituto Nacional de Reforma Agraria (INRA) de Chuquisaca, Roberto Polo, entreg\u00f3 el jueves a los productores agr\u00edcolas de\" \/>\n<meta property=\"og:url\" content=\"https:\/\/www.pressenza.com\/es\/2014\/12\/productores-agricolas-de-chuquisaca-se-benefician-con-246-titulos-ejecutoriales\/\" \/>\n<meta property=\"og:site_name\" content=\"Pressenza\" \/>\n<meta property=\"article:publisher\" content=\"https:\/\/www.facebook.com\/PressenzaItalia\" \/>\n<meta property=\"article:published_time\" content=\"2014-12-19T10:57:11+00:00\" \/>\n<meta property=\"article:modified_time\" content=\"2014-12-19T10:58:37+00:00\" \/>\n<meta name=\"author\" content=\"Agencia Boliviana de Informaci\u00f3n - ABI\" \/>\n<meta name=\"twitter:card\" content=\"summary_large_image\" \/>\n<meta name=\"twitter:creator\" content=\"@mincombolivia\" \/>\n<meta name=\"twitter:site\" content=\"@PressenzaIPA\" \/>\n<meta name=\"twitter:label1\" content=\"Escrito por\" \/>\n\t<meta name=\"twitter:data1\" content=\"Agencia Boliviana de Informaci\u00f3n - ABI\" \/>\n\t<meta name=\"twitter:label2\" content=\"Tiempo de lectura\" \/>\n\t<meta name=\"twitter:data2\" content=\"1 minuto\" \/>\n<script type=\"application\/ld+json\" class=\"yoast-schema-graph\">{\"@context\":\"https:\/\/schema.org\",\"@graph\":[{\"@type\":\"Article\",\"@id\":\"https:\/\/www.pressenza.com\/es\/2014\/12\/productores-agricolas-de-chuquisaca-se-benefician-con-246-titulos-ejecutoriales\/#article\",\"isPartOf\":{\"@id\":\"https:\/\/www.pressenza.com\/es\/2014\/12\/productores-agricolas-de-chuquisaca-se-benefician-con-246-titulos-ejecutoriales\/\"},\"author\":{\"name\":\"Agencia Boliviana de Informaci\u00f3n - ABI\",\"@id\":\"https:\/\/www.pressenza.com\/es\/#\/schema\/person\/3fe2a62cf8f5fea54fc87abcec98dcb4\"},\"headline\":\"Productores agr\u00edcolas de Chuquisaca se benefician con 246 t\u00edtulos ejecutoriales\",\"datePublished\":\"2014-12-19T10:57:11+00:00\",\"dateModified\":\"2014-12-19T10:58:37+00:00\",\"mainEntityOfPage\":{\"@id\":\"https:\/\/www.pressenza.com\/es\/2014\/12\/productores-agricolas-de-chuquisaca-se-benefician-con-246-titulos-ejecutoriales\/\"},\"wordCount\":210,\"publisher\":{\"@id\":\"https:\/\/www.pressenza.com\/es\/#organization\"},\"keywords\":[\"Bolivia\",\"campesinos\",\"Evo Morales\"],\"articleSection\":[\"Pol\u00edtica\",\"Pueblos Originarios\",\"Sudam\u00e9rica\"],\"inLanguage\":\"es\"},{\"@type\":\"WebPage\",\"@id\":\"https:\/\/www.pressenza.com\/es\/2014\/12\/productores-agricolas-de-chuquisaca-se-benefician-con-246-titulos-ejecutoriales\/\",\"url\":\"https:\/\/www.pressenza.com\/es\/2014\/12\/productores-agricolas-de-chuquisaca-se-benefician-con-246-titulos-ejecutoriales\/\",\"name\":\"Productores agr\u00edcolas de Chuquisaca se benefician con 246 t\u00edtulos ejecutoriales\",\"isPartOf\":{\"@id\":\"https:\/\/www.pressenza.com\/es\/#website\"},\"datePublished\":\"2014-12-19T10:57:11+00:00\",\"dateModified\":\"2014-12-19T10:58:37+00:00\",\"description\":\"El director departamental del Instituto Nacional de Reforma Agraria (INRA) de Chuquisaca, Roberto Polo, entreg\u00f3 el jueves a los productores agr\u00edcolas de\",\"breadcrumb\":{\"@id\":\"https:\/\/www.pressenza.com\/es\/2014\/12\/productores-agricolas-de-chuquisaca-se-benefician-con-246-titulos-ejecutoriales\/#breadcrumb\"},\"inLanguage\":\"es\",\"potentialAction\":[{\"@type\":\"ReadAction\",\"target\":[\"https:\/\/www.pressenza.com\/es\/2014\/12\/productores-agricolas-de-chuquisaca-se-benefician-con-246-titulos-ejecutoriales\/\"]}]},{\"@type\":\"BreadcrumbList\",\"@id\":\"https:\/\/www.pressenza.com\/es\/2014\/12\/productores-agricolas-de-chuquisaca-se-benefician-con-246-titulos-ejecutoriales\/#breadcrumb\",\"itemListElement\":[{\"@type\":\"ListItem\",\"position\":1,\"name\":\"Accueil\",\"item\":\"https:\/\/www.pressenza.com\/es\/\"},{\"@type\":\"ListItem\",\"position\":2,\"name\":\"Productores agr\u00edcolas de Chuquisaca se benefician con 246 t\u00edtulos ejecutoriales\"}]},{\"@type\":\"WebSite\",\"@id\":\"https:\/\/www.pressenza.com\/es\/#website\",\"url\":\"https:\/\/www.pressenza.com\/es\/\",\"name\":\"Pressenza\",\"description\":\"International Press Agency\",\"publisher\":{\"@id\":\"https:\/\/www.pressenza.com\/es\/#organization\"},\"potentialAction\":[{\"@type\":\"SearchAction\",\"target\":{\"@type\":\"EntryPoint\",\"urlTemplate\":\"https:\/\/www.pressenza.com\/es\/?s={search_term_string}\"},\"query-input\":{\"@type\":\"PropertyValueSpecification\",\"valueRequired\":true,\"valueName\":\"search_term_string\"}}],\"inLanguage\":\"es\"},{\"@type\":\"Organization\",\"@id\":\"https:\/\/www.pressenza.com\/es\/#organization\",\"name\":\"Pressenza\",\"url\":\"https:\/\/www.pressenza.com\/es\/\",\"logo\":{\"@type\":\"ImageObject\",\"inLanguage\":\"es\",\"@id\":\"https:\/\/www.pressenza.com\/es\/#\/schema\/logo\/image\/\",\"url\":\"https:\/\/www.pressenza.com\/wp-content\/uploads\/2022\/10\/pressenza_logo_200x200.jpg\",\"contentUrl\":\"https:\/\/www.pressenza.com\/wp-content\/uploads\/2022\/10\/pressenza_logo_200x200.jpg\",\"width\":200,\"height\":200,\"caption\":\"Pressenza\"},\"image\":{\"@id\":\"https:\/\/www.pressenza.com\/es\/#\/schema\/logo\/image\/\"},\"sameAs\":[\"https:\/\/www.facebook.com\/PressenzaItalia\",\"https:\/\/x.com\/PressenzaIPA\"]},{\"@type\":\"Person\",\"@id\":\"https:\/\/www.pressenza.com\/es\/#\/schema\/person\/3fe2a62cf8f5fea54fc87abcec98dcb4\",\"name\":\"Agencia Boliviana de Informaci\u00f3n - ABI\",\"description\":\"www.abi.bo\",\"sameAs\":[\"https:\/\/x.com\/mincombolivia\"],\"url\":\"https:\/\/www.pressenza.com\/es\/author\/agencia-boliviana-de-informacion-abi\/\"}]}<\/script>\n<!-- \/ Yoast SEO plugin. -->","yoast_head_json":{"title":"Productores agr\u00edcolas de Chuquisaca se benefician con 246 t\u00edtulos ejecutoriales","description":"El director departamental del Instituto Nacional de Reforma Agraria (INRA) de Chuquisaca, Roberto Polo, entreg\u00f3 el jueves a los productores agr\u00edcolas de","robots":{"index":"index","follow":"follow","max-snippet":"max-snippet:-1","max-image-preview":"max-image-preview:large","max-video-preview":"max-video-preview:-1"},"canonical":"https:\/\/www.pressenza.com\/es\/2014\/12\/productores-agricolas-de-chuquisaca-se-benefician-con-246-titulos-ejecutoriales\/","og_locale":"es_ES","og_type":"article","og_title":"Productores agr\u00edcolas de Chuquisaca se benefician con 246 t\u00edtulos ejecutoriales","og_description":"El director departamental del Instituto Nacional de Reforma Agraria (INRA) de Chuquisaca, Roberto Polo, entreg\u00f3 el jueves a los productores agr\u00edcolas de","og_url":"https:\/\/www.pressenza.com\/es\/2014\/12\/productores-agricolas-de-chuquisaca-se-benefician-con-246-titulos-ejecutoriales\/","og_site_name":"Pressenza","article_publisher":"https:\/\/www.facebook.com\/PressenzaItalia","article_published_time":"2014-12-19T10:57:11+00:00","article_modified_time":"2014-12-19T10:58:37+00:00","author":"Agencia Boliviana de Informaci\u00f3n - ABI","twitter_card":"summary_large_image","twitter_creator":"@mincombolivia","twitter_site":"@PressenzaIPA","twitter_misc":{"Escrito por":"Agencia Boliviana de Informaci\u00f3n - ABI","Tiempo de lectura":"1 minuto"},"schema":{"@context":"https:\/\/schema.org","@graph":[{"@type":"Article","@id":"https:\/\/www.pressenza.com\/es\/2014\/12\/productores-agricolas-de-chuquisaca-se-benefician-con-246-titulos-ejecutoriales\/#article","isPartOf":{"@id":"https:\/\/www.pressenza.com\/es\/2014\/12\/productores-agricolas-de-chuquisaca-se-benefician-con-246-titulos-ejecutoriales\/"},"author":{"name":"Agencia Boliviana de Informaci\u00f3n - ABI","@id":"https:\/\/www.pressenza.com\/es\/#\/schema\/person\/3fe2a62cf8f5fea54fc87abcec98dcb4"},"headline":"Productores agr\u00edcolas de Chuquisaca se benefician con 246 t\u00edtulos ejecutoriales","datePublished":"2014-12-19T10:57:11+00:00","dateModified":"2014-12-19T10:58:37+00:00","mainEntityOfPage":{"@id":"https:\/\/www.pressenza.com\/es\/2014\/12\/productores-agricolas-de-chuquisaca-se-benefician-con-246-titulos-ejecutoriales\/"},"wordCount":210,"publisher":{"@id":"https:\/\/www.pressenza.com\/es\/#organization"},"keywords":["Bolivia","campesinos","Evo Morales"],"articleSection":["Pol\u00edtica","Pueblos Originarios","Sudam\u00e9rica"],"inLanguage":"es"},{"@type":"WebPage","@id":"https:\/\/www.pressenza.com\/es\/2014\/12\/productores-agricolas-de-chuquisaca-se-benefician-con-246-titulos-ejecutoriales\/","url":"https:\/\/www.pressenza.com\/es\/2014\/12\/productores-agricolas-de-chuquisaca-se-benefician-con-246-titulos-ejecutoriales\/","name":"Productores agr\u00edcolas de Chuquisaca se benefician con 246 t\u00edtulos ejecutoriales","isPartOf":{"@id":"https:\/\/www.pressenza.com\/es\/#website"},"datePublished":"2014-12-19T10:57:11+00:00","dateModified":"2014-12-19T10:58:37+00:00","description":"El director departamental del Instituto Nacional de Reforma Agraria (INRA) de Chuquisaca, Roberto Polo, entreg\u00f3 el jueves a los productores agr\u00edcolas de","breadcrumb":{"@id":"https:\/\/www.pressenza.com\/es\/2014\/12\/productores-agricolas-de-chuquisaca-se-benefician-con-246-titulos-ejecutoriales\/#breadcrumb"},"inLanguage":"es","potentialAction":[{"@type":"ReadAction","target":["https:\/\/www.pressenza.com\/es\/2014\/12\/productores-agricolas-de-chuquisaca-se-benefician-con-246-titulos-ejecutoriales\/"]}]},{"@type":"BreadcrumbList","@id":"https:\/\/www.pressenza.com\/es\/2014\/12\/productores-agricolas-de-chuquisaca-se-benefician-con-246-titulos-ejecutoriales\/#breadcrumb","itemListElement":[{"@type":"ListItem","position":1,"name":"Accueil","item":"https:\/\/www.pressenza.com\/es\/"},{"@type":"ListItem","position":2,"name":"Productores agr\u00edcolas de Chuquisaca se benefician con 246 t\u00edtulos ejecutoriales"}]},{"@type":"WebSite","@id":"https:\/\/www.pressenza.com\/es\/#website","url":"https:\/\/www.pressenza.com\/es\/","name":"Pressenza","description":"International Press Agency","publisher":{"@id":"https:\/\/www.pressenza.com\/es\/#organization"},"potentialAction":[{"@type":"SearchAction","target":{"@type":"EntryPoint","urlTemplate":"https:\/\/www.pressenza.com\/es\/?s={search_term_string}"},"query-input":{"@type":"PropertyValueSpecification","valueRequired":true,"valueName":"search_term_string"}}],"inLanguage":"es"},{"@type":"Organization","@id":"https:\/\/www.pressenza.com\/es\/#organization","name":"Pressenza","url":"https:\/\/www.pressenza.com\/es\/","logo":{"@type":"ImageObject","inLanguage":"es","@id":"https:\/\/www.pressenza.com\/es\/#\/schema\/logo\/image\/","url":"https:\/\/www.pressenza.com\/wp-content\/uploads\/2022\/10\/pressenza_logo_200x200.jpg","contentUrl":"https:\/\/www.pressenza.com\/wp-content\/uploads\/2022\/10\/pressenza_logo_200x200.jpg","width":200,"height":200,"caption":"Pressenza"},"image":{"@id":"https:\/\/www.pressenza.com\/es\/#\/schema\/logo\/image\/"},"sameAs":["https:\/\/www.facebook.com\/PressenzaItalia","https:\/\/x.com\/PressenzaIPA"]},{"@type":"Person","@id":"https:\/\/www.pressenza.com\/es\/#\/schema\/person\/3fe2a62cf8f5fea54fc87abcec98dcb4","name":"Agencia Boliviana de Informaci\u00f3n - ABI","description":"www.abi.bo","sameAs":["https:\/\/x.com\/mincombolivia"],"url":"https:\/\/www.pressenza.com\/es\/author\/agencia-boliviana-de-informacion-abi\/"}]}},"place":"Chuquisaca, BOLIVIA","original_article_url":"http:\/\/www3.abi.bo\/abi\/","_links":{"self":[{"href":"https:\/\/www.pressenza.com\/es\/wp-json\/wp\/v2\/posts\/153769","targetHints":{"allow":["GET"]}}],"collection":[{"href":"https:\/\/www.pressenza.com\/es\/wp-json\/wp\/v2\/posts"}],"about":[{"href":"https:\/\/www.pressenza.com\/es\/wp-json\/wp\/v2\/types\/post"}],"author":[{"embeddable":true,"href":"https:\/\/www.pressenza.com\/es\/wp-json\/wp\/v2\/users\/127"}],"replies":[{"embeddable":true,"href":"https:\/\/www.pressenza.com\/es\/wp-json\/wp\/v2\/comments?post=153769"}],"version-history":[{"count":0,"href":"https:\/\/www.pressenza.com\/es\/wp-json\/wp\/v2\/posts\/153769\/revisions"}],"wp:attachment":[{"href":"https:\/\/www.pressenza.com\/es\/wp-json\/wp\/v2\/media?parent=153769"}],"wp:term":[{"taxonomy":"category","embeddable":true,"href":"https:\/\/www.pressenza.com\/es\/wp-json\/wp\/v2\/categories?post=153769"},{"taxonomy":"post_tag","embeddable":true,"href":"https:\/\/www.pressenza.com\/es\/wp-json\/wp\/v2\/tags?post=153769"}],"curies":[{"name":"wp","href":"https:\/\/api.w.org\/{rel}","templated":true}]}}