{"id":1536287,"date":"2022-03-08T01:15:31","date_gmt":"2022-03-08T01:15:31","guid":{"rendered":"https:\/\/www.pressenza.com\/?p=1536287"},"modified":"2022-03-07T13:44:55","modified_gmt":"2022-03-07T13:44:55","slug":"el-8m-y-un-colorido-poema-colectivo","status":"publish","type":"post","link":"https:\/\/www.pressenza.com\/es\/2022\/03\/el-8m-y-un-colorido-poema-colectivo\/","title":{"rendered":"El #8M y un colorido poema colectivo"},"content":{"rendered":"<p>En el diccionario de la RAE la b\u00fasqueda de la palabra \u201csororidad\u201d arroja dos resultados: <em>1. <\/em><em>\u00a0Amistad o afecto entre mujeres. 2. Relaci\u00f3n de solidaridad entre las mujeres, especialmente en la lucha por su empoderamiento.<\/em><\/p>\n<p>Bueno\u2026 las definiciones no est\u00e1n mal, pero resultan insuficientes. Despu\u00e9s de todo, no es funci\u00f3n de un diccionario expresar climas, modos de sentir, rebeliones, experiencias compartidas por m\u00e1s de la mitad de la humanidad en todo el ancho mundo, a lo largo de toda su larga historia.<\/p>\n<p>\u00bfC\u00f3mo expresar el apoyo, las miradas comprensivas, la complicidad, los momentos de indignaci\u00f3n, el grito contenido, la rabia, la impotencia, y al mismo tiempo la determinaci\u00f3n, la ternura, el amparo, la fuerza, la sonrisa?<\/p>\n<p>El diccionario, no puede. \u00bfUn poema? \u00a1Ah! \u00a1Un poema podr\u00eda\u2026!<\/p>\n<p><a href=\"https:\/\/www.pressenza.com\/es\/?p=1536106&#038;preview=true\" target=\"_blank\" rel=\"noopener\">El poema que compartimos hoy<\/a> expresa mucho de eso, lo condensa, lo alegoriza muy bien. Seguramente por esa raz\u00f3n mujeres de muchas partes distintas, de lugares tan alejados entre s\u00ed como Sud\u00e1frica y M\u00e9xico, Espa\u00f1a y Nairobi, o la India y Per\u00fa, tuvieron ganas y entusiasmo para grabar una partecita y hacer con otras cuantas \u00a0desconocidas una sinfon\u00eda com\u00fan. Bonito, \u00bfno?<\/p>\n<p>Esta vez participamos de la \u201corquesta\u201d m\u00e1s de 80 mujeres y 4 varones solidarios.\u00a0 Grabamos el poema en 10 idiomas desde 22 pa\u00edses. Combinamos horarios incompatibles. Usamos celulares y computadoras de variada generaci\u00f3n, con buenas y malas conexiones, a veces viajando a un pueblo pr\u00f3ximo para lograr mejor se\u00f1al. Repetimos, regrabamos y corregimos, pero es seguro que m\u00e1s de un \u201calgo\u201d se nos escap\u00f3.<\/p>\n<p>No\u00a0 hicimos una producci\u00f3n de calidad publicitaria, pero pusimos lo mejor que pod\u00edamos poner y sali\u00f3 lo que sali\u00f3: un poema, un peque\u00f1o video en varias lenguas, y un mont\u00f3n de relaciones nuevas, de posibilidades abiertas al futuro. Por eso, aunque no falte quien observe que alguna \u201cdesafin\u00f3\u201d o que la luz tendr\u00eda que haber sido otra, quien escuche la orquesta completa, quien aleje un poquito la mirada para ver todo el mosaico, ver\u00e1 que la melod\u00eda termina sonando muy bien, que los colores componen una armon\u00eda, que luces y sombras se compensan\u2026 en definitiva: que somos la hermosa diversidad que somos.<\/p>\n<p>Esa es al menos mi opini\u00f3n, porque al momento de escribir estas l\u00edneas, muchas amigas no vieron todav\u00eda el resultado final. Ojal\u00e1 que al verlo las satisfaga, que refuerce la sororidad que ya tenemos, que despierte una de esas sonrisas de comprensi\u00f3n que despiertan los sentimientos profundos cuando son compartidos, cuando volvemos a sentir \u2013como dice el poema\u2013 que somos una y tambi\u00e9n somos todas.<\/p>\n<p>Sigamos tejiendo, viejas y nuevas amigas. Donde quiera que est\u00e9n, gracias por seguir interpretando juntas, siempre, este poema com\u00fan.<\/p>\n","protected":false},"excerpt":{"rendered":"<p>En el diccionario de la RAE la b\u00fasqueda de la palabra \u201csororidad\u201d arroja dos resultados: 1. \u00a0Amistad o afecto entre mujeres. 2. Relaci\u00f3n de solidaridad entre las mujeres, especialmente en la lucha por su empoderamiento. Bueno\u2026 las definiciones no est\u00e1n&hellip;<\/p>\n","protected":false},"author":1187,"featured_media":1536290,"comment_status":"closed","ping_status":"closed","sticky":false,"template":"","format":"standard","meta":{"footnotes":""},"categories":[11389,54515,67],"tags":[54360,24719,1025,41555],"class_list":["post-1536287","post","type-post","status-publish","format-standard","has-post-thumbnail","hentry","category-contenido-original","category-genero-y-feminismos","category-sudamerica","tag-8m-es","tag-dia-internacional-de-la-mujer","tag-mujeres","tag-sororidad"],"yoast_head":"<!-- This site is optimized with the Yoast SEO plugin v27.1.1 - https:\/\/yoast.com\/product\/yoast-seo-wordpress\/ -->\n<title>El #8M y un colorido poema colectivo<\/title>\n<meta name=\"description\" content=\"En el diccionario de la RAE la b\u00fasqueda de la palabra \u201csororidad\u201d arroja dos resultados: 1. \u00a0Amistad o afecto entre mujeres. 2. Relaci\u00f3n de solidaridad\" \/>\n<meta name=\"robots\" content=\"index, follow, max-snippet:-1, max-image-preview:large, max-video-preview:-1\" \/>\n<link rel=\"canonical\" href=\"https:\/\/www.pressenza.com\/es\/2022\/03\/el-8m-y-un-colorido-poema-colectivo\/\" \/>\n<meta property=\"og:locale\" content=\"es_ES\" \/>\n<meta property=\"og:type\" content=\"article\" \/>\n<meta property=\"og:title\" content=\"El #8M y un colorido poema colectivo\" \/>\n<meta property=\"og:description\" content=\"En el diccionario de la RAE la b\u00fasqueda de la palabra \u201csororidad\u201d arroja dos resultados: 1. \u00a0Amistad o afecto entre mujeres. 2. Relaci\u00f3n de solidaridad\" \/>\n<meta property=\"og:url\" content=\"https:\/\/www.pressenza.com\/es\/2022\/03\/el-8m-y-un-colorido-poema-colectivo\/\" \/>\n<meta property=\"og:site_name\" content=\"Pressenza\" \/>\n<meta property=\"article:publisher\" content=\"https:\/\/www.facebook.com\/PressenzaItalia\" \/>\n<meta property=\"article:author\" content=\"Alicia Blanco\" \/>\n<meta property=\"article:published_time\" content=\"2022-03-08T01:15:31+00:00\" \/>\n<meta property=\"og:image\" content=\"https:\/\/www.pressenza.com\/wp-content\/uploads\/2022\/03\/emergentes2.jpg\" \/>\n\t<meta property=\"og:image:width\" content=\"1024\" \/>\n\t<meta property=\"og:image:height\" content=\"683\" \/>\n\t<meta property=\"og:image:type\" content=\"image\/jpeg\" \/>\n<meta name=\"author\" content=\"Alicia Blanco\" \/>\n<meta name=\"twitter:card\" content=\"summary_large_image\" \/>\n<meta name=\"twitter:creator\" content=\"@aliciablancoar\" \/>\n<meta name=\"twitter:site\" content=\"@PressenzaIPA\" \/>\n<meta name=\"twitter:label1\" content=\"Escrito por\" \/>\n\t<meta name=\"twitter:data1\" content=\"Alicia Blanco\" \/>\n\t<meta name=\"twitter:label2\" content=\"Tiempo de lectura\" \/>\n\t<meta name=\"twitter:data2\" content=\"3 minutos\" \/>\n<script type=\"application\/ld+json\" class=\"yoast-schema-graph\">{\"@context\":\"https:\/\/schema.org\",\"@graph\":[{\"@type\":\"Article\",\"@id\":\"https:\/\/www.pressenza.com\/es\/2022\/03\/el-8m-y-un-colorido-poema-colectivo\/#article\",\"isPartOf\":{\"@id\":\"https:\/\/www.pressenza.com\/es\/2022\/03\/el-8m-y-un-colorido-poema-colectivo\/\"},\"author\":{\"name\":\"Alicia Blanco\",\"@id\":\"https:\/\/www.pressenza.com\/es\/#\/schema\/person\/cd1c733ed7825bc0f36b165c74e256a3\"},\"headline\":\"El #8M y un colorido poema colectivo\",\"datePublished\":\"2022-03-08T01:15:31+00:00\",\"mainEntityOfPage\":{\"@id\":\"https:\/\/www.pressenza.com\/es\/2022\/03\/el-8m-y-un-colorido-poema-colectivo\/\"},\"wordCount\":474,\"publisher\":{\"@id\":\"https:\/\/www.pressenza.com\/es\/#organization\"},\"image\":{\"@id\":\"https:\/\/www.pressenza.com\/es\/2022\/03\/el-8m-y-un-colorido-poema-colectivo\/#primaryimage\"},\"thumbnailUrl\":\"https:\/\/www.pressenza.com\/wp-content\/uploads\/2022\/03\/emergentes2.jpg\",\"keywords\":[\"8M\",\"D\u00eda Internacional de la Mujer\",\"Mujeres\",\"Sororidad\"],\"articleSection\":[\"Contenido Original\",\"G\u00e9nero y Feminismos\",\"Sudam\u00e9rica\"],\"inLanguage\":\"es\"},{\"@type\":\"WebPage\",\"@id\":\"https:\/\/www.pressenza.com\/es\/2022\/03\/el-8m-y-un-colorido-poema-colectivo\/\",\"url\":\"https:\/\/www.pressenza.com\/es\/2022\/03\/el-8m-y-un-colorido-poema-colectivo\/\",\"name\":\"El #8M y un colorido poema colectivo\",\"isPartOf\":{\"@id\":\"https:\/\/www.pressenza.com\/es\/#website\"},\"primaryImageOfPage\":{\"@id\":\"https:\/\/www.pressenza.com\/es\/2022\/03\/el-8m-y-un-colorido-poema-colectivo\/#primaryimage\"},\"image\":{\"@id\":\"https:\/\/www.pressenza.com\/es\/2022\/03\/el-8m-y-un-colorido-poema-colectivo\/#primaryimage\"},\"thumbnailUrl\":\"https:\/\/www.pressenza.com\/wp-content\/uploads\/2022\/03\/emergentes2.jpg\",\"datePublished\":\"2022-03-08T01:15:31+00:00\",\"description\":\"En el diccionario de la RAE la b\u00fasqueda de la palabra \u201csororidad\u201d arroja dos resultados: 1. \u00a0Amistad o afecto entre mujeres. 2. Relaci\u00f3n de solidaridad\",\"breadcrumb\":{\"@id\":\"https:\/\/www.pressenza.com\/es\/2022\/03\/el-8m-y-un-colorido-poema-colectivo\/#breadcrumb\"},\"inLanguage\":\"es\",\"potentialAction\":[{\"@type\":\"ReadAction\",\"target\":[\"https:\/\/www.pressenza.com\/es\/2022\/03\/el-8m-y-un-colorido-poema-colectivo\/\"]}]},{\"@type\":\"ImageObject\",\"inLanguage\":\"es\",\"@id\":\"https:\/\/www.pressenza.com\/es\/2022\/03\/el-8m-y-un-colorido-poema-colectivo\/#primaryimage\",\"url\":\"https:\/\/www.pressenza.com\/wp-content\/uploads\/2022\/03\/emergentes2.jpg\",\"contentUrl\":\"https:\/\/www.pressenza.com\/wp-content\/uploads\/2022\/03\/emergentes2.jpg\",\"width\":1024,\"height\":683},{\"@type\":\"BreadcrumbList\",\"@id\":\"https:\/\/www.pressenza.com\/es\/2022\/03\/el-8m-y-un-colorido-poema-colectivo\/#breadcrumb\",\"itemListElement\":[{\"@type\":\"ListItem\",\"position\":1,\"name\":\"Accueil\",\"item\":\"https:\/\/www.pressenza.com\/es\/\"},{\"@type\":\"ListItem\",\"position\":2,\"name\":\"El #8M y un colorido poema colectivo\"}]},{\"@type\":\"WebSite\",\"@id\":\"https:\/\/www.pressenza.com\/es\/#website\",\"url\":\"https:\/\/www.pressenza.com\/es\/\",\"name\":\"Pressenza\",\"description\":\"International Press Agency\",\"publisher\":{\"@id\":\"https:\/\/www.pressenza.com\/es\/#organization\"},\"potentialAction\":[{\"@type\":\"SearchAction\",\"target\":{\"@type\":\"EntryPoint\",\"urlTemplate\":\"https:\/\/www.pressenza.com\/es\/?s={search_term_string}\"},\"query-input\":{\"@type\":\"PropertyValueSpecification\",\"valueRequired\":true,\"valueName\":\"search_term_string\"}}],\"inLanguage\":\"es\"},{\"@type\":\"Organization\",\"@id\":\"https:\/\/www.pressenza.com\/es\/#organization\",\"name\":\"Pressenza\",\"url\":\"https:\/\/www.pressenza.com\/es\/\",\"logo\":{\"@type\":\"ImageObject\",\"inLanguage\":\"es\",\"@id\":\"https:\/\/www.pressenza.com\/es\/#\/schema\/logo\/image\/\",\"url\":\"https:\/\/www.pressenza.com\/wp-content\/uploads\/2022\/10\/pressenza_logo_200x200.jpg\",\"contentUrl\":\"https:\/\/www.pressenza.com\/wp-content\/uploads\/2022\/10\/pressenza_logo_200x200.jpg\",\"width\":200,\"height\":200,\"caption\":\"Pressenza\"},\"image\":{\"@id\":\"https:\/\/www.pressenza.com\/es\/#\/schema\/logo\/image\/\"},\"sameAs\":[\"https:\/\/www.facebook.com\/PressenzaItalia\",\"https:\/\/x.com\/PressenzaIPA\"]},{\"@type\":\"Person\",\"@id\":\"https:\/\/www.pressenza.com\/es\/#\/schema\/person\/cd1c733ed7825bc0f36b165c74e256a3\",\"name\":\"Alicia Blanco\",\"description\":\"Humanista, co-directora de Pressenza.\",\"sameAs\":[\"Alicia Blanco\",\"https:\/\/x.com\/aliciablancoar\"],\"url\":\"https:\/\/www.pressenza.com\/es\/author\/alicia-blanco\/\"}]}<\/script>\n<!-- \/ Yoast SEO plugin. -->","yoast_head_json":{"title":"El #8M y un colorido poema colectivo","description":"En el diccionario de la RAE la b\u00fasqueda de la palabra \u201csororidad\u201d arroja dos resultados: 1. \u00a0Amistad o afecto entre mujeres. 2. Relaci\u00f3n de solidaridad","robots":{"index":"index","follow":"follow","max-snippet":"max-snippet:-1","max-image-preview":"max-image-preview:large","max-video-preview":"max-video-preview:-1"},"canonical":"https:\/\/www.pressenza.com\/es\/2022\/03\/el-8m-y-un-colorido-poema-colectivo\/","og_locale":"es_ES","og_type":"article","og_title":"El #8M y un colorido poema colectivo","og_description":"En el diccionario de la RAE la b\u00fasqueda de la palabra \u201csororidad\u201d arroja dos resultados: 1. \u00a0Amistad o afecto entre mujeres. 2. Relaci\u00f3n de solidaridad","og_url":"https:\/\/www.pressenza.com\/es\/2022\/03\/el-8m-y-un-colorido-poema-colectivo\/","og_site_name":"Pressenza","article_publisher":"https:\/\/www.facebook.com\/PressenzaItalia","article_author":"Alicia Blanco","article_published_time":"2022-03-08T01:15:31+00:00","og_image":[{"width":1024,"height":683,"url":"https:\/\/www.pressenza.com\/wp-content\/uploads\/2022\/03\/emergentes2.jpg","type":"image\/jpeg"}],"author":"Alicia Blanco","twitter_card":"summary_large_image","twitter_creator":"@aliciablancoar","twitter_site":"@PressenzaIPA","twitter_misc":{"Escrito por":"Alicia Blanco","Tiempo de lectura":"3 minutos"},"schema":{"@context":"https:\/\/schema.org","@graph":[{"@type":"Article","@id":"https:\/\/www.pressenza.com\/es\/2022\/03\/el-8m-y-un-colorido-poema-colectivo\/#article","isPartOf":{"@id":"https:\/\/www.pressenza.com\/es\/2022\/03\/el-8m-y-un-colorido-poema-colectivo\/"},"author":{"name":"Alicia Blanco","@id":"https:\/\/www.pressenza.com\/es\/#\/schema\/person\/cd1c733ed7825bc0f36b165c74e256a3"},"headline":"El #8M y un colorido poema colectivo","datePublished":"2022-03-08T01:15:31+00:00","mainEntityOfPage":{"@id":"https:\/\/www.pressenza.com\/es\/2022\/03\/el-8m-y-un-colorido-poema-colectivo\/"},"wordCount":474,"publisher":{"@id":"https:\/\/www.pressenza.com\/es\/#organization"},"image":{"@id":"https:\/\/www.pressenza.com\/es\/2022\/03\/el-8m-y-un-colorido-poema-colectivo\/#primaryimage"},"thumbnailUrl":"https:\/\/www.pressenza.com\/wp-content\/uploads\/2022\/03\/emergentes2.jpg","keywords":["8M","D\u00eda Internacional de la Mujer","Mujeres","Sororidad"],"articleSection":["Contenido Original","G\u00e9nero y Feminismos","Sudam\u00e9rica"],"inLanguage":"es"},{"@type":"WebPage","@id":"https:\/\/www.pressenza.com\/es\/2022\/03\/el-8m-y-un-colorido-poema-colectivo\/","url":"https:\/\/www.pressenza.com\/es\/2022\/03\/el-8m-y-un-colorido-poema-colectivo\/","name":"El #8M y un colorido poema colectivo","isPartOf":{"@id":"https:\/\/www.pressenza.com\/es\/#website"},"primaryImageOfPage":{"@id":"https:\/\/www.pressenza.com\/es\/2022\/03\/el-8m-y-un-colorido-poema-colectivo\/#primaryimage"},"image":{"@id":"https:\/\/www.pressenza.com\/es\/2022\/03\/el-8m-y-un-colorido-poema-colectivo\/#primaryimage"},"thumbnailUrl":"https:\/\/www.pressenza.com\/wp-content\/uploads\/2022\/03\/emergentes2.jpg","datePublished":"2022-03-08T01:15:31+00:00","description":"En el diccionario de la RAE la b\u00fasqueda de la palabra \u201csororidad\u201d arroja dos resultados: 1. \u00a0Amistad o afecto entre mujeres. 2. Relaci\u00f3n de solidaridad","breadcrumb":{"@id":"https:\/\/www.pressenza.com\/es\/2022\/03\/el-8m-y-un-colorido-poema-colectivo\/#breadcrumb"},"inLanguage":"es","potentialAction":[{"@type":"ReadAction","target":["https:\/\/www.pressenza.com\/es\/2022\/03\/el-8m-y-un-colorido-poema-colectivo\/"]}]},{"@type":"ImageObject","inLanguage":"es","@id":"https:\/\/www.pressenza.com\/es\/2022\/03\/el-8m-y-un-colorido-poema-colectivo\/#primaryimage","url":"https:\/\/www.pressenza.com\/wp-content\/uploads\/2022\/03\/emergentes2.jpg","contentUrl":"https:\/\/www.pressenza.com\/wp-content\/uploads\/2022\/03\/emergentes2.jpg","width":1024,"height":683},{"@type":"BreadcrumbList","@id":"https:\/\/www.pressenza.com\/es\/2022\/03\/el-8m-y-un-colorido-poema-colectivo\/#breadcrumb","itemListElement":[{"@type":"ListItem","position":1,"name":"Accueil","item":"https:\/\/www.pressenza.com\/es\/"},{"@type":"ListItem","position":2,"name":"El #8M y un colorido poema colectivo"}]},{"@type":"WebSite","@id":"https:\/\/www.pressenza.com\/es\/#website","url":"https:\/\/www.pressenza.com\/es\/","name":"Pressenza","description":"International Press Agency","publisher":{"@id":"https:\/\/www.pressenza.com\/es\/#organization"},"potentialAction":[{"@type":"SearchAction","target":{"@type":"EntryPoint","urlTemplate":"https:\/\/www.pressenza.com\/es\/?s={search_term_string}"},"query-input":{"@type":"PropertyValueSpecification","valueRequired":true,"valueName":"search_term_string"}}],"inLanguage":"es"},{"@type":"Organization","@id":"https:\/\/www.pressenza.com\/es\/#organization","name":"Pressenza","url":"https:\/\/www.pressenza.com\/es\/","logo":{"@type":"ImageObject","inLanguage":"es","@id":"https:\/\/www.pressenza.com\/es\/#\/schema\/logo\/image\/","url":"https:\/\/www.pressenza.com\/wp-content\/uploads\/2022\/10\/pressenza_logo_200x200.jpg","contentUrl":"https:\/\/www.pressenza.com\/wp-content\/uploads\/2022\/10\/pressenza_logo_200x200.jpg","width":200,"height":200,"caption":"Pressenza"},"image":{"@id":"https:\/\/www.pressenza.com\/es\/#\/schema\/logo\/image\/"},"sameAs":["https:\/\/www.facebook.com\/PressenzaItalia","https:\/\/x.com\/PressenzaIPA"]},{"@type":"Person","@id":"https:\/\/www.pressenza.com\/es\/#\/schema\/person\/cd1c733ed7825bc0f36b165c74e256a3","name":"Alicia Blanco","description":"Humanista, co-directora de Pressenza.","sameAs":["Alicia Blanco","https:\/\/x.com\/aliciablancoar"],"url":"https:\/\/www.pressenza.com\/es\/author\/alicia-blanco\/"}]}},"place":"Mar del Plata, Argentina","original_article_url":"","_links":{"self":[{"href":"https:\/\/www.pressenza.com\/es\/wp-json\/wp\/v2\/posts\/1536287","targetHints":{"allow":["GET"]}}],"collection":[{"href":"https:\/\/www.pressenza.com\/es\/wp-json\/wp\/v2\/posts"}],"about":[{"href":"https:\/\/www.pressenza.com\/es\/wp-json\/wp\/v2\/types\/post"}],"author":[{"embeddable":true,"href":"https:\/\/www.pressenza.com\/es\/wp-json\/wp\/v2\/users\/1187"}],"replies":[{"embeddable":true,"href":"https:\/\/www.pressenza.com\/es\/wp-json\/wp\/v2\/comments?post=1536287"}],"version-history":[{"count":0,"href":"https:\/\/www.pressenza.com\/es\/wp-json\/wp\/v2\/posts\/1536287\/revisions"}],"wp:featuredmedia":[{"embeddable":true,"href":"https:\/\/www.pressenza.com\/es\/wp-json\/wp\/v2\/media\/1536290"}],"wp:attachment":[{"href":"https:\/\/www.pressenza.com\/es\/wp-json\/wp\/v2\/media?parent=1536287"}],"wp:term":[{"taxonomy":"category","embeddable":true,"href":"https:\/\/www.pressenza.com\/es\/wp-json\/wp\/v2\/categories?post=1536287"},{"taxonomy":"post_tag","embeddable":true,"href":"https:\/\/www.pressenza.com\/es\/wp-json\/wp\/v2\/tags?post=1536287"}],"curies":[{"name":"wp","href":"https:\/\/api.w.org\/{rel}","templated":true}]}}