{"id":1535677,"date":"2022-03-13T03:00:53","date_gmt":"2022-03-13T03:00:53","guid":{"rendered":"https:\/\/www.pressenza.com\/?p=1535677"},"modified":"2022-03-13T14:13:28","modified_gmt":"2022-03-13T14:13:28","slug":"entramados","status":"publish","type":"post","link":"https:\/\/www.pressenza.com\/es\/2022\/03\/entramados\/","title":{"rendered":"Entramados"},"content":{"rendered":"<p style=\"padding-left: 40px;\"><em>Con Dios me acuesto<br \/>\nCon Dios me levanto,<br \/>\nQue la Virgen Sant\u00edsima<\/em><em><br \/>\n<\/em><em>Me cubra con su manto.<\/em><em><br \/>\n<\/em><\/p>\n<p style=\"padding-left: 40px;\"><em>La muerte de Dios, Liliana Heker<\/em><\/p>\n<p>No hab\u00eda querido recibir la Primera Comuni\u00f3n y mi viejo, para convencerme, me hab\u00eda prometido un libro como regalo, si lo hac\u00eda. Si me animaba a seguir con la tradici\u00f3n de recibir ese sacramento, me promet\u00edan que pod\u00eda vivirla como yo quisiera. Con vestido negro, quiero, entonces. \u00bfVestido negro? Mi vieja trag\u00f3. Est\u00e1 bien, dijo al final, pero debajo de la sotana, \u00bfs\u00ed? Trato hecho. Las catequistas, coordinadoras del grupo de Comuni\u00f3n hab\u00edan llamado m\u00e1s de tres veces a mi vieja para pedirle entrevistas, quer\u00edan hablar sobre mi mala conducta, generaba discusiones en clase, controversias de todo tipo con mis compa\u00f1eritos. Para m\u00ed, Dios era una m\u00e1quina. Fue lo \u00faltimo que hab\u00eda detonado una de las clases. Hab\u00eda escuchado a mi viejo hablando sobre el teatro griego y le rob\u00e9 esa frase, no s\u00e9 bien de donde pero mis compa\u00f1eros empezaron a tener muchas dudas. \u00bfM\u00e1quina a vapor o a motor? \u00bfComo la de los autos que conocemos o m\u00e1quina que\u00a0\u00a0cumple una funci\u00f3n espec\u00edfica? A otros, les sirvi\u00f3 much\u00edsimo la imagen para poder pensar a \u201cDios\u201d como una entidad funcional en nuestras vidas, encargado de hacer que \u201cnuestro sistema vital\u201d est\u00e9 en funcionamiento constante y de nosotros depend\u00eda aceitar la m\u00e1quina para que estuviera bien. Conclusi\u00f3n: casi me estaban regalando la posibilidad de tomar la Comuni\u00f3n con tal de no verme repetir el curso de Catequesis de los s\u00e1bados. Es un diablo, la escuch\u00e9 murmurar una vez a una de las catequistas mientras llevaba el mate cocido de la merienda. Yo no sab\u00eda bien a qu\u00e9 o qui\u00e9n se refer\u00eda pero seguro, no era algo bueno. Esa noche, a medianoche me despert\u00e9 agitada y transpirada, hab\u00eda so\u00f1ado que un demonio de cuernos rojos y cola larga bajaba del altillo de mi habitaci\u00f3n en una humareda de fuego, dejando una estela de olor a quemado. Tuve miedo pero el sue\u00f1o no se repiti\u00f3, la Primer Comuni\u00f3n sucedi\u00f3, la fiesta y los regalos estuvieron y al fin, pude recibir mi libro \u201cCuentos reunidos\u201d de Liliana Heker, una escritora argentina que mi viejo amaba. La le\u00eda todas las tardes mientras tomaba la chocolatada hasta que llegu\u00e9 a \u201cLa historia de Dios\u201d, un relato largo o novela corta que estaba a la mitad del libro gigante. Fue un antes y un despu\u00e9s. Me encontr\u00e9 con una ni\u00f1a jud\u00eda que iba teniendo una serie de revelaciones sobre su v\u00ednculo con Dios. \u00a1Qu\u00e9 vinculo tan requerido ese! Lo escuchaba en las puteadas, en la misa de los Domingos, en las exclamaciones de barbaridad y en mi mam\u00e1, por las noches, rezando a los pies de la cama. No sab\u00eda a qu\u00e9 se refer\u00eda pero me sent\u00eda identificada con la idea de \u201cpante\u00edsta\u201d que planteaba la historia. Yo tambi\u00e9n quer\u00eda ser eso. Adem\u00e1s ten\u00eda trece a\u00f1os, era s\u00f3lo un poco m\u00e1s grande que la ni\u00f1a, ya hab\u00eda vivido experiencias, pod\u00eda serlo. Mi primera acci\u00f3n fue ir corriendo a contarle a mi abuela \u2014que viv\u00eda en la casa de al lado\u2014 sobre la existencia de \u201cDios\u201d como paradoja, como nombre arquet\u00edpico, porque \u201cDios\u201d cambia bruscamente su naturaleza, nunca est\u00e1 din\u00e1micamente en movimiento pero \u2014a su vez\u2014, \u00bfpor qu\u00e9 me daban esas ganas infinitas de llorar a la hora de la siesta pensando en que alg\u00fan d\u00eda me voy a morir? \u00bfPor qu\u00e9 no entend\u00eda qu\u00e9 me pasaba cuando lo ve\u00eda a Cristian, mi mejor amigo, que el coraz\u00f3n me saltaba hasta la boca? No sab\u00eda, pero me parec\u00eda que Dios estaba cerca de todos esos misterios de mi vida y sab\u00eda que \u201cviv\u00eda\u201d con \u00e9l, como la ni\u00f1a de la historia. Abuela, abuela, \u00bfsab\u00e9s qu\u00e9?\u00a0\u00a0Estoy segura que Dios existe. No s\u00e9 c\u00f3mo explic\u00e1rtelo ahora, pero necesito que me digas si vos tambi\u00e9n lo sab\u00e9s. Mi abuela me mir\u00f3 al centro de las pupilas y cheque\u00f3 mi frente para comprobar que no sufr\u00eda de delirios producto de las fiebres. Me sent\u00e9 en su regazo y ella, sin saber bien qu\u00e9 responderme, me empez\u00f3 a contar historias de valles y quebradas, de su vida en La Rioja, un pueblo alejado de la ciudad donde viv\u00edamos ahora, me cont\u00f3 de burros, quebradas, cabras y caballos, de su infancia criada entre hermanos y el calor, nutri\u00e9ndose entre la tierra seca. No s\u00e9 si existe Dios, pero si existe, es un ser que nos esclaviza, que nos trae a esta existencia para hacernos sufrir, me dijo despu\u00e9s de contarme lo duro que era cuando no hab\u00eda pan para comer en su casa y como su mam\u00e1 la criaba sola con siete hermanos. Yo creo en la Virgen Mar\u00eda, no s\u00e9 si tanto en Dios. A ella s\u00ed le rezo, me identifica m\u00e1s. Us\u00f3 la palabra \u201cidentificarse\u201d para referirse a una Virgen, \u00bfQu\u00e9 era \u201cser\u201d virgen? Nunca entend\u00ed c\u00f3mo el movimiento la hab\u00eda tra\u00eddo a ella a la gran ciudad, a que a Dios lo presente con el humo y los ruidos de la ciudad. Pero parece que realmente lo conoc\u00edo cuando hizo su primer pedido, a la Virgen mejor dicho. Mi pap\u00e1 ya hab\u00eda nacido y la enfermera le hab\u00eda entregado un ni\u00f1o doblad\u00edsimo entre mantas reforzadas. \u00bfPor qu\u00e9 esta tan doblado? Desesperada, mi abuela, me cont\u00f3 que abri\u00f3 el pa\u00f1o encontr\u00e1ndote con su ni\u00f1ito con la espalda totalmente encorvada. Algo hab\u00eda pasado en ese tiempo que no estuvo con ella. Luego de consultar a diversos m\u00e9dicos, le dijeron que su escoliosis era muy profunda, cr\u00f3nica y le iba a traer serios problemas. Le quedaban pocos a\u00f1os de vida a mi pap\u00e1, pero ella hab\u00eda confiado en la Virgen de Luj\u00e1n y camin\u00f3 toda la noche hasta llegar a la Catedral, subi\u00f3, arrodillada los pelda\u00f1os de la Iglesia y le pidi\u00f3 para que la escoliosis se detuviera. Al poco tiempo, el m\u00e9dico le dio el alta, iba a vivir muchos a\u00f1os m\u00e1s porque la columna no se hab\u00eda seguido deformando. As\u00ed que Dios no s\u00e9 si existe, querida, pero la Virgen seguro que s\u00ed, a m\u00ed me ayudo, \u00bfno te digo? Extasiada por la historia, tome la misma decisi\u00f3n que la ni\u00f1a de la historia: quer\u00eda vivir con Dios. Al otro d\u00eda, mir\u00e9 con atenci\u00f3n los cuadros que estaban colgado en la entrada del colegio: una mujer, papisa, con un manto y un libro, orando y escribiendo. Era Mar\u00eda Teresa De D\u00e1vila y junto a ella, un patrono carmelita, San Juan de la Cruz. Tuve una peque\u00f1a revelaci\u00f3n: ellos me iban a ense\u00f1ar de Dios m\u00e1s que las maestras de catecismo de los s\u00e1bados. Pero, todav\u00eda, las ansias por saber donde pod\u00eda encontrar a Dios no pod\u00edan ser compartidas con casi nadie. Mis amigos, en el patio del recreo, no entend\u00edan por qu\u00e9 me interesaba tanto el tema de repente y las maestras me suger\u00edan, sutilmente, hablarlo en catecismo. Me iba a tener que comer a Dios en dos panes toda la vida pero sin conversaci\u00f3n ni reflexi\u00f3n al respecto. Estaba pensando en todo esto, caminando por el patio de la escuela, mientras los chicos jugaban al f\u00fatbol y pum, Eloy, me llev\u00f3 puesta de un empuj\u00f3n. La ira me empez\u00f3 a subir por el cuello, siempre me pisaba, me pateaba o \u00absin querer\u00bb, me empujaba. Estaba cansada y ese pibe, ya no ten\u00eda Dios que lo salve. Me di media vuelta y lo mord\u00ed \u2014con todas mis fuerzas\u2014 en el brazo izquierdo. Quer\u00eda castigarlo. Ese d\u00eda c\u00f3mo llor\u00f3, c\u00f3mo me castigaron a m\u00ed, c\u00f3mo grito. \u00c9l gritaba y yo lo miraba con los ojos de la inocencia profunda de una ni\u00f1a, lo miraba sosteni\u00e9ndote el brazo con las manos con un odio profundo y lo escuch\u00e9 gritar al aire: \u00a1La concha de Dios! Me desconcert\u00f3: concha y Dios en una misma exclamaci\u00f3n, por primera vez. Dios, entonces, era mujer y ten\u00eda concha, como mi mam\u00e1 y mi abuela. \u00bfSer\u00eda por eso que la Virgen ayud\u00f3 a mi pap\u00e1, por l\u00e1stima a los que no ten\u00edan concha como Dios? Estaba muy confundida, mir\u00e9 al cielo para buscar respuestas, y tal como lo hab\u00eda descubierto la ni\u00f1a de la historia: no vi a nadie, s\u00f3lo escuchaba los gritos de dolor de Eloy que rajaban el patio de la tarde en el colegio.<\/p>\n","protected":false},"excerpt":{"rendered":"<p>Con Dios me acuesto Con Dios me levanto, Que la Virgen Sant\u00edsima Me cubra con su manto. La muerte de Dios, Liliana Heker No hab\u00eda querido recibir la Primera Comuni\u00f3n y mi viejo, para convencerme, me hab\u00eda prometido un libro&hellip;<\/p>\n","protected":false},"author":2090,"featured_media":1535678,"comment_status":"closed","ping_status":"closed","sticky":false,"template":"","format":"standard","meta":{"footnotes":""},"categories":[11389,75,67],"tags":[75295,18835],"class_list":["post-1535677","post","type-post","status-publish","format-standard","has-post-thumbnail","hentry","category-contenido-original","category-cultura-es","category-sudamerica","tag-cuaderno-de-cultura","tag-cuento"],"yoast_head":"<!-- This site is optimized with the Yoast SEO plugin v27.1.1 - https:\/\/yoast.com\/product\/yoast-seo-wordpress\/ -->\n<title>Entramados<\/title>\n<meta name=\"description\" content=\"Con Dios me acuesto Con Dios me levanto, Que la Virgen Sant\u00edsima Me cubra con su manto. La muerte de Dios, Liliana Heker No hab\u00eda querido recibir la\" \/>\n<meta name=\"robots\" content=\"index, follow, max-snippet:-1, max-image-preview:large, max-video-preview:-1\" \/>\n<link rel=\"canonical\" href=\"https:\/\/www.pressenza.com\/es\/2022\/03\/entramados\/\" \/>\n<meta property=\"og:locale\" content=\"es_ES\" \/>\n<meta property=\"og:type\" content=\"article\" \/>\n<meta property=\"og:title\" content=\"Entramados\" \/>\n<meta property=\"og:description\" content=\"Con Dios me acuesto Con Dios me levanto, Que la Virgen Sant\u00edsima Me cubra con su manto. La muerte de Dios, Liliana Heker No hab\u00eda querido recibir la\" \/>\n<meta property=\"og:url\" content=\"https:\/\/www.pressenza.com\/es\/2022\/03\/entramados\/\" \/>\n<meta property=\"og:site_name\" content=\"Pressenza\" \/>\n<meta property=\"article:publisher\" content=\"https:\/\/www.facebook.com\/PressenzaItalia\" \/>\n<meta property=\"article:published_time\" content=\"2022-03-13T03:00:53+00:00\" \/>\n<meta property=\"article:modified_time\" content=\"2022-03-13T14:13:28+00:00\" \/>\n<meta property=\"og:image\" content=\"https:\/\/www.pressenza.com\/wp-content\/uploads\/2022\/03\/8M-Malena.jpg\" \/>\n\t<meta property=\"og:image:width\" content=\"820\" \/>\n\t<meta property=\"og:image:height\" content=\"614\" \/>\n\t<meta property=\"og:image:type\" content=\"image\/jpeg\" \/>\n<meta name=\"author\" content=\"Malena Pall\u00e1s\" \/>\n<meta name=\"twitter:card\" content=\"summary_large_image\" \/>\n<meta name=\"twitter:creator\" content=\"@PressenzaIPA\" \/>\n<meta name=\"twitter:site\" content=\"@PressenzaIPA\" \/>\n<meta name=\"twitter:label1\" content=\"Escrito por\" \/>\n\t<meta name=\"twitter:data1\" content=\"Malena Pall\u00e1s\" \/>\n\t<meta name=\"twitter:label2\" content=\"Tiempo de lectura\" \/>\n\t<meta name=\"twitter:data2\" content=\"8 minutos\" \/>\n<script type=\"application\/ld+json\" class=\"yoast-schema-graph\">{\"@context\":\"https:\/\/schema.org\",\"@graph\":[{\"@type\":\"Article\",\"@id\":\"https:\/\/www.pressenza.com\/es\/2022\/03\/entramados\/#article\",\"isPartOf\":{\"@id\":\"https:\/\/www.pressenza.com\/es\/2022\/03\/entramados\/\"},\"author\":{\"name\":\"Malena Pall\u00e1s\",\"@id\":\"https:\/\/www.pressenza.com\/es\/#\/schema\/person\/f63ef55145799969781afcf7887e001e\"},\"headline\":\"Entramados\",\"datePublished\":\"2022-03-13T03:00:53+00:00\",\"dateModified\":\"2022-03-13T14:13:28+00:00\",\"mainEntityOfPage\":{\"@id\":\"https:\/\/www.pressenza.com\/es\/2022\/03\/entramados\/\"},\"wordCount\":1513,\"publisher\":{\"@id\":\"https:\/\/www.pressenza.com\/es\/#organization\"},\"image\":{\"@id\":\"https:\/\/www.pressenza.com\/es\/2022\/03\/entramados\/#primaryimage\"},\"thumbnailUrl\":\"https:\/\/www.pressenza.com\/wp-content\/uploads\/2022\/03\/8M-Malena.jpg\",\"keywords\":[\"cuaderno de cultura\",\"Cuento\"],\"articleSection\":[\"Contenido Original\",\"Cultura y Medios\",\"Sudam\u00e9rica\"],\"inLanguage\":\"es\"},{\"@type\":\"WebPage\",\"@id\":\"https:\/\/www.pressenza.com\/es\/2022\/03\/entramados\/\",\"url\":\"https:\/\/www.pressenza.com\/es\/2022\/03\/entramados\/\",\"name\":\"Entramados\",\"isPartOf\":{\"@id\":\"https:\/\/www.pressenza.com\/es\/#website\"},\"primaryImageOfPage\":{\"@id\":\"https:\/\/www.pressenza.com\/es\/2022\/03\/entramados\/#primaryimage\"},\"image\":{\"@id\":\"https:\/\/www.pressenza.com\/es\/2022\/03\/entramados\/#primaryimage\"},\"thumbnailUrl\":\"https:\/\/www.pressenza.com\/wp-content\/uploads\/2022\/03\/8M-Malena.jpg\",\"datePublished\":\"2022-03-13T03:00:53+00:00\",\"dateModified\":\"2022-03-13T14:13:28+00:00\",\"description\":\"Con Dios me acuesto Con Dios me levanto, Que la Virgen Sant\u00edsima Me cubra con su manto. La muerte de Dios, Liliana Heker No hab\u00eda querido recibir la\",\"breadcrumb\":{\"@id\":\"https:\/\/www.pressenza.com\/es\/2022\/03\/entramados\/#breadcrumb\"},\"inLanguage\":\"es\",\"potentialAction\":[{\"@type\":\"ReadAction\",\"target\":[\"https:\/\/www.pressenza.com\/es\/2022\/03\/entramados\/\"]}]},{\"@type\":\"ImageObject\",\"inLanguage\":\"es\",\"@id\":\"https:\/\/www.pressenza.com\/es\/2022\/03\/entramados\/#primaryimage\",\"url\":\"https:\/\/www.pressenza.com\/wp-content\/uploads\/2022\/03\/8M-Malena.jpg\",\"contentUrl\":\"https:\/\/www.pressenza.com\/wp-content\/uploads\/2022\/03\/8M-Malena.jpg\",\"width\":820,\"height\":614},{\"@type\":\"BreadcrumbList\",\"@id\":\"https:\/\/www.pressenza.com\/es\/2022\/03\/entramados\/#breadcrumb\",\"itemListElement\":[{\"@type\":\"ListItem\",\"position\":1,\"name\":\"Accueil\",\"item\":\"https:\/\/www.pressenza.com\/es\/\"},{\"@type\":\"ListItem\",\"position\":2,\"name\":\"Entramados\"}]},{\"@type\":\"WebSite\",\"@id\":\"https:\/\/www.pressenza.com\/es\/#website\",\"url\":\"https:\/\/www.pressenza.com\/es\/\",\"name\":\"Pressenza\",\"description\":\"International Press Agency\",\"publisher\":{\"@id\":\"https:\/\/www.pressenza.com\/es\/#organization\"},\"potentialAction\":[{\"@type\":\"SearchAction\",\"target\":{\"@type\":\"EntryPoint\",\"urlTemplate\":\"https:\/\/www.pressenza.com\/es\/?s={search_term_string}\"},\"query-input\":{\"@type\":\"PropertyValueSpecification\",\"valueRequired\":true,\"valueName\":\"search_term_string\"}}],\"inLanguage\":\"es\"},{\"@type\":\"Organization\",\"@id\":\"https:\/\/www.pressenza.com\/es\/#organization\",\"name\":\"Pressenza\",\"url\":\"https:\/\/www.pressenza.com\/es\/\",\"logo\":{\"@type\":\"ImageObject\",\"inLanguage\":\"es\",\"@id\":\"https:\/\/www.pressenza.com\/es\/#\/schema\/logo\/image\/\",\"url\":\"https:\/\/www.pressenza.com\/wp-content\/uploads\/2022\/10\/pressenza_logo_200x200.jpg\",\"contentUrl\":\"https:\/\/www.pressenza.com\/wp-content\/uploads\/2022\/10\/pressenza_logo_200x200.jpg\",\"width\":200,\"height\":200,\"caption\":\"Pressenza\"},\"image\":{\"@id\":\"https:\/\/www.pressenza.com\/es\/#\/schema\/logo\/image\/\"},\"sameAs\":[\"https:\/\/www.facebook.com\/PressenzaItalia\",\"https:\/\/x.com\/PressenzaIPA\"]},{\"@type\":\"Person\",\"@id\":\"https:\/\/www.pressenza.com\/es\/#\/schema\/person\/f63ef55145799969781afcf7887e001e\",\"name\":\"Malena Pall\u00e1s\",\"description\":\"Me llamo Malena Pall\u00e1s, ejerc\u00ed el oficio de escribir como redactora gr\u00e1fica hasta el 2014. Desde entonces, investigo la pedagog\u00eda y trabajo de espejo. La Palabra es mi carne, voz, b\u00fasqueda y viaje, y me acompa\u00f1a desde que aprend\u00ed el alfabeto. Antes, tambi\u00e9n. La Palabra me ha llevado a conocer personas y lugares de aprendizaje. Viaj\u00e9 dando talleres por Argentina, Uruguay, Bolivia, Per\u00fa, Ecuador, Colombia, Paraguay y Venezuela hasta el 2017. Buscando historias, encuentro a la Palabr en las ficciones cotidianas, en alguna conversaci\u00f3n, en la radio o en un viaje astral. Podemos apalabrarnos en: https:\/\/taplink.cc\/la.presencia.de.la.palabra\",\"url\":\"https:\/\/www.pressenza.com\/es\/author\/malena-pallas\/\"}]}<\/script>\n<!-- \/ Yoast SEO plugin. -->","yoast_head_json":{"title":"Entramados","description":"Con Dios me acuesto Con Dios me levanto, Que la Virgen Sant\u00edsima Me cubra con su manto. La muerte de Dios, Liliana Heker No hab\u00eda querido recibir la","robots":{"index":"index","follow":"follow","max-snippet":"max-snippet:-1","max-image-preview":"max-image-preview:large","max-video-preview":"max-video-preview:-1"},"canonical":"https:\/\/www.pressenza.com\/es\/2022\/03\/entramados\/","og_locale":"es_ES","og_type":"article","og_title":"Entramados","og_description":"Con Dios me acuesto Con Dios me levanto, Que la Virgen Sant\u00edsima Me cubra con su manto. La muerte de Dios, Liliana Heker No hab\u00eda querido recibir la","og_url":"https:\/\/www.pressenza.com\/es\/2022\/03\/entramados\/","og_site_name":"Pressenza","article_publisher":"https:\/\/www.facebook.com\/PressenzaItalia","article_published_time":"2022-03-13T03:00:53+00:00","article_modified_time":"2022-03-13T14:13:28+00:00","og_image":[{"width":820,"height":614,"url":"https:\/\/www.pressenza.com\/wp-content\/uploads\/2022\/03\/8M-Malena.jpg","type":"image\/jpeg"}],"author":"Malena Pall\u00e1s","twitter_card":"summary_large_image","twitter_creator":"@PressenzaIPA","twitter_site":"@PressenzaIPA","twitter_misc":{"Escrito por":"Malena Pall\u00e1s","Tiempo de lectura":"8 minutos"},"schema":{"@context":"https:\/\/schema.org","@graph":[{"@type":"Article","@id":"https:\/\/www.pressenza.com\/es\/2022\/03\/entramados\/#article","isPartOf":{"@id":"https:\/\/www.pressenza.com\/es\/2022\/03\/entramados\/"},"author":{"name":"Malena Pall\u00e1s","@id":"https:\/\/www.pressenza.com\/es\/#\/schema\/person\/f63ef55145799969781afcf7887e001e"},"headline":"Entramados","datePublished":"2022-03-13T03:00:53+00:00","dateModified":"2022-03-13T14:13:28+00:00","mainEntityOfPage":{"@id":"https:\/\/www.pressenza.com\/es\/2022\/03\/entramados\/"},"wordCount":1513,"publisher":{"@id":"https:\/\/www.pressenza.com\/es\/#organization"},"image":{"@id":"https:\/\/www.pressenza.com\/es\/2022\/03\/entramados\/#primaryimage"},"thumbnailUrl":"https:\/\/www.pressenza.com\/wp-content\/uploads\/2022\/03\/8M-Malena.jpg","keywords":["cuaderno de cultura","Cuento"],"articleSection":["Contenido Original","Cultura y Medios","Sudam\u00e9rica"],"inLanguage":"es"},{"@type":"WebPage","@id":"https:\/\/www.pressenza.com\/es\/2022\/03\/entramados\/","url":"https:\/\/www.pressenza.com\/es\/2022\/03\/entramados\/","name":"Entramados","isPartOf":{"@id":"https:\/\/www.pressenza.com\/es\/#website"},"primaryImageOfPage":{"@id":"https:\/\/www.pressenza.com\/es\/2022\/03\/entramados\/#primaryimage"},"image":{"@id":"https:\/\/www.pressenza.com\/es\/2022\/03\/entramados\/#primaryimage"},"thumbnailUrl":"https:\/\/www.pressenza.com\/wp-content\/uploads\/2022\/03\/8M-Malena.jpg","datePublished":"2022-03-13T03:00:53+00:00","dateModified":"2022-03-13T14:13:28+00:00","description":"Con Dios me acuesto Con Dios me levanto, Que la Virgen Sant\u00edsima Me cubra con su manto. La muerte de Dios, Liliana Heker No hab\u00eda querido recibir la","breadcrumb":{"@id":"https:\/\/www.pressenza.com\/es\/2022\/03\/entramados\/#breadcrumb"},"inLanguage":"es","potentialAction":[{"@type":"ReadAction","target":["https:\/\/www.pressenza.com\/es\/2022\/03\/entramados\/"]}]},{"@type":"ImageObject","inLanguage":"es","@id":"https:\/\/www.pressenza.com\/es\/2022\/03\/entramados\/#primaryimage","url":"https:\/\/www.pressenza.com\/wp-content\/uploads\/2022\/03\/8M-Malena.jpg","contentUrl":"https:\/\/www.pressenza.com\/wp-content\/uploads\/2022\/03\/8M-Malena.jpg","width":820,"height":614},{"@type":"BreadcrumbList","@id":"https:\/\/www.pressenza.com\/es\/2022\/03\/entramados\/#breadcrumb","itemListElement":[{"@type":"ListItem","position":1,"name":"Accueil","item":"https:\/\/www.pressenza.com\/es\/"},{"@type":"ListItem","position":2,"name":"Entramados"}]},{"@type":"WebSite","@id":"https:\/\/www.pressenza.com\/es\/#website","url":"https:\/\/www.pressenza.com\/es\/","name":"Pressenza","description":"International Press Agency","publisher":{"@id":"https:\/\/www.pressenza.com\/es\/#organization"},"potentialAction":[{"@type":"SearchAction","target":{"@type":"EntryPoint","urlTemplate":"https:\/\/www.pressenza.com\/es\/?s={search_term_string}"},"query-input":{"@type":"PropertyValueSpecification","valueRequired":true,"valueName":"search_term_string"}}],"inLanguage":"es"},{"@type":"Organization","@id":"https:\/\/www.pressenza.com\/es\/#organization","name":"Pressenza","url":"https:\/\/www.pressenza.com\/es\/","logo":{"@type":"ImageObject","inLanguage":"es","@id":"https:\/\/www.pressenza.com\/es\/#\/schema\/logo\/image\/","url":"https:\/\/www.pressenza.com\/wp-content\/uploads\/2022\/10\/pressenza_logo_200x200.jpg","contentUrl":"https:\/\/www.pressenza.com\/wp-content\/uploads\/2022\/10\/pressenza_logo_200x200.jpg","width":200,"height":200,"caption":"Pressenza"},"image":{"@id":"https:\/\/www.pressenza.com\/es\/#\/schema\/logo\/image\/"},"sameAs":["https:\/\/www.facebook.com\/PressenzaItalia","https:\/\/x.com\/PressenzaIPA"]},{"@type":"Person","@id":"https:\/\/www.pressenza.com\/es\/#\/schema\/person\/f63ef55145799969781afcf7887e001e","name":"Malena Pall\u00e1s","description":"Me llamo Malena Pall\u00e1s, ejerc\u00ed el oficio de escribir como redactora gr\u00e1fica hasta el 2014. Desde entonces, investigo la pedagog\u00eda y trabajo de espejo. La Palabra es mi carne, voz, b\u00fasqueda y viaje, y me acompa\u00f1a desde que aprend\u00ed el alfabeto. Antes, tambi\u00e9n. La Palabra me ha llevado a conocer personas y lugares de aprendizaje. Viaj\u00e9 dando talleres por Argentina, Uruguay, Bolivia, Per\u00fa, Ecuador, Colombia, Paraguay y Venezuela hasta el 2017. Buscando historias, encuentro a la Palabr en las ficciones cotidianas, en alguna conversaci\u00f3n, en la radio o en un viaje astral. Podemos apalabrarnos en: https:\/\/taplink.cc\/la.presencia.de.la.palabra","url":"https:\/\/www.pressenza.com\/es\/author\/malena-pallas\/"}]}},"place":"Ciudad de Buenos Aires, Argentina","original_article_url":"","_links":{"self":[{"href":"https:\/\/www.pressenza.com\/es\/wp-json\/wp\/v2\/posts\/1535677","targetHints":{"allow":["GET"]}}],"collection":[{"href":"https:\/\/www.pressenza.com\/es\/wp-json\/wp\/v2\/posts"}],"about":[{"href":"https:\/\/www.pressenza.com\/es\/wp-json\/wp\/v2\/types\/post"}],"author":[{"embeddable":true,"href":"https:\/\/www.pressenza.com\/es\/wp-json\/wp\/v2\/users\/2090"}],"replies":[{"embeddable":true,"href":"https:\/\/www.pressenza.com\/es\/wp-json\/wp\/v2\/comments?post=1535677"}],"version-history":[{"count":0,"href":"https:\/\/www.pressenza.com\/es\/wp-json\/wp\/v2\/posts\/1535677\/revisions"}],"wp:featuredmedia":[{"embeddable":true,"href":"https:\/\/www.pressenza.com\/es\/wp-json\/wp\/v2\/media\/1535678"}],"wp:attachment":[{"href":"https:\/\/www.pressenza.com\/es\/wp-json\/wp\/v2\/media?parent=1535677"}],"wp:term":[{"taxonomy":"category","embeddable":true,"href":"https:\/\/www.pressenza.com\/es\/wp-json\/wp\/v2\/categories?post=1535677"},{"taxonomy":"post_tag","embeddable":true,"href":"https:\/\/www.pressenza.com\/es\/wp-json\/wp\/v2\/tags?post=1535677"}],"curies":[{"name":"wp","href":"https:\/\/api.w.org\/{rel}","templated":true}]}}