{"id":153443,"date":"2014-12-16T21:07:46","date_gmt":"2014-12-16T21:07:46","guid":{"rendered":"http:\/\/www.pressenza.com\/?p=153443"},"modified":"2014-12-16T21:21:17","modified_gmt":"2014-12-16T21:21:17","slug":"la-tortura-es-ilegal-e-inmoral-y-la-cia-miente","status":"publish","type":"post","link":"https:\/\/www.pressenza.com\/es\/2014\/12\/la-tortura-es-ilegal-e-inmoral-y-la-cia-miente\/","title":{"rendered":"\u00abLa tortura es ilegal e inmoral y la CIA miente\u00bb"},"content":{"rendered":"<p><em>El Comit\u00e9 de Inteligencia del Senado de Estados Unidos dio a conocer un informe sobre la utilizaci\u00f3n sistem\u00e1tica la tortura por parte de la CIA durante la administraci\u00f3n de George Bush. Juan M\u00e9ndez, relator especial de la ONU, lanz\u00f3 duras cr\u00edticas a la poca iniciativa de Estados Unidos para investigar sus propias pr\u00e1cticas contra los derechos humanos.<\/em><\/p>\n<p><strong><em>Por Franco Lucatini para Infojus Noticias<\/em><\/strong><\/p>\n<p>La semana pasada, el Comit\u00e9 de Inteligencia del Senado de Estados Unidos dio a conocer un informe sobre la utilizaci\u00f3n sistem\u00e1tica de la tortura por parte de la CIA en centros clandestinos de detenci\u00f3n durante la administraci\u00f3n de George Bush. Un par de d\u00edas despu\u00e9s, Juan M\u00e9ndez, relator especial de la ONU contra la tortura y otros tratos crueles, inhumanos o degradantes, cumpli\u00f3 70 a\u00f1os.<\/p>\n<p>Cuando ten\u00eda 32, cay\u00f3 preso durante la dictadura c\u00edvico militar por defender legalmente a varios presos pol\u00edticos. El abogado estuvo 18 meses sujeto a disponibilidad del Poder Ejecutivo Nacional, en lo que era nada menos que una detenci\u00f3n ilegal, pero registrada. Amnist\u00eda Internacional lo adopt\u00f3 como \u00abpreso de conciencia\u00bb, y en 1977 fue expulsado del pa\u00eds y se traslad\u00f3 a los Estados Unidos.<\/p>\n<p>Con una trayectoria reconocida como acad\u00e9mico, estudi\u00f3 en la Universidad Stella Maris de Mar del Plata, y el a\u00f1o pasado recibi\u00f3 el doctorado honoris causa de la Universidad Nacional de La Plata. Hoy alterna su trabajo en Naciones Unidas con la docencia. Hizo un alto en sus clases el Washington College of Law de la American University para atender a <strong><strong>Infojus Noticias<\/strong>,<\/strong> y lanz\u00f3 duras cr\u00edticas a la poca iniciativa de Estados Unidos para investigar sus propias pr\u00e1cticas contra los derechos humanos, y se refiri\u00f3 al informe que present\u00f3 la senadora Dianne Feinstein.<\/p>\n<p><strong>-\u00bfC\u00f3mo eval\u00faa la presentaci\u00f3n de este informe?<\/strong><\/p>\n<p>-Es un informe muy contundente, muy gr\u00e1fico y muy bien investigado. Cumple por lo menos con una de las obligaciones que todos los Estados tienen en esta materia, que son las de investigar, procesar y castigar. Lamentamos que haya habido que esperar cinco a\u00f1os para que se publicara, precisamente porque ha habido incre\u00edbles presiones para que no se publique, que llegaron hasta \u00faltimo momento y que contin\u00faan despu\u00e9s de la publicaci\u00f3n. La contribuci\u00f3n de este comit\u00e9 del Senado hay que ponerla en el contexto de dificultades pol\u00edticas y de presiones de todo orden que han sido muy importantes.<\/p>\n<p><strong>-\u00bfEn qu\u00e9 contexto lleg\u00f3 la desclasificaci\u00f3n de este documento?<\/strong><\/p>\n<p>-Se sab\u00eda desde hace a\u00f1os que bajo instancias del gobierno de George W. Bush, la CIA hab\u00eda establecido todo un programa de torturas y las llamadas \u201crendiciones extraordinarias\u201d, que es una forma de desaparici\u00f3n forzada que incluye el uso de lugares clandestinos para tortura. Pero hay que lamentar que no se cumpla con las dem\u00e1s obligaciones que surgen de los hechos de tortura, que tienen que ver con el procesamiento y castigo de cada incidente. Forman parte de una norma de la Convenci\u00f3n contra tortura, que Estados Unidos ha firmado y ratificado. Tambi\u00e9n debe ofrecer reparaciones y otras consecuencias que se derivan de la tortura.<\/p>\n<p><strong>-\u00bfLa utilizaci\u00f3n de la tortura en Estados Unidos es una pol\u00edtica de Estado?<\/strong><\/p>\n<p>-Durante el gobierno de Bush hubo una pol\u00edtica de Estado claramente determinada por los memor\u00e1ndum de la tortura \u2013que habilitaban la utilizaci\u00f3n de cinco de estas pr\u00e1cticas\u2013. A partir del segundo d\u00eda del gobierno de Obama hubo una orden presidencial de prohibir la tortura y de restaurar la plena vigencia del C\u00f3digo de Justicia Militar, que tambi\u00e9n la proh\u00edbe. A partir de ah\u00ed parece que no se usaron m\u00e1s las rendiciones extraordinarias ni los lugares secretos. Pero es imposible saberlo a ciencia cierta, siempre ha sido tan secreto que yo no pondr\u00eda las manos en el fuego al decir que no ha habido m\u00e1s tortura a partir de ah\u00ed. Ha habido asesinatos extrajudiciales usando drones y otros mecanismos en todo el mundo, que tambi\u00e9n son muy cuestionables. Y eso s\u00ed se sabe. Yo creo que hay dos pol\u00edticas de Estado m\u00e1s o menos distinguibles: ordenar la tortura y la decisi\u00f3n de no procesar o inclusive de encubrir.<\/p>\n<p><strong>-\u00bfQu\u00e9 espera que suceda a partir de la divulgaci\u00f3n de esta informaci\u00f3n?<\/strong><\/p>\n<p>-El informe da bastante nueva informaci\u00f3n que hasta ahora por lo menos oficialmente estaba bastante tapada. Tengo la esperanza de que su publicaci\u00f3n despierte un aumento en el nivel de conciencia, y que haga posible lo que ahora parece imposible: el procesamiento y castigo de los responsables. La experiencia de otros pa\u00edses inclusive el nuestro, Argentina, demuestra que lo que parece imposible en un contexto hist\u00f3rico se hace posible m\u00e1s adelante.<\/p>\n<p><strong>-Un sector del Partido Republicano y varios medios de comunicaci\u00f3n cuestionaron la publicaci\u00f3n de estos datos y dijeron que eso pon\u00eda en riesgo la vida de estadounidenses en el exterior. \u00bfSe justifica el secreto de este tipo de informaciones?<\/strong><\/p>\n<p>-Es un argumento falaz. Si va a haber reacciones violentas, que las puede haber, no va a ser por la publicaci\u00f3n del informe sino por el contenido mismo, por lo que hizo la CIA durante estos a\u00f1os. Tratar de mantenerlo en secreto s\u00f3lo acrecienta la especulaci\u00f3n. Si alguien es responsable de la violencia contra ciudadanos norteamericanos en cualquier lugar del mundo es la CIA, no la revelaci\u00f3n del informe del Comit\u00e9 de Inteligencia del Senado. No puede haber secretos en la violaci\u00f3n de los derechos humanos. El secreto en asuntos de seguridad nacional tiene que eliminarse cuando se trata de conocer la verdad sobre violaciones de los derechos humanos.<\/p>\n<p><strong>-Se hizo mucho hincapi\u00e9 en que la informaci\u00f3n obtenida mediante torturas no sirvi\u00f3 para desarticular amenazas contra la seguridad de Estados Unidos. \u00bfSe puede discutir sobre la utilidad de la tortura?<\/strong><\/p>\n<p>-La CIA minti\u00f3 cuando dec\u00eda que hab\u00eda obtenido ciertos resultados a trav\u00e9s de la tortura. El informe demuestra que la informaci\u00f3n la ten\u00eda desde antes, sin torturar, y que despu\u00e9s torturaron y no obtuvieron ninguna otra informaci\u00f3n. La CIA minti\u00f3 al Congreso, minti\u00f3 al Senado y a la opini\u00f3n p\u00fablica. Incluso el director de la CIA, en su primera reacci\u00f3n sobre el informe, dijo que no se puede saber si la inteligencia obtenida bajo la tortura o no consigui\u00f3 salvar vidas. Pero a m\u00ed me cuesta entender por qu\u00e9 tenemos que discutir si la tortura funciona o no funciona. Lamentablemente pareciera ser lo \u00fanico que importa, especialmente en Washington. Tenemos que seguir insistiendo que la tortura es ilegal e inmoral.<\/p>\n<p><strong>-Ninguno de los 54 pa\u00edses que colaboraron con la CIA en el secuestro y env\u00edo de personas para ser torturadas en bases secretas es de Am\u00e9rica Latina o el Caribe. \u00bfEse dato merece una valoraci\u00f3n?<\/strong><\/p>\n<p>-Es importante. Puede ser que a Estados Unidos no le interesara la colaboraci\u00f3n de sus aliados en estos pa\u00edses porque no hab\u00eda mucha informaci\u00f3n que obtener, pero tambi\u00e9n porque quiz\u00e1 no esperaba una respuesta positiva. Debemos estar orgullosos de que en nuestros pa\u00edses, casi todos gobernados por democracias, no estaban dispuestos a colaborar con esto y por eso no se les pidi\u00f3 que lo hicieran. El presidente de Polonia, uno de estos 54 pa\u00edses, dijo que prestaron esa informaci\u00f3n pero que no sab\u00edan que se torturaba. Francamente hay que preguntarse para qu\u00e9 iba a prestar un centro de detenci\u00f3n bajo condiciones de clandestinidad si no era espec\u00edficamente para torturar. Este informe pone mucha presi\u00f3n sobre esos 54 pa\u00edses para que ellos tambi\u00e9n hagan su propia investigaci\u00f3n.<\/p>\n<p><strong>-El presidente Barack Obama ya anticip\u00f3 que no se van a iniciar acciones judiciales contra los torturadores. \u00bfSe los est\u00e1 protegiendo?<\/strong><\/p>\n<p>-Esa decisi\u00f3n fue tomada al principio de la administraci\u00f3n Obama. Fue muy criticada por la sociedad civil norteamericana y por nosotros en el \u00e1mbito de Naciones Unidas. Pero es m\u00e1s grave todav\u00eda, porque no solamente se anunci\u00f3 que no iba a haber investigaciones sino que se inici\u00f3 un proceso con un fiscal especial para entorpecer la investigaci\u00f3n del Senado. Si el Senado ped\u00eda que declararan funcionarios de la CIA, como estaban tambi\u00e9n en la posibilidad de ser investigados penalmente, deb\u00eda inmunizarlos. Como no quer\u00eda hacerlo, no pudieron interrogarlos. Ahora la CIA dice \u201cnunca nos preguntaron nada\u201d. Est\u00e1 claro que esto ha sido una maniobra. La investigaci\u00f3n que supuestamente hizo un fiscal especial no ten\u00eda por objeto investigar delitos sino entorpecer otras investigaciones, lo que habla muy mal de la administraci\u00f3n Obama y de su Departamento de Justicia.<\/p>\n<p><strong>-\u00bfHay posibilidad de que se revierta esa medida y se los juzgue? \u00bfNo podr\u00eda intervenir la Corte Penal Internacional o aplicarse la justicia universal?<\/strong><\/p>\n<p>-Hay que insistir en la obligaci\u00f3n internacional solemnemente contra\u00edda por Estados Unidos e insistir en que el acceso a la justicia tiene que ser en la jurisdicci\u00f3n interna. La decisi\u00f3n de no iniciar procesos depende de los fiscales. Es una decisi\u00f3n discrecional y hasta pol\u00edtica que puede cambiar en el futuro. Est\u00e1 la posibilidad de juzgar las torturas que se cometieron en Afganist\u00e1n, porque es signatario del Estatuto de Roma y por supuesto es parte de la competencia de la Corte Penal Internacional. Pero creo que va a ser muy dif\u00edcil que se pueda llegar a eso. Las presiones norteamericanas van a ser muy grandes. Lo mismo en cuanto a la jurisdicci\u00f3n universal. Algunos pa\u00edses que tienen abierta la posibilidad de usar sus tribunales, peor en otros casos ha habido tanta presi\u00f3n que se ha retra\u00eddo mucho esa posibilidad. No veo m\u00e1s soluci\u00f3n que insistir en el juzgamiento en la jurisdicci\u00f3n interna norteamericana.<\/p>\n<p><strong>-En los juicios por delitos de lesa humanidad en el marco del terrorismo de Estado en Argentina se derrot\u00f3 a la teor\u00eda de la Obediencia Debida. \u00bfExiste esa l\u00f3gica en Estados Unidos? <\/strong><\/p>\n<p>-En todo caso en Estados Unidos se hizo al rev\u00e9s. Se castig\u00f3 a los chivos expiatorios, por lo menos del lado del Pent\u00e1gono. Porque hay cuatro o cinco torturadores que s\u00ed fueron condenados por tribunales militares por las torturas que cometieron en la base de Abu Ghraib en Irak. Pero fueron chivos expiatorios, porque el de m\u00e1s alto grado creo que era un cabo. Adem\u00e1s cometieron la estupidez de sacarse fotos con los torturados, entonces era un poquito dif\u00edcil de ignorar. Pero a\u00fan las investigaciones del Pent\u00e1gono no cumplieron con la obligaci\u00f3n de seguir la cadena de mando y castigar a todos los que pudieran resultar responsables. En este caso, la ley penal norteamericana es bien clara en que se debe castigar no s\u00f3lo al ejecutor material sino tambi\u00e9n a los que cometen el delito a trav\u00e9s de otros.<\/p>\n<p><strong>-El informe se dio a conocer en pleno conflicto por la violencia institucional desatada a nivel interno y con un fuerte ingrediente de racismo. \u00bfQu\u00e9 lectura hace de estas pr\u00e1cticas?<\/strong><\/p>\n<p>-El p\u00fablico norteamericano se ha dado cuenta de una pr\u00e1ctica de los fiscales de proteger las violaciones cometidas por agentes policiales, especialmente cuando las v\u00edctimas se encuentran entre las minor\u00edas raciales. Ha creado un gran estupor en el p\u00fablico. Es muy interesante la reacci\u00f3n social ante la impunidad de los asesinatos de Michael Brown en Ferguson, Missouri pero tambi\u00e9n de Eric Garner, en Staten Island, Nueva York. Es realmente inaudito que ni siquiera se pase a la etapa de juicio antes de absolver a los perpetradores de estos asesinatos. Indica que los fiscales, aunque aducen tratar de usar el gran jury para tratar de investigar, en realidad lo usan para proteger a los polic\u00edas.<\/p>\n<p><strong>-\u00bfQu\u00e9 impacto tienen estas revelaciones sobre la imagen internacional de Estados Unidos?<\/strong><\/p>\n<p>-La imagen internacional de los Estados Unidos ven\u00eda muy deteriorada despu\u00e9s del 11 de septiembre de 2001 porque se conoc\u00eda el recurso a la tortura. Hasta los aliados de Estados Unidos tienen un concepto muy negativo sobre la relaci\u00f3n del pa\u00eds con los derechos humanos. Todo esto se agrega a esa p\u00e9rdida de imagen internacional que tiene Estados Unidos, que cada vez mantiene m\u00e1s su peso a trav\u00e9s del uso de la fuerza que desde la persuasi\u00f3n y del ejemplo de un pa\u00eds gobernado por las leyes y dispuesto a mantener el Estado de derecho. Pero esto puede ser moment\u00e1neo. Hay que esperar que el rumbo cambie y que Estados Unidos por lo menos haga esfuerzos por tomarse en serio la vigencia de los derechos humanos que est\u00e1 siempre imponi\u00e9ndole a otros pa\u00edses, pero que en una suerte de excepcionalismo norteamericano pareciera que no se aplica a s\u00ed mismo.<\/p>\n","protected":false},"excerpt":{"rendered":"<p>El Comit\u00e9 de Inteligencia del Senado de Estados Unidos dio a conocer un informe sobre la utilizaci\u00f3n sistem\u00e1tica la tortura por parte de la CIA durante la administraci\u00f3n de George Bush. Juan M\u00e9ndez, relator especial de la ONU, lanz\u00f3 duras&hellip;<\/p>\n","protected":false},"author":87,"featured_media":153444,"comment_status":"closed","ping_status":"open","sticky":false,"template":"","format":"standard","meta":{"footnotes":""},"categories":[79,155,39,68],"tags":[2422,441,679,702,14889,397],"class_list":["post-153443","post","type-post","status-publish","format-standard","has-post-thumbnail","hentry","category-derechos-humanos","category-entrevistas","category-internacional","category-norteamerica","tag-cia","tag-derechos-humanos","tag-onu-es","tag-represion","tag-torturas","tag-violencia-estatal"],"yoast_head":"<!-- This site is optimized with the Yoast SEO plugin v27.1.1 - https:\/\/yoast.com\/product\/yoast-seo-wordpress\/ -->\n<title>&quot;La tortura es ilegal e inmoral y la CIA miente&quot;<\/title>\n<meta name=\"description\" content=\"El Comit\u00e9 de Inteligencia del Senado de Estados Unidos dio a conocer un informe sobre la utilizaci\u00f3n sistem\u00e1tica la tortura por parte de la CIA durante la\" \/>\n<meta name=\"robots\" content=\"index, follow, max-snippet:-1, max-image-preview:large, max-video-preview:-1\" \/>\n<link rel=\"canonical\" href=\"https:\/\/www.pressenza.com\/es\/2014\/12\/la-tortura-es-ilegal-e-inmoral-y-la-cia-miente\/\" \/>\n<meta property=\"og:locale\" content=\"es_ES\" \/>\n<meta property=\"og:type\" content=\"article\" \/>\n<meta property=\"og:title\" content=\"&quot;La tortura es ilegal e inmoral y la CIA miente&quot;\" \/>\n<meta property=\"og:description\" content=\"El Comit\u00e9 de Inteligencia del Senado de Estados Unidos dio a conocer un informe sobre la utilizaci\u00f3n sistem\u00e1tica la tortura por parte de la CIA durante la\" \/>\n<meta property=\"og:url\" content=\"https:\/\/www.pressenza.com\/es\/2014\/12\/la-tortura-es-ilegal-e-inmoral-y-la-cia-miente\/\" \/>\n<meta property=\"og:site_name\" content=\"Pressenza\" \/>\n<meta property=\"article:publisher\" content=\"https:\/\/www.facebook.com\/PressenzaItalia\" \/>\n<meta property=\"article:published_time\" content=\"2014-12-16T21:07:46+00:00\" \/>\n<meta property=\"article:modified_time\" content=\"2014-12-16T21:21:17+00:00\" \/>\n<meta property=\"og:image\" content=\"https:\/\/www.pressenza.com\/wp-content\/uploads\/2014\/12\/JUAN_ME__NDEZ1RRR.jpg\" \/>\n\t<meta property=\"og:image:width\" content=\"551\" \/>\n\t<meta property=\"og:image:height\" content=\"367\" \/>\n\t<meta property=\"og:image:type\" content=\"image\/jpeg\" \/>\n<meta name=\"author\" content=\"Redacci\u00f3n Argentina\" \/>\n<meta name=\"twitter:card\" content=\"summary_large_image\" \/>\n<meta name=\"twitter:creator\" content=\"@pressenza\" \/>\n<meta name=\"twitter:site\" content=\"@PressenzaIPA\" \/>\n<meta name=\"twitter:label1\" content=\"Escrito por\" \/>\n\t<meta name=\"twitter:data1\" content=\"Redacci\u00f3n Argentina\" \/>\n\t<meta name=\"twitter:label2\" content=\"Tiempo de lectura\" \/>\n\t<meta name=\"twitter:data2\" content=\"11 minutos\" \/>\n<script type=\"application\/ld+json\" class=\"yoast-schema-graph\">{\"@context\":\"https:\/\/schema.org\",\"@graph\":[{\"@type\":\"Article\",\"@id\":\"https:\/\/www.pressenza.com\/es\/2014\/12\/la-tortura-es-ilegal-e-inmoral-y-la-cia-miente\/#article\",\"isPartOf\":{\"@id\":\"https:\/\/www.pressenza.com\/es\/2014\/12\/la-tortura-es-ilegal-e-inmoral-y-la-cia-miente\/\"},\"author\":{\"name\":\"Redacci\u00f3n Argentina\",\"@id\":\"https:\/\/www.pressenza.com\/es\/#\/schema\/person\/0dda7d1b68267ad95b1e1d83abc98c89\"},\"headline\":\"\u00abLa tortura es ilegal e inmoral y la CIA miente\u00bb\",\"datePublished\":\"2014-12-16T21:07:46+00:00\",\"dateModified\":\"2014-12-16T21:21:17+00:00\",\"mainEntityOfPage\":{\"@id\":\"https:\/\/www.pressenza.com\/es\/2014\/12\/la-tortura-es-ilegal-e-inmoral-y-la-cia-miente\/\"},\"wordCount\":2203,\"publisher\":{\"@id\":\"https:\/\/www.pressenza.com\/es\/#organization\"},\"image\":{\"@id\":\"https:\/\/www.pressenza.com\/es\/2014\/12\/la-tortura-es-ilegal-e-inmoral-y-la-cia-miente\/#primaryimage\"},\"thumbnailUrl\":\"https:\/\/www.pressenza.com\/wp-content\/uploads\/2014\/12\/JUAN_ME__NDEZ1RRR.jpg\",\"keywords\":[\"CIA\",\"Derechos humanos\",\"ONU\",\"represi\u00f3n\",\"torturas\",\"Violencia estatal\"],\"articleSection\":[\"Derechos Humanos\",\"Entrevistas\",\"Internacional\",\"Norteam\u00e9rica\"],\"inLanguage\":\"es\"},{\"@type\":\"WebPage\",\"@id\":\"https:\/\/www.pressenza.com\/es\/2014\/12\/la-tortura-es-ilegal-e-inmoral-y-la-cia-miente\/\",\"url\":\"https:\/\/www.pressenza.com\/es\/2014\/12\/la-tortura-es-ilegal-e-inmoral-y-la-cia-miente\/\",\"name\":\"\\\"La tortura es ilegal e inmoral y la CIA miente\\\"\",\"isPartOf\":{\"@id\":\"https:\/\/www.pressenza.com\/es\/#website\"},\"primaryImageOfPage\":{\"@id\":\"https:\/\/www.pressenza.com\/es\/2014\/12\/la-tortura-es-ilegal-e-inmoral-y-la-cia-miente\/#primaryimage\"},\"image\":{\"@id\":\"https:\/\/www.pressenza.com\/es\/2014\/12\/la-tortura-es-ilegal-e-inmoral-y-la-cia-miente\/#primaryimage\"},\"thumbnailUrl\":\"https:\/\/www.pressenza.com\/wp-content\/uploads\/2014\/12\/JUAN_ME__NDEZ1RRR.jpg\",\"datePublished\":\"2014-12-16T21:07:46+00:00\",\"dateModified\":\"2014-12-16T21:21:17+00:00\",\"description\":\"El Comit\u00e9 de Inteligencia del Senado de Estados Unidos dio a conocer un informe sobre la utilizaci\u00f3n sistem\u00e1tica la tortura por parte de la CIA durante la\",\"breadcrumb\":{\"@id\":\"https:\/\/www.pressenza.com\/es\/2014\/12\/la-tortura-es-ilegal-e-inmoral-y-la-cia-miente\/#breadcrumb\"},\"inLanguage\":\"es\",\"potentialAction\":[{\"@type\":\"ReadAction\",\"target\":[\"https:\/\/www.pressenza.com\/es\/2014\/12\/la-tortura-es-ilegal-e-inmoral-y-la-cia-miente\/\"]}]},{\"@type\":\"ImageObject\",\"inLanguage\":\"es\",\"@id\":\"https:\/\/www.pressenza.com\/es\/2014\/12\/la-tortura-es-ilegal-e-inmoral-y-la-cia-miente\/#primaryimage\",\"url\":\"https:\/\/www.pressenza.com\/wp-content\/uploads\/2014\/12\/JUAN_ME__NDEZ1RRR.jpg\",\"contentUrl\":\"https:\/\/www.pressenza.com\/wp-content\/uploads\/2014\/12\/JUAN_ME__NDEZ1RRR.jpg\",\"width\":551,\"height\":367},{\"@type\":\"BreadcrumbList\",\"@id\":\"https:\/\/www.pressenza.com\/es\/2014\/12\/la-tortura-es-ilegal-e-inmoral-y-la-cia-miente\/#breadcrumb\",\"itemListElement\":[{\"@type\":\"ListItem\",\"position\":1,\"name\":\"Accueil\",\"item\":\"https:\/\/www.pressenza.com\/es\/\"},{\"@type\":\"ListItem\",\"position\":2,\"name\":\"\u00abLa tortura es ilegal e inmoral y la CIA miente\u00bb\"}]},{\"@type\":\"WebSite\",\"@id\":\"https:\/\/www.pressenza.com\/es\/#website\",\"url\":\"https:\/\/www.pressenza.com\/es\/\",\"name\":\"Pressenza\",\"description\":\"International Press Agency\",\"publisher\":{\"@id\":\"https:\/\/www.pressenza.com\/es\/#organization\"},\"potentialAction\":[{\"@type\":\"SearchAction\",\"target\":{\"@type\":\"EntryPoint\",\"urlTemplate\":\"https:\/\/www.pressenza.com\/es\/?s={search_term_string}\"},\"query-input\":{\"@type\":\"PropertyValueSpecification\",\"valueRequired\":true,\"valueName\":\"search_term_string\"}}],\"inLanguage\":\"es\"},{\"@type\":\"Organization\",\"@id\":\"https:\/\/www.pressenza.com\/es\/#organization\",\"name\":\"Pressenza\",\"url\":\"https:\/\/www.pressenza.com\/es\/\",\"logo\":{\"@type\":\"ImageObject\",\"inLanguage\":\"es\",\"@id\":\"https:\/\/www.pressenza.com\/es\/#\/schema\/logo\/image\/\",\"url\":\"https:\/\/www.pressenza.com\/wp-content\/uploads\/2022\/10\/pressenza_logo_200x200.jpg\",\"contentUrl\":\"https:\/\/www.pressenza.com\/wp-content\/uploads\/2022\/10\/pressenza_logo_200x200.jpg\",\"width\":200,\"height\":200,\"caption\":\"Pressenza\"},\"image\":{\"@id\":\"https:\/\/www.pressenza.com\/es\/#\/schema\/logo\/image\/\"},\"sameAs\":[\"https:\/\/www.facebook.com\/PressenzaItalia\",\"https:\/\/x.com\/PressenzaIPA\"]},{\"@type\":\"Person\",\"@id\":\"https:\/\/www.pressenza.com\/es\/#\/schema\/person\/0dda7d1b68267ad95b1e1d83abc98c89\",\"name\":\"Redacci\u00f3n Argentina\",\"description\":\"News from the Pressenza Bureau in Argentina.\",\"sameAs\":[\"https:\/\/x.com\/pressenza\"],\"url\":\"https:\/\/www.pressenza.com\/es\/author\/redaccion-argentina\/\"}]}<\/script>\n<!-- \/ Yoast SEO plugin. -->","yoast_head_json":{"title":"\"La tortura es ilegal e inmoral y la CIA miente\"","description":"El Comit\u00e9 de Inteligencia del Senado de Estados Unidos dio a conocer un informe sobre la utilizaci\u00f3n sistem\u00e1tica la tortura por parte de la CIA durante la","robots":{"index":"index","follow":"follow","max-snippet":"max-snippet:-1","max-image-preview":"max-image-preview:large","max-video-preview":"max-video-preview:-1"},"canonical":"https:\/\/www.pressenza.com\/es\/2014\/12\/la-tortura-es-ilegal-e-inmoral-y-la-cia-miente\/","og_locale":"es_ES","og_type":"article","og_title":"\"La tortura es ilegal e inmoral y la CIA miente\"","og_description":"El Comit\u00e9 de Inteligencia del Senado de Estados Unidos dio a conocer un informe sobre la utilizaci\u00f3n sistem\u00e1tica la tortura por parte de la CIA durante la","og_url":"https:\/\/www.pressenza.com\/es\/2014\/12\/la-tortura-es-ilegal-e-inmoral-y-la-cia-miente\/","og_site_name":"Pressenza","article_publisher":"https:\/\/www.facebook.com\/PressenzaItalia","article_published_time":"2014-12-16T21:07:46+00:00","article_modified_time":"2014-12-16T21:21:17+00:00","og_image":[{"width":551,"height":367,"url":"https:\/\/www.pressenza.com\/wp-content\/uploads\/2014\/12\/JUAN_ME__NDEZ1RRR.jpg","type":"image\/jpeg"}],"author":"Redacci\u00f3n Argentina","twitter_card":"summary_large_image","twitter_creator":"@pressenza","twitter_site":"@PressenzaIPA","twitter_misc":{"Escrito por":"Redacci\u00f3n Argentina","Tiempo de lectura":"11 minutos"},"schema":{"@context":"https:\/\/schema.org","@graph":[{"@type":"Article","@id":"https:\/\/www.pressenza.com\/es\/2014\/12\/la-tortura-es-ilegal-e-inmoral-y-la-cia-miente\/#article","isPartOf":{"@id":"https:\/\/www.pressenza.com\/es\/2014\/12\/la-tortura-es-ilegal-e-inmoral-y-la-cia-miente\/"},"author":{"name":"Redacci\u00f3n Argentina","@id":"https:\/\/www.pressenza.com\/es\/#\/schema\/person\/0dda7d1b68267ad95b1e1d83abc98c89"},"headline":"\u00abLa tortura es ilegal e inmoral y la CIA miente\u00bb","datePublished":"2014-12-16T21:07:46+00:00","dateModified":"2014-12-16T21:21:17+00:00","mainEntityOfPage":{"@id":"https:\/\/www.pressenza.com\/es\/2014\/12\/la-tortura-es-ilegal-e-inmoral-y-la-cia-miente\/"},"wordCount":2203,"publisher":{"@id":"https:\/\/www.pressenza.com\/es\/#organization"},"image":{"@id":"https:\/\/www.pressenza.com\/es\/2014\/12\/la-tortura-es-ilegal-e-inmoral-y-la-cia-miente\/#primaryimage"},"thumbnailUrl":"https:\/\/www.pressenza.com\/wp-content\/uploads\/2014\/12\/JUAN_ME__NDEZ1RRR.jpg","keywords":["CIA","Derechos humanos","ONU","represi\u00f3n","torturas","Violencia estatal"],"articleSection":["Derechos Humanos","Entrevistas","Internacional","Norteam\u00e9rica"],"inLanguage":"es"},{"@type":"WebPage","@id":"https:\/\/www.pressenza.com\/es\/2014\/12\/la-tortura-es-ilegal-e-inmoral-y-la-cia-miente\/","url":"https:\/\/www.pressenza.com\/es\/2014\/12\/la-tortura-es-ilegal-e-inmoral-y-la-cia-miente\/","name":"\"La tortura es ilegal e inmoral y la CIA miente\"","isPartOf":{"@id":"https:\/\/www.pressenza.com\/es\/#website"},"primaryImageOfPage":{"@id":"https:\/\/www.pressenza.com\/es\/2014\/12\/la-tortura-es-ilegal-e-inmoral-y-la-cia-miente\/#primaryimage"},"image":{"@id":"https:\/\/www.pressenza.com\/es\/2014\/12\/la-tortura-es-ilegal-e-inmoral-y-la-cia-miente\/#primaryimage"},"thumbnailUrl":"https:\/\/www.pressenza.com\/wp-content\/uploads\/2014\/12\/JUAN_ME__NDEZ1RRR.jpg","datePublished":"2014-12-16T21:07:46+00:00","dateModified":"2014-12-16T21:21:17+00:00","description":"El Comit\u00e9 de Inteligencia del Senado de Estados Unidos dio a conocer un informe sobre la utilizaci\u00f3n sistem\u00e1tica la tortura por parte de la CIA durante la","breadcrumb":{"@id":"https:\/\/www.pressenza.com\/es\/2014\/12\/la-tortura-es-ilegal-e-inmoral-y-la-cia-miente\/#breadcrumb"},"inLanguage":"es","potentialAction":[{"@type":"ReadAction","target":["https:\/\/www.pressenza.com\/es\/2014\/12\/la-tortura-es-ilegal-e-inmoral-y-la-cia-miente\/"]}]},{"@type":"ImageObject","inLanguage":"es","@id":"https:\/\/www.pressenza.com\/es\/2014\/12\/la-tortura-es-ilegal-e-inmoral-y-la-cia-miente\/#primaryimage","url":"https:\/\/www.pressenza.com\/wp-content\/uploads\/2014\/12\/JUAN_ME__NDEZ1RRR.jpg","contentUrl":"https:\/\/www.pressenza.com\/wp-content\/uploads\/2014\/12\/JUAN_ME__NDEZ1RRR.jpg","width":551,"height":367},{"@type":"BreadcrumbList","@id":"https:\/\/www.pressenza.com\/es\/2014\/12\/la-tortura-es-ilegal-e-inmoral-y-la-cia-miente\/#breadcrumb","itemListElement":[{"@type":"ListItem","position":1,"name":"Accueil","item":"https:\/\/www.pressenza.com\/es\/"},{"@type":"ListItem","position":2,"name":"\u00abLa tortura es ilegal e inmoral y la CIA miente\u00bb"}]},{"@type":"WebSite","@id":"https:\/\/www.pressenza.com\/es\/#website","url":"https:\/\/www.pressenza.com\/es\/","name":"Pressenza","description":"International Press Agency","publisher":{"@id":"https:\/\/www.pressenza.com\/es\/#organization"},"potentialAction":[{"@type":"SearchAction","target":{"@type":"EntryPoint","urlTemplate":"https:\/\/www.pressenza.com\/es\/?s={search_term_string}"},"query-input":{"@type":"PropertyValueSpecification","valueRequired":true,"valueName":"search_term_string"}}],"inLanguage":"es"},{"@type":"Organization","@id":"https:\/\/www.pressenza.com\/es\/#organization","name":"Pressenza","url":"https:\/\/www.pressenza.com\/es\/","logo":{"@type":"ImageObject","inLanguage":"es","@id":"https:\/\/www.pressenza.com\/es\/#\/schema\/logo\/image\/","url":"https:\/\/www.pressenza.com\/wp-content\/uploads\/2022\/10\/pressenza_logo_200x200.jpg","contentUrl":"https:\/\/www.pressenza.com\/wp-content\/uploads\/2022\/10\/pressenza_logo_200x200.jpg","width":200,"height":200,"caption":"Pressenza"},"image":{"@id":"https:\/\/www.pressenza.com\/es\/#\/schema\/logo\/image\/"},"sameAs":["https:\/\/www.facebook.com\/PressenzaItalia","https:\/\/x.com\/PressenzaIPA"]},{"@type":"Person","@id":"https:\/\/www.pressenza.com\/es\/#\/schema\/person\/0dda7d1b68267ad95b1e1d83abc98c89","name":"Redacci\u00f3n Argentina","description":"News from the Pressenza Bureau in Argentina.","sameAs":["https:\/\/x.com\/pressenza"],"url":"https:\/\/www.pressenza.com\/es\/author\/redaccion-argentina\/"}]}},"place":"","original_article_url":"http:\/\/www.infojusnoticias.gov.ar\/entrevistas\/la-tortura-es-ilegal-e-inmoral-y-la-cia-miente-116.html","_links":{"self":[{"href":"https:\/\/www.pressenza.com\/es\/wp-json\/wp\/v2\/posts\/153443","targetHints":{"allow":["GET"]}}],"collection":[{"href":"https:\/\/www.pressenza.com\/es\/wp-json\/wp\/v2\/posts"}],"about":[{"href":"https:\/\/www.pressenza.com\/es\/wp-json\/wp\/v2\/types\/post"}],"author":[{"embeddable":true,"href":"https:\/\/www.pressenza.com\/es\/wp-json\/wp\/v2\/users\/87"}],"replies":[{"embeddable":true,"href":"https:\/\/www.pressenza.com\/es\/wp-json\/wp\/v2\/comments?post=153443"}],"version-history":[{"count":0,"href":"https:\/\/www.pressenza.com\/es\/wp-json\/wp\/v2\/posts\/153443\/revisions"}],"wp:featuredmedia":[{"embeddable":true,"href":"https:\/\/www.pressenza.com\/es\/wp-json\/wp\/v2\/media\/153444"}],"wp:attachment":[{"href":"https:\/\/www.pressenza.com\/es\/wp-json\/wp\/v2\/media?parent=153443"}],"wp:term":[{"taxonomy":"category","embeddable":true,"href":"https:\/\/www.pressenza.com\/es\/wp-json\/wp\/v2\/categories?post=153443"},{"taxonomy":"post_tag","embeddable":true,"href":"https:\/\/www.pressenza.com\/es\/wp-json\/wp\/v2\/tags?post=153443"}],"curies":[{"name":"wp","href":"https:\/\/api.w.org\/{rel}","templated":true}]}}