{"id":1534119,"date":"2022-03-04T23:00:06","date_gmt":"2022-03-04T23:00:06","guid":{"rendered":"https:\/\/www.pressenza.com\/?p=1534119"},"modified":"2022-03-04T23:00:06","modified_gmt":"2022-03-04T23:00:06","slug":"rusia-medios-hegemonicos-y-guerra-fria-del-siglo-21-la-democracia-como-retorica","status":"publish","type":"post","link":"https:\/\/www.pressenza.com\/es\/2022\/03\/rusia-medios-hegemonicos-y-guerra-fria-del-siglo-21-la-democracia-como-retorica\/","title":{"rendered":"Rusia, medios hegem\u00f3nicos y guerra fr\u00eda del siglo 21: la democracia como ret\u00f3rica"},"content":{"rendered":"<p>Los medios hegem\u00f3nicos occidentales han hecho el trabajo de seleccionar quir\u00fargicamente los contenidos\/discursos que mejor se ajustan a los objetivos de las potencias del Norte (l\u00e9ase Estados Unidos y la Uni\u00f3n Europea), dejando de ofrecer a la sociedad mundial \u2014como siempre\u2014 una versi\u00f3n eminentemente period\u00edstica de los hechos. Todo se ha narrado como si Washington y Bruselas estuvieran, de hecho, preocupados por la democracia en Ucrania y no utilizando la estupidez de Putin para justificar sus verdaderas intenciones: frenar cualquier posibilidad de que Rusia \u00abamenace\u00bb la hegemon\u00eda occidental.<\/p>\n<p>Antes de nada, quiero reconocer mi error. Imagin\u00e9 que Vladimir Putin era m\u00e1s inteligente. Pens\u00e9 que el presidente ruso ten\u00eda la capacidad de resistir las provocaciones de Biden y sus hom\u00f3logos de Bruselas, que buscaron en todo momento que se concretara la invasi\u00f3n. Lamentablemente, el gobernante eslavo se dej\u00f3 contaminar por las provocaciones y tom\u00f3 la \u00fanica medida que no deb\u00eda: invadi\u00f3 Ucrania. Era todo lo que quer\u00edan las potencias del norte. Y desafortunadamente, lo consiguieron.<\/p>\n<h3>La nueva guerra fria<\/h3>\n<p>Sin embargo, lo que no se muestra en los medios hegem\u00f3nicos, es que el antagonismo con Rusia ya lleva tiempo y \u00faltimamente se intensific\u00f3. Por un lado, Estados Unidos no acepta que el pa\u00eds eslavo establezca relaciones comerciales importantes con la Uni\u00f3n Europea, as\u00ed como con pa\u00edses de otras zonas del mundo.<\/p>\n<p>La fuerte dependencia de la UE del gas ruso no ha sido vista con buenos ojos por Washington, particularmente por la administraci\u00f3n Biden. Esta dependencia favorec\u00eda una relaci\u00f3n respetuosa entre Putin y varios gobernantes europeos, particularmente la ex canciller alemana Angela Merkel, y \u00faltimamente su sucesor, Olaf Scholz.<\/p>\n<p>Adem\u00e1s (y ya escrib\u00ed sobre eso en otra ocasi\u00f3n), hay que tener en cuenta que la Organizaci\u00f3n del Tratado del Atl\u00e1ntico Norte (OTAN) fue transformada en una fuerza de intervenci\u00f3n liderada por Estados Unidos, con un alcance muy amplio; y que es intenci\u00f3n de Washington que Ucrania forme parte de esa Organizaci\u00f3n, dado que se encuentra en la frontera este y noreste de Rusia; una expansi\u00f3n, que, <em>a priori<\/em>, viola las promesas hechas al \u00faltimo presidente de la antigua Uni\u00f3n Sovi\u00e9tica, Mija\u00edl Gorbachov, de que esto no suceder\u00eda. Este af\u00e1n por expandir la OTAN a trav\u00e9s de Ucrania, revela c\u00f3mo Estados Unidos est\u00e1 preocupado porque la realidad de los \u00faltimos tiempos est\u00e1 configurando un mundo multipolar, con China y Rusia expandiendo sus relaciones pol\u00edticas y comerciales en varias partes del mundo.<\/p>\n<p>Por otro lado, la Uni\u00f3n Europea siempre se mantuvo casi sumisa a los dictados de Washington. Nunca cuestiona las pretensiones estadounidenses, ya que en realidad las dos partes son socias en pol\u00edtica exterior m\u00e1s de lo que podemos imaginar. Sus intereses convergen, porque ambas no ceden en sus influencias (directas e indirectas) en Asia, Am\u00e9rica Latina y el continente africano. Y es precisamente por eso que Rusia, China (y tambi\u00e9n otras naciones no alineadas con Washington) son vistas como los \u201ctalones de Aquiles\u201d de ambas potencias del norte.<\/p>\n<p>Fue esta convergencia de intereses la que culmin\u00f3 en la tensi\u00f3n de los \u00faltimos meses, que pr\u00e1cticamente empuj\u00f3 a Putin a la guerra con Ucrania. La trampa funcion\u00f3 como estaba previsto. La frialdad del l\u00edder eslavo no fue suficiente para resistir y dejar de tomar la \u00fanica medida que no deb\u00eda. Y, dado este contexto, el escenario es propicio para justificar una militarizaci\u00f3n a\u00fan m\u00e1s efectiva de las potencias europeas (ver la actitud del Canciller alem\u00e1n de aumentar sustancialmente el presupuesto de Defensa). Ahora, la culpa es de Putin.<\/p>\n<p>Pero la principal raz\u00f3n del conflicto es la oportunidad de admitir a Ucrania en la Uni\u00f3n Europea y, por consiguiente, en la OTAN. Putin estar\u00e1 cercado, acorralado, asustado. Por tanto no tendr\u00e1 la cabeza ni la oportunidad de ampliar su capacidad de actuar estrat\u00e9gicamente en el sentido de consolidar a la Federaci\u00f3n Rusa como una verdadera potencia capaz de hacer frente a las estrategias de los competidores, ya que estar\u00e1 constantemente preocupado por un \u201cposible ataque\u201d de las fuerzas de la OTAN. Es la guerra fr\u00eda del siglo XXI.<\/p>\n<h3>La creaci\u00f3n de consenso<\/h3>\n<p>No es eso lo que vemos en los principales medios de comunicaci\u00f3n. Claro que no. Porque trabajan para el <em>establishment<\/em>, \u00a0mientras los medios contra hegem\u00f3nicos, est\u00e1n bajo censura. De hecho, el canal de noticias RT con sede en Mosc\u00fa ha sido censurado en Europa, especialmente en Alemania donde ten\u00eda una audiencia considerable. La censura tambi\u00e9n alcanz\u00f3 a la agencia de noticias rusa Sputnik.<\/p>\n<p>Pero no son s\u00f3lo esos medios los que est\u00e1n sufriendo la censura. Desde hace alg\u00fan tiempo aqu\u00ed, en Am\u00e9rica Latina, el canal de televisi\u00f3n Telesur es censurado por gobiernos alineados con Washington, como Colombia, Bolivia despu\u00e9s de Evo Morales (la censura de detuvo con el actual gobierno de Luis Arce), Argentina bajo la administraci\u00f3n de Maur\u00edcio Macri (tras la asunci\u00f3n de Alberto Fern\u00e1ndez, el canal retom\u00f3 sus transmisiones) y en varios otros pa\u00edses donde la se\u00f1al de esta TV fue suspendida por cuestiones geopol\u00edticas.<\/p>\n<p>Como vemos, la \u201clibertad de prensa\u201d s\u00f3lo puede ser ejercida por los aliados de Washington. Cualquier medio que tenga alguna capacidad de penetraci\u00f3n, y cuyas versiones sean diferentes a las autorizadas por Estados Unidos y sus aliados, es interceptado.<\/p>\n<p>Sin embargo, cuando escuchamos, leemos y miramos respecto a la censura, los nombres que surgen son Evo Morales, Rafael Correa, Vladimir Putin, Nicol\u00e1s Maduro, Cristina Kirchner, Xi Jimping, solo por mencionar algunos, gobernantes que se atreven a cuestionar ideas\/ acciones (al menos algunas de ellas) del \u201cpa\u00eds m\u00e1s poderoso del mundo\u201d. Por tanto, los medios hegem\u00f3nicos funcionan como instrumento fundamental en la construcci\u00f3n de consensos sobre c\u00f3mo debe ser \u201ceste mundo\u201d y qui\u00e9n debe \u201cdirigirlo\u201d.<\/p>\n<p>Si no fuera as\u00ed, ver\u00edamos, por ejemplo, una cobertura justa del conflicto entre Israel y Palestina, en el que el primero, infinitamente superior desde el punto de vista militar, ha causado aut\u00e9nticos estragos, hasta el punto incluso de que ciertos sectores de la propia sociedad israel\u00ed los repudien. Pero Israel es un aliado muy fuerte de los Estados Unidos y \u201cno puede\u201d ser criticado por los medios occidentales hegem\u00f3nicos.<\/p>\n<p>Si los medios hegem\u00f3nicos no actuaran como constructores de consensos prooccidentales, ver\u00edamos, tambi\u00e9n una condena al uso de la tortura de prisioneros en Gant\u00e1namo. De hecho, fue en el canal de RT (a trav\u00e9s de <em>YouTube<\/em>) que tuve la oportunidad de seguir escandalosas historias de v\u00edctimas de torturas en la mencionada prisi\u00f3n, corroboradas por estadounidenses.<\/p>\n<p>Fue tambi\u00e9n por este canal ,que vi como esta \u201cdemocracia liberal\u201d llamada Estados Unidos de Am\u00e9rica tiene un batall\u00f3n de indigentes, sin derecho a ninguna ayuda del Estado; vi tambi\u00e9n c\u00f3mo muchos trabajadores y trabajadoras de ese pa\u00eds viven dentro de sus veh\u00edculos, por no tener salarios dignos para alquilar una casa.<\/p>\n<p>Hay muchas m\u00e1s historias de miseria, de violaciones a los derechos humanos, que, a diferencia de los medios hegem\u00f3nicos, nos muestran canales como RT y Telesur, as\u00ed como la agencia Sputnik de noticias. Pero \u201cnecesitan ser silenciados\u201d, para que Washington siga dando lecciones al mundo sobre c\u00f3mo resolver los problemas relacionados con los derechos humanos.<\/p>\n<p>Lo que estoy tratando de expresar aqu\u00ed es, en primer lugar, que Vladimir Putin cometi\u00f3 un gran error con esta invasi\u00f3n de Ucrania. Segundo, que eso era parte de los planes de las potencias occidentales para justificar sus maniobras belicistas en un esfuerzo por detener el desarrollo de un mundo multipolar. Tercero, que los medios hegem\u00f3nicos vienen siendo utilizados para construir consensos favorables a la consolidaci\u00f3n de la hegemon\u00eda de estos poderes. Y, finalmente, que la democracia, en este escenario de manipulaciones, es apenas ret\u00f3rica.<\/p>\n","protected":false},"excerpt":{"rendered":"<p>Los medios hegem\u00f3nicos occidentales han hecho el trabajo de seleccionar quir\u00fargicamente los contenidos\/discursos que mejor se ajustan a los objetivos de las potencias del Norte (l\u00e9ase Estados Unidos y la Uni\u00f3n Europea), dejando de ofrecer a la sociedad mundial \u2014como&hellip;<\/p>\n","protected":false},"author":1925,"featured_media":1534100,"comment_status":"closed","ping_status":"closed","sticky":false,"template":"","format":"standard","meta":{"footnotes":""},"categories":[11389,75,39,161,1243,74,67],"tags":[696,40380,28644,924,715,8879,9533],"class_list":["post-1534119","post","type-post","status-publish","format-standard","has-post-thumbnail","hentry","category-contenido-original","category-cultura-es","category-internacional","category-opiniones","category-paz-desarme","category-politica-es","category-sudamerica","tag-democracia","tag-estados-unidos-de-america","tag-medios-hegemonicos","tag-otan","tag-rusia","tag-ucrania","tag-ue-es"],"yoast_head":"<!-- This site is optimized with the Yoast SEO plugin v27.1.1 - https:\/\/yoast.com\/product\/yoast-seo-wordpress\/ -->\n<title>Rusia, medios hegem\u00f3nicos y guerra fr\u00eda del siglo 21: la democracia como ret\u00f3rica<\/title>\n<meta name=\"description\" content=\"Los medios hegem\u00f3nicos occidentales han hecho el trabajo de seleccionar quir\u00fargicamente los contenidos\/discursos que mejor se ajustan a los objetivos de\" \/>\n<meta name=\"robots\" content=\"index, follow, max-snippet:-1, max-image-preview:large, max-video-preview:-1\" \/>\n<link rel=\"canonical\" href=\"https:\/\/www.pressenza.com\/es\/2022\/03\/rusia-medios-hegemonicos-y-guerra-fria-del-siglo-21-la-democracia-como-retorica\/\" \/>\n<meta property=\"og:locale\" content=\"es_ES\" \/>\n<meta property=\"og:type\" content=\"article\" \/>\n<meta property=\"og:title\" content=\"Rusia, medios hegem\u00f3nicos y guerra fr\u00eda del siglo 21: la democracia como ret\u00f3rica\" \/>\n<meta property=\"og:description\" content=\"Los medios hegem\u00f3nicos occidentales han hecho el trabajo de seleccionar quir\u00fargicamente los contenidos\/discursos que mejor se ajustan a los objetivos de\" \/>\n<meta property=\"og:url\" content=\"https:\/\/www.pressenza.com\/es\/2022\/03\/rusia-medios-hegemonicos-y-guerra-fria-del-siglo-21-la-democracia-como-retorica\/\" \/>\n<meta property=\"og:site_name\" content=\"Pressenza\" \/>\n<meta property=\"article:publisher\" content=\"https:\/\/www.facebook.com\/PressenzaItalia\" \/>\n<meta property=\"article:published_time\" content=\"2022-03-04T23:00:06+00:00\" \/>\n<meta property=\"og:image\" content=\"https:\/\/www.pressenza.com\/wp-content\/uploads\/2022\/03\/Soviet-War-Memorial-Treptow-Berlin-Matt-Biddulph.jpg\" \/>\n\t<meta property=\"og:image:width\" content=\"1024\" \/>\n\t<meta property=\"og:image:height\" content=\"683\" \/>\n\t<meta property=\"og:image:type\" content=\"image\/jpeg\" \/>\n<meta name=\"author\" content=\"Verbena C\u00f3rdula\" \/>\n<meta name=\"twitter:card\" content=\"summary_large_image\" \/>\n<meta name=\"twitter:creator\" content=\"@PressenzaIPA\" \/>\n<meta name=\"twitter:site\" content=\"@PressenzaIPA\" \/>\n<meta name=\"twitter:label1\" content=\"Escrito por\" \/>\n\t<meta name=\"twitter:data1\" content=\"Verbena C\u00f3rdula\" \/>\n\t<meta name=\"twitter:label2\" content=\"Tiempo de lectura\" \/>\n\t<meta name=\"twitter:data2\" content=\"7 minutos\" \/>\n<script type=\"application\/ld+json\" class=\"yoast-schema-graph\">{\"@context\":\"https:\/\/schema.org\",\"@graph\":[{\"@type\":\"Article\",\"@id\":\"https:\/\/www.pressenza.com\/es\/2022\/03\/rusia-medios-hegemonicos-y-guerra-fria-del-siglo-21-la-democracia-como-retorica\/#article\",\"isPartOf\":{\"@id\":\"https:\/\/www.pressenza.com\/es\/2022\/03\/rusia-medios-hegemonicos-y-guerra-fria-del-siglo-21-la-democracia-como-retorica\/\"},\"author\":{\"name\":\"Verbena C\u00f3rdula\",\"@id\":\"https:\/\/www.pressenza.com\/es\/#\/schema\/person\/68c8edc34c1a97f71f905cdd5b164319\"},\"headline\":\"Rusia, medios hegem\u00f3nicos y guerra fr\u00eda del siglo 21: la democracia como ret\u00f3rica\",\"datePublished\":\"2022-03-04T23:00:06+00:00\",\"mainEntityOfPage\":{\"@id\":\"https:\/\/www.pressenza.com\/es\/2022\/03\/rusia-medios-hegemonicos-y-guerra-fria-del-siglo-21-la-democracia-como-retorica\/\"},\"wordCount\":1369,\"publisher\":{\"@id\":\"https:\/\/www.pressenza.com\/es\/#organization\"},\"image\":{\"@id\":\"https:\/\/www.pressenza.com\/es\/2022\/03\/rusia-medios-hegemonicos-y-guerra-fria-del-siglo-21-la-democracia-como-retorica\/#primaryimage\"},\"thumbnailUrl\":\"https:\/\/www.pressenza.com\/wp-content\/uploads\/2022\/03\/Soviet-War-Memorial-Treptow-Berlin-Matt-Biddulph.jpg\",\"keywords\":[\"Democracia\",\"Estados Unidos de Am\u00e9rica\",\"medios hegem\u00f3nicos\",\"OTAN\",\"Rusia\",\"Ucrania\",\"UE\"],\"articleSection\":[\"Contenido Original\",\"Cultura y Medios\",\"Internacional\",\"Opiniones\",\"Paz y Desarme\",\"Pol\u00edtica\",\"Sudam\u00e9rica\"],\"inLanguage\":\"es\"},{\"@type\":\"WebPage\",\"@id\":\"https:\/\/www.pressenza.com\/es\/2022\/03\/rusia-medios-hegemonicos-y-guerra-fria-del-siglo-21-la-democracia-como-retorica\/\",\"url\":\"https:\/\/www.pressenza.com\/es\/2022\/03\/rusia-medios-hegemonicos-y-guerra-fria-del-siglo-21-la-democracia-como-retorica\/\",\"name\":\"Rusia, medios hegem\u00f3nicos y guerra fr\u00eda del siglo 21: la democracia como ret\u00f3rica\",\"isPartOf\":{\"@id\":\"https:\/\/www.pressenza.com\/es\/#website\"},\"primaryImageOfPage\":{\"@id\":\"https:\/\/www.pressenza.com\/es\/2022\/03\/rusia-medios-hegemonicos-y-guerra-fria-del-siglo-21-la-democracia-como-retorica\/#primaryimage\"},\"image\":{\"@id\":\"https:\/\/www.pressenza.com\/es\/2022\/03\/rusia-medios-hegemonicos-y-guerra-fria-del-siglo-21-la-democracia-como-retorica\/#primaryimage\"},\"thumbnailUrl\":\"https:\/\/www.pressenza.com\/wp-content\/uploads\/2022\/03\/Soviet-War-Memorial-Treptow-Berlin-Matt-Biddulph.jpg\",\"datePublished\":\"2022-03-04T23:00:06+00:00\",\"description\":\"Los medios hegem\u00f3nicos occidentales han hecho el trabajo de seleccionar quir\u00fargicamente los contenidos\/discursos que mejor se ajustan a los objetivos de\",\"breadcrumb\":{\"@id\":\"https:\/\/www.pressenza.com\/es\/2022\/03\/rusia-medios-hegemonicos-y-guerra-fria-del-siglo-21-la-democracia-como-retorica\/#breadcrumb\"},\"inLanguage\":\"es\",\"potentialAction\":[{\"@type\":\"ReadAction\",\"target\":[\"https:\/\/www.pressenza.com\/es\/2022\/03\/rusia-medios-hegemonicos-y-guerra-fria-del-siglo-21-la-democracia-como-retorica\/\"]}]},{\"@type\":\"ImageObject\",\"inLanguage\":\"es\",\"@id\":\"https:\/\/www.pressenza.com\/es\/2022\/03\/rusia-medios-hegemonicos-y-guerra-fria-del-siglo-21-la-democracia-como-retorica\/#primaryimage\",\"url\":\"https:\/\/www.pressenza.com\/wp-content\/uploads\/2022\/03\/Soviet-War-Memorial-Treptow-Berlin-Matt-Biddulph.jpg\",\"contentUrl\":\"https:\/\/www.pressenza.com\/wp-content\/uploads\/2022\/03\/Soviet-War-Memorial-Treptow-Berlin-Matt-Biddulph.jpg\",\"width\":1024,\"height\":683},{\"@type\":\"BreadcrumbList\",\"@id\":\"https:\/\/www.pressenza.com\/es\/2022\/03\/rusia-medios-hegemonicos-y-guerra-fria-del-siglo-21-la-democracia-como-retorica\/#breadcrumb\",\"itemListElement\":[{\"@type\":\"ListItem\",\"position\":1,\"name\":\"Accueil\",\"item\":\"https:\/\/www.pressenza.com\/es\/\"},{\"@type\":\"ListItem\",\"position\":2,\"name\":\"Rusia, medios hegem\u00f3nicos y guerra fr\u00eda del siglo 21: la democracia como ret\u00f3rica\"}]},{\"@type\":\"WebSite\",\"@id\":\"https:\/\/www.pressenza.com\/es\/#website\",\"url\":\"https:\/\/www.pressenza.com\/es\/\",\"name\":\"Pressenza\",\"description\":\"International Press Agency\",\"publisher\":{\"@id\":\"https:\/\/www.pressenza.com\/es\/#organization\"},\"potentialAction\":[{\"@type\":\"SearchAction\",\"target\":{\"@type\":\"EntryPoint\",\"urlTemplate\":\"https:\/\/www.pressenza.com\/es\/?s={search_term_string}\"},\"query-input\":{\"@type\":\"PropertyValueSpecification\",\"valueRequired\":true,\"valueName\":\"search_term_string\"}}],\"inLanguage\":\"es\"},{\"@type\":\"Organization\",\"@id\":\"https:\/\/www.pressenza.com\/es\/#organization\",\"name\":\"Pressenza\",\"url\":\"https:\/\/www.pressenza.com\/es\/\",\"logo\":{\"@type\":\"ImageObject\",\"inLanguage\":\"es\",\"@id\":\"https:\/\/www.pressenza.com\/es\/#\/schema\/logo\/image\/\",\"url\":\"https:\/\/www.pressenza.com\/wp-content\/uploads\/2022\/10\/pressenza_logo_200x200.jpg\",\"contentUrl\":\"https:\/\/www.pressenza.com\/wp-content\/uploads\/2022\/10\/pressenza_logo_200x200.jpg\",\"width\":200,\"height\":200,\"caption\":\"Pressenza\"},\"image\":{\"@id\":\"https:\/\/www.pressenza.com\/es\/#\/schema\/logo\/image\/\"},\"sameAs\":[\"https:\/\/www.facebook.com\/PressenzaItalia\",\"https:\/\/x.com\/PressenzaIPA\"]},{\"@type\":\"Person\",\"@id\":\"https:\/\/www.pressenza.com\/es\/#\/schema\/person\/68c8edc34c1a97f71f905cdd5b164319\",\"name\":\"Verbena C\u00f3rdula\",\"description\":\"Graduada em Hist\u00f3ria, doutora em Hist\u00f3ria e Comunica\u00e7\u00e3o no Mundo Contempor\u00e2neo. Professora Titular da Universidade Estadual de Santa Cruz (UESC), Ilh\u00e9us BA. Pesquisa G\u00eanero e ra\u00e7a.\",\"url\":\"https:\/\/www.pressenza.com\/es\/author\/verbena-cordula\/\"}]}<\/script>\n<!-- \/ Yoast SEO plugin. -->","yoast_head_json":{"title":"Rusia, medios hegem\u00f3nicos y guerra fr\u00eda del siglo 21: la democracia como ret\u00f3rica","description":"Los medios hegem\u00f3nicos occidentales han hecho el trabajo de seleccionar quir\u00fargicamente los contenidos\/discursos que mejor se ajustan a los objetivos de","robots":{"index":"index","follow":"follow","max-snippet":"max-snippet:-1","max-image-preview":"max-image-preview:large","max-video-preview":"max-video-preview:-1"},"canonical":"https:\/\/www.pressenza.com\/es\/2022\/03\/rusia-medios-hegemonicos-y-guerra-fria-del-siglo-21-la-democracia-como-retorica\/","og_locale":"es_ES","og_type":"article","og_title":"Rusia, medios hegem\u00f3nicos y guerra fr\u00eda del siglo 21: la democracia como ret\u00f3rica","og_description":"Los medios hegem\u00f3nicos occidentales han hecho el trabajo de seleccionar quir\u00fargicamente los contenidos\/discursos que mejor se ajustan a los objetivos de","og_url":"https:\/\/www.pressenza.com\/es\/2022\/03\/rusia-medios-hegemonicos-y-guerra-fria-del-siglo-21-la-democracia-como-retorica\/","og_site_name":"Pressenza","article_publisher":"https:\/\/www.facebook.com\/PressenzaItalia","article_published_time":"2022-03-04T23:00:06+00:00","og_image":[{"width":1024,"height":683,"url":"https:\/\/www.pressenza.com\/wp-content\/uploads\/2022\/03\/Soviet-War-Memorial-Treptow-Berlin-Matt-Biddulph.jpg","type":"image\/jpeg"}],"author":"Verbena C\u00f3rdula","twitter_card":"summary_large_image","twitter_creator":"@PressenzaIPA","twitter_site":"@PressenzaIPA","twitter_misc":{"Escrito por":"Verbena C\u00f3rdula","Tiempo de lectura":"7 minutos"},"schema":{"@context":"https:\/\/schema.org","@graph":[{"@type":"Article","@id":"https:\/\/www.pressenza.com\/es\/2022\/03\/rusia-medios-hegemonicos-y-guerra-fria-del-siglo-21-la-democracia-como-retorica\/#article","isPartOf":{"@id":"https:\/\/www.pressenza.com\/es\/2022\/03\/rusia-medios-hegemonicos-y-guerra-fria-del-siglo-21-la-democracia-como-retorica\/"},"author":{"name":"Verbena C\u00f3rdula","@id":"https:\/\/www.pressenza.com\/es\/#\/schema\/person\/68c8edc34c1a97f71f905cdd5b164319"},"headline":"Rusia, medios hegem\u00f3nicos y guerra fr\u00eda del siglo 21: la democracia como ret\u00f3rica","datePublished":"2022-03-04T23:00:06+00:00","mainEntityOfPage":{"@id":"https:\/\/www.pressenza.com\/es\/2022\/03\/rusia-medios-hegemonicos-y-guerra-fria-del-siglo-21-la-democracia-como-retorica\/"},"wordCount":1369,"publisher":{"@id":"https:\/\/www.pressenza.com\/es\/#organization"},"image":{"@id":"https:\/\/www.pressenza.com\/es\/2022\/03\/rusia-medios-hegemonicos-y-guerra-fria-del-siglo-21-la-democracia-como-retorica\/#primaryimage"},"thumbnailUrl":"https:\/\/www.pressenza.com\/wp-content\/uploads\/2022\/03\/Soviet-War-Memorial-Treptow-Berlin-Matt-Biddulph.jpg","keywords":["Democracia","Estados Unidos de Am\u00e9rica","medios hegem\u00f3nicos","OTAN","Rusia","Ucrania","UE"],"articleSection":["Contenido Original","Cultura y Medios","Internacional","Opiniones","Paz y Desarme","Pol\u00edtica","Sudam\u00e9rica"],"inLanguage":"es"},{"@type":"WebPage","@id":"https:\/\/www.pressenza.com\/es\/2022\/03\/rusia-medios-hegemonicos-y-guerra-fria-del-siglo-21-la-democracia-como-retorica\/","url":"https:\/\/www.pressenza.com\/es\/2022\/03\/rusia-medios-hegemonicos-y-guerra-fria-del-siglo-21-la-democracia-como-retorica\/","name":"Rusia, medios hegem\u00f3nicos y guerra fr\u00eda del siglo 21: la democracia como ret\u00f3rica","isPartOf":{"@id":"https:\/\/www.pressenza.com\/es\/#website"},"primaryImageOfPage":{"@id":"https:\/\/www.pressenza.com\/es\/2022\/03\/rusia-medios-hegemonicos-y-guerra-fria-del-siglo-21-la-democracia-como-retorica\/#primaryimage"},"image":{"@id":"https:\/\/www.pressenza.com\/es\/2022\/03\/rusia-medios-hegemonicos-y-guerra-fria-del-siglo-21-la-democracia-como-retorica\/#primaryimage"},"thumbnailUrl":"https:\/\/www.pressenza.com\/wp-content\/uploads\/2022\/03\/Soviet-War-Memorial-Treptow-Berlin-Matt-Biddulph.jpg","datePublished":"2022-03-04T23:00:06+00:00","description":"Los medios hegem\u00f3nicos occidentales han hecho el trabajo de seleccionar quir\u00fargicamente los contenidos\/discursos que mejor se ajustan a los objetivos de","breadcrumb":{"@id":"https:\/\/www.pressenza.com\/es\/2022\/03\/rusia-medios-hegemonicos-y-guerra-fria-del-siglo-21-la-democracia-como-retorica\/#breadcrumb"},"inLanguage":"es","potentialAction":[{"@type":"ReadAction","target":["https:\/\/www.pressenza.com\/es\/2022\/03\/rusia-medios-hegemonicos-y-guerra-fria-del-siglo-21-la-democracia-como-retorica\/"]}]},{"@type":"ImageObject","inLanguage":"es","@id":"https:\/\/www.pressenza.com\/es\/2022\/03\/rusia-medios-hegemonicos-y-guerra-fria-del-siglo-21-la-democracia-como-retorica\/#primaryimage","url":"https:\/\/www.pressenza.com\/wp-content\/uploads\/2022\/03\/Soviet-War-Memorial-Treptow-Berlin-Matt-Biddulph.jpg","contentUrl":"https:\/\/www.pressenza.com\/wp-content\/uploads\/2022\/03\/Soviet-War-Memorial-Treptow-Berlin-Matt-Biddulph.jpg","width":1024,"height":683},{"@type":"BreadcrumbList","@id":"https:\/\/www.pressenza.com\/es\/2022\/03\/rusia-medios-hegemonicos-y-guerra-fria-del-siglo-21-la-democracia-como-retorica\/#breadcrumb","itemListElement":[{"@type":"ListItem","position":1,"name":"Accueil","item":"https:\/\/www.pressenza.com\/es\/"},{"@type":"ListItem","position":2,"name":"Rusia, medios hegem\u00f3nicos y guerra fr\u00eda del siglo 21: la democracia como ret\u00f3rica"}]},{"@type":"WebSite","@id":"https:\/\/www.pressenza.com\/es\/#website","url":"https:\/\/www.pressenza.com\/es\/","name":"Pressenza","description":"International Press Agency","publisher":{"@id":"https:\/\/www.pressenza.com\/es\/#organization"},"potentialAction":[{"@type":"SearchAction","target":{"@type":"EntryPoint","urlTemplate":"https:\/\/www.pressenza.com\/es\/?s={search_term_string}"},"query-input":{"@type":"PropertyValueSpecification","valueRequired":true,"valueName":"search_term_string"}}],"inLanguage":"es"},{"@type":"Organization","@id":"https:\/\/www.pressenza.com\/es\/#organization","name":"Pressenza","url":"https:\/\/www.pressenza.com\/es\/","logo":{"@type":"ImageObject","inLanguage":"es","@id":"https:\/\/www.pressenza.com\/es\/#\/schema\/logo\/image\/","url":"https:\/\/www.pressenza.com\/wp-content\/uploads\/2022\/10\/pressenza_logo_200x200.jpg","contentUrl":"https:\/\/www.pressenza.com\/wp-content\/uploads\/2022\/10\/pressenza_logo_200x200.jpg","width":200,"height":200,"caption":"Pressenza"},"image":{"@id":"https:\/\/www.pressenza.com\/es\/#\/schema\/logo\/image\/"},"sameAs":["https:\/\/www.facebook.com\/PressenzaItalia","https:\/\/x.com\/PressenzaIPA"]},{"@type":"Person","@id":"https:\/\/www.pressenza.com\/es\/#\/schema\/person\/68c8edc34c1a97f71f905cdd5b164319","name":"Verbena C\u00f3rdula","description":"Graduada em Hist\u00f3ria, doutora em Hist\u00f3ria e Comunica\u00e7\u00e3o no Mundo Contempor\u00e2neo. Professora Titular da Universidade Estadual de Santa Cruz (UESC), Ilh\u00e9us BA. Pesquisa G\u00eanero e ra\u00e7a.","url":"https:\/\/www.pressenza.com\/es\/author\/verbena-cordula\/"}]}},"place":"Bah\u00eda, Brasil","original_article_url":"","_links":{"self":[{"href":"https:\/\/www.pressenza.com\/es\/wp-json\/wp\/v2\/posts\/1534119","targetHints":{"allow":["GET"]}}],"collection":[{"href":"https:\/\/www.pressenza.com\/es\/wp-json\/wp\/v2\/posts"}],"about":[{"href":"https:\/\/www.pressenza.com\/es\/wp-json\/wp\/v2\/types\/post"}],"author":[{"embeddable":true,"href":"https:\/\/www.pressenza.com\/es\/wp-json\/wp\/v2\/users\/1925"}],"replies":[{"embeddable":true,"href":"https:\/\/www.pressenza.com\/es\/wp-json\/wp\/v2\/comments?post=1534119"}],"version-history":[{"count":0,"href":"https:\/\/www.pressenza.com\/es\/wp-json\/wp\/v2\/posts\/1534119\/revisions"}],"wp:featuredmedia":[{"embeddable":true,"href":"https:\/\/www.pressenza.com\/es\/wp-json\/wp\/v2\/media\/1534100"}],"wp:attachment":[{"href":"https:\/\/www.pressenza.com\/es\/wp-json\/wp\/v2\/media?parent=1534119"}],"wp:term":[{"taxonomy":"category","embeddable":true,"href":"https:\/\/www.pressenza.com\/es\/wp-json\/wp\/v2\/categories?post=1534119"},{"taxonomy":"post_tag","embeddable":true,"href":"https:\/\/www.pressenza.com\/es\/wp-json\/wp\/v2\/tags?post=1534119"}],"curies":[{"name":"wp","href":"https:\/\/api.w.org\/{rel}","templated":true}]}}