{"id":1534,"date":"2009-10-02T00:00:00","date_gmt":"2009-10-02T00:00:00","guid":{"rendered":""},"modified":"2009-10-02T14:13:47","modified_gmt":"2009-10-02T14:13:47","slug":"mensaje-del-secretario-general-de-la-onu-en-el-dia-internacional-de-la-no-violencia","status":"publish","type":"post","link":"https:\/\/www.pressenza.com\/es\/2009\/10\/mensaje-del-secretario-general-de-la-onu-en-el-dia-internacional-de-la-no-violencia\/","title":{"rendered":"Mensaje del Secretario General de la ONU en el D\u00eda Internacional de la No Violencia"},"content":{"rendered":"<p>En el mundo de hoy, nos enfrentamos a muchas fuerzas hostiles, a crisis m\u00faltiples persistentes que exigen respuesta tanto de nuestros l\u00edderes como de nuestros pueblos.<\/p>\n<p>Gandhi comprendi\u00f3 que una idea poderosa pod\u00eda cambiar el mundo. Sab\u00eda que las personas, trabajando individual y colectivamente, pod\u00edan hacer realidad lo que otros pudieran considerar como sue\u00f1os imposibles.<\/p>\n<p>Inspiradas por Gandhi, que consagr\u00f3 su vida a la no violencia, las Naciones Unidas luchan hoy por poner fin a la violencia.<\/p>\n<p>Nos esforzamos, por ejemplo, por librar al mundo de las armas de destrucci\u00f3n en masa. Nuestra campa\u00f1a reciente de lucha contra esas armas y de promoci\u00f3n del desarme tuvo como objetivo concienciar acerca del elevado costo de las armas de destrucci\u00f3n en masa. Gracias a varias iniciativas y reuniones recientes, entre ellas la cumbre que celebr\u00f3 la semana pasada el Consejo de Seguridad para tratar el tema del desarme y la no proliferaci\u00f3n nucleares, hemos mejorado las perspectivas de lograr reducciones en los arsenales mundiales. Debemos mantener el impulso actual y presionar para lograr el \u00e9xito de la conferencia encargada de examinar el Tratado sobre la no proliferaci\u00f3n de las armas nucleares prevista para el a\u00f1o que viene y de ulteriores iniciativas.<\/p>\n<p>El llamamiento a la no violencia no tiene por qu\u00e9 referirse solo al uso de armas mort\u00edferas. Las Naciones Unidas y sus asociados a nivel popular llevan mucho tiempo haciendo campa\u00f1a para poner fin a la agresi\u00f3n que inflige el ser humano a nuestro planeta. Las emisiones de gases de efecto invernadero han sido parte de esa agresi\u00f3n y amenazan ahora con provocar un cambio clim\u00e1tico catastr\u00f3fico. Insto a los activistas de todo el mundo a que intensifiquen sus presiones sobre los dirigentes mundiales para conseguir que finalmente sellen el acuerdo en la Conferencia de las Naciones Unidas sobre el Cambio Clim\u00e1tico que ha de celebrarse en diciembre en Copenhague.<\/p>\n<p>La atroz violencia de la que son objeto mujeres y ni\u00f1as de todo el mundo tambi\u00e9n debe ser una de nuestras preocupaciones principales.   Aproximadamente 150 millones de mujeres y ni\u00f1as son v\u00edctimas cada a\u00f1o de actos violentos. La violaci\u00f3n se utiliza cada vez m\u00e1s como arma de guerra. Las v\u00edctimas de coacci\u00f3n sexual corren un mayor riesgo de contraer enfermedades de transmisi\u00f3n sexual, entre ellas el VIH\/SIDA. Insto a todos nuestros asociados a que se sumen a mi campa\u00f1a \u201cUnidos para poner fin a la violencia contra las mujeres\u201d, cuya finalidad es crear conciencia y recaudar fondos para luchar contra este problema en todas partes del mundo, puesto que ning\u00fan pa\u00eds es inmune.<\/p>\n<p>En este D\u00eda Internacional, celebremos \u2014y encarnemos\u2014 el legado de Mahatma Gandhi atendiendo a su llamada en favor de un movimiento por la no violencia. Pongamos fin a la violencia en todas sus manifestaciones y reforcemos nuestra labor colectiva para lograr un mundo m\u00e1s seguro, ecol\u00f3gico y pac\u00edfico.<\/p>\n","protected":false},"excerpt":{"rendered":"<p>Mahatma Gandhi, cuyo legado recordamos cada a\u00f1o este d\u00eda, se\u00f1al\u00f3 una vez que \u201cla no violencia, para que realmente tenga valor, debe ejercerse ante fuerzas hostiles\u201d. En el mundo que enfrentamos hoy, se nos exigen respuesta tanto de nuestros l\u00edderes como de nuestros pueblos.<br \/>\nInspiradas por Gandhi, las Naciones Unidas luchan hoy por poner fin a la violencia<\/p>\n","protected":false},"author":19,"featured_media":0,"comment_status":"closed","ping_status":"open","sticky":false,"template":"","format":"standard","meta":{"footnotes":""},"categories":[39,68,161,74],"tags":[],"class_list":["post-1534","post","type-post","status-publish","format-standard","hentry","category-internacional","category-norteamerica","category-opiniones","category-politica-es"],"yoast_head":"<!-- This site is optimized with the Yoast SEO plugin v27.1.1 - https:\/\/yoast.com\/product\/yoast-seo-wordpress\/ -->\n<title>Mensaje del Secretario General de la ONU en el D\u00eda Internacional de la No Violencia<\/title>\n<meta name=\"description\" content=\"Mahatma Gandhi, cuyo legado recordamos cada a\u00f1o este d\u00eda, se\u00f1al\u00f3 una vez que \u201cla no violencia, para que realmente tenga valor, debe ejercerse ante fuerzas hostiles\u201d. En el mundo que enfrentamos hoy, se nos exigen respuesta tanto de nuestros l\u00edderes como de nuestros pueblos. Inspiradas por Gandhi, las Naciones Unidas luchan hoy por poner fin a la violencia\" \/>\n<meta name=\"robots\" content=\"index, follow, max-snippet:-1, max-image-preview:large, max-video-preview:-1\" \/>\n<link rel=\"canonical\" href=\"https:\/\/www.pressenza.com\/es\/2009\/10\/mensaje-del-secretario-general-de-la-onu-en-el-dia-internacional-de-la-no-violencia\/\" \/>\n<meta property=\"og:locale\" content=\"es_ES\" \/>\n<meta property=\"og:type\" content=\"article\" \/>\n<meta property=\"og:title\" content=\"Mensaje del Secretario General de la ONU en el D\u00eda Internacional de la No Violencia\" \/>\n<meta property=\"og:description\" content=\"Mahatma Gandhi, cuyo legado recordamos cada a\u00f1o este d\u00eda, se\u00f1al\u00f3 una vez que \u201cla no violencia, para que realmente tenga valor, debe ejercerse ante fuerzas hostiles\u201d. En el mundo que enfrentamos hoy, se nos exigen respuesta tanto de nuestros l\u00edderes como de nuestros pueblos. Inspiradas por Gandhi, las Naciones Unidas luchan hoy por poner fin a la violencia\" \/>\n<meta property=\"og:url\" content=\"https:\/\/www.pressenza.com\/es\/2009\/10\/mensaje-del-secretario-general-de-la-onu-en-el-dia-internacional-de-la-no-violencia\/\" \/>\n<meta property=\"og:site_name\" content=\"Pressenza\" \/>\n<meta property=\"article:publisher\" content=\"https:\/\/www.facebook.com\/PressenzaItalia\" \/>\n<meta property=\"article:author\" content=\"https:\/\/www.facebook.com\/pressenza\" \/>\n<meta property=\"article:published_time\" content=\"2009-10-02T00:00:00+00:00\" \/>\n<meta property=\"article:modified_time\" content=\"2009-10-02T14:13:47+00:00\" \/>\n<meta name=\"author\" content=\"Pressenza IPA\" \/>\n<meta name=\"twitter:card\" content=\"summary_large_image\" \/>\n<meta name=\"twitter:creator\" content=\"@PressenzaIPA\" \/>\n<meta name=\"twitter:site\" content=\"@PressenzaIPA\" \/>\n<meta name=\"twitter:label1\" content=\"Escrito por\" \/>\n\t<meta name=\"twitter:data1\" content=\"Pressenza IPA\" \/>\n\t<meta name=\"twitter:label2\" content=\"Tiempo de lectura\" \/>\n\t<meta name=\"twitter:data2\" content=\"3 minutos\" \/>\n<script type=\"application\/ld+json\" class=\"yoast-schema-graph\">{\"@context\":\"https:\/\/schema.org\",\"@graph\":[{\"@type\":\"Article\",\"@id\":\"https:\/\/www.pressenza.com\/es\/2009\/10\/mensaje-del-secretario-general-de-la-onu-en-el-dia-internacional-de-la-no-violencia\/#article\",\"isPartOf\":{\"@id\":\"https:\/\/www.pressenza.com\/es\/2009\/10\/mensaje-del-secretario-general-de-la-onu-en-el-dia-internacional-de-la-no-violencia\/\"},\"author\":{\"name\":\"Pressenza IPA\",\"@id\":\"https:\/\/www.pressenza.com\/es\/#\/schema\/person\/010e5d02bcf40965427a1289a4cc8d75\"},\"headline\":\"Mensaje del Secretario General de la ONU en el D\u00eda Internacional de la No Violencia\",\"datePublished\":\"2009-10-02T00:00:00+00:00\",\"dateModified\":\"2009-10-02T14:13:47+00:00\",\"mainEntityOfPage\":{\"@id\":\"https:\/\/www.pressenza.com\/es\/2009\/10\/mensaje-del-secretario-general-de-la-onu-en-el-dia-internacional-de-la-no-violencia\/\"},\"wordCount\":523,\"publisher\":{\"@id\":\"https:\/\/www.pressenza.com\/es\/#organization\"},\"articleSection\":[\"Internacional\",\"Norteam\u00e9rica\",\"Opiniones\",\"Pol\u00edtica\"],\"inLanguage\":\"es\"},{\"@type\":\"WebPage\",\"@id\":\"https:\/\/www.pressenza.com\/es\/2009\/10\/mensaje-del-secretario-general-de-la-onu-en-el-dia-internacional-de-la-no-violencia\/\",\"url\":\"https:\/\/www.pressenza.com\/es\/2009\/10\/mensaje-del-secretario-general-de-la-onu-en-el-dia-internacional-de-la-no-violencia\/\",\"name\":\"Mensaje del Secretario General de la ONU en el D\u00eda Internacional de la No Violencia\",\"isPartOf\":{\"@id\":\"https:\/\/www.pressenza.com\/es\/#website\"},\"datePublished\":\"2009-10-02T00:00:00+00:00\",\"dateModified\":\"2009-10-02T14:13:47+00:00\",\"description\":\"Mahatma Gandhi, cuyo legado recordamos cada a\u00f1o este d\u00eda, se\u00f1al\u00f3 una vez que \u201cla no violencia, para que realmente tenga valor, debe ejercerse ante fuerzas hostiles\u201d. En el mundo que enfrentamos hoy, se nos exigen respuesta tanto de nuestros l\u00edderes como de nuestros pueblos. Inspiradas por Gandhi, las Naciones Unidas luchan hoy por poner fin a la violencia\",\"breadcrumb\":{\"@id\":\"https:\/\/www.pressenza.com\/es\/2009\/10\/mensaje-del-secretario-general-de-la-onu-en-el-dia-internacional-de-la-no-violencia\/#breadcrumb\"},\"inLanguage\":\"es\",\"potentialAction\":[{\"@type\":\"ReadAction\",\"target\":[\"https:\/\/www.pressenza.com\/es\/2009\/10\/mensaje-del-secretario-general-de-la-onu-en-el-dia-internacional-de-la-no-violencia\/\"]}]},{\"@type\":\"BreadcrumbList\",\"@id\":\"https:\/\/www.pressenza.com\/es\/2009\/10\/mensaje-del-secretario-general-de-la-onu-en-el-dia-internacional-de-la-no-violencia\/#breadcrumb\",\"itemListElement\":[{\"@type\":\"ListItem\",\"position\":1,\"name\":\"Accueil\",\"item\":\"https:\/\/www.pressenza.com\/es\/\"},{\"@type\":\"ListItem\",\"position\":2,\"name\":\"Mensaje del Secretario General de la ONU en el D\u00eda Internacional de la No Violencia\"}]},{\"@type\":\"WebSite\",\"@id\":\"https:\/\/www.pressenza.com\/es\/#website\",\"url\":\"https:\/\/www.pressenza.com\/es\/\",\"name\":\"Pressenza\",\"description\":\"International Press Agency\",\"publisher\":{\"@id\":\"https:\/\/www.pressenza.com\/es\/#organization\"},\"potentialAction\":[{\"@type\":\"SearchAction\",\"target\":{\"@type\":\"EntryPoint\",\"urlTemplate\":\"https:\/\/www.pressenza.com\/es\/?s={search_term_string}\"},\"query-input\":{\"@type\":\"PropertyValueSpecification\",\"valueRequired\":true,\"valueName\":\"search_term_string\"}}],\"inLanguage\":\"es\"},{\"@type\":\"Organization\",\"@id\":\"https:\/\/www.pressenza.com\/es\/#organization\",\"name\":\"Pressenza\",\"url\":\"https:\/\/www.pressenza.com\/es\/\",\"logo\":{\"@type\":\"ImageObject\",\"inLanguage\":\"es\",\"@id\":\"https:\/\/www.pressenza.com\/es\/#\/schema\/logo\/image\/\",\"url\":\"https:\/\/www.pressenza.com\/wp-content\/uploads\/2022\/10\/pressenza_logo_200x200.jpg\",\"contentUrl\":\"https:\/\/www.pressenza.com\/wp-content\/uploads\/2022\/10\/pressenza_logo_200x200.jpg\",\"width\":200,\"height\":200,\"caption\":\"Pressenza\"},\"image\":{\"@id\":\"https:\/\/www.pressenza.com\/es\/#\/schema\/logo\/image\/\"},\"sameAs\":[\"https:\/\/www.facebook.com\/PressenzaItalia\",\"https:\/\/x.com\/PressenzaIPA\"]},{\"@type\":\"Person\",\"@id\":\"https:\/\/www.pressenza.com\/es\/#\/schema\/person\/010e5d02bcf40965427a1289a4cc8d75\",\"name\":\"Pressenza IPA\",\"description\":\"News from Pressenza IPA correspondents\",\"sameAs\":[\"https:\/\/www.facebook.com\/pressenza\",\"https:\/\/x.com\/PressenzaIPA\"],\"url\":\"https:\/\/www.pressenza.com\/es\/author\/pressenza-ipa\/\"}]}<\/script>\n<!-- \/ Yoast SEO plugin. -->","yoast_head_json":{"title":"Mensaje del Secretario General de la ONU en el D\u00eda Internacional de la No Violencia","description":"Mahatma Gandhi, cuyo legado recordamos cada a\u00f1o este d\u00eda, se\u00f1al\u00f3 una vez que \u201cla no violencia, para que realmente tenga valor, debe ejercerse ante fuerzas hostiles\u201d. En el mundo que enfrentamos hoy, se nos exigen respuesta tanto de nuestros l\u00edderes como de nuestros pueblos. Inspiradas por Gandhi, las Naciones Unidas luchan hoy por poner fin a la violencia","robots":{"index":"index","follow":"follow","max-snippet":"max-snippet:-1","max-image-preview":"max-image-preview:large","max-video-preview":"max-video-preview:-1"},"canonical":"https:\/\/www.pressenza.com\/es\/2009\/10\/mensaje-del-secretario-general-de-la-onu-en-el-dia-internacional-de-la-no-violencia\/","og_locale":"es_ES","og_type":"article","og_title":"Mensaje del Secretario General de la ONU en el D\u00eda Internacional de la No Violencia","og_description":"Mahatma Gandhi, cuyo legado recordamos cada a\u00f1o este d\u00eda, se\u00f1al\u00f3 una vez que \u201cla no violencia, para que realmente tenga valor, debe ejercerse ante fuerzas hostiles\u201d. En el mundo que enfrentamos hoy, se nos exigen respuesta tanto de nuestros l\u00edderes como de nuestros pueblos. Inspiradas por Gandhi, las Naciones Unidas luchan hoy por poner fin a la violencia","og_url":"https:\/\/www.pressenza.com\/es\/2009\/10\/mensaje-del-secretario-general-de-la-onu-en-el-dia-internacional-de-la-no-violencia\/","og_site_name":"Pressenza","article_publisher":"https:\/\/www.facebook.com\/PressenzaItalia","article_author":"https:\/\/www.facebook.com\/pressenza","article_published_time":"2009-10-02T00:00:00+00:00","article_modified_time":"2009-10-02T14:13:47+00:00","author":"Pressenza IPA","twitter_card":"summary_large_image","twitter_creator":"@PressenzaIPA","twitter_site":"@PressenzaIPA","twitter_misc":{"Escrito por":"Pressenza IPA","Tiempo de lectura":"3 minutos"},"schema":{"@context":"https:\/\/schema.org","@graph":[{"@type":"Article","@id":"https:\/\/www.pressenza.com\/es\/2009\/10\/mensaje-del-secretario-general-de-la-onu-en-el-dia-internacional-de-la-no-violencia\/#article","isPartOf":{"@id":"https:\/\/www.pressenza.com\/es\/2009\/10\/mensaje-del-secretario-general-de-la-onu-en-el-dia-internacional-de-la-no-violencia\/"},"author":{"name":"Pressenza IPA","@id":"https:\/\/www.pressenza.com\/es\/#\/schema\/person\/010e5d02bcf40965427a1289a4cc8d75"},"headline":"Mensaje del Secretario General de la ONU en el D\u00eda Internacional de la No Violencia","datePublished":"2009-10-02T00:00:00+00:00","dateModified":"2009-10-02T14:13:47+00:00","mainEntityOfPage":{"@id":"https:\/\/www.pressenza.com\/es\/2009\/10\/mensaje-del-secretario-general-de-la-onu-en-el-dia-internacional-de-la-no-violencia\/"},"wordCount":523,"publisher":{"@id":"https:\/\/www.pressenza.com\/es\/#organization"},"articleSection":["Internacional","Norteam\u00e9rica","Opiniones","Pol\u00edtica"],"inLanguage":"es"},{"@type":"WebPage","@id":"https:\/\/www.pressenza.com\/es\/2009\/10\/mensaje-del-secretario-general-de-la-onu-en-el-dia-internacional-de-la-no-violencia\/","url":"https:\/\/www.pressenza.com\/es\/2009\/10\/mensaje-del-secretario-general-de-la-onu-en-el-dia-internacional-de-la-no-violencia\/","name":"Mensaje del Secretario General de la ONU en el D\u00eda Internacional de la No Violencia","isPartOf":{"@id":"https:\/\/www.pressenza.com\/es\/#website"},"datePublished":"2009-10-02T00:00:00+00:00","dateModified":"2009-10-02T14:13:47+00:00","description":"Mahatma Gandhi, cuyo legado recordamos cada a\u00f1o este d\u00eda, se\u00f1al\u00f3 una vez que \u201cla no violencia, para que realmente tenga valor, debe ejercerse ante fuerzas hostiles\u201d. En el mundo que enfrentamos hoy, se nos exigen respuesta tanto de nuestros l\u00edderes como de nuestros pueblos. Inspiradas por Gandhi, las Naciones Unidas luchan hoy por poner fin a la violencia","breadcrumb":{"@id":"https:\/\/www.pressenza.com\/es\/2009\/10\/mensaje-del-secretario-general-de-la-onu-en-el-dia-internacional-de-la-no-violencia\/#breadcrumb"},"inLanguage":"es","potentialAction":[{"@type":"ReadAction","target":["https:\/\/www.pressenza.com\/es\/2009\/10\/mensaje-del-secretario-general-de-la-onu-en-el-dia-internacional-de-la-no-violencia\/"]}]},{"@type":"BreadcrumbList","@id":"https:\/\/www.pressenza.com\/es\/2009\/10\/mensaje-del-secretario-general-de-la-onu-en-el-dia-internacional-de-la-no-violencia\/#breadcrumb","itemListElement":[{"@type":"ListItem","position":1,"name":"Accueil","item":"https:\/\/www.pressenza.com\/es\/"},{"@type":"ListItem","position":2,"name":"Mensaje del Secretario General de la ONU en el D\u00eda Internacional de la No Violencia"}]},{"@type":"WebSite","@id":"https:\/\/www.pressenza.com\/es\/#website","url":"https:\/\/www.pressenza.com\/es\/","name":"Pressenza","description":"International Press Agency","publisher":{"@id":"https:\/\/www.pressenza.com\/es\/#organization"},"potentialAction":[{"@type":"SearchAction","target":{"@type":"EntryPoint","urlTemplate":"https:\/\/www.pressenza.com\/es\/?s={search_term_string}"},"query-input":{"@type":"PropertyValueSpecification","valueRequired":true,"valueName":"search_term_string"}}],"inLanguage":"es"},{"@type":"Organization","@id":"https:\/\/www.pressenza.com\/es\/#organization","name":"Pressenza","url":"https:\/\/www.pressenza.com\/es\/","logo":{"@type":"ImageObject","inLanguage":"es","@id":"https:\/\/www.pressenza.com\/es\/#\/schema\/logo\/image\/","url":"https:\/\/www.pressenza.com\/wp-content\/uploads\/2022\/10\/pressenza_logo_200x200.jpg","contentUrl":"https:\/\/www.pressenza.com\/wp-content\/uploads\/2022\/10\/pressenza_logo_200x200.jpg","width":200,"height":200,"caption":"Pressenza"},"image":{"@id":"https:\/\/www.pressenza.com\/es\/#\/schema\/logo\/image\/"},"sameAs":["https:\/\/www.facebook.com\/PressenzaItalia","https:\/\/x.com\/PressenzaIPA"]},{"@type":"Person","@id":"https:\/\/www.pressenza.com\/es\/#\/schema\/person\/010e5d02bcf40965427a1289a4cc8d75","name":"Pressenza IPA","description":"News from Pressenza IPA correspondents","sameAs":["https:\/\/www.facebook.com\/pressenza","https:\/\/x.com\/PressenzaIPA"],"url":"https:\/\/www.pressenza.com\/es\/author\/pressenza-ipa\/"}]}},"place":"New York","original_article_url":"","_links":{"self":[{"href":"https:\/\/www.pressenza.com\/es\/wp-json\/wp\/v2\/posts\/1534","targetHints":{"allow":["GET"]}}],"collection":[{"href":"https:\/\/www.pressenza.com\/es\/wp-json\/wp\/v2\/posts"}],"about":[{"href":"https:\/\/www.pressenza.com\/es\/wp-json\/wp\/v2\/types\/post"}],"author":[{"embeddable":true,"href":"https:\/\/www.pressenza.com\/es\/wp-json\/wp\/v2\/users\/19"}],"replies":[{"embeddable":true,"href":"https:\/\/www.pressenza.com\/es\/wp-json\/wp\/v2\/comments?post=1534"}],"version-history":[{"count":0,"href":"https:\/\/www.pressenza.com\/es\/wp-json\/wp\/v2\/posts\/1534\/revisions"}],"wp:attachment":[{"href":"https:\/\/www.pressenza.com\/es\/wp-json\/wp\/v2\/media?parent=1534"}],"wp:term":[{"taxonomy":"category","embeddable":true,"href":"https:\/\/www.pressenza.com\/es\/wp-json\/wp\/v2\/categories?post=1534"},{"taxonomy":"post_tag","embeddable":true,"href":"https:\/\/www.pressenza.com\/es\/wp-json\/wp\/v2\/tags?post=1534"}],"curies":[{"name":"wp","href":"https:\/\/api.w.org\/{rel}","templated":true}]}}