{"id":1533682,"date":"2022-03-04T10:25:02","date_gmt":"2022-03-04T10:25:02","guid":{"rendered":"https:\/\/www.pressenza.com\/?p=1533682"},"modified":"2022-03-04T10:25:02","modified_gmt":"2022-03-04T10:25:02","slug":"lucho","status":"publish","type":"post","link":"https:\/\/www.pressenza.com\/es\/2022\/03\/lucho\/","title":{"rendered":"Lucho"},"content":{"rendered":"<p><span style=\"color: #808080;\"><em>1 de marzo 2022. El Espectador<\/em><\/span><\/p>\n<p class=\"font--secondary\">Empiezo a escribir esta columna a 36.000 pies de altura. Miro con insistencia por la ventanilla del avi\u00f3n: el jueves muri\u00f3 Luis Ignacio Sandoval, Lucho, Luchito, y qui\u00e9n sabe\u2026 de repente anda por ah\u00ed arando nubes para sembrarlas de paz. \u00c9l, con su pinta de abuelo sabio, protector de las comunidades, de la tierra y la verdad, se fue la semana pasada a otro monte m\u00e1s alto y m\u00e1s azul.<\/p>\n<p class=\"font--secondary\">En un mundo atravesado por amenazas nucleares, bombardeos y millones de desplazados que tienen que escoger entre huir y respirar, un hombre tan conciliador como Lucho era un tesoro. Fuimos vecinos en las marchas de velas y banderas, en el movimiento Defendamos la Paz y, los martes, en esta casa de <b>El Espectador<\/b>. Nunca lo vi rivalizar con alguien ni se dej\u00f3 tentar por esa man\u00eda, suicida y extendida, de encender o atizar el fuego amigo. Le preocupaba y ocupaba tanto la uni\u00f3n de Colombia, que creo que no desperdici\u00f3 un minuto de su vida en odiar a nadie.<\/p>\n<p class=\"font--secondary\">Cofundador de Redepaz y promotor de la Constituyente del 91, Lucho trabaj\u00f3 por los trabajadores, so\u00f1\u00f3 por los so\u00f1adores, defendi\u00f3 a los defensores. Se dedic\u00f3 a procurar que los derechos humanos llegaran a los humanos m\u00e1s pobres, a los m\u00e1s olvidados, a los que, a pesar de tener mil razones para caer en el escepticismo, caminan hasta encontrar su arco\u00edris y, sin quedarse atascados en la evidencia del dolor, lo convierten en su tabla de salvaci\u00f3n.<\/p>\n<p class=\"font--secondary\">Lucho fue generoso en su conocimiento y su alegr\u00eda casi ingenua irradiaba una ternura protectora. \u00c9l sab\u00eda vestir de esperanza la tristeza. Luchito no era viejo, era atemporal; eran \u00e9l y su vocaci\u00f3n de paz, \u00e9l y la sonrisa inmensa, \u00e9l y un alma grande como una monta\u00f1a.<\/p>\n<p class=\"font--secondary\">Admiraba el valor de los l\u00edderes sociales y quiso proteger la sabidur\u00eda de las regiones; le dol\u00eda cada sindicalista asesinado, cada campesino arrancado de su tierra y su familia, cada excombatiente abaleado en las narices de un Gobierno que oscila, como un p\u00e9ndulo fl\u00e1cido, entre la complicidad y la ineptitud.<\/p>\n<p class=\"font--secondary\">En los pueblos y en las juntas de acci\u00f3n comunal adoraban a Lucho, porque siempre fue genuino y respetuoso; mil veces les tendi\u00f3 la mano \u2014les tendi\u00f3 la vida\u2014 para disiparles las penumbras m\u00e1s oscuras e intentar suplir la secuencia de abandonos.<\/p>\n<p class=\"font--secondary\">Descansa en paz, Luchito. Finalmente y desde un principio, la paz siempre ha sido lo tuyo. No vamos a desistir, pero har\u00e1 mucha falta tu presencia serena en medio de esta jaur\u00eda, en esta tierra mal repartida, en este caos multipolar en el que no se cansan de escribir con torpeza y con sangre: \u201cDivide y reinar\u00e1s\u201d.<\/p>\n<p class=\"font--secondary\">\u00bfSabes? El viernes fui con unos amigos que iluminan el alma y el pensamiento a La Cueva, el emblem\u00e1tico lugar del grupo de Barranquilla, el de las tertulias del siglo pasado entre la imaginaci\u00f3n y la cultura, Garc\u00eda M\u00e1rquez, Alejandro Obreg\u00f3n, Grau y otros gigantes del Caribe.<\/p>\n<p class=\"font--secondary\">De repente, entre ese intangible de c\u00f3ndores y mariposas amarillas, un extra\u00f1o whiskey con naranja y los acordes del son cubano, se fue la luz. Encendieron las velas, di gracias por ti y me acord\u00e9 de Porfirio Barba Jacob y de su llama al viento, y que el viento la apag\u00f3.<\/p>\n<p class=\"font--secondary\">La nostalgia es mucho m\u00e1s duradera que la felicidad.<\/p>\n<p class=\"font--secondary\">Un mensaje de texto anunci\u00f3 tu velaci\u00f3n. Est\u00e1n equivocados, pens\u00e9: T\u00fa, el verdadero t\u00fa, jam\u00e1s cabr\u00edas en algo tan horrible como una funeraria. Alma libre. Alma buena. Alma de paz. Libraste cien batallas sin un arma y con sola bondad. Me parece o\u00edr tu risa de ni\u00f1o grande, mezclada con tus pasos de caminante. Oye\u2026 \u00bfllevaste tu historia, tu ruana y un bast\u00f3n para recorrer las veredas de la eternidad?<\/p>\n","protected":false},"excerpt":{"rendered":"<p>1 de marzo 2022. El Espectador Empiezo a escribir esta columna a 36.000 pies de altura. Miro con insistencia por la ventanilla del avi\u00f3n: el jueves muri\u00f3 Luis Ignacio Sandoval, Lucho, Luchito, y qui\u00e9n sabe\u2026 de repente anda por ah\u00ed&hellip;<\/p>\n","protected":false},"author":1897,"featured_media":1533683,"comment_status":"closed","ping_status":"closed","sticky":false,"template":"","format":"standard","meta":{"footnotes":""},"categories":[161,1243,67],"tags":[78568,30949,30,99749,99750,419,83092],"class_list":["post-1533682","post","type-post","status-publish","format-standard","has-post-thumbnail","hentry","category-opiniones","category-paz-desarme","category-sudamerica","tag-lahuelladeloslideres","tag-acuerdos-de-paz","tag-colombia","tag-lucho","tag-luis-ignacio-sandoval","tag-paz","tag-redepaz"],"yoast_head":"<!-- This site is optimized with the Yoast SEO plugin v27.1.1 - https:\/\/yoast.com\/product\/yoast-seo-wordpress\/ -->\n<title>Lucho<\/title>\n<meta name=\"description\" content=\"1 de marzo 2022. El Espectador Empiezo a escribir esta columna a 36.000 pies de altura. Miro con insistencia por la ventanilla del avi\u00f3n: el jueves muri\u00f3\" \/>\n<meta name=\"robots\" content=\"index, follow, max-snippet:-1, max-image-preview:large, max-video-preview:-1\" \/>\n<link rel=\"canonical\" href=\"https:\/\/www.pressenza.com\/es\/2022\/03\/lucho\/\" \/>\n<meta property=\"og:locale\" content=\"es_ES\" \/>\n<meta property=\"og:type\" content=\"article\" \/>\n<meta property=\"og:title\" content=\"Lucho\" \/>\n<meta property=\"og:description\" content=\"1 de marzo 2022. El Espectador Empiezo a escribir esta columna a 36.000 pies de altura. Miro con insistencia por la ventanilla del avi\u00f3n: el jueves muri\u00f3\" \/>\n<meta property=\"og:url\" content=\"https:\/\/www.pressenza.com\/es\/2022\/03\/lucho\/\" \/>\n<meta property=\"og:site_name\" content=\"Pressenza\" \/>\n<meta property=\"article:publisher\" content=\"https:\/\/www.facebook.com\/PressenzaItalia\" \/>\n<meta property=\"article:published_time\" content=\"2022-03-04T10:25:02+00:00\" \/>\n<meta property=\"og:image\" content=\"https:\/\/www.pressenza.com\/wp-content\/uploads\/2022\/03\/Lucho-Sandoval.jpg\" \/>\n\t<meta property=\"og:image:width\" content=\"882\" \/>\n\t<meta property=\"og:image:height\" content=\"662\" \/>\n\t<meta property=\"og:image:type\" content=\"image\/jpeg\" \/>\n<meta name=\"author\" content=\"Gloria Arias Nieto\" \/>\n<meta name=\"twitter:card\" content=\"summary_large_image\" \/>\n<meta name=\"twitter:creator\" content=\"@gloriariasnieto\" \/>\n<meta name=\"twitter:site\" content=\"@PressenzaIPA\" \/>\n<meta name=\"twitter:label1\" content=\"Escrito por\" \/>\n\t<meta name=\"twitter:data1\" content=\"Gloria Arias Nieto\" \/>\n\t<meta name=\"twitter:label2\" content=\"Tiempo de lectura\" \/>\n\t<meta name=\"twitter:data2\" content=\"3 minutos\" \/>\n<script type=\"application\/ld+json\" class=\"yoast-schema-graph\">{\"@context\":\"https:\/\/schema.org\",\"@graph\":[{\"@type\":\"Article\",\"@id\":\"https:\/\/www.pressenza.com\/es\/2022\/03\/lucho\/#article\",\"isPartOf\":{\"@id\":\"https:\/\/www.pressenza.com\/es\/2022\/03\/lucho\/\"},\"author\":{\"name\":\"Gloria Arias Nieto\",\"@id\":\"https:\/\/www.pressenza.com\/es\/#\/schema\/person\/476779c5c0c262f919761226ef961a29\"},\"headline\":\"Lucho\",\"datePublished\":\"2022-03-04T10:25:02+00:00\",\"mainEntityOfPage\":{\"@id\":\"https:\/\/www.pressenza.com\/es\/2022\/03\/lucho\/\"},\"wordCount\":661,\"publisher\":{\"@id\":\"https:\/\/www.pressenza.com\/es\/#organization\"},\"image\":{\"@id\":\"https:\/\/www.pressenza.com\/es\/2022\/03\/lucho\/#primaryimage\"},\"thumbnailUrl\":\"https:\/\/www.pressenza.com\/wp-content\/uploads\/2022\/03\/Lucho-Sandoval.jpg\",\"keywords\":[\"#LaHuellaDeLosLideres\",\"Acuerdos de Paz\",\"Colombia\",\"Lucho\",\"Luis Ignacio Sandoval\",\"Paz\",\"Redepaz\"],\"articleSection\":[\"Opiniones\",\"Paz y Desarme\",\"Sudam\u00e9rica\"],\"inLanguage\":\"es\"},{\"@type\":\"WebPage\",\"@id\":\"https:\/\/www.pressenza.com\/es\/2022\/03\/lucho\/\",\"url\":\"https:\/\/www.pressenza.com\/es\/2022\/03\/lucho\/\",\"name\":\"Lucho\",\"isPartOf\":{\"@id\":\"https:\/\/www.pressenza.com\/es\/#website\"},\"primaryImageOfPage\":{\"@id\":\"https:\/\/www.pressenza.com\/es\/2022\/03\/lucho\/#primaryimage\"},\"image\":{\"@id\":\"https:\/\/www.pressenza.com\/es\/2022\/03\/lucho\/#primaryimage\"},\"thumbnailUrl\":\"https:\/\/www.pressenza.com\/wp-content\/uploads\/2022\/03\/Lucho-Sandoval.jpg\",\"datePublished\":\"2022-03-04T10:25:02+00:00\",\"description\":\"1 de marzo 2022. El Espectador Empiezo a escribir esta columna a 36.000 pies de altura. Miro con insistencia por la ventanilla del avi\u00f3n: el jueves muri\u00f3\",\"breadcrumb\":{\"@id\":\"https:\/\/www.pressenza.com\/es\/2022\/03\/lucho\/#breadcrumb\"},\"inLanguage\":\"es\",\"potentialAction\":[{\"@type\":\"ReadAction\",\"target\":[\"https:\/\/www.pressenza.com\/es\/2022\/03\/lucho\/\"]}]},{\"@type\":\"ImageObject\",\"inLanguage\":\"es\",\"@id\":\"https:\/\/www.pressenza.com\/es\/2022\/03\/lucho\/#primaryimage\",\"url\":\"https:\/\/www.pressenza.com\/wp-content\/uploads\/2022\/03\/Lucho-Sandoval.jpg\",\"contentUrl\":\"https:\/\/www.pressenza.com\/wp-content\/uploads\/2022\/03\/Lucho-Sandoval.jpg\",\"width\":882,\"height\":662},{\"@type\":\"BreadcrumbList\",\"@id\":\"https:\/\/www.pressenza.com\/es\/2022\/03\/lucho\/#breadcrumb\",\"itemListElement\":[{\"@type\":\"ListItem\",\"position\":1,\"name\":\"Accueil\",\"item\":\"https:\/\/www.pressenza.com\/es\/\"},{\"@type\":\"ListItem\",\"position\":2,\"name\":\"Lucho\"}]},{\"@type\":\"WebSite\",\"@id\":\"https:\/\/www.pressenza.com\/es\/#website\",\"url\":\"https:\/\/www.pressenza.com\/es\/\",\"name\":\"Pressenza\",\"description\":\"International Press Agency\",\"publisher\":{\"@id\":\"https:\/\/www.pressenza.com\/es\/#organization\"},\"potentialAction\":[{\"@type\":\"SearchAction\",\"target\":{\"@type\":\"EntryPoint\",\"urlTemplate\":\"https:\/\/www.pressenza.com\/es\/?s={search_term_string}\"},\"query-input\":{\"@type\":\"PropertyValueSpecification\",\"valueRequired\":true,\"valueName\":\"search_term_string\"}}],\"inLanguage\":\"es\"},{\"@type\":\"Organization\",\"@id\":\"https:\/\/www.pressenza.com\/es\/#organization\",\"name\":\"Pressenza\",\"url\":\"https:\/\/www.pressenza.com\/es\/\",\"logo\":{\"@type\":\"ImageObject\",\"inLanguage\":\"es\",\"@id\":\"https:\/\/www.pressenza.com\/es\/#\/schema\/logo\/image\/\",\"url\":\"https:\/\/www.pressenza.com\/wp-content\/uploads\/2022\/10\/pressenza_logo_200x200.jpg\",\"contentUrl\":\"https:\/\/www.pressenza.com\/wp-content\/uploads\/2022\/10\/pressenza_logo_200x200.jpg\",\"width\":200,\"height\":200,\"caption\":\"Pressenza\"},\"image\":{\"@id\":\"https:\/\/www.pressenza.com\/es\/#\/schema\/logo\/image\/\"},\"sameAs\":[\"https:\/\/www.facebook.com\/PressenzaItalia\",\"https:\/\/x.com\/PressenzaIPA\"]},{\"@type\":\"Person\",\"@id\":\"https:\/\/www.pressenza.com\/es\/#\/schema\/person\/476779c5c0c262f919761226ef961a29\",\"name\":\"Gloria Arias Nieto\",\"description\":\"M\u00e9dica y periodista, columnista de El Espectador. Promotora de procesos de paz y reconciliaci\u00f3n. Miembro del movimiento Defendamos la Paz (DLP) @gloriariasnieto\",\"sameAs\":[\"https:\/\/x.com\/gloriariasnieto\"],\"url\":\"https:\/\/www.pressenza.com\/es\/author\/gloria-arias-nieto\/\"}]}<\/script>\n<!-- \/ Yoast SEO plugin. -->","yoast_head_json":{"title":"Lucho","description":"1 de marzo 2022. El Espectador Empiezo a escribir esta columna a 36.000 pies de altura. Miro con insistencia por la ventanilla del avi\u00f3n: el jueves muri\u00f3","robots":{"index":"index","follow":"follow","max-snippet":"max-snippet:-1","max-image-preview":"max-image-preview:large","max-video-preview":"max-video-preview:-1"},"canonical":"https:\/\/www.pressenza.com\/es\/2022\/03\/lucho\/","og_locale":"es_ES","og_type":"article","og_title":"Lucho","og_description":"1 de marzo 2022. El Espectador Empiezo a escribir esta columna a 36.000 pies de altura. Miro con insistencia por la ventanilla del avi\u00f3n: el jueves muri\u00f3","og_url":"https:\/\/www.pressenza.com\/es\/2022\/03\/lucho\/","og_site_name":"Pressenza","article_publisher":"https:\/\/www.facebook.com\/PressenzaItalia","article_published_time":"2022-03-04T10:25:02+00:00","og_image":[{"width":882,"height":662,"url":"https:\/\/www.pressenza.com\/wp-content\/uploads\/2022\/03\/Lucho-Sandoval.jpg","type":"image\/jpeg"}],"author":"Gloria Arias Nieto","twitter_card":"summary_large_image","twitter_creator":"@gloriariasnieto","twitter_site":"@PressenzaIPA","twitter_misc":{"Escrito por":"Gloria Arias Nieto","Tiempo de lectura":"3 minutos"},"schema":{"@context":"https:\/\/schema.org","@graph":[{"@type":"Article","@id":"https:\/\/www.pressenza.com\/es\/2022\/03\/lucho\/#article","isPartOf":{"@id":"https:\/\/www.pressenza.com\/es\/2022\/03\/lucho\/"},"author":{"name":"Gloria Arias Nieto","@id":"https:\/\/www.pressenza.com\/es\/#\/schema\/person\/476779c5c0c262f919761226ef961a29"},"headline":"Lucho","datePublished":"2022-03-04T10:25:02+00:00","mainEntityOfPage":{"@id":"https:\/\/www.pressenza.com\/es\/2022\/03\/lucho\/"},"wordCount":661,"publisher":{"@id":"https:\/\/www.pressenza.com\/es\/#organization"},"image":{"@id":"https:\/\/www.pressenza.com\/es\/2022\/03\/lucho\/#primaryimage"},"thumbnailUrl":"https:\/\/www.pressenza.com\/wp-content\/uploads\/2022\/03\/Lucho-Sandoval.jpg","keywords":["#LaHuellaDeLosLideres","Acuerdos de Paz","Colombia","Lucho","Luis Ignacio Sandoval","Paz","Redepaz"],"articleSection":["Opiniones","Paz y Desarme","Sudam\u00e9rica"],"inLanguage":"es"},{"@type":"WebPage","@id":"https:\/\/www.pressenza.com\/es\/2022\/03\/lucho\/","url":"https:\/\/www.pressenza.com\/es\/2022\/03\/lucho\/","name":"Lucho","isPartOf":{"@id":"https:\/\/www.pressenza.com\/es\/#website"},"primaryImageOfPage":{"@id":"https:\/\/www.pressenza.com\/es\/2022\/03\/lucho\/#primaryimage"},"image":{"@id":"https:\/\/www.pressenza.com\/es\/2022\/03\/lucho\/#primaryimage"},"thumbnailUrl":"https:\/\/www.pressenza.com\/wp-content\/uploads\/2022\/03\/Lucho-Sandoval.jpg","datePublished":"2022-03-04T10:25:02+00:00","description":"1 de marzo 2022. El Espectador Empiezo a escribir esta columna a 36.000 pies de altura. Miro con insistencia por la ventanilla del avi\u00f3n: el jueves muri\u00f3","breadcrumb":{"@id":"https:\/\/www.pressenza.com\/es\/2022\/03\/lucho\/#breadcrumb"},"inLanguage":"es","potentialAction":[{"@type":"ReadAction","target":["https:\/\/www.pressenza.com\/es\/2022\/03\/lucho\/"]}]},{"@type":"ImageObject","inLanguage":"es","@id":"https:\/\/www.pressenza.com\/es\/2022\/03\/lucho\/#primaryimage","url":"https:\/\/www.pressenza.com\/wp-content\/uploads\/2022\/03\/Lucho-Sandoval.jpg","contentUrl":"https:\/\/www.pressenza.com\/wp-content\/uploads\/2022\/03\/Lucho-Sandoval.jpg","width":882,"height":662},{"@type":"BreadcrumbList","@id":"https:\/\/www.pressenza.com\/es\/2022\/03\/lucho\/#breadcrumb","itemListElement":[{"@type":"ListItem","position":1,"name":"Accueil","item":"https:\/\/www.pressenza.com\/es\/"},{"@type":"ListItem","position":2,"name":"Lucho"}]},{"@type":"WebSite","@id":"https:\/\/www.pressenza.com\/es\/#website","url":"https:\/\/www.pressenza.com\/es\/","name":"Pressenza","description":"International Press Agency","publisher":{"@id":"https:\/\/www.pressenza.com\/es\/#organization"},"potentialAction":[{"@type":"SearchAction","target":{"@type":"EntryPoint","urlTemplate":"https:\/\/www.pressenza.com\/es\/?s={search_term_string}"},"query-input":{"@type":"PropertyValueSpecification","valueRequired":true,"valueName":"search_term_string"}}],"inLanguage":"es"},{"@type":"Organization","@id":"https:\/\/www.pressenza.com\/es\/#organization","name":"Pressenza","url":"https:\/\/www.pressenza.com\/es\/","logo":{"@type":"ImageObject","inLanguage":"es","@id":"https:\/\/www.pressenza.com\/es\/#\/schema\/logo\/image\/","url":"https:\/\/www.pressenza.com\/wp-content\/uploads\/2022\/10\/pressenza_logo_200x200.jpg","contentUrl":"https:\/\/www.pressenza.com\/wp-content\/uploads\/2022\/10\/pressenza_logo_200x200.jpg","width":200,"height":200,"caption":"Pressenza"},"image":{"@id":"https:\/\/www.pressenza.com\/es\/#\/schema\/logo\/image\/"},"sameAs":["https:\/\/www.facebook.com\/PressenzaItalia","https:\/\/x.com\/PressenzaIPA"]},{"@type":"Person","@id":"https:\/\/www.pressenza.com\/es\/#\/schema\/person\/476779c5c0c262f919761226ef961a29","name":"Gloria Arias Nieto","description":"M\u00e9dica y periodista, columnista de El Espectador. Promotora de procesos de paz y reconciliaci\u00f3n. Miembro del movimiento Defendamos la Paz (DLP) @gloriariasnieto","sameAs":["https:\/\/x.com\/gloriariasnieto"],"url":"https:\/\/www.pressenza.com\/es\/author\/gloria-arias-nieto\/"}]}},"place":"Bogot\u00e1, Colombia","original_article_url":"https:\/\/www.elespectador.com\/opinion\/columnistas\/gloria-arias-nieto\/lucho\/","_links":{"self":[{"href":"https:\/\/www.pressenza.com\/es\/wp-json\/wp\/v2\/posts\/1533682","targetHints":{"allow":["GET"]}}],"collection":[{"href":"https:\/\/www.pressenza.com\/es\/wp-json\/wp\/v2\/posts"}],"about":[{"href":"https:\/\/www.pressenza.com\/es\/wp-json\/wp\/v2\/types\/post"}],"author":[{"embeddable":true,"href":"https:\/\/www.pressenza.com\/es\/wp-json\/wp\/v2\/users\/1897"}],"replies":[{"embeddable":true,"href":"https:\/\/www.pressenza.com\/es\/wp-json\/wp\/v2\/comments?post=1533682"}],"version-history":[{"count":0,"href":"https:\/\/www.pressenza.com\/es\/wp-json\/wp\/v2\/posts\/1533682\/revisions"}],"wp:featuredmedia":[{"embeddable":true,"href":"https:\/\/www.pressenza.com\/es\/wp-json\/wp\/v2\/media\/1533683"}],"wp:attachment":[{"href":"https:\/\/www.pressenza.com\/es\/wp-json\/wp\/v2\/media?parent=1533682"}],"wp:term":[{"taxonomy":"category","embeddable":true,"href":"https:\/\/www.pressenza.com\/es\/wp-json\/wp\/v2\/categories?post=1533682"},{"taxonomy":"post_tag","embeddable":true,"href":"https:\/\/www.pressenza.com\/es\/wp-json\/wp\/v2\/tags?post=1533682"}],"curies":[{"name":"wp","href":"https:\/\/api.w.org\/{rel}","templated":true}]}}