{"id":1532507,"date":"2022-03-01T22:51:46","date_gmt":"2022-03-01T22:51:46","guid":{"rendered":"https:\/\/www.pressenza.com\/?p=1532507"},"modified":"2022-03-01T22:55:39","modified_gmt":"2022-03-01T22:55:39","slug":"la-paz-en-colombia-se-escribe-con-p-de-pacto-y-de-petro","status":"publish","type":"post","link":"https:\/\/www.pressenza.com\/es\/2022\/03\/la-paz-en-colombia-se-escribe-con-p-de-pacto-y-de-petro\/","title":{"rendered":"La paz en Colombia se escribe con P de Pacto y de Petro"},"content":{"rendered":"<h4><em>Se avecinan en Colombia elecciones legislativas y consultas interpartidistas para que las distintas coaliciones elijan a sus candidatos\/as para la compulsa presidencial de mayo pr\u00f3ximo.<\/em><\/h4>\n<p>La decisi\u00f3n popular revestir\u00e1 en esta ocasi\u00f3n un inter\u00e9s clave. Por un lado, las penurias sociales han alcanzado una cota dram\u00e1tica, llevando las pol\u00edticas del actual gobierno a m\u00e1s del 40% de los colombianos a la pobreza y a un gran sector poblacional a la inseguridad alimentaria, al desempleo, a la precarizaci\u00f3n laboral y a la indigencia.<\/p>\n<p>Por otra parte, el asesinato de l\u00edderes, lideresas sociales y ex combatientes desmovilizados, la migraci\u00f3n forzosa, la corrupci\u00f3n, las desigualdades y la falta de pacificaci\u00f3n real del pa\u00eds, a lo que se ha sumado una p\u00e9sima gesti\u00f3n sanitaria de la pandemia, abonan un malestar que presagia de manera fundada, que el pueblo podr\u00eda dirigir su esperanza a opciones de real transformaci\u00f3n pol\u00edtica.<\/p>\n<p>A la ocasi\u00f3n propicia se a\u00f1ade que las izquierdas y buena parte del progresismo han sabido salir de la fragmentaci\u00f3n y ofrecen una propuesta unificada a trav\u00e9s del Pacto Hist\u00f3rico. Propuesta que, de resultar con el mayor caudal de votos en los comicios parlamentarios del 13 de marzo, sin duda recibir\u00e1 el apoyo de todos los sectores sociales interesados en un cambio de rumbo para esta sufrida naci\u00f3n.<\/p>\n<p><strong>Con C de conservaci\u00f3n<\/strong><\/p>\n<p>Es predecible que la estrategia del poder concentrado sea dividir la base de sustentaci\u00f3n y la unidad alcanzada por el Pacto Hist\u00f3rico en apoyo a un proyecto transformador.<\/p>\n<p>Esto significa, de cara a las elecciones parlamentarias de marzo y, ante la imposibilidad de obtener mayor\u00edas propias, fragmentar la composici\u00f3n de las c\u00e1maras legislativas para bloquear medidas de fondo y obligar al gobierno progresista, en el caso de resultar electo, a efectuar concesiones.<\/p>\n<p>En relaci\u00f3n a las presidenciales, impedir el triunfo del Pacto Hist\u00f3rico en primera vuelta y posicionar a uno u otro contendor como alternativa \u201cdemocr\u00e1tica\u201d a un supuesto \u201ccaos\u201d.<\/p>\n<p>El candidato del uribismo, \u00d3scar Iv\u00e1n Zuluaga, ex ministro consejero y de Hacienda de \u00c1lvaro Uribe, est\u00e1 muy lejos de ofrecer garant\u00edas de \u00e9xito para la elite econ\u00f3mica. Su performance en las encuestas no llega al 10%.<\/p>\n<p>La derecha expl\u00edcita est\u00e1 representada en el Equipo por Colombia, coalici\u00f3n que cosecha actualmente alrededor de un 15%, menos de la mitad del Pacto Hist\u00f3rico, pero que podr\u00eda subir algo de concretarse una alianza de derechas con el Centro Democr\u00e1tico de Uribe y Zuluaga.<\/p>\n<p>Mientras que el empresario de la construcci\u00f3n Rodolfo Hern\u00e1ndez (76 a\u00f1os) avanza como el m\u00e1s votado de los independientes, enarbolando el viejo discurso de la anticorrupci\u00f3n. Por su parte, la Coalici\u00f3n Centro Esperanza, obtendr\u00eda de momento un respaldo cercano al 13%, seg\u00fan la \u00faltima encuesta CELAG.<\/p>\n<p>Es de esperar que recrudezca la campa\u00f1a sucia, basada en el miedo y la difamaci\u00f3n contra el Pacto Hist\u00f3rico y, en particular contra su principal candidato, Gustavo Petro, quien es se\u00f1alado como seguro ganador en la interna de su frente y primero en todas las encuestas para las presidenciales.<\/p>\n<p>Como es l\u00f3gico, luego de tanta traici\u00f3n electorera y decepci\u00f3n popular por las pr\u00e1cticas pol\u00edticas de las c\u00fapulas, el n\u00famero de aquellos que van a abstenerse, votar en blanco o a\u00fan no han decidido su voto, es y ser\u00e1 alto, impidiendo una certera predicci\u00f3n final.<\/p>\n<p><strong>Pueblo con P de paro, de progresismo y de Petro<\/strong><\/p>\n<p>Alentado por el intenso proceso de movilizaci\u00f3n social que inclin\u00f3 la balanza a favor de la paz, teniendo como hito central la consecuci\u00f3n de los Acuerdos firmados por el gobierno de Juan Manuel Santos con las FARC en 2016, el pueblo colombiano continu\u00f3 haci\u00e9ndose o\u00edr en las calles.<\/p>\n<p>En una <a href=\"https:\/\/www.cinep.org.co\/Home2\/movilizaciones-cinep-2016-2019\">investigaci\u00f3n<\/a> realizada por el Centro de Investigaci\u00f3n y Educaci\u00f3n Popular (Cinep), se se\u00f1ala que los principales motivos de las numerosas luchas sociales entre 2016 y 2019 han sido las reivindicaciones por mejores servicios sociales, el reclamo por pactos incumplidos, por derechos y con consignas espec\u00edficamente pol\u00edticas.<\/p>\n<p>Esta oleada confluy\u00f3 sin duda en el Paro Nacional de 2019, en el que el pueblo colombiano reaccion\u00f3 masivamente al paquete neoliberal de reformas laborales, tributarias y del r\u00e9gimen pensional y de seguridad social del gobierno de Duque, pero que incluy\u00f3 tambi\u00e9n otras demandas como la efectiva implementaci\u00f3n del Acuerdo de Paz y mecanismos para garantizar la vida, el cumplimiento de acuerdos anteriores con sectores del movimiento social, \u00e9tnico y comunitario y demandas ciudadanas relacionadas con la situaci\u00f3n de las mujeres, los j\u00f3venes y el cuidado medioambiental.<\/p>\n<p>Un reciente logro de esta marea transformadora es sin duda la aprobaci\u00f3n de la ley que permite el aborto, proceso social y pol\u00edtico que, de no mediar fraude o estratagemas de m\u00e1xima por parte de la derecha, deber\u00eda desembocar, tal como en el caso de Chile, en un triunfo de las fuerzas progresistas.<\/p>\n<p>Gustavo Petro, el candidato alrededor del cual se centrar\u00e1 la contienda electoral, actual senador y ex alcalde de Bogot\u00e1, cuenta con el precedente de haber concentrado en la segunda vuelta de 2018 un n\u00famero superior a los 8 millones de votos.<\/p>\n<p>A los 17 a\u00f1os comenz\u00f3 a militar en el Movimiento 19 de Abril (M-19), guerrilla que surgi\u00f3 en el marco del fraudulento triunfo del candidato conservador Misael Pastrana Borrero, \u00a0durante el \u00faltimo cuatrienio del Frente Nacional. Este pacto entre liberales y conservadores que tuvo vigencia entre 1958 y 1974 fue la estrategia urdida para proscribir opciones de cambio, en particular a los partidos de izquierda y al nacionalismo popular del general Gustavo Rojas Pinilla, de orientaci\u00f3n ideol\u00f3gica similar a Per\u00f3n y Getulio Vargas.<\/p>\n<p>Petro fue participante activo del proceso de Paz entre el M-19 y el gobierno del liberal Virgilio Barco, proceso que posteriormente fue sellado por la redacci\u00f3n de una Nueva Constituci\u00f3n Pol\u00edtica, redactada por una Asamblea Constituyente en 1991 y ratificada por el 86% de los votos.<\/p>\n<p>Estos antecedentes indican a las claras las pautas en las que podr\u00eda abrevar un per\u00edodo de gobierno encabezado por Petro. Por una parte, la vocaci\u00f3n inequ\u00edvoca de cumplimentar los Acuerdos de Paz de 2016, adem\u00e1s de dialogar con las facciones armadas activas para lograr una desmovilizaci\u00f3n justa con inclusi\u00f3n pol\u00edtica. Por otra, el restablecimiento de garant\u00edas democr\u00e1ticas para un sistema pol\u00edtico socavado por la corrupci\u00f3n, el nepotismo, la colusi\u00f3n de poderes del Estado, la represi\u00f3n, el narcotr\u00e1fico, la concentraci\u00f3n latifundista y financiera y la sombra omnipresente del \u00e1guila estadounidense carcomiendo todo intento de real soberan\u00eda nacional.<\/p>\n<p>Finalmente es de esperar que Petro, en virtud de sus ra\u00edces ideol\u00f3gicas, d\u00e9 un impulso a los derechos sociales, presentando fuertes afinidades con la senda emprendida por gobiernos nacional-populares como el de N\u00e9stor Kirchner o Cristina Fern\u00e1ndez en Argentina.<\/p>\n<p><strong>Con C de concentraci\u00f3n y conflicto<\/strong><\/p>\n<p>El origen del conflicto colombiano es la concentraci\u00f3n sin l\u00edmites de la riqueza junto a la apropiaci\u00f3n del poder pol\u00edtico por parte de las oligarqu\u00edas, impidiendo cualquier opci\u00f3n que posibilite la mejora de las condiciones de vida de los sectores despojados.<\/p>\n<p>Tal como lo se\u00f1al\u00e1ramos en el libro \u201cMemorias del Futuro\u201d: \u201c<em>Colombia ha sido desde su independencia como pa\u00eds un territorio de una enorme violencia f\u00edsica, econ\u00f3mica y psicol\u00f3gica. Asolado por un estado de guerra civil casi permanente, los terratenientes &#8211; descendientes de los exploradores-explotadores espa\u00f1oles de la \u00e9poca colonial &#8211;\u00a0 asumen las caracter\u00edsticas de se\u00f1ores feudales, formando milicias paramilitares para defender su propiedad o conquistar la ajena. <\/em><\/p>\n<p><em>La formalidad pol\u00edtica sirvi\u00f3 a esos latifundios llegando al sistema de \u201cbipartido \u00fanico\u201d conservador-liberal, en ocasiones fuertemente enfrentados, pero siempre unidos cuando de excluir a otros se trat\u00f3, sobre todo a los que pusieran en peligro ese estado de cosas. As\u00ed, en los a\u00f1os 50\u2019, luego del asesinato del l\u00edder progresista Gait\u00e1n y despu\u00e9s de la dictadura nacional-reformista de Rojas Pinilla, el \u201cbipartido \u00fanico\u201d toma las riendas que ya no soltar\u00eda hasta nuestra \u00e9poca.<\/em>\u201d<a href=\"#_ftn1\" name=\"_ftnref1\">[1]<\/a><\/p>\n<p>Esta nefasta alianza de intereses se cristalizar\u00eda adem\u00e1s en la generaci\u00f3n de un relato medi\u00e1tico hegem\u00f3nico apoyado en un sistema de medios de una <a href=\"https:\/\/www.laorejaroja.com\/los-duenos-de-los-medios-de-comunicacion-y-de-las-grandes-empresas-en-colombia1\/\">concentraci\u00f3n<\/a> absoluta. Sus contenidos son compuestos, como es habitual en este tipo de veh\u00edculos de propaganda y consumo, por la distracci\u00f3n fr\u00edvola junto a la promoci\u00f3n descarada de alternativas pol\u00edticas conservadoras.<\/p>\n<p>Los tres propietarios de los principales conglomerados medi\u00e1ticos del pa\u00eds son, seg\u00fan la revista Forbes, los tres hombres m\u00e1s ricos del pa\u00eds. En el primer caso, <a href=\"https:\/\/colombia.mom-rsf.org\/es\/proprietarios\/propietarios-individuales\/detail\/owner\/owner\/show\/luis-carlos-sarmiento-angulo\/\">Luis Carlos Sarmiento<\/a>, due\u00f1o de alrededor de 27 medios de comunicaci\u00f3n y m\u00e1s de 6 grupos financieros. En segundo lugar, el fallecido magnate <a href=\"https:\/\/colombia.mom-rsf.org\/es\/proprietarios\/propietarios-individuales\/detail\/owner\/owner\/show\/carlos-ardila-luelle\/\">Carlos Ardila L\u00fcle<\/a>, due\u00f1o de siete medios de comunicaci\u00f3n y de m\u00e1s de 10 organizaciones empresariales. En cuanto al tercero, el empresario <a href=\"https:\/\/colombia.mom-rsf.org\/es\/proprietarios\/propietarios-individuales\/detail\/owner\/owner\/show\/alejandro-santo-domingo-davila\/\">Santo Domingo<\/a>, propietario de 4 medios de comunicaci\u00f3n y 5 empresas.<\/p>\n<p>\u00bfPuede alguien dudar de la inmensa ofensiva medi\u00e1tica que desatar\u00e1n contra Gustavo Petro o las \u201cl\u00edneas rojas\u201d con las que intentar\u00e1n limitar la aspiraci\u00f3n popular de transformaci\u00f3n que encarna?<\/p>\n<p><strong>Paz verdadera o Pax americana<\/strong><\/p>\n<p>Colombia es el principal receptor regional de fondos del gobierno estadounidense. En 2020, esa \u201casistencia\u201d alcanz\u00f3 los 813 millones de d\u00f3lares,<a href=\"#_ftn2\" name=\"_ftnref2\">[2]<\/a> canalizados mayoritariamente en programas del Departamento de Estado y la USAID y, en menor medida, por el Departamento de Defensa. La naci\u00f3n suramericana ha ostentado de manera casi permanente en los \u00faltimos 20 a\u00f1os esta <em>pole position<\/em><a href=\"#_ftn3\" name=\"_ftnref3\">[3]<\/a> que, obviamente, no es fortuita ni desinteresada.<\/p>\n<p>En palabras del reciente informe \u201cUn plan para la recuperaci\u00f3n de Colombia del COVID y por qu\u00e9 interesa a los Estados Unidos\u201d, producido por el Atlantic Council<a href=\"#_ftn4\" name=\"_ftnref4\">[4]<\/a>: \u201c<em>Hist\u00f3ricamente, Colombia ha sido un aliado indispensable, que ha servido de ancla para las relaciones de Estados Unidos en Am\u00e9rica Latina y el Caribe (ALC) y ha colaborado con Estados Unidos para atender las necesidades regionales y globales.<\/em>\u201d<\/p>\n<p>Son innumerables, desde la fundaci\u00f3n misma de la OEA como brazo de injerencia de EEUU en Am\u00e9rica Latina y el Caribe en 1948 en Bogot\u00e1, los servicios prestados por Colombia a la estrategia pol\u00edtica de la potencia del Norte.<\/p>\n<p>Entre los m\u00e1s recientes, baste citar la enfermiza obsesi\u00f3n de obrar como punta de lanza del asedio al gobierno de Nicol\u00e1s Maduro, participar en maniobras militares conjuntas, recibir la frecuente visita de jefes (ahora jefa) del Comando Sur o actuar desde 2017 con el estatus de socio global como cabeza de playa para el desembarco en Latinoam\u00e9rica de la Organizaci\u00f3n del Tratado del Atl\u00e1ntico Norte (OTAN).<\/p>\n<p>Desde ese rol tan ofensivo como peligroso de ser el \u00fanico estado latinoamericano asociado, el actual mandatario colombiano visit\u00f3 el 14 de febrero el cuartel general de la organizaci\u00f3n b\u00e9lica, reuni\u00e9ndose con su secretario general Jens Stoltenberg. De all\u00ed que a nadie sorprendi\u00f3 cuando pocos d\u00edas despu\u00e9s, al comenzar las acciones armadas de Rusia en territorio ucraniano, Duque manifestara que Colombia va a acompa\u00f1ar \u201ctodas las sanciones que amerita esta situaci\u00f3n que busca alterar la paz mundial\u2026\u201d.<\/p>\n<p>Por esta ubicaci\u00f3n servil del pa\u00eds a los designios de la pol\u00edtica exterior estadounidense, es que en la p\u00e1gina 5 del <a href=\"https:\/\/www.atlanticcouncil.org\/in-depth-research-reports\/report\/a-plan-for-colombias-covid-recovery-and-why-it-matters-for-the-united-states\/#executive-summary\">informe<\/a> citado, puede leerse la preocupaci\u00f3n de la Task Force Colombia (as\u00ed figura la autor\u00eda) del Consejo atlantista: \u201c<em>la actual polarizaci\u00f3n pol\u00edtica y social, alimentada por las protestas, podr\u00eda conducir a una ca\u00edda precipitada de la confianza en las instituciones democr\u00e1ticas. Esto, junto con el creciente antagonismo evidenciado entre sectores de la poblaci\u00f3n civil y el gobierno, tendr\u00e1 efectos duraderos con implicaciones importantes para las pr\u00f3ximas elecciones presidenciales de Colombia en 2022<\/em>\u201d. Es decir, la ca\u00edda del gobierno derechista, de sumisi\u00f3n total a Washington.<\/p>\n<p>En el actual contexto geopol\u00edtico de polarizaci\u00f3n entre un imperio decadente y el avance de nuevas potencias emergentes en el Oriente y dada la relaci\u00f3n simbi\u00f3tica y dependiente de la pol\u00edtica exterior de Colombia con los Estados Unidos, la gran pregunta que cabe hacerse es si un eventual gobierno de Petro podr\u00e1 desalinearse, en qu\u00e9 grado y de qu\u00e9 manera.<\/p>\n<p>Tal actitud, deseable, acaso dif\u00edcil pero en absoluto descabellada, har\u00eda que Colombia pudiera engrosar el eje M\u00e9xico-Argentina, al que probablemente se sume tambi\u00e9n Chile, fortalecer\u00eda a la CELAC como principal foro de concertaci\u00f3n en Am\u00e9rica Latina y el Caribe, ayudar\u00eda a disminuir la injerencia y a aumentar la integraci\u00f3n y la autodeterminaci\u00f3n de la regi\u00f3n. Este tipo de postura colaborar\u00eda con la premisa de Zona de Paz alcanzada en 2014 en el marco de la II Cumbre de la CELAC en La Habana.<\/p>\n<p>Esa posibilidad es, sin duda, una excelente raz\u00f3n para que as\u00ed sea.<\/p>\n<p><strong>Notas<\/strong>:<\/p>\n<p><a href=\"#_ftnref1\" name=\"_ftn1\">[1]<\/a> Tolcachier, J. Memorias del Futuro. Virtual Ediciones. (2008) Santiago de Chile. Chile<\/p>\n<p><a href=\"#_ftnref2\" name=\"_ftn2\">[2]<\/a> Fuente: <a href=\"https:\/\/foreignassistance.gov\/cd\/colombia\/\">https:\/\/foreignassistance.gov\/cd\/colombia\/<\/a><\/p>\n<p><a href=\"#_ftnref3\" name=\"_ftn3\">[3]<\/a> Salvo en 2011 y en 2016, en los que el principal receptor fue Hait\u00ed y en 2013, donde Colombia ranque\u00f3 detr\u00e1s de M\u00e9xico.<\/p>\n<p><a href=\"#_ftnref4\" name=\"_ftn4\">[4]<\/a> El Atlantic Council, fundado en 1961 en el marco de la Guerra Fr\u00eda, es un think tank promotor de las pol\u00edticas expansionistas estadounidenses, que cuenta entre sus directores a dos ex secretarios de Estado: Henry Kissinger y Thomas Pickering. Ver nota en P\u00e1gina 12 \u201c<a href=\"https:\/\/www.pagina12.com.ar\/141841-un-think-tank-de-estrechos-lazos-con-la-otan\">Un think tank de estrechos lazos con la OTAN<\/a>\u201d<\/p>\n","protected":false},"excerpt":{"rendered":"<p>Se avecinan en Colombia elecciones legislativas y consultas interpartidistas para que las distintas coaliciones elijan a sus candidatos\/as para la compulsa presidencial de mayo pr\u00f3ximo. La decisi\u00f3n popular revestir\u00e1 en esta ocasi\u00f3n un inter\u00e9s clave. Por un lado, las penurias&hellip;<\/p>\n","protected":false},"author":970,"featured_media":1532508,"comment_status":"closed","ping_status":"closed","sticky":false,"template":"","format":"standard","meta":{"footnotes":""},"categories":[11389,161,74,67],"tags":[30,696,403,9587],"class_list":["post-1532507","post","type-post","status-publish","format-standard","has-post-thumbnail","hentry","category-contenido-original","category-opiniones","category-politica-es","category-sudamerica","tag-colombia","tag-democracia","tag-elecciones","tag-petro-es"],"yoast_head":"<!-- This site is optimized with the Yoast SEO plugin v27.1.1 - https:\/\/yoast.com\/product\/yoast-seo-wordpress\/ -->\n<title>La paz en Colombia se escribe con P de Pacto y de Petro<\/title>\n<meta name=\"description\" content=\"Se avecinan en Colombia elecciones legislativas y consultas interpartidistas para que las distintas coaliciones elijan a sus candidatos\/as para la compulsa presidencial de mayo pr\u00f3ximo\" \/>\n<meta name=\"robots\" content=\"index, follow, max-snippet:-1, max-image-preview:large, max-video-preview:-1\" \/>\n<link rel=\"canonical\" href=\"https:\/\/www.pressenza.com\/es\/2022\/03\/la-paz-en-colombia-se-escribe-con-p-de-pacto-y-de-petro\/\" \/>\n<meta property=\"og:locale\" content=\"es_ES\" \/>\n<meta property=\"og:type\" content=\"article\" \/>\n<meta property=\"og:title\" content=\"La paz en Colombia se escribe con P de Pacto y de Petro\" \/>\n<meta property=\"og:description\" content=\"Se avecinan en Colombia elecciones legislativas y consultas interpartidistas para que las distintas coaliciones elijan a sus candidatos\/as para la compulsa presidencial de mayo pr\u00f3ximo\" \/>\n<meta property=\"og:url\" content=\"https:\/\/www.pressenza.com\/es\/2022\/03\/la-paz-en-colombia-se-escribe-con-p-de-pacto-y-de-petro\/\" \/>\n<meta property=\"og:site_name\" content=\"Pressenza\" \/>\n<meta property=\"article:publisher\" content=\"https:\/\/www.facebook.com\/PressenzaItalia\" \/>\n<meta property=\"article:author\" content=\"https:\/\/www.facebook.com\/javier.tolcachier?fref=ts\" \/>\n<meta property=\"article:published_time\" content=\"2022-03-01T22:51:46+00:00\" \/>\n<meta property=\"article:modified_time\" content=\"2022-03-01T22:55:39+00:00\" \/>\n<meta property=\"og:image\" content=\"https:\/\/www.pressenza.com\/wp-content\/uploads\/2022\/03\/Foto_Paro_Colombia.jpeg\" \/>\n\t<meta property=\"og:image:width\" content=\"750\" \/>\n\t<meta property=\"og:image:height\" content=\"422\" \/>\n\t<meta property=\"og:image:type\" content=\"image\/jpeg\" \/>\n<meta name=\"author\" content=\"Javier Tolcachier\" \/>\n<meta name=\"twitter:card\" content=\"summary_large_image\" \/>\n<meta name=\"twitter:creator\" content=\"@jtolcachier\" \/>\n<meta name=\"twitter:site\" content=\"@PressenzaIPA\" \/>\n<meta name=\"twitter:label1\" content=\"Escrito por\" \/>\n\t<meta name=\"twitter:data1\" content=\"Javier Tolcachier\" \/>\n\t<meta name=\"twitter:label2\" content=\"Tiempo de lectura\" \/>\n\t<meta name=\"twitter:data2\" content=\"11 minutos\" \/>\n<script type=\"application\/ld+json\" class=\"yoast-schema-graph\">{\"@context\":\"https:\/\/schema.org\",\"@graph\":[{\"@type\":\"Article\",\"@id\":\"https:\/\/www.pressenza.com\/es\/2022\/03\/la-paz-en-colombia-se-escribe-con-p-de-pacto-y-de-petro\/#article\",\"isPartOf\":{\"@id\":\"https:\/\/www.pressenza.com\/es\/2022\/03\/la-paz-en-colombia-se-escribe-con-p-de-pacto-y-de-petro\/\"},\"author\":{\"name\":\"Javier Tolcachier\",\"@id\":\"https:\/\/www.pressenza.com\/es\/#\/schema\/person\/f353f6d4eed144101dedba60e6227564\"},\"headline\":\"La paz en Colombia se escribe con P de Pacto y de Petro\",\"datePublished\":\"2022-03-01T22:51:46+00:00\",\"dateModified\":\"2022-03-01T22:55:39+00:00\",\"mainEntityOfPage\":{\"@id\":\"https:\/\/www.pressenza.com\/es\/2022\/03\/la-paz-en-colombia-se-escribe-con-p-de-pacto-y-de-petro\/\"},\"wordCount\":2310,\"publisher\":{\"@id\":\"https:\/\/www.pressenza.com\/es\/#organization\"},\"image\":{\"@id\":\"https:\/\/www.pressenza.com\/es\/2022\/03\/la-paz-en-colombia-se-escribe-con-p-de-pacto-y-de-petro\/#primaryimage\"},\"thumbnailUrl\":\"https:\/\/www.pressenza.com\/wp-content\/uploads\/2022\/03\/Foto_Paro_Colombia.jpeg\",\"keywords\":[\"Colombia\",\"Democracia\",\"elecciones\",\"Petro\"],\"articleSection\":[\"Contenido Original\",\"Opiniones\",\"Pol\u00edtica\",\"Sudam\u00e9rica\"],\"inLanguage\":\"es\"},{\"@type\":\"WebPage\",\"@id\":\"https:\/\/www.pressenza.com\/es\/2022\/03\/la-paz-en-colombia-se-escribe-con-p-de-pacto-y-de-petro\/\",\"url\":\"https:\/\/www.pressenza.com\/es\/2022\/03\/la-paz-en-colombia-se-escribe-con-p-de-pacto-y-de-petro\/\",\"name\":\"La paz en Colombia se escribe con P de Pacto y de Petro\",\"isPartOf\":{\"@id\":\"https:\/\/www.pressenza.com\/es\/#website\"},\"primaryImageOfPage\":{\"@id\":\"https:\/\/www.pressenza.com\/es\/2022\/03\/la-paz-en-colombia-se-escribe-con-p-de-pacto-y-de-petro\/#primaryimage\"},\"image\":{\"@id\":\"https:\/\/www.pressenza.com\/es\/2022\/03\/la-paz-en-colombia-se-escribe-con-p-de-pacto-y-de-petro\/#primaryimage\"},\"thumbnailUrl\":\"https:\/\/www.pressenza.com\/wp-content\/uploads\/2022\/03\/Foto_Paro_Colombia.jpeg\",\"datePublished\":\"2022-03-01T22:51:46+00:00\",\"dateModified\":\"2022-03-01T22:55:39+00:00\",\"description\":\"Se avecinan en Colombia elecciones legislativas y consultas interpartidistas para que las distintas coaliciones elijan a sus candidatos\/as para la compulsa presidencial de mayo pr\u00f3ximo\",\"breadcrumb\":{\"@id\":\"https:\/\/www.pressenza.com\/es\/2022\/03\/la-paz-en-colombia-se-escribe-con-p-de-pacto-y-de-petro\/#breadcrumb\"},\"inLanguage\":\"es\",\"potentialAction\":[{\"@type\":\"ReadAction\",\"target\":[\"https:\/\/www.pressenza.com\/es\/2022\/03\/la-paz-en-colombia-se-escribe-con-p-de-pacto-y-de-petro\/\"]}]},{\"@type\":\"ImageObject\",\"inLanguage\":\"es\",\"@id\":\"https:\/\/www.pressenza.com\/es\/2022\/03\/la-paz-en-colombia-se-escribe-con-p-de-pacto-y-de-petro\/#primaryimage\",\"url\":\"https:\/\/www.pressenza.com\/wp-content\/uploads\/2022\/03\/Foto_Paro_Colombia.jpeg\",\"contentUrl\":\"https:\/\/www.pressenza.com\/wp-content\/uploads\/2022\/03\/Foto_Paro_Colombia.jpeg\",\"width\":750,\"height\":422,\"caption\":\"La paz en Colombia se escribe con P de Pacto y de Petro\"},{\"@type\":\"BreadcrumbList\",\"@id\":\"https:\/\/www.pressenza.com\/es\/2022\/03\/la-paz-en-colombia-se-escribe-con-p-de-pacto-y-de-petro\/#breadcrumb\",\"itemListElement\":[{\"@type\":\"ListItem\",\"position\":1,\"name\":\"Accueil\",\"item\":\"https:\/\/www.pressenza.com\/es\/\"},{\"@type\":\"ListItem\",\"position\":2,\"name\":\"La paz en Colombia se escribe con P de Pacto y de Petro\"}]},{\"@type\":\"WebSite\",\"@id\":\"https:\/\/www.pressenza.com\/es\/#website\",\"url\":\"https:\/\/www.pressenza.com\/es\/\",\"name\":\"Pressenza\",\"description\":\"International Press Agency\",\"publisher\":{\"@id\":\"https:\/\/www.pressenza.com\/es\/#organization\"},\"potentialAction\":[{\"@type\":\"SearchAction\",\"target\":{\"@type\":\"EntryPoint\",\"urlTemplate\":\"https:\/\/www.pressenza.com\/es\/?s={search_term_string}\"},\"query-input\":{\"@type\":\"PropertyValueSpecification\",\"valueRequired\":true,\"valueName\":\"search_term_string\"}}],\"inLanguage\":\"es\"},{\"@type\":\"Organization\",\"@id\":\"https:\/\/www.pressenza.com\/es\/#organization\",\"name\":\"Pressenza\",\"url\":\"https:\/\/www.pressenza.com\/es\/\",\"logo\":{\"@type\":\"ImageObject\",\"inLanguage\":\"es\",\"@id\":\"https:\/\/www.pressenza.com\/es\/#\/schema\/logo\/image\/\",\"url\":\"https:\/\/www.pressenza.com\/wp-content\/uploads\/2022\/10\/pressenza_logo_200x200.jpg\",\"contentUrl\":\"https:\/\/www.pressenza.com\/wp-content\/uploads\/2022\/10\/pressenza_logo_200x200.jpg\",\"width\":200,\"height\":200,\"caption\":\"Pressenza\"},\"image\":{\"@id\":\"https:\/\/www.pressenza.com\/es\/#\/schema\/logo\/image\/\"},\"sameAs\":[\"https:\/\/www.facebook.com\/PressenzaItalia\",\"https:\/\/x.com\/PressenzaIPA\"]},{\"@type\":\"Person\",\"@id\":\"https:\/\/www.pressenza.com\/es\/#\/schema\/person\/f353f6d4eed144101dedba60e6227564\",\"name\":\"Javier Tolcachier\",\"description\":\"Javier Tolcachier is a researcher from the World Centre of Humanist Studies, an organism of the Humanist Movement. Mail: javiertolcachier@disroot.org Twitter: @jtolcachier\",\"sameAs\":[\"https:\/\/www.facebook.com\/javier.tolcachier?fref=ts\",\"https:\/\/x.com\/jtolcachier\"],\"url\":\"https:\/\/www.pressenza.com\/es\/author\/javier-tolcachier\/\"}]}<\/script>\n<!-- \/ Yoast SEO plugin. -->","yoast_head_json":{"title":"La paz en Colombia se escribe con P de Pacto y de Petro","description":"Se avecinan en Colombia elecciones legislativas y consultas interpartidistas para que las distintas coaliciones elijan a sus candidatos\/as para la compulsa presidencial de mayo pr\u00f3ximo","robots":{"index":"index","follow":"follow","max-snippet":"max-snippet:-1","max-image-preview":"max-image-preview:large","max-video-preview":"max-video-preview:-1"},"canonical":"https:\/\/www.pressenza.com\/es\/2022\/03\/la-paz-en-colombia-se-escribe-con-p-de-pacto-y-de-petro\/","og_locale":"es_ES","og_type":"article","og_title":"La paz en Colombia se escribe con P de Pacto y de Petro","og_description":"Se avecinan en Colombia elecciones legislativas y consultas interpartidistas para que las distintas coaliciones elijan a sus candidatos\/as para la compulsa presidencial de mayo pr\u00f3ximo","og_url":"https:\/\/www.pressenza.com\/es\/2022\/03\/la-paz-en-colombia-se-escribe-con-p-de-pacto-y-de-petro\/","og_site_name":"Pressenza","article_publisher":"https:\/\/www.facebook.com\/PressenzaItalia","article_author":"https:\/\/www.facebook.com\/javier.tolcachier?fref=ts","article_published_time":"2022-03-01T22:51:46+00:00","article_modified_time":"2022-03-01T22:55:39+00:00","og_image":[{"width":750,"height":422,"url":"https:\/\/www.pressenza.com\/wp-content\/uploads\/2022\/03\/Foto_Paro_Colombia.jpeg","type":"image\/jpeg"}],"author":"Javier Tolcachier","twitter_card":"summary_large_image","twitter_creator":"@jtolcachier","twitter_site":"@PressenzaIPA","twitter_misc":{"Escrito por":"Javier Tolcachier","Tiempo de lectura":"11 minutos"},"schema":{"@context":"https:\/\/schema.org","@graph":[{"@type":"Article","@id":"https:\/\/www.pressenza.com\/es\/2022\/03\/la-paz-en-colombia-se-escribe-con-p-de-pacto-y-de-petro\/#article","isPartOf":{"@id":"https:\/\/www.pressenza.com\/es\/2022\/03\/la-paz-en-colombia-se-escribe-con-p-de-pacto-y-de-petro\/"},"author":{"name":"Javier Tolcachier","@id":"https:\/\/www.pressenza.com\/es\/#\/schema\/person\/f353f6d4eed144101dedba60e6227564"},"headline":"La paz en Colombia se escribe con P de Pacto y de Petro","datePublished":"2022-03-01T22:51:46+00:00","dateModified":"2022-03-01T22:55:39+00:00","mainEntityOfPage":{"@id":"https:\/\/www.pressenza.com\/es\/2022\/03\/la-paz-en-colombia-se-escribe-con-p-de-pacto-y-de-petro\/"},"wordCount":2310,"publisher":{"@id":"https:\/\/www.pressenza.com\/es\/#organization"},"image":{"@id":"https:\/\/www.pressenza.com\/es\/2022\/03\/la-paz-en-colombia-se-escribe-con-p-de-pacto-y-de-petro\/#primaryimage"},"thumbnailUrl":"https:\/\/www.pressenza.com\/wp-content\/uploads\/2022\/03\/Foto_Paro_Colombia.jpeg","keywords":["Colombia","Democracia","elecciones","Petro"],"articleSection":["Contenido Original","Opiniones","Pol\u00edtica","Sudam\u00e9rica"],"inLanguage":"es"},{"@type":"WebPage","@id":"https:\/\/www.pressenza.com\/es\/2022\/03\/la-paz-en-colombia-se-escribe-con-p-de-pacto-y-de-petro\/","url":"https:\/\/www.pressenza.com\/es\/2022\/03\/la-paz-en-colombia-se-escribe-con-p-de-pacto-y-de-petro\/","name":"La paz en Colombia se escribe con P de Pacto y de Petro","isPartOf":{"@id":"https:\/\/www.pressenza.com\/es\/#website"},"primaryImageOfPage":{"@id":"https:\/\/www.pressenza.com\/es\/2022\/03\/la-paz-en-colombia-se-escribe-con-p-de-pacto-y-de-petro\/#primaryimage"},"image":{"@id":"https:\/\/www.pressenza.com\/es\/2022\/03\/la-paz-en-colombia-se-escribe-con-p-de-pacto-y-de-petro\/#primaryimage"},"thumbnailUrl":"https:\/\/www.pressenza.com\/wp-content\/uploads\/2022\/03\/Foto_Paro_Colombia.jpeg","datePublished":"2022-03-01T22:51:46+00:00","dateModified":"2022-03-01T22:55:39+00:00","description":"Se avecinan en Colombia elecciones legislativas y consultas interpartidistas para que las distintas coaliciones elijan a sus candidatos\/as para la compulsa presidencial de mayo pr\u00f3ximo","breadcrumb":{"@id":"https:\/\/www.pressenza.com\/es\/2022\/03\/la-paz-en-colombia-se-escribe-con-p-de-pacto-y-de-petro\/#breadcrumb"},"inLanguage":"es","potentialAction":[{"@type":"ReadAction","target":["https:\/\/www.pressenza.com\/es\/2022\/03\/la-paz-en-colombia-se-escribe-con-p-de-pacto-y-de-petro\/"]}]},{"@type":"ImageObject","inLanguage":"es","@id":"https:\/\/www.pressenza.com\/es\/2022\/03\/la-paz-en-colombia-se-escribe-con-p-de-pacto-y-de-petro\/#primaryimage","url":"https:\/\/www.pressenza.com\/wp-content\/uploads\/2022\/03\/Foto_Paro_Colombia.jpeg","contentUrl":"https:\/\/www.pressenza.com\/wp-content\/uploads\/2022\/03\/Foto_Paro_Colombia.jpeg","width":750,"height":422,"caption":"La paz en Colombia se escribe con P de Pacto y de Petro"},{"@type":"BreadcrumbList","@id":"https:\/\/www.pressenza.com\/es\/2022\/03\/la-paz-en-colombia-se-escribe-con-p-de-pacto-y-de-petro\/#breadcrumb","itemListElement":[{"@type":"ListItem","position":1,"name":"Accueil","item":"https:\/\/www.pressenza.com\/es\/"},{"@type":"ListItem","position":2,"name":"La paz en Colombia se escribe con P de Pacto y de Petro"}]},{"@type":"WebSite","@id":"https:\/\/www.pressenza.com\/es\/#website","url":"https:\/\/www.pressenza.com\/es\/","name":"Pressenza","description":"International Press Agency","publisher":{"@id":"https:\/\/www.pressenza.com\/es\/#organization"},"potentialAction":[{"@type":"SearchAction","target":{"@type":"EntryPoint","urlTemplate":"https:\/\/www.pressenza.com\/es\/?s={search_term_string}"},"query-input":{"@type":"PropertyValueSpecification","valueRequired":true,"valueName":"search_term_string"}}],"inLanguage":"es"},{"@type":"Organization","@id":"https:\/\/www.pressenza.com\/es\/#organization","name":"Pressenza","url":"https:\/\/www.pressenza.com\/es\/","logo":{"@type":"ImageObject","inLanguage":"es","@id":"https:\/\/www.pressenza.com\/es\/#\/schema\/logo\/image\/","url":"https:\/\/www.pressenza.com\/wp-content\/uploads\/2022\/10\/pressenza_logo_200x200.jpg","contentUrl":"https:\/\/www.pressenza.com\/wp-content\/uploads\/2022\/10\/pressenza_logo_200x200.jpg","width":200,"height":200,"caption":"Pressenza"},"image":{"@id":"https:\/\/www.pressenza.com\/es\/#\/schema\/logo\/image\/"},"sameAs":["https:\/\/www.facebook.com\/PressenzaItalia","https:\/\/x.com\/PressenzaIPA"]},{"@type":"Person","@id":"https:\/\/www.pressenza.com\/es\/#\/schema\/person\/f353f6d4eed144101dedba60e6227564","name":"Javier Tolcachier","description":"Javier Tolcachier is a researcher from the World Centre of Humanist Studies, an organism of the Humanist Movement. Mail: javiertolcachier@disroot.org Twitter: @jtolcachier","sameAs":["https:\/\/www.facebook.com\/javier.tolcachier?fref=ts","https:\/\/x.com\/jtolcachier"],"url":"https:\/\/www.pressenza.com\/es\/author\/javier-tolcachier\/"}]}},"place":"","original_article_url":"","_links":{"self":[{"href":"https:\/\/www.pressenza.com\/es\/wp-json\/wp\/v2\/posts\/1532507","targetHints":{"allow":["GET"]}}],"collection":[{"href":"https:\/\/www.pressenza.com\/es\/wp-json\/wp\/v2\/posts"}],"about":[{"href":"https:\/\/www.pressenza.com\/es\/wp-json\/wp\/v2\/types\/post"}],"author":[{"embeddable":true,"href":"https:\/\/www.pressenza.com\/es\/wp-json\/wp\/v2\/users\/970"}],"replies":[{"embeddable":true,"href":"https:\/\/www.pressenza.com\/es\/wp-json\/wp\/v2\/comments?post=1532507"}],"version-history":[{"count":0,"href":"https:\/\/www.pressenza.com\/es\/wp-json\/wp\/v2\/posts\/1532507\/revisions"}],"wp:featuredmedia":[{"embeddable":true,"href":"https:\/\/www.pressenza.com\/es\/wp-json\/wp\/v2\/media\/1532508"}],"wp:attachment":[{"href":"https:\/\/www.pressenza.com\/es\/wp-json\/wp\/v2\/media?parent=1532507"}],"wp:term":[{"taxonomy":"category","embeddable":true,"href":"https:\/\/www.pressenza.com\/es\/wp-json\/wp\/v2\/categories?post=1532507"},{"taxonomy":"post_tag","embeddable":true,"href":"https:\/\/www.pressenza.com\/es\/wp-json\/wp\/v2\/tags?post=1532507"}],"curies":[{"name":"wp","href":"https:\/\/api.w.org\/{rel}","templated":true}]}}