{"id":1531277,"date":"2022-02-28T21:45:06","date_gmt":"2022-02-28T21:45:06","guid":{"rendered":"https:\/\/www.pressenza.com\/?p=1531277"},"modified":"2022-02-27T21:58:20","modified_gmt":"2022-02-27T21:58:20","slug":"lo-mejor-de-los-carnavales-en-latinoamerica-colorido-baile-y-despliegue-de-riqueza-cultural","status":"publish","type":"post","link":"https:\/\/www.pressenza.com\/es\/2022\/02\/lo-mejor-de-los-carnavales-en-latinoamerica-colorido-baile-y-despliegue-de-riqueza-cultural\/","title":{"rendered":"Lo mejor de los carnavales en Latinoam\u00e9rica: colorido, baile y despliegue de riqueza cultural"},"content":{"rendered":"<p>Cuando se habla del Carnaval, las manifestaciones son muy diversas. Aunque Brasil es un pa\u00eds mundialmente famoso y reconocido como el gran exponente de esta festividad, que se celebra en las calles con mucha samba, vestuarios y competencias de baile, en toda Latinoam\u00e9rica, desde M\u00e9xico hasta Argentina, existen una gran diversidad de tradiciones asociadas a esta festividad.<\/p>\n<p>En todas podr\u00e1 encontrarse el colorido, la alegr\u00eda, la combinaci\u00f3n de tradici\u00f3n y color desbordada en las calles, que se llenan de m\u00fasica, de gente que celebra y disfruta, y que tambi\u00e9n, seg\u00fan se manifieste en cada pa\u00eds, cuenta con un signo propio que le hace singular, \u00fanico, especial. No por casualidad se dice que los mejores carnavales del mundo se pueden disfrutar en Latinoam\u00e9rica.<\/p>\n<p>Esta celebraci\u00f3n de origen milenario, religiosa y pagana al mismo tiempo, se celebra tambi\u00e9n con agua, con disfraces, con fuego, con flores y hace que las calles de nuestros pa\u00edses se desborden de alegr\u00eda, color y belleza. Es por esto que tambi\u00e9n atrae a millones de turistas cada a\u00f1o. En esta nota te contamos cinco carnavales que destacan entre las decenas de celebraciones que tienen lugar en todo nuestro continente.<\/p>\n<p><strong>1. Colombia: Barranquilla se viste de fiesta<\/strong><\/p>\n<div id=\"attachment_1531288\" class=\"wp-caption alignnone\"><img loading=\"lazy\" decoding=\"async\" aria-describedby=\"caption-attachment-1531288\" class=\"wp-image-1531288 size-full\" src=\"https:\/\/www.pressenza.com\/wp-content\/uploads\/2022\/02\/carnaval-barranquilla.jpg\" alt=\"\" width=\"750\" height=\"440\" srcset=\"https:\/\/www.pressenza.com\/wp-content\/uploads\/2022\/02\/carnaval-barranquilla.jpg 750w, https:\/\/www.pressenza.com\/wp-content\/uploads\/2022\/02\/carnaval-barranquilla-300x176.jpg 300w\" sizes=\"auto, (max-width: 750px) 100vw, 750px\" \/><p id=\"caption-attachment-1531288\" class=\"wp-caption-text\">\u00a9 Alex22Ortega \/ NODAL<\/p><\/div>\n<p>Inicia con la llamada Batalla de las Flores y la presentaci\u00f3n de la reina y el rey Momo. Se realiza anualmente a fines de febrero o principios de marzo.\u00a0 El carnaval de Barranquilla es considerado el evento folcl\u00f3rico m\u00e1s grande Colombia, con un delicado simbolismo que estalla en personajes, m\u00e1scaras y danzas. Tanto as\u00ed, que la UNESCO le concedi\u00f3 el t\u00edtulo de Obra Maestra del Patrimonio Oral e Intangible de la Humanidad en 2003. Este carnaval latinoamericano es puro arte.<\/p>\n<p>El carnaval de Barranquilla es un acontecimiento en el que se expresan todas las variedades culturales y el folclor de la Costa Caribe Colombiana, as\u00ed como las m\u00e1s variadas manifestaciones locales, como la m\u00fasica popular y el baile. Son motivo de risas y sustos los muchos disfraces que invocan todo tipo de especies animales, nativas y extra\u00f1as; negros africanos; cabezones; dementes; mu\u00f1ecotas; superh\u00e9roes; seres mitol\u00f3gicos con decenas de invenciones y ocurrencias populares.<\/p>\n<p>Tambi\u00e9n se celebra con la rumba en la Batalla de Flores, el tradicional desfile de carrozas presidido por los tres protagonistas de la celebraci\u00f3n: el Rey Momo, Mar\u00eda Mo\u00f1itos y el Hombre Caim\u00e1n. Esta celebraci\u00f3n te invita a mover los pies al ritmo de la cumbia y a hacerte con un sombrero \u201cvueltiao\u201d para protegerte del sol.<\/p>\n<p><strong>2. Bolivia: Oruro, muestra de la riqueza cultural del altiplano.<\/strong><\/p>\n<div id=\"attachment_1531298\" class=\"wp-caption alignnone\"><img loading=\"lazy\" decoding=\"async\" aria-describedby=\"caption-attachment-1531298\" class=\"wp-image-1531298 size-full\" src=\"https:\/\/www.pressenza.com\/wp-content\/uploads\/2022\/02\/bolivia-carnaval-oruro-diablada-shutterstock-1234705933-agatha-kadar-shutterstock.jpg\" alt=\"\" width=\"632\" height=\"391\" srcset=\"https:\/\/www.pressenza.com\/wp-content\/uploads\/2022\/02\/bolivia-carnaval-oruro-diablada-shutterstock-1234705933-agatha-kadar-shutterstock.jpg 632w, https:\/\/www.pressenza.com\/wp-content\/uploads\/2022\/02\/bolivia-carnaval-oruro-diablada-shutterstock-1234705933-agatha-kadar-shutterstock-300x186.jpg 300w\" sizes=\"auto, (max-width: 632px) 100vw, 632px\" \/><p id=\"caption-attachment-1531298\" class=\"wp-caption-text\">\u00a9 Agatha Kadar\/Shutterstock \/ NODAL<\/p><\/div>\n<p>El carnaval de Oruro, en Bolivia, cuenta con una distinci\u00f3n especial: la Unesco lo declar\u00f3 Obra Maestra del Patrimonio Oral e Intangible de la Humanidad. Esta celebraci\u00f3n anual tiene profundas ra\u00edces ind\u00edgenas y una historia que se remonta a \u00e9pocas muy antiguas, cuando la zona era un importante centro religioso. Los colonizadores espa\u00f1oles ilegalizaron las celebraciones nativas, imponiendo por la fuerza las tradiciones cat\u00f3licas.<\/p>\n<p>A lo largo de este carnaval participan m\u00e1s de 48 conjuntos folkl\u00f3ricos, distribuidos en 18 especialidades de danzas que re\u00fanen de distintas partes de Bolivia y que realizan su peregrinaci\u00f3n hacia el Santuario del Socav\u00f3n cada s\u00e1bado de carnaval en la tradicional \u201cEntrada\u201d. Por la gran popularidad que ha alcanzado en los \u00faltimos a\u00f1os y debido a su gran manifestaci\u00f3n cultural y atracci\u00f3n tur\u00edstica, se ha convertido en uno de los carnavales m\u00e1s importantes conjuntamente con el de R\u00edo de Janeiro, Brasil, y otros carnavales en el mundo. Alrededor de 400 mil personas visitan anualmente el carnaval.<\/p>\n<p>Una de aquellas tradiciones sigue formando parte memorable del Carnaval de Oruro. Todos los colores y sonidos de esta fiesta estallan con fuerza durante La Diablada, una danza ritual en la que participan cientos de diablos ataviados con trajes llamativos, m\u00e1scaras grotescas y pelucas vistosas. Es la batalla entre el bien y el mal, con una banda de diablos y \u00e1ngeles disfrazados, y bailarines que representan a los siete pecados<\/p>\n<p><strong>3. M\u00e9xico: El Carnaval de Veracruz<\/strong><\/p>\n<div id=\"attachment_1531308\" class=\"wp-caption alignnone\"><img loading=\"lazy\" decoding=\"async\" aria-describedby=\"caption-attachment-1531308\" class=\"wp-image-1531308 size-full\" src=\"https:\/\/www.pressenza.com\/wp-content\/uploads\/2022\/02\/el-carnaval-mas-alegre-del-mundo.jpg\" alt=\"\" width=\"1000\" height=\"536\" srcset=\"https:\/\/www.pressenza.com\/wp-content\/uploads\/2022\/02\/el-carnaval-mas-alegre-del-mundo.jpg 1000w, https:\/\/www.pressenza.com\/wp-content\/uploads\/2022\/02\/el-carnaval-mas-alegre-del-mundo-300x161.jpg 300w, https:\/\/www.pressenza.com\/wp-content\/uploads\/2022\/02\/el-carnaval-mas-alegre-del-mundo-820x440.jpg 820w\" sizes=\"auto, (max-width: 1000px) 100vw, 1000px\" \/><p id=\"caption-attachment-1531308\" class=\"wp-caption-text\">\u00a9 NG \/ NODAL<\/p><\/div>\n<p>El Carnaval de Veracruz es el m\u00e1s importante de M\u00e9xico, considerado \u201cel m\u00e1s alegre del mundo\u201d. Durante nueve d\u00edas, los nueve anteriores al Mi\u00e9rcoles de ceniza se realizan desfiles llenos de color que inundan sus calles con un ambiente musical y festivo, el primer evento del carnaval es la quema del \u201cMal Humor\u201d en el cual es consumida en llamas una escultura que alude a los aspectos negativos del pa\u00eds o el estado de Veracruz.<\/p>\n<p>El ritual empieza con un mu\u00f1eco enorme de papel mach\u00e9 que representa a un pol\u00edtico o un famoso al cual la gente aborrece \u2013como una gigantesca y caricaturesca pi\u00f1ata\u2013 y que cuelga sobre la multitud. Se le prende fuego mientras la gente vitorea y celebra el momento. Se trata de una tradici\u00f3n simb\u00f3lica: mientras arde el mu\u00f1eco, la gente se desprende de sus problemas cotidianos y disfruta del inicio de las fiestas. La Quema del Mal Humor est\u00e1 presente en los carnavales de todo M\u00e9xico, pero sobre todo en Veracruz y Mazatl\u00e1n, donde los mu\u00f1ecos a veces representan personajes: el presidente de Estados Unidos, Donald Trump, ha estado muy presente los \u00faltimos a\u00f1os.<\/p>\n<p>Durante los festejos se organizan grandes bailes y fiestas de m\u00e1scaras, y se interpreta el danz\u00f3n tradicional del folclore de Veracruz. Su m\u00fasica a partir de arpas, marimbas y guitarras inunda toda la festividad al igual que la salsa y la samba siendo la primera la m\u00e1s popular del lugar. En los desfiles de la alegr\u00eda participan comparsas tradicionales, carros aleg\u00f3ricos, bastoneras, batucadas, grupos de baile y danza.<\/p>\n<p><strong>4. Uruguay: Montevideo se viste de colorido en la fiesta m\u00e1s grande del pa\u00eds que dura 40 d\u00edas<\/strong><\/p>\n<div id=\"attachment_1531318\" class=\"wp-caption alignnone\"><img loading=\"lazy\" decoding=\"async\" aria-describedby=\"caption-attachment-1531318\" class=\"wp-image-1531318 size-full\" src=\"https:\/\/www.pressenza.com\/wp-content\/uploads\/2022\/02\/a-leo4036-a.jpg\" alt=\"\" width=\"990\" height=\"658\" srcset=\"https:\/\/www.pressenza.com\/wp-content\/uploads\/2022\/02\/a-leo4036-a.jpg 990w, https:\/\/www.pressenza.com\/wp-content\/uploads\/2022\/02\/a-leo4036-a-300x199.jpg 300w, https:\/\/www.pressenza.com\/wp-content\/uploads\/2022\/02\/a-leo4036-a-820x545.jpg 820w\" sizes=\"auto, (max-width: 990px) 100vw, 990px\" \/><p id=\"caption-attachment-1531318\" class=\"wp-caption-text\">\u00a9 Foto: Leonardo Correa y Anibal Bogliaccini \/ NODAL<\/p><\/div>\n<p>Se destaca mundialmente entre otras cosas por considerarse el carnaval m\u00e1s largo del mundo, con aproximadamente cuarenta d\u00edas de duraci\u00f3n. En Montevideo, la capital del pa\u00eds, existe un Museo del Carnaval.\u00a0Los antecedentes del Carnaval uruguayo provienen en Europa, donde en diferentes contextos, la celebraci\u00f3n de las cosechas o de una festividad religiosa, serv\u00eda como espacio para la reuni\u00f3n de los pueblos, creando un espacio de libertad individual y colectiva.<\/p>\n<p>Ya en tierras uruguayas, en tiempos de la Colonia, los d\u00edas de Carnaval y tambi\u00e9n en Navidad y A\u00f1o Nuevo, los negros esclavos en Montevideo se cubr\u00edan con t\u00fanicas de vivos y chillones colores y sal\u00edan a la calle para ir hasta las murallas de la ciudad, a cuyo pie se les permit\u00eda entonar sus c\u00e1nticos y realizar sus bailes. Algunas pr\u00e1cticas comunes en Europa, como arrojar salvado y harina, arrojar agua con jeringas, apedrearse con huevos, naranjas, u otros objetos fueron importadas en Uruguay.<\/p>\n<p>La importancia de algunas de estas pr\u00e1cticas dieron origen a los festejos de carnaval. Seg\u00fan Juan Carlos Patr\u00f3n, es posible que en 1860, cuando se construyeron dos fuentes llamadas \u201cPozos del Rey\u201d y \u201cLas Guerrillas de Furgo\u201d se difundieran y conformaran las primeras pr\u00e1cticas carnavalescas. En 2007\u200b la presidencia uruguaya declar\u00f3 al Carnaval como de Inter\u00e9s Nacional y se lo considera como la m\u00e1xima fiesta popular.<\/p>\n<p><strong>5. Brasil: No todo sucede en R\u00edo. El Carnaval de Salvador de Bah\u00eda pone la nota m\u00e1xima a la cultura<\/strong><\/p>\n<div id=\"attachment_1531328\" class=\"wp-caption alignnone\"><img loading=\"lazy\" decoding=\"async\" aria-describedby=\"caption-attachment-1531328\" class=\"wp-image-1531328 size-full\" src=\"https:\/\/www.pressenza.com\/wp-content\/uploads\/2022\/02\/lavagem-senhor-bomfim.jpg\" alt=\"\" width=\"945\" height=\"592\" srcset=\"https:\/\/www.pressenza.com\/wp-content\/uploads\/2022\/02\/lavagem-senhor-bomfim.jpg 945w, https:\/\/www.pressenza.com\/wp-content\/uploads\/2022\/02\/lavagem-senhor-bomfim-300x188.jpg 300w, https:\/\/www.pressenza.com\/wp-content\/uploads\/2022\/02\/lavagem-senhor-bomfim-820x514.jpg 820w\" sizes=\"auto, (max-width: 945px) 100vw, 945px\" \/><p id=\"caption-attachment-1531328\" class=\"wp-caption-text\">\u00a9 Samba Barcelona \/ NODAL<\/p><\/div>\n<p>Brasil tambi\u00e9n alberga a otro coloso de los carnavales, el de Salvador de Bah\u00eda. Considerado una de las fiestas callejeras m\u00e1s multitudinarias del planeta, la ciudad se llena de m\u00fasica en directo, de disfraces y de \u201cblocos\u201d, grupos de m\u00fasicos y vecinos que se unen para festejar. Uno de los carnavales latinoamericanos para dejarse llevar.<\/p>\n<p>Salvador de Bah\u00eda es el segundo carnaval m\u00e1s grande de Brasil. M\u00e1s de 2 millones de personas acuden a Salvador de Bah\u00eda durante una semana de fiesta.\u00a0Aunque Salvador es la capital del estado brasile\u00f1o de Bah\u00eda, la ciudad presenta una fuerte influencia africana. La poblaci\u00f3n amable de la ciudad es famosa por las c\u00e9lebres fiestas de calle que organizan durante el Carnaval, un esp\u00edritu que ha puesto al Carnaval de Salvador en el Libro Guinness de los R\u00e9cords como la fiesta de calle m\u00e1s grande del mundo.<\/p>\n<p>Para los nativos, el Carnaval tiene que ver m\u00e1s con la celebraci\u00f3n del esp\u00edritu de la felicidad. R\u00edo es famoso por sus escuelas de samba, y el Carnaval en Bahia es m\u00e1s el Carnaval en la calle, con una gran participaci\u00f3n de la gente.\u00a0Con frecuencia se dice que el Carnaval de Salvador es el \u201cverdadero carnaval\u201d. La raz\u00f3n es porque la gran comunidad afro-brasile\u00f1a de Salvador de Bah\u00eda, con sus fuertes ra\u00edces en la cultura y las tradiciones africanas, le da al Carnaval de Salvador un sabor africano m\u00e1s aut\u00e9ntico. M\u00fasica afro-brasile\u00f1a, baile y folklore se exhiben durante el carnaval.<\/p>\n<p>*Con informaci\u00f3n de Inutoviajes, LonelyPlanet, Wikipedia, NatGeo, El Pa\u00eds, TeleSur.<\/p>\n<p><a href=\"https:\/\/laderasur.com\/estapasando\/lo-mejor-de-los-carnavales-en-latinoamerica-colorido-baile-y-despliegue-de-riqueza-cultural\/\">Ladera Sur<\/a><\/p>\n<p>&nbsp;<\/p>\n","protected":false},"excerpt":{"rendered":"<p>Cuando se habla del Carnaval, las manifestaciones son muy diversas. Aunque Brasil es un pa\u00eds mundialmente famoso y reconocido como el gran exponente de esta festividad, que se celebra en las calles con mucha samba, vestuarios y competencias de baile,&hellip;<\/p>\n","protected":false},"author":1075,"featured_media":1531278,"comment_status":"closed","ping_status":"closed","sticky":false,"template":"","format":"standard","meta":{"footnotes":""},"categories":[75,5667,67],"tags":[5688,47079],"class_list":["post-1531277","post","type-post","status-publish","format-standard","has-post-thumbnail","hentry","category-cultura-es","category-foto-reportajes","category-sudamerica","tag-carnavales","tag-latinoamerica-y-el-caribe"],"yoast_head":"<!-- This site is optimized with the Yoast SEO plugin v27.1.1 - https:\/\/yoast.com\/product\/yoast-seo-wordpress\/ -->\n<title>Lo mejor de los carnavales en Latinoam\u00e9rica: colorido, baile y despliegue de riqueza cultural<\/title>\n<meta name=\"description\" content=\"Cuando se habla del Carnaval, las manifestaciones son muy diversas. Aunque Brasil es un pa\u00eds mundialmente famoso y reconocido como el gran exponente de\" \/>\n<meta name=\"robots\" content=\"index, follow, max-snippet:-1, max-image-preview:large, max-video-preview:-1\" \/>\n<link rel=\"canonical\" href=\"https:\/\/www.pressenza.com\/es\/2022\/02\/lo-mejor-de-los-carnavales-en-latinoamerica-colorido-baile-y-despliegue-de-riqueza-cultural\/\" \/>\n<meta property=\"og:locale\" content=\"es_ES\" \/>\n<meta property=\"og:type\" content=\"article\" \/>\n<meta property=\"og:title\" content=\"Lo mejor de los carnavales en Latinoam\u00e9rica: colorido, baile y despliegue de riqueza cultural\" \/>\n<meta property=\"og:description\" content=\"Cuando se habla del Carnaval, las manifestaciones son muy diversas. Aunque Brasil es un pa\u00eds mundialmente famoso y reconocido como el gran exponente de\" \/>\n<meta property=\"og:url\" content=\"https:\/\/www.pressenza.com\/es\/2022\/02\/lo-mejor-de-los-carnavales-en-latinoamerica-colorido-baile-y-despliegue-de-riqueza-cultural\/\" \/>\n<meta property=\"og:site_name\" content=\"Pressenza\" \/>\n<meta property=\"article:publisher\" content=\"https:\/\/www.facebook.com\/PressenzaItalia\" \/>\n<meta property=\"article:author\" content=\"https:\/\/www.facebook.com\/pages\/NODAL\/504497112975235\" \/>\n<meta property=\"article:published_time\" content=\"2022-02-28T21:45:06+00:00\" \/>\n<meta property=\"og:image\" content=\"https:\/\/www.pressenza.com\/wp-content\/uploads\/2022\/02\/MURGA-750x430-1.jpg\" \/>\n\t<meta property=\"og:image:width\" content=\"750\" \/>\n\t<meta property=\"og:image:height\" content=\"430\" \/>\n\t<meta property=\"og:image:type\" content=\"image\/jpeg\" \/>\n<meta name=\"author\" content=\"Noticias de Am\u00e9rica Latina y el Caribe\" \/>\n<meta name=\"twitter:card\" content=\"summary_large_image\" \/>\n<meta name=\"twitter:creator\" content=\"@infoNodal\" \/>\n<meta name=\"twitter:site\" content=\"@PressenzaIPA\" \/>\n<meta name=\"twitter:label1\" content=\"Escrito por\" \/>\n\t<meta name=\"twitter:data1\" content=\"Noticias de Am\u00e9rica Latina y el Caribe\" \/>\n\t<meta name=\"twitter:label2\" content=\"Tiempo de lectura\" \/>\n\t<meta name=\"twitter:data2\" content=\"8 minutos\" \/>\n<script type=\"application\/ld+json\" class=\"yoast-schema-graph\">{\"@context\":\"https:\/\/schema.org\",\"@graph\":[{\"@type\":\"Article\",\"@id\":\"https:\/\/www.pressenza.com\/es\/2022\/02\/lo-mejor-de-los-carnavales-en-latinoamerica-colorido-baile-y-despliegue-de-riqueza-cultural\/#article\",\"isPartOf\":{\"@id\":\"https:\/\/www.pressenza.com\/es\/2022\/02\/lo-mejor-de-los-carnavales-en-latinoamerica-colorido-baile-y-despliegue-de-riqueza-cultural\/\"},\"author\":{\"name\":\"Noticias de Am\u00e9rica Latina y el Caribe\",\"@id\":\"https:\/\/www.pressenza.com\/es\/#\/schema\/person\/2589ceb48064b9d4249652e5d275a2ec\"},\"headline\":\"Lo mejor de los carnavales en Latinoam\u00e9rica: colorido, baile y despliegue de riqueza cultural\",\"datePublished\":\"2022-02-28T21:45:06+00:00\",\"mainEntityOfPage\":{\"@id\":\"https:\/\/www.pressenza.com\/es\/2022\/02\/lo-mejor-de-los-carnavales-en-latinoamerica-colorido-baile-y-despliegue-de-riqueza-cultural\/\"},\"wordCount\":1619,\"publisher\":{\"@id\":\"https:\/\/www.pressenza.com\/es\/#organization\"},\"image\":{\"@id\":\"https:\/\/www.pressenza.com\/es\/2022\/02\/lo-mejor-de-los-carnavales-en-latinoamerica-colorido-baile-y-despliegue-de-riqueza-cultural\/#primaryimage\"},\"thumbnailUrl\":\"https:\/\/www.pressenza.com\/wp-content\/uploads\/2022\/02\/MURGA-750x430-1.jpg\",\"keywords\":[\"carnavales\",\"Latinoam\u00e9rica y el Caribe\"],\"articleSection\":[\"Cultura y Medios\",\"Fotorreportajes\",\"Sudam\u00e9rica\"],\"inLanguage\":\"es\"},{\"@type\":\"WebPage\",\"@id\":\"https:\/\/www.pressenza.com\/es\/2022\/02\/lo-mejor-de-los-carnavales-en-latinoamerica-colorido-baile-y-despliegue-de-riqueza-cultural\/\",\"url\":\"https:\/\/www.pressenza.com\/es\/2022\/02\/lo-mejor-de-los-carnavales-en-latinoamerica-colorido-baile-y-despliegue-de-riqueza-cultural\/\",\"name\":\"Lo mejor de los carnavales en Latinoam\u00e9rica: colorido, baile y despliegue de riqueza cultural\",\"isPartOf\":{\"@id\":\"https:\/\/www.pressenza.com\/es\/#website\"},\"primaryImageOfPage\":{\"@id\":\"https:\/\/www.pressenza.com\/es\/2022\/02\/lo-mejor-de-los-carnavales-en-latinoamerica-colorido-baile-y-despliegue-de-riqueza-cultural\/#primaryimage\"},\"image\":{\"@id\":\"https:\/\/www.pressenza.com\/es\/2022\/02\/lo-mejor-de-los-carnavales-en-latinoamerica-colorido-baile-y-despliegue-de-riqueza-cultural\/#primaryimage\"},\"thumbnailUrl\":\"https:\/\/www.pressenza.com\/wp-content\/uploads\/2022\/02\/MURGA-750x430-1.jpg\",\"datePublished\":\"2022-02-28T21:45:06+00:00\",\"description\":\"Cuando se habla del Carnaval, las manifestaciones son muy diversas. Aunque Brasil es un pa\u00eds mundialmente famoso y reconocido como el gran exponente de\",\"breadcrumb\":{\"@id\":\"https:\/\/www.pressenza.com\/es\/2022\/02\/lo-mejor-de-los-carnavales-en-latinoamerica-colorido-baile-y-despliegue-de-riqueza-cultural\/#breadcrumb\"},\"inLanguage\":\"es\",\"potentialAction\":[{\"@type\":\"ReadAction\",\"target\":[\"https:\/\/www.pressenza.com\/es\/2022\/02\/lo-mejor-de-los-carnavales-en-latinoamerica-colorido-baile-y-despliegue-de-riqueza-cultural\/\"]}]},{\"@type\":\"ImageObject\",\"inLanguage\":\"es\",\"@id\":\"https:\/\/www.pressenza.com\/es\/2022\/02\/lo-mejor-de-los-carnavales-en-latinoamerica-colorido-baile-y-despliegue-de-riqueza-cultural\/#primaryimage\",\"url\":\"https:\/\/www.pressenza.com\/wp-content\/uploads\/2022\/02\/MURGA-750x430-1.jpg\",\"contentUrl\":\"https:\/\/www.pressenza.com\/wp-content\/uploads\/2022\/02\/MURGA-750x430-1.jpg\",\"width\":750,\"height\":430,\"caption\":\"\u00a9 El Heraldo \/ NODAL\"},{\"@type\":\"BreadcrumbList\",\"@id\":\"https:\/\/www.pressenza.com\/es\/2022\/02\/lo-mejor-de-los-carnavales-en-latinoamerica-colorido-baile-y-despliegue-de-riqueza-cultural\/#breadcrumb\",\"itemListElement\":[{\"@type\":\"ListItem\",\"position\":1,\"name\":\"Accueil\",\"item\":\"https:\/\/www.pressenza.com\/es\/\"},{\"@type\":\"ListItem\",\"position\":2,\"name\":\"Lo mejor de los carnavales en Latinoam\u00e9rica: colorido, baile y despliegue de riqueza cultural\"}]},{\"@type\":\"WebSite\",\"@id\":\"https:\/\/www.pressenza.com\/es\/#website\",\"url\":\"https:\/\/www.pressenza.com\/es\/\",\"name\":\"Pressenza\",\"description\":\"International Press Agency\",\"publisher\":{\"@id\":\"https:\/\/www.pressenza.com\/es\/#organization\"},\"potentialAction\":[{\"@type\":\"SearchAction\",\"target\":{\"@type\":\"EntryPoint\",\"urlTemplate\":\"https:\/\/www.pressenza.com\/es\/?s={search_term_string}\"},\"query-input\":{\"@type\":\"PropertyValueSpecification\",\"valueRequired\":true,\"valueName\":\"search_term_string\"}}],\"inLanguage\":\"es\"},{\"@type\":\"Organization\",\"@id\":\"https:\/\/www.pressenza.com\/es\/#organization\",\"name\":\"Pressenza\",\"url\":\"https:\/\/www.pressenza.com\/es\/\",\"logo\":{\"@type\":\"ImageObject\",\"inLanguage\":\"es\",\"@id\":\"https:\/\/www.pressenza.com\/es\/#\/schema\/logo\/image\/\",\"url\":\"https:\/\/www.pressenza.com\/wp-content\/uploads\/2022\/10\/pressenza_logo_200x200.jpg\",\"contentUrl\":\"https:\/\/www.pressenza.com\/wp-content\/uploads\/2022\/10\/pressenza_logo_200x200.jpg\",\"width\":200,\"height\":200,\"caption\":\"Pressenza\"},\"image\":{\"@id\":\"https:\/\/www.pressenza.com\/es\/#\/schema\/logo\/image\/\"},\"sameAs\":[\"https:\/\/www.facebook.com\/PressenzaItalia\",\"https:\/\/x.com\/PressenzaIPA\"]},{\"@type\":\"Person\",\"@id\":\"https:\/\/www.pressenza.com\/es\/#\/schema\/person\/2589ceb48064b9d4249652e5d275a2ec\",\"name\":\"Noticias de Am\u00e9rica Latina y el Caribe\",\"description\":\"Primer portal de noticias de Am\u00e9rica Latina y el Caribe. Director: Pedro Brieger Con el apoyo de la Fundaci\u00f3n para la Integraci\u00f3n Latinoamericana (FILA) www.nodal.am\",\"sameAs\":[\"https:\/\/www.facebook.com\/pages\/NODAL\/504497112975235\",\"https:\/\/x.com\/infoNodal\"],\"url\":\"https:\/\/www.pressenza.com\/es\/author\/nodal\/\"}]}<\/script>\n<!-- \/ Yoast SEO plugin. -->","yoast_head_json":{"title":"Lo mejor de los carnavales en Latinoam\u00e9rica: colorido, baile y despliegue de riqueza cultural","description":"Cuando se habla del Carnaval, las manifestaciones son muy diversas. Aunque Brasil es un pa\u00eds mundialmente famoso y reconocido como el gran exponente de","robots":{"index":"index","follow":"follow","max-snippet":"max-snippet:-1","max-image-preview":"max-image-preview:large","max-video-preview":"max-video-preview:-1"},"canonical":"https:\/\/www.pressenza.com\/es\/2022\/02\/lo-mejor-de-los-carnavales-en-latinoamerica-colorido-baile-y-despliegue-de-riqueza-cultural\/","og_locale":"es_ES","og_type":"article","og_title":"Lo mejor de los carnavales en Latinoam\u00e9rica: colorido, baile y despliegue de riqueza cultural","og_description":"Cuando se habla del Carnaval, las manifestaciones son muy diversas. Aunque Brasil es un pa\u00eds mundialmente famoso y reconocido como el gran exponente de","og_url":"https:\/\/www.pressenza.com\/es\/2022\/02\/lo-mejor-de-los-carnavales-en-latinoamerica-colorido-baile-y-despliegue-de-riqueza-cultural\/","og_site_name":"Pressenza","article_publisher":"https:\/\/www.facebook.com\/PressenzaItalia","article_author":"https:\/\/www.facebook.com\/pages\/NODAL\/504497112975235","article_published_time":"2022-02-28T21:45:06+00:00","og_image":[{"width":750,"height":430,"url":"https:\/\/www.pressenza.com\/wp-content\/uploads\/2022\/02\/MURGA-750x430-1.jpg","type":"image\/jpeg"}],"author":"Noticias de Am\u00e9rica Latina y el Caribe","twitter_card":"summary_large_image","twitter_creator":"@infoNodal","twitter_site":"@PressenzaIPA","twitter_misc":{"Escrito por":"Noticias de Am\u00e9rica Latina y el Caribe","Tiempo de lectura":"8 minutos"},"schema":{"@context":"https:\/\/schema.org","@graph":[{"@type":"Article","@id":"https:\/\/www.pressenza.com\/es\/2022\/02\/lo-mejor-de-los-carnavales-en-latinoamerica-colorido-baile-y-despliegue-de-riqueza-cultural\/#article","isPartOf":{"@id":"https:\/\/www.pressenza.com\/es\/2022\/02\/lo-mejor-de-los-carnavales-en-latinoamerica-colorido-baile-y-despliegue-de-riqueza-cultural\/"},"author":{"name":"Noticias de Am\u00e9rica Latina y el Caribe","@id":"https:\/\/www.pressenza.com\/es\/#\/schema\/person\/2589ceb48064b9d4249652e5d275a2ec"},"headline":"Lo mejor de los carnavales en Latinoam\u00e9rica: colorido, baile y despliegue de riqueza cultural","datePublished":"2022-02-28T21:45:06+00:00","mainEntityOfPage":{"@id":"https:\/\/www.pressenza.com\/es\/2022\/02\/lo-mejor-de-los-carnavales-en-latinoamerica-colorido-baile-y-despliegue-de-riqueza-cultural\/"},"wordCount":1619,"publisher":{"@id":"https:\/\/www.pressenza.com\/es\/#organization"},"image":{"@id":"https:\/\/www.pressenza.com\/es\/2022\/02\/lo-mejor-de-los-carnavales-en-latinoamerica-colorido-baile-y-despliegue-de-riqueza-cultural\/#primaryimage"},"thumbnailUrl":"https:\/\/www.pressenza.com\/wp-content\/uploads\/2022\/02\/MURGA-750x430-1.jpg","keywords":["carnavales","Latinoam\u00e9rica y el Caribe"],"articleSection":["Cultura y Medios","Fotorreportajes","Sudam\u00e9rica"],"inLanguage":"es"},{"@type":"WebPage","@id":"https:\/\/www.pressenza.com\/es\/2022\/02\/lo-mejor-de-los-carnavales-en-latinoamerica-colorido-baile-y-despliegue-de-riqueza-cultural\/","url":"https:\/\/www.pressenza.com\/es\/2022\/02\/lo-mejor-de-los-carnavales-en-latinoamerica-colorido-baile-y-despliegue-de-riqueza-cultural\/","name":"Lo mejor de los carnavales en Latinoam\u00e9rica: colorido, baile y despliegue de riqueza cultural","isPartOf":{"@id":"https:\/\/www.pressenza.com\/es\/#website"},"primaryImageOfPage":{"@id":"https:\/\/www.pressenza.com\/es\/2022\/02\/lo-mejor-de-los-carnavales-en-latinoamerica-colorido-baile-y-despliegue-de-riqueza-cultural\/#primaryimage"},"image":{"@id":"https:\/\/www.pressenza.com\/es\/2022\/02\/lo-mejor-de-los-carnavales-en-latinoamerica-colorido-baile-y-despliegue-de-riqueza-cultural\/#primaryimage"},"thumbnailUrl":"https:\/\/www.pressenza.com\/wp-content\/uploads\/2022\/02\/MURGA-750x430-1.jpg","datePublished":"2022-02-28T21:45:06+00:00","description":"Cuando se habla del Carnaval, las manifestaciones son muy diversas. Aunque Brasil es un pa\u00eds mundialmente famoso y reconocido como el gran exponente de","breadcrumb":{"@id":"https:\/\/www.pressenza.com\/es\/2022\/02\/lo-mejor-de-los-carnavales-en-latinoamerica-colorido-baile-y-despliegue-de-riqueza-cultural\/#breadcrumb"},"inLanguage":"es","potentialAction":[{"@type":"ReadAction","target":["https:\/\/www.pressenza.com\/es\/2022\/02\/lo-mejor-de-los-carnavales-en-latinoamerica-colorido-baile-y-despliegue-de-riqueza-cultural\/"]}]},{"@type":"ImageObject","inLanguage":"es","@id":"https:\/\/www.pressenza.com\/es\/2022\/02\/lo-mejor-de-los-carnavales-en-latinoamerica-colorido-baile-y-despliegue-de-riqueza-cultural\/#primaryimage","url":"https:\/\/www.pressenza.com\/wp-content\/uploads\/2022\/02\/MURGA-750x430-1.jpg","contentUrl":"https:\/\/www.pressenza.com\/wp-content\/uploads\/2022\/02\/MURGA-750x430-1.jpg","width":750,"height":430,"caption":"\u00a9 El Heraldo \/ NODAL"},{"@type":"BreadcrumbList","@id":"https:\/\/www.pressenza.com\/es\/2022\/02\/lo-mejor-de-los-carnavales-en-latinoamerica-colorido-baile-y-despliegue-de-riqueza-cultural\/#breadcrumb","itemListElement":[{"@type":"ListItem","position":1,"name":"Accueil","item":"https:\/\/www.pressenza.com\/es\/"},{"@type":"ListItem","position":2,"name":"Lo mejor de los carnavales en Latinoam\u00e9rica: colorido, baile y despliegue de riqueza cultural"}]},{"@type":"WebSite","@id":"https:\/\/www.pressenza.com\/es\/#website","url":"https:\/\/www.pressenza.com\/es\/","name":"Pressenza","description":"International Press Agency","publisher":{"@id":"https:\/\/www.pressenza.com\/es\/#organization"},"potentialAction":[{"@type":"SearchAction","target":{"@type":"EntryPoint","urlTemplate":"https:\/\/www.pressenza.com\/es\/?s={search_term_string}"},"query-input":{"@type":"PropertyValueSpecification","valueRequired":true,"valueName":"search_term_string"}}],"inLanguage":"es"},{"@type":"Organization","@id":"https:\/\/www.pressenza.com\/es\/#organization","name":"Pressenza","url":"https:\/\/www.pressenza.com\/es\/","logo":{"@type":"ImageObject","inLanguage":"es","@id":"https:\/\/www.pressenza.com\/es\/#\/schema\/logo\/image\/","url":"https:\/\/www.pressenza.com\/wp-content\/uploads\/2022\/10\/pressenza_logo_200x200.jpg","contentUrl":"https:\/\/www.pressenza.com\/wp-content\/uploads\/2022\/10\/pressenza_logo_200x200.jpg","width":200,"height":200,"caption":"Pressenza"},"image":{"@id":"https:\/\/www.pressenza.com\/es\/#\/schema\/logo\/image\/"},"sameAs":["https:\/\/www.facebook.com\/PressenzaItalia","https:\/\/x.com\/PressenzaIPA"]},{"@type":"Person","@id":"https:\/\/www.pressenza.com\/es\/#\/schema\/person\/2589ceb48064b9d4249652e5d275a2ec","name":"Noticias de Am\u00e9rica Latina y el Caribe","description":"Primer portal de noticias de Am\u00e9rica Latina y el Caribe. Director: Pedro Brieger Con el apoyo de la Fundaci\u00f3n para la Integraci\u00f3n Latinoamericana (FILA) www.nodal.am","sameAs":["https:\/\/www.facebook.com\/pages\/NODAL\/504497112975235","https:\/\/x.com\/infoNodal"],"url":"https:\/\/www.pressenza.com\/es\/author\/nodal\/"}]}},"place":"Latinoam\u00e9rica","original_article_url":"https:\/\/www.nodal.am\/2022\/02\/lo-mejor-de-los-carnavales-en-latinoamerica-colorido-baile-y-despliegue-de-riqueza-cultural-por-ladera-sur\/","_links":{"self":[{"href":"https:\/\/www.pressenza.com\/es\/wp-json\/wp\/v2\/posts\/1531277","targetHints":{"allow":["GET"]}}],"collection":[{"href":"https:\/\/www.pressenza.com\/es\/wp-json\/wp\/v2\/posts"}],"about":[{"href":"https:\/\/www.pressenza.com\/es\/wp-json\/wp\/v2\/types\/post"}],"author":[{"embeddable":true,"href":"https:\/\/www.pressenza.com\/es\/wp-json\/wp\/v2\/users\/1075"}],"replies":[{"embeddable":true,"href":"https:\/\/www.pressenza.com\/es\/wp-json\/wp\/v2\/comments?post=1531277"}],"version-history":[{"count":0,"href":"https:\/\/www.pressenza.com\/es\/wp-json\/wp\/v2\/posts\/1531277\/revisions"}],"wp:featuredmedia":[{"embeddable":true,"href":"https:\/\/www.pressenza.com\/es\/wp-json\/wp\/v2\/media\/1531278"}],"wp:attachment":[{"href":"https:\/\/www.pressenza.com\/es\/wp-json\/wp\/v2\/media?parent=1531277"}],"wp:term":[{"taxonomy":"category","embeddable":true,"href":"https:\/\/www.pressenza.com\/es\/wp-json\/wp\/v2\/categories?post=1531277"},{"taxonomy":"post_tag","embeddable":true,"href":"https:\/\/www.pressenza.com\/es\/wp-json\/wp\/v2\/tags?post=1531277"}],"curies":[{"name":"wp","href":"https:\/\/api.w.org\/{rel}","templated":true}]}}