{"id":1530,"date":"2009-10-02T00:00:00","date_gmt":"2009-10-02T00:00:00","guid":{"rendered":""},"modified":"2009-10-02T07:25:19","modified_gmt":"2009-10-02T07:25:19","slug":"xen-que-situacion-de-violencia-esta-el-planeta-que-recorrera-la-marcha-mundial-por-la-pazx","status":"publish","type":"post","link":"https:\/\/www.pressenza.com\/es\/2009\/10\/xen-que-situacion-de-violencia-esta-el-planeta-que-recorrera-la-marcha-mundial-por-la-pazx\/","title":{"rendered":"\u00bfEn qu\u00e9 situaci\u00f3n de violencia est\u00e1 el planeta que recorrer\u00e1 la Marcha Mundial por la Paz?"},"content":{"rendered":"<p>El 2 de octubre de 2009 comenzar\u00e1, en Wellington, Nueva Zelanda, la Marcha Mundial por la Paz y la No-Violencia. La fecha elegida para su inicio dista de ser casual: constituye el natalicio de Mahatma Ghandi y fue declarado por la ONU como el \u201cD\u00eda Internacional de la No-Violencia\u201d.  El recorrido finalizar\u00e1 al pi\u00e9 de la Cordillera de Los Andes, en Argentina, el 2 de enero de 2010. <\/p>\n<p>Durante 90 d\u00edas, la Marcha Mundial recorrer\u00e1 6 continentes, 83 pa\u00edses y cientos de ciudades en las cuales se realizar\u00e1n festivales, encuentros, foros, conferencias y eventos art\u00edsticos, deportivos y culturales cuyo objetivo es promover el di\u00e1logo y la coexistencia pac\u00edfica entre los pueblos. Su objetivo es dar voz a aquellos que se oponen a toda forma de violencia econ\u00f3mica, racial, b\u00e9lica, religiosa o sexual.<\/p>\n<p>La Marcha no podr\u00eda llegar un momento hist\u00f3rico m\u00e1s oportuno. El planeta ha recorrer se encuentra inmerso en un nuevo g\u00e9nero de barbarie, que enfrenta sistem\u00e1ticamente la ostentaci\u00f3n con la necesidad, el etnocentrismo con la discriminaci\u00f3n, el poder\u00edo militar con poblados desarmados, el dogmatismo con la reflexi\u00f3n, la t\u00e9cnica con el amor. De forma cotidiana, un hombre anhela la libertad mientras otro justifica su calvario. <\/p>\n<p>Habitamos un planeta en que la brecha entre ricos y pobres contin\u00faa acrecent\u00e1ndose. De acuerdo a la Organizaci\u00f3n de las Naciones Unidas (ONU) el n\u00famero de pobres en los pa\u00edses en v\u00edas de desarrollo hab\u00eda alcanzado, en septiembre de 2008, los 1400 millones de personas. Una reciente investigaci\u00f3n del Banco Mundial indic\u00f3 que 50 millones de personas m\u00e1s caer\u00e1n en la pobreza durante 2009 (casi 100 personas por minuto). <\/p>\n<p>El informe de los \u201cObjetivos de Desarrollo del Milenio\u201d de la ONU asegura que la mayor parte del aumento se registrar\u00e1 en el \u00c1frica Subsahariana y en el Asia Meridional, donde ya vive la mayor cantidad de personas en condiciones de pobreza extrema. El padecimiento alimenticio en estas regiones impulsar\u00e1 hacia 1000 millones el n\u00famero de personas con hambre cr\u00f3nica a nivel mundial. <\/p>\n<p>Asmismo, de acuerdo a la organizaci\u00f3n no-gubernamental Freedom for Hunger, a pesar de que la producci\u00f3n mundial de alimentos ha superado la tasa de crecimiento poblacional, los excedentes no se distribuyen equitativamente.  Algunos pa\u00edses de bajos ingresos tienen dificultades para producir una cantidad suficiente de alimentos (o siquiera importarlos), a la vez que se dan patrones desmedidos de consumo en los naciones ricas. <\/p>\n<p>Por otra parte, y a pesar de la creencia popular, el flagelo de la violencia militar se ha convertido en un cotidiano fen\u00f3meno intra-estatal. Seg\u00fan el \u00faltimo informe del Instituto Heidelberg para el Estudio de los Conflictos Internacionales (HIIK) los conflictos internos fueron los escenarios principales para los episodios m\u00e1s graves de agresi\u00f3n b\u00e9lica: tal el caso de Sud\u00e1n en la provincia de Darfur o el accionar de Turqu\u00eda en las \u00e1reas kurdas. <\/p>\n<p>En Afganist\u00e1n e Irak, no obstante, contin\u00faa la presencia de fuerzas militares extranjeras, a la vez que las poblaciones civiles sufren el fuego cruzado con elementos insurgentes como los talibanes y el Grupo al-Sadr. En los territorios palestinos ocupados, la presencia de colonias israel\u00edes en Cisjordania y el accionar b\u00e9lico desenfrenado en Gaza contin\u00faan asfixiando a las voces que claman por una soluci\u00f3n pac\u00edfica a dicho conflicto. <\/p>\n<p>Pero las v\u00edctimas civiles no caen s\u00f3lo en el campo de batalla. La guerra interrumpe la producci\u00f3n agr\u00edcola y el transporte de los productos, lleva a los gobiernos a concentrar el gasto p\u00fablico en armamento \u2013importado de los pa\u00edses centrales- e implica el abandono de los programas sociales para apoyar y alimentar a los m\u00e1s vulnerables (y por ende, los m\u00e1s afectados por los conflictos). <\/p>\n<p>Los que huyen del hambre y la guerra son, asimismo, las principales poblaciones discriminadas del planeta. La respuesta a la tragedia de los refugiados no ha sido un mundo m\u00e1s comprensivo, sino un incremento de las legislaciones anti-inmigratorias. A modo de ejemplo, hace un a\u00f1o la Uni\u00f3n Europea unific\u00f3 los procedimientos para expulsar inmigrantes \u201csin papeles\u201d y\/o encerrarlos hasta por 18 meses. <\/p>\n<p>El comisario de Derechos Humanos del Consejo de Europa, el sueco Thomas Hamnarberg, hab\u00eda considerado que tales \u201cdirectivas de retorno\u201d vulneraban los derechos humanos y criminalizaban a los inmigrantes. Las asociaciones de inmigrantes denunciaron esta nueva legislaci\u00f3n \u201cracista y xen\u00f3foba\u201d y aseguraron que los utilizaron como mano de obra barata hasta la llegada de la crisis financiera global. <\/p>\n<p>Por su parte, inmigrantes provenientes de Afganist\u00e1n, Irak y pa\u00edses africanos conviven en campamentos en las afueras de las ciudades europeas, a la vez que se les rechazan las solicitudes de asilo. Un tr\u00e1gico ejemplo es el del gobierno franc\u00e9s, que ofrece ayuda financiera a qui\u00e9n se vaya, pero se niega a deportar extranjeros a las llamadas \u201czonas seguras\u201d en Afganist\u00e1n, como inform\u00f3 la agencia alemana de noticias (DPA). <\/p>\n<p>En m\u00faltiples pa\u00edses, facciones fundamentalistas se arrogan la representaci\u00f3n terrenal de las leyes b\u00edblicas para lapidar y mutilar. D\u00eda tras d\u00eda, miles de mujeres son golpeadas o impedidas de trabajar o estudiar. El amor homosexual es perseguido por ley en 77 pa\u00edses, y en cinco de ellos (Mauritania, Arabia Saud\u00ed, Sud\u00e1n, Ir\u00e1n y Yemen) supone la muerte, como denuncia la Asociaci\u00f3n Internacional de Gays y Lesbianas (ILGA). <\/p>\n<p>La lista es realmente inagotable y podr\u00eda certificar una mirada pesimista del futuro. Sin embargo, miles de organizaciones e individuos de todas las nacionalidades, religiones y sexualidades exigen a sus gobiernos una existencia digna, respetuosa del Otro y cuyo acuerdo b\u00e1sico sea el respeto por la libertad humana, la pr\u00e1ctica de la no discriminaci\u00f3n y la no violencia en todos los \u00e1mbitos de la vida en sociedad.   <\/p>\n<p>De estos movimientos se ha nutrido la Marcha Mundial, y junto a ellos recorrer\u00e1 este planeta y esta humanidad, desgarrada por el pedido de los individuos hambrientos y los seres perseguidos. Pues como dice Silo, \u201ceste es el intento que vale la pena vivir, porque es la continuaci\u00f3n de las mejores aspiraciones de la gente buena que nos ha precedido. (\u2026) Es el antecedente de las futuras generaciones que transformar\u00e1n al mundo\u201d. <\/p>\n","protected":false},"excerpt":{"rendered":"<p>El planeta a recorrer enfrenta la ostentaci\u00f3n con la necesidad, el etnocentrismo con la discriminaci\u00f3n, el poder\u00edo militar con poblados desarmados, el dogmatismo con la reflexi\u00f3n. 1400 millones de pobres en los pa\u00edses en v\u00edas de desarrollo son los que encuentra este 2 de octubre de 2009, en su comienzo en Nueva Zelanda, la Marcha Mundial por la Paz y la No-Violencia.<\/p>\n","protected":false},"author":19,"featured_media":0,"comment_status":"closed","ping_status":"open","sticky":false,"template":"","format":"standard","meta":{"footnotes":""},"categories":[39,161,74,67],"tags":[],"class_list":["post-1530","post","type-post","status-publish","format-standard","hentry","category-internacional","category-opiniones","category-politica-es","category-sudamerica"],"yoast_head":"<!-- This site is optimized with the Yoast SEO plugin v27.1.1 - https:\/\/yoast.com\/product\/yoast-seo-wordpress\/ -->\n<title>\u00bfEn qu\u00e9 situaci\u00f3n de violencia est\u00e1 el planeta que recorrer\u00e1 la Marcha Mundial por la Paz?<\/title>\n<meta name=\"description\" content=\"El planeta a recorrer enfrenta la ostentaci\u00f3n con la necesidad, el etnocentrismo con la discriminaci\u00f3n, el poder\u00edo militar con poblados desarmados, el dogmatismo con la reflexi\u00f3n. 1400 millones de pobres en los pa\u00edses en v\u00edas de desarrollo son los que encuentra este 2 de octubre de 2009, en su comienzo en Nueva Zelanda, la Marcha Mundial por la Paz y la No-Violencia.\" \/>\n<meta name=\"robots\" content=\"index, follow, max-snippet:-1, max-image-preview:large, max-video-preview:-1\" \/>\n<link rel=\"canonical\" href=\"https:\/\/www.pressenza.com\/es\/2009\/10\/xen-que-situacion-de-violencia-esta-el-planeta-que-recorrera-la-marcha-mundial-por-la-pazx\/\" \/>\n<meta property=\"og:locale\" content=\"es_ES\" \/>\n<meta property=\"og:type\" content=\"article\" \/>\n<meta property=\"og:title\" content=\"\u00bfEn qu\u00e9 situaci\u00f3n de violencia est\u00e1 el planeta que recorrer\u00e1 la Marcha Mundial por la Paz?\" \/>\n<meta property=\"og:description\" content=\"El planeta a recorrer enfrenta la ostentaci\u00f3n con la necesidad, el etnocentrismo con la discriminaci\u00f3n, el poder\u00edo militar con poblados desarmados, el dogmatismo con la reflexi\u00f3n. 1400 millones de pobres en los pa\u00edses en v\u00edas de desarrollo son los que encuentra este 2 de octubre de 2009, en su comienzo en Nueva Zelanda, la Marcha Mundial por la Paz y la No-Violencia.\" \/>\n<meta property=\"og:url\" content=\"https:\/\/www.pressenza.com\/es\/2009\/10\/xen-que-situacion-de-violencia-esta-el-planeta-que-recorrera-la-marcha-mundial-por-la-pazx\/\" \/>\n<meta property=\"og:site_name\" content=\"Pressenza\" \/>\n<meta property=\"article:publisher\" content=\"https:\/\/www.facebook.com\/PressenzaItalia\" \/>\n<meta property=\"article:author\" content=\"https:\/\/www.facebook.com\/pressenza\" \/>\n<meta property=\"article:published_time\" content=\"2009-10-02T00:00:00+00:00\" \/>\n<meta property=\"article:modified_time\" content=\"2009-10-02T07:25:19+00:00\" \/>\n<meta name=\"author\" content=\"Pressenza IPA\" \/>\n<meta name=\"twitter:card\" content=\"summary_large_image\" \/>\n<meta name=\"twitter:creator\" content=\"@PressenzaIPA\" \/>\n<meta name=\"twitter:site\" content=\"@PressenzaIPA\" \/>\n<meta name=\"twitter:label1\" content=\"Escrito por\" \/>\n\t<meta name=\"twitter:data1\" content=\"Pressenza IPA\" \/>\n\t<meta name=\"twitter:label2\" content=\"Tiempo de lectura\" \/>\n\t<meta name=\"twitter:data2\" content=\"5 minutos\" \/>\n<script type=\"application\/ld+json\" class=\"yoast-schema-graph\">{\"@context\":\"https:\/\/schema.org\",\"@graph\":[{\"@type\":\"Article\",\"@id\":\"https:\/\/www.pressenza.com\/es\/2009\/10\/xen-que-situacion-de-violencia-esta-el-planeta-que-recorrera-la-marcha-mundial-por-la-pazx\/#article\",\"isPartOf\":{\"@id\":\"https:\/\/www.pressenza.com\/es\/2009\/10\/xen-que-situacion-de-violencia-esta-el-planeta-que-recorrera-la-marcha-mundial-por-la-pazx\/\"},\"author\":{\"name\":\"Pressenza IPA\",\"@id\":\"https:\/\/www.pressenza.com\/es\/#\/schema\/person\/010e5d02bcf40965427a1289a4cc8d75\"},\"headline\":\"\u00bfEn qu\u00e9 situaci\u00f3n de violencia est\u00e1 el planeta que recorrer\u00e1 la Marcha Mundial por la Paz?\",\"datePublished\":\"2009-10-02T00:00:00+00:00\",\"dateModified\":\"2009-10-02T07:25:19+00:00\",\"mainEntityOfPage\":{\"@id\":\"https:\/\/www.pressenza.com\/es\/2009\/10\/xen-que-situacion-de-violencia-esta-el-planeta-que-recorrera-la-marcha-mundial-por-la-pazx\/\"},\"wordCount\":1078,\"publisher\":{\"@id\":\"https:\/\/www.pressenza.com\/es\/#organization\"},\"articleSection\":[\"Internacional\",\"Opiniones\",\"Pol\u00edtica\",\"Sudam\u00e9rica\"],\"inLanguage\":\"es\"},{\"@type\":\"WebPage\",\"@id\":\"https:\/\/www.pressenza.com\/es\/2009\/10\/xen-que-situacion-de-violencia-esta-el-planeta-que-recorrera-la-marcha-mundial-por-la-pazx\/\",\"url\":\"https:\/\/www.pressenza.com\/es\/2009\/10\/xen-que-situacion-de-violencia-esta-el-planeta-que-recorrera-la-marcha-mundial-por-la-pazx\/\",\"name\":\"\u00bfEn qu\u00e9 situaci\u00f3n de violencia est\u00e1 el planeta que recorrer\u00e1 la Marcha Mundial por la Paz?\",\"isPartOf\":{\"@id\":\"https:\/\/www.pressenza.com\/es\/#website\"},\"datePublished\":\"2009-10-02T00:00:00+00:00\",\"dateModified\":\"2009-10-02T07:25:19+00:00\",\"description\":\"El planeta a recorrer enfrenta la ostentaci\u00f3n con la necesidad, el etnocentrismo con la discriminaci\u00f3n, el poder\u00edo militar con poblados desarmados, el dogmatismo con la reflexi\u00f3n. 1400 millones de pobres en los pa\u00edses en v\u00edas de desarrollo son los que encuentra este 2 de octubre de 2009, en su comienzo en Nueva Zelanda, la Marcha Mundial por la Paz y la No-Violencia.\",\"breadcrumb\":{\"@id\":\"https:\/\/www.pressenza.com\/es\/2009\/10\/xen-que-situacion-de-violencia-esta-el-planeta-que-recorrera-la-marcha-mundial-por-la-pazx\/#breadcrumb\"},\"inLanguage\":\"es\",\"potentialAction\":[{\"@type\":\"ReadAction\",\"target\":[\"https:\/\/www.pressenza.com\/es\/2009\/10\/xen-que-situacion-de-violencia-esta-el-planeta-que-recorrera-la-marcha-mundial-por-la-pazx\/\"]}]},{\"@type\":\"BreadcrumbList\",\"@id\":\"https:\/\/www.pressenza.com\/es\/2009\/10\/xen-que-situacion-de-violencia-esta-el-planeta-que-recorrera-la-marcha-mundial-por-la-pazx\/#breadcrumb\",\"itemListElement\":[{\"@type\":\"ListItem\",\"position\":1,\"name\":\"Accueil\",\"item\":\"https:\/\/www.pressenza.com\/es\/\"},{\"@type\":\"ListItem\",\"position\":2,\"name\":\"\u00bfEn qu\u00e9 situaci\u00f3n de violencia est\u00e1 el planeta que recorrer\u00e1 la Marcha Mundial por la Paz?\"}]},{\"@type\":\"WebSite\",\"@id\":\"https:\/\/www.pressenza.com\/es\/#website\",\"url\":\"https:\/\/www.pressenza.com\/es\/\",\"name\":\"Pressenza\",\"description\":\"International Press Agency\",\"publisher\":{\"@id\":\"https:\/\/www.pressenza.com\/es\/#organization\"},\"potentialAction\":[{\"@type\":\"SearchAction\",\"target\":{\"@type\":\"EntryPoint\",\"urlTemplate\":\"https:\/\/www.pressenza.com\/es\/?s={search_term_string}\"},\"query-input\":{\"@type\":\"PropertyValueSpecification\",\"valueRequired\":true,\"valueName\":\"search_term_string\"}}],\"inLanguage\":\"es\"},{\"@type\":\"Organization\",\"@id\":\"https:\/\/www.pressenza.com\/es\/#organization\",\"name\":\"Pressenza\",\"url\":\"https:\/\/www.pressenza.com\/es\/\",\"logo\":{\"@type\":\"ImageObject\",\"inLanguage\":\"es\",\"@id\":\"https:\/\/www.pressenza.com\/es\/#\/schema\/logo\/image\/\",\"url\":\"https:\/\/www.pressenza.com\/wp-content\/uploads\/2022\/10\/pressenza_logo_200x200.jpg\",\"contentUrl\":\"https:\/\/www.pressenza.com\/wp-content\/uploads\/2022\/10\/pressenza_logo_200x200.jpg\",\"width\":200,\"height\":200,\"caption\":\"Pressenza\"},\"image\":{\"@id\":\"https:\/\/www.pressenza.com\/es\/#\/schema\/logo\/image\/\"},\"sameAs\":[\"https:\/\/www.facebook.com\/PressenzaItalia\",\"https:\/\/x.com\/PressenzaIPA\"]},{\"@type\":\"Person\",\"@id\":\"https:\/\/www.pressenza.com\/es\/#\/schema\/person\/010e5d02bcf40965427a1289a4cc8d75\",\"name\":\"Pressenza IPA\",\"description\":\"News from Pressenza IPA correspondents\",\"sameAs\":[\"https:\/\/www.facebook.com\/pressenza\",\"https:\/\/x.com\/PressenzaIPA\"],\"url\":\"https:\/\/www.pressenza.com\/es\/author\/pressenza-ipa\/\"}]}<\/script>\n<!-- \/ Yoast SEO plugin. -->","yoast_head_json":{"title":"\u00bfEn qu\u00e9 situaci\u00f3n de violencia est\u00e1 el planeta que recorrer\u00e1 la Marcha Mundial por la Paz?","description":"El planeta a recorrer enfrenta la ostentaci\u00f3n con la necesidad, el etnocentrismo con la discriminaci\u00f3n, el poder\u00edo militar con poblados desarmados, el dogmatismo con la reflexi\u00f3n. 1400 millones de pobres en los pa\u00edses en v\u00edas de desarrollo son los que encuentra este 2 de octubre de 2009, en su comienzo en Nueva Zelanda, la Marcha Mundial por la Paz y la No-Violencia.","robots":{"index":"index","follow":"follow","max-snippet":"max-snippet:-1","max-image-preview":"max-image-preview:large","max-video-preview":"max-video-preview:-1"},"canonical":"https:\/\/www.pressenza.com\/es\/2009\/10\/xen-que-situacion-de-violencia-esta-el-planeta-que-recorrera-la-marcha-mundial-por-la-pazx\/","og_locale":"es_ES","og_type":"article","og_title":"\u00bfEn qu\u00e9 situaci\u00f3n de violencia est\u00e1 el planeta que recorrer\u00e1 la Marcha Mundial por la Paz?","og_description":"El planeta a recorrer enfrenta la ostentaci\u00f3n con la necesidad, el etnocentrismo con la discriminaci\u00f3n, el poder\u00edo militar con poblados desarmados, el dogmatismo con la reflexi\u00f3n. 1400 millones de pobres en los pa\u00edses en v\u00edas de desarrollo son los que encuentra este 2 de octubre de 2009, en su comienzo en Nueva Zelanda, la Marcha Mundial por la Paz y la No-Violencia.","og_url":"https:\/\/www.pressenza.com\/es\/2009\/10\/xen-que-situacion-de-violencia-esta-el-planeta-que-recorrera-la-marcha-mundial-por-la-pazx\/","og_site_name":"Pressenza","article_publisher":"https:\/\/www.facebook.com\/PressenzaItalia","article_author":"https:\/\/www.facebook.com\/pressenza","article_published_time":"2009-10-02T00:00:00+00:00","article_modified_time":"2009-10-02T07:25:19+00:00","author":"Pressenza IPA","twitter_card":"summary_large_image","twitter_creator":"@PressenzaIPA","twitter_site":"@PressenzaIPA","twitter_misc":{"Escrito por":"Pressenza IPA","Tiempo de lectura":"5 minutos"},"schema":{"@context":"https:\/\/schema.org","@graph":[{"@type":"Article","@id":"https:\/\/www.pressenza.com\/es\/2009\/10\/xen-que-situacion-de-violencia-esta-el-planeta-que-recorrera-la-marcha-mundial-por-la-pazx\/#article","isPartOf":{"@id":"https:\/\/www.pressenza.com\/es\/2009\/10\/xen-que-situacion-de-violencia-esta-el-planeta-que-recorrera-la-marcha-mundial-por-la-pazx\/"},"author":{"name":"Pressenza IPA","@id":"https:\/\/www.pressenza.com\/es\/#\/schema\/person\/010e5d02bcf40965427a1289a4cc8d75"},"headline":"\u00bfEn qu\u00e9 situaci\u00f3n de violencia est\u00e1 el planeta que recorrer\u00e1 la Marcha Mundial por la Paz?","datePublished":"2009-10-02T00:00:00+00:00","dateModified":"2009-10-02T07:25:19+00:00","mainEntityOfPage":{"@id":"https:\/\/www.pressenza.com\/es\/2009\/10\/xen-que-situacion-de-violencia-esta-el-planeta-que-recorrera-la-marcha-mundial-por-la-pazx\/"},"wordCount":1078,"publisher":{"@id":"https:\/\/www.pressenza.com\/es\/#organization"},"articleSection":["Internacional","Opiniones","Pol\u00edtica","Sudam\u00e9rica"],"inLanguage":"es"},{"@type":"WebPage","@id":"https:\/\/www.pressenza.com\/es\/2009\/10\/xen-que-situacion-de-violencia-esta-el-planeta-que-recorrera-la-marcha-mundial-por-la-pazx\/","url":"https:\/\/www.pressenza.com\/es\/2009\/10\/xen-que-situacion-de-violencia-esta-el-planeta-que-recorrera-la-marcha-mundial-por-la-pazx\/","name":"\u00bfEn qu\u00e9 situaci\u00f3n de violencia est\u00e1 el planeta que recorrer\u00e1 la Marcha Mundial por la Paz?","isPartOf":{"@id":"https:\/\/www.pressenza.com\/es\/#website"},"datePublished":"2009-10-02T00:00:00+00:00","dateModified":"2009-10-02T07:25:19+00:00","description":"El planeta a recorrer enfrenta la ostentaci\u00f3n con la necesidad, el etnocentrismo con la discriminaci\u00f3n, el poder\u00edo militar con poblados desarmados, el dogmatismo con la reflexi\u00f3n. 1400 millones de pobres en los pa\u00edses en v\u00edas de desarrollo son los que encuentra este 2 de octubre de 2009, en su comienzo en Nueva Zelanda, la Marcha Mundial por la Paz y la No-Violencia.","breadcrumb":{"@id":"https:\/\/www.pressenza.com\/es\/2009\/10\/xen-que-situacion-de-violencia-esta-el-planeta-que-recorrera-la-marcha-mundial-por-la-pazx\/#breadcrumb"},"inLanguage":"es","potentialAction":[{"@type":"ReadAction","target":["https:\/\/www.pressenza.com\/es\/2009\/10\/xen-que-situacion-de-violencia-esta-el-planeta-que-recorrera-la-marcha-mundial-por-la-pazx\/"]}]},{"@type":"BreadcrumbList","@id":"https:\/\/www.pressenza.com\/es\/2009\/10\/xen-que-situacion-de-violencia-esta-el-planeta-que-recorrera-la-marcha-mundial-por-la-pazx\/#breadcrumb","itemListElement":[{"@type":"ListItem","position":1,"name":"Accueil","item":"https:\/\/www.pressenza.com\/es\/"},{"@type":"ListItem","position":2,"name":"\u00bfEn qu\u00e9 situaci\u00f3n de violencia est\u00e1 el planeta que recorrer\u00e1 la Marcha Mundial por la Paz?"}]},{"@type":"WebSite","@id":"https:\/\/www.pressenza.com\/es\/#website","url":"https:\/\/www.pressenza.com\/es\/","name":"Pressenza","description":"International Press Agency","publisher":{"@id":"https:\/\/www.pressenza.com\/es\/#organization"},"potentialAction":[{"@type":"SearchAction","target":{"@type":"EntryPoint","urlTemplate":"https:\/\/www.pressenza.com\/es\/?s={search_term_string}"},"query-input":{"@type":"PropertyValueSpecification","valueRequired":true,"valueName":"search_term_string"}}],"inLanguage":"es"},{"@type":"Organization","@id":"https:\/\/www.pressenza.com\/es\/#organization","name":"Pressenza","url":"https:\/\/www.pressenza.com\/es\/","logo":{"@type":"ImageObject","inLanguage":"es","@id":"https:\/\/www.pressenza.com\/es\/#\/schema\/logo\/image\/","url":"https:\/\/www.pressenza.com\/wp-content\/uploads\/2022\/10\/pressenza_logo_200x200.jpg","contentUrl":"https:\/\/www.pressenza.com\/wp-content\/uploads\/2022\/10\/pressenza_logo_200x200.jpg","width":200,"height":200,"caption":"Pressenza"},"image":{"@id":"https:\/\/www.pressenza.com\/es\/#\/schema\/logo\/image\/"},"sameAs":["https:\/\/www.facebook.com\/PressenzaItalia","https:\/\/x.com\/PressenzaIPA"]},{"@type":"Person","@id":"https:\/\/www.pressenza.com\/es\/#\/schema\/person\/010e5d02bcf40965427a1289a4cc8d75","name":"Pressenza IPA","description":"News from Pressenza IPA correspondents","sameAs":["https:\/\/www.facebook.com\/pressenza","https:\/\/x.com\/PressenzaIPA"],"url":"https:\/\/www.pressenza.com\/es\/author\/pressenza-ipa\/"}]}},"place":"Buenos Aires","original_article_url":"","_links":{"self":[{"href":"https:\/\/www.pressenza.com\/es\/wp-json\/wp\/v2\/posts\/1530","targetHints":{"allow":["GET"]}}],"collection":[{"href":"https:\/\/www.pressenza.com\/es\/wp-json\/wp\/v2\/posts"}],"about":[{"href":"https:\/\/www.pressenza.com\/es\/wp-json\/wp\/v2\/types\/post"}],"author":[{"embeddable":true,"href":"https:\/\/www.pressenza.com\/es\/wp-json\/wp\/v2\/users\/19"}],"replies":[{"embeddable":true,"href":"https:\/\/www.pressenza.com\/es\/wp-json\/wp\/v2\/comments?post=1530"}],"version-history":[{"count":0,"href":"https:\/\/www.pressenza.com\/es\/wp-json\/wp\/v2\/posts\/1530\/revisions"}],"wp:attachment":[{"href":"https:\/\/www.pressenza.com\/es\/wp-json\/wp\/v2\/media?parent=1530"}],"wp:term":[{"taxonomy":"category","embeddable":true,"href":"https:\/\/www.pressenza.com\/es\/wp-json\/wp\/v2\/categories?post=1530"},{"taxonomy":"post_tag","embeddable":true,"href":"https:\/\/www.pressenza.com\/es\/wp-json\/wp\/v2\/tags?post=1530"}],"curies":[{"name":"wp","href":"https:\/\/api.w.org\/{rel}","templated":true}]}}