{"id":1529,"date":"2009-09-30T00:00:00","date_gmt":"2009-09-30T00:00:00","guid":{"rendered":""},"modified":"2009-10-01T16:01:03","modified_gmt":"2009-10-01T16:01:03","slug":"la-llama-de-la-abolicixn-nuclear-inicia-su-camino-en-taurangax-nueva-zelanda","status":"publish","type":"post","link":"https:\/\/www.pressenza.com\/es\/2009\/09\/la-llama-de-la-abolicixn-nuclear-inicia-su-camino-en-taurangax-nueva-zelanda\/","title":{"rendered":"La llama de la abolici\u00f3n nuclear inicia su camino en Tauranga, Nueva Zelanda"},"content":{"rendered":"<p>Tener una actitud activa es bueno para la paz y para reducir la violencia en el mundo, afirma Fern Davis, alumno de la escuela Rudolph Steiner, en Nueva Zelanda.<\/p>\n<p>El 29 de septiembre, este ni\u00f1o de 9 a\u00f1os se sum\u00f3 a otros 100 peque\u00f1os en la marcha por The Strand, la calle principal de la ciudad neocelandesa de Tauranga, hacia el centro comercial Mid City, como parte de la Marcha Mundial por la Paz.<\/p>\n<p>Poco importaron los nubarrones y la llovizna: esto no les impidi\u00f3 difundir su mensaje en favor de la no violencia y el desarme.<br \/>\nEl alcalde de Tauranga, Stuart Crosby, se mostr\u00f3 encantado de ver marchar a los peque\u00f1os.<\/p>\n<p>\u201cEsto es por el futuro de ustedes, m\u00e1s que nada\u00bb, indic\u00f3.<\/p>\n<p>Petra Klein, activista en favor de la paz internacional, encabez\u00f3 la marcha llevando la llama de la abolici\u00f3n nuclear, encendida de la llama que se encuentra en el Parque de la Paz de Hiroshima. Es el deseo de esta pacifista neocelandesa que la gente entienda la fuerza de la unidad en nombre de la paz. \u201cLa gente se pregunta: \u2018\u00bfY qu\u00e9 puedo hacer yo?&#8217;, pero para la paz, el trabajo individual de cada persona es importante\u201d, asegur\u00f3.<\/p>\n<p>Por su parte, el parlamentario local Simon Bridges agreg\u00f3 que era tentador pensar que para una ciudad segura y pr\u00f3spera como Tauranga, la Paz no era un problema, sino una cuesti\u00f3n mundial. \u201cEs muy bueno ser parte de esta peque\u00f1a pero importante pieza de la marcha mundial por la paz\u201d, afirm\u00f3.<\/p>\n<p>[Bay of Plenty Times, 29 September](http:\/\/www.bayofplentytimes.co.nz\/local\/news\/walking-the-talk-for-world-peace\/3904718\/)<\/p>\n<p>*(Traducido por CAM. Editado por Leandro Santos)*<\/p>\n","protected":false},"excerpt":{"rendered":"<p>Petra Klein llev\u00f3 la llama de la abolici\u00f3n nuclear, encendida de la llama en el Parque de la Paz de Hiroshima. Es su deseo que la gente entienda la fuerza de la uni\u00f3n en nombre de la paz. \u201cPara la paz, el trabajo individual de cada quien es importante\u201d, asegur\u00f3. \u201cEs muy bueno ser parte de esta peque\u00f1a pero importante pieza de la marcha mundial\u201d, agreg\u00f3 Sim\u00f3n Bridges.<\/p>\n","protected":false},"author":19,"featured_media":0,"comment_status":"closed","ping_status":"open","sticky":false,"template":"","format":"standard","meta":{"footnotes":""},"categories":[75,70],"tags":[],"class_list":["post-1529","post","type-post","status-publish","format-standard","hentry","category-cultura-es","category-oceania-region-es"],"yoast_head":"<!-- This site is optimized with the Yoast SEO plugin v27.1.1 - https:\/\/yoast.com\/product\/yoast-seo-wordpress\/ -->\n<title>La llama de la abolici\u00f3n nuclear inicia su camino en Tauranga, Nueva Zelanda<\/title>\n<meta name=\"description\" content=\"Petra Klein llev\u00f3 la llama de la abolici\u00f3n nuclear, encendida de la llama en el Parque de la Paz de Hiroshima. Es su deseo que la gente entienda la fuerza de la uni\u00f3n en nombre de la paz. \u201cPara la paz, el trabajo individual de cada quien es importante\u201d, asegur\u00f3. \u201cEs muy bueno ser parte de esta peque\u00f1a pero importante pieza de la marcha mundial\u201d, agreg\u00f3 Sim\u00f3n Bridges.\" \/>\n<meta name=\"robots\" content=\"index, follow, max-snippet:-1, max-image-preview:large, max-video-preview:-1\" \/>\n<link rel=\"canonical\" href=\"https:\/\/www.pressenza.com\/es\/2009\/09\/la-llama-de-la-abolicixn-nuclear-inicia-su-camino-en-taurangax-nueva-zelanda\/\" \/>\n<meta property=\"og:locale\" content=\"es_ES\" \/>\n<meta property=\"og:type\" content=\"article\" \/>\n<meta property=\"og:title\" content=\"La llama de la abolici\u00f3n nuclear inicia su camino en Tauranga, Nueva Zelanda\" \/>\n<meta property=\"og:description\" content=\"Petra Klein llev\u00f3 la llama de la abolici\u00f3n nuclear, encendida de la llama en el Parque de la Paz de Hiroshima. Es su deseo que la gente entienda la fuerza de la uni\u00f3n en nombre de la paz. \u201cPara la paz, el trabajo individual de cada quien es importante\u201d, asegur\u00f3. \u201cEs muy bueno ser parte de esta peque\u00f1a pero importante pieza de la marcha mundial\u201d, agreg\u00f3 Sim\u00f3n Bridges.\" \/>\n<meta property=\"og:url\" content=\"https:\/\/www.pressenza.com\/es\/2009\/09\/la-llama-de-la-abolicixn-nuclear-inicia-su-camino-en-taurangax-nueva-zelanda\/\" \/>\n<meta property=\"og:site_name\" content=\"Pressenza\" \/>\n<meta property=\"article:publisher\" content=\"https:\/\/www.facebook.com\/PressenzaItalia\" \/>\n<meta property=\"article:author\" content=\"https:\/\/www.facebook.com\/pressenza\" \/>\n<meta property=\"article:published_time\" content=\"2009-09-30T00:00:00+00:00\" \/>\n<meta property=\"article:modified_time\" content=\"2009-10-01T16:01:03+00:00\" \/>\n<meta name=\"author\" content=\"Pressenza IPA\" \/>\n<meta name=\"twitter:card\" content=\"summary_large_image\" \/>\n<meta name=\"twitter:creator\" content=\"@PressenzaIPA\" \/>\n<meta name=\"twitter:site\" content=\"@PressenzaIPA\" \/>\n<meta name=\"twitter:label1\" content=\"Escrito por\" \/>\n\t<meta name=\"twitter:data1\" content=\"Pressenza IPA\" \/>\n\t<meta name=\"twitter:label2\" content=\"Tiempo de lectura\" \/>\n\t<meta name=\"twitter:data2\" content=\"1 minuto\" \/>\n<script type=\"application\/ld+json\" class=\"yoast-schema-graph\">{\"@context\":\"https:\/\/schema.org\",\"@graph\":[{\"@type\":\"Article\",\"@id\":\"https:\/\/www.pressenza.com\/es\/2009\/09\/la-llama-de-la-abolicixn-nuclear-inicia-su-camino-en-taurangax-nueva-zelanda\/#article\",\"isPartOf\":{\"@id\":\"https:\/\/www.pressenza.com\/es\/2009\/09\/la-llama-de-la-abolicixn-nuclear-inicia-su-camino-en-taurangax-nueva-zelanda\/\"},\"author\":{\"name\":\"Pressenza IPA\",\"@id\":\"https:\/\/www.pressenza.com\/es\/#\/schema\/person\/010e5d02bcf40965427a1289a4cc8d75\"},\"headline\":\"La llama de la abolici\u00f3n nuclear inicia su camino en Tauranga, Nueva Zelanda\",\"datePublished\":\"2009-09-30T00:00:00+00:00\",\"dateModified\":\"2009-10-01T16:01:03+00:00\",\"mainEntityOfPage\":{\"@id\":\"https:\/\/www.pressenza.com\/es\/2009\/09\/la-llama-de-la-abolicixn-nuclear-inicia-su-camino-en-taurangax-nueva-zelanda\/\"},\"wordCount\":291,\"publisher\":{\"@id\":\"https:\/\/www.pressenza.com\/es\/#organization\"},\"articleSection\":[\"Cultura y Medios\",\"Oceania\"],\"inLanguage\":\"es\"},{\"@type\":\"WebPage\",\"@id\":\"https:\/\/www.pressenza.com\/es\/2009\/09\/la-llama-de-la-abolicixn-nuclear-inicia-su-camino-en-taurangax-nueva-zelanda\/\",\"url\":\"https:\/\/www.pressenza.com\/es\/2009\/09\/la-llama-de-la-abolicixn-nuclear-inicia-su-camino-en-taurangax-nueva-zelanda\/\",\"name\":\"La llama de la abolici\u00f3n nuclear inicia su camino en Tauranga, Nueva Zelanda\",\"isPartOf\":{\"@id\":\"https:\/\/www.pressenza.com\/es\/#website\"},\"datePublished\":\"2009-09-30T00:00:00+00:00\",\"dateModified\":\"2009-10-01T16:01:03+00:00\",\"description\":\"Petra Klein llev\u00f3 la llama de la abolici\u00f3n nuclear, encendida de la llama en el Parque de la Paz de Hiroshima. Es su deseo que la gente entienda la fuerza de la uni\u00f3n en nombre de la paz. \u201cPara la paz, el trabajo individual de cada quien es importante\u201d, asegur\u00f3. \u201cEs muy bueno ser parte de esta peque\u00f1a pero importante pieza de la marcha mundial\u201d, agreg\u00f3 Sim\u00f3n Bridges.\",\"breadcrumb\":{\"@id\":\"https:\/\/www.pressenza.com\/es\/2009\/09\/la-llama-de-la-abolicixn-nuclear-inicia-su-camino-en-taurangax-nueva-zelanda\/#breadcrumb\"},\"inLanguage\":\"es\",\"potentialAction\":[{\"@type\":\"ReadAction\",\"target\":[\"https:\/\/www.pressenza.com\/es\/2009\/09\/la-llama-de-la-abolicixn-nuclear-inicia-su-camino-en-taurangax-nueva-zelanda\/\"]}]},{\"@type\":\"BreadcrumbList\",\"@id\":\"https:\/\/www.pressenza.com\/es\/2009\/09\/la-llama-de-la-abolicixn-nuclear-inicia-su-camino-en-taurangax-nueva-zelanda\/#breadcrumb\",\"itemListElement\":[{\"@type\":\"ListItem\",\"position\":1,\"name\":\"Accueil\",\"item\":\"https:\/\/www.pressenza.com\/es\/\"},{\"@type\":\"ListItem\",\"position\":2,\"name\":\"La llama de la abolici\u00f3n nuclear inicia su camino en Tauranga, Nueva Zelanda\"}]},{\"@type\":\"WebSite\",\"@id\":\"https:\/\/www.pressenza.com\/es\/#website\",\"url\":\"https:\/\/www.pressenza.com\/es\/\",\"name\":\"Pressenza\",\"description\":\"International Press Agency\",\"publisher\":{\"@id\":\"https:\/\/www.pressenza.com\/es\/#organization\"},\"potentialAction\":[{\"@type\":\"SearchAction\",\"target\":{\"@type\":\"EntryPoint\",\"urlTemplate\":\"https:\/\/www.pressenza.com\/es\/?s={search_term_string}\"},\"query-input\":{\"@type\":\"PropertyValueSpecification\",\"valueRequired\":true,\"valueName\":\"search_term_string\"}}],\"inLanguage\":\"es\"},{\"@type\":\"Organization\",\"@id\":\"https:\/\/www.pressenza.com\/es\/#organization\",\"name\":\"Pressenza\",\"url\":\"https:\/\/www.pressenza.com\/es\/\",\"logo\":{\"@type\":\"ImageObject\",\"inLanguage\":\"es\",\"@id\":\"https:\/\/www.pressenza.com\/es\/#\/schema\/logo\/image\/\",\"url\":\"https:\/\/www.pressenza.com\/wp-content\/uploads\/2022\/10\/pressenza_logo_200x200.jpg\",\"contentUrl\":\"https:\/\/www.pressenza.com\/wp-content\/uploads\/2022\/10\/pressenza_logo_200x200.jpg\",\"width\":200,\"height\":200,\"caption\":\"Pressenza\"},\"image\":{\"@id\":\"https:\/\/www.pressenza.com\/es\/#\/schema\/logo\/image\/\"},\"sameAs\":[\"https:\/\/www.facebook.com\/PressenzaItalia\",\"https:\/\/x.com\/PressenzaIPA\"]},{\"@type\":\"Person\",\"@id\":\"https:\/\/www.pressenza.com\/es\/#\/schema\/person\/010e5d02bcf40965427a1289a4cc8d75\",\"name\":\"Pressenza IPA\",\"description\":\"News from Pressenza IPA correspondents\",\"sameAs\":[\"https:\/\/www.facebook.com\/pressenza\",\"https:\/\/x.com\/PressenzaIPA\"],\"url\":\"https:\/\/www.pressenza.com\/es\/author\/pressenza-ipa\/\"}]}<\/script>\n<!-- \/ Yoast SEO plugin. -->","yoast_head_json":{"title":"La llama de la abolici\u00f3n nuclear inicia su camino en Tauranga, Nueva Zelanda","description":"Petra Klein llev\u00f3 la llama de la abolici\u00f3n nuclear, encendida de la llama en el Parque de la Paz de Hiroshima. Es su deseo que la gente entienda la fuerza de la uni\u00f3n en nombre de la paz. \u201cPara la paz, el trabajo individual de cada quien es importante\u201d, asegur\u00f3. \u201cEs muy bueno ser parte de esta peque\u00f1a pero importante pieza de la marcha mundial\u201d, agreg\u00f3 Sim\u00f3n Bridges.","robots":{"index":"index","follow":"follow","max-snippet":"max-snippet:-1","max-image-preview":"max-image-preview:large","max-video-preview":"max-video-preview:-1"},"canonical":"https:\/\/www.pressenza.com\/es\/2009\/09\/la-llama-de-la-abolicixn-nuclear-inicia-su-camino-en-taurangax-nueva-zelanda\/","og_locale":"es_ES","og_type":"article","og_title":"La llama de la abolici\u00f3n nuclear inicia su camino en Tauranga, Nueva Zelanda","og_description":"Petra Klein llev\u00f3 la llama de la abolici\u00f3n nuclear, encendida de la llama en el Parque de la Paz de Hiroshima. Es su deseo que la gente entienda la fuerza de la uni\u00f3n en nombre de la paz. \u201cPara la paz, el trabajo individual de cada quien es importante\u201d, asegur\u00f3. \u201cEs muy bueno ser parte de esta peque\u00f1a pero importante pieza de la marcha mundial\u201d, agreg\u00f3 Sim\u00f3n Bridges.","og_url":"https:\/\/www.pressenza.com\/es\/2009\/09\/la-llama-de-la-abolicixn-nuclear-inicia-su-camino-en-taurangax-nueva-zelanda\/","og_site_name":"Pressenza","article_publisher":"https:\/\/www.facebook.com\/PressenzaItalia","article_author":"https:\/\/www.facebook.com\/pressenza","article_published_time":"2009-09-30T00:00:00+00:00","article_modified_time":"2009-10-01T16:01:03+00:00","author":"Pressenza IPA","twitter_card":"summary_large_image","twitter_creator":"@PressenzaIPA","twitter_site":"@PressenzaIPA","twitter_misc":{"Escrito por":"Pressenza IPA","Tiempo de lectura":"1 minuto"},"schema":{"@context":"https:\/\/schema.org","@graph":[{"@type":"Article","@id":"https:\/\/www.pressenza.com\/es\/2009\/09\/la-llama-de-la-abolicixn-nuclear-inicia-su-camino-en-taurangax-nueva-zelanda\/#article","isPartOf":{"@id":"https:\/\/www.pressenza.com\/es\/2009\/09\/la-llama-de-la-abolicixn-nuclear-inicia-su-camino-en-taurangax-nueva-zelanda\/"},"author":{"name":"Pressenza IPA","@id":"https:\/\/www.pressenza.com\/es\/#\/schema\/person\/010e5d02bcf40965427a1289a4cc8d75"},"headline":"La llama de la abolici\u00f3n nuclear inicia su camino en Tauranga, Nueva Zelanda","datePublished":"2009-09-30T00:00:00+00:00","dateModified":"2009-10-01T16:01:03+00:00","mainEntityOfPage":{"@id":"https:\/\/www.pressenza.com\/es\/2009\/09\/la-llama-de-la-abolicixn-nuclear-inicia-su-camino-en-taurangax-nueva-zelanda\/"},"wordCount":291,"publisher":{"@id":"https:\/\/www.pressenza.com\/es\/#organization"},"articleSection":["Cultura y Medios","Oceania"],"inLanguage":"es"},{"@type":"WebPage","@id":"https:\/\/www.pressenza.com\/es\/2009\/09\/la-llama-de-la-abolicixn-nuclear-inicia-su-camino-en-taurangax-nueva-zelanda\/","url":"https:\/\/www.pressenza.com\/es\/2009\/09\/la-llama-de-la-abolicixn-nuclear-inicia-su-camino-en-taurangax-nueva-zelanda\/","name":"La llama de la abolici\u00f3n nuclear inicia su camino en Tauranga, Nueva Zelanda","isPartOf":{"@id":"https:\/\/www.pressenza.com\/es\/#website"},"datePublished":"2009-09-30T00:00:00+00:00","dateModified":"2009-10-01T16:01:03+00:00","description":"Petra Klein llev\u00f3 la llama de la abolici\u00f3n nuclear, encendida de la llama en el Parque de la Paz de Hiroshima. Es su deseo que la gente entienda la fuerza de la uni\u00f3n en nombre de la paz. \u201cPara la paz, el trabajo individual de cada quien es importante\u201d, asegur\u00f3. \u201cEs muy bueno ser parte de esta peque\u00f1a pero importante pieza de la marcha mundial\u201d, agreg\u00f3 Sim\u00f3n Bridges.","breadcrumb":{"@id":"https:\/\/www.pressenza.com\/es\/2009\/09\/la-llama-de-la-abolicixn-nuclear-inicia-su-camino-en-taurangax-nueva-zelanda\/#breadcrumb"},"inLanguage":"es","potentialAction":[{"@type":"ReadAction","target":["https:\/\/www.pressenza.com\/es\/2009\/09\/la-llama-de-la-abolicixn-nuclear-inicia-su-camino-en-taurangax-nueva-zelanda\/"]}]},{"@type":"BreadcrumbList","@id":"https:\/\/www.pressenza.com\/es\/2009\/09\/la-llama-de-la-abolicixn-nuclear-inicia-su-camino-en-taurangax-nueva-zelanda\/#breadcrumb","itemListElement":[{"@type":"ListItem","position":1,"name":"Accueil","item":"https:\/\/www.pressenza.com\/es\/"},{"@type":"ListItem","position":2,"name":"La llama de la abolici\u00f3n nuclear inicia su camino en Tauranga, Nueva Zelanda"}]},{"@type":"WebSite","@id":"https:\/\/www.pressenza.com\/es\/#website","url":"https:\/\/www.pressenza.com\/es\/","name":"Pressenza","description":"International Press Agency","publisher":{"@id":"https:\/\/www.pressenza.com\/es\/#organization"},"potentialAction":[{"@type":"SearchAction","target":{"@type":"EntryPoint","urlTemplate":"https:\/\/www.pressenza.com\/es\/?s={search_term_string}"},"query-input":{"@type":"PropertyValueSpecification","valueRequired":true,"valueName":"search_term_string"}}],"inLanguage":"es"},{"@type":"Organization","@id":"https:\/\/www.pressenza.com\/es\/#organization","name":"Pressenza","url":"https:\/\/www.pressenza.com\/es\/","logo":{"@type":"ImageObject","inLanguage":"es","@id":"https:\/\/www.pressenza.com\/es\/#\/schema\/logo\/image\/","url":"https:\/\/www.pressenza.com\/wp-content\/uploads\/2022\/10\/pressenza_logo_200x200.jpg","contentUrl":"https:\/\/www.pressenza.com\/wp-content\/uploads\/2022\/10\/pressenza_logo_200x200.jpg","width":200,"height":200,"caption":"Pressenza"},"image":{"@id":"https:\/\/www.pressenza.com\/es\/#\/schema\/logo\/image\/"},"sameAs":["https:\/\/www.facebook.com\/PressenzaItalia","https:\/\/x.com\/PressenzaIPA"]},{"@type":"Person","@id":"https:\/\/www.pressenza.com\/es\/#\/schema\/person\/010e5d02bcf40965427a1289a4cc8d75","name":"Pressenza IPA","description":"News from Pressenza IPA correspondents","sameAs":["https:\/\/www.facebook.com\/pressenza","https:\/\/x.com\/PressenzaIPA"],"url":"https:\/\/www.pressenza.com\/es\/author\/pressenza-ipa\/"}]}},"place":"Tauranga","original_article_url":"","_links":{"self":[{"href":"https:\/\/www.pressenza.com\/es\/wp-json\/wp\/v2\/posts\/1529","targetHints":{"allow":["GET"]}}],"collection":[{"href":"https:\/\/www.pressenza.com\/es\/wp-json\/wp\/v2\/posts"}],"about":[{"href":"https:\/\/www.pressenza.com\/es\/wp-json\/wp\/v2\/types\/post"}],"author":[{"embeddable":true,"href":"https:\/\/www.pressenza.com\/es\/wp-json\/wp\/v2\/users\/19"}],"replies":[{"embeddable":true,"href":"https:\/\/www.pressenza.com\/es\/wp-json\/wp\/v2\/comments?post=1529"}],"version-history":[{"count":0,"href":"https:\/\/www.pressenza.com\/es\/wp-json\/wp\/v2\/posts\/1529\/revisions"}],"wp:attachment":[{"href":"https:\/\/www.pressenza.com\/es\/wp-json\/wp\/v2\/media?parent=1529"}],"wp:term":[{"taxonomy":"category","embeddable":true,"href":"https:\/\/www.pressenza.com\/es\/wp-json\/wp\/v2\/categories?post=1529"},{"taxonomy":"post_tag","embeddable":true,"href":"https:\/\/www.pressenza.com\/es\/wp-json\/wp\/v2\/tags?post=1529"}],"curies":[{"name":"wp","href":"https:\/\/api.w.org\/{rel}","templated":true}]}}