{"id":1522652,"date":"2022-02-17T22:36:48","date_gmt":"2022-02-17T22:36:48","guid":{"rendered":"https:\/\/www.pressenza.com\/?p=1522652"},"modified":"2022-02-17T22:36:48","modified_gmt":"2022-02-17T22:36:48","slug":"feminista-y-lesbiana-es-electa-nueva-presidenta-del-partido-humanista-chileno","status":"publish","type":"post","link":"https:\/\/www.pressenza.com\/es\/2022\/02\/feminista-y-lesbiana-es-electa-nueva-presidenta-del-partido-humanista-chileno\/","title":{"rendered":"Feminista y lesbiana es electa nueva Presidenta del Partido Humanista chileno"},"content":{"rendered":"<p>Natalia Ib\u00e1\u00f1ez Donoso liderar\u00e1 el proceso de refundaci\u00f3n que atraviesa la contienda humanista en Chile.<\/p>\n<p>En una votaci\u00f3n interna efectuada por la militancia del Partido Humanista, fue electa Natalia Iba\u00f1ez Donoso, feminista y lesbiana de 34 a\u00f1os, como la nueva Presidenta del colectivo, cuyo horizonte pr\u00f3ximo es recobrar la legalidad del PH.<\/p>\n<p>Se integr\u00f3 al Movimiento Humanista el a\u00f1o 2007, en Punta de Vacas, Argentina, en las \u00abJornadas de Reconciliaci\u00f3n Espiritual\u00bb. Actualmente vive en el emblem\u00e1tico Barrio Yungay de la comuna de Santiago. Natalia ha sido articuladora de espacios pol\u00edticos y art\u00edsticos no violentos para la disidencia sexogen\u00e9rica. En el a\u00f1o 2019 levant\u00f3 la Red de Diversidae Humane para el IV Foro Humanista Latinoamericano \u00abConstruyendo Convergencias\u00bb y se acerc\u00f3 a organizaciones como OTD, Neutres y varies artistas que trabajan entorno al activismo LGTBQ+ entre otras. Para el 18 de Octubre se art\u00edcul\u00f3 en la Asamblea Disidente de Emergencia.<\/p>\n<p>A su vez, fue iniciadora de la Coordinadora Feminista Humanista Internacional, impulsando los cuatro encuentros internacionales desarrollados hasta la fecha.<\/p>\n<p>Natalia liderar\u00e1, junto a Hern\u00e1n Palma, diputado electo del Partido Humanista por el distrito 12 y pr\u00f3ximo Secretario General, y Sylvia Hidalgo, activista y militante humanista de la Quinta Regi\u00f3n, Tesorera entrante, el proceso de re-legalizacion que hoy intenciona la fuerza humanista. Adem\u00e1s de elles, tambi\u00e9n se suman Guillermo Garc\u00e9s, ex presidente de la Comunidad para el Desarrollo Humano y fundador del PH; Ricardo George, l\u00edder territorial, luchador por la vivienda en la Quinta Regi\u00f3n; \u00c1ngel Abarca, profesor de escuela p\u00fablica y Natalia Canto, articuladora territorial de Conchal\u00ed, proveniente del mundo independiente.<\/p>\n<p>En su mandato provisorio de seis meses, Natalia y la nueva directiva PH impulsar\u00e1n el trabajo territorial, la articulaci\u00f3n con los 27 concejales humanistas, las tres diputaciones y sus dos alcald\u00edas. Adem\u00e1s, buscar\u00e1n profundizar el proceso democr\u00e1tico horizontal que viene construyendo el PH y que pretende influenciar en el pa\u00eds, bajo los principios del Humanismo Universalista.<\/p>\n<p><img loading=\"lazy\" decoding=\"async\" class=\"alignnone wp-image-1522665 size-full\" src=\"https:\/\/www.pressenza.com\/wp-content\/uploads\/2022\/02\/e393ae79-7b9d-4c0b-987b-988184ddbbb1.jpg\" alt=\"\" width=\"720\" height=\"720\" srcset=\"https:\/\/www.pressenza.com\/wp-content\/uploads\/2022\/02\/e393ae79-7b9d-4c0b-987b-988184ddbbb1.jpg 720w, https:\/\/www.pressenza.com\/wp-content\/uploads\/2022\/02\/e393ae79-7b9d-4c0b-987b-988184ddbbb1-300x300.jpg 300w, https:\/\/www.pressenza.com\/wp-content\/uploads\/2022\/02\/e393ae79-7b9d-4c0b-987b-988184ddbbb1-150x150.jpg 150w\" sizes=\"auto, (max-width: 720px) 100vw, 720px\" \/><\/p>\n","protected":false},"excerpt":{"rendered":"<p>Natalia Ib\u00e1\u00f1ez Donoso liderar\u00e1 el proceso de refundaci\u00f3n que atraviesa la contienda humanista en Chile. En una votaci\u00f3n interna efectuada por la militancia del Partido Humanista, fue electa Natalia Iba\u00f1ez Donoso, feminista y lesbiana de 34 a\u00f1os, como la nueva&hellip;<\/p>\n","protected":false},"author":386,"featured_media":1522654,"comment_status":"closed","ping_status":"closed","sticky":false,"template":"","format":"standard","meta":{"footnotes":""},"categories":[149,11389,1240,67],"tags":[99365,20453],"class_list":["post-1522652","post","type-post","status-publish","format-standard","has-post-thumbnail","hentry","category-comunicados-de-prensa","category-contenido-original","category-humanismo-espiritualidad","category-sudamerica","tag-natalia-ibanez","tag-partido-humanista-de-chile"],"yoast_head":"<!-- This site is optimized with the Yoast SEO plugin v27.1.1 - https:\/\/yoast.com\/product\/yoast-seo-wordpress\/ -->\n<title>Feminista y lesbiana es electa nueva Presidenta del Partido Humanista chileno<\/title>\n<meta name=\"description\" content=\"Natalia Ib\u00e1\u00f1ez Donoso liderar\u00e1 el proceso de refundaci\u00f3n que atraviesa la contienda humanista en Chile. En una votaci\u00f3n interna efectuada por la\" \/>\n<meta name=\"robots\" content=\"index, follow, max-snippet:-1, max-image-preview:large, max-video-preview:-1\" \/>\n<link rel=\"canonical\" href=\"https:\/\/www.pressenza.com\/es\/2022\/02\/feminista-y-lesbiana-es-electa-nueva-presidenta-del-partido-humanista-chileno\/\" \/>\n<meta property=\"og:locale\" content=\"es_ES\" \/>\n<meta property=\"og:type\" content=\"article\" \/>\n<meta property=\"og:title\" content=\"Feminista y lesbiana es electa nueva Presidenta del Partido Humanista chileno\" \/>\n<meta property=\"og:description\" content=\"Natalia Ib\u00e1\u00f1ez Donoso liderar\u00e1 el proceso de refundaci\u00f3n que atraviesa la contienda humanista en Chile. En una votaci\u00f3n interna efectuada por la\" \/>\n<meta property=\"og:url\" content=\"https:\/\/www.pressenza.com\/es\/2022\/02\/feminista-y-lesbiana-es-electa-nueva-presidenta-del-partido-humanista-chileno\/\" \/>\n<meta property=\"og:site_name\" content=\"Pressenza\" \/>\n<meta property=\"article:publisher\" content=\"https:\/\/www.facebook.com\/PressenzaItalia\" \/>\n<meta property=\"article:author\" content=\"https:\/\/www.facebook.com\/PartidoHumanistaChile?fref=ts\" \/>\n<meta property=\"article:published_time\" content=\"2022-02-17T22:36:48+00:00\" \/>\n<meta property=\"og:image\" content=\"https:\/\/www.pressenza.com\/wp-content\/uploads\/2022\/02\/4140f987-0122-4fa6-861b-6efd13970140.jpg\" \/>\n\t<meta property=\"og:image:width\" content=\"537\" \/>\n\t<meta property=\"og:image:height\" content=\"522\" \/>\n\t<meta property=\"og:image:type\" content=\"image\/jpeg\" \/>\n<meta name=\"author\" content=\"Partido Humanista de Chile\" \/>\n<meta name=\"twitter:card\" content=\"summary_large_image\" \/>\n<meta name=\"twitter:creator\" content=\"@phumanista\" \/>\n<meta name=\"twitter:site\" content=\"@PressenzaIPA\" \/>\n<meta name=\"twitter:label1\" content=\"Escrito por\" \/>\n\t<meta name=\"twitter:data1\" content=\"Partido Humanista de Chile\" \/>\n\t<meta name=\"twitter:label2\" content=\"Tiempo de lectura\" \/>\n\t<meta name=\"twitter:data2\" content=\"2 minutos\" \/>\n<script type=\"application\/ld+json\" class=\"yoast-schema-graph\">{\"@context\":\"https:\/\/schema.org\",\"@graph\":[{\"@type\":\"Article\",\"@id\":\"https:\/\/www.pressenza.com\/es\/2022\/02\/feminista-y-lesbiana-es-electa-nueva-presidenta-del-partido-humanista-chileno\/#article\",\"isPartOf\":{\"@id\":\"https:\/\/www.pressenza.com\/es\/2022\/02\/feminista-y-lesbiana-es-electa-nueva-presidenta-del-partido-humanista-chileno\/\"},\"author\":{\"name\":\"Partido Humanista de Chile\",\"@id\":\"https:\/\/www.pressenza.com\/es\/#\/schema\/person\/21472c42980bab786ff5a256b8239bf5\"},\"headline\":\"Feminista y lesbiana es electa nueva Presidenta del Partido Humanista chileno\",\"datePublished\":\"2022-02-17T22:36:48+00:00\",\"mainEntityOfPage\":{\"@id\":\"https:\/\/www.pressenza.com\/es\/2022\/02\/feminista-y-lesbiana-es-electa-nueva-presidenta-del-partido-humanista-chileno\/\"},\"wordCount\":351,\"publisher\":{\"@id\":\"https:\/\/www.pressenza.com\/es\/#organization\"},\"image\":{\"@id\":\"https:\/\/www.pressenza.com\/es\/2022\/02\/feminista-y-lesbiana-es-electa-nueva-presidenta-del-partido-humanista-chileno\/#primaryimage\"},\"thumbnailUrl\":\"https:\/\/www.pressenza.com\/wp-content\/uploads\/2022\/02\/4140f987-0122-4fa6-861b-6efd13970140.jpg\",\"keywords\":[\"Natalia Ib\u00e1\u00f1ez\",\"Partido Humanista de Chile\"],\"articleSection\":[\"Comunicados de Prensa\",\"Contenido Original\",\"Humanismo y Espiritualidad\",\"Sudam\u00e9rica\"],\"inLanguage\":\"es\"},{\"@type\":\"WebPage\",\"@id\":\"https:\/\/www.pressenza.com\/es\/2022\/02\/feminista-y-lesbiana-es-electa-nueva-presidenta-del-partido-humanista-chileno\/\",\"url\":\"https:\/\/www.pressenza.com\/es\/2022\/02\/feminista-y-lesbiana-es-electa-nueva-presidenta-del-partido-humanista-chileno\/\",\"name\":\"Feminista y lesbiana es electa nueva Presidenta del Partido Humanista chileno\",\"isPartOf\":{\"@id\":\"https:\/\/www.pressenza.com\/es\/#website\"},\"primaryImageOfPage\":{\"@id\":\"https:\/\/www.pressenza.com\/es\/2022\/02\/feminista-y-lesbiana-es-electa-nueva-presidenta-del-partido-humanista-chileno\/#primaryimage\"},\"image\":{\"@id\":\"https:\/\/www.pressenza.com\/es\/2022\/02\/feminista-y-lesbiana-es-electa-nueva-presidenta-del-partido-humanista-chileno\/#primaryimage\"},\"thumbnailUrl\":\"https:\/\/www.pressenza.com\/wp-content\/uploads\/2022\/02\/4140f987-0122-4fa6-861b-6efd13970140.jpg\",\"datePublished\":\"2022-02-17T22:36:48+00:00\",\"description\":\"Natalia Ib\u00e1\u00f1ez Donoso liderar\u00e1 el proceso de refundaci\u00f3n que atraviesa la contienda humanista en Chile. En una votaci\u00f3n interna efectuada por la\",\"breadcrumb\":{\"@id\":\"https:\/\/www.pressenza.com\/es\/2022\/02\/feminista-y-lesbiana-es-electa-nueva-presidenta-del-partido-humanista-chileno\/#breadcrumb\"},\"inLanguage\":\"es\",\"potentialAction\":[{\"@type\":\"ReadAction\",\"target\":[\"https:\/\/www.pressenza.com\/es\/2022\/02\/feminista-y-lesbiana-es-electa-nueva-presidenta-del-partido-humanista-chileno\/\"]}]},{\"@type\":\"ImageObject\",\"inLanguage\":\"es\",\"@id\":\"https:\/\/www.pressenza.com\/es\/2022\/02\/feminista-y-lesbiana-es-electa-nueva-presidenta-del-partido-humanista-chileno\/#primaryimage\",\"url\":\"https:\/\/www.pressenza.com\/wp-content\/uploads\/2022\/02\/4140f987-0122-4fa6-861b-6efd13970140.jpg\",\"contentUrl\":\"https:\/\/www.pressenza.com\/wp-content\/uploads\/2022\/02\/4140f987-0122-4fa6-861b-6efd13970140.jpg\",\"width\":537,\"height\":522,\"caption\":\"Partido Humanista de Chile\"},{\"@type\":\"BreadcrumbList\",\"@id\":\"https:\/\/www.pressenza.com\/es\/2022\/02\/feminista-y-lesbiana-es-electa-nueva-presidenta-del-partido-humanista-chileno\/#breadcrumb\",\"itemListElement\":[{\"@type\":\"ListItem\",\"position\":1,\"name\":\"Accueil\",\"item\":\"https:\/\/www.pressenza.com\/es\/\"},{\"@type\":\"ListItem\",\"position\":2,\"name\":\"Feminista y lesbiana es electa nueva Presidenta del Partido Humanista chileno\"}]},{\"@type\":\"WebSite\",\"@id\":\"https:\/\/www.pressenza.com\/es\/#website\",\"url\":\"https:\/\/www.pressenza.com\/es\/\",\"name\":\"Pressenza\",\"description\":\"International Press Agency\",\"publisher\":{\"@id\":\"https:\/\/www.pressenza.com\/es\/#organization\"},\"potentialAction\":[{\"@type\":\"SearchAction\",\"target\":{\"@type\":\"EntryPoint\",\"urlTemplate\":\"https:\/\/www.pressenza.com\/es\/?s={search_term_string}\"},\"query-input\":{\"@type\":\"PropertyValueSpecification\",\"valueRequired\":true,\"valueName\":\"search_term_string\"}}],\"inLanguage\":\"es\"},{\"@type\":\"Organization\",\"@id\":\"https:\/\/www.pressenza.com\/es\/#organization\",\"name\":\"Pressenza\",\"url\":\"https:\/\/www.pressenza.com\/es\/\",\"logo\":{\"@type\":\"ImageObject\",\"inLanguage\":\"es\",\"@id\":\"https:\/\/www.pressenza.com\/es\/#\/schema\/logo\/image\/\",\"url\":\"https:\/\/www.pressenza.com\/wp-content\/uploads\/2022\/10\/pressenza_logo_200x200.jpg\",\"contentUrl\":\"https:\/\/www.pressenza.com\/wp-content\/uploads\/2022\/10\/pressenza_logo_200x200.jpg\",\"width\":200,\"height\":200,\"caption\":\"Pressenza\"},\"image\":{\"@id\":\"https:\/\/www.pressenza.com\/es\/#\/schema\/logo\/image\/\"},\"sameAs\":[\"https:\/\/www.facebook.com\/PressenzaItalia\",\"https:\/\/x.com\/PressenzaIPA\"]},{\"@type\":\"Person\",\"@id\":\"https:\/\/www.pressenza.com\/es\/#\/schema\/person\/21472c42980bab786ff5a256b8239bf5\",\"name\":\"Partido Humanista de Chile\",\"description\":\"www.partidohumanista.cl\",\"sameAs\":[\"https:\/\/www.facebook.com\/PartidoHumanistaChile?fref=ts\",\"https:\/\/x.com\/phumanista\"],\"url\":\"https:\/\/www.pressenza.com\/es\/author\/partido-humanista-de-chile\/\"}]}<\/script>\n<!-- \/ Yoast SEO plugin. -->","yoast_head_json":{"title":"Feminista y lesbiana es electa nueva Presidenta del Partido Humanista chileno","description":"Natalia Ib\u00e1\u00f1ez Donoso liderar\u00e1 el proceso de refundaci\u00f3n que atraviesa la contienda humanista en Chile. En una votaci\u00f3n interna efectuada por la","robots":{"index":"index","follow":"follow","max-snippet":"max-snippet:-1","max-image-preview":"max-image-preview:large","max-video-preview":"max-video-preview:-1"},"canonical":"https:\/\/www.pressenza.com\/es\/2022\/02\/feminista-y-lesbiana-es-electa-nueva-presidenta-del-partido-humanista-chileno\/","og_locale":"es_ES","og_type":"article","og_title":"Feminista y lesbiana es electa nueva Presidenta del Partido Humanista chileno","og_description":"Natalia Ib\u00e1\u00f1ez Donoso liderar\u00e1 el proceso de refundaci\u00f3n que atraviesa la contienda humanista en Chile. En una votaci\u00f3n interna efectuada por la","og_url":"https:\/\/www.pressenza.com\/es\/2022\/02\/feminista-y-lesbiana-es-electa-nueva-presidenta-del-partido-humanista-chileno\/","og_site_name":"Pressenza","article_publisher":"https:\/\/www.facebook.com\/PressenzaItalia","article_author":"https:\/\/www.facebook.com\/PartidoHumanistaChile?fref=ts","article_published_time":"2022-02-17T22:36:48+00:00","og_image":[{"width":537,"height":522,"url":"https:\/\/www.pressenza.com\/wp-content\/uploads\/2022\/02\/4140f987-0122-4fa6-861b-6efd13970140.jpg","type":"image\/jpeg"}],"author":"Partido Humanista de Chile","twitter_card":"summary_large_image","twitter_creator":"@phumanista","twitter_site":"@PressenzaIPA","twitter_misc":{"Escrito por":"Partido Humanista de Chile","Tiempo de lectura":"2 minutos"},"schema":{"@context":"https:\/\/schema.org","@graph":[{"@type":"Article","@id":"https:\/\/www.pressenza.com\/es\/2022\/02\/feminista-y-lesbiana-es-electa-nueva-presidenta-del-partido-humanista-chileno\/#article","isPartOf":{"@id":"https:\/\/www.pressenza.com\/es\/2022\/02\/feminista-y-lesbiana-es-electa-nueva-presidenta-del-partido-humanista-chileno\/"},"author":{"name":"Partido Humanista de Chile","@id":"https:\/\/www.pressenza.com\/es\/#\/schema\/person\/21472c42980bab786ff5a256b8239bf5"},"headline":"Feminista y lesbiana es electa nueva Presidenta del Partido Humanista chileno","datePublished":"2022-02-17T22:36:48+00:00","mainEntityOfPage":{"@id":"https:\/\/www.pressenza.com\/es\/2022\/02\/feminista-y-lesbiana-es-electa-nueva-presidenta-del-partido-humanista-chileno\/"},"wordCount":351,"publisher":{"@id":"https:\/\/www.pressenza.com\/es\/#organization"},"image":{"@id":"https:\/\/www.pressenza.com\/es\/2022\/02\/feminista-y-lesbiana-es-electa-nueva-presidenta-del-partido-humanista-chileno\/#primaryimage"},"thumbnailUrl":"https:\/\/www.pressenza.com\/wp-content\/uploads\/2022\/02\/4140f987-0122-4fa6-861b-6efd13970140.jpg","keywords":["Natalia Ib\u00e1\u00f1ez","Partido Humanista de Chile"],"articleSection":["Comunicados de Prensa","Contenido Original","Humanismo y Espiritualidad","Sudam\u00e9rica"],"inLanguage":"es"},{"@type":"WebPage","@id":"https:\/\/www.pressenza.com\/es\/2022\/02\/feminista-y-lesbiana-es-electa-nueva-presidenta-del-partido-humanista-chileno\/","url":"https:\/\/www.pressenza.com\/es\/2022\/02\/feminista-y-lesbiana-es-electa-nueva-presidenta-del-partido-humanista-chileno\/","name":"Feminista y lesbiana es electa nueva Presidenta del Partido Humanista chileno","isPartOf":{"@id":"https:\/\/www.pressenza.com\/es\/#website"},"primaryImageOfPage":{"@id":"https:\/\/www.pressenza.com\/es\/2022\/02\/feminista-y-lesbiana-es-electa-nueva-presidenta-del-partido-humanista-chileno\/#primaryimage"},"image":{"@id":"https:\/\/www.pressenza.com\/es\/2022\/02\/feminista-y-lesbiana-es-electa-nueva-presidenta-del-partido-humanista-chileno\/#primaryimage"},"thumbnailUrl":"https:\/\/www.pressenza.com\/wp-content\/uploads\/2022\/02\/4140f987-0122-4fa6-861b-6efd13970140.jpg","datePublished":"2022-02-17T22:36:48+00:00","description":"Natalia Ib\u00e1\u00f1ez Donoso liderar\u00e1 el proceso de refundaci\u00f3n que atraviesa la contienda humanista en Chile. En una votaci\u00f3n interna efectuada por la","breadcrumb":{"@id":"https:\/\/www.pressenza.com\/es\/2022\/02\/feminista-y-lesbiana-es-electa-nueva-presidenta-del-partido-humanista-chileno\/#breadcrumb"},"inLanguage":"es","potentialAction":[{"@type":"ReadAction","target":["https:\/\/www.pressenza.com\/es\/2022\/02\/feminista-y-lesbiana-es-electa-nueva-presidenta-del-partido-humanista-chileno\/"]}]},{"@type":"ImageObject","inLanguage":"es","@id":"https:\/\/www.pressenza.com\/es\/2022\/02\/feminista-y-lesbiana-es-electa-nueva-presidenta-del-partido-humanista-chileno\/#primaryimage","url":"https:\/\/www.pressenza.com\/wp-content\/uploads\/2022\/02\/4140f987-0122-4fa6-861b-6efd13970140.jpg","contentUrl":"https:\/\/www.pressenza.com\/wp-content\/uploads\/2022\/02\/4140f987-0122-4fa6-861b-6efd13970140.jpg","width":537,"height":522,"caption":"Partido Humanista de Chile"},{"@type":"BreadcrumbList","@id":"https:\/\/www.pressenza.com\/es\/2022\/02\/feminista-y-lesbiana-es-electa-nueva-presidenta-del-partido-humanista-chileno\/#breadcrumb","itemListElement":[{"@type":"ListItem","position":1,"name":"Accueil","item":"https:\/\/www.pressenza.com\/es\/"},{"@type":"ListItem","position":2,"name":"Feminista y lesbiana es electa nueva Presidenta del Partido Humanista chileno"}]},{"@type":"WebSite","@id":"https:\/\/www.pressenza.com\/es\/#website","url":"https:\/\/www.pressenza.com\/es\/","name":"Pressenza","description":"International Press Agency","publisher":{"@id":"https:\/\/www.pressenza.com\/es\/#organization"},"potentialAction":[{"@type":"SearchAction","target":{"@type":"EntryPoint","urlTemplate":"https:\/\/www.pressenza.com\/es\/?s={search_term_string}"},"query-input":{"@type":"PropertyValueSpecification","valueRequired":true,"valueName":"search_term_string"}}],"inLanguage":"es"},{"@type":"Organization","@id":"https:\/\/www.pressenza.com\/es\/#organization","name":"Pressenza","url":"https:\/\/www.pressenza.com\/es\/","logo":{"@type":"ImageObject","inLanguage":"es","@id":"https:\/\/www.pressenza.com\/es\/#\/schema\/logo\/image\/","url":"https:\/\/www.pressenza.com\/wp-content\/uploads\/2022\/10\/pressenza_logo_200x200.jpg","contentUrl":"https:\/\/www.pressenza.com\/wp-content\/uploads\/2022\/10\/pressenza_logo_200x200.jpg","width":200,"height":200,"caption":"Pressenza"},"image":{"@id":"https:\/\/www.pressenza.com\/es\/#\/schema\/logo\/image\/"},"sameAs":["https:\/\/www.facebook.com\/PressenzaItalia","https:\/\/x.com\/PressenzaIPA"]},{"@type":"Person","@id":"https:\/\/www.pressenza.com\/es\/#\/schema\/person\/21472c42980bab786ff5a256b8239bf5","name":"Partido Humanista de Chile","description":"www.partidohumanista.cl","sameAs":["https:\/\/www.facebook.com\/PartidoHumanistaChile?fref=ts","https:\/\/x.com\/phumanista"],"url":"https:\/\/www.pressenza.com\/es\/author\/partido-humanista-de-chile\/"}]}},"place":"Santiago de Chile","original_article_url":"","_links":{"self":[{"href":"https:\/\/www.pressenza.com\/es\/wp-json\/wp\/v2\/posts\/1522652","targetHints":{"allow":["GET"]}}],"collection":[{"href":"https:\/\/www.pressenza.com\/es\/wp-json\/wp\/v2\/posts"}],"about":[{"href":"https:\/\/www.pressenza.com\/es\/wp-json\/wp\/v2\/types\/post"}],"author":[{"embeddable":true,"href":"https:\/\/www.pressenza.com\/es\/wp-json\/wp\/v2\/users\/386"}],"replies":[{"embeddable":true,"href":"https:\/\/www.pressenza.com\/es\/wp-json\/wp\/v2\/comments?post=1522652"}],"version-history":[{"count":0,"href":"https:\/\/www.pressenza.com\/es\/wp-json\/wp\/v2\/posts\/1522652\/revisions"}],"wp:featuredmedia":[{"embeddable":true,"href":"https:\/\/www.pressenza.com\/es\/wp-json\/wp\/v2\/media\/1522654"}],"wp:attachment":[{"href":"https:\/\/www.pressenza.com\/es\/wp-json\/wp\/v2\/media?parent=1522652"}],"wp:term":[{"taxonomy":"category","embeddable":true,"href":"https:\/\/www.pressenza.com\/es\/wp-json\/wp\/v2\/categories?post=1522652"},{"taxonomy":"post_tag","embeddable":true,"href":"https:\/\/www.pressenza.com\/es\/wp-json\/wp\/v2\/tags?post=1522652"}],"curies":[{"name":"wp","href":"https:\/\/api.w.org\/{rel}","templated":true}]}}