{"id":1519265,"date":"2022-02-12T04:09:03","date_gmt":"2022-02-12T04:09:03","guid":{"rendered":"https:\/\/www.pressenza.com\/?p=1519265"},"modified":"2022-02-12T04:09:03","modified_gmt":"2022-02-12T04:09:03","slug":"comienza-un-historica-demanda-por-los-derechos-de-la-comunidad-indigena-guatemalteca-maya-qeqchi","status":"publish","type":"post","link":"https:\/\/www.pressenza.com\/es\/2022\/02\/comienza-un-historica-demanda-por-los-derechos-de-la-comunidad-indigena-guatemalteca-maya-qeqchi\/","title":{"rendered":"Comienza un hist\u00f3rica demanda por los derechos de la comunidad ind\u00edgena guatemalteca Maya Q\u2019eqchi\u2019"},"content":{"rendered":"<p>En Costa Rica, la Corte Interamericana de Derechos Humanos escuch\u00f3 este mi\u00e9rcoles los alegatos orales de un caso hist\u00f3rico en el que una comunidad ind\u00edgena acusa al Gobierno guatemalteco de violar los derechos colectivos sobre sus territorios ancestrales. Los residentes de la comunidad ind\u00edgena Maya Q\u2019eqchi\u2019 de Agua Caliente, ubicada en el municipio El Estor, al este de Guatemala, han intentado obtener t\u00edtulos formales de sus tierras durante m\u00e1s de 40 a\u00f1os para evitar la instalaci\u00f3n de proyectos extractivos en sus territorios. Rodrigo Tot, un l\u00edder de la comunidad Maya Q\u2019eqchi\u2019 y ganador del Premio Ambiental Goldman en 2017, testific\u00f3 ante el \u00f3rgano judicial internacional sobre los actos represivos cometidos por el Gobierno guatemalteco contra \u00e9l y otros defensores de la tierra.<\/p>\n<p>    Rodrigo Tot: \u201cComo resultado de toda esta lucha, tenemos muchas amenazas, extorsiones y, tambi\u00e9n, el m\u00e1s doloroso, la p\u00e9rdida de mi hijo. Se equivocaron los que asesinaron a mi hijo, porque ellos pensaron que asesinando a mi hijo yo me iba a callar. Ahora lo que me motiva es que, desde que asesinaron a mi hijo hasta esta fecha, se han levantado otros l\u00edderes m\u00e1s. Alrededor de unos 15 o 20 l\u00edderes m\u00e1s se han levantado, igual o mejor, como yo estoy luchando tambi\u00e9n por nuestra tierra\u201d.<\/p>\n","protected":false},"excerpt":{"rendered":"<p>En Costa Rica, la Corte Interamericana de Derechos Humanos escuch\u00f3 este mi\u00e9rcoles los alegatos orales de un caso hist\u00f3rico en el que una comunidad ind\u00edgena acusa al Gobierno guatemalteco de violar los derechos colectivos sobre sus territorios ancestrales. Los residentes&hellip;<\/p>\n","protected":false},"author":77,"featured_media":1519266,"comment_status":"closed","ping_status":"closed","sticky":false,"template":"","format":"standard","meta":{"footnotes":""},"categories":[69,79,80],"tags":[99214,57255,1497],"class_list":["post-1519265","post","type-post","status-publish","format-standard","has-post-thumbnail","hentry","category-america-central","category-derechos-humanos","category-pueblos-originarios","tag-derechos-de-pueblos-indigenas","tag-luchas-sociales","tag-movimientos-sociales"],"yoast_head":"<!-- This site is optimized with the Yoast SEO plugin v27.1.1 - https:\/\/yoast.com\/product\/yoast-seo-wordpress\/ -->\n<title>Comienza un hist\u00f3rica demanda por los derechos de la comunidad ind\u00edgena guatemalteca Maya Q\u2019eqchi\u2019<\/title>\n<meta name=\"description\" content=\"En Costa Rica, la Corte Interamericana de Derechos Humanos escuch\u00f3 este mi\u00e9rcoles los alegatos orales de un caso hist\u00f3rico en el que una comunidad\" \/>\n<meta name=\"robots\" content=\"index, follow, max-snippet:-1, max-image-preview:large, max-video-preview:-1\" \/>\n<link rel=\"canonical\" href=\"https:\/\/www.pressenza.com\/es\/2022\/02\/comienza-un-historica-demanda-por-los-derechos-de-la-comunidad-indigena-guatemalteca-maya-qeqchi\/\" \/>\n<meta property=\"og:locale\" content=\"es_ES\" \/>\n<meta property=\"og:type\" content=\"article\" \/>\n<meta property=\"og:title\" content=\"Comienza un hist\u00f3rica demanda por los derechos de la comunidad ind\u00edgena guatemalteca Maya Q\u2019eqchi\u2019\" \/>\n<meta property=\"og:description\" content=\"En Costa Rica, la Corte Interamericana de Derechos Humanos escuch\u00f3 este mi\u00e9rcoles los alegatos orales de un caso hist\u00f3rico en el que una comunidad\" \/>\n<meta property=\"og:url\" content=\"https:\/\/www.pressenza.com\/es\/2022\/02\/comienza-un-historica-demanda-por-los-derechos-de-la-comunidad-indigena-guatemalteca-maya-qeqchi\/\" \/>\n<meta property=\"og:site_name\" content=\"Pressenza\" \/>\n<meta property=\"article:publisher\" content=\"https:\/\/www.facebook.com\/PressenzaItalia\" \/>\n<meta property=\"article:author\" content=\"https:\/\/www.facebook.com\/democracynow\/?fref=ts\" \/>\n<meta property=\"article:published_time\" content=\"2022-02-12T04:09:03+00:00\" \/>\n<meta property=\"og:image\" content=\"https:\/\/www.pressenza.com\/wp-content\/uploads\/2022\/02\/HL9-Guatemala.jpg\" \/>\n\t<meta property=\"og:image:width\" content=\"960\" \/>\n\t<meta property=\"og:image:height\" content=\"540\" \/>\n\t<meta property=\"og:image:type\" content=\"image\/jpeg\" \/>\n<meta name=\"author\" content=\"Democracy Now!\" \/>\n<meta name=\"twitter:card\" content=\"summary_large_image\" \/>\n<meta name=\"twitter:creator\" content=\"@democracynow\" \/>\n<meta name=\"twitter:site\" content=\"@PressenzaIPA\" \/>\n<meta name=\"twitter:label1\" content=\"Escrito por\" \/>\n\t<meta name=\"twitter:data1\" content=\"Democracy Now!\" \/>\n\t<meta name=\"twitter:label2\" content=\"Tiempo de lectura\" \/>\n\t<meta name=\"twitter:data2\" content=\"1 minuto\" \/>\n<script type=\"application\/ld+json\" class=\"yoast-schema-graph\">{\"@context\":\"https:\/\/schema.org\",\"@graph\":[{\"@type\":\"Article\",\"@id\":\"https:\/\/www.pressenza.com\/es\/2022\/02\/comienza-un-historica-demanda-por-los-derechos-de-la-comunidad-indigena-guatemalteca-maya-qeqchi\/#article\",\"isPartOf\":{\"@id\":\"https:\/\/www.pressenza.com\/es\/2022\/02\/comienza-un-historica-demanda-por-los-derechos-de-la-comunidad-indigena-guatemalteca-maya-qeqchi\/\"},\"author\":{\"name\":\"Democracy Now!\",\"@id\":\"https:\/\/www.pressenza.com\/es\/#\/schema\/person\/6dbfa31ebecf081166f6ed11c10f262c\"},\"headline\":\"Comienza un hist\u00f3rica demanda por los derechos de la comunidad ind\u00edgena guatemalteca Maya Q\u2019eqchi\u2019\",\"datePublished\":\"2022-02-12T04:09:03+00:00\",\"mainEntityOfPage\":{\"@id\":\"https:\/\/www.pressenza.com\/es\/2022\/02\/comienza-un-historica-demanda-por-los-derechos-de-la-comunidad-indigena-guatemalteca-maya-qeqchi\/\"},\"wordCount\":241,\"publisher\":{\"@id\":\"https:\/\/www.pressenza.com\/es\/#organization\"},\"image\":{\"@id\":\"https:\/\/www.pressenza.com\/es\/2022\/02\/comienza-un-historica-demanda-por-los-derechos-de-la-comunidad-indigena-guatemalteca-maya-qeqchi\/#primaryimage\"},\"thumbnailUrl\":\"https:\/\/www.pressenza.com\/wp-content\/uploads\/2022\/02\/HL9-Guatemala.jpg\",\"keywords\":[\"Derechos de pueblos ind\u00edgenas\",\"luchas sociales\",\"movimientos sociales\"],\"articleSection\":[\"Am\u00e9rica Central\",\"Derechos Humanos\",\"Pueblos Originarios\"],\"inLanguage\":\"es\"},{\"@type\":\"WebPage\",\"@id\":\"https:\/\/www.pressenza.com\/es\/2022\/02\/comienza-un-historica-demanda-por-los-derechos-de-la-comunidad-indigena-guatemalteca-maya-qeqchi\/\",\"url\":\"https:\/\/www.pressenza.com\/es\/2022\/02\/comienza-un-historica-demanda-por-los-derechos-de-la-comunidad-indigena-guatemalteca-maya-qeqchi\/\",\"name\":\"Comienza un hist\u00f3rica demanda por los derechos de la comunidad ind\u00edgena guatemalteca Maya Q\u2019eqchi\u2019\",\"isPartOf\":{\"@id\":\"https:\/\/www.pressenza.com\/es\/#website\"},\"primaryImageOfPage\":{\"@id\":\"https:\/\/www.pressenza.com\/es\/2022\/02\/comienza-un-historica-demanda-por-los-derechos-de-la-comunidad-indigena-guatemalteca-maya-qeqchi\/#primaryimage\"},\"image\":{\"@id\":\"https:\/\/www.pressenza.com\/es\/2022\/02\/comienza-un-historica-demanda-por-los-derechos-de-la-comunidad-indigena-guatemalteca-maya-qeqchi\/#primaryimage\"},\"thumbnailUrl\":\"https:\/\/www.pressenza.com\/wp-content\/uploads\/2022\/02\/HL9-Guatemala.jpg\",\"datePublished\":\"2022-02-12T04:09:03+00:00\",\"description\":\"En Costa Rica, la Corte Interamericana de Derechos Humanos escuch\u00f3 este mi\u00e9rcoles los alegatos orales de un caso hist\u00f3rico en el que una comunidad\",\"breadcrumb\":{\"@id\":\"https:\/\/www.pressenza.com\/es\/2022\/02\/comienza-un-historica-demanda-por-los-derechos-de-la-comunidad-indigena-guatemalteca-maya-qeqchi\/#breadcrumb\"},\"inLanguage\":\"es\",\"potentialAction\":[{\"@type\":\"ReadAction\",\"target\":[\"https:\/\/www.pressenza.com\/es\/2022\/02\/comienza-un-historica-demanda-por-los-derechos-de-la-comunidad-indigena-guatemalteca-maya-qeqchi\/\"]}]},{\"@type\":\"ImageObject\",\"inLanguage\":\"es\",\"@id\":\"https:\/\/www.pressenza.com\/es\/2022\/02\/comienza-un-historica-demanda-por-los-derechos-de-la-comunidad-indigena-guatemalteca-maya-qeqchi\/#primaryimage\",\"url\":\"https:\/\/www.pressenza.com\/wp-content\/uploads\/2022\/02\/HL9-Guatemala.jpg\",\"contentUrl\":\"https:\/\/www.pressenza.com\/wp-content\/uploads\/2022\/02\/HL9-Guatemala.jpg\",\"width\":960,\"height\":540},{\"@type\":\"BreadcrumbList\",\"@id\":\"https:\/\/www.pressenza.com\/es\/2022\/02\/comienza-un-historica-demanda-por-los-derechos-de-la-comunidad-indigena-guatemalteca-maya-qeqchi\/#breadcrumb\",\"itemListElement\":[{\"@type\":\"ListItem\",\"position\":1,\"name\":\"Accueil\",\"item\":\"https:\/\/www.pressenza.com\/es\/\"},{\"@type\":\"ListItem\",\"position\":2,\"name\":\"Comienza un hist\u00f3rica demanda por los derechos de la comunidad ind\u00edgena guatemalteca Maya Q\u2019eqchi\u2019\"}]},{\"@type\":\"WebSite\",\"@id\":\"https:\/\/www.pressenza.com\/es\/#website\",\"url\":\"https:\/\/www.pressenza.com\/es\/\",\"name\":\"Pressenza\",\"description\":\"International Press Agency\",\"publisher\":{\"@id\":\"https:\/\/www.pressenza.com\/es\/#organization\"},\"potentialAction\":[{\"@type\":\"SearchAction\",\"target\":{\"@type\":\"EntryPoint\",\"urlTemplate\":\"https:\/\/www.pressenza.com\/es\/?s={search_term_string}\"},\"query-input\":{\"@type\":\"PropertyValueSpecification\",\"valueRequired\":true,\"valueName\":\"search_term_string\"}}],\"inLanguage\":\"es\"},{\"@type\":\"Organization\",\"@id\":\"https:\/\/www.pressenza.com\/es\/#organization\",\"name\":\"Pressenza\",\"url\":\"https:\/\/www.pressenza.com\/es\/\",\"logo\":{\"@type\":\"ImageObject\",\"inLanguage\":\"es\",\"@id\":\"https:\/\/www.pressenza.com\/es\/#\/schema\/logo\/image\/\",\"url\":\"https:\/\/www.pressenza.com\/wp-content\/uploads\/2022\/10\/pressenza_logo_200x200.jpg\",\"contentUrl\":\"https:\/\/www.pressenza.com\/wp-content\/uploads\/2022\/10\/pressenza_logo_200x200.jpg\",\"width\":200,\"height\":200,\"caption\":\"Pressenza\"},\"image\":{\"@id\":\"https:\/\/www.pressenza.com\/es\/#\/schema\/logo\/image\/\"},\"sameAs\":[\"https:\/\/www.facebook.com\/PressenzaItalia\",\"https:\/\/x.com\/PressenzaIPA\"]},{\"@type\":\"Person\",\"@id\":\"https:\/\/www.pressenza.com\/es\/#\/schema\/person\/6dbfa31ebecf081166f6ed11c10f262c\",\"name\":\"Democracy Now!\",\"description\":\"Democracy Now! is a national, daily, independent, award-winning news program hosted by journalists Amy Goodman and Juan Gonzalez. www.democracynow.org\",\"sameAs\":[\"http:\/\/www.democracynow.org\",\"https:\/\/www.facebook.com\/democracynow\/?fref=ts\",\"https:\/\/x.com\/democracynow\"],\"url\":\"https:\/\/www.pressenza.com\/es\/author\/democracy-now\/\"}]}<\/script>\n<!-- \/ Yoast SEO plugin. -->","yoast_head_json":{"title":"Comienza un hist\u00f3rica demanda por los derechos de la comunidad ind\u00edgena guatemalteca Maya Q\u2019eqchi\u2019","description":"En Costa Rica, la Corte Interamericana de Derechos Humanos escuch\u00f3 este mi\u00e9rcoles los alegatos orales de un caso hist\u00f3rico en el que una comunidad","robots":{"index":"index","follow":"follow","max-snippet":"max-snippet:-1","max-image-preview":"max-image-preview:large","max-video-preview":"max-video-preview:-1"},"canonical":"https:\/\/www.pressenza.com\/es\/2022\/02\/comienza-un-historica-demanda-por-los-derechos-de-la-comunidad-indigena-guatemalteca-maya-qeqchi\/","og_locale":"es_ES","og_type":"article","og_title":"Comienza un hist\u00f3rica demanda por los derechos de la comunidad ind\u00edgena guatemalteca Maya Q\u2019eqchi\u2019","og_description":"En Costa Rica, la Corte Interamericana de Derechos Humanos escuch\u00f3 este mi\u00e9rcoles los alegatos orales de un caso hist\u00f3rico en el que una comunidad","og_url":"https:\/\/www.pressenza.com\/es\/2022\/02\/comienza-un-historica-demanda-por-los-derechos-de-la-comunidad-indigena-guatemalteca-maya-qeqchi\/","og_site_name":"Pressenza","article_publisher":"https:\/\/www.facebook.com\/PressenzaItalia","article_author":"https:\/\/www.facebook.com\/democracynow\/?fref=ts","article_published_time":"2022-02-12T04:09:03+00:00","og_image":[{"width":960,"height":540,"url":"https:\/\/www.pressenza.com\/wp-content\/uploads\/2022\/02\/HL9-Guatemala.jpg","type":"image\/jpeg"}],"author":"Democracy Now!","twitter_card":"summary_large_image","twitter_creator":"@democracynow","twitter_site":"@PressenzaIPA","twitter_misc":{"Escrito por":"Democracy Now!","Tiempo de lectura":"1 minuto"},"schema":{"@context":"https:\/\/schema.org","@graph":[{"@type":"Article","@id":"https:\/\/www.pressenza.com\/es\/2022\/02\/comienza-un-historica-demanda-por-los-derechos-de-la-comunidad-indigena-guatemalteca-maya-qeqchi\/#article","isPartOf":{"@id":"https:\/\/www.pressenza.com\/es\/2022\/02\/comienza-un-historica-demanda-por-los-derechos-de-la-comunidad-indigena-guatemalteca-maya-qeqchi\/"},"author":{"name":"Democracy Now!","@id":"https:\/\/www.pressenza.com\/es\/#\/schema\/person\/6dbfa31ebecf081166f6ed11c10f262c"},"headline":"Comienza un hist\u00f3rica demanda por los derechos de la comunidad ind\u00edgena guatemalteca Maya Q\u2019eqchi\u2019","datePublished":"2022-02-12T04:09:03+00:00","mainEntityOfPage":{"@id":"https:\/\/www.pressenza.com\/es\/2022\/02\/comienza-un-historica-demanda-por-los-derechos-de-la-comunidad-indigena-guatemalteca-maya-qeqchi\/"},"wordCount":241,"publisher":{"@id":"https:\/\/www.pressenza.com\/es\/#organization"},"image":{"@id":"https:\/\/www.pressenza.com\/es\/2022\/02\/comienza-un-historica-demanda-por-los-derechos-de-la-comunidad-indigena-guatemalteca-maya-qeqchi\/#primaryimage"},"thumbnailUrl":"https:\/\/www.pressenza.com\/wp-content\/uploads\/2022\/02\/HL9-Guatemala.jpg","keywords":["Derechos de pueblos ind\u00edgenas","luchas sociales","movimientos sociales"],"articleSection":["Am\u00e9rica Central","Derechos Humanos","Pueblos Originarios"],"inLanguage":"es"},{"@type":"WebPage","@id":"https:\/\/www.pressenza.com\/es\/2022\/02\/comienza-un-historica-demanda-por-los-derechos-de-la-comunidad-indigena-guatemalteca-maya-qeqchi\/","url":"https:\/\/www.pressenza.com\/es\/2022\/02\/comienza-un-historica-demanda-por-los-derechos-de-la-comunidad-indigena-guatemalteca-maya-qeqchi\/","name":"Comienza un hist\u00f3rica demanda por los derechos de la comunidad ind\u00edgena guatemalteca Maya Q\u2019eqchi\u2019","isPartOf":{"@id":"https:\/\/www.pressenza.com\/es\/#website"},"primaryImageOfPage":{"@id":"https:\/\/www.pressenza.com\/es\/2022\/02\/comienza-un-historica-demanda-por-los-derechos-de-la-comunidad-indigena-guatemalteca-maya-qeqchi\/#primaryimage"},"image":{"@id":"https:\/\/www.pressenza.com\/es\/2022\/02\/comienza-un-historica-demanda-por-los-derechos-de-la-comunidad-indigena-guatemalteca-maya-qeqchi\/#primaryimage"},"thumbnailUrl":"https:\/\/www.pressenza.com\/wp-content\/uploads\/2022\/02\/HL9-Guatemala.jpg","datePublished":"2022-02-12T04:09:03+00:00","description":"En Costa Rica, la Corte Interamericana de Derechos Humanos escuch\u00f3 este mi\u00e9rcoles los alegatos orales de un caso hist\u00f3rico en el que una comunidad","breadcrumb":{"@id":"https:\/\/www.pressenza.com\/es\/2022\/02\/comienza-un-historica-demanda-por-los-derechos-de-la-comunidad-indigena-guatemalteca-maya-qeqchi\/#breadcrumb"},"inLanguage":"es","potentialAction":[{"@type":"ReadAction","target":["https:\/\/www.pressenza.com\/es\/2022\/02\/comienza-un-historica-demanda-por-los-derechos-de-la-comunidad-indigena-guatemalteca-maya-qeqchi\/"]}]},{"@type":"ImageObject","inLanguage":"es","@id":"https:\/\/www.pressenza.com\/es\/2022\/02\/comienza-un-historica-demanda-por-los-derechos-de-la-comunidad-indigena-guatemalteca-maya-qeqchi\/#primaryimage","url":"https:\/\/www.pressenza.com\/wp-content\/uploads\/2022\/02\/HL9-Guatemala.jpg","contentUrl":"https:\/\/www.pressenza.com\/wp-content\/uploads\/2022\/02\/HL9-Guatemala.jpg","width":960,"height":540},{"@type":"BreadcrumbList","@id":"https:\/\/www.pressenza.com\/es\/2022\/02\/comienza-un-historica-demanda-por-los-derechos-de-la-comunidad-indigena-guatemalteca-maya-qeqchi\/#breadcrumb","itemListElement":[{"@type":"ListItem","position":1,"name":"Accueil","item":"https:\/\/www.pressenza.com\/es\/"},{"@type":"ListItem","position":2,"name":"Comienza un hist\u00f3rica demanda por los derechos de la comunidad ind\u00edgena guatemalteca Maya Q\u2019eqchi\u2019"}]},{"@type":"WebSite","@id":"https:\/\/www.pressenza.com\/es\/#website","url":"https:\/\/www.pressenza.com\/es\/","name":"Pressenza","description":"International Press Agency","publisher":{"@id":"https:\/\/www.pressenza.com\/es\/#organization"},"potentialAction":[{"@type":"SearchAction","target":{"@type":"EntryPoint","urlTemplate":"https:\/\/www.pressenza.com\/es\/?s={search_term_string}"},"query-input":{"@type":"PropertyValueSpecification","valueRequired":true,"valueName":"search_term_string"}}],"inLanguage":"es"},{"@type":"Organization","@id":"https:\/\/www.pressenza.com\/es\/#organization","name":"Pressenza","url":"https:\/\/www.pressenza.com\/es\/","logo":{"@type":"ImageObject","inLanguage":"es","@id":"https:\/\/www.pressenza.com\/es\/#\/schema\/logo\/image\/","url":"https:\/\/www.pressenza.com\/wp-content\/uploads\/2022\/10\/pressenza_logo_200x200.jpg","contentUrl":"https:\/\/www.pressenza.com\/wp-content\/uploads\/2022\/10\/pressenza_logo_200x200.jpg","width":200,"height":200,"caption":"Pressenza"},"image":{"@id":"https:\/\/www.pressenza.com\/es\/#\/schema\/logo\/image\/"},"sameAs":["https:\/\/www.facebook.com\/PressenzaItalia","https:\/\/x.com\/PressenzaIPA"]},{"@type":"Person","@id":"https:\/\/www.pressenza.com\/es\/#\/schema\/person\/6dbfa31ebecf081166f6ed11c10f262c","name":"Democracy Now!","description":"Democracy Now! is a national, daily, independent, award-winning news program hosted by journalists Amy Goodman and Juan Gonzalez. www.democracynow.org","sameAs":["http:\/\/www.democracynow.org","https:\/\/www.facebook.com\/democracynow\/?fref=ts","https:\/\/x.com\/democracynow"],"url":"https:\/\/www.pressenza.com\/es\/author\/democracy-now\/"}]}},"place":"San Jos\u00e9","original_article_url":"https:\/\/www.democracynow.org\/es\/2022\/2\/11\/titulares\/historic_rights_trial_brought_by_guatemalan_maya_qeqchi_community_gets_underway","_links":{"self":[{"href":"https:\/\/www.pressenza.com\/es\/wp-json\/wp\/v2\/posts\/1519265","targetHints":{"allow":["GET"]}}],"collection":[{"href":"https:\/\/www.pressenza.com\/es\/wp-json\/wp\/v2\/posts"}],"about":[{"href":"https:\/\/www.pressenza.com\/es\/wp-json\/wp\/v2\/types\/post"}],"author":[{"embeddable":true,"href":"https:\/\/www.pressenza.com\/es\/wp-json\/wp\/v2\/users\/77"}],"replies":[{"embeddable":true,"href":"https:\/\/www.pressenza.com\/es\/wp-json\/wp\/v2\/comments?post=1519265"}],"version-history":[{"count":0,"href":"https:\/\/www.pressenza.com\/es\/wp-json\/wp\/v2\/posts\/1519265\/revisions"}],"wp:featuredmedia":[{"embeddable":true,"href":"https:\/\/www.pressenza.com\/es\/wp-json\/wp\/v2\/media\/1519266"}],"wp:attachment":[{"href":"https:\/\/www.pressenza.com\/es\/wp-json\/wp\/v2\/media?parent=1519265"}],"wp:term":[{"taxonomy":"category","embeddable":true,"href":"https:\/\/www.pressenza.com\/es\/wp-json\/wp\/v2\/categories?post=1519265"},{"taxonomy":"post_tag","embeddable":true,"href":"https:\/\/www.pressenza.com\/es\/wp-json\/wp\/v2\/tags?post=1519265"}],"curies":[{"name":"wp","href":"https:\/\/api.w.org\/{rel}","templated":true}]}}