{"id":1519174,"date":"2022-02-11T23:43:45","date_gmt":"2022-02-11T23:43:45","guid":{"rendered":"https:\/\/www.pressenza.com\/?p=1519174"},"modified":"2022-02-11T23:43:45","modified_gmt":"2022-02-11T23:43:45","slug":"la-descomposicion-de-nuestra-convivencia","status":"publish","type":"post","link":"https:\/\/www.pressenza.com\/es\/2022\/02\/la-descomposicion-de-nuestra-convivencia\/","title":{"rendered":"La descomposici\u00f3n de nuestra convivencia"},"content":{"rendered":"<p>M\u00e1s all\u00e1 de lo que sucede en la pol\u00edtica chilena, pero en buena medida a consecuencia de sus esc\u00e1ndalos y malas pr\u00e1cticas, lo que se aprecia hoy en nuestro pa\u00eds es una descomposici\u00f3n severa en nuestras relaciones sociales. No solo en los noticiarios de la televisi\u00f3n y de la radio, en las conversaciones comunes de lo que m\u00e1s se habla es de asaltos, cr\u00edmenes y de un conjunto cada vez m\u00e1s crudo de actos violentistas en contra de las personas y de los bienes p\u00fablicos y privados.<\/p>\n<p>Hay que reconocer que con el Estallido Social del 2019 proliferaron las acciones vand\u00e1licas al t\u00e9rmino de cada manifestaci\u00f3n y marcha pac\u00edfica. Bien sabemos que de un momento a otro aparec\u00edan verdaderas bandas que no trepidaron en asaltar locales comerciales, destruir el mobiliario p\u00fablico, quemar edificios patrimoniales, incendiar estaciones del Metro y hasta asolar templos religiosos. Toda una escalada de desprop\u00f3sitos que logr\u00f3 desincentivar las genuinas protestas e instalar hasta el presente una ira que, de verdad, poco o nada tiene de justa y efectiva.<\/p>\n<p>Tambi\u00e9n se ha establecido el miedo en la poblaci\u00f3n y hasta en los pol\u00edticos y jueces que deben dictar leyes y aplicar justicia y reparaci\u00f3n en las v\u00edctimas. Se asume ahora que la violencia poblacional est\u00e1 digitada por el narcotr\u00e1fico que en sus cifras cotidianas hablan de casi total impunidad y vol\u00famenes inmensos de droga que se producen y se tranzan en todas las poblaciones y barrios del territorio. Se colige, adem\u00e1s, que las polic\u00edas no dan abasto para garantizar la seguridad, cuando no se acepta que ellas est\u00e1n sobornadas por el crimen organizado, al igual que muchos jueces y fiscales.<\/p>\n<p>La misma pandemia del Coronavirus que a diario cobra decenas de nuevas v\u00edctimas ha dado espacio a aquellas informaciones que hablan de horrorosos femicidios, crueles asaltos a ni\u00f1os y ancianos, robos de autom\u00f3viles y ocupaci\u00f3n de facto de propiedades y viviendas, generalmente de los m\u00e1s humildes. Tanto que se dice que en en la comuna de Vitacura se cometen la misma cantidad de delitos que en Dinamarca, mientras que en muchos otros barrios y ciudades hay tantos o m\u00e1s cr\u00edmenes como los de la Rep\u00fablica de El Salvador.<\/p>\n<p>Sabemos que lo de la Araucan\u00eda, pese a su enorme convulsi\u00f3n, se trata de una crisis profunda que se funda, por lo dem\u00e1s, en el despojo de los bienes mapuches, en el atropello constante a sus derechos y en las criminales acciones de los llamados guardianes del orden que, ahora, hasta incluye a las Fuerzas Armadas por decisi\u00f3n de Sebasti\u00e1n Pi\u00f1era, quien prometi\u00f3 paz sembrando odio, represi\u00f3n y descontento. Entendemos, tambi\u00e9n, que con los inmigrantes han llegado al pa\u00eds verdaderas mafias de ladrones y homicidas, pero al mismo tiempo reconocemos que el establecimiento aqu\u00ed de miles de personas ha sido un inmenso aporte a la producci\u00f3n, a la mano de obra e incluso a la educaci\u00f3n, cuando miles de bolivianos, colombianos, venezolanos y otros nos vienen legando una correcta y rica forma de pronunciar nuestro idioma com\u00fan tan deteriorado por los a\u00f1os de pobre escolaridad y vulgares h\u00e1bitos.<\/p>\n<p>La descomposici\u00f3n es transversal, aunque da cuenta que las malas costumbres est\u00e1n m\u00e1s arraigadas, todav\u00eda, en los sectores sociales m\u00e1s pudientes y de m\u00e1s elevada escolaridad. La apetencia por el dinero y la codicia habla de la falta de solidaridad de los grandes empresarios y chilenos m\u00e1s ricos, incapaces de aceptar siquiera un m\u00ednimo gravamen adicional en favor de los m\u00e1s pobres y segregados. Incluido entre estos a la llamada Clase Pol\u00edtica, renuente a rebajarse los suculentos emolumentos que se otorgan a vista y paciencia de los millones de chilenos, hartos de todos sus abusos y cada vez m\u00e1s desencantados de la \u201cdemocracia\u201d tan prometida.<\/p>\n<p>Toda una corrupci\u00f3n que se aprecia tambi\u00e9n a nivel de los comerciantes especuladores, de las empresas que nos vienen a succionar nuestras riquezas b\u00e1sicas y tampoco quieren compensar a nuestra esmirriada geograf\u00eda con un modesto royalty minero. Desparpajo que todos pueden apreciar en la usura de la banca, los abusos del sistema de salud privado y, para qu\u00e9 decir, de las administradoras de fondos de pensiones, las AFP. Instituciones todas que durante la crisis sanitaria han podido ostentar las m\u00e1s suculentas utilidades en su inicua administraci\u00f3n de los fondos previsionales.<\/p>\n<p>No existe pr\u00e1cticamente instituci\u00f3n que no est\u00e9 acusada de fraude, de malos manejos, de cohecho y otras pr\u00e1cticas. Universidades, clubes deportivos y hasta algunos cuerpos de bomberos son motejados por sus incorrecciones luego, por supuesto, de las enormes defraudaciones e impunidad en las tres ramas de las FFAA. A cuyos m\u00e1ximos uniformados ni las autoridades que se van o llegan a La Moneda quieren tocar y cuestionar sus absurdos y onerosos presupuestos. Sin dejar de considerar la corrupci\u00f3n al interior de los partidos pol\u00edticos, como los enga\u00f1os perpetuados por ellos y sus m\u00faltiples candidatos ante el Servicio Electoral.<\/p>\n<p>Constantemente surge la pregunta respecto de qu\u00e9 hacer. Es cierto que a las polic\u00edas hay que transformarlas radicalmente, que a los altos mandamases del Estado hay que restringirlos en sus atribuciones y groseros beneficios por su \u201cservicio p\u00fablico\u201d. Que los Tribunales necesitan m\u00e1s recursos y autonom\u00eda respecto de los otros poderes del Estado. Pero lo que es m\u00e1s urgente es que los trabajadores y pensionados accedan a ingresos dignos. Que Chile debe abrirles efectivas y dignas posibilidades a la juventud, que nuestro territorio debe descentralizarse y ganar las regiones fecunda autonom\u00eda en sus decisiones.<\/p>\n<p>Aunque lo m\u00e1s certero y de m\u00e1s efectivo aliento es implementar una profunda reforma educacional, para que las nuevas generaciones se empapen de las obras y de la \u00e9tica que inspir\u00f3 a nuestros mejores l\u00edderes y que hicieron de Chile un pa\u00eds que, sin las presunciones actuales, avanzaba sostenidamente en el prop\u00f3sito de repartir mejor el pan entre sus habitantes. Antes de que la extrema inequidad corrompiera nuestras relaciones y endureciera los corazones de tantos connacionales.<\/p>\n<p>Nos parece oportuno insistir en que tenemos un pa\u00eds rico, con enormes reservas minerales, acu\u00edferas y agr\u00edcolas. Un territorio que perfectamente podr\u00eda darle excelente hospitalidad a todos los chilenos y a quienes se avecinan en todos nuestras regiones y pueblos. Tenemos una \u00ednfima poblaci\u00f3n en relaci\u00f3n a nuestros recursos, pero que se hace necesaria una amplia rectificaci\u00f3n si no queremos que el \u201codio y la violencia terminen matando el alma de Chile\u201d, como lo temiera el cardenal Silva Henr\u00edquez que tanto trabaj\u00f3 por la dignidad de todos los seres humanos. Y, por lo mismo, acompa\u00f1ara a nuestras autoridades cuando se implement\u00f3 la Reforma Agraria, la nacionalizaci\u00f3n del cobre, entre otras realizaciones que no causaron entonces tanto asombro como las soluciones que ahora de nuevo exigen nuestro progreso en justicia y libertad. Quiz\u00e1s porque entonces ten\u00edamos mandatarios con una s\u00f3lida conciencia de nuestra soberan\u00eda.<\/p>\n","protected":false},"excerpt":{"rendered":"<p>M\u00e1s all\u00e1 de lo que sucede en la pol\u00edtica chilena, pero en buena medida a consecuencia de sus esc\u00e1ndalos y malas pr\u00e1cticas, lo que se aprecia hoy en nuestro pa\u00eds es una descomposici\u00f3n severa en nuestras relaciones sociales. No solo&hellip;<\/p>\n","protected":false},"author":1739,"featured_media":1519175,"comment_status":"closed","ping_status":"closed","sticky":false,"template":"","format":"standard","meta":{"footnotes":""},"categories":[11389,161,74,67],"tags":[29,99206],"class_list":["post-1519174","post","type-post","status-publish","format-standard","has-post-thumbnail","hentry","category-contenido-original","category-opiniones","category-politica-es","category-sudamerica","tag-chile","tag-crisis-de-convivencia"],"yoast_head":"<!-- This site is optimized with the Yoast SEO plugin v27.1.1 - https:\/\/yoast.com\/product\/yoast-seo-wordpress\/ -->\n<title>La descomposici\u00f3n de nuestra convivencia<\/title>\n<meta name=\"description\" content=\"M\u00e1s all\u00e1 de lo que sucede en la pol\u00edtica chilena, pero en buena medida a consecuencia de sus esc\u00e1ndalos y malas pr\u00e1cticas, lo que se aprecia hoy en\" \/>\n<meta name=\"robots\" content=\"index, follow, max-snippet:-1, max-image-preview:large, max-video-preview:-1\" \/>\n<link rel=\"canonical\" href=\"https:\/\/www.pressenza.com\/es\/2022\/02\/la-descomposicion-de-nuestra-convivencia\/\" \/>\n<meta property=\"og:locale\" content=\"es_ES\" \/>\n<meta property=\"og:type\" content=\"article\" \/>\n<meta property=\"og:title\" content=\"La descomposici\u00f3n de nuestra convivencia\" \/>\n<meta property=\"og:description\" content=\"M\u00e1s all\u00e1 de lo que sucede en la pol\u00edtica chilena, pero en buena medida a consecuencia de sus esc\u00e1ndalos y malas pr\u00e1cticas, lo que se aprecia hoy en\" \/>\n<meta property=\"og:url\" content=\"https:\/\/www.pressenza.com\/es\/2022\/02\/la-descomposicion-de-nuestra-convivencia\/\" \/>\n<meta property=\"og:site_name\" content=\"Pressenza\" \/>\n<meta property=\"article:publisher\" content=\"https:\/\/www.facebook.com\/PressenzaItalia\" \/>\n<meta property=\"article:published_time\" content=\"2022-02-11T23:43:45+00:00\" \/>\n<meta property=\"og:image\" content=\"https:\/\/www.pressenza.com\/wp-content\/uploads\/2022\/02\/Rabia-delincuencia-y-violencia-768x480-1.jpeg\" \/>\n\t<meta property=\"og:image:width\" content=\"768\" \/>\n\t<meta property=\"og:image:height\" content=\"480\" \/>\n\t<meta property=\"og:image:type\" content=\"image\/jpeg\" \/>\n<meta name=\"author\" content=\"Juan Pablo C\u00e1rdenas\" \/>\n<meta name=\"twitter:card\" content=\"summary_large_image\" \/>\n<meta name=\"twitter:creator\" content=\"@PressenzaIPA\" \/>\n<meta name=\"twitter:site\" content=\"@PressenzaIPA\" \/>\n<meta name=\"twitter:label1\" content=\"Escrito por\" \/>\n\t<meta name=\"twitter:data1\" content=\"Juan Pablo C\u00e1rdenas\" \/>\n\t<meta name=\"twitter:label2\" content=\"Tiempo de lectura\" \/>\n\t<meta name=\"twitter:data2\" content=\"6 minutos\" \/>\n<script type=\"application\/ld+json\" class=\"yoast-schema-graph\">{\"@context\":\"https:\/\/schema.org\",\"@graph\":[{\"@type\":\"Article\",\"@id\":\"https:\/\/www.pressenza.com\/es\/2022\/02\/la-descomposicion-de-nuestra-convivencia\/#article\",\"isPartOf\":{\"@id\":\"https:\/\/www.pressenza.com\/es\/2022\/02\/la-descomposicion-de-nuestra-convivencia\/\"},\"author\":{\"name\":\"Juan Pablo C\u00e1rdenas\",\"@id\":\"https:\/\/www.pressenza.com\/es\/#\/schema\/person\/d72a7c8c014dcbfa2ef9e9976103ea0d\"},\"headline\":\"La descomposici\u00f3n de nuestra convivencia\",\"datePublished\":\"2022-02-11T23:43:45+00:00\",\"mainEntityOfPage\":{\"@id\":\"https:\/\/www.pressenza.com\/es\/2022\/02\/la-descomposicion-de-nuestra-convivencia\/\"},\"wordCount\":1220,\"publisher\":{\"@id\":\"https:\/\/www.pressenza.com\/es\/#organization\"},\"image\":{\"@id\":\"https:\/\/www.pressenza.com\/es\/2022\/02\/la-descomposicion-de-nuestra-convivencia\/#primaryimage\"},\"thumbnailUrl\":\"https:\/\/www.pressenza.com\/wp-content\/uploads\/2022\/02\/Rabia-delincuencia-y-violencia-768x480-1.jpeg\",\"keywords\":[\"Chile\",\"crisis de convivencia\"],\"articleSection\":[\"Contenido Original\",\"Opiniones\",\"Pol\u00edtica\",\"Sudam\u00e9rica\"],\"inLanguage\":\"es\"},{\"@type\":\"WebPage\",\"@id\":\"https:\/\/www.pressenza.com\/es\/2022\/02\/la-descomposicion-de-nuestra-convivencia\/\",\"url\":\"https:\/\/www.pressenza.com\/es\/2022\/02\/la-descomposicion-de-nuestra-convivencia\/\",\"name\":\"La descomposici\u00f3n de nuestra convivencia\",\"isPartOf\":{\"@id\":\"https:\/\/www.pressenza.com\/es\/#website\"},\"primaryImageOfPage\":{\"@id\":\"https:\/\/www.pressenza.com\/es\/2022\/02\/la-descomposicion-de-nuestra-convivencia\/#primaryimage\"},\"image\":{\"@id\":\"https:\/\/www.pressenza.com\/es\/2022\/02\/la-descomposicion-de-nuestra-convivencia\/#primaryimage\"},\"thumbnailUrl\":\"https:\/\/www.pressenza.com\/wp-content\/uploads\/2022\/02\/Rabia-delincuencia-y-violencia-768x480-1.jpeg\",\"datePublished\":\"2022-02-11T23:43:45+00:00\",\"description\":\"M\u00e1s all\u00e1 de lo que sucede en la pol\u00edtica chilena, pero en buena medida a consecuencia de sus esc\u00e1ndalos y malas pr\u00e1cticas, lo que se aprecia hoy en\",\"breadcrumb\":{\"@id\":\"https:\/\/www.pressenza.com\/es\/2022\/02\/la-descomposicion-de-nuestra-convivencia\/#breadcrumb\"},\"inLanguage\":\"es\",\"potentialAction\":[{\"@type\":\"ReadAction\",\"target\":[\"https:\/\/www.pressenza.com\/es\/2022\/02\/la-descomposicion-de-nuestra-convivencia\/\"]}]},{\"@type\":\"ImageObject\",\"inLanguage\":\"es\",\"@id\":\"https:\/\/www.pressenza.com\/es\/2022\/02\/la-descomposicion-de-nuestra-convivencia\/#primaryimage\",\"url\":\"https:\/\/www.pressenza.com\/wp-content\/uploads\/2022\/02\/Rabia-delincuencia-y-violencia-768x480-1.jpeg\",\"contentUrl\":\"https:\/\/www.pressenza.com\/wp-content\/uploads\/2022\/02\/Rabia-delincuencia-y-violencia-768x480-1.jpeg\",\"width\":768,\"height\":480,\"caption\":\"especuladores, de las empresas que nos vienen a succionar nuestras riquezas b\u00e1sicas y tampoco quieren compensar a nuestra esmirriada geograf\u00eda con un modesto royalty minero. Desparpajo que todos pueden apreciar en la usura de la banca, los abusos del sistema de salud privado y, para qu\u00e9 decir, de las administradoras de fondos de pensiones, las AFP. Instituciones todas que durante la crisis sanitaria han podido ostentar las m\u00e1s suculentas utilidades en su inicua administraci\u00f3n de los fondos previsionales. No existe pr\u00e1cticamente instituci\u00f3n que no est\u00e9 acusada de fraude, de malos manejos, de cohecho y otras pr\u00e1cticas. Universidades, clubes deportivos y hasta algunos cuerpos de bomberos son motejados por sus incorrecciones luego, por supuesto, de las enormes defraudaciones e impunidad en las tres ramas de las FFAA. A cuyos m\u00e1ximos uniformados ni las autoridades que se van o llegan a La Moneda quieren tocar y cuestionar sus absurdos y onerosos presupuestos. Sin dejar de considerar la corrupci\u00f3n al interior de los partidos pol\u00edticos, como los enga\u00f1os perpetuados por ellos y sus m\u00faltiples candidatos ante el Servicio Electoral. Constantemente surge la pregunta respecto de qu\u00e9 hacer. Es cierto que a las polic\u00edas hay que transformarlas radicalmente, que a los altos mandamases del Estado hay que restringirlos en sus atribuciones y groseros beneficios por su \u201cservicio p\u00fablico\u201d. Que los Tribunales necesitan m\u00e1s recursos y autonom\u00eda respecto de los otros poderes del Estado. Pero lo que es m\u00e1s urgente es que los trabajadores y pensionados accedan a ingresos dignos. Que Chile debe abrirles efectivas y dignas posibilidades a la juventud, que nuestro territorio debe descentralizarse y ganar las regiones fecunda autonom\u00eda en sus decisiones. Aunque lo m\u00e1s certero y de m\u00e1s efectivo aliento es implementar una profunda reforma educacional, para que las nuevas generaciones se empapen de las obras y de la \u00e9tica que inspir\u00f3 a nuestros mejores l\u00edderes y que hicieron de Chile un pa\u00eds que, sin las presunciones actuales, avanzaba sostenidamente en el prop\u00f3sito de repartir mejor el pan entre sus habitantes. Antes de que la extrema inequidad corrompiera nuestras relaciones y endureciera los corazones de tantos connacionales. Nos parece oportuno insistir en que tenemos un pa\u00eds rico, con enormes reservas minerales, acu\u00edferas y agr\u00edcolas. Un territorio que perfectamente podr\u00eda darle excelente hospitalidad a todos los chilenos y a quienes se avecinan en todos nuestras regiones y pueblos. Tenemos una \u00ednfima poblaci\u00f3n en relaci\u00f3n a nuestros recursos, pero que se hace necesaria una amplia rectificaci\u00f3n si no queremos que el \u201codio y la violencia terminen matando el alma de Chile\u201d, como lo temiera el cardenal Silva Henr\u00edquez que tanto trabaj\u00f3 por la dignidad de todos los seres humanos. Y, por lo mismo, acompa\u00f1ara a nuestras autoridades cuando se implement\u00f3 la Reforma Agraria, la nacionalizaci\u00f3n del cobre, entre otras realizaciones que no causaron entonces tanto asombro como las soluciones que ahora de nuevo exigen nuestro progreso en justicia y libertad. Quiz\u00e1s porque entonces ten\u00edamos mandatarios con una s\u00f3lida conciencia de nuestra soberan\u00eda.\"},{\"@type\":\"BreadcrumbList\",\"@id\":\"https:\/\/www.pressenza.com\/es\/2022\/02\/la-descomposicion-de-nuestra-convivencia\/#breadcrumb\",\"itemListElement\":[{\"@type\":\"ListItem\",\"position\":1,\"name\":\"Accueil\",\"item\":\"https:\/\/www.pressenza.com\/es\/\"},{\"@type\":\"ListItem\",\"position\":2,\"name\":\"La descomposici\u00f3n de nuestra convivencia\"}]},{\"@type\":\"WebSite\",\"@id\":\"https:\/\/www.pressenza.com\/es\/#website\",\"url\":\"https:\/\/www.pressenza.com\/es\/\",\"name\":\"Pressenza\",\"description\":\"International Press Agency\",\"publisher\":{\"@id\":\"https:\/\/www.pressenza.com\/es\/#organization\"},\"potentialAction\":[{\"@type\":\"SearchAction\",\"target\":{\"@type\":\"EntryPoint\",\"urlTemplate\":\"https:\/\/www.pressenza.com\/es\/?s={search_term_string}\"},\"query-input\":{\"@type\":\"PropertyValueSpecification\",\"valueRequired\":true,\"valueName\":\"search_term_string\"}}],\"inLanguage\":\"es\"},{\"@type\":\"Organization\",\"@id\":\"https:\/\/www.pressenza.com\/es\/#organization\",\"name\":\"Pressenza\",\"url\":\"https:\/\/www.pressenza.com\/es\/\",\"logo\":{\"@type\":\"ImageObject\",\"inLanguage\":\"es\",\"@id\":\"https:\/\/www.pressenza.com\/es\/#\/schema\/logo\/image\/\",\"url\":\"https:\/\/www.pressenza.com\/wp-content\/uploads\/2022\/10\/pressenza_logo_200x200.jpg\",\"contentUrl\":\"https:\/\/www.pressenza.com\/wp-content\/uploads\/2022\/10\/pressenza_logo_200x200.jpg\",\"width\":200,\"height\":200,\"caption\":\"Pressenza\"},\"image\":{\"@id\":\"https:\/\/www.pressenza.com\/es\/#\/schema\/logo\/image\/\"},\"sameAs\":[\"https:\/\/www.facebook.com\/PressenzaItalia\",\"https:\/\/x.com\/PressenzaIPA\"]},{\"@type\":\"Person\",\"@id\":\"https:\/\/www.pressenza.com\/es\/#\/schema\/person\/d72a7c8c014dcbfa2ef9e9976103ea0d\",\"name\":\"Juan Pablo C\u00e1rdenas\",\"description\":\"Juan Pablo C\u00e1rdenas Squella es un periodista y profesor universitario de vasta trayectoria. En el 2005 recibi\u00f3 en premio nacional de Periodismo y, antes, la Pluma de Oro de la Libertad, otorgada por la Federaci\u00f3n Mundial de la Prensa. Tambi\u00e9n obtuvo el Premio Latinoamericano de Periodismo, la Houten Camara de Holanda (1989) entre otras m\u00faltiples distinciones nacionales y extranjeras. Forma parte de los sesenta periodistas del mundo considerados H\u00e9roes de la Libertad de Expresi\u00f3n, reconocimiento hecho por la Federaci\u00f3n Internacional de Periodistas. Ha sido director y columnista de las revistas Debate Universitario, An\u00e1lisis y Los Tiempos, as\u00ed como del diario electr\u00f3nico primeral\u00ednea.cl. Tambi\u00e9n fue por m\u00e1s 18 a\u00f1os director de la Radio Universidad de Chile y de su diario digital. Se ha desempe\u00f1ado como profesor de varias escuelas de periodismo de Santiago y Valpara\u00edso y en la Universidad de Chile alcanz\u00f3 el grado de profesor titular y senador universitario.\",\"url\":\"https:\/\/www.pressenza.com\/es\/author\/juan-pablo-cardenas\/\"}]}<\/script>\n<!-- \/ Yoast SEO plugin. -->","yoast_head_json":{"title":"La descomposici\u00f3n de nuestra convivencia","description":"M\u00e1s all\u00e1 de lo que sucede en la pol\u00edtica chilena, pero en buena medida a consecuencia de sus esc\u00e1ndalos y malas pr\u00e1cticas, lo que se aprecia hoy en","robots":{"index":"index","follow":"follow","max-snippet":"max-snippet:-1","max-image-preview":"max-image-preview:large","max-video-preview":"max-video-preview:-1"},"canonical":"https:\/\/www.pressenza.com\/es\/2022\/02\/la-descomposicion-de-nuestra-convivencia\/","og_locale":"es_ES","og_type":"article","og_title":"La descomposici\u00f3n de nuestra convivencia","og_description":"M\u00e1s all\u00e1 de lo que sucede en la pol\u00edtica chilena, pero en buena medida a consecuencia de sus esc\u00e1ndalos y malas pr\u00e1cticas, lo que se aprecia hoy en","og_url":"https:\/\/www.pressenza.com\/es\/2022\/02\/la-descomposicion-de-nuestra-convivencia\/","og_site_name":"Pressenza","article_publisher":"https:\/\/www.facebook.com\/PressenzaItalia","article_published_time":"2022-02-11T23:43:45+00:00","og_image":[{"width":768,"height":480,"url":"https:\/\/www.pressenza.com\/wp-content\/uploads\/2022\/02\/Rabia-delincuencia-y-violencia-768x480-1.jpeg","type":"image\/jpeg"}],"author":"Juan Pablo C\u00e1rdenas","twitter_card":"summary_large_image","twitter_creator":"@PressenzaIPA","twitter_site":"@PressenzaIPA","twitter_misc":{"Escrito por":"Juan Pablo C\u00e1rdenas","Tiempo de lectura":"6 minutos"},"schema":{"@context":"https:\/\/schema.org","@graph":[{"@type":"Article","@id":"https:\/\/www.pressenza.com\/es\/2022\/02\/la-descomposicion-de-nuestra-convivencia\/#article","isPartOf":{"@id":"https:\/\/www.pressenza.com\/es\/2022\/02\/la-descomposicion-de-nuestra-convivencia\/"},"author":{"name":"Juan Pablo C\u00e1rdenas","@id":"https:\/\/www.pressenza.com\/es\/#\/schema\/person\/d72a7c8c014dcbfa2ef9e9976103ea0d"},"headline":"La descomposici\u00f3n de nuestra convivencia","datePublished":"2022-02-11T23:43:45+00:00","mainEntityOfPage":{"@id":"https:\/\/www.pressenza.com\/es\/2022\/02\/la-descomposicion-de-nuestra-convivencia\/"},"wordCount":1220,"publisher":{"@id":"https:\/\/www.pressenza.com\/es\/#organization"},"image":{"@id":"https:\/\/www.pressenza.com\/es\/2022\/02\/la-descomposicion-de-nuestra-convivencia\/#primaryimage"},"thumbnailUrl":"https:\/\/www.pressenza.com\/wp-content\/uploads\/2022\/02\/Rabia-delincuencia-y-violencia-768x480-1.jpeg","keywords":["Chile","crisis de convivencia"],"articleSection":["Contenido Original","Opiniones","Pol\u00edtica","Sudam\u00e9rica"],"inLanguage":"es"},{"@type":"WebPage","@id":"https:\/\/www.pressenza.com\/es\/2022\/02\/la-descomposicion-de-nuestra-convivencia\/","url":"https:\/\/www.pressenza.com\/es\/2022\/02\/la-descomposicion-de-nuestra-convivencia\/","name":"La descomposici\u00f3n de nuestra convivencia","isPartOf":{"@id":"https:\/\/www.pressenza.com\/es\/#website"},"primaryImageOfPage":{"@id":"https:\/\/www.pressenza.com\/es\/2022\/02\/la-descomposicion-de-nuestra-convivencia\/#primaryimage"},"image":{"@id":"https:\/\/www.pressenza.com\/es\/2022\/02\/la-descomposicion-de-nuestra-convivencia\/#primaryimage"},"thumbnailUrl":"https:\/\/www.pressenza.com\/wp-content\/uploads\/2022\/02\/Rabia-delincuencia-y-violencia-768x480-1.jpeg","datePublished":"2022-02-11T23:43:45+00:00","description":"M\u00e1s all\u00e1 de lo que sucede en la pol\u00edtica chilena, pero en buena medida a consecuencia de sus esc\u00e1ndalos y malas pr\u00e1cticas, lo que se aprecia hoy en","breadcrumb":{"@id":"https:\/\/www.pressenza.com\/es\/2022\/02\/la-descomposicion-de-nuestra-convivencia\/#breadcrumb"},"inLanguage":"es","potentialAction":[{"@type":"ReadAction","target":["https:\/\/www.pressenza.com\/es\/2022\/02\/la-descomposicion-de-nuestra-convivencia\/"]}]},{"@type":"ImageObject","inLanguage":"es","@id":"https:\/\/www.pressenza.com\/es\/2022\/02\/la-descomposicion-de-nuestra-convivencia\/#primaryimage","url":"https:\/\/www.pressenza.com\/wp-content\/uploads\/2022\/02\/Rabia-delincuencia-y-violencia-768x480-1.jpeg","contentUrl":"https:\/\/www.pressenza.com\/wp-content\/uploads\/2022\/02\/Rabia-delincuencia-y-violencia-768x480-1.jpeg","width":768,"height":480,"caption":"especuladores, de las empresas que nos vienen a succionar nuestras riquezas b\u00e1sicas y tampoco quieren compensar a nuestra esmirriada geograf\u00eda con un modesto royalty minero. Desparpajo que todos pueden apreciar en la usura de la banca, los abusos del sistema de salud privado y, para qu\u00e9 decir, de las administradoras de fondos de pensiones, las AFP. Instituciones todas que durante la crisis sanitaria han podido ostentar las m\u00e1s suculentas utilidades en su inicua administraci\u00f3n de los fondos previsionales. No existe pr\u00e1cticamente instituci\u00f3n que no est\u00e9 acusada de fraude, de malos manejos, de cohecho y otras pr\u00e1cticas. Universidades, clubes deportivos y hasta algunos cuerpos de bomberos son motejados por sus incorrecciones luego, por supuesto, de las enormes defraudaciones e impunidad en las tres ramas de las FFAA. A cuyos m\u00e1ximos uniformados ni las autoridades que se van o llegan a La Moneda quieren tocar y cuestionar sus absurdos y onerosos presupuestos. Sin dejar de considerar la corrupci\u00f3n al interior de los partidos pol\u00edticos, como los enga\u00f1os perpetuados por ellos y sus m\u00faltiples candidatos ante el Servicio Electoral. Constantemente surge la pregunta respecto de qu\u00e9 hacer. Es cierto que a las polic\u00edas hay que transformarlas radicalmente, que a los altos mandamases del Estado hay que restringirlos en sus atribuciones y groseros beneficios por su \u201cservicio p\u00fablico\u201d. Que los Tribunales necesitan m\u00e1s recursos y autonom\u00eda respecto de los otros poderes del Estado. Pero lo que es m\u00e1s urgente es que los trabajadores y pensionados accedan a ingresos dignos. Que Chile debe abrirles efectivas y dignas posibilidades a la juventud, que nuestro territorio debe descentralizarse y ganar las regiones fecunda autonom\u00eda en sus decisiones. Aunque lo m\u00e1s certero y de m\u00e1s efectivo aliento es implementar una profunda reforma educacional, para que las nuevas generaciones se empapen de las obras y de la \u00e9tica que inspir\u00f3 a nuestros mejores l\u00edderes y que hicieron de Chile un pa\u00eds que, sin las presunciones actuales, avanzaba sostenidamente en el prop\u00f3sito de repartir mejor el pan entre sus habitantes. Antes de que la extrema inequidad corrompiera nuestras relaciones y endureciera los corazones de tantos connacionales. Nos parece oportuno insistir en que tenemos un pa\u00eds rico, con enormes reservas minerales, acu\u00edferas y agr\u00edcolas. Un territorio que perfectamente podr\u00eda darle excelente hospitalidad a todos los chilenos y a quienes se avecinan en todos nuestras regiones y pueblos. Tenemos una \u00ednfima poblaci\u00f3n en relaci\u00f3n a nuestros recursos, pero que se hace necesaria una amplia rectificaci\u00f3n si no queremos que el \u201codio y la violencia terminen matando el alma de Chile\u201d, como lo temiera el cardenal Silva Henr\u00edquez que tanto trabaj\u00f3 por la dignidad de todos los seres humanos. Y, por lo mismo, acompa\u00f1ara a nuestras autoridades cuando se implement\u00f3 la Reforma Agraria, la nacionalizaci\u00f3n del cobre, entre otras realizaciones que no causaron entonces tanto asombro como las soluciones que ahora de nuevo exigen nuestro progreso en justicia y libertad. Quiz\u00e1s porque entonces ten\u00edamos mandatarios con una s\u00f3lida conciencia de nuestra soberan\u00eda."},{"@type":"BreadcrumbList","@id":"https:\/\/www.pressenza.com\/es\/2022\/02\/la-descomposicion-de-nuestra-convivencia\/#breadcrumb","itemListElement":[{"@type":"ListItem","position":1,"name":"Accueil","item":"https:\/\/www.pressenza.com\/es\/"},{"@type":"ListItem","position":2,"name":"La descomposici\u00f3n de nuestra convivencia"}]},{"@type":"WebSite","@id":"https:\/\/www.pressenza.com\/es\/#website","url":"https:\/\/www.pressenza.com\/es\/","name":"Pressenza","description":"International Press Agency","publisher":{"@id":"https:\/\/www.pressenza.com\/es\/#organization"},"potentialAction":[{"@type":"SearchAction","target":{"@type":"EntryPoint","urlTemplate":"https:\/\/www.pressenza.com\/es\/?s={search_term_string}"},"query-input":{"@type":"PropertyValueSpecification","valueRequired":true,"valueName":"search_term_string"}}],"inLanguage":"es"},{"@type":"Organization","@id":"https:\/\/www.pressenza.com\/es\/#organization","name":"Pressenza","url":"https:\/\/www.pressenza.com\/es\/","logo":{"@type":"ImageObject","inLanguage":"es","@id":"https:\/\/www.pressenza.com\/es\/#\/schema\/logo\/image\/","url":"https:\/\/www.pressenza.com\/wp-content\/uploads\/2022\/10\/pressenza_logo_200x200.jpg","contentUrl":"https:\/\/www.pressenza.com\/wp-content\/uploads\/2022\/10\/pressenza_logo_200x200.jpg","width":200,"height":200,"caption":"Pressenza"},"image":{"@id":"https:\/\/www.pressenza.com\/es\/#\/schema\/logo\/image\/"},"sameAs":["https:\/\/www.facebook.com\/PressenzaItalia","https:\/\/x.com\/PressenzaIPA"]},{"@type":"Person","@id":"https:\/\/www.pressenza.com\/es\/#\/schema\/person\/d72a7c8c014dcbfa2ef9e9976103ea0d","name":"Juan Pablo C\u00e1rdenas","description":"Juan Pablo C\u00e1rdenas Squella es un periodista y profesor universitario de vasta trayectoria. En el 2005 recibi\u00f3 en premio nacional de Periodismo y, antes, la Pluma de Oro de la Libertad, otorgada por la Federaci\u00f3n Mundial de la Prensa. Tambi\u00e9n obtuvo el Premio Latinoamericano de Periodismo, la Houten Camara de Holanda (1989) entre otras m\u00faltiples distinciones nacionales y extranjeras. Forma parte de los sesenta periodistas del mundo considerados H\u00e9roes de la Libertad de Expresi\u00f3n, reconocimiento hecho por la Federaci\u00f3n Internacional de Periodistas. Ha sido director y columnista de las revistas Debate Universitario, An\u00e1lisis y Los Tiempos, as\u00ed como del diario electr\u00f3nico primeral\u00ednea.cl. Tambi\u00e9n fue por m\u00e1s 18 a\u00f1os director de la Radio Universidad de Chile y de su diario digital. Se ha desempe\u00f1ado como profesor de varias escuelas de periodismo de Santiago y Valpara\u00edso y en la Universidad de Chile alcanz\u00f3 el grado de profesor titular y senador universitario.","url":"https:\/\/www.pressenza.com\/es\/author\/juan-pablo-cardenas\/"}]}},"place":"Santiago de Chile","original_article_url":"","_links":{"self":[{"href":"https:\/\/www.pressenza.com\/es\/wp-json\/wp\/v2\/posts\/1519174","targetHints":{"allow":["GET"]}}],"collection":[{"href":"https:\/\/www.pressenza.com\/es\/wp-json\/wp\/v2\/posts"}],"about":[{"href":"https:\/\/www.pressenza.com\/es\/wp-json\/wp\/v2\/types\/post"}],"author":[{"embeddable":true,"href":"https:\/\/www.pressenza.com\/es\/wp-json\/wp\/v2\/users\/1739"}],"replies":[{"embeddable":true,"href":"https:\/\/www.pressenza.com\/es\/wp-json\/wp\/v2\/comments?post=1519174"}],"version-history":[{"count":0,"href":"https:\/\/www.pressenza.com\/es\/wp-json\/wp\/v2\/posts\/1519174\/revisions"}],"wp:featuredmedia":[{"embeddable":true,"href":"https:\/\/www.pressenza.com\/es\/wp-json\/wp\/v2\/media\/1519175"}],"wp:attachment":[{"href":"https:\/\/www.pressenza.com\/es\/wp-json\/wp\/v2\/media?parent=1519174"}],"wp:term":[{"taxonomy":"category","embeddable":true,"href":"https:\/\/www.pressenza.com\/es\/wp-json\/wp\/v2\/categories?post=1519174"},{"taxonomy":"post_tag","embeddable":true,"href":"https:\/\/www.pressenza.com\/es\/wp-json\/wp\/v2\/tags?post=1519174"}],"curies":[{"name":"wp","href":"https:\/\/api.w.org\/{rel}","templated":true}]}}