{"id":1518585,"date":"2022-02-11T01:06:12","date_gmt":"2022-02-11T01:06:12","guid":{"rendered":"https:\/\/www.pressenza.com\/?p=1518585"},"modified":"2022-02-11T01:06:12","modified_gmt":"2022-02-11T01:06:12","slug":"si-el-progresismo-es-el-futuro-hay-que-pensar-con-urgencia-en-el-posfuturo","status":"publish","type":"post","link":"https:\/\/www.pressenza.com\/es\/2022\/02\/si-el-progresismo-es-el-futuro-hay-que-pensar-con-urgencia-en-el-posfuturo\/","title":{"rendered":"Si el progresismo es el futuro, hay que pensar con urgencia en el posfuturo"},"content":{"rendered":"<p><em>Los dirigentes progresistas nos est\u00e1n demostrando que la \u00fanica izquierda que hoy existe en Am\u00e9rica Latina y el Caribe es la del pueblo en la calle, exigiendo, presionando, por los cambios estructurales de nuestras sociedades.<\/em><\/p>\n<p>por Aram Aharonian<\/p>\n<p>Si el acuerdo con el FMI que firm\u00f3 el presidente argentino Alberto Fern\u00e1ndez y aplaudi\u00f3 el ex (\u00bfy pr\u00f3ximo?) mandatario brasile\u00f1o Lula da Silva es el camino del futuro, tenemos que ponernos a pensar en otro futuro, porque el \u201cprogresista\u201d ya tiene delineado su camino de nuevas frustraciones.<\/p>\n<p>Frente al desaf\u00edo del acuerdo (sometimiento dir\u00edan algunos) con el FMI hay que ser claros y precisos. Se est\u00e1 a favor y se contribuye a su aprobaci\u00f3n \u2013como buenos cortesanos del poder- o se est\u00e1 en contra y se lucha para derrotarlo. En este sentido no caben posiciones ambiguas y mucho menos silencios.<\/p>\n<p>La Argentina no necesita realizar un brutal ajuste fiscal y comercial. Lo hace para honrar una deuda que fue tomada a espalda del pueblo, sin cumplir con los mandatos constitucionales (autorizaci\u00f3n previa por el Congreso\u00a0 y eso no pas\u00f3 cuando se tom\u00f3 el cr\u00e9dito con el FMI), incluso violentando el propio estatuto del FMI, que dice \u2013en sus estatutos que no cumplen- que no se le puede prestar a un pa\u00eds en fuga de capitales.<\/p>\n<p>Argentina es el \u00fanico dentro de las mayores\u00a0 econom\u00edas de Am\u00e9rica Latina que genera super\u00e1vit de su balanza de pagos corriente (+0,9% del PBI), en tanto los \u201cpa\u00edses modelo\u201d, a los cuales plantea\u00a0 imitar el FMI, generan d\u00e9ficits en sus intercambios con el exterior (Brasil -0,7%, Chile: -2,4%, Per\u00fa: -2,7%, Colombia: -4,9%)<\/p>\n<p>Y fue lo que hicieron. Es m\u00e1s, fue lo que propiciaron para endeudar a la Argentina y beneficiar a una minor\u00eda par\u00e1sita y rentista como lo inform\u00f3 el mismo Banco Central.<\/p>\n<p>Pero eso no es lo m\u00e1s importante: se est\u00e1 redise\u00f1ando la econom\u00eda del pa\u00eds para beneficio del capital extranjero en desmedro de las riquezas naturales argentinas, de su poblaci\u00f3n, de su trabajo, del presente y del futuro. Y ese nuevo dise\u00f1o de un modelo extractivista , agropecuario-exportador que se impone, es para generar las divisas para pagar los servicios de la deuda externa, se\u00f1ala el economista Horacio Rovelli.<\/p>\n<p>Al gobierno del \u201cprogresista\u201d Alberto Fern\u00e1ndez no se le dio siquiera en hacer propia al idea de una auditor\u00eda integral de la deuda, que transparentara todo el proceso de endeudamiento y sus derivados.\u00a0 Todo qued\u00f3 para discursos vacuos de ocasi\u00f3n, denuncias e\u00a0 investigaciones paralizadas , no poni\u00e9ndose al descubierto en forma puntual\u00a0 responsabilidades, maniobras, ocultamientos y evasiones\u00a0 cambiarias\u00a0 e impositivas<\/p>\n<p>Una auditor\u00eda que elevara sus conclusiones no solo al gobierno argentino sino a los distintos organismos multilaterales del sistema de Naciones Unidas y a los organismos regionales. Incluso, solicitar al Tribunal Internacional de La Haya una opini\u00f3n consultiva sobre el tema, congelando toda negociaci\u00f3n hasta que estas cuestiones preliminares estuviesen resueltas.<\/p>\n<p><strong>La teor\u00eda de lo posible<\/strong><\/p>\n<p>A quienes desde la supuesta izquierda critican el acuerdo con el FMI, se los acusa de estar haci\u00e9ndole el juego a la derecha, quiz\u00e1 olvidando que si el Congreso aprueba el convenio ya no ser\u00e1 el \u201cacuerdo y pr\u00e9stamo a Macri\u201d sino el \u201cacuerdo y pr\u00e9stamo al gobierno peronista de Alberto Fern\u00e1ndez\u201d, un nuevo progresista. Es cuando muchos, para justificar el acuerdo, hablan nuevamente de coyuntura mundial, geopol\u00edtica y se encaraman en la teor\u00eda de lo posible.<\/p>\n<p>Lula, el probable pr\u00f3ximo Presidente de Brasil, felicit\u00f3 a Alberto Fern\u00e1ndez por su acuerdo con el FMI, en momentos en que parec\u00eda que \u2013despu\u00e9s de dos d\u00e9cadas- hab\u00eda un reverdecer del progresismo y\/o el izquierdismo, con el triunfo de Pedro Castillo en Per\u00fa, Gabriel Boric en Chile y las perspectivas de Gustavo Petro en Colombia. \u00bfUna nueva etapa progresista en la regi\u00f3n, junto a los gobiernos de tinte bolivariano, como los de Venezuela y Bolivia?<\/p>\n<p>La emergencia de los gobiernos progresistas aliment\u00f3 esperanzas de una mejor vida para los pueblos de la regi\u00f3n. Sin embargo, las pol\u00edticas adoptadas por sus gobernantes, m\u00e1s all\u00e1 de diferencias nacionales, no lograron responder a las demandas de una ciudadan\u00eda que hab\u00eda sido duramente golpeada por el neoliberalismo. El progresismo no fue capaz de impulsar un proyecto de transformaciones y abri\u00f3 camino a la derecha.<\/p>\n<p>El principal error de los gobiernos progresistas, muchos de ellos asesorados por \u201cexpertos\u201d de la decadente izquierda europea, fue mantener el modelo de crecimiento fundado en la explotaci\u00f3n de recursos naturales que es precisamente el fundamento material del neoliberalismo. El progresismo renunci\u00f3 a la industrializaci\u00f3n, obnubilado por los altos precios de las materias primas, y sobre todo porque acept\u00f3 la idea impuesta por el neoliberalismo dominante, que crecimiento y desarrollo son la misma cosa.<\/p>\n<p>A diferencia de las izquierdas de los a\u00f1os sesenta, acept\u00f3 que nuestras econom\u00edas fuesen proveedoras de materias primas y alimentos para la industrializaci\u00f3n y urbanizaci\u00f3n china, manteniendo intocado el modelo productivo, inhibiendo la diversificaci\u00f3n econ\u00f3mica, lo que favoreci\u00f3 empleos precarios y bajos salarios.<\/p>\n<p>Fue ese modelo productivo el que gener\u00f3 una particular alianza entre los gobiernos progresistas y las corporaciones transnacionales dedicadas a los agronegocios y al extractivismo, la que impidi\u00f3 que se realizaran reformas reales en los sistemas tributarios, fundamento indispensable para el mejoramiento en la distribuci\u00f3n del ingreso, recuerda Roberto Pizarro.<\/p>\n<p>Vale recordar que el triunfo de los gobiernos progresistas tuvo gran apoyo de los movimientos ind\u00edgenas, ecologistas y feministas, los que mostraron su presencia militante en los primeros a\u00f1os. Pero, con el correr del tiempo se desataron fuertes conflictos. Los gobiernos progresistas se caracterizaron por pr\u00e1cticas personalistas, clientelares, y en varios casos corruptas, generando el rechaz\u00f3 de vastos sectores de la sociedad, lo que fue capitalizado por la derecha.<\/p>\n<p>Pocos lo dicen: las confusiones y desatinos de los gobernantes progresistas abrieron las puertas para el restablecimiento de las peores pol\u00edticas neoliberales que, en definitiva, pagaron nuestros pueblos: hoy m\u00e1s de la mitad de los j\u00f3venes latinoamericanos y caribe\u00f1os viven en hogares donde reina la pobreza&#8230;<\/p>\n<p>Al progresismo de hoy no le gusta la calle, no se siente c\u00f3modo. Para ellos son m\u00e1s confortables las negociaciones secretas, los concili\u00e1bulos elitescos, las negociaciones diplocomerciales de los chinos, las mediaciones de \u201camigos\u201d como el papa Francisco, alg\u00fan premio Nobel de Econom\u00eda, y\/o una serie de funcionarios del gobierno dem\u00f3crata de Estados Unidos.<\/p>\n<p>Y son estos funcionarios \u2013ahora diz que progresistas- que festejan el acuerdo como hinchas del FMI, no de la Argentina y menos a\u00fan del futuro del pa\u00eds. Y lanzan su artiller\u00eda medi\u00e1tica hablando de \u201cconsignas berretas propias de un infantilismo simplista\u201d y olvidan cuatro d\u00e9cadas de connivencia y convivencia con una vida democr\u00e1tica formal, cuando cada uno de los gobiernos fueron \u201cpagadores seriales\u201d, al decir de la vicepresidenta Cristina Fern\u00e1ndez de Kirchner.<\/p>\n<p>\u00bfPor qu\u00e9 si la deuda p\u00fablica de Estados Unidos en 2021 equival\u00eda al 133 % de su PIB, la de Jap\u00f3n al 257 % y la de Argentina al 102.8 % el FMI no env\u00eda misiones trimestrales para auditar y corregir el desmanejo financiero de Washington y Tokio? , se pregunta Atilio Bor\u00f3n.<\/p>\n<p>Numerosas misiones del FMI seguir\u00e1n cayendo sobre la Argentina en los pr\u00f3ximos meses, desentra\u00f1ando la verdadera misi\u00f3n que el Fondo desempe\u00f1a como instrumento de la pol\u00edtica exterior de Estados Unidos. La deuda argentina \u2013como muchas otras- es hija de un planteo estrat\u00e9gico que obvi\u00f3 discutir el car\u00e1cter fraudulento del pr\u00e9stamo concedido, en abierta violaci\u00f3n de sus propias normativas y del car\u00e1cter supuestamente multilateral de la instituci\u00f3n.<\/p>\n<p>O sea, Donald Trump dio la orden para ayudar a la reelecci\u00f3n del neoliberal Mauricio Macri, y fue obedientemente ejecutada por el Directorio del FMI, que no pod\u00eda contradecir el mandato de su principal socio (o patr\u00f3n).<\/p>\n<p>El verso de \u00a0los opinadores-repetidores de las derechas \u2013no me atrevo a decir pensadores, que debe haberlos- \u00a0es que el FMI es una instituci\u00f3n \u201cmultilateral\u201d y que representa a la \u201ccomunidad internacional\u201d y por ello lo sensato es seguir los lineamientos y condicionamientos que dicte.<\/p>\n<p>Al hablar sobre las alianzas internacionales de Estados Unidos, Zbigniew Brzezinski se\u00f1al\u00f3 que \u201cdebe incluirse como parte del sistema estadounidense la red global de organizaciones especializadas, particularmente las instituciones financieras \u00abinternacionales\u00bb. En realidad, son instituciones dominadas por EEUU surgidas de una propuesta de Washington en la c\u00e9lebre conferencia de Bretton Woods de 1944, cuyas consecuencias a\u00fan padecemos.<\/p>\n<p>El soci\u00f3logo y economista Jorge Elbaum recuerda que los condicionamientos externos coinciden con la extorsi\u00f3n judicial planteada desde adentro del pa\u00eds. El endeudamiento externo de la Argentina con el FMI fue promovido por los mismos sectores que se beneficiaron. Los amigos, socios y simpatizantes del macrismo le pidieron al expresidente que consiga los d\u00f3lares para coronar la especulaci\u00f3n financiera que hab\u00edan llevado a cabo desde el 10 de septiembre de 2015.<\/p>\n<p>El negocio les sali\u00f3 redondo: los grandes empresarios se quedaron con los d\u00f3lares otorgados por le FMI y el pueblo argentino se qued\u00f3 con la deuda. Y para que eso haya sido posible fue necesaria la complicidad de una Corte Suprema de Justicia instaurada para defender solo a los grupos m\u00e1s opulentos de la sociedad argentina.<\/p>\n<p>Un sector del oficialista Frente de Todos crey\u00f3 ingenuamente que el triunfo de Joe Biden,\u00a0 un presidente opuesto a Donald Trump, iba a motivar concesiones a la Argentina, una ilusi\u00f3n basada en el desconocimiento de la l\u00f3gica estructural del capitalismo neoliberal global y en los informes de los cortesanos argentinos ante Washington.<\/p>\n<p>Altos funcionarios y embajadores, son\u00a0 c\u00f3mplices de que Argentina no logre despegar industrialmente y que sus fuerzas productivas \u2013los trabajadores\u2013 no se asocien a un Estado activo capaz de dinamizar el desarrollo con formato inclusivo. Y se suman a las presiones para que no se diversifiquen los v\u00ednculos geopol\u00edticos (con Rusia, China) y para que Am\u00e9rica Latina no se integre, d\u00e1ndole la espalda a quienes buscan un camino independiente del tutelaje de Washington y sus sat\u00e9lites.<\/p>\n<p>M\u00e1s all\u00e1 del acuerdo, todos son conscientes de que este modelo es inviable, pero desde el poder advierten de la gravedad de salirse del sistema, como si lo que se debiera mantener es esa enorme desigualdad social que sigue creciendo d\u00eda a d\u00eda, a la vera de un modelo que multiplic\u00f3 varias veces no solo la pobreza y el hambre, sino tambi\u00e9n la deuda.<\/p>\n<p>La presidencia argentina sabe que con este acuerdo se seguir\u00e1n pagando todos los fraudes, las viejas y las nuevas, santificadas y legalizadas tras el acuerdo firmado por el gobierno de Alberto Fern\u00e1ndez que, como anteriores gobiernos, apuesta al extractivismo y a consguir d\u00f3lares como fuera, \u00a0d\u00e1ndole de comer a la deuda que engorda fondos especulativos, en desmedro de cualquier \u201cestado de bienestar\u201d que favorezca a las grandes mayor\u00edas.<\/p>\n<p>Si el extractivismo es una l\u00e1pida para los gobiernos progresistas, sus pol\u00edticas respecto a a poner todo el \u00e9nfasis en \u201cexportar para pagar\u201d complementan sus debilidades estructurales e ideol\u00f3gicas. Es una de las expresiones m\u00e1s directas del modo de inserci\u00f3n que tenemos en el sistema capitalista mundial, se\u00f1ala Roberto Perd\u00eda. Esa reproducci\u00f3n de la sociedad de consumo introduce valores que atentan contra la autonom\u00eda, soberan\u00eda nacional y organizaci\u00f3n popular, a\u00f1ade.<\/p>\n<p>Obviamente, por estos caminos se hace muy dif\u00edcil poner en marcha procesos de liberaci\u00f3n nacional y emancipaci\u00f3n social, banderas que pareciera que el progresismo \u2013al menos el argentino- abandonaron hace rato, sepultando la voluntad, la lucha y la m\u00edstica revolucionarias de los 1970, cuando el pueblo fue el protagonista.<\/p>\n<p>Hay quienes afirman que el ciclo del progresismo est\u00e1 terminado. Quiz\u00e1 no sea as\u00ed: lo que debe terminar es la pol\u00edtica de enunciaci\u00f3n superficial de consignas o cr\u00edticas sin propuestas desde la oposici\u00f3n, y de \u201creal politik\u201d de resignaci\u00f3n y frustraci\u00f3n cuando se llega al gobierno.<\/p>\n<p>Sin iniciativas de transformaci\u00f3n productiva ni pol\u00edticas sociales universales, ha puesto en evidencia que no cuenta con un proyecto propio. M\u00e1s grave a\u00fan es que ha operado pol\u00edticamente en las c\u00fapulas, distanci\u00e1ndose de los movimientos sociales y de las bases.<\/p>\n<p>M\u00e1s all\u00e1 de lo que decida el gobierno de Alberto Fern\u00e1ndez, la sociedad argentina est\u00e1 llamada a defender sus condiciones de vida contra ajustes regresivos , pero tambi\u00e9n en relaci\u00f3n a los argumentos\u00a0 \u201cprogresistas\u201d que\u00a0 justifican, confunden y desmoralizan.<\/p>\n<p>Y, cuando no existe un proyecto propio, con arraigo social efectivo, se termina durmiendo con el enemigo o en la corrupci\u00f3n. Por eso los invito a comenzar a pensar en el posfuturo. En la calle, codo a codo, somos muchos m\u00e1s que dos, dir\u00eda don Mario Benedetti, que no se refer\u00eda a los ministros argentinos actuales, pero es igual:<\/p>\n<p style=\"text-align: right;\"><em>Ustedes, duros con nuestra gente, \u00bfpor qu\u00e9 con otros son tan serviles?<\/em><br \/>\n<em>\u00a1C\u00f3mo traicionan el patrimonio, mientras el gringo nos cobra el triple!<\/em><br \/>\n<em>C\u00f3mo traicionan, usted y los otros, los adulones y los serviles.<\/em><br \/>\n<em>Por eso digo, se\u00f1or ministro, \u00bfDe qu\u00e9 se r\u00ede? \u00bfDe qu\u00e9 se r\u00ede?<\/em><\/p>\n<p>&nbsp;<\/p>\n","protected":false},"excerpt":{"rendered":"<p>Los dirigentes progresistas nos est\u00e1n demostrando que la \u00fanica izquierda que hoy existe en Am\u00e9rica Latina y el Caribe es la del pueblo en la calle, exigiendo, presionando, por los cambios estructurales de nuestras sociedades. por Aram Aharonian Si el&hellip;<\/p>\n","protected":false},"author":1415,"featured_media":1518586,"comment_status":"closed","ping_status":"closed","sticky":false,"template":"","format":"standard","meta":{"footnotes":""},"categories":[161,74,67],"tags":[516,99159,99160,21579],"class_list":["post-1518585","post","type-post","status-publish","format-standard","has-post-thumbnail","hentry","category-opiniones","category-politica-es","category-sudamerica","tag-fmi","tag-politica-neoliberal","tag-posfuturo","tag-progresismos"],"yoast_head":"<!-- This site is optimized with the Yoast SEO plugin v27.1.1 - https:\/\/yoast.com\/product\/yoast-seo-wordpress\/ -->\n<title>Si el progresismo es el futuro, hay que pensar con urgencia en el posfuturo<\/title>\n<meta name=\"description\" content=\"Los dirigentes progresistas nos est\u00e1n demostrando que la \u00fanica izquierda que hoy existe en Am\u00e9rica Latina y el Caribe es la del pueblo en la calle,\" \/>\n<meta name=\"robots\" content=\"index, follow, max-snippet:-1, max-image-preview:large, max-video-preview:-1\" \/>\n<link rel=\"canonical\" href=\"https:\/\/www.pressenza.com\/es\/2022\/02\/si-el-progresismo-es-el-futuro-hay-que-pensar-con-urgencia-en-el-posfuturo\/\" \/>\n<meta property=\"og:locale\" content=\"es_ES\" \/>\n<meta property=\"og:type\" content=\"article\" \/>\n<meta property=\"og:title\" content=\"Si el progresismo es el futuro, hay que pensar con urgencia en el posfuturo\" \/>\n<meta property=\"og:description\" content=\"Los dirigentes progresistas nos est\u00e1n demostrando que la \u00fanica izquierda que hoy existe en Am\u00e9rica Latina y el Caribe es la del pueblo en la calle,\" \/>\n<meta property=\"og:url\" content=\"https:\/\/www.pressenza.com\/es\/2022\/02\/si-el-progresismo-es-el-futuro-hay-que-pensar-con-urgencia-en-el-posfuturo\/\" \/>\n<meta property=\"og:site_name\" content=\"Pressenza\" \/>\n<meta property=\"article:publisher\" content=\"https:\/\/www.facebook.com\/PressenzaItalia\" \/>\n<meta property=\"article:published_time\" content=\"2022-02-11T01:06:12+00:00\" \/>\n<meta property=\"og:image\" content=\"https:\/\/www.pressenza.com\/wp-content\/uploads\/2022\/02\/puzzle-g9721da8bd_1280.jpg\" \/>\n\t<meta property=\"og:image:width\" content=\"1280\" \/>\n\t<meta property=\"og:image:height\" content=\"675\" \/>\n\t<meta property=\"og:image:type\" content=\"image\/jpeg\" \/>\n<meta name=\"author\" content=\"Aram Aharonian\" \/>\n<meta name=\"twitter:card\" content=\"summary_large_image\" \/>\n<meta name=\"twitter:creator\" content=\"@PressenzaIPA\" \/>\n<meta name=\"twitter:site\" content=\"@PressenzaIPA\" \/>\n<meta name=\"twitter:label1\" content=\"Escrito por\" \/>\n\t<meta name=\"twitter:data1\" content=\"Aram Aharonian\" \/>\n\t<meta name=\"twitter:label2\" content=\"Tiempo de lectura\" \/>\n\t<meta name=\"twitter:data2\" content=\"11 minutos\" \/>\n<script type=\"application\/ld+json\" class=\"yoast-schema-graph\">{\"@context\":\"https:\/\/schema.org\",\"@graph\":[{\"@type\":\"Article\",\"@id\":\"https:\/\/www.pressenza.com\/es\/2022\/02\/si-el-progresismo-es-el-futuro-hay-que-pensar-con-urgencia-en-el-posfuturo\/#article\",\"isPartOf\":{\"@id\":\"https:\/\/www.pressenza.com\/es\/2022\/02\/si-el-progresismo-es-el-futuro-hay-que-pensar-con-urgencia-en-el-posfuturo\/\"},\"author\":{\"name\":\"Aram Aharonian\",\"@id\":\"https:\/\/www.pressenza.com\/es\/#\/schema\/person\/777c39c93856c085c6d5931778fbf85f\"},\"headline\":\"Si el progresismo es el futuro, hay que pensar con urgencia en el posfuturo\",\"datePublished\":\"2022-02-11T01:06:12+00:00\",\"mainEntityOfPage\":{\"@id\":\"https:\/\/www.pressenza.com\/es\/2022\/02\/si-el-progresismo-es-el-futuro-hay-que-pensar-con-urgencia-en-el-posfuturo\/\"},\"wordCount\":2274,\"publisher\":{\"@id\":\"https:\/\/www.pressenza.com\/es\/#organization\"},\"image\":{\"@id\":\"https:\/\/www.pressenza.com\/es\/2022\/02\/si-el-progresismo-es-el-futuro-hay-que-pensar-con-urgencia-en-el-posfuturo\/#primaryimage\"},\"thumbnailUrl\":\"https:\/\/www.pressenza.com\/wp-content\/uploads\/2022\/02\/puzzle-g9721da8bd_1280.jpg\",\"keywords\":[\"FMI\",\"pol\u00edtica neoliberal\",\"posfuturo\",\"progresismos\"],\"articleSection\":[\"Opiniones\",\"Pol\u00edtica\",\"Sudam\u00e9rica\"],\"inLanguage\":\"es\"},{\"@type\":\"WebPage\",\"@id\":\"https:\/\/www.pressenza.com\/es\/2022\/02\/si-el-progresismo-es-el-futuro-hay-que-pensar-con-urgencia-en-el-posfuturo\/\",\"url\":\"https:\/\/www.pressenza.com\/es\/2022\/02\/si-el-progresismo-es-el-futuro-hay-que-pensar-con-urgencia-en-el-posfuturo\/\",\"name\":\"Si el progresismo es el futuro, hay que pensar con urgencia en el posfuturo\",\"isPartOf\":{\"@id\":\"https:\/\/www.pressenza.com\/es\/#website\"},\"primaryImageOfPage\":{\"@id\":\"https:\/\/www.pressenza.com\/es\/2022\/02\/si-el-progresismo-es-el-futuro-hay-que-pensar-con-urgencia-en-el-posfuturo\/#primaryimage\"},\"image\":{\"@id\":\"https:\/\/www.pressenza.com\/es\/2022\/02\/si-el-progresismo-es-el-futuro-hay-que-pensar-con-urgencia-en-el-posfuturo\/#primaryimage\"},\"thumbnailUrl\":\"https:\/\/www.pressenza.com\/wp-content\/uploads\/2022\/02\/puzzle-g9721da8bd_1280.jpg\",\"datePublished\":\"2022-02-11T01:06:12+00:00\",\"description\":\"Los dirigentes progresistas nos est\u00e1n demostrando que la \u00fanica izquierda que hoy existe en Am\u00e9rica Latina y el Caribe es la del pueblo en la calle,\",\"breadcrumb\":{\"@id\":\"https:\/\/www.pressenza.com\/es\/2022\/02\/si-el-progresismo-es-el-futuro-hay-que-pensar-con-urgencia-en-el-posfuturo\/#breadcrumb\"},\"inLanguage\":\"es\",\"potentialAction\":[{\"@type\":\"ReadAction\",\"target\":[\"https:\/\/www.pressenza.com\/es\/2022\/02\/si-el-progresismo-es-el-futuro-hay-que-pensar-con-urgencia-en-el-posfuturo\/\"]}]},{\"@type\":\"ImageObject\",\"inLanguage\":\"es\",\"@id\":\"https:\/\/www.pressenza.com\/es\/2022\/02\/si-el-progresismo-es-el-futuro-hay-que-pensar-con-urgencia-en-el-posfuturo\/#primaryimage\",\"url\":\"https:\/\/www.pressenza.com\/wp-content\/uploads\/2022\/02\/puzzle-g9721da8bd_1280.jpg\",\"contentUrl\":\"https:\/\/www.pressenza.com\/wp-content\/uploads\/2022\/02\/puzzle-g9721da8bd_1280.jpg\",\"width\":1280,\"height\":675},{\"@type\":\"BreadcrumbList\",\"@id\":\"https:\/\/www.pressenza.com\/es\/2022\/02\/si-el-progresismo-es-el-futuro-hay-que-pensar-con-urgencia-en-el-posfuturo\/#breadcrumb\",\"itemListElement\":[{\"@type\":\"ListItem\",\"position\":1,\"name\":\"Accueil\",\"item\":\"https:\/\/www.pressenza.com\/es\/\"},{\"@type\":\"ListItem\",\"position\":2,\"name\":\"Si el progresismo es el futuro, hay que pensar con urgencia en el posfuturo\"}]},{\"@type\":\"WebSite\",\"@id\":\"https:\/\/www.pressenza.com\/es\/#website\",\"url\":\"https:\/\/www.pressenza.com\/es\/\",\"name\":\"Pressenza\",\"description\":\"International Press Agency\",\"publisher\":{\"@id\":\"https:\/\/www.pressenza.com\/es\/#organization\"},\"potentialAction\":[{\"@type\":\"SearchAction\",\"target\":{\"@type\":\"EntryPoint\",\"urlTemplate\":\"https:\/\/www.pressenza.com\/es\/?s={search_term_string}\"},\"query-input\":{\"@type\":\"PropertyValueSpecification\",\"valueRequired\":true,\"valueName\":\"search_term_string\"}}],\"inLanguage\":\"es\"},{\"@type\":\"Organization\",\"@id\":\"https:\/\/www.pressenza.com\/es\/#organization\",\"name\":\"Pressenza\",\"url\":\"https:\/\/www.pressenza.com\/es\/\",\"logo\":{\"@type\":\"ImageObject\",\"inLanguage\":\"es\",\"@id\":\"https:\/\/www.pressenza.com\/es\/#\/schema\/logo\/image\/\",\"url\":\"https:\/\/www.pressenza.com\/wp-content\/uploads\/2022\/10\/pressenza_logo_200x200.jpg\",\"contentUrl\":\"https:\/\/www.pressenza.com\/wp-content\/uploads\/2022\/10\/pressenza_logo_200x200.jpg\",\"width\":200,\"height\":200,\"caption\":\"Pressenza\"},\"image\":{\"@id\":\"https:\/\/www.pressenza.com\/es\/#\/schema\/logo\/image\/\"},\"sameAs\":[\"https:\/\/www.facebook.com\/PressenzaItalia\",\"https:\/\/x.com\/PressenzaIPA\"]},{\"@type\":\"Person\",\"@id\":\"https:\/\/www.pressenza.com\/es\/#\/schema\/person\/777c39c93856c085c6d5931778fbf85f\",\"name\":\"Aram Aharonian\",\"description\":\"Magister en Integraci\u00f3n, periodista y docente uruguayo, fundador de Telesur, director del Observatorio en Comunicaci\u00f3n y Democracia, presidente de la Fundaci\u00f3n para la Integraci\u00f3n Latinoamericana.\",\"url\":\"https:\/\/www.pressenza.com\/es\/author\/aram-aharonian\/\"}]}<\/script>\n<!-- \/ Yoast SEO plugin. -->","yoast_head_json":{"title":"Si el progresismo es el futuro, hay que pensar con urgencia en el posfuturo","description":"Los dirigentes progresistas nos est\u00e1n demostrando que la \u00fanica izquierda que hoy existe en Am\u00e9rica Latina y el Caribe es la del pueblo en la calle,","robots":{"index":"index","follow":"follow","max-snippet":"max-snippet:-1","max-image-preview":"max-image-preview:large","max-video-preview":"max-video-preview:-1"},"canonical":"https:\/\/www.pressenza.com\/es\/2022\/02\/si-el-progresismo-es-el-futuro-hay-que-pensar-con-urgencia-en-el-posfuturo\/","og_locale":"es_ES","og_type":"article","og_title":"Si el progresismo es el futuro, hay que pensar con urgencia en el posfuturo","og_description":"Los dirigentes progresistas nos est\u00e1n demostrando que la \u00fanica izquierda que hoy existe en Am\u00e9rica Latina y el Caribe es la del pueblo en la calle,","og_url":"https:\/\/www.pressenza.com\/es\/2022\/02\/si-el-progresismo-es-el-futuro-hay-que-pensar-con-urgencia-en-el-posfuturo\/","og_site_name":"Pressenza","article_publisher":"https:\/\/www.facebook.com\/PressenzaItalia","article_published_time":"2022-02-11T01:06:12+00:00","og_image":[{"width":1280,"height":675,"url":"https:\/\/www.pressenza.com\/wp-content\/uploads\/2022\/02\/puzzle-g9721da8bd_1280.jpg","type":"image\/jpeg"}],"author":"Aram Aharonian","twitter_card":"summary_large_image","twitter_creator":"@PressenzaIPA","twitter_site":"@PressenzaIPA","twitter_misc":{"Escrito por":"Aram Aharonian","Tiempo de lectura":"11 minutos"},"schema":{"@context":"https:\/\/schema.org","@graph":[{"@type":"Article","@id":"https:\/\/www.pressenza.com\/es\/2022\/02\/si-el-progresismo-es-el-futuro-hay-que-pensar-con-urgencia-en-el-posfuturo\/#article","isPartOf":{"@id":"https:\/\/www.pressenza.com\/es\/2022\/02\/si-el-progresismo-es-el-futuro-hay-que-pensar-con-urgencia-en-el-posfuturo\/"},"author":{"name":"Aram Aharonian","@id":"https:\/\/www.pressenza.com\/es\/#\/schema\/person\/777c39c93856c085c6d5931778fbf85f"},"headline":"Si el progresismo es el futuro, hay que pensar con urgencia en el posfuturo","datePublished":"2022-02-11T01:06:12+00:00","mainEntityOfPage":{"@id":"https:\/\/www.pressenza.com\/es\/2022\/02\/si-el-progresismo-es-el-futuro-hay-que-pensar-con-urgencia-en-el-posfuturo\/"},"wordCount":2274,"publisher":{"@id":"https:\/\/www.pressenza.com\/es\/#organization"},"image":{"@id":"https:\/\/www.pressenza.com\/es\/2022\/02\/si-el-progresismo-es-el-futuro-hay-que-pensar-con-urgencia-en-el-posfuturo\/#primaryimage"},"thumbnailUrl":"https:\/\/www.pressenza.com\/wp-content\/uploads\/2022\/02\/puzzle-g9721da8bd_1280.jpg","keywords":["FMI","pol\u00edtica neoliberal","posfuturo","progresismos"],"articleSection":["Opiniones","Pol\u00edtica","Sudam\u00e9rica"],"inLanguage":"es"},{"@type":"WebPage","@id":"https:\/\/www.pressenza.com\/es\/2022\/02\/si-el-progresismo-es-el-futuro-hay-que-pensar-con-urgencia-en-el-posfuturo\/","url":"https:\/\/www.pressenza.com\/es\/2022\/02\/si-el-progresismo-es-el-futuro-hay-que-pensar-con-urgencia-en-el-posfuturo\/","name":"Si el progresismo es el futuro, hay que pensar con urgencia en el posfuturo","isPartOf":{"@id":"https:\/\/www.pressenza.com\/es\/#website"},"primaryImageOfPage":{"@id":"https:\/\/www.pressenza.com\/es\/2022\/02\/si-el-progresismo-es-el-futuro-hay-que-pensar-con-urgencia-en-el-posfuturo\/#primaryimage"},"image":{"@id":"https:\/\/www.pressenza.com\/es\/2022\/02\/si-el-progresismo-es-el-futuro-hay-que-pensar-con-urgencia-en-el-posfuturo\/#primaryimage"},"thumbnailUrl":"https:\/\/www.pressenza.com\/wp-content\/uploads\/2022\/02\/puzzle-g9721da8bd_1280.jpg","datePublished":"2022-02-11T01:06:12+00:00","description":"Los dirigentes progresistas nos est\u00e1n demostrando que la \u00fanica izquierda que hoy existe en Am\u00e9rica Latina y el Caribe es la del pueblo en la calle,","breadcrumb":{"@id":"https:\/\/www.pressenza.com\/es\/2022\/02\/si-el-progresismo-es-el-futuro-hay-que-pensar-con-urgencia-en-el-posfuturo\/#breadcrumb"},"inLanguage":"es","potentialAction":[{"@type":"ReadAction","target":["https:\/\/www.pressenza.com\/es\/2022\/02\/si-el-progresismo-es-el-futuro-hay-que-pensar-con-urgencia-en-el-posfuturo\/"]}]},{"@type":"ImageObject","inLanguage":"es","@id":"https:\/\/www.pressenza.com\/es\/2022\/02\/si-el-progresismo-es-el-futuro-hay-que-pensar-con-urgencia-en-el-posfuturo\/#primaryimage","url":"https:\/\/www.pressenza.com\/wp-content\/uploads\/2022\/02\/puzzle-g9721da8bd_1280.jpg","contentUrl":"https:\/\/www.pressenza.com\/wp-content\/uploads\/2022\/02\/puzzle-g9721da8bd_1280.jpg","width":1280,"height":675},{"@type":"BreadcrumbList","@id":"https:\/\/www.pressenza.com\/es\/2022\/02\/si-el-progresismo-es-el-futuro-hay-que-pensar-con-urgencia-en-el-posfuturo\/#breadcrumb","itemListElement":[{"@type":"ListItem","position":1,"name":"Accueil","item":"https:\/\/www.pressenza.com\/es\/"},{"@type":"ListItem","position":2,"name":"Si el progresismo es el futuro, hay que pensar con urgencia en el posfuturo"}]},{"@type":"WebSite","@id":"https:\/\/www.pressenza.com\/es\/#website","url":"https:\/\/www.pressenza.com\/es\/","name":"Pressenza","description":"International Press Agency","publisher":{"@id":"https:\/\/www.pressenza.com\/es\/#organization"},"potentialAction":[{"@type":"SearchAction","target":{"@type":"EntryPoint","urlTemplate":"https:\/\/www.pressenza.com\/es\/?s={search_term_string}"},"query-input":{"@type":"PropertyValueSpecification","valueRequired":true,"valueName":"search_term_string"}}],"inLanguage":"es"},{"@type":"Organization","@id":"https:\/\/www.pressenza.com\/es\/#organization","name":"Pressenza","url":"https:\/\/www.pressenza.com\/es\/","logo":{"@type":"ImageObject","inLanguage":"es","@id":"https:\/\/www.pressenza.com\/es\/#\/schema\/logo\/image\/","url":"https:\/\/www.pressenza.com\/wp-content\/uploads\/2022\/10\/pressenza_logo_200x200.jpg","contentUrl":"https:\/\/www.pressenza.com\/wp-content\/uploads\/2022\/10\/pressenza_logo_200x200.jpg","width":200,"height":200,"caption":"Pressenza"},"image":{"@id":"https:\/\/www.pressenza.com\/es\/#\/schema\/logo\/image\/"},"sameAs":["https:\/\/www.facebook.com\/PressenzaItalia","https:\/\/x.com\/PressenzaIPA"]},{"@type":"Person","@id":"https:\/\/www.pressenza.com\/es\/#\/schema\/person\/777c39c93856c085c6d5931778fbf85f","name":"Aram Aharonian","description":"Magister en Integraci\u00f3n, periodista y docente uruguayo, fundador de Telesur, director del Observatorio en Comunicaci\u00f3n y Democracia, presidente de la Fundaci\u00f3n para la Integraci\u00f3n Latinoamericana.","url":"https:\/\/www.pressenza.com\/es\/author\/aram-aharonian\/"}]}},"place":"","original_article_url":"https:\/\/estrategia.la\/2022\/02\/10\/si-el-progresismo-es-el-futuro-hay-que-pensar-con-urgencia-en-el-posfuturo\/","_links":{"self":[{"href":"https:\/\/www.pressenza.com\/es\/wp-json\/wp\/v2\/posts\/1518585","targetHints":{"allow":["GET"]}}],"collection":[{"href":"https:\/\/www.pressenza.com\/es\/wp-json\/wp\/v2\/posts"}],"about":[{"href":"https:\/\/www.pressenza.com\/es\/wp-json\/wp\/v2\/types\/post"}],"author":[{"embeddable":true,"href":"https:\/\/www.pressenza.com\/es\/wp-json\/wp\/v2\/users\/1415"}],"replies":[{"embeddable":true,"href":"https:\/\/www.pressenza.com\/es\/wp-json\/wp\/v2\/comments?post=1518585"}],"version-history":[{"count":0,"href":"https:\/\/www.pressenza.com\/es\/wp-json\/wp\/v2\/posts\/1518585\/revisions"}],"wp:featuredmedia":[{"embeddable":true,"href":"https:\/\/www.pressenza.com\/es\/wp-json\/wp\/v2\/media\/1518586"}],"wp:attachment":[{"href":"https:\/\/www.pressenza.com\/es\/wp-json\/wp\/v2\/media?parent=1518585"}],"wp:term":[{"taxonomy":"category","embeddable":true,"href":"https:\/\/www.pressenza.com\/es\/wp-json\/wp\/v2\/categories?post=1518585"},{"taxonomy":"post_tag","embeddable":true,"href":"https:\/\/www.pressenza.com\/es\/wp-json\/wp\/v2\/tags?post=1518585"}],"curies":[{"name":"wp","href":"https:\/\/api.w.org\/{rel}","templated":true}]}}