{"id":1516631,"date":"2022-02-06T22:22:09","date_gmt":"2022-02-06T22:22:09","guid":{"rendered":"https:\/\/www.pressenza.com\/?p=1516631"},"modified":"2022-02-06T22:27:31","modified_gmt":"2022-02-06T22:27:31","slug":"ix-marcha-de-la-dignidad-en-el-8o-aniversario-de-la-tragedia-del-tarajal","status":"publish","type":"post","link":"https:\/\/www.pressenza.com\/es\/2022\/02\/ix-marcha-de-la-dignidad-en-el-8o-aniversario-de-la-tragedia-del-tarajal\/","title":{"rendered":"IX Marcha de la Dignidad, en el 8\u00ba Aniversario de la Tragedia del Tarajal"},"content":{"rendered":"<p>Hoy seis de febrero se cumple el octavo aniversario a\u00f1os de la <strong>\u201cTragedia del Tarajal<\/strong>\u201d, cuando 15 personas migrantes de origen subsahariano murieron ahogados al disponerse a entrar a nado desde Marruecos, con la intenci\u00f3n de entrar a Europa por la playa del Tarajal de Ceuta. Unas 200 personas consiguieron aquella noche burlar los controles que las fuerzas marroqu\u00edes desplegaban en los bosques cercanos a la valla de Ceuta y llegar hasta la aduana marroqu\u00ed donde se arrojaron al mar. Se habla de unos 1.500 subsaharianos los que intentaron entrar en Europa en la madrugada del 6 de febrero del 2014 y solo esos 200 lograron acercarse. La Guardia Civil desplegada en la orilla espa\u00f1ola intent\u00f3 repeler la entrada usando material antidisturbios cuando nadaban en direcci\u00f3n a la orilla.<\/p>\n<p>Ocho a\u00f1os despu\u00e9s de aquel fat\u00eddico 6 de febrero de 2014, colectivos y asociaciones defensoras de los derechos de las personas migrantes se han reunido en una jornada reivindicativa para pedir JUSTICIA y REPARACI\u00d3N en recuerdo de las 15 personas que murieron en la playa del Tarajal en Ceuta cuando trataban de llegar a suelo espa\u00f1ol y a la que cada a\u00f1o una placa recuerda.<\/p>\n<p>Por las v\u00edctimas del TARAJAL y por todas las que mueren en las fronteras europeas tratando de encontrar una vida mejor, m\u00e1s de doscientas personas llegadas desde todos los rincones del estado espa\u00f1ol, recorrieron las calles de Ceuta en la IX MARCHA POR LA DIGNIDAD bajo el lema: \u00abVIAS LEGALES, VIDAS SEGURAS. MIGRAR ES UN DERECHO\u00bb.<\/p>\n<p>Al grito de NO a la Europa Fortaleza y \u201cninguna persona es ilegal\u201d las personas participantes unieron sus voces a las personas migrantes que se encuentran en la ciudad esperando poder salir para continuar su periplo migratorio.<\/p>\n<p>Ayer se vivi\u00f3 una jornada reivindicativa y de reconocimiento, que acab\u00f3 en la misma Playa del Tarajal, el macabro escenario donde perdieron la vida 16 seres humanos. Un manifiesto le\u00eddo en tres idiomas ha servido para denunciar las muertes que se producen en la Frontera Sur como consecuencia de las pol\u00edticas migratorias de la UE.<\/p>\n<p><em><strong>Galer\u00eda de Fotos<\/strong><\/em><\/p>\n<div class=\"post-gallery\">\n\t\t\t<figure class=\"post-gallery-item\">\n\t\t\t\t<img decoding=\"async\" src=\"https:\/\/www.pressenza.com\/wp-content\/uploads\/2022\/02\/IX-MARCHA-DIGNIDAD_ANTONIO-SEMPEREDSC_2240-820x548.jpg\" loading=\"lazy\">\n\t\t\t\t<figcaption>\n\t\t\t\t\t\n\t\t\t\t<\/figcaption>\n\t\t\t<\/figure>\n\t\t\t<figure class=\"post-gallery-item\">\n\t\t\t\t<img decoding=\"async\" src=\"https:\/\/www.pressenza.com\/wp-content\/uploads\/2022\/02\/IX-MARCHA-DIGNIDAD_ANTONIO-SEMPERE61D3A7B0-7DC1-43B1-84A8-262B24168936-820x547.jpg\" loading=\"lazy\">\n\t\t\t\t<figcaption>\n\t\t\t\t\t\n\t\t\t\t<\/figcaption>\n\t\t\t<\/figure>\n\t\t\t<figure class=\"post-gallery-item\">\n\t\t\t\t<img decoding=\"async\" src=\"https:\/\/www.pressenza.com\/wp-content\/uploads\/2022\/02\/IX-MARCHA-DIGNIDAD_ANTONIO-SEMPERE1571C71A-B2A2-4A64-8D3F-A5C2D70A9E1C-820x523.jpg\" loading=\"lazy\">\n\t\t\t\t<figcaption>\n\t\t\t\t\t\n\t\t\t\t<\/figcaption>\n\t\t\t<\/figure>\n\t\t\t<figure class=\"post-gallery-item\">\n\t\t\t\t<img decoding=\"async\" src=\"https:\/\/www.pressenza.com\/wp-content\/uploads\/2022\/02\/IX-MARCHA-DIGNIDAD_ANTONIO-SEMPEREC69C9BCD-4A2C-43C9-8D4A-6494AAD73BCF-820x547.jpg\" loading=\"lazy\">\n\t\t\t\t<figcaption>\n\t\t\t\t\t\n\t\t\t\t<\/figcaption>\n\t\t\t<\/figure>\n\t\t\t<figure class=\"post-gallery-item\">\n\t\t\t\t<img decoding=\"async\" src=\"https:\/\/www.pressenza.com\/wp-content\/uploads\/2022\/02\/IX-MARCHA-DIGNIDAD_ANTONIO-SEMPEREDSC_2253-820x548.jpg\" loading=\"lazy\">\n\t\t\t\t<figcaption>\n\t\t\t\t\tIX Marcha de la Dignidad, en el 8\u00ba Aniversario de la Tragedia del Tarajal, febrero 2022.\n\t\t\t\t<\/figcaption>\n\t\t\t<\/figure>\n\t\t\t<figure class=\"post-gallery-item\">\n\t\t\t\t<img decoding=\"async\" src=\"https:\/\/www.pressenza.com\/wp-content\/uploads\/2022\/02\/IX-MARCHA-DIGNIDAD_ANTONIO-SEMPEREDSC_2299-820x548.jpg\" loading=\"lazy\">\n\t\t\t\t<figcaption>\n\t\t\t\t\t\n\t\t\t\t<\/figcaption>\n\t\t\t<\/figure>\n\t\t\t<figure class=\"post-gallery-item\">\n\t\t\t\t<img decoding=\"async\" src=\"https:\/\/www.pressenza.com\/wp-content\/uploads\/2022\/02\/IX-MARCHA-DIGNIDAD_ANTONIO-SEMPEREDSC_2324-820x548.jpg\" loading=\"lazy\">\n\t\t\t\t<figcaption>\n\t\t\t\t\t\n\t\t\t\t<\/figcaption>\n\t\t\t<\/figure>\n\t\t\t<figure class=\"post-gallery-item\">\n\t\t\t\t<img decoding=\"async\" src=\"https:\/\/www.pressenza.com\/wp-content\/uploads\/2022\/02\/IX-MARCHA-DIGNIDAD_ANTONIO-SEMPEREJPG_6620-820x547.jpg\" loading=\"lazy\">\n\t\t\t\t<figcaption>\n\t\t\t\t\t\n\t\t\t\t<\/figcaption>\n\t\t\t<\/figure>\n\t\t\t<figure class=\"post-gallery-item\">\n\t\t\t\t<img decoding=\"async\" src=\"https:\/\/www.pressenza.com\/wp-content\/uploads\/2022\/02\/IX-MARCHA-DIGNIDAD_ANTONIO-SEMPEREJPG_6701-820x547.jpg\" loading=\"lazy\">\n\t\t\t\t<figcaption>\n\t\t\t\t\t\n\t\t\t\t<\/figcaption>\n\t\t\t<\/figure>\n\t\t\t<figure class=\"post-gallery-item\">\n\t\t\t\t<img decoding=\"async\" src=\"https:\/\/www.pressenza.com\/wp-content\/uploads\/2022\/02\/IX-MARCHA-DIGNIDAD_ANTONIO-SEMPEREJPG_6710-683x1024.jpg\" loading=\"lazy\">\n\t\t\t\t<figcaption>\n\t\t\t\t\t\n\t\t\t\t<\/figcaption>\n\t\t\t<\/figure>\n\t\t\t<figure class=\"post-gallery-item\">\n\t\t\t\t<img decoding=\"async\" src=\"https:\/\/www.pressenza.com\/wp-content\/uploads\/2022\/02\/IX-MARCHA-DIGNIDAD_ANTONIO-SEMPEREDSC_2259-820x548.jpg\" loading=\"lazy\">\n\t\t\t\t<figcaption>\n\t\t\t\t\t\n\t\t\t\t<\/figcaption>\n\t\t\t<\/figure>\n\t\t\t<figure class=\"post-gallery-item\">\n\t\t\t\t<img decoding=\"async\" src=\"https:\/\/www.pressenza.com\/wp-content\/uploads\/2022\/02\/IX-MARCHA-DIGNIDAD_ANTONIO-SEMPEREDSC_2324-1-820x548.jpg\" loading=\"lazy\">\n\t\t\t\t<figcaption>\n\t\t\t\t\t\n\t\t\t\t<\/figcaption>\n\t\t\t<\/figure>\n\t\t\t<figure class=\"post-gallery-item\">\n\t\t\t\t<img decoding=\"async\" src=\"https:\/\/www.pressenza.com\/wp-content\/uploads\/2022\/02\/IX-MARCHA-DIGNIDAD_ANTONIO-SEMPEREJPG_6409-min-820x547.jpg\" loading=\"lazy\">\n\t\t\t\t<figcaption>\n\t\t\t\t\t\n\t\t\t\t<\/figcaption>\n\t\t\t<\/figure>\n\t\t\t<figure class=\"post-gallery-item\">\n\t\t\t\t<img decoding=\"async\" src=\"https:\/\/www.pressenza.com\/wp-content\/uploads\/2022\/02\/IX-MARCHA-DIGNIDAD_ANTONIO-SEMPEREDSC_2282-min-820x548.jpg\" loading=\"lazy\">\n\t\t\t\t<figcaption>\n\t\t\t\t\t\n\t\t\t\t<\/figcaption>\n\t\t\t<\/figure>\n\t\t\t<figure class=\"post-gallery-item\">\n\t\t\t\t<img decoding=\"async\" src=\"https:\/\/www.pressenza.com\/wp-content\/uploads\/2022\/02\/IX-MARCHA-DIGNIDAD_ANTONIO-SEMPEREJPG_6430-min-820x547.jpg\" loading=\"lazy\">\n\t\t\t\t<figcaption>\n\t\t\t\t\t\n\t\t\t\t<\/figcaption>\n\t\t\t<\/figure>\n\t\t\t<figure class=\"post-gallery-item\">\n\t\t\t\t<img decoding=\"async\" src=\"https:\/\/www.pressenza.com\/wp-content\/uploads\/2022\/02\/IX-MARCHA-DIGNIDAD_ANTONIO-SEMPEREJPG_6653-min-820x547.jpg\" loading=\"lazy\">\n\t\t\t\t<figcaption>\n\t\t\t\t\t\n\t\t\t\t<\/figcaption>\n\t\t\t<\/figure>\n\t\t\t<figure class=\"post-gallery-item\">\n\t\t\t\t<img decoding=\"async\" src=\"https:\/\/www.pressenza.com\/wp-content\/uploads\/2022\/02\/IX-MARCHA-DIGNIDAD_ANTONIO-SEMPEREJPG_6688-min-820x547.jpg\" loading=\"lazy\">\n\t\t\t\t<figcaption>\n\t\t\t\t\t\n\t\t\t\t<\/figcaption>\n\t\t\t<\/figure>\n\t\t\t<figure class=\"post-gallery-item\">\n\t\t\t\t<img decoding=\"async\" src=\"https:\/\/www.pressenza.com\/wp-content\/uploads\/2022\/02\/IX-MARCHA-DIGNIDAD_ANTONIO-SEMPEREJPG_6710-min-683x1024.jpg\" loading=\"lazy\">\n\t\t\t\t<figcaption>\n\t\t\t\t\t\n\t\t\t\t<\/figcaption>\n\t\t\t<\/figure>\n\t\t\t<figure class=\"post-gallery-item\">\n\t\t\t\t<img decoding=\"async\" src=\"https:\/\/www.pressenza.com\/wp-content\/uploads\/2022\/02\/IX-MARCHA-DIGNIDAD_ANTONIO-SEMPEREJPG_6711-min-820x547.jpg\" loading=\"lazy\">\n\t\t\t\t<figcaption>\n\t\t\t\t\t\n\t\t\t\t<\/figcaption>\n\t\t\t<\/figure><\/div>\n","protected":false},"excerpt":{"rendered":"<p>Hoy seis de febrero se cumple el octavo aniversario a\u00f1os de la \u201cTragedia del Tarajal\u201d, cuando 15 personas migrantes de origen subsahariano murieron ahogados al disponerse a entrar a nado desde Marruecos, con la intenci\u00f3n de entrar a Europa por&hellip;<\/p>\n","protected":false},"author":1279,"featured_media":1516780,"comment_status":"closed","ping_status":"closed","sticky":false,"template":"","format":"standard","meta":{"footnotes":""},"categories":[64,11389,79,66,5667,54574],"tags":[1065,34731,99036,398,27676,19883,4817],"class_list":["post-1516631","post","type-post","status-publish","format-standard","has-post-thumbnail","hentry","category-africa-es","category-contenido-original","category-derechos-humanos","category-europa-es","category-foto-reportajes","category-migrantes-es","tag-espana","tag-frontera-sur","tag-ix-marcha-por-la-dignidad","tag-justicia","tag-muertos-el-tarajal","tag-ningun-ser-humano-es-ilegal","tag-union-europea"],"yoast_head":"<!-- This site is optimized with the Yoast SEO plugin v27.1.1 - https:\/\/yoast.com\/product\/yoast-seo-wordpress\/ -->\n<title>IX Marcha de la Dignidad, en el 8\u00ba Aniversario de la Tragedia del Tarajal<\/title>\n<meta name=\"description\" content=\"Hoy seis de febrero se cumple el octavo aniversario a\u00f1os de la \u201cTragedia del Tarajal\u201d, cuando 15 personas migrantes de origen subsahariano murieron\" \/>\n<meta name=\"robots\" content=\"index, follow, max-snippet:-1, max-image-preview:large, max-video-preview:-1\" \/>\n<link rel=\"canonical\" href=\"https:\/\/www.pressenza.com\/es\/2022\/02\/ix-marcha-de-la-dignidad-en-el-8o-aniversario-de-la-tragedia-del-tarajal\/\" \/>\n<meta property=\"og:locale\" content=\"es_ES\" \/>\n<meta property=\"og:type\" content=\"article\" \/>\n<meta property=\"og:title\" content=\"IX Marcha de la Dignidad, en el 8\u00ba Aniversario de la Tragedia del Tarajal\" \/>\n<meta property=\"og:description\" content=\"Hoy seis de febrero se cumple el octavo aniversario a\u00f1os de la \u201cTragedia del Tarajal\u201d, cuando 15 personas migrantes de origen subsahariano murieron\" \/>\n<meta property=\"og:url\" content=\"https:\/\/www.pressenza.com\/es\/2022\/02\/ix-marcha-de-la-dignidad-en-el-8o-aniversario-de-la-tragedia-del-tarajal\/\" \/>\n<meta property=\"og:site_name\" content=\"Pressenza\" \/>\n<meta property=\"article:publisher\" content=\"https:\/\/www.facebook.com\/PressenzaItalia\" \/>\n<meta property=\"article:published_time\" content=\"2022-02-06T22:22:09+00:00\" \/>\n<meta property=\"article:modified_time\" content=\"2022-02-06T22:27:31+00:00\" \/>\n<meta property=\"og:image\" content=\"https:\/\/www.pressenza.com\/wp-content\/uploads\/2022\/02\/IX-MARCHA-DIGNIDAD_ANTONIO-SEMPEREC69C9BCD-4A2C-43C9-8D4A-6494AAD73BCF.jpg\" \/>\n\t<meta property=\"og:image:width\" content=\"1440\" \/>\n\t<meta property=\"og:image:height\" content=\"960\" \/>\n\t<meta property=\"og:image:type\" content=\"image\/jpeg\" \/>\n<meta name=\"author\" content=\"Antonio Sempere\" \/>\n<meta name=\"twitter:card\" content=\"summary_large_image\" \/>\n<meta name=\"twitter:creator\" content=\"@PressenzaIPA\" \/>\n<meta name=\"twitter:site\" content=\"@PressenzaIPA\" \/>\n<meta name=\"twitter:label1\" content=\"Escrito por\" \/>\n\t<meta name=\"twitter:data1\" content=\"Antonio Sempere\" \/>\n\t<meta name=\"twitter:label2\" content=\"Tiempo de lectura\" \/>\n\t<meta name=\"twitter:data2\" content=\"2 minutos\" \/>\n<script type=\"application\/ld+json\" class=\"yoast-schema-graph\">{\"@context\":\"https:\/\/schema.org\",\"@graph\":[{\"@type\":\"Article\",\"@id\":\"https:\/\/www.pressenza.com\/es\/2022\/02\/ix-marcha-de-la-dignidad-en-el-8o-aniversario-de-la-tragedia-del-tarajal\/#article\",\"isPartOf\":{\"@id\":\"https:\/\/www.pressenza.com\/es\/2022\/02\/ix-marcha-de-la-dignidad-en-el-8o-aniversario-de-la-tragedia-del-tarajal\/\"},\"author\":{\"name\":\"Antonio Sempere\",\"@id\":\"https:\/\/www.pressenza.com\/es\/#\/schema\/person\/6021a6c078ef7fdd30d1146ed721bb86\"},\"headline\":\"IX Marcha de la Dignidad, en el 8\u00ba Aniversario de la Tragedia del Tarajal\",\"datePublished\":\"2022-02-06T22:22:09+00:00\",\"dateModified\":\"2022-02-06T22:27:31+00:00\",\"mainEntityOfPage\":{\"@id\":\"https:\/\/www.pressenza.com\/es\/2022\/02\/ix-marcha-de-la-dignidad-en-el-8o-aniversario-de-la-tragedia-del-tarajal\/\"},\"wordCount\":367,\"publisher\":{\"@id\":\"https:\/\/www.pressenza.com\/es\/#organization\"},\"image\":{\"@id\":\"https:\/\/www.pressenza.com\/es\/2022\/02\/ix-marcha-de-la-dignidad-en-el-8o-aniversario-de-la-tragedia-del-tarajal\/#primaryimage\"},\"thumbnailUrl\":\"https:\/\/www.pressenza.com\/wp-content\/uploads\/2022\/02\/IX-MARCHA-DIGNIDAD_ANTONIO-SEMPEREC69C9BCD-4A2C-43C9-8D4A-6494AAD73BCF.jpg\",\"keywords\":[\"Espa\u00f1a\",\"frontera sur\",\"IX Marcha por la Dignidad\",\"justicia\",\"Muertos El Tarajal\",\"Ning\u00fan ser humano es ilegal\",\"Uni\u00f3n Europea\"],\"articleSection\":[\"Africa\",\"Contenido Original\",\"Derechos Humanos\",\"Europa\",\"Fotorreportajes\",\"Migrantes\"],\"inLanguage\":\"es\"},{\"@type\":\"WebPage\",\"@id\":\"https:\/\/www.pressenza.com\/es\/2022\/02\/ix-marcha-de-la-dignidad-en-el-8o-aniversario-de-la-tragedia-del-tarajal\/\",\"url\":\"https:\/\/www.pressenza.com\/es\/2022\/02\/ix-marcha-de-la-dignidad-en-el-8o-aniversario-de-la-tragedia-del-tarajal\/\",\"name\":\"IX Marcha de la Dignidad, en el 8\u00ba Aniversario de la Tragedia del Tarajal\",\"isPartOf\":{\"@id\":\"https:\/\/www.pressenza.com\/es\/#website\"},\"primaryImageOfPage\":{\"@id\":\"https:\/\/www.pressenza.com\/es\/2022\/02\/ix-marcha-de-la-dignidad-en-el-8o-aniversario-de-la-tragedia-del-tarajal\/#primaryimage\"},\"image\":{\"@id\":\"https:\/\/www.pressenza.com\/es\/2022\/02\/ix-marcha-de-la-dignidad-en-el-8o-aniversario-de-la-tragedia-del-tarajal\/#primaryimage\"},\"thumbnailUrl\":\"https:\/\/www.pressenza.com\/wp-content\/uploads\/2022\/02\/IX-MARCHA-DIGNIDAD_ANTONIO-SEMPEREC69C9BCD-4A2C-43C9-8D4A-6494AAD73BCF.jpg\",\"datePublished\":\"2022-02-06T22:22:09+00:00\",\"dateModified\":\"2022-02-06T22:27:31+00:00\",\"description\":\"Hoy seis de febrero se cumple el octavo aniversario a\u00f1os de la \u201cTragedia del Tarajal\u201d, cuando 15 personas migrantes de origen subsahariano murieron\",\"breadcrumb\":{\"@id\":\"https:\/\/www.pressenza.com\/es\/2022\/02\/ix-marcha-de-la-dignidad-en-el-8o-aniversario-de-la-tragedia-del-tarajal\/#breadcrumb\"},\"inLanguage\":\"es\",\"potentialAction\":[{\"@type\":\"ReadAction\",\"target\":[\"https:\/\/www.pressenza.com\/es\/2022\/02\/ix-marcha-de-la-dignidad-en-el-8o-aniversario-de-la-tragedia-del-tarajal\/\"]}]},{\"@type\":\"ImageObject\",\"inLanguage\":\"es\",\"@id\":\"https:\/\/www.pressenza.com\/es\/2022\/02\/ix-marcha-de-la-dignidad-en-el-8o-aniversario-de-la-tragedia-del-tarajal\/#primaryimage\",\"url\":\"https:\/\/www.pressenza.com\/wp-content\/uploads\/2022\/02\/IX-MARCHA-DIGNIDAD_ANTONIO-SEMPEREC69C9BCD-4A2C-43C9-8D4A-6494AAD73BCF.jpg\",\"contentUrl\":\"https:\/\/www.pressenza.com\/wp-content\/uploads\/2022\/02\/IX-MARCHA-DIGNIDAD_ANTONIO-SEMPEREC69C9BCD-4A2C-43C9-8D4A-6494AAD73BCF.jpg\",\"width\":1440,\"height\":960},{\"@type\":\"BreadcrumbList\",\"@id\":\"https:\/\/www.pressenza.com\/es\/2022\/02\/ix-marcha-de-la-dignidad-en-el-8o-aniversario-de-la-tragedia-del-tarajal\/#breadcrumb\",\"itemListElement\":[{\"@type\":\"ListItem\",\"position\":1,\"name\":\"Accueil\",\"item\":\"https:\/\/www.pressenza.com\/es\/\"},{\"@type\":\"ListItem\",\"position\":2,\"name\":\"IX Marcha de la Dignidad, en el 8\u00ba Aniversario de la Tragedia del Tarajal\"}]},{\"@type\":\"WebSite\",\"@id\":\"https:\/\/www.pressenza.com\/es\/#website\",\"url\":\"https:\/\/www.pressenza.com\/es\/\",\"name\":\"Pressenza\",\"description\":\"International Press Agency\",\"publisher\":{\"@id\":\"https:\/\/www.pressenza.com\/es\/#organization\"},\"potentialAction\":[{\"@type\":\"SearchAction\",\"target\":{\"@type\":\"EntryPoint\",\"urlTemplate\":\"https:\/\/www.pressenza.com\/es\/?s={search_term_string}\"},\"query-input\":{\"@type\":\"PropertyValueSpecification\",\"valueRequired\":true,\"valueName\":\"search_term_string\"}}],\"inLanguage\":\"es\"},{\"@type\":\"Organization\",\"@id\":\"https:\/\/www.pressenza.com\/es\/#organization\",\"name\":\"Pressenza\",\"url\":\"https:\/\/www.pressenza.com\/es\/\",\"logo\":{\"@type\":\"ImageObject\",\"inLanguage\":\"es\",\"@id\":\"https:\/\/www.pressenza.com\/es\/#\/schema\/logo\/image\/\",\"url\":\"https:\/\/www.pressenza.com\/wp-content\/uploads\/2022\/10\/pressenza_logo_200x200.jpg\",\"contentUrl\":\"https:\/\/www.pressenza.com\/wp-content\/uploads\/2022\/10\/pressenza_logo_200x200.jpg\",\"width\":200,\"height\":200,\"caption\":\"Pressenza\"},\"image\":{\"@id\":\"https:\/\/www.pressenza.com\/es\/#\/schema\/logo\/image\/\"},\"sameAs\":[\"https:\/\/www.facebook.com\/PressenzaItalia\",\"https:\/\/x.com\/PressenzaIPA\"]},{\"@type\":\"Person\",\"@id\":\"https:\/\/www.pressenza.com\/es\/#\/schema\/person\/6021a6c078ef7fdd30d1146ed721bb86\",\"name\":\"Antonio Sempere\",\"description\":\"Antonio Sempere (Ceuta 1966) es foto periodista nacido en Ceuta y trabaja como freelance para agencias internacionales de prensa, entre ellas France Press (AFP) y Europa Press y es corresponsal de Pressenza en el norte de \u00c1frica. Colabora con varias entidades sociales a favor de los derechos humanos y es testigo directo del drama de la migraci\u00f3n en las llegadas e intentos de salto a la valla de Ceuta de personas migrantes de origen subsahariano que habitan en los bosques marroqu\u00edes cerca de Ceuta, en la frontera sur de Europa.\",\"url\":\"https:\/\/www.pressenza.com\/es\/author\/antonio-sempere\/\"}]}<\/script>\n<!-- \/ Yoast SEO plugin. -->","yoast_head_json":{"title":"IX Marcha de la Dignidad, en el 8\u00ba Aniversario de la Tragedia del Tarajal","description":"Hoy seis de febrero se cumple el octavo aniversario a\u00f1os de la \u201cTragedia del Tarajal\u201d, cuando 15 personas migrantes de origen subsahariano murieron","robots":{"index":"index","follow":"follow","max-snippet":"max-snippet:-1","max-image-preview":"max-image-preview:large","max-video-preview":"max-video-preview:-1"},"canonical":"https:\/\/www.pressenza.com\/es\/2022\/02\/ix-marcha-de-la-dignidad-en-el-8o-aniversario-de-la-tragedia-del-tarajal\/","og_locale":"es_ES","og_type":"article","og_title":"IX Marcha de la Dignidad, en el 8\u00ba Aniversario de la Tragedia del Tarajal","og_description":"Hoy seis de febrero se cumple el octavo aniversario a\u00f1os de la \u201cTragedia del Tarajal\u201d, cuando 15 personas migrantes de origen subsahariano murieron","og_url":"https:\/\/www.pressenza.com\/es\/2022\/02\/ix-marcha-de-la-dignidad-en-el-8o-aniversario-de-la-tragedia-del-tarajal\/","og_site_name":"Pressenza","article_publisher":"https:\/\/www.facebook.com\/PressenzaItalia","article_published_time":"2022-02-06T22:22:09+00:00","article_modified_time":"2022-02-06T22:27:31+00:00","og_image":[{"width":1440,"height":960,"url":"https:\/\/www.pressenza.com\/wp-content\/uploads\/2022\/02\/IX-MARCHA-DIGNIDAD_ANTONIO-SEMPEREC69C9BCD-4A2C-43C9-8D4A-6494AAD73BCF.jpg","type":"image\/jpeg"}],"author":"Antonio Sempere","twitter_card":"summary_large_image","twitter_creator":"@PressenzaIPA","twitter_site":"@PressenzaIPA","twitter_misc":{"Escrito por":"Antonio Sempere","Tiempo de lectura":"2 minutos"},"schema":{"@context":"https:\/\/schema.org","@graph":[{"@type":"Article","@id":"https:\/\/www.pressenza.com\/es\/2022\/02\/ix-marcha-de-la-dignidad-en-el-8o-aniversario-de-la-tragedia-del-tarajal\/#article","isPartOf":{"@id":"https:\/\/www.pressenza.com\/es\/2022\/02\/ix-marcha-de-la-dignidad-en-el-8o-aniversario-de-la-tragedia-del-tarajal\/"},"author":{"name":"Antonio Sempere","@id":"https:\/\/www.pressenza.com\/es\/#\/schema\/person\/6021a6c078ef7fdd30d1146ed721bb86"},"headline":"IX Marcha de la Dignidad, en el 8\u00ba Aniversario de la Tragedia del Tarajal","datePublished":"2022-02-06T22:22:09+00:00","dateModified":"2022-02-06T22:27:31+00:00","mainEntityOfPage":{"@id":"https:\/\/www.pressenza.com\/es\/2022\/02\/ix-marcha-de-la-dignidad-en-el-8o-aniversario-de-la-tragedia-del-tarajal\/"},"wordCount":367,"publisher":{"@id":"https:\/\/www.pressenza.com\/es\/#organization"},"image":{"@id":"https:\/\/www.pressenza.com\/es\/2022\/02\/ix-marcha-de-la-dignidad-en-el-8o-aniversario-de-la-tragedia-del-tarajal\/#primaryimage"},"thumbnailUrl":"https:\/\/www.pressenza.com\/wp-content\/uploads\/2022\/02\/IX-MARCHA-DIGNIDAD_ANTONIO-SEMPEREC69C9BCD-4A2C-43C9-8D4A-6494AAD73BCF.jpg","keywords":["Espa\u00f1a","frontera sur","IX Marcha por la Dignidad","justicia","Muertos El Tarajal","Ning\u00fan ser humano es ilegal","Uni\u00f3n Europea"],"articleSection":["Africa","Contenido Original","Derechos Humanos","Europa","Fotorreportajes","Migrantes"],"inLanguage":"es"},{"@type":"WebPage","@id":"https:\/\/www.pressenza.com\/es\/2022\/02\/ix-marcha-de-la-dignidad-en-el-8o-aniversario-de-la-tragedia-del-tarajal\/","url":"https:\/\/www.pressenza.com\/es\/2022\/02\/ix-marcha-de-la-dignidad-en-el-8o-aniversario-de-la-tragedia-del-tarajal\/","name":"IX Marcha de la Dignidad, en el 8\u00ba Aniversario de la Tragedia del Tarajal","isPartOf":{"@id":"https:\/\/www.pressenza.com\/es\/#website"},"primaryImageOfPage":{"@id":"https:\/\/www.pressenza.com\/es\/2022\/02\/ix-marcha-de-la-dignidad-en-el-8o-aniversario-de-la-tragedia-del-tarajal\/#primaryimage"},"image":{"@id":"https:\/\/www.pressenza.com\/es\/2022\/02\/ix-marcha-de-la-dignidad-en-el-8o-aniversario-de-la-tragedia-del-tarajal\/#primaryimage"},"thumbnailUrl":"https:\/\/www.pressenza.com\/wp-content\/uploads\/2022\/02\/IX-MARCHA-DIGNIDAD_ANTONIO-SEMPEREC69C9BCD-4A2C-43C9-8D4A-6494AAD73BCF.jpg","datePublished":"2022-02-06T22:22:09+00:00","dateModified":"2022-02-06T22:27:31+00:00","description":"Hoy seis de febrero se cumple el octavo aniversario a\u00f1os de la \u201cTragedia del Tarajal\u201d, cuando 15 personas migrantes de origen subsahariano murieron","breadcrumb":{"@id":"https:\/\/www.pressenza.com\/es\/2022\/02\/ix-marcha-de-la-dignidad-en-el-8o-aniversario-de-la-tragedia-del-tarajal\/#breadcrumb"},"inLanguage":"es","potentialAction":[{"@type":"ReadAction","target":["https:\/\/www.pressenza.com\/es\/2022\/02\/ix-marcha-de-la-dignidad-en-el-8o-aniversario-de-la-tragedia-del-tarajal\/"]}]},{"@type":"ImageObject","inLanguage":"es","@id":"https:\/\/www.pressenza.com\/es\/2022\/02\/ix-marcha-de-la-dignidad-en-el-8o-aniversario-de-la-tragedia-del-tarajal\/#primaryimage","url":"https:\/\/www.pressenza.com\/wp-content\/uploads\/2022\/02\/IX-MARCHA-DIGNIDAD_ANTONIO-SEMPEREC69C9BCD-4A2C-43C9-8D4A-6494AAD73BCF.jpg","contentUrl":"https:\/\/www.pressenza.com\/wp-content\/uploads\/2022\/02\/IX-MARCHA-DIGNIDAD_ANTONIO-SEMPEREC69C9BCD-4A2C-43C9-8D4A-6494AAD73BCF.jpg","width":1440,"height":960},{"@type":"BreadcrumbList","@id":"https:\/\/www.pressenza.com\/es\/2022\/02\/ix-marcha-de-la-dignidad-en-el-8o-aniversario-de-la-tragedia-del-tarajal\/#breadcrumb","itemListElement":[{"@type":"ListItem","position":1,"name":"Accueil","item":"https:\/\/www.pressenza.com\/es\/"},{"@type":"ListItem","position":2,"name":"IX Marcha de la Dignidad, en el 8\u00ba Aniversario de la Tragedia del Tarajal"}]},{"@type":"WebSite","@id":"https:\/\/www.pressenza.com\/es\/#website","url":"https:\/\/www.pressenza.com\/es\/","name":"Pressenza","description":"International Press Agency","publisher":{"@id":"https:\/\/www.pressenza.com\/es\/#organization"},"potentialAction":[{"@type":"SearchAction","target":{"@type":"EntryPoint","urlTemplate":"https:\/\/www.pressenza.com\/es\/?s={search_term_string}"},"query-input":{"@type":"PropertyValueSpecification","valueRequired":true,"valueName":"search_term_string"}}],"inLanguage":"es"},{"@type":"Organization","@id":"https:\/\/www.pressenza.com\/es\/#organization","name":"Pressenza","url":"https:\/\/www.pressenza.com\/es\/","logo":{"@type":"ImageObject","inLanguage":"es","@id":"https:\/\/www.pressenza.com\/es\/#\/schema\/logo\/image\/","url":"https:\/\/www.pressenza.com\/wp-content\/uploads\/2022\/10\/pressenza_logo_200x200.jpg","contentUrl":"https:\/\/www.pressenza.com\/wp-content\/uploads\/2022\/10\/pressenza_logo_200x200.jpg","width":200,"height":200,"caption":"Pressenza"},"image":{"@id":"https:\/\/www.pressenza.com\/es\/#\/schema\/logo\/image\/"},"sameAs":["https:\/\/www.facebook.com\/PressenzaItalia","https:\/\/x.com\/PressenzaIPA"]},{"@type":"Person","@id":"https:\/\/www.pressenza.com\/es\/#\/schema\/person\/6021a6c078ef7fdd30d1146ed721bb86","name":"Antonio Sempere","description":"Antonio Sempere (Ceuta 1966) es foto periodista nacido en Ceuta y trabaja como freelance para agencias internacionales de prensa, entre ellas France Press (AFP) y Europa Press y es corresponsal de Pressenza en el norte de \u00c1frica. Colabora con varias entidades sociales a favor de los derechos humanos y es testigo directo del drama de la migraci\u00f3n en las llegadas e intentos de salto a la valla de Ceuta de personas migrantes de origen subsahariano que habitan en los bosques marroqu\u00edes cerca de Ceuta, en la frontera sur de Europa.","url":"https:\/\/www.pressenza.com\/es\/author\/antonio-sempere\/"}]}},"place":"Ceuta, Espa\u00f1a","original_article_url":"","_links":{"self":[{"href":"https:\/\/www.pressenza.com\/es\/wp-json\/wp\/v2\/posts\/1516631","targetHints":{"allow":["GET"]}}],"collection":[{"href":"https:\/\/www.pressenza.com\/es\/wp-json\/wp\/v2\/posts"}],"about":[{"href":"https:\/\/www.pressenza.com\/es\/wp-json\/wp\/v2\/types\/post"}],"author":[{"embeddable":true,"href":"https:\/\/www.pressenza.com\/es\/wp-json\/wp\/v2\/users\/1279"}],"replies":[{"embeddable":true,"href":"https:\/\/www.pressenza.com\/es\/wp-json\/wp\/v2\/comments?post=1516631"}],"version-history":[{"count":0,"href":"https:\/\/www.pressenza.com\/es\/wp-json\/wp\/v2\/posts\/1516631\/revisions"}],"wp:featuredmedia":[{"embeddable":true,"href":"https:\/\/www.pressenza.com\/es\/wp-json\/wp\/v2\/media\/1516780"}],"wp:attachment":[{"href":"https:\/\/www.pressenza.com\/es\/wp-json\/wp\/v2\/media?parent=1516631"}],"wp:term":[{"taxonomy":"category","embeddable":true,"href":"https:\/\/www.pressenza.com\/es\/wp-json\/wp\/v2\/categories?post=1516631"},{"taxonomy":"post_tag","embeddable":true,"href":"https:\/\/www.pressenza.com\/es\/wp-json\/wp\/v2\/tags?post=1516631"}],"curies":[{"name":"wp","href":"https:\/\/api.w.org\/{rel}","templated":true}]}}