{"id":1516,"date":"2009-10-01T00:00:00","date_gmt":"2009-10-01T00:00:00","guid":{"rendered":""},"modified":"2009-10-01T19:46:10","modified_gmt":"2009-10-01T19:46:10","slug":"la-xnave-de-la-pazx-llegara-a-italia-desde-hiroshima-y-nagasaki","status":"publish","type":"post","link":"https:\/\/www.pressenza.com\/es\/2009\/10\/la-xnave-de-la-pazx-llegara-a-italia-desde-hiroshima-y-nagasaki\/","title":{"rendered":"La \u201cNave de la Paz\u201d llegar\u00e1 a Italia desde Hiroshima y Nagasaki"},"content":{"rendered":"<p>Peace Boat (\u201cNave de la Paz\u201d) es una organizaci\u00f3n no gubernamental (ONG) creada en Jap\u00f3n pero de alcance internacional, activa desde 1983 promoviendo la paz y la sustentabilidad mediante viajes de paz a bordo de grandes naves para pasajeros. En este viaje invitaron a algunos sobrevivientes de los bombardeos at\u00f3micos de 1945 (los \u201cHibakusha\u201d, la mayor\u00eda de ellos en aquel entonces eran ni\u00f1os en Hiroshima y Nagasaki) para dar colectivamente un testimonio personal de los tr\u00e1gicos efectos de los bombardeos at\u00f3micos y pedir el desarme nuclear. A finales de 2008 se realiz\u00f3 un primer viaje de este tipo, con la participaci\u00f3n de cien Hibakusha. Dado el impacto de la iniciativa se organiz\u00f3 este segundo viaje (el 67\u00b0 del \u201cPeace Boat\u201d) que sali\u00f3 de Jap\u00f3n a finales de agosto con diez Hibakusha a bordo. Durante este viaje visitar\u00e1n 21 pa\u00edses (Jap\u00f3n inclu\u00eddo) donde se llevar\u00e1n a cabo eventos p\u00fablicos de encuentro e intercambio, con la participaci\u00f3n de organizaciones locales, representantes de la sociedad civil, escuelas, funcionarios de gobierno y grupos empe\u00f1ados en la paz y el desarme nuclear.<br \/>\nLa nave llegar\u00e1 a Civitavecchia el 10 de octubre a la ma\u00f1ana y saldr\u00e1 del mismo lugar el 12 de octubre. Los Hibakusha estar\u00e1n acompa\u00f1ados por interpretes y personas del \u201cPeace Boat\u201d (el grupo completo ser\u00e1 de alrededor de 20 personas). En Roma se est\u00e1n preparando encuentros p\u00fablicos y visitas.<\/p>\n<p>Para mayor informaci\u00f3n: Info. Cipax, .57287347., cipax-roma@libero.it<\/p>\n<p>*(Traducido por Paula Aiello)*<\/p>\n","protected":false},"excerpt":{"rendered":"<p>La \u201cPeace Boat\u201d (Nave de la Paz), que sali\u00f3 desde Jap\u00f3n a finales de Agosto para visitar 21 pa\u00edses, llegar\u00e1 a Italia, al puerto de Civitavecchia, el 10 de Octubre de 2009. A bordo de la nave viajan algunos sobrevivientes de los bombardeos at\u00f3micos de 1945 en Hiroshima y Nagasaki, para pedir, con sus testimonios, el desarme nuclear.<\/p>\n","protected":false},"author":19,"featured_media":0,"comment_status":"closed","ping_status":"open","sticky":false,"template":"","format":"standard","meta":{"footnotes":""},"categories":[76,149,66,39],"tags":[],"class_list":["post-1516","post","type-post","status-publish","format-standard","hentry","category-relaciones-exteriores","category-comunicados-de-prensa","category-europa-es","category-internacional"],"yoast_head":"<!-- This site is optimized with the Yoast SEO plugin v27.1.1 - https:\/\/yoast.com\/product\/yoast-seo-wordpress\/ -->\n<title>La \u201cNave de la Paz\u201d llegar\u00e1 a Italia desde Hiroshima y Nagasaki<\/title>\n<meta name=\"description\" content=\"La \u201cPeace Boat\u201d (Nave de la Paz), que sali\u00f3 desde Jap\u00f3n a finales de Agosto para visitar 21 pa\u00edses, llegar\u00e1 a Italia, al puerto de Civitavecchia, el 10 de Octubre de 2009. A bordo de la nave viajan algunos sobrevivientes de los bombardeos at\u00f3micos de 1945 en Hiroshima y Nagasaki, para pedir, con sus testimonios, el desarme nuclear.\" \/>\n<meta name=\"robots\" content=\"index, follow, max-snippet:-1, max-image-preview:large, max-video-preview:-1\" \/>\n<link rel=\"canonical\" href=\"https:\/\/www.pressenza.com\/es\/2009\/10\/la-xnave-de-la-pazx-llegara-a-italia-desde-hiroshima-y-nagasaki\/\" \/>\n<meta property=\"og:locale\" content=\"es_ES\" \/>\n<meta property=\"og:type\" content=\"article\" \/>\n<meta property=\"og:title\" content=\"La \u201cNave de la Paz\u201d llegar\u00e1 a Italia desde Hiroshima y Nagasaki\" \/>\n<meta property=\"og:description\" content=\"La \u201cPeace Boat\u201d (Nave de la Paz), que sali\u00f3 desde Jap\u00f3n a finales de Agosto para visitar 21 pa\u00edses, llegar\u00e1 a Italia, al puerto de Civitavecchia, el 10 de Octubre de 2009. A bordo de la nave viajan algunos sobrevivientes de los bombardeos at\u00f3micos de 1945 en Hiroshima y Nagasaki, para pedir, con sus testimonios, el desarme nuclear.\" \/>\n<meta property=\"og:url\" content=\"https:\/\/www.pressenza.com\/es\/2009\/10\/la-xnave-de-la-pazx-llegara-a-italia-desde-hiroshima-y-nagasaki\/\" \/>\n<meta property=\"og:site_name\" content=\"Pressenza\" \/>\n<meta property=\"article:publisher\" content=\"https:\/\/www.facebook.com\/PressenzaItalia\" \/>\n<meta property=\"article:author\" content=\"https:\/\/www.facebook.com\/pressenza\" \/>\n<meta property=\"article:published_time\" content=\"2009-10-01T00:00:00+00:00\" \/>\n<meta property=\"article:modified_time\" content=\"2009-10-01T19:46:10+00:00\" \/>\n<meta name=\"author\" content=\"Pressenza IPA\" \/>\n<meta name=\"twitter:card\" content=\"summary_large_image\" \/>\n<meta name=\"twitter:creator\" content=\"@PressenzaIPA\" \/>\n<meta name=\"twitter:site\" content=\"@PressenzaIPA\" \/>\n<meta name=\"twitter:label1\" content=\"Escrito por\" \/>\n\t<meta name=\"twitter:data1\" content=\"Pressenza IPA\" \/>\n\t<meta name=\"twitter:label2\" content=\"Tiempo de lectura\" \/>\n\t<meta name=\"twitter:data2\" content=\"1 minuto\" \/>\n<script type=\"application\/ld+json\" class=\"yoast-schema-graph\">{\"@context\":\"https:\/\/schema.org\",\"@graph\":[{\"@type\":\"Article\",\"@id\":\"https:\/\/www.pressenza.com\/es\/2009\/10\/la-xnave-de-la-pazx-llegara-a-italia-desde-hiroshima-y-nagasaki\/#article\",\"isPartOf\":{\"@id\":\"https:\/\/www.pressenza.com\/es\/2009\/10\/la-xnave-de-la-pazx-llegara-a-italia-desde-hiroshima-y-nagasaki\/\"},\"author\":{\"name\":\"Pressenza IPA\",\"@id\":\"https:\/\/www.pressenza.com\/es\/#\/schema\/person\/010e5d02bcf40965427a1289a4cc8d75\"},\"headline\":\"La \u201cNave de la Paz\u201d llegar\u00e1 a Italia desde Hiroshima y Nagasaki\",\"datePublished\":\"2009-10-01T00:00:00+00:00\",\"dateModified\":\"2009-10-01T19:46:10+00:00\",\"mainEntityOfPage\":{\"@id\":\"https:\/\/www.pressenza.com\/es\/2009\/10\/la-xnave-de-la-pazx-llegara-a-italia-desde-hiroshima-y-nagasaki\/\"},\"wordCount\":266,\"publisher\":{\"@id\":\"https:\/\/www.pressenza.com\/es\/#organization\"},\"articleSection\":[\"Asuntos internacionales\",\"Comunicados de Prensa\",\"Europa\",\"Internacional\"],\"inLanguage\":\"es\"},{\"@type\":\"WebPage\",\"@id\":\"https:\/\/www.pressenza.com\/es\/2009\/10\/la-xnave-de-la-pazx-llegara-a-italia-desde-hiroshima-y-nagasaki\/\",\"url\":\"https:\/\/www.pressenza.com\/es\/2009\/10\/la-xnave-de-la-pazx-llegara-a-italia-desde-hiroshima-y-nagasaki\/\",\"name\":\"La \u201cNave de la Paz\u201d llegar\u00e1 a Italia desde Hiroshima y Nagasaki\",\"isPartOf\":{\"@id\":\"https:\/\/www.pressenza.com\/es\/#website\"},\"datePublished\":\"2009-10-01T00:00:00+00:00\",\"dateModified\":\"2009-10-01T19:46:10+00:00\",\"description\":\"La \u201cPeace Boat\u201d (Nave de la Paz), que sali\u00f3 desde Jap\u00f3n a finales de Agosto para visitar 21 pa\u00edses, llegar\u00e1 a Italia, al puerto de Civitavecchia, el 10 de Octubre de 2009. A bordo de la nave viajan algunos sobrevivientes de los bombardeos at\u00f3micos de 1945 en Hiroshima y Nagasaki, para pedir, con sus testimonios, el desarme nuclear.\",\"breadcrumb\":{\"@id\":\"https:\/\/www.pressenza.com\/es\/2009\/10\/la-xnave-de-la-pazx-llegara-a-italia-desde-hiroshima-y-nagasaki\/#breadcrumb\"},\"inLanguage\":\"es\",\"potentialAction\":[{\"@type\":\"ReadAction\",\"target\":[\"https:\/\/www.pressenza.com\/es\/2009\/10\/la-xnave-de-la-pazx-llegara-a-italia-desde-hiroshima-y-nagasaki\/\"]}]},{\"@type\":\"BreadcrumbList\",\"@id\":\"https:\/\/www.pressenza.com\/es\/2009\/10\/la-xnave-de-la-pazx-llegara-a-italia-desde-hiroshima-y-nagasaki\/#breadcrumb\",\"itemListElement\":[{\"@type\":\"ListItem\",\"position\":1,\"name\":\"Accueil\",\"item\":\"https:\/\/www.pressenza.com\/es\/\"},{\"@type\":\"ListItem\",\"position\":2,\"name\":\"La \u201cNave de la Paz\u201d llegar\u00e1 a Italia desde Hiroshima y Nagasaki\"}]},{\"@type\":\"WebSite\",\"@id\":\"https:\/\/www.pressenza.com\/es\/#website\",\"url\":\"https:\/\/www.pressenza.com\/es\/\",\"name\":\"Pressenza\",\"description\":\"International Press Agency\",\"publisher\":{\"@id\":\"https:\/\/www.pressenza.com\/es\/#organization\"},\"potentialAction\":[{\"@type\":\"SearchAction\",\"target\":{\"@type\":\"EntryPoint\",\"urlTemplate\":\"https:\/\/www.pressenza.com\/es\/?s={search_term_string}\"},\"query-input\":{\"@type\":\"PropertyValueSpecification\",\"valueRequired\":true,\"valueName\":\"search_term_string\"}}],\"inLanguage\":\"es\"},{\"@type\":\"Organization\",\"@id\":\"https:\/\/www.pressenza.com\/es\/#organization\",\"name\":\"Pressenza\",\"url\":\"https:\/\/www.pressenza.com\/es\/\",\"logo\":{\"@type\":\"ImageObject\",\"inLanguage\":\"es\",\"@id\":\"https:\/\/www.pressenza.com\/es\/#\/schema\/logo\/image\/\",\"url\":\"https:\/\/www.pressenza.com\/wp-content\/uploads\/2022\/10\/pressenza_logo_200x200.jpg\",\"contentUrl\":\"https:\/\/www.pressenza.com\/wp-content\/uploads\/2022\/10\/pressenza_logo_200x200.jpg\",\"width\":200,\"height\":200,\"caption\":\"Pressenza\"},\"image\":{\"@id\":\"https:\/\/www.pressenza.com\/es\/#\/schema\/logo\/image\/\"},\"sameAs\":[\"https:\/\/www.facebook.com\/PressenzaItalia\",\"https:\/\/x.com\/PressenzaIPA\"]},{\"@type\":\"Person\",\"@id\":\"https:\/\/www.pressenza.com\/es\/#\/schema\/person\/010e5d02bcf40965427a1289a4cc8d75\",\"name\":\"Pressenza IPA\",\"description\":\"News from Pressenza IPA correspondents\",\"sameAs\":[\"https:\/\/www.facebook.com\/pressenza\",\"https:\/\/x.com\/PressenzaIPA\"],\"url\":\"https:\/\/www.pressenza.com\/es\/author\/pressenza-ipa\/\"}]}<\/script>\n<!-- \/ Yoast SEO plugin. -->","yoast_head_json":{"title":"La \u201cNave de la Paz\u201d llegar\u00e1 a Italia desde Hiroshima y Nagasaki","description":"La \u201cPeace Boat\u201d (Nave de la Paz), que sali\u00f3 desde Jap\u00f3n a finales de Agosto para visitar 21 pa\u00edses, llegar\u00e1 a Italia, al puerto de Civitavecchia, el 10 de Octubre de 2009. A bordo de la nave viajan algunos sobrevivientes de los bombardeos at\u00f3micos de 1945 en Hiroshima y Nagasaki, para pedir, con sus testimonios, el desarme nuclear.","robots":{"index":"index","follow":"follow","max-snippet":"max-snippet:-1","max-image-preview":"max-image-preview:large","max-video-preview":"max-video-preview:-1"},"canonical":"https:\/\/www.pressenza.com\/es\/2009\/10\/la-xnave-de-la-pazx-llegara-a-italia-desde-hiroshima-y-nagasaki\/","og_locale":"es_ES","og_type":"article","og_title":"La \u201cNave de la Paz\u201d llegar\u00e1 a Italia desde Hiroshima y Nagasaki","og_description":"La \u201cPeace Boat\u201d (Nave de la Paz), que sali\u00f3 desde Jap\u00f3n a finales de Agosto para visitar 21 pa\u00edses, llegar\u00e1 a Italia, al puerto de Civitavecchia, el 10 de Octubre de 2009. A bordo de la nave viajan algunos sobrevivientes de los bombardeos at\u00f3micos de 1945 en Hiroshima y Nagasaki, para pedir, con sus testimonios, el desarme nuclear.","og_url":"https:\/\/www.pressenza.com\/es\/2009\/10\/la-xnave-de-la-pazx-llegara-a-italia-desde-hiroshima-y-nagasaki\/","og_site_name":"Pressenza","article_publisher":"https:\/\/www.facebook.com\/PressenzaItalia","article_author":"https:\/\/www.facebook.com\/pressenza","article_published_time":"2009-10-01T00:00:00+00:00","article_modified_time":"2009-10-01T19:46:10+00:00","author":"Pressenza IPA","twitter_card":"summary_large_image","twitter_creator":"@PressenzaIPA","twitter_site":"@PressenzaIPA","twitter_misc":{"Escrito por":"Pressenza IPA","Tiempo de lectura":"1 minuto"},"schema":{"@context":"https:\/\/schema.org","@graph":[{"@type":"Article","@id":"https:\/\/www.pressenza.com\/es\/2009\/10\/la-xnave-de-la-pazx-llegara-a-italia-desde-hiroshima-y-nagasaki\/#article","isPartOf":{"@id":"https:\/\/www.pressenza.com\/es\/2009\/10\/la-xnave-de-la-pazx-llegara-a-italia-desde-hiroshima-y-nagasaki\/"},"author":{"name":"Pressenza IPA","@id":"https:\/\/www.pressenza.com\/es\/#\/schema\/person\/010e5d02bcf40965427a1289a4cc8d75"},"headline":"La \u201cNave de la Paz\u201d llegar\u00e1 a Italia desde Hiroshima y Nagasaki","datePublished":"2009-10-01T00:00:00+00:00","dateModified":"2009-10-01T19:46:10+00:00","mainEntityOfPage":{"@id":"https:\/\/www.pressenza.com\/es\/2009\/10\/la-xnave-de-la-pazx-llegara-a-italia-desde-hiroshima-y-nagasaki\/"},"wordCount":266,"publisher":{"@id":"https:\/\/www.pressenza.com\/es\/#organization"},"articleSection":["Asuntos internacionales","Comunicados de Prensa","Europa","Internacional"],"inLanguage":"es"},{"@type":"WebPage","@id":"https:\/\/www.pressenza.com\/es\/2009\/10\/la-xnave-de-la-pazx-llegara-a-italia-desde-hiroshima-y-nagasaki\/","url":"https:\/\/www.pressenza.com\/es\/2009\/10\/la-xnave-de-la-pazx-llegara-a-italia-desde-hiroshima-y-nagasaki\/","name":"La \u201cNave de la Paz\u201d llegar\u00e1 a Italia desde Hiroshima y Nagasaki","isPartOf":{"@id":"https:\/\/www.pressenza.com\/es\/#website"},"datePublished":"2009-10-01T00:00:00+00:00","dateModified":"2009-10-01T19:46:10+00:00","description":"La \u201cPeace Boat\u201d (Nave de la Paz), que sali\u00f3 desde Jap\u00f3n a finales de Agosto para visitar 21 pa\u00edses, llegar\u00e1 a Italia, al puerto de Civitavecchia, el 10 de Octubre de 2009. A bordo de la nave viajan algunos sobrevivientes de los bombardeos at\u00f3micos de 1945 en Hiroshima y Nagasaki, para pedir, con sus testimonios, el desarme nuclear.","breadcrumb":{"@id":"https:\/\/www.pressenza.com\/es\/2009\/10\/la-xnave-de-la-pazx-llegara-a-italia-desde-hiroshima-y-nagasaki\/#breadcrumb"},"inLanguage":"es","potentialAction":[{"@type":"ReadAction","target":["https:\/\/www.pressenza.com\/es\/2009\/10\/la-xnave-de-la-pazx-llegara-a-italia-desde-hiroshima-y-nagasaki\/"]}]},{"@type":"BreadcrumbList","@id":"https:\/\/www.pressenza.com\/es\/2009\/10\/la-xnave-de-la-pazx-llegara-a-italia-desde-hiroshima-y-nagasaki\/#breadcrumb","itemListElement":[{"@type":"ListItem","position":1,"name":"Accueil","item":"https:\/\/www.pressenza.com\/es\/"},{"@type":"ListItem","position":2,"name":"La \u201cNave de la Paz\u201d llegar\u00e1 a Italia desde Hiroshima y Nagasaki"}]},{"@type":"WebSite","@id":"https:\/\/www.pressenza.com\/es\/#website","url":"https:\/\/www.pressenza.com\/es\/","name":"Pressenza","description":"International Press Agency","publisher":{"@id":"https:\/\/www.pressenza.com\/es\/#organization"},"potentialAction":[{"@type":"SearchAction","target":{"@type":"EntryPoint","urlTemplate":"https:\/\/www.pressenza.com\/es\/?s={search_term_string}"},"query-input":{"@type":"PropertyValueSpecification","valueRequired":true,"valueName":"search_term_string"}}],"inLanguage":"es"},{"@type":"Organization","@id":"https:\/\/www.pressenza.com\/es\/#organization","name":"Pressenza","url":"https:\/\/www.pressenza.com\/es\/","logo":{"@type":"ImageObject","inLanguage":"es","@id":"https:\/\/www.pressenza.com\/es\/#\/schema\/logo\/image\/","url":"https:\/\/www.pressenza.com\/wp-content\/uploads\/2022\/10\/pressenza_logo_200x200.jpg","contentUrl":"https:\/\/www.pressenza.com\/wp-content\/uploads\/2022\/10\/pressenza_logo_200x200.jpg","width":200,"height":200,"caption":"Pressenza"},"image":{"@id":"https:\/\/www.pressenza.com\/es\/#\/schema\/logo\/image\/"},"sameAs":["https:\/\/www.facebook.com\/PressenzaItalia","https:\/\/x.com\/PressenzaIPA"]},{"@type":"Person","@id":"https:\/\/www.pressenza.com\/es\/#\/schema\/person\/010e5d02bcf40965427a1289a4cc8d75","name":"Pressenza IPA","description":"News from Pressenza IPA correspondents","sameAs":["https:\/\/www.facebook.com\/pressenza","https:\/\/x.com\/PressenzaIPA"],"url":"https:\/\/www.pressenza.com\/es\/author\/pressenza-ipa\/"}]}},"place":"Civitavecchia","original_article_url":"","_links":{"self":[{"href":"https:\/\/www.pressenza.com\/es\/wp-json\/wp\/v2\/posts\/1516","targetHints":{"allow":["GET"]}}],"collection":[{"href":"https:\/\/www.pressenza.com\/es\/wp-json\/wp\/v2\/posts"}],"about":[{"href":"https:\/\/www.pressenza.com\/es\/wp-json\/wp\/v2\/types\/post"}],"author":[{"embeddable":true,"href":"https:\/\/www.pressenza.com\/es\/wp-json\/wp\/v2\/users\/19"}],"replies":[{"embeddable":true,"href":"https:\/\/www.pressenza.com\/es\/wp-json\/wp\/v2\/comments?post=1516"}],"version-history":[{"count":0,"href":"https:\/\/www.pressenza.com\/es\/wp-json\/wp\/v2\/posts\/1516\/revisions"}],"wp:attachment":[{"href":"https:\/\/www.pressenza.com\/es\/wp-json\/wp\/v2\/media?parent=1516"}],"wp:term":[{"taxonomy":"category","embeddable":true,"href":"https:\/\/www.pressenza.com\/es\/wp-json\/wp\/v2\/categories?post=1516"},{"taxonomy":"post_tag","embeddable":true,"href":"https:\/\/www.pressenza.com\/es\/wp-json\/wp\/v2\/tags?post=1516"}],"curies":[{"name":"wp","href":"https:\/\/api.w.org\/{rel}","templated":true}]}}