{"id":151536,"date":"2014-12-04T15:00:57","date_gmt":"2014-12-04T15:00:57","guid":{"rendered":"http:\/\/www.pressenza.com\/?p=151536"},"modified":"2014-12-05T19:13:19","modified_gmt":"2014-12-05T19:13:19","slug":"programa-44-de-continentes-y-contenidos-palestina-petroleo-e-integracion-latinoamericana","status":"publish","type":"post","link":"https:\/\/www.pressenza.com\/es\/2014\/12\/programa-44-de-continentes-y-contenidos-palestina-petroleo-e-integracion-latinoamericana\/","title":{"rendered":"Programa 45 de Continentes y contenidos: Palestina, petr\u00f3leo e integraci\u00f3n latinoamericana"},"content":{"rendered":"<p><iframe loading=\"lazy\" src=\"http:\/\/www.ivoox.com\/player_ek_3815426_2_1.html?data=lJ2el5mWeo6ZmKiakpeJd6KkmYqgo5macYarpJKfj4qbh46kjoqkpZKUcYarpJKw0dPYrc%2FZz9nS1ZDdb8Tjz9nS0M7Is9SfkZiSlKuVdoamp5edk5mPlNPjyNfOz8aPeJahhpywj6jTstXdz8rb1srXb9qfpNTb1srSrcXj1JKSmaiReA%3D%3D&amp;\" width=\"238\" height=\"48\" frameborder=\"0\" scrolling=\"no\" allowfullscreen=\"allowfullscreen\"><\/iframe><\/p>\n<p>Un nuevo recorrido planetario sobre las noticias m\u00e1s relevantes que han ocurrido en la semana. El programa de Pressenza por Radio Hache, conducido por Mariano <span id=\"descripcion_audio\"> Quiroga y con la participaci\u00f3n de Mart\u00edn Ruano, Mercedes P\u00e9rez, Tarek Hamdan y Edison Burbano.<br \/>\nAnalizamos la ca\u00edda del precio del petr\u00f3leo y el peligro de una guerra de monedas, la reapertura del di\u00e1logo de paz en Colombia, la actualidad pol\u00edtica de Israel y de Ucrania, el rol de China y Jap\u00f3n en la econom\u00eda global, la integraci\u00f3n latinoamericana, \u00bfpara los negocios o para establecer neuvos paradigmas?<br \/>\nLa patada fue el lanzamiento de una serie infantil con un protagonista con trisom\u00eda 21 (s\u00edndrome de Down).<br \/>\nLa mejor m\u00fasica y muchas m\u00e1s noticias de la Patria Grande y del resto del mundo. <\/span><\/p>\n<p>&nbsp;<\/p>\n","protected":false},"excerpt":{"rendered":"<p>Un nuevo recorrido planetario sobre las noticias m\u00e1s relevantes que han ocurrido en la semana. El programa de Pressenza por Radio Hache, conducido por Mariano Quiroga y con la participaci\u00f3n de Mart\u00edn Ruano, Mercedes P\u00e9rez, Tarek Hamdan y Edison Burbano.&hellip;<\/p>\n","protected":false},"author":87,"featured_media":151537,"comment_status":"closed","ping_status":"open","sticky":false,"template":"","format":"standard","meta":{"footnotes":""},"categories":[76,11389,1241,81,39,74,67],"tags":[26,11566,355,696,441,403,814,394,381,8879,631],"class_list":["post-151536","post","type-post","status-publish","format-standard","has-post-thumbnail","hentry","category-relaciones-exteriores","category-contenido-original","category-diversidad","category-economia-es","category-internacional","category-politica-es","category-sudamerica","tag-argentina","tag-conflicto-palestino-israeli","tag-crisis-es","tag-democracia","tag-derechos-humanos","tag-elecciones","tag-palestina-es","tag-protestas-sociales","tag-recursos-naturales","tag-ucrania","tag-violencia-economica"],"yoast_head":"<!-- This site is optimized with the Yoast SEO plugin v27.1.1 - https:\/\/yoast.com\/product\/yoast-seo-wordpress\/ -->\n<title>Programa 45 de Continentes y contenidos: Palestina, petr\u00f3leo e integraci\u00f3n latinoamericana<\/title>\n<meta name=\"description\" content=\"Un nuevo recorrido planetario sobre las noticias m\u00e1s relevantes que han ocurrido en la semana. El programa de Pressenza por Radio Hache, conducido por\" \/>\n<meta name=\"robots\" content=\"index, follow, max-snippet:-1, max-image-preview:large, max-video-preview:-1\" \/>\n<link rel=\"canonical\" href=\"https:\/\/www.pressenza.com\/es\/2014\/12\/programa-44-de-continentes-y-contenidos-palestina-petroleo-e-integracion-latinoamericana\/\" \/>\n<meta property=\"og:locale\" content=\"es_ES\" \/>\n<meta property=\"og:type\" content=\"article\" \/>\n<meta property=\"og:title\" content=\"Programa 45 de Continentes y contenidos: Palestina, petr\u00f3leo e integraci\u00f3n latinoamericana\" \/>\n<meta property=\"og:description\" content=\"Un nuevo recorrido planetario sobre las noticias m\u00e1s relevantes que han ocurrido en la semana. El programa de Pressenza por Radio Hache, conducido por\" \/>\n<meta property=\"og:url\" content=\"https:\/\/www.pressenza.com\/es\/2014\/12\/programa-44-de-continentes-y-contenidos-palestina-petroleo-e-integracion-latinoamericana\/\" \/>\n<meta property=\"og:site_name\" content=\"Pressenza\" \/>\n<meta property=\"article:publisher\" content=\"https:\/\/www.facebook.com\/PressenzaItalia\" \/>\n<meta property=\"article:published_time\" content=\"2014-12-04T15:00:57+00:00\" \/>\n<meta property=\"article:modified_time\" content=\"2014-12-05T19:13:19+00:00\" \/>\n<meta property=\"og:image\" content=\"https:\/\/www.pressenza.com\/wp-content\/uploads\/2014\/12\/CyC-RH.jpg\" \/>\n\t<meta property=\"og:image:width\" content=\"600\" \/>\n\t<meta property=\"og:image:height\" content=\"400\" \/>\n\t<meta property=\"og:image:type\" content=\"image\/jpeg\" \/>\n<meta name=\"author\" content=\"Redacci\u00f3n Argentina\" \/>\n<meta name=\"twitter:card\" content=\"summary_large_image\" \/>\n<meta name=\"twitter:creator\" content=\"@pressenza\" \/>\n<meta name=\"twitter:site\" content=\"@PressenzaIPA\" \/>\n<meta name=\"twitter:label1\" content=\"Escrito por\" \/>\n\t<meta name=\"twitter:data1\" content=\"Redacci\u00f3n Argentina\" \/>\n\t<meta name=\"twitter:label2\" content=\"Tiempo de lectura\" \/>\n\t<meta name=\"twitter:data2\" content=\"1 minuto\" \/>\n<script type=\"application\/ld+json\" class=\"yoast-schema-graph\">{\"@context\":\"https:\/\/schema.org\",\"@graph\":[{\"@type\":\"Article\",\"@id\":\"https:\/\/www.pressenza.com\/es\/2014\/12\/programa-44-de-continentes-y-contenidos-palestina-petroleo-e-integracion-latinoamericana\/#article\",\"isPartOf\":{\"@id\":\"https:\/\/www.pressenza.com\/es\/2014\/12\/programa-44-de-continentes-y-contenidos-palestina-petroleo-e-integracion-latinoamericana\/\"},\"author\":{\"name\":\"Redacci\u00f3n Argentina\",\"@id\":\"https:\/\/www.pressenza.com\/es\/#\/schema\/person\/0dda7d1b68267ad95b1e1d83abc98c89\"},\"headline\":\"Programa 45 de Continentes y contenidos: Palestina, petr\u00f3leo e integraci\u00f3n latinoamericana\",\"datePublished\":\"2014-12-04T15:00:57+00:00\",\"dateModified\":\"2014-12-05T19:13:19+00:00\",\"mainEntityOfPage\":{\"@id\":\"https:\/\/www.pressenza.com\/es\/2014\/12\/programa-44-de-continentes-y-contenidos-palestina-petroleo-e-integracion-latinoamericana\/\"},\"wordCount\":153,\"publisher\":{\"@id\":\"https:\/\/www.pressenza.com\/es\/#organization\"},\"image\":{\"@id\":\"https:\/\/www.pressenza.com\/es\/2014\/12\/programa-44-de-continentes-y-contenidos-palestina-petroleo-e-integracion-latinoamericana\/#primaryimage\"},\"thumbnailUrl\":\"https:\/\/www.pressenza.com\/wp-content\/uploads\/2014\/12\/CyC-RH.jpg\",\"keywords\":[\"Argentina\",\"Conflicto Palestino Israel\u00ed\",\"crisis\",\"Democracia\",\"Derechos humanos\",\"elecciones\",\"Palestina\",\"protestas sociales\",\"Recursos naturales\",\"Ucrania\",\"Violencia econ\u00f3mica\"],\"articleSection\":[\"Asuntos internacionales\",\"Contenido Original\",\"Diversidad\",\"Econom\u00eda\",\"Internacional\",\"Pol\u00edtica\",\"Sudam\u00e9rica\"],\"inLanguage\":\"es\"},{\"@type\":\"WebPage\",\"@id\":\"https:\/\/www.pressenza.com\/es\/2014\/12\/programa-44-de-continentes-y-contenidos-palestina-petroleo-e-integracion-latinoamericana\/\",\"url\":\"https:\/\/www.pressenza.com\/es\/2014\/12\/programa-44-de-continentes-y-contenidos-palestina-petroleo-e-integracion-latinoamericana\/\",\"name\":\"Programa 45 de Continentes y contenidos: Palestina, petr\u00f3leo e integraci\u00f3n latinoamericana\",\"isPartOf\":{\"@id\":\"https:\/\/www.pressenza.com\/es\/#website\"},\"primaryImageOfPage\":{\"@id\":\"https:\/\/www.pressenza.com\/es\/2014\/12\/programa-44-de-continentes-y-contenidos-palestina-petroleo-e-integracion-latinoamericana\/#primaryimage\"},\"image\":{\"@id\":\"https:\/\/www.pressenza.com\/es\/2014\/12\/programa-44-de-continentes-y-contenidos-palestina-petroleo-e-integracion-latinoamericana\/#primaryimage\"},\"thumbnailUrl\":\"https:\/\/www.pressenza.com\/wp-content\/uploads\/2014\/12\/CyC-RH.jpg\",\"datePublished\":\"2014-12-04T15:00:57+00:00\",\"dateModified\":\"2014-12-05T19:13:19+00:00\",\"description\":\"Un nuevo recorrido planetario sobre las noticias m\u00e1s relevantes que han ocurrido en la semana. El programa de Pressenza por Radio Hache, conducido por\",\"breadcrumb\":{\"@id\":\"https:\/\/www.pressenza.com\/es\/2014\/12\/programa-44-de-continentes-y-contenidos-palestina-petroleo-e-integracion-latinoamericana\/#breadcrumb\"},\"inLanguage\":\"es\",\"potentialAction\":[{\"@type\":\"ReadAction\",\"target\":[\"https:\/\/www.pressenza.com\/es\/2014\/12\/programa-44-de-continentes-y-contenidos-palestina-petroleo-e-integracion-latinoamericana\/\"]}]},{\"@type\":\"ImageObject\",\"inLanguage\":\"es\",\"@id\":\"https:\/\/www.pressenza.com\/es\/2014\/12\/programa-44-de-continentes-y-contenidos-palestina-petroleo-e-integracion-latinoamericana\/#primaryimage\",\"url\":\"https:\/\/www.pressenza.com\/wp-content\/uploads\/2014\/12\/CyC-RH.jpg\",\"contentUrl\":\"https:\/\/www.pressenza.com\/wp-content\/uploads\/2014\/12\/CyC-RH.jpg\",\"width\":600,\"height\":400},{\"@type\":\"BreadcrumbList\",\"@id\":\"https:\/\/www.pressenza.com\/es\/2014\/12\/programa-44-de-continentes-y-contenidos-palestina-petroleo-e-integracion-latinoamericana\/#breadcrumb\",\"itemListElement\":[{\"@type\":\"ListItem\",\"position\":1,\"name\":\"Accueil\",\"item\":\"https:\/\/www.pressenza.com\/es\/\"},{\"@type\":\"ListItem\",\"position\":2,\"name\":\"Programa 45 de Continentes y contenidos: Palestina, petr\u00f3leo e integraci\u00f3n latinoamericana\"}]},{\"@type\":\"WebSite\",\"@id\":\"https:\/\/www.pressenza.com\/es\/#website\",\"url\":\"https:\/\/www.pressenza.com\/es\/\",\"name\":\"Pressenza\",\"description\":\"International Press Agency\",\"publisher\":{\"@id\":\"https:\/\/www.pressenza.com\/es\/#organization\"},\"potentialAction\":[{\"@type\":\"SearchAction\",\"target\":{\"@type\":\"EntryPoint\",\"urlTemplate\":\"https:\/\/www.pressenza.com\/es\/?s={search_term_string}\"},\"query-input\":{\"@type\":\"PropertyValueSpecification\",\"valueRequired\":true,\"valueName\":\"search_term_string\"}}],\"inLanguage\":\"es\"},{\"@type\":\"Organization\",\"@id\":\"https:\/\/www.pressenza.com\/es\/#organization\",\"name\":\"Pressenza\",\"url\":\"https:\/\/www.pressenza.com\/es\/\",\"logo\":{\"@type\":\"ImageObject\",\"inLanguage\":\"es\",\"@id\":\"https:\/\/www.pressenza.com\/es\/#\/schema\/logo\/image\/\",\"url\":\"https:\/\/www.pressenza.com\/wp-content\/uploads\/2022\/10\/pressenza_logo_200x200.jpg\",\"contentUrl\":\"https:\/\/www.pressenza.com\/wp-content\/uploads\/2022\/10\/pressenza_logo_200x200.jpg\",\"width\":200,\"height\":200,\"caption\":\"Pressenza\"},\"image\":{\"@id\":\"https:\/\/www.pressenza.com\/es\/#\/schema\/logo\/image\/\"},\"sameAs\":[\"https:\/\/www.facebook.com\/PressenzaItalia\",\"https:\/\/x.com\/PressenzaIPA\"]},{\"@type\":\"Person\",\"@id\":\"https:\/\/www.pressenza.com\/es\/#\/schema\/person\/0dda7d1b68267ad95b1e1d83abc98c89\",\"name\":\"Redacci\u00f3n Argentina\",\"description\":\"News from the Pressenza Bureau in Argentina.\",\"sameAs\":[\"https:\/\/x.com\/pressenza\"],\"url\":\"https:\/\/www.pressenza.com\/es\/author\/redaccion-argentina\/\"}]}<\/script>\n<!-- \/ Yoast SEO plugin. -->","yoast_head_json":{"title":"Programa 45 de Continentes y contenidos: Palestina, petr\u00f3leo e integraci\u00f3n latinoamericana","description":"Un nuevo recorrido planetario sobre las noticias m\u00e1s relevantes que han ocurrido en la semana. El programa de Pressenza por Radio Hache, conducido por","robots":{"index":"index","follow":"follow","max-snippet":"max-snippet:-1","max-image-preview":"max-image-preview:large","max-video-preview":"max-video-preview:-1"},"canonical":"https:\/\/www.pressenza.com\/es\/2014\/12\/programa-44-de-continentes-y-contenidos-palestina-petroleo-e-integracion-latinoamericana\/","og_locale":"es_ES","og_type":"article","og_title":"Programa 45 de Continentes y contenidos: Palestina, petr\u00f3leo e integraci\u00f3n latinoamericana","og_description":"Un nuevo recorrido planetario sobre las noticias m\u00e1s relevantes que han ocurrido en la semana. El programa de Pressenza por Radio Hache, conducido por","og_url":"https:\/\/www.pressenza.com\/es\/2014\/12\/programa-44-de-continentes-y-contenidos-palestina-petroleo-e-integracion-latinoamericana\/","og_site_name":"Pressenza","article_publisher":"https:\/\/www.facebook.com\/PressenzaItalia","article_published_time":"2014-12-04T15:00:57+00:00","article_modified_time":"2014-12-05T19:13:19+00:00","og_image":[{"width":600,"height":400,"url":"https:\/\/www.pressenza.com\/wp-content\/uploads\/2014\/12\/CyC-RH.jpg","type":"image\/jpeg"}],"author":"Redacci\u00f3n Argentina","twitter_card":"summary_large_image","twitter_creator":"@pressenza","twitter_site":"@PressenzaIPA","twitter_misc":{"Escrito por":"Redacci\u00f3n Argentina","Tiempo de lectura":"1 minuto"},"schema":{"@context":"https:\/\/schema.org","@graph":[{"@type":"Article","@id":"https:\/\/www.pressenza.com\/es\/2014\/12\/programa-44-de-continentes-y-contenidos-palestina-petroleo-e-integracion-latinoamericana\/#article","isPartOf":{"@id":"https:\/\/www.pressenza.com\/es\/2014\/12\/programa-44-de-continentes-y-contenidos-palestina-petroleo-e-integracion-latinoamericana\/"},"author":{"name":"Redacci\u00f3n Argentina","@id":"https:\/\/www.pressenza.com\/es\/#\/schema\/person\/0dda7d1b68267ad95b1e1d83abc98c89"},"headline":"Programa 45 de Continentes y contenidos: Palestina, petr\u00f3leo e integraci\u00f3n latinoamericana","datePublished":"2014-12-04T15:00:57+00:00","dateModified":"2014-12-05T19:13:19+00:00","mainEntityOfPage":{"@id":"https:\/\/www.pressenza.com\/es\/2014\/12\/programa-44-de-continentes-y-contenidos-palestina-petroleo-e-integracion-latinoamericana\/"},"wordCount":153,"publisher":{"@id":"https:\/\/www.pressenza.com\/es\/#organization"},"image":{"@id":"https:\/\/www.pressenza.com\/es\/2014\/12\/programa-44-de-continentes-y-contenidos-palestina-petroleo-e-integracion-latinoamericana\/#primaryimage"},"thumbnailUrl":"https:\/\/www.pressenza.com\/wp-content\/uploads\/2014\/12\/CyC-RH.jpg","keywords":["Argentina","Conflicto Palestino Israel\u00ed","crisis","Democracia","Derechos humanos","elecciones","Palestina","protestas sociales","Recursos naturales","Ucrania","Violencia econ\u00f3mica"],"articleSection":["Asuntos internacionales","Contenido Original","Diversidad","Econom\u00eda","Internacional","Pol\u00edtica","Sudam\u00e9rica"],"inLanguage":"es"},{"@type":"WebPage","@id":"https:\/\/www.pressenza.com\/es\/2014\/12\/programa-44-de-continentes-y-contenidos-palestina-petroleo-e-integracion-latinoamericana\/","url":"https:\/\/www.pressenza.com\/es\/2014\/12\/programa-44-de-continentes-y-contenidos-palestina-petroleo-e-integracion-latinoamericana\/","name":"Programa 45 de Continentes y contenidos: Palestina, petr\u00f3leo e integraci\u00f3n latinoamericana","isPartOf":{"@id":"https:\/\/www.pressenza.com\/es\/#website"},"primaryImageOfPage":{"@id":"https:\/\/www.pressenza.com\/es\/2014\/12\/programa-44-de-continentes-y-contenidos-palestina-petroleo-e-integracion-latinoamericana\/#primaryimage"},"image":{"@id":"https:\/\/www.pressenza.com\/es\/2014\/12\/programa-44-de-continentes-y-contenidos-palestina-petroleo-e-integracion-latinoamericana\/#primaryimage"},"thumbnailUrl":"https:\/\/www.pressenza.com\/wp-content\/uploads\/2014\/12\/CyC-RH.jpg","datePublished":"2014-12-04T15:00:57+00:00","dateModified":"2014-12-05T19:13:19+00:00","description":"Un nuevo recorrido planetario sobre las noticias m\u00e1s relevantes que han ocurrido en la semana. El programa de Pressenza por Radio Hache, conducido por","breadcrumb":{"@id":"https:\/\/www.pressenza.com\/es\/2014\/12\/programa-44-de-continentes-y-contenidos-palestina-petroleo-e-integracion-latinoamericana\/#breadcrumb"},"inLanguage":"es","potentialAction":[{"@type":"ReadAction","target":["https:\/\/www.pressenza.com\/es\/2014\/12\/programa-44-de-continentes-y-contenidos-palestina-petroleo-e-integracion-latinoamericana\/"]}]},{"@type":"ImageObject","inLanguage":"es","@id":"https:\/\/www.pressenza.com\/es\/2014\/12\/programa-44-de-continentes-y-contenidos-palestina-petroleo-e-integracion-latinoamericana\/#primaryimage","url":"https:\/\/www.pressenza.com\/wp-content\/uploads\/2014\/12\/CyC-RH.jpg","contentUrl":"https:\/\/www.pressenza.com\/wp-content\/uploads\/2014\/12\/CyC-RH.jpg","width":600,"height":400},{"@type":"BreadcrumbList","@id":"https:\/\/www.pressenza.com\/es\/2014\/12\/programa-44-de-continentes-y-contenidos-palestina-petroleo-e-integracion-latinoamericana\/#breadcrumb","itemListElement":[{"@type":"ListItem","position":1,"name":"Accueil","item":"https:\/\/www.pressenza.com\/es\/"},{"@type":"ListItem","position":2,"name":"Programa 45 de Continentes y contenidos: Palestina, petr\u00f3leo e integraci\u00f3n latinoamericana"}]},{"@type":"WebSite","@id":"https:\/\/www.pressenza.com\/es\/#website","url":"https:\/\/www.pressenza.com\/es\/","name":"Pressenza","description":"International Press Agency","publisher":{"@id":"https:\/\/www.pressenza.com\/es\/#organization"},"potentialAction":[{"@type":"SearchAction","target":{"@type":"EntryPoint","urlTemplate":"https:\/\/www.pressenza.com\/es\/?s={search_term_string}"},"query-input":{"@type":"PropertyValueSpecification","valueRequired":true,"valueName":"search_term_string"}}],"inLanguage":"es"},{"@type":"Organization","@id":"https:\/\/www.pressenza.com\/es\/#organization","name":"Pressenza","url":"https:\/\/www.pressenza.com\/es\/","logo":{"@type":"ImageObject","inLanguage":"es","@id":"https:\/\/www.pressenza.com\/es\/#\/schema\/logo\/image\/","url":"https:\/\/www.pressenza.com\/wp-content\/uploads\/2022\/10\/pressenza_logo_200x200.jpg","contentUrl":"https:\/\/www.pressenza.com\/wp-content\/uploads\/2022\/10\/pressenza_logo_200x200.jpg","width":200,"height":200,"caption":"Pressenza"},"image":{"@id":"https:\/\/www.pressenza.com\/es\/#\/schema\/logo\/image\/"},"sameAs":["https:\/\/www.facebook.com\/PressenzaItalia","https:\/\/x.com\/PressenzaIPA"]},{"@type":"Person","@id":"https:\/\/www.pressenza.com\/es\/#\/schema\/person\/0dda7d1b68267ad95b1e1d83abc98c89","name":"Redacci\u00f3n Argentina","description":"News from the Pressenza Bureau in Argentina.","sameAs":["https:\/\/x.com\/pressenza"],"url":"https:\/\/www.pressenza.com\/es\/author\/redaccion-argentina\/"}]}},"place":"","original_article_url":"","_links":{"self":[{"href":"https:\/\/www.pressenza.com\/es\/wp-json\/wp\/v2\/posts\/151536","targetHints":{"allow":["GET"]}}],"collection":[{"href":"https:\/\/www.pressenza.com\/es\/wp-json\/wp\/v2\/posts"}],"about":[{"href":"https:\/\/www.pressenza.com\/es\/wp-json\/wp\/v2\/types\/post"}],"author":[{"embeddable":true,"href":"https:\/\/www.pressenza.com\/es\/wp-json\/wp\/v2\/users\/87"}],"replies":[{"embeddable":true,"href":"https:\/\/www.pressenza.com\/es\/wp-json\/wp\/v2\/comments?post=151536"}],"version-history":[{"count":0,"href":"https:\/\/www.pressenza.com\/es\/wp-json\/wp\/v2\/posts\/151536\/revisions"}],"wp:featuredmedia":[{"embeddable":true,"href":"https:\/\/www.pressenza.com\/es\/wp-json\/wp\/v2\/media\/151537"}],"wp:attachment":[{"href":"https:\/\/www.pressenza.com\/es\/wp-json\/wp\/v2\/media?parent=151536"}],"wp:term":[{"taxonomy":"category","embeddable":true,"href":"https:\/\/www.pressenza.com\/es\/wp-json\/wp\/v2\/categories?post=151536"},{"taxonomy":"post_tag","embeddable":true,"href":"https:\/\/www.pressenza.com\/es\/wp-json\/wp\/v2\/tags?post=151536"}],"curies":[{"name":"wp","href":"https:\/\/api.w.org\/{rel}","templated":true}]}}