{"id":151510,"date":"2014-12-04T12:55:48","date_gmt":"2014-12-04T12:55:48","guid":{"rendered":"http:\/\/www.pressenza.com\/?p=151510"},"modified":"2014-12-04T12:55:48","modified_gmt":"2014-12-04T12:55:48","slug":"nicaragua-comunicadores-radiales-en-la-defensa-y-promocion-de-los-derechos-humanos","status":"publish","type":"post","link":"https:\/\/www.pressenza.com\/es\/2014\/12\/nicaragua-comunicadores-radiales-en-la-defensa-y-promocion-de-los-derechos-humanos\/","title":{"rendered":"Nicaragua: Comunicadores radiales en la defensa y promoci\u00f3n de los derechos humanos"},"content":{"rendered":"<p>Periodistas, productores radiales y defensoras de Derechos Humanos\u00a0participaron en el taller de producci\u00f3n radial con enfoque de g\u00e9nero, derechos humanos y democracia organizado por la Asociaci\u00f3n Mundial de Radios Comunitarias (Amarc), de Nicaragua.<\/p>\n<p>El taller se realiz\u00f3 en\u00a0la Fundaci\u00f3n Mar\u00eda Cavallieri, de Matagalpa (Nicaragua), del 26 al 28 de noviembre con 20 participantes.<\/p>\n<p>Ellos representaron a Radio Ecol\u00f3gica, Radio Mulukuk\u00f9, Radio Uraccan Bluefields, Radio Camoapa, Radio Vos, Radio La Nandaime\u00f1a, Programa radial Onda Local, Radio Dignidad y defensoras de derechos humanos de diversas organizaciones de Matagalpa.<\/p>\n<p>Todas las organizaciones compartieron y aprendieron sobre la producci\u00f3n radiof\u00f3nica realizando charlas narradas y radioclips.<\/p>\n<p>Argentina Olivas, directora de Radio Vos y representante de Amarc Nicaragua explic\u00f3 varios de los objetivos del encuentro.<\/p>\n<p>Por ejemplo, conocer y practicar sobre t\u00e9cnicas radiof\u00f3nica aplicadas a temas relacionados con democracia, derechos humanos y enfoque de g\u00e9nero.<\/p>\n<p>\u201cEn el taller se generaron opiniones y reflexiones desde un sentido cr\u00edtico lo que dio pie a mostrar elementos para el abordaje de las tem\u00e1ticas y su impacto en la calidad de la vida de la ciudadan\u00eda nicarag\u00fcense\u201d, indic\u00f3 la \u00a0representante de Amarc.<\/p>\n<p>Explic\u00f3 que luego dichos temas fueron plasmados en formatos radiof\u00f3nicos como las charlas narradas y los radioclips\u201d, comenta Olivas.<\/p>\n<p>El taller se realiz\u00f3 en el marco del proyecto regional \u201cLa Comunicaci\u00f3n, Derecho Humano que fortalece la Democracia en Centroam\u00e9rica\u201d ejecutado por la Fundaci\u00f3n Comunic\u00e1ndonos de El Salvador y Amarc Nicaragua, con el apoyo de Icco Cooperaci\u00f3n y el Reino de los Pa\u00edses Bajos. (Wendy Quintero Ch\u00e1vez \u2013 Amarc Nicaragua)<\/p>\n","protected":false},"excerpt":{"rendered":"<p>Periodistas, productores radiales y defensoras de Derechos Humanos\u00a0participaron en el taller de producci\u00f3n radial con enfoque de g\u00e9nero, derechos humanos y democracia organizado por la Asociaci\u00f3n Mundial de Radios Comunitarias (Amarc), de Nicaragua. El taller se realiz\u00f3 en\u00a0la Fundaci\u00f3n Mar\u00eda&hellip;<\/p>\n","protected":false},"author":179,"featured_media":151511,"comment_status":"closed","ping_status":"open","sticky":false,"template":"","format":"standard","meta":{"footnotes":""},"categories":[69,75,79],"tags":[696,441,523,14610],"class_list":["post-151510","post","type-post","status-publish","format-standard","has-post-thumbnail","hentry","category-america-central","category-cultura-es","category-derechos-humanos","tag-democracia","tag-derechos-humanos","tag-medios-de-comunicacion","tag-nicaragua-es"],"yoast_head":"<!-- This site is optimized with the Yoast SEO plugin v27.1.1 - https:\/\/yoast.com\/product\/yoast-seo-wordpress\/ -->\n<title>Nicaragua: Comunicadores radiales en la defensa y promoci\u00f3n de los derechos humanos<\/title>\n<meta name=\"description\" content=\"Periodistas, productores radiales y defensoras de Derechos Humanos\u00a0participaron en el taller de producci\u00f3n radial con enfoque de g\u00e9nero, derechos humanos\" \/>\n<meta name=\"robots\" content=\"index, follow, max-snippet:-1, max-image-preview:large, max-video-preview:-1\" \/>\n<link rel=\"canonical\" href=\"https:\/\/www.pressenza.com\/es\/2014\/12\/nicaragua-comunicadores-radiales-en-la-defensa-y-promocion-de-los-derechos-humanos\/\" \/>\n<meta property=\"og:locale\" content=\"es_ES\" \/>\n<meta property=\"og:type\" content=\"article\" \/>\n<meta property=\"og:title\" content=\"Nicaragua: Comunicadores radiales en la defensa y promoci\u00f3n de los derechos humanos\" \/>\n<meta property=\"og:description\" content=\"Periodistas, productores radiales y defensoras de Derechos Humanos\u00a0participaron en el taller de producci\u00f3n radial con enfoque de g\u00e9nero, derechos humanos\" \/>\n<meta property=\"og:url\" content=\"https:\/\/www.pressenza.com\/es\/2014\/12\/nicaragua-comunicadores-radiales-en-la-defensa-y-promocion-de-los-derechos-humanos\/\" \/>\n<meta property=\"og:site_name\" content=\"Pressenza\" \/>\n<meta property=\"article:publisher\" content=\"https:\/\/www.facebook.com\/PressenzaItalia\" \/>\n<meta property=\"article:author\" content=\"https:\/\/www.facebook.com\/agenciapulsar\" \/>\n<meta property=\"article:published_time\" content=\"2014-12-04T12:55:48+00:00\" \/>\n<meta property=\"og:image\" content=\"https:\/\/www.pressenza.com\/wp-content\/uploads\/2014\/12\/nicaragua.jpg\" \/>\n\t<meta property=\"og:image:width\" content=\"2421\" \/>\n\t<meta property=\"og:image:height\" content=\"1479\" \/>\n\t<meta property=\"og:image:type\" content=\"image\/jpeg\" \/>\n<meta name=\"author\" content=\"Agencia P\u00falsar\" \/>\n<meta name=\"twitter:card\" content=\"summary_large_image\" \/>\n<meta name=\"twitter:creator\" content=\"@PulsarInforma\" \/>\n<meta name=\"twitter:site\" content=\"@PressenzaIPA\" \/>\n<meta name=\"twitter:label1\" content=\"Escrito por\" \/>\n\t<meta name=\"twitter:data1\" content=\"Agencia P\u00falsar\" \/>\n\t<meta name=\"twitter:label2\" content=\"Tiempo de lectura\" \/>\n\t<meta name=\"twitter:data2\" content=\"1 minuto\" \/>\n<script type=\"application\/ld+json\" class=\"yoast-schema-graph\">{\"@context\":\"https:\/\/schema.org\",\"@graph\":[{\"@type\":\"Article\",\"@id\":\"https:\/\/www.pressenza.com\/es\/2014\/12\/nicaragua-comunicadores-radiales-en-la-defensa-y-promocion-de-los-derechos-humanos\/#article\",\"isPartOf\":{\"@id\":\"https:\/\/www.pressenza.com\/es\/2014\/12\/nicaragua-comunicadores-radiales-en-la-defensa-y-promocion-de-los-derechos-humanos\/\"},\"author\":{\"name\":\"Agencia P\u00falsar\",\"@id\":\"https:\/\/www.pressenza.com\/es\/#\/schema\/person\/08decc0a2151ad1dfa4491ebc821f95e\"},\"headline\":\"Nicaragua: Comunicadores radiales en la defensa y promoci\u00f3n de los derechos humanos\",\"datePublished\":\"2014-12-04T12:55:48+00:00\",\"mainEntityOfPage\":{\"@id\":\"https:\/\/www.pressenza.com\/es\/2014\/12\/nicaragua-comunicadores-radiales-en-la-defensa-y-promocion-de-los-derechos-humanos\/\"},\"wordCount\":286,\"publisher\":{\"@id\":\"https:\/\/www.pressenza.com\/es\/#organization\"},\"image\":{\"@id\":\"https:\/\/www.pressenza.com\/es\/2014\/12\/nicaragua-comunicadores-radiales-en-la-defensa-y-promocion-de-los-derechos-humanos\/#primaryimage\"},\"thumbnailUrl\":\"https:\/\/www.pressenza.com\/wp-content\/uploads\/2014\/12\/nicaragua.jpg\",\"keywords\":[\"Democracia\",\"Derechos humanos\",\"medios de comunicaci\u00f3n\",\"Nicaragua\"],\"articleSection\":[\"Am\u00e9rica Central\",\"Cultura y Medios\",\"Derechos Humanos\"],\"inLanguage\":\"es\"},{\"@type\":\"WebPage\",\"@id\":\"https:\/\/www.pressenza.com\/es\/2014\/12\/nicaragua-comunicadores-radiales-en-la-defensa-y-promocion-de-los-derechos-humanos\/\",\"url\":\"https:\/\/www.pressenza.com\/es\/2014\/12\/nicaragua-comunicadores-radiales-en-la-defensa-y-promocion-de-los-derechos-humanos\/\",\"name\":\"Nicaragua: Comunicadores radiales en la defensa y promoci\u00f3n de los derechos humanos\",\"isPartOf\":{\"@id\":\"https:\/\/www.pressenza.com\/es\/#website\"},\"primaryImageOfPage\":{\"@id\":\"https:\/\/www.pressenza.com\/es\/2014\/12\/nicaragua-comunicadores-radiales-en-la-defensa-y-promocion-de-los-derechos-humanos\/#primaryimage\"},\"image\":{\"@id\":\"https:\/\/www.pressenza.com\/es\/2014\/12\/nicaragua-comunicadores-radiales-en-la-defensa-y-promocion-de-los-derechos-humanos\/#primaryimage\"},\"thumbnailUrl\":\"https:\/\/www.pressenza.com\/wp-content\/uploads\/2014\/12\/nicaragua.jpg\",\"datePublished\":\"2014-12-04T12:55:48+00:00\",\"description\":\"Periodistas, productores radiales y defensoras de Derechos Humanos\u00a0participaron en el taller de producci\u00f3n radial con enfoque de g\u00e9nero, derechos humanos\",\"breadcrumb\":{\"@id\":\"https:\/\/www.pressenza.com\/es\/2014\/12\/nicaragua-comunicadores-radiales-en-la-defensa-y-promocion-de-los-derechos-humanos\/#breadcrumb\"},\"inLanguage\":\"es\",\"potentialAction\":[{\"@type\":\"ReadAction\",\"target\":[\"https:\/\/www.pressenza.com\/es\/2014\/12\/nicaragua-comunicadores-radiales-en-la-defensa-y-promocion-de-los-derechos-humanos\/\"]}]},{\"@type\":\"ImageObject\",\"inLanguage\":\"es\",\"@id\":\"https:\/\/www.pressenza.com\/es\/2014\/12\/nicaragua-comunicadores-radiales-en-la-defensa-y-promocion-de-los-derechos-humanos\/#primaryimage\",\"url\":\"https:\/\/www.pressenza.com\/wp-content\/uploads\/2014\/12\/nicaragua.jpg\",\"contentUrl\":\"https:\/\/www.pressenza.com\/wp-content\/uploads\/2014\/12\/nicaragua.jpg\",\"width\":2421,\"height\":1479},{\"@type\":\"BreadcrumbList\",\"@id\":\"https:\/\/www.pressenza.com\/es\/2014\/12\/nicaragua-comunicadores-radiales-en-la-defensa-y-promocion-de-los-derechos-humanos\/#breadcrumb\",\"itemListElement\":[{\"@type\":\"ListItem\",\"position\":1,\"name\":\"Accueil\",\"item\":\"https:\/\/www.pressenza.com\/es\/\"},{\"@type\":\"ListItem\",\"position\":2,\"name\":\"Nicaragua: Comunicadores radiales en la defensa y promoci\u00f3n de los derechos humanos\"}]},{\"@type\":\"WebSite\",\"@id\":\"https:\/\/www.pressenza.com\/es\/#website\",\"url\":\"https:\/\/www.pressenza.com\/es\/\",\"name\":\"Pressenza\",\"description\":\"International Press Agency\",\"publisher\":{\"@id\":\"https:\/\/www.pressenza.com\/es\/#organization\"},\"potentialAction\":[{\"@type\":\"SearchAction\",\"target\":{\"@type\":\"EntryPoint\",\"urlTemplate\":\"https:\/\/www.pressenza.com\/es\/?s={search_term_string}\"},\"query-input\":{\"@type\":\"PropertyValueSpecification\",\"valueRequired\":true,\"valueName\":\"search_term_string\"}}],\"inLanguage\":\"es\"},{\"@type\":\"Organization\",\"@id\":\"https:\/\/www.pressenza.com\/es\/#organization\",\"name\":\"Pressenza\",\"url\":\"https:\/\/www.pressenza.com\/es\/\",\"logo\":{\"@type\":\"ImageObject\",\"inLanguage\":\"es\",\"@id\":\"https:\/\/www.pressenza.com\/es\/#\/schema\/logo\/image\/\",\"url\":\"https:\/\/www.pressenza.com\/wp-content\/uploads\/2022\/10\/pressenza_logo_200x200.jpg\",\"contentUrl\":\"https:\/\/www.pressenza.com\/wp-content\/uploads\/2022\/10\/pressenza_logo_200x200.jpg\",\"width\":200,\"height\":200,\"caption\":\"Pressenza\"},\"image\":{\"@id\":\"https:\/\/www.pressenza.com\/es\/#\/schema\/logo\/image\/\"},\"sameAs\":[\"https:\/\/www.facebook.com\/PressenzaItalia\",\"https:\/\/x.com\/PressenzaIPA\"]},{\"@type\":\"Person\",\"@id\":\"https:\/\/www.pressenza.com\/es\/#\/schema\/person\/08decc0a2151ad1dfa4491ebc821f95e\",\"name\":\"Agencia P\u00falsar\",\"description\":\"La Agencia Informativa P\u00falsar es una iniciativa de la Asociaci\u00f3n Mundial de Radios Comunitarias \u2013 Am\u00e9rica Latina y Caribe (AMARC ALC) para la democratizaci\u00f3n de las comunicaciones. P\u00falsar es una agencia de noticias radiof\u00f3nicas. Su objetivo es facilitar a las emisoras comunitarias el acceso a informaci\u00f3n confiable, relevante y radiof\u00f3nica a trav\u00e9s de una propuesta que une a la radio con las nuevas tecnolog\u00edas. www.agenciapulsar.org\",\"sameAs\":[\"https:\/\/www.facebook.com\/agenciapulsar\",\"https:\/\/x.com\/PulsarInforma\"],\"url\":\"https:\/\/www.pressenza.com\/es\/author\/agencia-pulsar\/\"}]}<\/script>\n<!-- \/ Yoast SEO plugin. -->","yoast_head_json":{"title":"Nicaragua: Comunicadores radiales en la defensa y promoci\u00f3n de los derechos humanos","description":"Periodistas, productores radiales y defensoras de Derechos Humanos\u00a0participaron en el taller de producci\u00f3n radial con enfoque de g\u00e9nero, derechos humanos","robots":{"index":"index","follow":"follow","max-snippet":"max-snippet:-1","max-image-preview":"max-image-preview:large","max-video-preview":"max-video-preview:-1"},"canonical":"https:\/\/www.pressenza.com\/es\/2014\/12\/nicaragua-comunicadores-radiales-en-la-defensa-y-promocion-de-los-derechos-humanos\/","og_locale":"es_ES","og_type":"article","og_title":"Nicaragua: Comunicadores radiales en la defensa y promoci\u00f3n de los derechos humanos","og_description":"Periodistas, productores radiales y defensoras de Derechos Humanos\u00a0participaron en el taller de producci\u00f3n radial con enfoque de g\u00e9nero, derechos humanos","og_url":"https:\/\/www.pressenza.com\/es\/2014\/12\/nicaragua-comunicadores-radiales-en-la-defensa-y-promocion-de-los-derechos-humanos\/","og_site_name":"Pressenza","article_publisher":"https:\/\/www.facebook.com\/PressenzaItalia","article_author":"https:\/\/www.facebook.com\/agenciapulsar","article_published_time":"2014-12-04T12:55:48+00:00","og_image":[{"width":2421,"height":1479,"url":"https:\/\/www.pressenza.com\/wp-content\/uploads\/2014\/12\/nicaragua.jpg","type":"image\/jpeg"}],"author":"Agencia P\u00falsar","twitter_card":"summary_large_image","twitter_creator":"@PulsarInforma","twitter_site":"@PressenzaIPA","twitter_misc":{"Escrito por":"Agencia P\u00falsar","Tiempo de lectura":"1 minuto"},"schema":{"@context":"https:\/\/schema.org","@graph":[{"@type":"Article","@id":"https:\/\/www.pressenza.com\/es\/2014\/12\/nicaragua-comunicadores-radiales-en-la-defensa-y-promocion-de-los-derechos-humanos\/#article","isPartOf":{"@id":"https:\/\/www.pressenza.com\/es\/2014\/12\/nicaragua-comunicadores-radiales-en-la-defensa-y-promocion-de-los-derechos-humanos\/"},"author":{"name":"Agencia P\u00falsar","@id":"https:\/\/www.pressenza.com\/es\/#\/schema\/person\/08decc0a2151ad1dfa4491ebc821f95e"},"headline":"Nicaragua: Comunicadores radiales en la defensa y promoci\u00f3n de los derechos humanos","datePublished":"2014-12-04T12:55:48+00:00","mainEntityOfPage":{"@id":"https:\/\/www.pressenza.com\/es\/2014\/12\/nicaragua-comunicadores-radiales-en-la-defensa-y-promocion-de-los-derechos-humanos\/"},"wordCount":286,"publisher":{"@id":"https:\/\/www.pressenza.com\/es\/#organization"},"image":{"@id":"https:\/\/www.pressenza.com\/es\/2014\/12\/nicaragua-comunicadores-radiales-en-la-defensa-y-promocion-de-los-derechos-humanos\/#primaryimage"},"thumbnailUrl":"https:\/\/www.pressenza.com\/wp-content\/uploads\/2014\/12\/nicaragua.jpg","keywords":["Democracia","Derechos humanos","medios de comunicaci\u00f3n","Nicaragua"],"articleSection":["Am\u00e9rica Central","Cultura y Medios","Derechos Humanos"],"inLanguage":"es"},{"@type":"WebPage","@id":"https:\/\/www.pressenza.com\/es\/2014\/12\/nicaragua-comunicadores-radiales-en-la-defensa-y-promocion-de-los-derechos-humanos\/","url":"https:\/\/www.pressenza.com\/es\/2014\/12\/nicaragua-comunicadores-radiales-en-la-defensa-y-promocion-de-los-derechos-humanos\/","name":"Nicaragua: Comunicadores radiales en la defensa y promoci\u00f3n de los derechos humanos","isPartOf":{"@id":"https:\/\/www.pressenza.com\/es\/#website"},"primaryImageOfPage":{"@id":"https:\/\/www.pressenza.com\/es\/2014\/12\/nicaragua-comunicadores-radiales-en-la-defensa-y-promocion-de-los-derechos-humanos\/#primaryimage"},"image":{"@id":"https:\/\/www.pressenza.com\/es\/2014\/12\/nicaragua-comunicadores-radiales-en-la-defensa-y-promocion-de-los-derechos-humanos\/#primaryimage"},"thumbnailUrl":"https:\/\/www.pressenza.com\/wp-content\/uploads\/2014\/12\/nicaragua.jpg","datePublished":"2014-12-04T12:55:48+00:00","description":"Periodistas, productores radiales y defensoras de Derechos Humanos\u00a0participaron en el taller de producci\u00f3n radial con enfoque de g\u00e9nero, derechos humanos","breadcrumb":{"@id":"https:\/\/www.pressenza.com\/es\/2014\/12\/nicaragua-comunicadores-radiales-en-la-defensa-y-promocion-de-los-derechos-humanos\/#breadcrumb"},"inLanguage":"es","potentialAction":[{"@type":"ReadAction","target":["https:\/\/www.pressenza.com\/es\/2014\/12\/nicaragua-comunicadores-radiales-en-la-defensa-y-promocion-de-los-derechos-humanos\/"]}]},{"@type":"ImageObject","inLanguage":"es","@id":"https:\/\/www.pressenza.com\/es\/2014\/12\/nicaragua-comunicadores-radiales-en-la-defensa-y-promocion-de-los-derechos-humanos\/#primaryimage","url":"https:\/\/www.pressenza.com\/wp-content\/uploads\/2014\/12\/nicaragua.jpg","contentUrl":"https:\/\/www.pressenza.com\/wp-content\/uploads\/2014\/12\/nicaragua.jpg","width":2421,"height":1479},{"@type":"BreadcrumbList","@id":"https:\/\/www.pressenza.com\/es\/2014\/12\/nicaragua-comunicadores-radiales-en-la-defensa-y-promocion-de-los-derechos-humanos\/#breadcrumb","itemListElement":[{"@type":"ListItem","position":1,"name":"Accueil","item":"https:\/\/www.pressenza.com\/es\/"},{"@type":"ListItem","position":2,"name":"Nicaragua: Comunicadores radiales en la defensa y promoci\u00f3n de los derechos humanos"}]},{"@type":"WebSite","@id":"https:\/\/www.pressenza.com\/es\/#website","url":"https:\/\/www.pressenza.com\/es\/","name":"Pressenza","description":"International Press Agency","publisher":{"@id":"https:\/\/www.pressenza.com\/es\/#organization"},"potentialAction":[{"@type":"SearchAction","target":{"@type":"EntryPoint","urlTemplate":"https:\/\/www.pressenza.com\/es\/?s={search_term_string}"},"query-input":{"@type":"PropertyValueSpecification","valueRequired":true,"valueName":"search_term_string"}}],"inLanguage":"es"},{"@type":"Organization","@id":"https:\/\/www.pressenza.com\/es\/#organization","name":"Pressenza","url":"https:\/\/www.pressenza.com\/es\/","logo":{"@type":"ImageObject","inLanguage":"es","@id":"https:\/\/www.pressenza.com\/es\/#\/schema\/logo\/image\/","url":"https:\/\/www.pressenza.com\/wp-content\/uploads\/2022\/10\/pressenza_logo_200x200.jpg","contentUrl":"https:\/\/www.pressenza.com\/wp-content\/uploads\/2022\/10\/pressenza_logo_200x200.jpg","width":200,"height":200,"caption":"Pressenza"},"image":{"@id":"https:\/\/www.pressenza.com\/es\/#\/schema\/logo\/image\/"},"sameAs":["https:\/\/www.facebook.com\/PressenzaItalia","https:\/\/x.com\/PressenzaIPA"]},{"@type":"Person","@id":"https:\/\/www.pressenza.com\/es\/#\/schema\/person\/08decc0a2151ad1dfa4491ebc821f95e","name":"Agencia P\u00falsar","description":"La Agencia Informativa P\u00falsar es una iniciativa de la Asociaci\u00f3n Mundial de Radios Comunitarias \u2013 Am\u00e9rica Latina y Caribe (AMARC ALC) para la democratizaci\u00f3n de las comunicaciones. P\u00falsar es una agencia de noticias radiof\u00f3nicas. Su objetivo es facilitar a las emisoras comunitarias el acceso a informaci\u00f3n confiable, relevante y radiof\u00f3nica a trav\u00e9s de una propuesta que une a la radio con las nuevas tecnolog\u00edas. www.agenciapulsar.org","sameAs":["https:\/\/www.facebook.com\/agenciapulsar","https:\/\/x.com\/PulsarInforma"],"url":"https:\/\/www.pressenza.com\/es\/author\/agencia-pulsar\/"}]}},"place":"Managua","original_article_url":"http:\/\/www.agenciapulsar.org\/amarc-alc\/nicaragua-comunicadores-radiales-en-la-defensa-y-promocion-de-los-derechos-humanos\/","_links":{"self":[{"href":"https:\/\/www.pressenza.com\/es\/wp-json\/wp\/v2\/posts\/151510","targetHints":{"allow":["GET"]}}],"collection":[{"href":"https:\/\/www.pressenza.com\/es\/wp-json\/wp\/v2\/posts"}],"about":[{"href":"https:\/\/www.pressenza.com\/es\/wp-json\/wp\/v2\/types\/post"}],"author":[{"embeddable":true,"href":"https:\/\/www.pressenza.com\/es\/wp-json\/wp\/v2\/users\/179"}],"replies":[{"embeddable":true,"href":"https:\/\/www.pressenza.com\/es\/wp-json\/wp\/v2\/comments?post=151510"}],"version-history":[{"count":0,"href":"https:\/\/www.pressenza.com\/es\/wp-json\/wp\/v2\/posts\/151510\/revisions"}],"wp:featuredmedia":[{"embeddable":true,"href":"https:\/\/www.pressenza.com\/es\/wp-json\/wp\/v2\/media\/151511"}],"wp:attachment":[{"href":"https:\/\/www.pressenza.com\/es\/wp-json\/wp\/v2\/media?parent=151510"}],"wp:term":[{"taxonomy":"category","embeddable":true,"href":"https:\/\/www.pressenza.com\/es\/wp-json\/wp\/v2\/categories?post=151510"},{"taxonomy":"post_tag","embeddable":true,"href":"https:\/\/www.pressenza.com\/es\/wp-json\/wp\/v2\/tags?post=151510"}],"curies":[{"name":"wp","href":"https:\/\/api.w.org\/{rel}","templated":true}]}}