{"id":151209,"date":"2014-12-01T23:24:32","date_gmt":"2014-12-01T23:24:32","guid":{"rendered":"http:\/\/www.pressenza.com\/?p=151209"},"modified":"2014-12-01T23:24:32","modified_gmt":"2014-12-01T23:24:32","slug":"minorias-etnicas-hong-kong-es-nuestro-hogar","status":"publish","type":"post","link":"https:\/\/www.pressenza.com\/es\/2014\/12\/minorias-etnicas-hong-kong-es-nuestro-hogar\/","title":{"rendered":"Minor\u00edas \u00e9tnicas: Hong Kong es nuestro hogar"},"content":{"rendered":"<p style=\"text-align: justify;\"><strong>Declaraci\u00f3n de la comunidad de minor\u00edas \u00e9tnicas de Hong Kong, publicada a principios de este mes:<\/strong><\/p>\n<p><strong>Minor\u00edas \u00e9tnicas: Hong Kong es nuestro hogar &#8211; \u00a1Condenemos la violencia! \u00a1Opong\u00e1monos a la manipulaci\u00f3n! \u00a1No al prejuicio racial!<\/strong><\/p>\n<p>Somos un grupo de minor\u00edas \u00e9tnicas de primera, segunda y tercera generaci\u00f3n que han vivido en Hong Kong durante los a\u00f1os 80 y 90, durante el dominio brit\u00e1nico y despu\u00e9s de la entrega de mando. Hemos visto cambios a lo largo del tiempo que vivimos en Hong Kong, pero para la mayor\u00eda de nosotros nos hemos mantenido al margen de la sociedad, como ciudadanos de segunda clase, debido a los muchos prejuicios en contra de nosotros y numerosas pol\u00edticas gubernamentales que nos ignoran o perjudican. Pero a\u00fan as\u00ed una y otra vez hemos perseverado; nos caemos pero de alguna manera volvemos a levantarnos. Hemos enfrentado desaf\u00edos en nuestras vidas en la escuela, en el trabajo e incluso dentro de nuestros vecindarios y comunidades, y sin embargo, Hong Kong sigue siendo nuestro hogar. Muchos de nuestros padres son inmigrantes que se sent\u00edan marginados por la sociedad de Hong Kong, que vinieron aqu\u00ed a hacer una vida antes de regresar a sus pa\u00edses de origen.<\/p>\n<p style=\"text-align: justify;\">A pesar de que han contribuido a la fuerza laboral de Hong Kong y al progreso econ\u00f3mico, nunca se sintieron plenamente aceptados y siempre fueron vistos como extranjeros, solo como otro grupo m\u00e1s de trabajadores migrantes.<\/p>\n<p>Pero nacimos y crecimos aqu\u00ed.<\/p>\n<p>Poco hicieron nuestros padres para darse cuenta o prever que los ni\u00f1os que criaron en Hong Kong llamar\u00edan a esta ciudad como su hogar, y no a cualquier otro; que ver\u00edan a este lugar como parte de su futuro, y que se ver\u00edan a s\u00ed mismos como habitantes de Hong Kong y no pertenecientes a la patria de sus padres.<\/p>\n<p>Al haber pasado ya un mes desde que empez\u00f3 el Movimiento de los Paraguas, nos sentimos orgullosos de haber resistido con nuestros compa\u00f1eros hongkoneses desde el principio. Hemos marchado por las calles cada noche, sostenido discusiones, cantado canciones, compartido la comida, ayudado a limpiar y compartido nuestra cultura y arte para promover la democracia. Al estar all\u00ed presentes, haber marchado, haberles dado apoyo \u2013 a los habitantes de Hong Kong que se han quedado durante d\u00edas y noches, a pesar del viento, la lluvia, la humedad y el calor \u2013, les hemos dado un gran impulso a los esp\u00edritus, y a la moral. Los locales y expatriados por igual nos preguntan: \u00bfPor qu\u00e9 les interesa? \u00bfQu\u00e9 hay de bueno en todo esto para ustedes? \u00bfPor qu\u00e9 se llaman a ustedes mismos hongkoneses cuando todo el tiempo han sido marginados por estas mismas personas?<\/p>\n<p>Nuestra respuesta es simple. No importa cu\u00e1nta lucha, dolor y decepci\u00f3n hayamos sentido en todo nuestro tiempo en Hong Kong, nos sentimos tan orgullos en esta ciudad y sus valores como cualquier otra persona. Hemos sido parte de Hong Kong a lo largo de su historia; seguimos contribuyendo para lograr un Hong Kong econ\u00f3micamente fuerte y libre. Si hoy no nos ponemos de pie junto a nuestros hermanas y hermanos chinos, compa\u00f1eros en la lucha para proteger nuestra libertad, los valores y los derechos, entonces \u00bfcu\u00e1ndo m\u00e1s podremos hacerlo? Nosotros, tanto como ellos, tenemos un inter\u00e9s en Hong Kong. Esta es nuestra ciudad tanto como la suya; nos preocupa tanto como a ellos. No estamos luchando juntos solo para hoy, sino por el ma\u00f1ana, por el futuro y por las generaciones que vienen. Nosotros, los habitantes de Hong Kong hemos probado la libertad y no podemos ya aceptar nada menos. Inmersos en el esp\u00edritu de Hong Kong, vamos a superar estos obst\u00e1culos, tal como hemos superado numerosos tsunamis financieros y crisis econ\u00f3micas, la epidemia de SARS, la incertidumbre que vivimos antes de la entrega del poder, la amenaza a la educaci\u00f3n nacional, el peligro del art\u00edculo 23 y muchos otros obst\u00e1culos. \u00a1Venceremos!<\/p>\n<p>Por \u00faltimo, pero no menos importante, nosotros, los j\u00f3venes de las minor\u00edas \u00e9tnicas de Hong Kong, quienes realmente hemos crecido aqu\u00ed, quienes tenemos verdaderamente los valores de Hong Kong inculcados en nosotros, estamos sorprendidos y avergonzados por el comportamiento de ciertas personas de nuestra comunidad. El caso del Sr. Mohammed Aslam* es uno de los pocos incidentes aislados, sensacionalizado por los desgraciadamente sesgados medios de comunicaci\u00f3n. Estamos triste y dolorosamente vinculados con esos vergonzosos individuos, a pesar de que no hemos hecho nada malo, a pesar de haber dedicado gran parte de nuestro tiempo y energ\u00eda para estar d\u00eda a d\u00eda con el movimiento. Estamos avergonzados de los grupos \u00e9tnicos minoritarios que se han unido a movimientos anti-democracia impulsados por las palabras dulces de grupos pol\u00edticos o partidos que dicen apoyar a las minor\u00edas \u00e9tnicas, pero que en realidad los enga\u00f1an, traicionan e ignoran en momentos de necesidad.<\/p>\n<p>Por desgracia, muchas minor\u00edas \u00e9tnicas est\u00e1n en ese tipo de situaciones econ\u00f3micas vulnerables, en las que no tienen m\u00e1s remedio que unirse a estos movimientos, sin saber que en el largo plazo ellos ser\u00e1n los m\u00e1s afectados por la p\u00e9rdida de las libertades de Hong Kong. En muchos casos no saben que el Movimiento de los Paraguas es para todos en Hong Kong, incluidos ellos. Nos ponemos de pie lado a lado, como verdadera minor\u00eda \u00e9tnica local hongkonesa, para condenar esos actos violentos, cobardes y vergonzosos, y destacar que esos casos aislados no representan a la mayor\u00eda de la comunidad \u00e9tnica minoritaria.<\/p>\n<p>Pedimos al p\u00fablico en general y a los medios de comunicaci\u00f3n que no saquen conclusiones acerca de las minor\u00edas \u00e9tnicas a partir de esos incidentes, que no se formen pensamientos sesgados o ideas acerca de las minor\u00edas \u00e9tnicas, como creer que todos estamos apoyando a los listones azules, o que somos personas violentas que estamos all\u00ed solo por el dinero. Vamos a decirlo ahora, y lo diremos despu\u00e9s. Somos hongkoneses, y vamos a apoyar al Movimiento de los Paraguas, al lado de los estudiantes y del p\u00fablico hasta el final. No importa cu\u00e1l sea el resultado, lo diremos de nuevo: Hong Kong ser\u00e1 una ciudad m\u00e1s fuerte y unida, porque este movimiento ha despertado nuestro esp\u00edritu.<\/p>\n<p>[*Nota del Editor: Mohammed Aslam, l\u00edder de la juventud paquistan\u00ed local, estuvo en un momento en el bando de la oposici\u00f3n anti-ocupaci\u00f3n.]<\/p>\n","protected":false},"excerpt":{"rendered":"<p>Declaraci\u00f3n de la comunidad de minor\u00edas \u00e9tnicas de Hong Kong, publicada a principios de este mes: Minor\u00edas \u00e9tnicas: Hong Kong es nuestro hogar &#8211; \u00a1Condenemos la violencia! \u00a1Opong\u00e1monos a la manipulaci\u00f3n! \u00a1No al prejuicio racial! Somos un grupo de minor\u00edas&hellip;<\/p>\n","protected":false},"author":1015,"featured_media":151210,"comment_status":"closed","ping_status":"open","sticky":false,"template":"","format":"standard","meta":{"footnotes":""},"categories":[65,11389,1241],"tags":[],"class_list":["post-151209","post","type-post","status-publish","format-standard","has-post-thumbnail","hentry","category-asia-es","category-contenido-original","category-diversidad"],"yoast_head":"<!-- This site is optimized with the Yoast SEO plugin v27.1.1 - https:\/\/yoast.com\/product\/yoast-seo-wordpress\/ -->\n<title>Minor\u00edas \u00e9tnicas: Hong Kong es nuestro hogar<\/title>\n<meta name=\"description\" content=\"Declaraci\u00f3n de la comunidad de minor\u00edas \u00e9tnicas de Hong Kong, publicada a principios de este mes: Minor\u00edas \u00e9tnicas: Hong Kong es nuestro hogar -\" \/>\n<meta name=\"robots\" content=\"index, follow, max-snippet:-1, max-image-preview:large, max-video-preview:-1\" \/>\n<link rel=\"canonical\" href=\"https:\/\/www.pressenza.com\/es\/2014\/12\/minorias-etnicas-hong-kong-es-nuestro-hogar\/\" \/>\n<meta property=\"og:locale\" content=\"es_ES\" \/>\n<meta property=\"og:type\" content=\"article\" \/>\n<meta property=\"og:title\" content=\"Minor\u00edas \u00e9tnicas: Hong Kong es nuestro hogar\" \/>\n<meta property=\"og:description\" content=\"Declaraci\u00f3n de la comunidad de minor\u00edas \u00e9tnicas de Hong Kong, publicada a principios de este mes: Minor\u00edas \u00e9tnicas: Hong Kong es nuestro hogar -\" \/>\n<meta property=\"og:url\" content=\"https:\/\/www.pressenza.com\/es\/2014\/12\/minorias-etnicas-hong-kong-es-nuestro-hogar\/\" \/>\n<meta property=\"og:site_name\" content=\"Pressenza\" \/>\n<meta property=\"article:publisher\" content=\"https:\/\/www.facebook.com\/PressenzaItalia\" \/>\n<meta property=\"article:author\" content=\"https:\/\/www.facebook.com\/PressenzaEnglish\/\" \/>\n<meta property=\"article:published_time\" content=\"2014-12-01T23:24:32+00:00\" \/>\n<meta property=\"og:image\" content=\"https:\/\/www.pressenza.com\/wp-content\/uploads\/2014\/12\/hk.jpg\" \/>\n\t<meta property=\"og:image:width\" content=\"737\" \/>\n\t<meta property=\"og:image:height\" content=\"553\" \/>\n\t<meta property=\"og:image:type\" content=\"image\/jpeg\" \/>\n<meta name=\"author\" content=\"Pressenza Hong Kong\" \/>\n<meta name=\"twitter:card\" content=\"summary_large_image\" \/>\n<meta name=\"twitter:creator\" content=\"@PressenzaIPA\" \/>\n<meta name=\"twitter:site\" content=\"@PressenzaIPA\" \/>\n<meta name=\"twitter:label1\" content=\"Escrito por\" \/>\n\t<meta name=\"twitter:data1\" content=\"Pressenza Hong Kong\" \/>\n\t<meta name=\"twitter:label2\" content=\"Tiempo de lectura\" \/>\n\t<meta name=\"twitter:data2\" content=\"5 minutos\" \/>\n<script type=\"application\/ld+json\" class=\"yoast-schema-graph\">{\"@context\":\"https:\/\/schema.org\",\"@graph\":[{\"@type\":\"Article\",\"@id\":\"https:\/\/www.pressenza.com\/es\/2014\/12\/minorias-etnicas-hong-kong-es-nuestro-hogar\/#article\",\"isPartOf\":{\"@id\":\"https:\/\/www.pressenza.com\/es\/2014\/12\/minorias-etnicas-hong-kong-es-nuestro-hogar\/\"},\"author\":{\"name\":\"Pressenza Hong Kong\",\"@id\":\"https:\/\/www.pressenza.com\/es\/#\/schema\/person\/eca962d6df6d2610e7fc9f68de7a2b87\"},\"headline\":\"Minor\u00edas \u00e9tnicas: Hong Kong es nuestro hogar\",\"datePublished\":\"2014-12-01T23:24:32+00:00\",\"mainEntityOfPage\":{\"@id\":\"https:\/\/www.pressenza.com\/es\/2014\/12\/minorias-etnicas-hong-kong-es-nuestro-hogar\/\"},\"wordCount\":1104,\"publisher\":{\"@id\":\"https:\/\/www.pressenza.com\/es\/#organization\"},\"image\":{\"@id\":\"https:\/\/www.pressenza.com\/es\/2014\/12\/minorias-etnicas-hong-kong-es-nuestro-hogar\/#primaryimage\"},\"thumbnailUrl\":\"https:\/\/www.pressenza.com\/wp-content\/uploads\/2014\/12\/hk.jpg\",\"articleSection\":[\"Asia\",\"Contenido Original\",\"Diversidad\"],\"inLanguage\":\"es\"},{\"@type\":\"WebPage\",\"@id\":\"https:\/\/www.pressenza.com\/es\/2014\/12\/minorias-etnicas-hong-kong-es-nuestro-hogar\/\",\"url\":\"https:\/\/www.pressenza.com\/es\/2014\/12\/minorias-etnicas-hong-kong-es-nuestro-hogar\/\",\"name\":\"Minor\u00edas \u00e9tnicas: Hong Kong es nuestro hogar\",\"isPartOf\":{\"@id\":\"https:\/\/www.pressenza.com\/es\/#website\"},\"primaryImageOfPage\":{\"@id\":\"https:\/\/www.pressenza.com\/es\/2014\/12\/minorias-etnicas-hong-kong-es-nuestro-hogar\/#primaryimage\"},\"image\":{\"@id\":\"https:\/\/www.pressenza.com\/es\/2014\/12\/minorias-etnicas-hong-kong-es-nuestro-hogar\/#primaryimage\"},\"thumbnailUrl\":\"https:\/\/www.pressenza.com\/wp-content\/uploads\/2014\/12\/hk.jpg\",\"datePublished\":\"2014-12-01T23:24:32+00:00\",\"description\":\"Declaraci\u00f3n de la comunidad de minor\u00edas \u00e9tnicas de Hong Kong, publicada a principios de este mes: Minor\u00edas \u00e9tnicas: Hong Kong es nuestro hogar -\",\"breadcrumb\":{\"@id\":\"https:\/\/www.pressenza.com\/es\/2014\/12\/minorias-etnicas-hong-kong-es-nuestro-hogar\/#breadcrumb\"},\"inLanguage\":\"es\",\"potentialAction\":[{\"@type\":\"ReadAction\",\"target\":[\"https:\/\/www.pressenza.com\/es\/2014\/12\/minorias-etnicas-hong-kong-es-nuestro-hogar\/\"]}]},{\"@type\":\"ImageObject\",\"inLanguage\":\"es\",\"@id\":\"https:\/\/www.pressenza.com\/es\/2014\/12\/minorias-etnicas-hong-kong-es-nuestro-hogar\/#primaryimage\",\"url\":\"https:\/\/www.pressenza.com\/wp-content\/uploads\/2014\/12\/hk.jpg\",\"contentUrl\":\"https:\/\/www.pressenza.com\/wp-content\/uploads\/2014\/12\/hk.jpg\",\"width\":737,\"height\":553},{\"@type\":\"BreadcrumbList\",\"@id\":\"https:\/\/www.pressenza.com\/es\/2014\/12\/minorias-etnicas-hong-kong-es-nuestro-hogar\/#breadcrumb\",\"itemListElement\":[{\"@type\":\"ListItem\",\"position\":1,\"name\":\"Accueil\",\"item\":\"https:\/\/www.pressenza.com\/es\/\"},{\"@type\":\"ListItem\",\"position\":2,\"name\":\"Minor\u00edas \u00e9tnicas: Hong Kong es nuestro hogar\"}]},{\"@type\":\"WebSite\",\"@id\":\"https:\/\/www.pressenza.com\/es\/#website\",\"url\":\"https:\/\/www.pressenza.com\/es\/\",\"name\":\"Pressenza\",\"description\":\"International Press Agency\",\"publisher\":{\"@id\":\"https:\/\/www.pressenza.com\/es\/#organization\"},\"potentialAction\":[{\"@type\":\"SearchAction\",\"target\":{\"@type\":\"EntryPoint\",\"urlTemplate\":\"https:\/\/www.pressenza.com\/es\/?s={search_term_string}\"},\"query-input\":{\"@type\":\"PropertyValueSpecification\",\"valueRequired\":true,\"valueName\":\"search_term_string\"}}],\"inLanguage\":\"es\"},{\"@type\":\"Organization\",\"@id\":\"https:\/\/www.pressenza.com\/es\/#organization\",\"name\":\"Pressenza\",\"url\":\"https:\/\/www.pressenza.com\/es\/\",\"logo\":{\"@type\":\"ImageObject\",\"inLanguage\":\"es\",\"@id\":\"https:\/\/www.pressenza.com\/es\/#\/schema\/logo\/image\/\",\"url\":\"https:\/\/www.pressenza.com\/wp-content\/uploads\/2022\/10\/pressenza_logo_200x200.jpg\",\"contentUrl\":\"https:\/\/www.pressenza.com\/wp-content\/uploads\/2022\/10\/pressenza_logo_200x200.jpg\",\"width\":200,\"height\":200,\"caption\":\"Pressenza\"},\"image\":{\"@id\":\"https:\/\/www.pressenza.com\/es\/#\/schema\/logo\/image\/\"},\"sameAs\":[\"https:\/\/www.facebook.com\/PressenzaItalia\",\"https:\/\/x.com\/PressenzaIPA\"]},{\"@type\":\"Person\",\"@id\":\"https:\/\/www.pressenza.com\/es\/#\/schema\/person\/eca962d6df6d2610e7fc9f68de7a2b87\",\"name\":\"Pressenza Hong Kong\",\"description\":\"News published by the Pressenza Bureau in Hong Kong\",\"sameAs\":[\"https:\/\/www.facebook.com\/PressenzaEnglish\/\",\"https:\/\/x.com\/PressenzaIPA\"],\"url\":\"https:\/\/www.pressenza.com\/es\/author\/pressenza-hong-kong\/\"}]}<\/script>\n<!-- \/ Yoast SEO plugin. -->","yoast_head_json":{"title":"Minor\u00edas \u00e9tnicas: Hong Kong es nuestro hogar","description":"Declaraci\u00f3n de la comunidad de minor\u00edas \u00e9tnicas de Hong Kong, publicada a principios de este mes: Minor\u00edas \u00e9tnicas: Hong Kong es nuestro hogar -","robots":{"index":"index","follow":"follow","max-snippet":"max-snippet:-1","max-image-preview":"max-image-preview:large","max-video-preview":"max-video-preview:-1"},"canonical":"https:\/\/www.pressenza.com\/es\/2014\/12\/minorias-etnicas-hong-kong-es-nuestro-hogar\/","og_locale":"es_ES","og_type":"article","og_title":"Minor\u00edas \u00e9tnicas: Hong Kong es nuestro hogar","og_description":"Declaraci\u00f3n de la comunidad de minor\u00edas \u00e9tnicas de Hong Kong, publicada a principios de este mes: Minor\u00edas \u00e9tnicas: Hong Kong es nuestro hogar -","og_url":"https:\/\/www.pressenza.com\/es\/2014\/12\/minorias-etnicas-hong-kong-es-nuestro-hogar\/","og_site_name":"Pressenza","article_publisher":"https:\/\/www.facebook.com\/PressenzaItalia","article_author":"https:\/\/www.facebook.com\/PressenzaEnglish\/","article_published_time":"2014-12-01T23:24:32+00:00","og_image":[{"width":737,"height":553,"url":"https:\/\/www.pressenza.com\/wp-content\/uploads\/2014\/12\/hk.jpg","type":"image\/jpeg"}],"author":"Pressenza Hong Kong","twitter_card":"summary_large_image","twitter_creator":"@PressenzaIPA","twitter_site":"@PressenzaIPA","twitter_misc":{"Escrito por":"Pressenza Hong Kong","Tiempo de lectura":"5 minutos"},"schema":{"@context":"https:\/\/schema.org","@graph":[{"@type":"Article","@id":"https:\/\/www.pressenza.com\/es\/2014\/12\/minorias-etnicas-hong-kong-es-nuestro-hogar\/#article","isPartOf":{"@id":"https:\/\/www.pressenza.com\/es\/2014\/12\/minorias-etnicas-hong-kong-es-nuestro-hogar\/"},"author":{"name":"Pressenza Hong Kong","@id":"https:\/\/www.pressenza.com\/es\/#\/schema\/person\/eca962d6df6d2610e7fc9f68de7a2b87"},"headline":"Minor\u00edas \u00e9tnicas: Hong Kong es nuestro hogar","datePublished":"2014-12-01T23:24:32+00:00","mainEntityOfPage":{"@id":"https:\/\/www.pressenza.com\/es\/2014\/12\/minorias-etnicas-hong-kong-es-nuestro-hogar\/"},"wordCount":1104,"publisher":{"@id":"https:\/\/www.pressenza.com\/es\/#organization"},"image":{"@id":"https:\/\/www.pressenza.com\/es\/2014\/12\/minorias-etnicas-hong-kong-es-nuestro-hogar\/#primaryimage"},"thumbnailUrl":"https:\/\/www.pressenza.com\/wp-content\/uploads\/2014\/12\/hk.jpg","articleSection":["Asia","Contenido Original","Diversidad"],"inLanguage":"es"},{"@type":"WebPage","@id":"https:\/\/www.pressenza.com\/es\/2014\/12\/minorias-etnicas-hong-kong-es-nuestro-hogar\/","url":"https:\/\/www.pressenza.com\/es\/2014\/12\/minorias-etnicas-hong-kong-es-nuestro-hogar\/","name":"Minor\u00edas \u00e9tnicas: Hong Kong es nuestro hogar","isPartOf":{"@id":"https:\/\/www.pressenza.com\/es\/#website"},"primaryImageOfPage":{"@id":"https:\/\/www.pressenza.com\/es\/2014\/12\/minorias-etnicas-hong-kong-es-nuestro-hogar\/#primaryimage"},"image":{"@id":"https:\/\/www.pressenza.com\/es\/2014\/12\/minorias-etnicas-hong-kong-es-nuestro-hogar\/#primaryimage"},"thumbnailUrl":"https:\/\/www.pressenza.com\/wp-content\/uploads\/2014\/12\/hk.jpg","datePublished":"2014-12-01T23:24:32+00:00","description":"Declaraci\u00f3n de la comunidad de minor\u00edas \u00e9tnicas de Hong Kong, publicada a principios de este mes: Minor\u00edas \u00e9tnicas: Hong Kong es nuestro hogar -","breadcrumb":{"@id":"https:\/\/www.pressenza.com\/es\/2014\/12\/minorias-etnicas-hong-kong-es-nuestro-hogar\/#breadcrumb"},"inLanguage":"es","potentialAction":[{"@type":"ReadAction","target":["https:\/\/www.pressenza.com\/es\/2014\/12\/minorias-etnicas-hong-kong-es-nuestro-hogar\/"]}]},{"@type":"ImageObject","inLanguage":"es","@id":"https:\/\/www.pressenza.com\/es\/2014\/12\/minorias-etnicas-hong-kong-es-nuestro-hogar\/#primaryimage","url":"https:\/\/www.pressenza.com\/wp-content\/uploads\/2014\/12\/hk.jpg","contentUrl":"https:\/\/www.pressenza.com\/wp-content\/uploads\/2014\/12\/hk.jpg","width":737,"height":553},{"@type":"BreadcrumbList","@id":"https:\/\/www.pressenza.com\/es\/2014\/12\/minorias-etnicas-hong-kong-es-nuestro-hogar\/#breadcrumb","itemListElement":[{"@type":"ListItem","position":1,"name":"Accueil","item":"https:\/\/www.pressenza.com\/es\/"},{"@type":"ListItem","position":2,"name":"Minor\u00edas \u00e9tnicas: Hong Kong es nuestro hogar"}]},{"@type":"WebSite","@id":"https:\/\/www.pressenza.com\/es\/#website","url":"https:\/\/www.pressenza.com\/es\/","name":"Pressenza","description":"International Press Agency","publisher":{"@id":"https:\/\/www.pressenza.com\/es\/#organization"},"potentialAction":[{"@type":"SearchAction","target":{"@type":"EntryPoint","urlTemplate":"https:\/\/www.pressenza.com\/es\/?s={search_term_string}"},"query-input":{"@type":"PropertyValueSpecification","valueRequired":true,"valueName":"search_term_string"}}],"inLanguage":"es"},{"@type":"Organization","@id":"https:\/\/www.pressenza.com\/es\/#organization","name":"Pressenza","url":"https:\/\/www.pressenza.com\/es\/","logo":{"@type":"ImageObject","inLanguage":"es","@id":"https:\/\/www.pressenza.com\/es\/#\/schema\/logo\/image\/","url":"https:\/\/www.pressenza.com\/wp-content\/uploads\/2022\/10\/pressenza_logo_200x200.jpg","contentUrl":"https:\/\/www.pressenza.com\/wp-content\/uploads\/2022\/10\/pressenza_logo_200x200.jpg","width":200,"height":200,"caption":"Pressenza"},"image":{"@id":"https:\/\/www.pressenza.com\/es\/#\/schema\/logo\/image\/"},"sameAs":["https:\/\/www.facebook.com\/PressenzaItalia","https:\/\/x.com\/PressenzaIPA"]},{"@type":"Person","@id":"https:\/\/www.pressenza.com\/es\/#\/schema\/person\/eca962d6df6d2610e7fc9f68de7a2b87","name":"Pressenza Hong Kong","description":"News published by the Pressenza Bureau in Hong Kong","sameAs":["https:\/\/www.facebook.com\/PressenzaEnglish\/","https:\/\/x.com\/PressenzaIPA"],"url":"https:\/\/www.pressenza.com\/es\/author\/pressenza-hong-kong\/"}]}},"place":"","original_article_url":"","_links":{"self":[{"href":"https:\/\/www.pressenza.com\/es\/wp-json\/wp\/v2\/posts\/151209","targetHints":{"allow":["GET"]}}],"collection":[{"href":"https:\/\/www.pressenza.com\/es\/wp-json\/wp\/v2\/posts"}],"about":[{"href":"https:\/\/www.pressenza.com\/es\/wp-json\/wp\/v2\/types\/post"}],"author":[{"embeddable":true,"href":"https:\/\/www.pressenza.com\/es\/wp-json\/wp\/v2\/users\/1015"}],"replies":[{"embeddable":true,"href":"https:\/\/www.pressenza.com\/es\/wp-json\/wp\/v2\/comments?post=151209"}],"version-history":[{"count":0,"href":"https:\/\/www.pressenza.com\/es\/wp-json\/wp\/v2\/posts\/151209\/revisions"}],"wp:featuredmedia":[{"embeddable":true,"href":"https:\/\/www.pressenza.com\/es\/wp-json\/wp\/v2\/media\/151210"}],"wp:attachment":[{"href":"https:\/\/www.pressenza.com\/es\/wp-json\/wp\/v2\/media?parent=151209"}],"wp:term":[{"taxonomy":"category","embeddable":true,"href":"https:\/\/www.pressenza.com\/es\/wp-json\/wp\/v2\/categories?post=151209"},{"taxonomy":"post_tag","embeddable":true,"href":"https:\/\/www.pressenza.com\/es\/wp-json\/wp\/v2\/tags?post=151209"}],"curies":[{"name":"wp","href":"https:\/\/api.w.org\/{rel}","templated":true}]}}