{"id":1510711,"date":"2022-01-27T13:24:20","date_gmt":"2022-01-27T13:24:20","guid":{"rendered":"https:\/\/www.pressenza.com\/?p=1510711"},"modified":"2022-01-27T13:24:20","modified_gmt":"2022-01-27T13:24:20","slug":"renta-basica-universal-video-con-juana-perez","status":"publish","type":"post","link":"https:\/\/www.pressenza.com\/es\/2022\/01\/renta-basica-universal-video-con-juana-perez\/","title":{"rendered":"Renta B\u00e1sica Universal, v\u00eddeo con Juana P\u00e9rez"},"content":{"rendered":"<p>En el contexto de la primera reuni\u00f3n internacional virtual de nuestra agencia Pressenza este a\u00f1o, la periodista espa\u00f1ola Juana P\u00e9rez coment\u00f3 el tema al que hemos dado prioridad editorial en todos los nueve idiomas con que trabajamos, de la Renta B\u00e1sica Universal.<\/p>\n<p>Ac\u00e1 publicamos el v\u00eddeo con su intervenci\u00f3n completa:<\/p>\n<p>&nbsp;<\/p>\n<p><iframe loading=\"lazy\" title=\"juana p\u00e9rez RBU\" width=\"500\" height=\"281\" src=\"https:\/\/www.youtube.com\/embed\/E1GVZ7iBkOE?feature=oembed\" frameborder=\"0\" allow=\"accelerometer; autoplay; clipboard-write; encrypted-media; gyroscope; picture-in-picture; web-share\" referrerpolicy=\"strict-origin-when-cross-origin\" allowfullscreen><\/iframe><\/p>\n","protected":false},"excerpt":{"rendered":"<p>En el contexto de la primera reuni\u00f3n internacional virtual de nuestra agencia Pressenza este a\u00f1o, la periodista espa\u00f1ola Juana P\u00e9rez coment\u00f3 el tema al que hemos dado prioridad editorial en todos los nueve idiomas con que trabajamos, de la Renta&hellip;<\/p>\n","protected":false},"author":1681,"featured_media":1510714,"comment_status":"closed","ping_status":"closed","sticky":false,"template":"","format":"standard","meta":{"footnotes":""},"categories":[11389,81,66,25678],"tags":[96189,11929],"class_list":["post-1510711","post","type-post","status-publish","format-standard","has-post-thumbnail","hentry","category-contenido-original","category-economia-es","category-europa-es","category-video-es","tag-juana-perez-es","tag-renta-basica-universal"],"yoast_head":"<!-- This site is optimized with the Yoast SEO plugin v27.1.1 - https:\/\/yoast.com\/product\/yoast-seo-wordpress\/ -->\n<title>Renta B\u00e1sica Universal, v\u00eddeo con Juana P\u00e9rez<\/title>\n<meta name=\"description\" content=\"En el contexto de la primera reuni\u00f3n internacional virtual de nuestra agencia Pressenza este a\u00f1o, la periodista espa\u00f1ola Juana P\u00e9rez coment\u00f3 el tema al\" \/>\n<meta name=\"robots\" content=\"index, follow, max-snippet:-1, max-image-preview:large, max-video-preview:-1\" \/>\n<link rel=\"canonical\" href=\"https:\/\/www.pressenza.com\/es\/2022\/01\/renta-basica-universal-video-con-juana-perez\/\" \/>\n<meta property=\"og:locale\" content=\"es_ES\" \/>\n<meta property=\"og:type\" content=\"article\" \/>\n<meta property=\"og:title\" content=\"Renta B\u00e1sica Universal, v\u00eddeo con Juana P\u00e9rez\" \/>\n<meta property=\"og:description\" content=\"En el contexto de la primera reuni\u00f3n internacional virtual de nuestra agencia Pressenza este a\u00f1o, la periodista espa\u00f1ola Juana P\u00e9rez coment\u00f3 el tema al\" \/>\n<meta property=\"og:url\" content=\"https:\/\/www.pressenza.com\/es\/2022\/01\/renta-basica-universal-video-con-juana-perez\/\" \/>\n<meta property=\"og:site_name\" content=\"Pressenza\" \/>\n<meta property=\"article:publisher\" content=\"https:\/\/www.facebook.com\/PressenzaItalia\" \/>\n<meta property=\"article:published_time\" content=\"2022-01-27T13:24:20+00:00\" \/>\n<meta property=\"og:image\" content=\"https:\/\/www.pressenza.com\/wp-content\/uploads\/2022\/01\/5a29b93d0538f4a5a6d93cf1dbf312fb_XL.jpg\" \/>\n\t<meta property=\"og:image:width\" content=\"900\" \/>\n\t<meta property=\"og:image:height\" content=\"675\" \/>\n\t<meta property=\"og:image:type\" content=\"image\/jpeg\" \/>\n<meta name=\"author\" content=\"Redacci\u00f3n Espa\u00f1a\" \/>\n<meta name=\"twitter:card\" content=\"summary_large_image\" \/>\n<meta name=\"twitter:creator\" content=\"@PressenzaIPA\" \/>\n<meta name=\"twitter:site\" content=\"@PressenzaIPA\" \/>\n<meta name=\"twitter:label1\" content=\"Escrito por\" \/>\n\t<meta name=\"twitter:data1\" content=\"Redacci\u00f3n Espa\u00f1a\" \/>\n<script type=\"application\/ld+json\" class=\"yoast-schema-graph\">{\"@context\":\"https:\/\/schema.org\",\"@graph\":[{\"@type\":\"Article\",\"@id\":\"https:\/\/www.pressenza.com\/es\/2022\/01\/renta-basica-universal-video-con-juana-perez\/#article\",\"isPartOf\":{\"@id\":\"https:\/\/www.pressenza.com\/es\/2022\/01\/renta-basica-universal-video-con-juana-perez\/\"},\"author\":{\"name\":\"Redacci\u00f3n Espa\u00f1a\",\"@id\":\"https:\/\/www.pressenza.com\/es\/#\/schema\/person\/fffbbe2f14495897417f313a954dae23\"},\"headline\":\"Renta B\u00e1sica Universal, v\u00eddeo con Juana P\u00e9rez\",\"datePublished\":\"2022-01-27T13:24:20+00:00\",\"mainEntityOfPage\":{\"@id\":\"https:\/\/www.pressenza.com\/es\/2022\/01\/renta-basica-universal-video-con-juana-perez\/\"},\"wordCount\":74,\"publisher\":{\"@id\":\"https:\/\/www.pressenza.com\/es\/#organization\"},\"image\":{\"@id\":\"https:\/\/www.pressenza.com\/es\/2022\/01\/renta-basica-universal-video-con-juana-perez\/#primaryimage\"},\"thumbnailUrl\":\"https:\/\/www.pressenza.com\/wp-content\/uploads\/2022\/01\/5a29b93d0538f4a5a6d93cf1dbf312fb_XL.jpg\",\"keywords\":[\"Juana Perez\",\"Renta B\u00e1sica Universal\"],\"articleSection\":[\"Contenido Original\",\"Econom\u00eda\",\"Europa\",\"Video\"],\"inLanguage\":\"es\"},{\"@type\":\"WebPage\",\"@id\":\"https:\/\/www.pressenza.com\/es\/2022\/01\/renta-basica-universal-video-con-juana-perez\/\",\"url\":\"https:\/\/www.pressenza.com\/es\/2022\/01\/renta-basica-universal-video-con-juana-perez\/\",\"name\":\"Renta B\u00e1sica Universal, v\u00eddeo con Juana P\u00e9rez\",\"isPartOf\":{\"@id\":\"https:\/\/www.pressenza.com\/es\/#website\"},\"primaryImageOfPage\":{\"@id\":\"https:\/\/www.pressenza.com\/es\/2022\/01\/renta-basica-universal-video-con-juana-perez\/#primaryimage\"},\"image\":{\"@id\":\"https:\/\/www.pressenza.com\/es\/2022\/01\/renta-basica-universal-video-con-juana-perez\/#primaryimage\"},\"thumbnailUrl\":\"https:\/\/www.pressenza.com\/wp-content\/uploads\/2022\/01\/5a29b93d0538f4a5a6d93cf1dbf312fb_XL.jpg\",\"datePublished\":\"2022-01-27T13:24:20+00:00\",\"description\":\"En el contexto de la primera reuni\u00f3n internacional virtual de nuestra agencia Pressenza este a\u00f1o, la periodista espa\u00f1ola Juana P\u00e9rez coment\u00f3 el tema al\",\"breadcrumb\":{\"@id\":\"https:\/\/www.pressenza.com\/es\/2022\/01\/renta-basica-universal-video-con-juana-perez\/#breadcrumb\"},\"inLanguage\":\"es\",\"potentialAction\":[{\"@type\":\"ReadAction\",\"target\":[\"https:\/\/www.pressenza.com\/es\/2022\/01\/renta-basica-universal-video-con-juana-perez\/\"]}]},{\"@type\":\"ImageObject\",\"inLanguage\":\"es\",\"@id\":\"https:\/\/www.pressenza.com\/es\/2022\/01\/renta-basica-universal-video-con-juana-perez\/#primaryimage\",\"url\":\"https:\/\/www.pressenza.com\/wp-content\/uploads\/2022\/01\/5a29b93d0538f4a5a6d93cf1dbf312fb_XL.jpg\",\"contentUrl\":\"https:\/\/www.pressenza.com\/wp-content\/uploads\/2022\/01\/5a29b93d0538f4a5a6d93cf1dbf312fb_XL.jpg\",\"width\":900,\"height\":675,\"caption\":\"desdeabajo.info\"},{\"@type\":\"BreadcrumbList\",\"@id\":\"https:\/\/www.pressenza.com\/es\/2022\/01\/renta-basica-universal-video-con-juana-perez\/#breadcrumb\",\"itemListElement\":[{\"@type\":\"ListItem\",\"position\":1,\"name\":\"Accueil\",\"item\":\"https:\/\/www.pressenza.com\/es\/\"},{\"@type\":\"ListItem\",\"position\":2,\"name\":\"Renta B\u00e1sica Universal, v\u00eddeo con Juana P\u00e9rez\"}]},{\"@type\":\"WebSite\",\"@id\":\"https:\/\/www.pressenza.com\/es\/#website\",\"url\":\"https:\/\/www.pressenza.com\/es\/\",\"name\":\"Pressenza\",\"description\":\"International Press Agency\",\"publisher\":{\"@id\":\"https:\/\/www.pressenza.com\/es\/#organization\"},\"potentialAction\":[{\"@type\":\"SearchAction\",\"target\":{\"@type\":\"EntryPoint\",\"urlTemplate\":\"https:\/\/www.pressenza.com\/es\/?s={search_term_string}\"},\"query-input\":{\"@type\":\"PropertyValueSpecification\",\"valueRequired\":true,\"valueName\":\"search_term_string\"}}],\"inLanguage\":\"es\"},{\"@type\":\"Organization\",\"@id\":\"https:\/\/www.pressenza.com\/es\/#organization\",\"name\":\"Pressenza\",\"url\":\"https:\/\/www.pressenza.com\/es\/\",\"logo\":{\"@type\":\"ImageObject\",\"inLanguage\":\"es\",\"@id\":\"https:\/\/www.pressenza.com\/es\/#\/schema\/logo\/image\/\",\"url\":\"https:\/\/www.pressenza.com\/wp-content\/uploads\/2022\/10\/pressenza_logo_200x200.jpg\",\"contentUrl\":\"https:\/\/www.pressenza.com\/wp-content\/uploads\/2022\/10\/pressenza_logo_200x200.jpg\",\"width\":200,\"height\":200,\"caption\":\"Pressenza\"},\"image\":{\"@id\":\"https:\/\/www.pressenza.com\/es\/#\/schema\/logo\/image\/\"},\"sameAs\":[\"https:\/\/www.facebook.com\/PressenzaItalia\",\"https:\/\/x.com\/PressenzaIPA\"]},{\"@type\":\"Person\",\"@id\":\"https:\/\/www.pressenza.com\/es\/#\/schema\/person\/fffbbe2f14495897417f313a954dae23\",\"name\":\"Redacci\u00f3n Espa\u00f1a\",\"url\":\"https:\/\/www.pressenza.com\/es\/author\/redaccion-espana\/\"}]}<\/script>\n<!-- \/ Yoast SEO plugin. -->","yoast_head_json":{"title":"Renta B\u00e1sica Universal, v\u00eddeo con Juana P\u00e9rez","description":"En el contexto de la primera reuni\u00f3n internacional virtual de nuestra agencia Pressenza este a\u00f1o, la periodista espa\u00f1ola Juana P\u00e9rez coment\u00f3 el tema al","robots":{"index":"index","follow":"follow","max-snippet":"max-snippet:-1","max-image-preview":"max-image-preview:large","max-video-preview":"max-video-preview:-1"},"canonical":"https:\/\/www.pressenza.com\/es\/2022\/01\/renta-basica-universal-video-con-juana-perez\/","og_locale":"es_ES","og_type":"article","og_title":"Renta B\u00e1sica Universal, v\u00eddeo con Juana P\u00e9rez","og_description":"En el contexto de la primera reuni\u00f3n internacional virtual de nuestra agencia Pressenza este a\u00f1o, la periodista espa\u00f1ola Juana P\u00e9rez coment\u00f3 el tema al","og_url":"https:\/\/www.pressenza.com\/es\/2022\/01\/renta-basica-universal-video-con-juana-perez\/","og_site_name":"Pressenza","article_publisher":"https:\/\/www.facebook.com\/PressenzaItalia","article_published_time":"2022-01-27T13:24:20+00:00","og_image":[{"width":900,"height":675,"url":"https:\/\/www.pressenza.com\/wp-content\/uploads\/2022\/01\/5a29b93d0538f4a5a6d93cf1dbf312fb_XL.jpg","type":"image\/jpeg"}],"author":"Redacci\u00f3n Espa\u00f1a","twitter_card":"summary_large_image","twitter_creator":"@PressenzaIPA","twitter_site":"@PressenzaIPA","twitter_misc":{"Escrito por":"Redacci\u00f3n Espa\u00f1a"},"schema":{"@context":"https:\/\/schema.org","@graph":[{"@type":"Article","@id":"https:\/\/www.pressenza.com\/es\/2022\/01\/renta-basica-universal-video-con-juana-perez\/#article","isPartOf":{"@id":"https:\/\/www.pressenza.com\/es\/2022\/01\/renta-basica-universal-video-con-juana-perez\/"},"author":{"name":"Redacci\u00f3n Espa\u00f1a","@id":"https:\/\/www.pressenza.com\/es\/#\/schema\/person\/fffbbe2f14495897417f313a954dae23"},"headline":"Renta B\u00e1sica Universal, v\u00eddeo con Juana P\u00e9rez","datePublished":"2022-01-27T13:24:20+00:00","mainEntityOfPage":{"@id":"https:\/\/www.pressenza.com\/es\/2022\/01\/renta-basica-universal-video-con-juana-perez\/"},"wordCount":74,"publisher":{"@id":"https:\/\/www.pressenza.com\/es\/#organization"},"image":{"@id":"https:\/\/www.pressenza.com\/es\/2022\/01\/renta-basica-universal-video-con-juana-perez\/#primaryimage"},"thumbnailUrl":"https:\/\/www.pressenza.com\/wp-content\/uploads\/2022\/01\/5a29b93d0538f4a5a6d93cf1dbf312fb_XL.jpg","keywords":["Juana Perez","Renta B\u00e1sica Universal"],"articleSection":["Contenido Original","Econom\u00eda","Europa","Video"],"inLanguage":"es"},{"@type":"WebPage","@id":"https:\/\/www.pressenza.com\/es\/2022\/01\/renta-basica-universal-video-con-juana-perez\/","url":"https:\/\/www.pressenza.com\/es\/2022\/01\/renta-basica-universal-video-con-juana-perez\/","name":"Renta B\u00e1sica Universal, v\u00eddeo con Juana P\u00e9rez","isPartOf":{"@id":"https:\/\/www.pressenza.com\/es\/#website"},"primaryImageOfPage":{"@id":"https:\/\/www.pressenza.com\/es\/2022\/01\/renta-basica-universal-video-con-juana-perez\/#primaryimage"},"image":{"@id":"https:\/\/www.pressenza.com\/es\/2022\/01\/renta-basica-universal-video-con-juana-perez\/#primaryimage"},"thumbnailUrl":"https:\/\/www.pressenza.com\/wp-content\/uploads\/2022\/01\/5a29b93d0538f4a5a6d93cf1dbf312fb_XL.jpg","datePublished":"2022-01-27T13:24:20+00:00","description":"En el contexto de la primera reuni\u00f3n internacional virtual de nuestra agencia Pressenza este a\u00f1o, la periodista espa\u00f1ola Juana P\u00e9rez coment\u00f3 el tema al","breadcrumb":{"@id":"https:\/\/www.pressenza.com\/es\/2022\/01\/renta-basica-universal-video-con-juana-perez\/#breadcrumb"},"inLanguage":"es","potentialAction":[{"@type":"ReadAction","target":["https:\/\/www.pressenza.com\/es\/2022\/01\/renta-basica-universal-video-con-juana-perez\/"]}]},{"@type":"ImageObject","inLanguage":"es","@id":"https:\/\/www.pressenza.com\/es\/2022\/01\/renta-basica-universal-video-con-juana-perez\/#primaryimage","url":"https:\/\/www.pressenza.com\/wp-content\/uploads\/2022\/01\/5a29b93d0538f4a5a6d93cf1dbf312fb_XL.jpg","contentUrl":"https:\/\/www.pressenza.com\/wp-content\/uploads\/2022\/01\/5a29b93d0538f4a5a6d93cf1dbf312fb_XL.jpg","width":900,"height":675,"caption":"desdeabajo.info"},{"@type":"BreadcrumbList","@id":"https:\/\/www.pressenza.com\/es\/2022\/01\/renta-basica-universal-video-con-juana-perez\/#breadcrumb","itemListElement":[{"@type":"ListItem","position":1,"name":"Accueil","item":"https:\/\/www.pressenza.com\/es\/"},{"@type":"ListItem","position":2,"name":"Renta B\u00e1sica Universal, v\u00eddeo con Juana P\u00e9rez"}]},{"@type":"WebSite","@id":"https:\/\/www.pressenza.com\/es\/#website","url":"https:\/\/www.pressenza.com\/es\/","name":"Pressenza","description":"International Press Agency","publisher":{"@id":"https:\/\/www.pressenza.com\/es\/#organization"},"potentialAction":[{"@type":"SearchAction","target":{"@type":"EntryPoint","urlTemplate":"https:\/\/www.pressenza.com\/es\/?s={search_term_string}"},"query-input":{"@type":"PropertyValueSpecification","valueRequired":true,"valueName":"search_term_string"}}],"inLanguage":"es"},{"@type":"Organization","@id":"https:\/\/www.pressenza.com\/es\/#organization","name":"Pressenza","url":"https:\/\/www.pressenza.com\/es\/","logo":{"@type":"ImageObject","inLanguage":"es","@id":"https:\/\/www.pressenza.com\/es\/#\/schema\/logo\/image\/","url":"https:\/\/www.pressenza.com\/wp-content\/uploads\/2022\/10\/pressenza_logo_200x200.jpg","contentUrl":"https:\/\/www.pressenza.com\/wp-content\/uploads\/2022\/10\/pressenza_logo_200x200.jpg","width":200,"height":200,"caption":"Pressenza"},"image":{"@id":"https:\/\/www.pressenza.com\/es\/#\/schema\/logo\/image\/"},"sameAs":["https:\/\/www.facebook.com\/PressenzaItalia","https:\/\/x.com\/PressenzaIPA"]},{"@type":"Person","@id":"https:\/\/www.pressenza.com\/es\/#\/schema\/person\/fffbbe2f14495897417f313a954dae23","name":"Redacci\u00f3n Espa\u00f1a","url":"https:\/\/www.pressenza.com\/es\/author\/redaccion-espana\/"}]}},"place":"Madrid, Espa\u00f1a","original_article_url":"","_links":{"self":[{"href":"https:\/\/www.pressenza.com\/es\/wp-json\/wp\/v2\/posts\/1510711","targetHints":{"allow":["GET"]}}],"collection":[{"href":"https:\/\/www.pressenza.com\/es\/wp-json\/wp\/v2\/posts"}],"about":[{"href":"https:\/\/www.pressenza.com\/es\/wp-json\/wp\/v2\/types\/post"}],"author":[{"embeddable":true,"href":"https:\/\/www.pressenza.com\/es\/wp-json\/wp\/v2\/users\/1681"}],"replies":[{"embeddable":true,"href":"https:\/\/www.pressenza.com\/es\/wp-json\/wp\/v2\/comments?post=1510711"}],"version-history":[{"count":0,"href":"https:\/\/www.pressenza.com\/es\/wp-json\/wp\/v2\/posts\/1510711\/revisions"}],"wp:featuredmedia":[{"embeddable":true,"href":"https:\/\/www.pressenza.com\/es\/wp-json\/wp\/v2\/media\/1510714"}],"wp:attachment":[{"href":"https:\/\/www.pressenza.com\/es\/wp-json\/wp\/v2\/media?parent=1510711"}],"wp:term":[{"taxonomy":"category","embeddable":true,"href":"https:\/\/www.pressenza.com\/es\/wp-json\/wp\/v2\/categories?post=1510711"},{"taxonomy":"post_tag","embeddable":true,"href":"https:\/\/www.pressenza.com\/es\/wp-json\/wp\/v2\/tags?post=1510711"}],"curies":[{"name":"wp","href":"https:\/\/api.w.org\/{rel}","templated":true}]}}