{"id":1510299,"date":"2022-01-27T19:27:15","date_gmt":"2022-01-27T19:27:15","guid":{"rendered":"https:\/\/www.pressenza.com\/?p=1510299"},"modified":"2022-01-26T19:27:46","modified_gmt":"2022-01-26T19:27:46","slug":"espana-familiares-de-personas-presas-reclaman-mayor-control-sobre-medicacion-tras-ultimas-muertes","status":"publish","type":"post","link":"https:\/\/www.pressenza.com\/es\/2022\/01\/espana-familiares-de-personas-presas-reclaman-mayor-control-sobre-medicacion-tras-ultimas-muertes\/","title":{"rendered":"Espa\u00f1a: Familiares de personas presas reclaman mayor control sobre medicaci\u00f3n tras \u00faltimas muertes"},"content":{"rendered":"<p style=\"padding-left: 40px;\"><em>Constatan que muchas personas internas no tienen la capacidad de suministrarse su propia medicaci\u00f3n<\/em><\/p>\n<p style=\"padding-left: 40px;\"><em>Consideran \u201calarmante y absolutamente precaria\u201d la atenci\u00f3n sanitaria y piden un aumento de la plantilla en los servicios m\u00e9dicos<\/em><\/p>\n<p><strong>\u00a0<\/strong><\/p>\n<p>La Asamblea de Familiares de Personas Presas de la Asociaci\u00f3n Pro Derechos Humanos de Andaluc\u00eda (APDHA) han elaborado una queja que se ha presentado el pasado viernes a la Secretar\u00eda General de Instituciones Penitenciarias (SGIP), en la que piden aumentar el control sobre la expedici\u00f3n sin control de f\u00e1rmacos dentro de prisi\u00f3n, que est\u00e1 produciendo un elevado n\u00famero de muertes por sobredosis en los centros penitenciarios.<\/p>\n<p>La queja surge a ra\u00edz del fallecimiento de al menos tres personas, seg\u00fan las familias, en menos de un mes en el centro penitenciario de Mor\u00f3n de la Frontera (Sevilla). Las madres y familiares de estas personas comprenden que cada persona privada de libertad es responsable de sus actos y que a cada una se le informa e indica c\u00f3mo debe tomar la medicaci\u00f3n, sin embargo, \u201cconstatamos que <strong>hay personas internas que no tienen la capacidad de suministrarse su propia medicaci\u00f3n<\/strong>, ya que se la toman toda de golpe o la venden en el patio, lo que supone un problema bastante grave, porque muchos la compran sin saber que una administraci\u00f3n inadecuada de la medicaci\u00f3n les puede costar su vida\u201d.<\/p>\n<p>A\u00f1aden los familiares que <strong>muchas personas presas presentan problemas de salud mental<\/strong> (el 40% seg\u00fan el <a href=\"https:\/\/consaludmental.org\/centro-documentacion\/informe-derechos-humanos-salud-mental-prision\/\" data-saferedirecturl=\"https:\/\/www.google.com\/url?q=https:\/\/consaludmental.org\/centro-documentacion\/informe-derechos-humanos-salud-mental-prision\/&amp;source=gmail&amp;ust=1643310712167000&amp;usg=AOvVaw2OQeYHX__uG9VP24F7831i\"><strong>\u00faltimo estudio de la Asociaci\u00f3n \u00c1mbit<\/strong><\/a>) o bien patolog\u00eda dual, enfermedad mental y drogadicci\u00f3n, lo que impide se encuentren en disposici\u00f3n de suministrarse su propia medicaci\u00f3n. Denuncian que \u201c<strong>no se tiene control sobre los f\u00e1rmacos que se dispensan<\/strong>, y mucho menos con la especialmente peligrosa, como la metadona y los psicof\u00e1rmacos, dejando a la suerte de los propios internos la dispensaci\u00f3n de la misma\u201d.<\/p>\n<p>Los <a href=\"https:\/\/www.defensordelpueblo.es\/wp-content\/uploads\/2021\/06\/Informe_2020_MNP.pdf\" data-saferedirecturl=\"https:\/\/www.google.com\/url?q=https:\/\/www.defensordelpueblo.es\/wp-content\/uploads\/2021\/06\/Informe_2020_MNP.pdf&amp;source=gmail&amp;ust=1643310712167000&amp;usg=AOvVaw3UjIexy-di4XdFuTUgihoz\"><strong>datos del Mecanismo Nacional para la Prevenci\u00f3n de la Tortura<\/strong><\/a> <strong>(MNPT)<\/strong> desvelan que <strong>en 2020 <\/strong>(\u00faltimo a\u00f1o del que se disponen datos)<strong> 204 personas fallecieron dentro de los centros penitenciarios <\/strong>dependientes de la SGIP. Por ahora, no se disponen de los datos desagregados por causa de la muerte ya que Instituciones Penitenciarias a\u00fan no ha publicado su informe general correspondiente a los dos \u00faltimos a\u00f1os.<\/p>\n<p>Adem\u00e1s, seg\u00fan indican las familias, <strong>es frecuente que la medicaci\u00f3n se recete sin previo diagn\u00f3stico de un profesional cualificado,<\/strong> debido -entre otros motivos- a la falta de personal y a la necesidad urgente de que se renueven y ampl\u00eden las plantillas de los servicios de asistencia sanitaria, que se encuentran en una situaci\u00f3n \u201calarmante y absolutamente precaria\u201d. As\u00ed lo evidencian los \u00faltimos datos del Comit\u00e9 para la Prevenci\u00f3n de la Tortura del Consejo de Europa (CPT) en su <a href=\"https:\/\/rm.coe.int\/1680a47a78\" data-saferedirecturl=\"https:\/\/www.google.com\/url?q=https:\/\/rm.coe.int\/1680a47a78&amp;source=gmail&amp;ust=1643310712167000&amp;usg=AOvVaw3hUX5BR-j6Tr_zzwqxoccl\"><strong>informe publicado en el a\u00f1o 2021<\/strong><\/a>, que sostiene que \u201cel acceso a la atenci\u00f3n psiqui\u00e1trica de los presos sigue siendo inadecuado\u201d.<\/p>\n<p>El CPT advierte respecto a la atenci\u00f3n psiqui\u00e1trica dentro de prisi\u00f3n que \u201c<strong>es evidente que este modelo no est\u00e1 funcionando correctamente y que los presos con una enfermedad mental no est\u00e1n recibiendo el tratamiento que necesitan<\/strong>\u201d. Es por ello que, en la queja, solicitan el aumento de la plantilla de los servicios m\u00e9dicos con el objetivo de que las personas presas vean respetado su derecho a la salud, un derecho desde hace a\u00f1os se est\u00e1 viendo vulnerado y que con demasiada frecuencia acaba con la muerte de la persona privada de libertad. En concreto, demandan aumentar la atenci\u00f3n psiqui\u00e1trica a trav\u00e9s de conciertos con el Servicio Andaluz de Salud, y transitoriamente, y hasta que esto se logre, aumentar las horas de psiquiatra contratado, permiti\u00e9ndole un m\u00ednimo de <strong>30 minutos por cada atenci\u00f3n, como ocurre en los sistemas de agenda electr\u00f3nica en los centros de salud mental para la poblaci\u00f3n general<\/strong>\u201d. Y, adem\u00e1s, generar alternativas terap\u00e9uticas al consumo de medicamentos, tal como sugiri\u00f3 el MNTP, para el manejo de la ansiedad, h\u00e1bitos de sue\u00f1o, mayor actividad f\u00edsica y laboral.<\/p>\n<p>En su \u00faltimo informe, el CPT advirti\u00f3 que \u201clas personas con un trastorno mental que requieran tratamiento y atenci\u00f3n psiqui\u00e1trica continuada y\/o aguda <strong>no deben ser retenidas en prisi\u00f3n, sino trasladadas a un centro sanitario adecuado<\/strong>. En el caso de Espa\u00f1a, deber\u00edan ser los hospitales psiqui\u00e1tricos penitenciarios de Alicante y Sevilla. Sin embargo, <strong>es<\/strong><strong>tos hospitales no ofrecen actualmente el tratamiento y las condiciones adecuadas para las personas con trastornos mentales graves<\/strong>; tampoco tienen capacidad para admitir a m\u00e1s pacientes procedentes de las prisiones\u201d. Por ello, las familias de las personas presas reclaman que se traslade a m\u00f3dulos especializados a aquellas personas presas que sufren problemas psiqui\u00e1tricos y drogodependencias.<\/p>\n","protected":false},"excerpt":{"rendered":"<p>Constatan que muchas personas internas no tienen la capacidad de suministrarse su propia medicaci\u00f3n Consideran \u201calarmante y absolutamente precaria\u201d la atenci\u00f3n sanitaria y piden un aumento de la plantilla en los servicios m\u00e9dicos \u00a0 La Asamblea de Familiares de Personas&hellip;<\/p>\n","protected":false},"author":1542,"featured_media":1510304,"comment_status":"closed","ping_status":"closed","sticky":false,"template":"","format":"standard","meta":{"footnotes":""},"categories":[149,79,66,1239],"tags":[23133],"class_list":["post-1510299","post","type-post","status-publish","format-standard","has-post-thumbnail","hentry","category-comunicados-de-prensa","category-derechos-humanos","category-europa-es","category-salud","tag-prisiones"],"yoast_head":"<!-- This site is optimized with the Yoast SEO plugin v27.1.1 - https:\/\/yoast.com\/product\/yoast-seo-wordpress\/ -->\n<title>Espa\u00f1a: Familiares de personas presas reclaman mayor control sobre medicaci\u00f3n tras \u00faltimas muertes<\/title>\n<meta name=\"description\" content=\"Constatan que muchas personas internas no tienen la capacidad de suministrarse su propia medicaci\u00f3n Consideran \u201calarmante y absolutamente precaria\u201d la\" \/>\n<meta name=\"robots\" content=\"index, follow, max-snippet:-1, max-image-preview:large, max-video-preview:-1\" \/>\n<link rel=\"canonical\" href=\"https:\/\/www.pressenza.com\/es\/2022\/01\/espana-familiares-de-personas-presas-reclaman-mayor-control-sobre-medicacion-tras-ultimas-muertes\/\" \/>\n<meta property=\"og:locale\" content=\"es_ES\" \/>\n<meta property=\"og:type\" content=\"article\" \/>\n<meta property=\"og:title\" content=\"Espa\u00f1a: Familiares de personas presas reclaman mayor control sobre medicaci\u00f3n tras \u00faltimas muertes\" \/>\n<meta property=\"og:description\" content=\"Constatan que muchas personas internas no tienen la capacidad de suministrarse su propia medicaci\u00f3n Consideran \u201calarmante y absolutamente precaria\u201d la\" \/>\n<meta property=\"og:url\" content=\"https:\/\/www.pressenza.com\/es\/2022\/01\/espana-familiares-de-personas-presas-reclaman-mayor-control-sobre-medicacion-tras-ultimas-muertes\/\" \/>\n<meta property=\"og:site_name\" content=\"Pressenza\" \/>\n<meta property=\"article:publisher\" content=\"https:\/\/www.facebook.com\/PressenzaItalia\" \/>\n<meta property=\"article:published_time\" content=\"2022-01-27T19:27:15+00:00\" \/>\n<meta property=\"og:image\" content=\"https:\/\/www.pressenza.com\/wp-content\/uploads\/2022\/01\/dignidad-personas-presas.jpg\" \/>\n\t<meta property=\"og:image:width\" content=\"1280\" \/>\n\t<meta property=\"og:image:height\" content=\"960\" \/>\n\t<meta property=\"og:image:type\" content=\"image\/jpeg\" \/>\n<meta name=\"author\" content=\"Asociaci\u00f3n Pro Derechos Humanos de Andaluc\u00eda (APDHA)\" \/>\n<meta name=\"twitter:card\" content=\"summary_large_image\" \/>\n<meta name=\"twitter:creator\" content=\"@PressenzaIPA\" \/>\n<meta name=\"twitter:site\" content=\"@PressenzaIPA\" \/>\n<meta name=\"twitter:label1\" content=\"Escrito por\" \/>\n\t<meta name=\"twitter:data1\" content=\"Asociaci\u00f3n Pro Derechos Humanos de Andaluc\u00eda (APDHA)\" \/>\n\t<meta name=\"twitter:label2\" content=\"Tiempo de lectura\" \/>\n\t<meta name=\"twitter:data2\" content=\"4 minutos\" \/>\n<script type=\"application\/ld+json\" class=\"yoast-schema-graph\">{\"@context\":\"https:\/\/schema.org\",\"@graph\":[{\"@type\":\"Article\",\"@id\":\"https:\/\/www.pressenza.com\/es\/2022\/01\/espana-familiares-de-personas-presas-reclaman-mayor-control-sobre-medicacion-tras-ultimas-muertes\/#article\",\"isPartOf\":{\"@id\":\"https:\/\/www.pressenza.com\/es\/2022\/01\/espana-familiares-de-personas-presas-reclaman-mayor-control-sobre-medicacion-tras-ultimas-muertes\/\"},\"author\":{\"name\":\"Asociaci\u00f3n Pro Derechos Humanos de Andaluc\u00eda (APDHA)\",\"@id\":\"https:\/\/www.pressenza.com\/es\/#\/schema\/person\/56539d338f9dde4fe54c8771b432ed21\"},\"headline\":\"Espa\u00f1a: Familiares de personas presas reclaman mayor control sobre medicaci\u00f3n tras \u00faltimas muertes\",\"datePublished\":\"2022-01-27T19:27:15+00:00\",\"mainEntityOfPage\":{\"@id\":\"https:\/\/www.pressenza.com\/es\/2022\/01\/espana-familiares-de-personas-presas-reclaman-mayor-control-sobre-medicacion-tras-ultimas-muertes\/\"},\"wordCount\":832,\"publisher\":{\"@id\":\"https:\/\/www.pressenza.com\/es\/#organization\"},\"image\":{\"@id\":\"https:\/\/www.pressenza.com\/es\/2022\/01\/espana-familiares-de-personas-presas-reclaman-mayor-control-sobre-medicacion-tras-ultimas-muertes\/#primaryimage\"},\"thumbnailUrl\":\"https:\/\/www.pressenza.com\/wp-content\/uploads\/2022\/01\/dignidad-personas-presas.jpg\",\"keywords\":[\"prisiones\"],\"articleSection\":[\"Comunicados de Prensa\",\"Derechos Humanos\",\"Europa\",\"Salud\"],\"inLanguage\":\"es\"},{\"@type\":\"WebPage\",\"@id\":\"https:\/\/www.pressenza.com\/es\/2022\/01\/espana-familiares-de-personas-presas-reclaman-mayor-control-sobre-medicacion-tras-ultimas-muertes\/\",\"url\":\"https:\/\/www.pressenza.com\/es\/2022\/01\/espana-familiares-de-personas-presas-reclaman-mayor-control-sobre-medicacion-tras-ultimas-muertes\/\",\"name\":\"Espa\u00f1a: Familiares de personas presas reclaman mayor control sobre medicaci\u00f3n tras \u00faltimas muertes\",\"isPartOf\":{\"@id\":\"https:\/\/www.pressenza.com\/es\/#website\"},\"primaryImageOfPage\":{\"@id\":\"https:\/\/www.pressenza.com\/es\/2022\/01\/espana-familiares-de-personas-presas-reclaman-mayor-control-sobre-medicacion-tras-ultimas-muertes\/#primaryimage\"},\"image\":{\"@id\":\"https:\/\/www.pressenza.com\/es\/2022\/01\/espana-familiares-de-personas-presas-reclaman-mayor-control-sobre-medicacion-tras-ultimas-muertes\/#primaryimage\"},\"thumbnailUrl\":\"https:\/\/www.pressenza.com\/wp-content\/uploads\/2022\/01\/dignidad-personas-presas.jpg\",\"datePublished\":\"2022-01-27T19:27:15+00:00\",\"description\":\"Constatan que muchas personas internas no tienen la capacidad de suministrarse su propia medicaci\u00f3n Consideran \u201calarmante y absolutamente precaria\u201d la\",\"breadcrumb\":{\"@id\":\"https:\/\/www.pressenza.com\/es\/2022\/01\/espana-familiares-de-personas-presas-reclaman-mayor-control-sobre-medicacion-tras-ultimas-muertes\/#breadcrumb\"},\"inLanguage\":\"es\",\"potentialAction\":[{\"@type\":\"ReadAction\",\"target\":[\"https:\/\/www.pressenza.com\/es\/2022\/01\/espana-familiares-de-personas-presas-reclaman-mayor-control-sobre-medicacion-tras-ultimas-muertes\/\"]}]},{\"@type\":\"ImageObject\",\"inLanguage\":\"es\",\"@id\":\"https:\/\/www.pressenza.com\/es\/2022\/01\/espana-familiares-de-personas-presas-reclaman-mayor-control-sobre-medicacion-tras-ultimas-muertes\/#primaryimage\",\"url\":\"https:\/\/www.pressenza.com\/wp-content\/uploads\/2022\/01\/dignidad-personas-presas.jpg\",\"contentUrl\":\"https:\/\/www.pressenza.com\/wp-content\/uploads\/2022\/01\/dignidad-personas-presas.jpg\",\"width\":1280,\"height\":960},{\"@type\":\"BreadcrumbList\",\"@id\":\"https:\/\/www.pressenza.com\/es\/2022\/01\/espana-familiares-de-personas-presas-reclaman-mayor-control-sobre-medicacion-tras-ultimas-muertes\/#breadcrumb\",\"itemListElement\":[{\"@type\":\"ListItem\",\"position\":1,\"name\":\"Accueil\",\"item\":\"https:\/\/www.pressenza.com\/es\/\"},{\"@type\":\"ListItem\",\"position\":2,\"name\":\"Espa\u00f1a: Familiares de personas presas reclaman mayor control sobre medicaci\u00f3n tras \u00faltimas muertes\"}]},{\"@type\":\"WebSite\",\"@id\":\"https:\/\/www.pressenza.com\/es\/#website\",\"url\":\"https:\/\/www.pressenza.com\/es\/\",\"name\":\"Pressenza\",\"description\":\"International Press Agency\",\"publisher\":{\"@id\":\"https:\/\/www.pressenza.com\/es\/#organization\"},\"potentialAction\":[{\"@type\":\"SearchAction\",\"target\":{\"@type\":\"EntryPoint\",\"urlTemplate\":\"https:\/\/www.pressenza.com\/es\/?s={search_term_string}\"},\"query-input\":{\"@type\":\"PropertyValueSpecification\",\"valueRequired\":true,\"valueName\":\"search_term_string\"}}],\"inLanguage\":\"es\"},{\"@type\":\"Organization\",\"@id\":\"https:\/\/www.pressenza.com\/es\/#organization\",\"name\":\"Pressenza\",\"url\":\"https:\/\/www.pressenza.com\/es\/\",\"logo\":{\"@type\":\"ImageObject\",\"inLanguage\":\"es\",\"@id\":\"https:\/\/www.pressenza.com\/es\/#\/schema\/logo\/image\/\",\"url\":\"https:\/\/www.pressenza.com\/wp-content\/uploads\/2022\/10\/pressenza_logo_200x200.jpg\",\"contentUrl\":\"https:\/\/www.pressenza.com\/wp-content\/uploads\/2022\/10\/pressenza_logo_200x200.jpg\",\"width\":200,\"height\":200,\"caption\":\"Pressenza\"},\"image\":{\"@id\":\"https:\/\/www.pressenza.com\/es\/#\/schema\/logo\/image\/\"},\"sameAs\":[\"https:\/\/www.facebook.com\/PressenzaItalia\",\"https:\/\/x.com\/PressenzaIPA\"]},{\"@type\":\"Person\",\"@id\":\"https:\/\/www.pressenza.com\/es\/#\/schema\/person\/56539d338f9dde4fe54c8771b432ed21\",\"name\":\"Asociaci\u00f3n Pro Derechos Humanos de Andaluc\u00eda (APDHA)\",\"description\":\"La Asociaci\u00f3n Pro Derechos Humanos de Andaluc\u00eda (APDHA) trabaja con el objetivo de lograr que las personas sean libres e iguales en dignidad y derechos\",\"sameAs\":[\"https:\/\/www.apdha.org\"],\"url\":\"https:\/\/www.pressenza.com\/es\/author\/apdha\/\"}]}<\/script>\n<!-- \/ Yoast SEO plugin. -->","yoast_head_json":{"title":"Espa\u00f1a: Familiares de personas presas reclaman mayor control sobre medicaci\u00f3n tras \u00faltimas muertes","description":"Constatan que muchas personas internas no tienen la capacidad de suministrarse su propia medicaci\u00f3n Consideran \u201calarmante y absolutamente precaria\u201d la","robots":{"index":"index","follow":"follow","max-snippet":"max-snippet:-1","max-image-preview":"max-image-preview:large","max-video-preview":"max-video-preview:-1"},"canonical":"https:\/\/www.pressenza.com\/es\/2022\/01\/espana-familiares-de-personas-presas-reclaman-mayor-control-sobre-medicacion-tras-ultimas-muertes\/","og_locale":"es_ES","og_type":"article","og_title":"Espa\u00f1a: Familiares de personas presas reclaman mayor control sobre medicaci\u00f3n tras \u00faltimas muertes","og_description":"Constatan que muchas personas internas no tienen la capacidad de suministrarse su propia medicaci\u00f3n Consideran \u201calarmante y absolutamente precaria\u201d la","og_url":"https:\/\/www.pressenza.com\/es\/2022\/01\/espana-familiares-de-personas-presas-reclaman-mayor-control-sobre-medicacion-tras-ultimas-muertes\/","og_site_name":"Pressenza","article_publisher":"https:\/\/www.facebook.com\/PressenzaItalia","article_published_time":"2022-01-27T19:27:15+00:00","og_image":[{"width":1280,"height":960,"url":"https:\/\/www.pressenza.com\/wp-content\/uploads\/2022\/01\/dignidad-personas-presas.jpg","type":"image\/jpeg"}],"author":"Asociaci\u00f3n Pro Derechos Humanos de Andaluc\u00eda (APDHA)","twitter_card":"summary_large_image","twitter_creator":"@PressenzaIPA","twitter_site":"@PressenzaIPA","twitter_misc":{"Escrito por":"Asociaci\u00f3n Pro Derechos Humanos de Andaluc\u00eda (APDHA)","Tiempo de lectura":"4 minutos"},"schema":{"@context":"https:\/\/schema.org","@graph":[{"@type":"Article","@id":"https:\/\/www.pressenza.com\/es\/2022\/01\/espana-familiares-de-personas-presas-reclaman-mayor-control-sobre-medicacion-tras-ultimas-muertes\/#article","isPartOf":{"@id":"https:\/\/www.pressenza.com\/es\/2022\/01\/espana-familiares-de-personas-presas-reclaman-mayor-control-sobre-medicacion-tras-ultimas-muertes\/"},"author":{"name":"Asociaci\u00f3n Pro Derechos Humanos de Andaluc\u00eda (APDHA)","@id":"https:\/\/www.pressenza.com\/es\/#\/schema\/person\/56539d338f9dde4fe54c8771b432ed21"},"headline":"Espa\u00f1a: Familiares de personas presas reclaman mayor control sobre medicaci\u00f3n tras \u00faltimas muertes","datePublished":"2022-01-27T19:27:15+00:00","mainEntityOfPage":{"@id":"https:\/\/www.pressenza.com\/es\/2022\/01\/espana-familiares-de-personas-presas-reclaman-mayor-control-sobre-medicacion-tras-ultimas-muertes\/"},"wordCount":832,"publisher":{"@id":"https:\/\/www.pressenza.com\/es\/#organization"},"image":{"@id":"https:\/\/www.pressenza.com\/es\/2022\/01\/espana-familiares-de-personas-presas-reclaman-mayor-control-sobre-medicacion-tras-ultimas-muertes\/#primaryimage"},"thumbnailUrl":"https:\/\/www.pressenza.com\/wp-content\/uploads\/2022\/01\/dignidad-personas-presas.jpg","keywords":["prisiones"],"articleSection":["Comunicados de Prensa","Derechos Humanos","Europa","Salud"],"inLanguage":"es"},{"@type":"WebPage","@id":"https:\/\/www.pressenza.com\/es\/2022\/01\/espana-familiares-de-personas-presas-reclaman-mayor-control-sobre-medicacion-tras-ultimas-muertes\/","url":"https:\/\/www.pressenza.com\/es\/2022\/01\/espana-familiares-de-personas-presas-reclaman-mayor-control-sobre-medicacion-tras-ultimas-muertes\/","name":"Espa\u00f1a: Familiares de personas presas reclaman mayor control sobre medicaci\u00f3n tras \u00faltimas muertes","isPartOf":{"@id":"https:\/\/www.pressenza.com\/es\/#website"},"primaryImageOfPage":{"@id":"https:\/\/www.pressenza.com\/es\/2022\/01\/espana-familiares-de-personas-presas-reclaman-mayor-control-sobre-medicacion-tras-ultimas-muertes\/#primaryimage"},"image":{"@id":"https:\/\/www.pressenza.com\/es\/2022\/01\/espana-familiares-de-personas-presas-reclaman-mayor-control-sobre-medicacion-tras-ultimas-muertes\/#primaryimage"},"thumbnailUrl":"https:\/\/www.pressenza.com\/wp-content\/uploads\/2022\/01\/dignidad-personas-presas.jpg","datePublished":"2022-01-27T19:27:15+00:00","description":"Constatan que muchas personas internas no tienen la capacidad de suministrarse su propia medicaci\u00f3n Consideran \u201calarmante y absolutamente precaria\u201d la","breadcrumb":{"@id":"https:\/\/www.pressenza.com\/es\/2022\/01\/espana-familiares-de-personas-presas-reclaman-mayor-control-sobre-medicacion-tras-ultimas-muertes\/#breadcrumb"},"inLanguage":"es","potentialAction":[{"@type":"ReadAction","target":["https:\/\/www.pressenza.com\/es\/2022\/01\/espana-familiares-de-personas-presas-reclaman-mayor-control-sobre-medicacion-tras-ultimas-muertes\/"]}]},{"@type":"ImageObject","inLanguage":"es","@id":"https:\/\/www.pressenza.com\/es\/2022\/01\/espana-familiares-de-personas-presas-reclaman-mayor-control-sobre-medicacion-tras-ultimas-muertes\/#primaryimage","url":"https:\/\/www.pressenza.com\/wp-content\/uploads\/2022\/01\/dignidad-personas-presas.jpg","contentUrl":"https:\/\/www.pressenza.com\/wp-content\/uploads\/2022\/01\/dignidad-personas-presas.jpg","width":1280,"height":960},{"@type":"BreadcrumbList","@id":"https:\/\/www.pressenza.com\/es\/2022\/01\/espana-familiares-de-personas-presas-reclaman-mayor-control-sobre-medicacion-tras-ultimas-muertes\/#breadcrumb","itemListElement":[{"@type":"ListItem","position":1,"name":"Accueil","item":"https:\/\/www.pressenza.com\/es\/"},{"@type":"ListItem","position":2,"name":"Espa\u00f1a: Familiares de personas presas reclaman mayor control sobre medicaci\u00f3n tras \u00faltimas muertes"}]},{"@type":"WebSite","@id":"https:\/\/www.pressenza.com\/es\/#website","url":"https:\/\/www.pressenza.com\/es\/","name":"Pressenza","description":"International Press Agency","publisher":{"@id":"https:\/\/www.pressenza.com\/es\/#organization"},"potentialAction":[{"@type":"SearchAction","target":{"@type":"EntryPoint","urlTemplate":"https:\/\/www.pressenza.com\/es\/?s={search_term_string}"},"query-input":{"@type":"PropertyValueSpecification","valueRequired":true,"valueName":"search_term_string"}}],"inLanguage":"es"},{"@type":"Organization","@id":"https:\/\/www.pressenza.com\/es\/#organization","name":"Pressenza","url":"https:\/\/www.pressenza.com\/es\/","logo":{"@type":"ImageObject","inLanguage":"es","@id":"https:\/\/www.pressenza.com\/es\/#\/schema\/logo\/image\/","url":"https:\/\/www.pressenza.com\/wp-content\/uploads\/2022\/10\/pressenza_logo_200x200.jpg","contentUrl":"https:\/\/www.pressenza.com\/wp-content\/uploads\/2022\/10\/pressenza_logo_200x200.jpg","width":200,"height":200,"caption":"Pressenza"},"image":{"@id":"https:\/\/www.pressenza.com\/es\/#\/schema\/logo\/image\/"},"sameAs":["https:\/\/www.facebook.com\/PressenzaItalia","https:\/\/x.com\/PressenzaIPA"]},{"@type":"Person","@id":"https:\/\/www.pressenza.com\/es\/#\/schema\/person\/56539d338f9dde4fe54c8771b432ed21","name":"Asociaci\u00f3n Pro Derechos Humanos de Andaluc\u00eda (APDHA)","description":"La Asociaci\u00f3n Pro Derechos Humanos de Andaluc\u00eda (APDHA) trabaja con el objetivo de lograr que las personas sean libres e iguales en dignidad y derechos","sameAs":["https:\/\/www.apdha.org"],"url":"https:\/\/www.pressenza.com\/es\/author\/apdha\/"}]}},"place":"Sevilla, Espa\u00f1a","original_article_url":"","_links":{"self":[{"href":"https:\/\/www.pressenza.com\/es\/wp-json\/wp\/v2\/posts\/1510299","targetHints":{"allow":["GET"]}}],"collection":[{"href":"https:\/\/www.pressenza.com\/es\/wp-json\/wp\/v2\/posts"}],"about":[{"href":"https:\/\/www.pressenza.com\/es\/wp-json\/wp\/v2\/types\/post"}],"author":[{"embeddable":true,"href":"https:\/\/www.pressenza.com\/es\/wp-json\/wp\/v2\/users\/1542"}],"replies":[{"embeddable":true,"href":"https:\/\/www.pressenza.com\/es\/wp-json\/wp\/v2\/comments?post=1510299"}],"version-history":[{"count":0,"href":"https:\/\/www.pressenza.com\/es\/wp-json\/wp\/v2\/posts\/1510299\/revisions"}],"wp:featuredmedia":[{"embeddable":true,"href":"https:\/\/www.pressenza.com\/es\/wp-json\/wp\/v2\/media\/1510304"}],"wp:attachment":[{"href":"https:\/\/www.pressenza.com\/es\/wp-json\/wp\/v2\/media?parent=1510299"}],"wp:term":[{"taxonomy":"category","embeddable":true,"href":"https:\/\/www.pressenza.com\/es\/wp-json\/wp\/v2\/categories?post=1510299"},{"taxonomy":"post_tag","embeddable":true,"href":"https:\/\/www.pressenza.com\/es\/wp-json\/wp\/v2\/tags?post=1510299"}],"curies":[{"name":"wp","href":"https:\/\/api.w.org\/{rel}","templated":true}]}}