{"id":1507761,"date":"2022-01-22T19:35:13","date_gmt":"2022-01-22T19:35:13","guid":{"rendered":"https:\/\/www.pressenza.com\/?p=1507761"},"modified":"2022-01-22T19:35:13","modified_gmt":"2022-01-22T19:35:13","slug":"la-desigualdad-economica-mundial-esta-exacerbando-la-pandemia-y-matando-a-millones-de-personas","status":"publish","type":"post","link":"https:\/\/www.pressenza.com\/es\/2022\/01\/la-desigualdad-economica-mundial-esta-exacerbando-la-pandemia-y-matando-a-millones-de-personas\/","title":{"rendered":"La desigualdad econ\u00f3mica mundial est\u00e1 exacerbando la pandemia y matando a millones de personas"},"content":{"rendered":"<p>La organizaci\u00f3n Oxfam inform\u00f3 esta semana que los diez hombres m\u00e1s ricos del mundo duplicaron su riqueza durante la pandemia \u2014de 700 mil millones a 1,5 billones de d\u00f3lares\u2014, mientras que los ingresos del 99% de la poblaci\u00f3n mundial disminuyeron. La organizaci\u00f3n declar\u00f3 al respecto: \u201cLas crecientes desigualdades econ\u00f3micas, de g\u00e9nero y raciales, as\u00ed como la inequidad que existe entre pa\u00edses, est\u00e1n destrozando nuestro mundo\u201d. Mientras tanto, la asamblea anual del Foro Econ\u00f3mico Mundial, que suele celebrarse en la ciudad de Davos, se est\u00e1 llevando a cabo de forma virtual por segundo a\u00f1o consecutivo debido a la pandemia. Los millonarios y multimillonarios son tradicionalmente invitados a la conferencia de Davos para que aporten sus ideas y reflexiones sobre los problemas actuales, desde el cambio clim\u00e1tico catastr\u00f3fico hasta la\u00a0COVID-19. M\u00e1s all\u00e1 de lo que se debate en este cen\u00e1culo virtual, Oxfam se\u00f1ala que, en el mundo real, la desigualdad mata a una persona cada cuatro segundos.<\/p>\n<p>La desigualdad econ\u00f3mica tambi\u00e9n asola a Estados Unidos. El obispo William Barber, copresidente de la Campa\u00f1a de los Pobres, dijo a Democracy Now! al d\u00eda siguiente del feriado que conmemora el nacimiento de Martin Luther King: \u201cTiene que haber un cambio moral en este pa\u00eds; tiene que haber un cambio en el poder. Como dijo Martin Luther King, el verdadero problema que siempre hemos tenido en relaci\u00f3n con los derechos electorales es el miedo que tiene la aristocracia a que las masas de personas pobres y de bajos recursos \u2014tanto negras como blancas\u2014 se unan para votar una alternativa que cambie la arquitectura econ\u00f3mica del pa\u00eds. [\u2026] De hecho, en 1967, el Dr. King dijo: &#8216;Los problemas de injusticia racial y econ\u00f3mica no pueden resolverse sin una redistribuci\u00f3n radical del poder pol\u00edtico y econ\u00f3mico&#8217;\u201d.<\/p>\n<p>El obispo Barber ha consolidado el legado de Martin Luther King durante a\u00f1os y afirma que el camino hacia un cambio progresista radica en organizar a las personas pobres y de bajos recursos. Barber yuxtapone la r\u00e1pida aprobaci\u00f3n en el Congreso de los paquetes de ayuda econ\u00f3mica por el coronavirus favorables a las empresas con el reciente fracaso en la aprobaci\u00f3n del plan de gastos p\u00fablicos Reconstruir Mejor y los proyectos de ley sobre el derecho al voto:<\/p>\n<p>\u201cCuando se trata de las empresas, obtienen todo lo que piden. Quer\u00edan cuatro o cinco billones de d\u00f3lares, y obtuvieron cuatro o cinco billones de d\u00f3lares. Los multimillonarios ganaron dos billones de d\u00f3lares en los primeros 20 meses de la pandemia del coronavirus y contin\u00faan aumentando sus fortunas. Cuando se trata de temas como la pobreza y el derecho al voto, en primer lugar, bifurcamos esos temas de una forma en que las fuerzas opresoras nunca los bifurcan. Luego, hacemos concesiones una y otra vez en lugar de pelear [por lo que reclamamos]. A la larga, si no tenemos cuidado, ser\u00e1 como si Frederick Douglass, en su lucha contra la esclavitud, se hubiera conformado con tener solo un fin de semana largo en lugar de la emancipaci\u00f3n y la libertad definitivas\u201d.<\/p>\n<p>La pandemia de\u00a0COVID-19 ha profundizado la desigualdad a escala global. La mayor\u00eda de los pa\u00edses ricos han vacunado a m\u00e1s del 70% de su poblaci\u00f3n, mientras que en muchos pa\u00edses pobres, especialmente en \u00c1frica, las tasas de vacunaci\u00f3n a\u00fan est\u00e1n por debajo del 10%. La Organizaci\u00f3n Mundial de la Salud se\u00f1ala en su sitio web: \u201cEl fracaso mundial en el reparto equitativo de las vacunas est\u00e1 pasando factura a algunas de las personas m\u00e1s pobres y vulnerables del mundo. Las nuevas variantes preocupantes hacen que los riesgos de infecci\u00f3n hayan aumentado en todos los pa\u00edses para las personas que a\u00fan no est\u00e1n protegidas mediante vacunaci\u00f3n\u201d. Podr\u00edan surgir nuevas variantes m\u00e1s agresivas de este virus que no respeta fronteras. Mientras haya gente que a\u00fan est\u00e9 en riesgo por la\u00a0COVID-19, todos permaneceremos en riesgo.<\/p>\n<p>La organizaci\u00f3n Public Citizen public\u00f3 un informe detallado en mayo de 2021 sobre c\u00f3mo se podr\u00edan producir ocho mil millones de dosis de vacunas de\u00a0ARN\u00a0mensajero en un a\u00f1o por un estimado de 23.000 millones de d\u00f3lares, siempre y cuando los titulares de las patentes de las vacunas, como las empresas Pfizer y Moderna, cooperaran. Public Citizen denomina a la vacuna contra la\u00a0COVID-19 de Moderna, \u201dNIH-Moderna\u201d, en referencia a las siglas en ingl\u00e9s de los Institutos Nacionales de Salud de Estados Unidos,\u00a0NIH, cuyos cient\u00edficos desempe\u00f1aron un papel clave en el desarrollo de esa vacuna tan necesaria para salvar vidas, as\u00ed como tambi\u00e9n por la gran inversi\u00f3n de fondos p\u00fablicos que se hizo para apoyar su desarrollo.<\/p>\n<p>Las ganancias que producen las vacunas han generado al menos nueve nuevos multimillonarios vinculados a las empresas Moderna y BioNTech, as\u00ed como tambi\u00e9n a la farmac\u00e9utica china CanSino. Estas personas suman entre ellas una nueva riqueza de m\u00e1s de 19.000 millones de d\u00f3lares, seg\u00fan la Alianza Vacuna para el Pueblo. Otros ocho multimillonarios que invirtieron en estas corporaciones tambi\u00e9n obtuvieron una fortuna extra combinada de 32.000 millones de d\u00f3lares. Seg\u00fan Oxfam, las empresas Pfizer-BioNTech y Moderna \u2014o \u201dNIH-Moderna\u201d, como la denomina Public Citizen\u2014 ganan 1.000 d\u00f3lares por segundo, mientras que miles de millones de personas en todo el mundo siguen sin vacunarse o solo han recibido una dosis de la vacuna.<\/p>\n<p>Hasta ahora, ni los debates del Foro Econ\u00f3mico Mundial de Davos, ni la filantrop\u00eda combinada de los m\u00e1s de 2.755 multimillonarios del mundo han logrado vacunar a las y los pobres del mundo. Es por eso que se ha formado una amplia coalici\u00f3n de movimientos sociales a nivel mundial que insta a los Gobiernos del mundo a cobrar impuestos a los ricos.<\/p>\n<p>\u201cEs hora de imponer un impuesto sobre el patrimonio a los superricos y a los multimillonarios del mundo\u201d, escribi\u00f3 Chuck Collins, del Instituto de Estudios Pol\u00edticos (IPS, por sus siglas en ingl\u00e9s) y la Alianza para la Lucha contra la Desigualdad, al presentar su informe titulado \u201cGravar la riqueza extrema\u201d. Agrega Collins: \u201cNo se trata simplemente de recaudar impuestos para vacunar a las poblaciones de todo el mundo e invertir en sistemas s\u00f3lidos de salud p\u00fablica. Se trata tambi\u00e9n de un impuesto a la riqueza para salvar a la democracia de la concentraci\u00f3n extrema de riqueza y poder\u201d.<\/p>\n<p>El informe de Collins estima que un impuesto escalonado a las personas cuyos patrimonios superen los cinco millones de d\u00f3lares recaudar\u00eda 2,5 billones de d\u00f3lares anuales. Esos fondos podr\u00edan ayudar a contener esta pandemia, invertir en medidas de salud p\u00fablica para prevenir nuevas pandemias en el futuro, y sacar a millones de personas de la pobreza. Impongan impuestos a los ricos.<\/p>\n","protected":false},"excerpt":{"rendered":"<p>La organizaci\u00f3n Oxfam inform\u00f3 esta semana que los diez hombres m\u00e1s ricos del mundo duplicaron su riqueza durante la pandemia \u2014de 700 mil millones a 1,5 billones de d\u00f3lares\u2014, mientras que los ingresos del 99% de la poblaci\u00f3n mundial disminuyeron.&hellip;<\/p>\n","protected":false},"author":38,"featured_media":1507762,"comment_status":"closed","ping_status":"closed","sticky":false,"template":"","format":"standard","meta":{"footnotes":""},"categories":[81,39,161,1239],"tags":[21355,2896,72253,31073],"class_list":["post-1507761","post","type-post","status-publish","format-standard","has-post-thumbnail","hentry","category-economia-es","category-internacional","category-opiniones","category-salud","tag-desigualdad-economica","tag-impuestos","tag-pandemia-es","tag-vacunas"],"yoast_head":"<!-- This site is optimized with the Yoast SEO plugin v27.1.1 - https:\/\/yoast.com\/product\/yoast-seo-wordpress\/ -->\n<title>La desigualdad econ\u00f3mica mundial est\u00e1 exacerbando la pandemia y matando a millones de personas<\/title>\n<meta name=\"description\" content=\"La organizaci\u00f3n Oxfam inform\u00f3 esta semana que los diez hombres m\u00e1s ricos del mundo duplicaron su riqueza durante la pandemia \u2014de 700 mil millones a 1,5\" \/>\n<meta name=\"robots\" content=\"index, follow, max-snippet:-1, max-image-preview:large, max-video-preview:-1\" \/>\n<link rel=\"canonical\" href=\"https:\/\/www.pressenza.com\/es\/2022\/01\/la-desigualdad-economica-mundial-esta-exacerbando-la-pandemia-y-matando-a-millones-de-personas\/\" \/>\n<meta property=\"og:locale\" content=\"es_ES\" \/>\n<meta property=\"og:type\" content=\"article\" \/>\n<meta property=\"og:title\" content=\"La desigualdad econ\u00f3mica mundial est\u00e1 exacerbando la pandemia y matando a millones de personas\" \/>\n<meta property=\"og:description\" content=\"La organizaci\u00f3n Oxfam inform\u00f3 esta semana que los diez hombres m\u00e1s ricos del mundo duplicaron su riqueza durante la pandemia \u2014de 700 mil millones a 1,5\" \/>\n<meta property=\"og:url\" content=\"https:\/\/www.pressenza.com\/es\/2022\/01\/la-desigualdad-economica-mundial-esta-exacerbando-la-pandemia-y-matando-a-millones-de-personas\/\" \/>\n<meta property=\"og:site_name\" content=\"Pressenza\" \/>\n<meta property=\"article:publisher\" content=\"https:\/\/www.facebook.com\/PressenzaItalia\" \/>\n<meta property=\"article:published_time\" content=\"2022-01-22T19:35:13+00:00\" \/>\n<meta property=\"og:image\" content=\"https:\/\/www.pressenza.com\/wp-content\/uploads\/2022\/01\/Iquitos-nino-Oleg.jpg\" \/>\n\t<meta property=\"og:image:width\" content=\"960\" \/>\n\t<meta property=\"og:image:height\" content=\"638\" \/>\n\t<meta property=\"og:image:type\" content=\"image\/jpeg\" \/>\n<meta name=\"author\" content=\"Amy Goodman\" \/>\n<meta name=\"twitter:card\" content=\"summary_large_image\" \/>\n<meta name=\"twitter:creator\" content=\"@PressenzaIPA\" \/>\n<meta name=\"twitter:site\" content=\"@PressenzaIPA\" \/>\n<meta name=\"twitter:label1\" content=\"Escrito por\" \/>\n\t<meta name=\"twitter:data1\" content=\"Amy Goodman\" \/>\n\t<meta name=\"twitter:label2\" content=\"Tiempo de lectura\" \/>\n\t<meta name=\"twitter:data2\" content=\"6 minutos\" \/>\n<script type=\"application\/ld+json\" class=\"yoast-schema-graph\">{\"@context\":\"https:\/\/schema.org\",\"@graph\":[{\"@type\":\"Article\",\"@id\":\"https:\/\/www.pressenza.com\/es\/2022\/01\/la-desigualdad-economica-mundial-esta-exacerbando-la-pandemia-y-matando-a-millones-de-personas\/#article\",\"isPartOf\":{\"@id\":\"https:\/\/www.pressenza.com\/es\/2022\/01\/la-desigualdad-economica-mundial-esta-exacerbando-la-pandemia-y-matando-a-millones-de-personas\/\"},\"author\":{\"name\":\"Amy Goodman\",\"@id\":\"https:\/\/www.pressenza.com\/es\/#\/schema\/person\/fb76c4542b791ee101e00d9e2f9817ee\"},\"headline\":\"La desigualdad econ\u00f3mica mundial est\u00e1 exacerbando la pandemia y matando a millones de personas\",\"datePublished\":\"2022-01-22T19:35:13+00:00\",\"mainEntityOfPage\":{\"@id\":\"https:\/\/www.pressenza.com\/es\/2022\/01\/la-desigualdad-economica-mundial-esta-exacerbando-la-pandemia-y-matando-a-millones-de-personas\/\"},\"wordCount\":1178,\"publisher\":{\"@id\":\"https:\/\/www.pressenza.com\/es\/#organization\"},\"image\":{\"@id\":\"https:\/\/www.pressenza.com\/es\/2022\/01\/la-desigualdad-economica-mundial-esta-exacerbando-la-pandemia-y-matando-a-millones-de-personas\/#primaryimage\"},\"thumbnailUrl\":\"https:\/\/www.pressenza.com\/wp-content\/uploads\/2022\/01\/Iquitos-nino-Oleg.jpg\",\"keywords\":[\"Desigualdad econ\u00f3mica\",\"impuestos\",\"pandemia\",\"Vacunas\"],\"articleSection\":[\"Econom\u00eda\",\"Internacional\",\"Opiniones\",\"Salud\"],\"inLanguage\":\"es\"},{\"@type\":\"WebPage\",\"@id\":\"https:\/\/www.pressenza.com\/es\/2022\/01\/la-desigualdad-economica-mundial-esta-exacerbando-la-pandemia-y-matando-a-millones-de-personas\/\",\"url\":\"https:\/\/www.pressenza.com\/es\/2022\/01\/la-desigualdad-economica-mundial-esta-exacerbando-la-pandemia-y-matando-a-millones-de-personas\/\",\"name\":\"La desigualdad econ\u00f3mica mundial est\u00e1 exacerbando la pandemia y matando a millones de personas\",\"isPartOf\":{\"@id\":\"https:\/\/www.pressenza.com\/es\/#website\"},\"primaryImageOfPage\":{\"@id\":\"https:\/\/www.pressenza.com\/es\/2022\/01\/la-desigualdad-economica-mundial-esta-exacerbando-la-pandemia-y-matando-a-millones-de-personas\/#primaryimage\"},\"image\":{\"@id\":\"https:\/\/www.pressenza.com\/es\/2022\/01\/la-desigualdad-economica-mundial-esta-exacerbando-la-pandemia-y-matando-a-millones-de-personas\/#primaryimage\"},\"thumbnailUrl\":\"https:\/\/www.pressenza.com\/wp-content\/uploads\/2022\/01\/Iquitos-nino-Oleg.jpg\",\"datePublished\":\"2022-01-22T19:35:13+00:00\",\"description\":\"La organizaci\u00f3n Oxfam inform\u00f3 esta semana que los diez hombres m\u00e1s ricos del mundo duplicaron su riqueza durante la pandemia \u2014de 700 mil millones a 1,5\",\"breadcrumb\":{\"@id\":\"https:\/\/www.pressenza.com\/es\/2022\/01\/la-desigualdad-economica-mundial-esta-exacerbando-la-pandemia-y-matando-a-millones-de-personas\/#breadcrumb\"},\"inLanguage\":\"es\",\"potentialAction\":[{\"@type\":\"ReadAction\",\"target\":[\"https:\/\/www.pressenza.com\/es\/2022\/01\/la-desigualdad-economica-mundial-esta-exacerbando-la-pandemia-y-matando-a-millones-de-personas\/\"]}]},{\"@type\":\"ImageObject\",\"inLanguage\":\"es\",\"@id\":\"https:\/\/www.pressenza.com\/es\/2022\/01\/la-desigualdad-economica-mundial-esta-exacerbando-la-pandemia-y-matando-a-millones-de-personas\/#primaryimage\",\"url\":\"https:\/\/www.pressenza.com\/wp-content\/uploads\/2022\/01\/Iquitos-nino-Oleg.jpg\",\"contentUrl\":\"https:\/\/www.pressenza.com\/wp-content\/uploads\/2022\/01\/Iquitos-nino-Oleg.jpg\",\"width\":960,\"height\":638,\"caption\":\"Oleg Yasinsky\"},{\"@type\":\"BreadcrumbList\",\"@id\":\"https:\/\/www.pressenza.com\/es\/2022\/01\/la-desigualdad-economica-mundial-esta-exacerbando-la-pandemia-y-matando-a-millones-de-personas\/#breadcrumb\",\"itemListElement\":[{\"@type\":\"ListItem\",\"position\":1,\"name\":\"Accueil\",\"item\":\"https:\/\/www.pressenza.com\/es\/\"},{\"@type\":\"ListItem\",\"position\":2,\"name\":\"La desigualdad econ\u00f3mica mundial est\u00e1 exacerbando la pandemia y matando a millones de personas\"}]},{\"@type\":\"WebSite\",\"@id\":\"https:\/\/www.pressenza.com\/es\/#website\",\"url\":\"https:\/\/www.pressenza.com\/es\/\",\"name\":\"Pressenza\",\"description\":\"International Press Agency\",\"publisher\":{\"@id\":\"https:\/\/www.pressenza.com\/es\/#organization\"},\"potentialAction\":[{\"@type\":\"SearchAction\",\"target\":{\"@type\":\"EntryPoint\",\"urlTemplate\":\"https:\/\/www.pressenza.com\/es\/?s={search_term_string}\"},\"query-input\":{\"@type\":\"PropertyValueSpecification\",\"valueRequired\":true,\"valueName\":\"search_term_string\"}}],\"inLanguage\":\"es\"},{\"@type\":\"Organization\",\"@id\":\"https:\/\/www.pressenza.com\/es\/#organization\",\"name\":\"Pressenza\",\"url\":\"https:\/\/www.pressenza.com\/es\/\",\"logo\":{\"@type\":\"ImageObject\",\"inLanguage\":\"es\",\"@id\":\"https:\/\/www.pressenza.com\/es\/#\/schema\/logo\/image\/\",\"url\":\"https:\/\/www.pressenza.com\/wp-content\/uploads\/2022\/10\/pressenza_logo_200x200.jpg\",\"contentUrl\":\"https:\/\/www.pressenza.com\/wp-content\/uploads\/2022\/10\/pressenza_logo_200x200.jpg\",\"width\":200,\"height\":200,\"caption\":\"Pressenza\"},\"image\":{\"@id\":\"https:\/\/www.pressenza.com\/es\/#\/schema\/logo\/image\/\"},\"sameAs\":[\"https:\/\/www.facebook.com\/PressenzaItalia\",\"https:\/\/x.com\/PressenzaIPA\"]},{\"@type\":\"Person\",\"@id\":\"https:\/\/www.pressenza.com\/es\/#\/schema\/person\/fb76c4542b791ee101e00d9e2f9817ee\",\"name\":\"Amy Goodman\",\"description\":\"Award-winning investigative journalist and syndicated columnist, author and host\/executive producer of Democracy Now! www.democracynow.org\",\"url\":\"https:\/\/www.pressenza.com\/es\/author\/amy-goodman\/\"}]}<\/script>\n<!-- \/ Yoast SEO plugin. -->","yoast_head_json":{"title":"La desigualdad econ\u00f3mica mundial est\u00e1 exacerbando la pandemia y matando a millones de personas","description":"La organizaci\u00f3n Oxfam inform\u00f3 esta semana que los diez hombres m\u00e1s ricos del mundo duplicaron su riqueza durante la pandemia \u2014de 700 mil millones a 1,5","robots":{"index":"index","follow":"follow","max-snippet":"max-snippet:-1","max-image-preview":"max-image-preview:large","max-video-preview":"max-video-preview:-1"},"canonical":"https:\/\/www.pressenza.com\/es\/2022\/01\/la-desigualdad-economica-mundial-esta-exacerbando-la-pandemia-y-matando-a-millones-de-personas\/","og_locale":"es_ES","og_type":"article","og_title":"La desigualdad econ\u00f3mica mundial est\u00e1 exacerbando la pandemia y matando a millones de personas","og_description":"La organizaci\u00f3n Oxfam inform\u00f3 esta semana que los diez hombres m\u00e1s ricos del mundo duplicaron su riqueza durante la pandemia \u2014de 700 mil millones a 1,5","og_url":"https:\/\/www.pressenza.com\/es\/2022\/01\/la-desigualdad-economica-mundial-esta-exacerbando-la-pandemia-y-matando-a-millones-de-personas\/","og_site_name":"Pressenza","article_publisher":"https:\/\/www.facebook.com\/PressenzaItalia","article_published_time":"2022-01-22T19:35:13+00:00","og_image":[{"width":960,"height":638,"url":"https:\/\/www.pressenza.com\/wp-content\/uploads\/2022\/01\/Iquitos-nino-Oleg.jpg","type":"image\/jpeg"}],"author":"Amy Goodman","twitter_card":"summary_large_image","twitter_creator":"@PressenzaIPA","twitter_site":"@PressenzaIPA","twitter_misc":{"Escrito por":"Amy Goodman","Tiempo de lectura":"6 minutos"},"schema":{"@context":"https:\/\/schema.org","@graph":[{"@type":"Article","@id":"https:\/\/www.pressenza.com\/es\/2022\/01\/la-desigualdad-economica-mundial-esta-exacerbando-la-pandemia-y-matando-a-millones-de-personas\/#article","isPartOf":{"@id":"https:\/\/www.pressenza.com\/es\/2022\/01\/la-desigualdad-economica-mundial-esta-exacerbando-la-pandemia-y-matando-a-millones-de-personas\/"},"author":{"name":"Amy Goodman","@id":"https:\/\/www.pressenza.com\/es\/#\/schema\/person\/fb76c4542b791ee101e00d9e2f9817ee"},"headline":"La desigualdad econ\u00f3mica mundial est\u00e1 exacerbando la pandemia y matando a millones de personas","datePublished":"2022-01-22T19:35:13+00:00","mainEntityOfPage":{"@id":"https:\/\/www.pressenza.com\/es\/2022\/01\/la-desigualdad-economica-mundial-esta-exacerbando-la-pandemia-y-matando-a-millones-de-personas\/"},"wordCount":1178,"publisher":{"@id":"https:\/\/www.pressenza.com\/es\/#organization"},"image":{"@id":"https:\/\/www.pressenza.com\/es\/2022\/01\/la-desigualdad-economica-mundial-esta-exacerbando-la-pandemia-y-matando-a-millones-de-personas\/#primaryimage"},"thumbnailUrl":"https:\/\/www.pressenza.com\/wp-content\/uploads\/2022\/01\/Iquitos-nino-Oleg.jpg","keywords":["Desigualdad econ\u00f3mica","impuestos","pandemia","Vacunas"],"articleSection":["Econom\u00eda","Internacional","Opiniones","Salud"],"inLanguage":"es"},{"@type":"WebPage","@id":"https:\/\/www.pressenza.com\/es\/2022\/01\/la-desigualdad-economica-mundial-esta-exacerbando-la-pandemia-y-matando-a-millones-de-personas\/","url":"https:\/\/www.pressenza.com\/es\/2022\/01\/la-desigualdad-economica-mundial-esta-exacerbando-la-pandemia-y-matando-a-millones-de-personas\/","name":"La desigualdad econ\u00f3mica mundial est\u00e1 exacerbando la pandemia y matando a millones de personas","isPartOf":{"@id":"https:\/\/www.pressenza.com\/es\/#website"},"primaryImageOfPage":{"@id":"https:\/\/www.pressenza.com\/es\/2022\/01\/la-desigualdad-economica-mundial-esta-exacerbando-la-pandemia-y-matando-a-millones-de-personas\/#primaryimage"},"image":{"@id":"https:\/\/www.pressenza.com\/es\/2022\/01\/la-desigualdad-economica-mundial-esta-exacerbando-la-pandemia-y-matando-a-millones-de-personas\/#primaryimage"},"thumbnailUrl":"https:\/\/www.pressenza.com\/wp-content\/uploads\/2022\/01\/Iquitos-nino-Oleg.jpg","datePublished":"2022-01-22T19:35:13+00:00","description":"La organizaci\u00f3n Oxfam inform\u00f3 esta semana que los diez hombres m\u00e1s ricos del mundo duplicaron su riqueza durante la pandemia \u2014de 700 mil millones a 1,5","breadcrumb":{"@id":"https:\/\/www.pressenza.com\/es\/2022\/01\/la-desigualdad-economica-mundial-esta-exacerbando-la-pandemia-y-matando-a-millones-de-personas\/#breadcrumb"},"inLanguage":"es","potentialAction":[{"@type":"ReadAction","target":["https:\/\/www.pressenza.com\/es\/2022\/01\/la-desigualdad-economica-mundial-esta-exacerbando-la-pandemia-y-matando-a-millones-de-personas\/"]}]},{"@type":"ImageObject","inLanguage":"es","@id":"https:\/\/www.pressenza.com\/es\/2022\/01\/la-desigualdad-economica-mundial-esta-exacerbando-la-pandemia-y-matando-a-millones-de-personas\/#primaryimage","url":"https:\/\/www.pressenza.com\/wp-content\/uploads\/2022\/01\/Iquitos-nino-Oleg.jpg","contentUrl":"https:\/\/www.pressenza.com\/wp-content\/uploads\/2022\/01\/Iquitos-nino-Oleg.jpg","width":960,"height":638,"caption":"Oleg Yasinsky"},{"@type":"BreadcrumbList","@id":"https:\/\/www.pressenza.com\/es\/2022\/01\/la-desigualdad-economica-mundial-esta-exacerbando-la-pandemia-y-matando-a-millones-de-personas\/#breadcrumb","itemListElement":[{"@type":"ListItem","position":1,"name":"Accueil","item":"https:\/\/www.pressenza.com\/es\/"},{"@type":"ListItem","position":2,"name":"La desigualdad econ\u00f3mica mundial est\u00e1 exacerbando la pandemia y matando a millones de personas"}]},{"@type":"WebSite","@id":"https:\/\/www.pressenza.com\/es\/#website","url":"https:\/\/www.pressenza.com\/es\/","name":"Pressenza","description":"International Press Agency","publisher":{"@id":"https:\/\/www.pressenza.com\/es\/#organization"},"potentialAction":[{"@type":"SearchAction","target":{"@type":"EntryPoint","urlTemplate":"https:\/\/www.pressenza.com\/es\/?s={search_term_string}"},"query-input":{"@type":"PropertyValueSpecification","valueRequired":true,"valueName":"search_term_string"}}],"inLanguage":"es"},{"@type":"Organization","@id":"https:\/\/www.pressenza.com\/es\/#organization","name":"Pressenza","url":"https:\/\/www.pressenza.com\/es\/","logo":{"@type":"ImageObject","inLanguage":"es","@id":"https:\/\/www.pressenza.com\/es\/#\/schema\/logo\/image\/","url":"https:\/\/www.pressenza.com\/wp-content\/uploads\/2022\/10\/pressenza_logo_200x200.jpg","contentUrl":"https:\/\/www.pressenza.com\/wp-content\/uploads\/2022\/10\/pressenza_logo_200x200.jpg","width":200,"height":200,"caption":"Pressenza"},"image":{"@id":"https:\/\/www.pressenza.com\/es\/#\/schema\/logo\/image\/"},"sameAs":["https:\/\/www.facebook.com\/PressenzaItalia","https:\/\/x.com\/PressenzaIPA"]},{"@type":"Person","@id":"https:\/\/www.pressenza.com\/es\/#\/schema\/person\/fb76c4542b791ee101e00d9e2f9817ee","name":"Amy Goodman","description":"Award-winning investigative journalist and syndicated columnist, author and host\/executive producer of Democracy Now! www.democracynow.org","url":"https:\/\/www.pressenza.com\/es\/author\/amy-goodman\/"}]}},"place":"Nueva York","original_article_url":"","_links":{"self":[{"href":"https:\/\/www.pressenza.com\/es\/wp-json\/wp\/v2\/posts\/1507761","targetHints":{"allow":["GET"]}}],"collection":[{"href":"https:\/\/www.pressenza.com\/es\/wp-json\/wp\/v2\/posts"}],"about":[{"href":"https:\/\/www.pressenza.com\/es\/wp-json\/wp\/v2\/types\/post"}],"author":[{"embeddable":true,"href":"https:\/\/www.pressenza.com\/es\/wp-json\/wp\/v2\/users\/38"}],"replies":[{"embeddable":true,"href":"https:\/\/www.pressenza.com\/es\/wp-json\/wp\/v2\/comments?post=1507761"}],"version-history":[{"count":0,"href":"https:\/\/www.pressenza.com\/es\/wp-json\/wp\/v2\/posts\/1507761\/revisions"}],"wp:featuredmedia":[{"embeddable":true,"href":"https:\/\/www.pressenza.com\/es\/wp-json\/wp\/v2\/media\/1507762"}],"wp:attachment":[{"href":"https:\/\/www.pressenza.com\/es\/wp-json\/wp\/v2\/media?parent=1507761"}],"wp:term":[{"taxonomy":"category","embeddable":true,"href":"https:\/\/www.pressenza.com\/es\/wp-json\/wp\/v2\/categories?post=1507761"},{"taxonomy":"post_tag","embeddable":true,"href":"https:\/\/www.pressenza.com\/es\/wp-json\/wp\/v2\/tags?post=1507761"}],"curies":[{"name":"wp","href":"https:\/\/api.w.org\/{rel}","templated":true}]}}