{"id":1506,"date":"2009-10-01T00:00:00","date_gmt":"2009-10-01T00:00:00","guid":{"rendered":""},"modified":"2009-10-01T14:01:03","modified_gmt":"2009-10-01T14:01:03","slug":"entidad-de-prevencixn-de-la-violencia-familiar-en-mxxico-se-pone-en-marcha-por-la-paz","status":"publish","type":"post","link":"https:\/\/www.pressenza.com\/es\/2009\/10\/entidad-de-prevencixn-de-la-violencia-familiar-en-mxxico-se-pone-en-marcha-por-la-paz\/","title":{"rendered":"Entidad de prevenci\u00f3n de la violencia familiar en M\u00e9xico se pone en marcha por la paz"},"content":{"rendered":"<p>El pasado 24 de septiembre, el Licenciado Magdaleno Varela Maldonado, director del CEPAVI (Consejo Estatal para la Prevenci\u00f3n y Atenci\u00f3n de la Violencia Intrafamiliar) del DIF de Jalisco, se adhiri\u00f3 a la marcha mundial por la paz y la no violencia por medio de un video en el que expres\u00f3 su apoyo y el de esta prestante entidad. <\/p>\n<p>La adhesi\u00f3n de Varela trajo consigo al CEPAVI, que es un organismo del Estado de Colima (M\u00e9xico) que intenta erradicar y prevenir la violencia intrafamiliar a trav\u00e9s de proyectos de intervenci\u00f3n en las comunidades.  <\/p>\n<p>As\u00ed mismo, el Licenciado Magdaleno Varela manifest\u00f3 que este recorrido global a favor de la paz es una valiosa y transcendental iniciativa para todos y todas, pues permite a la familia y la sociedad \u201centrar en caminos nuevos a una cultura de paz y amor\u201d. <\/p>\n<p>Adicionalmente, Magdaleno se refiri\u00f3 a que la Marcha Mundial por la paz y la no violencia estar\u00e1 como eje tem\u00e1tico en el desarrollo de las actividades del Bicentenario de la Independencia y Centenario de la Revoluci\u00f3n Mexicana, que tendr\u00e1n lugar en el recinto del ex Congreso del Estado del Palacio Federal entre el 29 de septiembre y 2 de octubre, en una primera etapa, y del 17 al 20de noviembre, en la segunda. Durante estas actividades se expondr\u00e1n varias ponencias alrededor de esta movilizaci\u00f3n mundial.<\/p>\n","protected":false},"excerpt":{"rendered":"<p>El Consejo Estatal para la Prevenci\u00f3n y Atenci\u00f3n de la Violencia Intrafamiliar (CEPAVi) sumar\u00e1 actividades de concientizaci\u00f3n sobre paz y no-violencia en las actividades del Bicentenario de la Independencia y el Centenario de la Revoluci\u00f3n Mexicana, a desarrollarse en octubre y noviembre, entre otras actividades con estos fines que desarrollar\u00e1 la entidad.<\/p>\n","protected":false},"author":19,"featured_media":0,"comment_status":"closed","ping_status":"open","sticky":false,"template":"","format":"standard","meta":{"footnotes":""},"categories":[68,74],"tags":[],"class_list":["post-1506","post","type-post","status-publish","format-standard","hentry","category-norteamerica","category-politica-es"],"yoast_head":"<!-- This site is optimized with the Yoast SEO plugin v27.1.1 - https:\/\/yoast.com\/product\/yoast-seo-wordpress\/ -->\n<title>Entidad de prevenci\u00f3n de la violencia familiar en M\u00e9xico se pone en marcha por la paz<\/title>\n<meta name=\"description\" content=\"El Consejo Estatal para la Prevenci\u00f3n y Atenci\u00f3n de la Violencia Intrafamiliar (CEPAVi) sumar\u00e1 actividades de concientizaci\u00f3n sobre paz y no-violencia en las actividades del Bicentenario de la Independencia y el Centenario de la Revoluci\u00f3n Mexicana, a desarrollarse en octubre y noviembre, entre otras actividades con estos fines que desarrollar\u00e1 la entidad.\" \/>\n<meta name=\"robots\" content=\"index, follow, max-snippet:-1, max-image-preview:large, max-video-preview:-1\" \/>\n<link rel=\"canonical\" href=\"https:\/\/www.pressenza.com\/es\/2009\/10\/entidad-de-prevencixn-de-la-violencia-familiar-en-mxxico-se-pone-en-marcha-por-la-paz\/\" \/>\n<meta property=\"og:locale\" content=\"es_ES\" \/>\n<meta property=\"og:type\" content=\"article\" \/>\n<meta property=\"og:title\" content=\"Entidad de prevenci\u00f3n de la violencia familiar en M\u00e9xico se pone en marcha por la paz\" \/>\n<meta property=\"og:description\" content=\"El Consejo Estatal para la Prevenci\u00f3n y Atenci\u00f3n de la Violencia Intrafamiliar (CEPAVi) sumar\u00e1 actividades de concientizaci\u00f3n sobre paz y no-violencia en las actividades del Bicentenario de la Independencia y el Centenario de la Revoluci\u00f3n Mexicana, a desarrollarse en octubre y noviembre, entre otras actividades con estos fines que desarrollar\u00e1 la entidad.\" \/>\n<meta property=\"og:url\" content=\"https:\/\/www.pressenza.com\/es\/2009\/10\/entidad-de-prevencixn-de-la-violencia-familiar-en-mxxico-se-pone-en-marcha-por-la-paz\/\" \/>\n<meta property=\"og:site_name\" content=\"Pressenza\" \/>\n<meta property=\"article:publisher\" content=\"https:\/\/www.facebook.com\/PressenzaItalia\" \/>\n<meta property=\"article:author\" content=\"https:\/\/www.facebook.com\/pressenza\" \/>\n<meta property=\"article:published_time\" content=\"2009-10-01T00:00:00+00:00\" \/>\n<meta property=\"article:modified_time\" content=\"2009-10-01T14:01:03+00:00\" \/>\n<meta name=\"author\" content=\"Pressenza IPA\" \/>\n<meta name=\"twitter:card\" content=\"summary_large_image\" \/>\n<meta name=\"twitter:creator\" content=\"@PressenzaIPA\" \/>\n<meta name=\"twitter:site\" content=\"@PressenzaIPA\" \/>\n<meta name=\"twitter:label1\" content=\"Escrito por\" \/>\n\t<meta name=\"twitter:data1\" content=\"Pressenza IPA\" \/>\n\t<meta name=\"twitter:label2\" content=\"Tiempo de lectura\" \/>\n\t<meta name=\"twitter:data2\" content=\"1 minuto\" \/>\n<script type=\"application\/ld+json\" class=\"yoast-schema-graph\">{\"@context\":\"https:\/\/schema.org\",\"@graph\":[{\"@type\":\"Article\",\"@id\":\"https:\/\/www.pressenza.com\/es\/2009\/10\/entidad-de-prevencixn-de-la-violencia-familiar-en-mxxico-se-pone-en-marcha-por-la-paz\/#article\",\"isPartOf\":{\"@id\":\"https:\/\/www.pressenza.com\/es\/2009\/10\/entidad-de-prevencixn-de-la-violencia-familiar-en-mxxico-se-pone-en-marcha-por-la-paz\/\"},\"author\":{\"name\":\"Pressenza IPA\",\"@id\":\"https:\/\/www.pressenza.com\/es\/#\/schema\/person\/010e5d02bcf40965427a1289a4cc8d75\"},\"headline\":\"Entidad de prevenci\u00f3n de la violencia familiar en M\u00e9xico se pone en marcha por la paz\",\"datePublished\":\"2009-10-01T00:00:00+00:00\",\"dateModified\":\"2009-10-01T14:01:03+00:00\",\"mainEntityOfPage\":{\"@id\":\"https:\/\/www.pressenza.com\/es\/2009\/10\/entidad-de-prevencixn-de-la-violencia-familiar-en-mxxico-se-pone-en-marcha-por-la-paz\/\"},\"wordCount\":247,\"publisher\":{\"@id\":\"https:\/\/www.pressenza.com\/es\/#organization\"},\"articleSection\":[\"Norteam\u00e9rica\",\"Pol\u00edtica\"],\"inLanguage\":\"es\"},{\"@type\":\"WebPage\",\"@id\":\"https:\/\/www.pressenza.com\/es\/2009\/10\/entidad-de-prevencixn-de-la-violencia-familiar-en-mxxico-se-pone-en-marcha-por-la-paz\/\",\"url\":\"https:\/\/www.pressenza.com\/es\/2009\/10\/entidad-de-prevencixn-de-la-violencia-familiar-en-mxxico-se-pone-en-marcha-por-la-paz\/\",\"name\":\"Entidad de prevenci\u00f3n de la violencia familiar en M\u00e9xico se pone en marcha por la paz\",\"isPartOf\":{\"@id\":\"https:\/\/www.pressenza.com\/es\/#website\"},\"datePublished\":\"2009-10-01T00:00:00+00:00\",\"dateModified\":\"2009-10-01T14:01:03+00:00\",\"description\":\"El Consejo Estatal para la Prevenci\u00f3n y Atenci\u00f3n de la Violencia Intrafamiliar (CEPAVi) sumar\u00e1 actividades de concientizaci\u00f3n sobre paz y no-violencia en las actividades del Bicentenario de la Independencia y el Centenario de la Revoluci\u00f3n Mexicana, a desarrollarse en octubre y noviembre, entre otras actividades con estos fines que desarrollar\u00e1 la entidad.\",\"breadcrumb\":{\"@id\":\"https:\/\/www.pressenza.com\/es\/2009\/10\/entidad-de-prevencixn-de-la-violencia-familiar-en-mxxico-se-pone-en-marcha-por-la-paz\/#breadcrumb\"},\"inLanguage\":\"es\",\"potentialAction\":[{\"@type\":\"ReadAction\",\"target\":[\"https:\/\/www.pressenza.com\/es\/2009\/10\/entidad-de-prevencixn-de-la-violencia-familiar-en-mxxico-se-pone-en-marcha-por-la-paz\/\"]}]},{\"@type\":\"BreadcrumbList\",\"@id\":\"https:\/\/www.pressenza.com\/es\/2009\/10\/entidad-de-prevencixn-de-la-violencia-familiar-en-mxxico-se-pone-en-marcha-por-la-paz\/#breadcrumb\",\"itemListElement\":[{\"@type\":\"ListItem\",\"position\":1,\"name\":\"Accueil\",\"item\":\"https:\/\/www.pressenza.com\/es\/\"},{\"@type\":\"ListItem\",\"position\":2,\"name\":\"Entidad de prevenci\u00f3n de la violencia familiar en M\u00e9xico se pone en marcha por la paz\"}]},{\"@type\":\"WebSite\",\"@id\":\"https:\/\/www.pressenza.com\/es\/#website\",\"url\":\"https:\/\/www.pressenza.com\/es\/\",\"name\":\"Pressenza\",\"description\":\"International Press Agency\",\"publisher\":{\"@id\":\"https:\/\/www.pressenza.com\/es\/#organization\"},\"potentialAction\":[{\"@type\":\"SearchAction\",\"target\":{\"@type\":\"EntryPoint\",\"urlTemplate\":\"https:\/\/www.pressenza.com\/es\/?s={search_term_string}\"},\"query-input\":{\"@type\":\"PropertyValueSpecification\",\"valueRequired\":true,\"valueName\":\"search_term_string\"}}],\"inLanguage\":\"es\"},{\"@type\":\"Organization\",\"@id\":\"https:\/\/www.pressenza.com\/es\/#organization\",\"name\":\"Pressenza\",\"url\":\"https:\/\/www.pressenza.com\/es\/\",\"logo\":{\"@type\":\"ImageObject\",\"inLanguage\":\"es\",\"@id\":\"https:\/\/www.pressenza.com\/es\/#\/schema\/logo\/image\/\",\"url\":\"https:\/\/www.pressenza.com\/wp-content\/uploads\/2022\/10\/pressenza_logo_200x200.jpg\",\"contentUrl\":\"https:\/\/www.pressenza.com\/wp-content\/uploads\/2022\/10\/pressenza_logo_200x200.jpg\",\"width\":200,\"height\":200,\"caption\":\"Pressenza\"},\"image\":{\"@id\":\"https:\/\/www.pressenza.com\/es\/#\/schema\/logo\/image\/\"},\"sameAs\":[\"https:\/\/www.facebook.com\/PressenzaItalia\",\"https:\/\/x.com\/PressenzaIPA\"]},{\"@type\":\"Person\",\"@id\":\"https:\/\/www.pressenza.com\/es\/#\/schema\/person\/010e5d02bcf40965427a1289a4cc8d75\",\"name\":\"Pressenza IPA\",\"description\":\"News from Pressenza IPA correspondents\",\"sameAs\":[\"https:\/\/www.facebook.com\/pressenza\",\"https:\/\/x.com\/PressenzaIPA\"],\"url\":\"https:\/\/www.pressenza.com\/es\/author\/pressenza-ipa\/\"}]}<\/script>\n<!-- \/ Yoast SEO plugin. -->","yoast_head_json":{"title":"Entidad de prevenci\u00f3n de la violencia familiar en M\u00e9xico se pone en marcha por la paz","description":"El Consejo Estatal para la Prevenci\u00f3n y Atenci\u00f3n de la Violencia Intrafamiliar (CEPAVi) sumar\u00e1 actividades de concientizaci\u00f3n sobre paz y no-violencia en las actividades del Bicentenario de la Independencia y el Centenario de la Revoluci\u00f3n Mexicana, a desarrollarse en octubre y noviembre, entre otras actividades con estos fines que desarrollar\u00e1 la entidad.","robots":{"index":"index","follow":"follow","max-snippet":"max-snippet:-1","max-image-preview":"max-image-preview:large","max-video-preview":"max-video-preview:-1"},"canonical":"https:\/\/www.pressenza.com\/es\/2009\/10\/entidad-de-prevencixn-de-la-violencia-familiar-en-mxxico-se-pone-en-marcha-por-la-paz\/","og_locale":"es_ES","og_type":"article","og_title":"Entidad de prevenci\u00f3n de la violencia familiar en M\u00e9xico se pone en marcha por la paz","og_description":"El Consejo Estatal para la Prevenci\u00f3n y Atenci\u00f3n de la Violencia Intrafamiliar (CEPAVi) sumar\u00e1 actividades de concientizaci\u00f3n sobre paz y no-violencia en las actividades del Bicentenario de la Independencia y el Centenario de la Revoluci\u00f3n Mexicana, a desarrollarse en octubre y noviembre, entre otras actividades con estos fines que desarrollar\u00e1 la entidad.","og_url":"https:\/\/www.pressenza.com\/es\/2009\/10\/entidad-de-prevencixn-de-la-violencia-familiar-en-mxxico-se-pone-en-marcha-por-la-paz\/","og_site_name":"Pressenza","article_publisher":"https:\/\/www.facebook.com\/PressenzaItalia","article_author":"https:\/\/www.facebook.com\/pressenza","article_published_time":"2009-10-01T00:00:00+00:00","article_modified_time":"2009-10-01T14:01:03+00:00","author":"Pressenza IPA","twitter_card":"summary_large_image","twitter_creator":"@PressenzaIPA","twitter_site":"@PressenzaIPA","twitter_misc":{"Escrito por":"Pressenza IPA","Tiempo de lectura":"1 minuto"},"schema":{"@context":"https:\/\/schema.org","@graph":[{"@type":"Article","@id":"https:\/\/www.pressenza.com\/es\/2009\/10\/entidad-de-prevencixn-de-la-violencia-familiar-en-mxxico-se-pone-en-marcha-por-la-paz\/#article","isPartOf":{"@id":"https:\/\/www.pressenza.com\/es\/2009\/10\/entidad-de-prevencixn-de-la-violencia-familiar-en-mxxico-se-pone-en-marcha-por-la-paz\/"},"author":{"name":"Pressenza IPA","@id":"https:\/\/www.pressenza.com\/es\/#\/schema\/person\/010e5d02bcf40965427a1289a4cc8d75"},"headline":"Entidad de prevenci\u00f3n de la violencia familiar en M\u00e9xico se pone en marcha por la paz","datePublished":"2009-10-01T00:00:00+00:00","dateModified":"2009-10-01T14:01:03+00:00","mainEntityOfPage":{"@id":"https:\/\/www.pressenza.com\/es\/2009\/10\/entidad-de-prevencixn-de-la-violencia-familiar-en-mxxico-se-pone-en-marcha-por-la-paz\/"},"wordCount":247,"publisher":{"@id":"https:\/\/www.pressenza.com\/es\/#organization"},"articleSection":["Norteam\u00e9rica","Pol\u00edtica"],"inLanguage":"es"},{"@type":"WebPage","@id":"https:\/\/www.pressenza.com\/es\/2009\/10\/entidad-de-prevencixn-de-la-violencia-familiar-en-mxxico-se-pone-en-marcha-por-la-paz\/","url":"https:\/\/www.pressenza.com\/es\/2009\/10\/entidad-de-prevencixn-de-la-violencia-familiar-en-mxxico-se-pone-en-marcha-por-la-paz\/","name":"Entidad de prevenci\u00f3n de la violencia familiar en M\u00e9xico se pone en marcha por la paz","isPartOf":{"@id":"https:\/\/www.pressenza.com\/es\/#website"},"datePublished":"2009-10-01T00:00:00+00:00","dateModified":"2009-10-01T14:01:03+00:00","description":"El Consejo Estatal para la Prevenci\u00f3n y Atenci\u00f3n de la Violencia Intrafamiliar (CEPAVi) sumar\u00e1 actividades de concientizaci\u00f3n sobre paz y no-violencia en las actividades del Bicentenario de la Independencia y el Centenario de la Revoluci\u00f3n Mexicana, a desarrollarse en octubre y noviembre, entre otras actividades con estos fines que desarrollar\u00e1 la entidad.","breadcrumb":{"@id":"https:\/\/www.pressenza.com\/es\/2009\/10\/entidad-de-prevencixn-de-la-violencia-familiar-en-mxxico-se-pone-en-marcha-por-la-paz\/#breadcrumb"},"inLanguage":"es","potentialAction":[{"@type":"ReadAction","target":["https:\/\/www.pressenza.com\/es\/2009\/10\/entidad-de-prevencixn-de-la-violencia-familiar-en-mxxico-se-pone-en-marcha-por-la-paz\/"]}]},{"@type":"BreadcrumbList","@id":"https:\/\/www.pressenza.com\/es\/2009\/10\/entidad-de-prevencixn-de-la-violencia-familiar-en-mxxico-se-pone-en-marcha-por-la-paz\/#breadcrumb","itemListElement":[{"@type":"ListItem","position":1,"name":"Accueil","item":"https:\/\/www.pressenza.com\/es\/"},{"@type":"ListItem","position":2,"name":"Entidad de prevenci\u00f3n de la violencia familiar en M\u00e9xico se pone en marcha por la paz"}]},{"@type":"WebSite","@id":"https:\/\/www.pressenza.com\/es\/#website","url":"https:\/\/www.pressenza.com\/es\/","name":"Pressenza","description":"International Press Agency","publisher":{"@id":"https:\/\/www.pressenza.com\/es\/#organization"},"potentialAction":[{"@type":"SearchAction","target":{"@type":"EntryPoint","urlTemplate":"https:\/\/www.pressenza.com\/es\/?s={search_term_string}"},"query-input":{"@type":"PropertyValueSpecification","valueRequired":true,"valueName":"search_term_string"}}],"inLanguage":"es"},{"@type":"Organization","@id":"https:\/\/www.pressenza.com\/es\/#organization","name":"Pressenza","url":"https:\/\/www.pressenza.com\/es\/","logo":{"@type":"ImageObject","inLanguage":"es","@id":"https:\/\/www.pressenza.com\/es\/#\/schema\/logo\/image\/","url":"https:\/\/www.pressenza.com\/wp-content\/uploads\/2022\/10\/pressenza_logo_200x200.jpg","contentUrl":"https:\/\/www.pressenza.com\/wp-content\/uploads\/2022\/10\/pressenza_logo_200x200.jpg","width":200,"height":200,"caption":"Pressenza"},"image":{"@id":"https:\/\/www.pressenza.com\/es\/#\/schema\/logo\/image\/"},"sameAs":["https:\/\/www.facebook.com\/PressenzaItalia","https:\/\/x.com\/PressenzaIPA"]},{"@type":"Person","@id":"https:\/\/www.pressenza.com\/es\/#\/schema\/person\/010e5d02bcf40965427a1289a4cc8d75","name":"Pressenza IPA","description":"News from Pressenza IPA correspondents","sameAs":["https:\/\/www.facebook.com\/pressenza","https:\/\/x.com\/PressenzaIPA"],"url":"https:\/\/www.pressenza.com\/es\/author\/pressenza-ipa\/"}]}},"place":"M\u00e9xico","original_article_url":"","_links":{"self":[{"href":"https:\/\/www.pressenza.com\/es\/wp-json\/wp\/v2\/posts\/1506","targetHints":{"allow":["GET"]}}],"collection":[{"href":"https:\/\/www.pressenza.com\/es\/wp-json\/wp\/v2\/posts"}],"about":[{"href":"https:\/\/www.pressenza.com\/es\/wp-json\/wp\/v2\/types\/post"}],"author":[{"embeddable":true,"href":"https:\/\/www.pressenza.com\/es\/wp-json\/wp\/v2\/users\/19"}],"replies":[{"embeddable":true,"href":"https:\/\/www.pressenza.com\/es\/wp-json\/wp\/v2\/comments?post=1506"}],"version-history":[{"count":0,"href":"https:\/\/www.pressenza.com\/es\/wp-json\/wp\/v2\/posts\/1506\/revisions"}],"wp:attachment":[{"href":"https:\/\/www.pressenza.com\/es\/wp-json\/wp\/v2\/media?parent=1506"}],"wp:term":[{"taxonomy":"category","embeddable":true,"href":"https:\/\/www.pressenza.com\/es\/wp-json\/wp\/v2\/categories?post=1506"},{"taxonomy":"post_tag","embeddable":true,"href":"https:\/\/www.pressenza.com\/es\/wp-json\/wp\/v2\/tags?post=1506"}],"curies":[{"name":"wp","href":"https:\/\/api.w.org\/{rel}","templated":true}]}}