{"id":1503628,"date":"2022-01-15T19:12:20","date_gmt":"2022-01-15T19:12:20","guid":{"rendered":"https:\/\/www.pressenza.com\/?p=1503628"},"modified":"2022-01-15T22:23:40","modified_gmt":"2022-01-15T22:23:40","slug":"cunado-el-mas-se-hace-menos","status":"publish","type":"post","link":"https:\/\/www.pressenza.com\/es\/2022\/01\/cunado-el-mas-se-hace-menos\/","title":{"rendered":"Cuando el \u201cMAS\u201d se hace menos"},"content":{"rendered":"<p>Por Rafael Bautista S.*<\/p>\n<p>Se ha desatado (contra el vicepresidente David Choquehuanca) una guerra injusta y hasta in\u00fatil; porque lo que ha de provocar no es, ni siquiera, acabar con la supuesta \u201ccompetencia\u201d del \u201cl\u00edder \u00fanico\u201d, sino desarticular irremediablemente al bloque popular.<br \/>\nEl manique\u00edsmo es desastroso en pol\u00edtica, sobre todo en la izquierda.<br \/>\nFue una de las razones coadyuvantes del golpe; pues el celo dogm\u00e1tico y el llunker\u00edo, condujeron a censurar la deliberaci\u00f3n y la cr\u00edtica interna, as\u00ed como expropiarle al pueblo su poder de decisi\u00f3n pol\u00edtica y quitarle protagonismo; de ese modo se priv\u00f3, el propio gobierno, de advertir los tremendos equ\u00edvocos y hasta traiciones que, en consecuencia, estaban provocando un desencanto creciente en el campo popular, inhabilitando su respuesta org\u00e1nica anticipada ante la escalada golpista del 2019.<br \/>\nEs bueno recordar que, en pol\u00edtica, los actores no valen por s\u00ed mismos sino por lo que representan; creer que se lucha contra personas significa reducir la pol\u00edtica al puro manique\u00edsmo, donde los fundamentalismos nos conducen a la guerra como \u00fanico escenario. Lo que representan los actores pol\u00edticos son perspectivas y proyectos; no saber distinguir eso conduce, al celo<br \/>\npol\u00edtico, a su propio suicidio.<br \/>\nEn ese sentido, la actual y falsa disputa por el liderazgo (adem\u00e1s de in\u00fatilmente prematura) s\u00f3lo habr\u00e1 de conducirnos al desgobierno, mediada por una anacr\u00f3nica c\u00fapula ebria de poder, que no sale del estupor que significa haber sido desplazada y se toma, ileg\u00edtimamente, atribuciones de gobierno paralelo, desgastando una gesti\u00f3n atrapada en el desconcierto.<br \/>\nEsa ceguera no s\u00f3lo nos conduce al anacronismo (pues este nuevo momento del \u201cproceso\u201d parte de otro acontecimiento fundante, como es la resistencia y derrota al golpe y la dictadura), sino al rapto del propio horizonte pol\u00edtico; porque el chantaje es obvio: \u201csi no es conmigo, no es con nadie\u201d. Por eso el nuevo acontecimiento reclamaba tambi\u00e9n un nuevo tipo de liderazgo. No s\u00f3lo un cambio de l\u00edder sino la redefinici\u00f3n de lo que significa ser l\u00edder.<br \/>\nUn nuevo momento del proceso de cambio significa la restituci\u00f3n del horizonte plurinacional, la descolonizaci\u00f3n y el vivir bien. Y lo que representa el vicepresidente Choquehuanca es, precisamente, eso. Porque es lo que ha redefinido al \u201cproceso de cambio\u201d y ha recuperado sus banderas iniciales; aquello que hizo posible la resistencia al golpe del 2019 y la recuperaci\u00f3n<br \/>\ndemocr\u00e1tica del 2020. Entonces, el marginamiento y la difamaci\u00f3n desatada contra el vicepresidente, no s\u00f3lo divide peligrosamente a las organizaciones populares y desarticula la unidad del pueblo como bloque pol\u00edtico, sino, lo que es m\u00e1s grave, desplaza el horizonte popular por el m\u00e1s crudo y pedestre c\u00e1lculo pol\u00edtico, es decir, la reconquista del poder a toda costa.<br \/>\n\u00bfA quien le interesa desarticular el bloque popular? En una situaci\u00f3n hipot\u00e9tica, de desgaste provocado por la beligerancia y conflictividad creciente, ya no tanto por parte de la derecha sino, infelizmente, provocada desde el propio MAS, la ingobernabilidad s\u00f3lo lograr\u00eda, de nuevo, el retorno inmerecido de la derecha; as\u00ed la izquierda, en este caso, el MAS, reafirmar\u00eda su eterna maldici\u00f3n: rifar, de nuevo, el horizonte popular para el disfrute fascista de una derecha empoderada.<br \/>\nSi hay algo que se fue diluyendo, infelizmente, en las dos \u00faltimas gestiones del \u201cgobierno del cambio\u201d, fue precisamente el horizonte pol\u00edtico que se hab\u00eda plasmado en la nueva constituci\u00f3n: el proyecto plurinacional del \u201cvivir bien\u201d. Y si algo compendia ese horizonte, lo grafica de modo diverso y plural, lo ondea como algo vivo y prometedor, es la Wiphala. Por eso el ensa\u00f1amiento fascista contra la Wiphala, porque en ella iba a renacer el esp\u00edritu del Estado plurinacional.<br \/>\nSin esp\u00edritu, o sea, sin ajayu, el pueblo deja de ser sujeto y, en consecuencia, s\u00f3lo obedece y se somete, se vuelve objeto. Un pueblo que recupera su ajayu, no se somete; y eso fue lo que derrot\u00f3 al golpe y la dictadura: la recuperaci\u00f3n de nuestro ajayu, la qamasa, nuestro amuyu, el saphi, nuestro thakhi. Recuperar el esp\u00edritu, signific\u00f3 recuperar la fuerza, el poder, nuestro pensamiento, nuestra ra\u00edz y nuestro camino. Como pueblo derrotamos al golpe y la dictadura. No venci\u00f3 la sigla pol\u00edtica y menos la c\u00fapula pol\u00edtica desplazada. El triunfo fue del pueblo, como pueblo autoconvocado, demostrando, otra vez, su vocaci\u00f3n democr\u00e1tica, restituyendo al Estado plurinacional y sus contenidos ind\u00edgena-populares.<br \/>\nEso es lo que representa el vicepresidente Choquehuanca; por eso fue \u00e9l quien rearticul\u00f3 el voto popular en torno al MAS (como tambi\u00e9n Felipe Quispe, el Mallku, u Orlando Guti\u00e9rrez, l\u00edderes despreciados por la c\u00fapula), restituyendo la confianza perdida y la esperanza aplazada.<br \/>\nEl pueblo, con la derrota del golpe y la dictadura, abri\u00f3 un nuevo momento del \u201cproceso de cambio\u201d; un nuevo momento que posicion\u00f3 a nuevos actores y nuevos liderazgos, restaurando el diferido contenido plurinacional del Estado, el \u201cvivir bien\u201d y la descolonizaci\u00f3n.<br \/>\nEste nuevo momento deb\u00eda consolidar el poder popular en cuanto continuo ejercicio deliberativo de la revoluci\u00f3n democr\u00e1tico-cultural. Pero, otra vez, el tufillo del triunfo despert\u00f3, en los restos de la c\u00fapula anterior, la ilusi\u00f3n de que el triunfo era de ellos y que el pueblo hab\u00eda votado por ellos. El desatino se demostr\u00f3 en las elecciones subnacionales, cuando el dedazo se impuso de nuevo y arrincon\u00f3, otra vez, al pueblo, a mero obediente de decisiones cupulares que condujeron a un nuevo fracaso.<br \/>\nLa resistencia popular fue ninguneada y marginada, del mismo modo como se pretende marginar, mediante el embuste, a quien aparece como el nuevo articulador de los necesarios nuevos liderazgos que requiere un proceso renacido en el peor de los escenarios, como fuel el golpe h\u00edbrido balcanizador.<br \/>\nEl binomio que fue propuesto por el pueblo fue, como la nueva constituci\u00f3n, \u201cabierta\u201d y revisada en ileg\u00edtimos espacios de decisi\u00f3n de quienes, habiendo abandonado al pueblo, todav\u00eda se dieron \u00ednfulas de poder, siempre al margen de la decisi\u00f3n popular. El \u201cevismo\u201d impone su presencia en este nuevo momento y, a la fuerza, insiste en un liderazgo que s\u00f3lo provocar\u00e1 un rechazo creciente, logrando que la derecha se unifique, gracias a esa desatinada insistencia.<\/p>\n<p>El pueblo apost\u00f3 por el MAS, porque la derecha hab\u00eda hecho de esa sigla, un estigma racial que desat\u00f3 el odio se\u00f1orialista urbano-fascista contra el propio pueblo. La derecha fascista asalt\u00f3 el poder pol\u00edtico con una soberbia manifiesta porque crey\u00f3 que se iba a quedar para siempre; por eso rob\u00f3 de modo impune, porque en sus c\u00e1lculos, el pueblo hab\u00eda sido derrotado porque, de nuevo, crey\u00f3 que, acabando con alguien se\u00f1alizado, acababa con lo dem\u00e1s.<br \/>\nDos p\u00e9simas lecturas pol\u00edticas que trascienden ideolog\u00edas opuestas y muestran que sus desavenencias son coincidentes en sus c\u00e1lculos pol\u00edticos. Pues el mismo ensa\u00f1amiento que se le ten\u00eda al Evo, ahora sus seguidores y hasta \u00e9l mismo, lo desata sobre quien sintetiza ahora la recuperaci\u00f3n del horizonte plurinacional.<br \/>\nDe ese modo el MAS no s\u00f3lo socava su propia proyecci\u00f3n pol\u00edtica sino pone en riesgo la propia democracia recuperada; en tal escenario, la derecha no necesita de una estrategia ofensiva, le basta ver, de palco, la pelea intestina (provocada por los afanes de poder absoluto) en las organizaciones.<br \/>\nCuando nos refer\u00edamos, en anteriores ensayos, a la derechizaci\u00f3n del gobierno del cambio, destac\u00e1bamos la incapacidad de distinguir el proyecto plurinacional, como el horizonte pol\u00edtico, y el gobierno del MAS, como su determinaci\u00f3n pol\u00edtica circunstancial; esto llev\u00f3 a confundir al proyecto con el l\u00edder.<br \/>\nPero el verdadero liderazgo es aqu\u00e9l que desaparece, es decir, el que sabe retirarse detr\u00e1s del pueblo y darle su lugar, para hacer del pueblo sujeto y actor definitivo, creador de su propia transformaci\u00f3n. Por eso el verdadero l\u00edder es aqu\u00e9l que sabe potenciar las capacidades hist\u00f3rico-pol\u00edticas del pueblo, despertar su propio poder, su potencia y su autodeterminaci\u00f3n. Por eso puede retirarse dignamente, cubierto de la alegr\u00eda de un pueblo agradecido, pasando a ser consejero y mentor, ejemplo siempre a seguir.<br \/>\nPor ello no es raro el encono desatado contra el vicepresidente; porque a ninguna c\u00fapula de poder le conviene que alguien siembre en las bases la rebeld\u00eda sabia, el esp\u00edritu cr\u00edtico, la descolonizaci\u00f3n del poder, la cultura de la vida, el pensar en libertad, etc.<\/p>\n<p>Al c\u00e1lculo pol\u00edtico, que es el credo de los pol\u00edticos tradicionales y s\u00f3lo consiste en la acumulaci\u00f3n de m\u00e1s poder, le conviene convertir la formaci\u00f3n en mera y b\u00e1sica informaci\u00f3n. A toda c\u00fapula de poder, no le interesa educar al pueblo, s\u00f3lo sacarlo a marchar y votar. En eso, la izquierda y la derecha no se distinguen; su proceder hist\u00f3rico ha decantado tambi\u00e9n en la apuesta aristocr\u00e1tica, de desprecio al pueblo.<br \/>\nPor eso el golpe desconcert\u00f3 a un pueblo que padec\u00eda ya el desencanto de ver reducidas sus expectativas pol\u00edticas. S\u00f3lo la Wiphala, su indigna defenestraci\u00f3n, pudo hacer posible la restauraci\u00f3n de un esp\u00edritu humillado.<br \/>\nEntonces el pueblo pudo activar su memoria milenaria y ascender al m\u00e1ximo de autoconsciencia hist\u00f3rica, levantando la Wiphala, como quien levanta su cuerpo abatido.<br \/>\nEstamos en otro tiempo, el tiempo del Pachakuti, del vuelco del mundo.<br \/>\nPor eso el vicepresidente habla un lenguaje que los medios no entienden, hace una pol\u00edtica que descoloca a los ortodoxos y se presenta, incluso, como un \u201carticulador\u201d de los nuevos liderazgos j\u00f3venes.<br \/>\nEn \u00e9l se decanta este nuevo momento. Por eso la guerra desatada es injusta e in\u00fatil. Lo que representa es lo que la propia juventud del cambio est\u00e1 pariendo como horizonte definitivo: el \u201cvivir bien\u201d como una nueva forma de vida, como la alternativa verdadera al colapso civilizatorio del mundo moderno-occidental. Un horizonte incomprensible para los liderazgos tradicionales, que hablan demasiado, pero ya no dicen nada.<\/p>\n<p>&nbsp;<\/p>\n<p>*Actuamente director de Geopol\u00edtica de la Vicepresidencia de Bolivia<\/p>\n","protected":false},"excerpt":{"rendered":"<p>Por Rafael Bautista S.* Se ha desatado (contra el vicepresidente David Choquehuanca) una guerra injusta y hasta in\u00fatil; porque lo que ha de provocar no es, ni siquiera, acabar con la supuesta \u201ccompetencia\u201d del \u201cl\u00edder \u00fanico\u201d, sino desarticular irremediablemente al&hellip;<\/p>\n","protected":false},"author":1435,"featured_media":1503629,"comment_status":"closed","ping_status":"closed","sticky":false,"template":"","format":"standard","meta":{"footnotes":""},"categories":[11389,161,74,67],"tags":[1646,22987],"class_list":["post-1503628","post","type-post","status-publish","format-standard","has-post-thumbnail","hentry","category-contenido-original","category-opiniones","category-politica-es","category-sudamerica","tag-bolivia","tag-david-choquehuanca"],"yoast_head":"<!-- This site is optimized with the Yoast SEO plugin v27.1.1 - https:\/\/yoast.com\/product\/yoast-seo-wordpress\/ -->\n<title>Cuando el \u201cMAS\u201d se hace menos<\/title>\n<meta name=\"description\" content=\"Por Rafael Bautista S.* Se ha desatado (contra el vicepresidente David Choquehuanca) una guerra injusta y hasta in\u00fatil; porque lo que ha de provocar no\" \/>\n<meta name=\"robots\" content=\"index, follow, max-snippet:-1, max-image-preview:large, max-video-preview:-1\" \/>\n<link rel=\"canonical\" href=\"https:\/\/www.pressenza.com\/es\/2022\/01\/cunado-el-mas-se-hace-menos\/\" \/>\n<meta property=\"og:locale\" content=\"es_ES\" \/>\n<meta property=\"og:type\" content=\"article\" \/>\n<meta property=\"og:title\" content=\"Cuando el \u201cMAS\u201d se hace menos\" \/>\n<meta property=\"og:description\" content=\"Por Rafael Bautista S.* Se ha desatado (contra el vicepresidente David Choquehuanca) una guerra injusta y hasta in\u00fatil; porque lo que ha de provocar no\" \/>\n<meta property=\"og:url\" content=\"https:\/\/www.pressenza.com\/es\/2022\/01\/cunado-el-mas-se-hace-menos\/\" \/>\n<meta property=\"og:site_name\" content=\"Pressenza\" \/>\n<meta property=\"article:publisher\" content=\"https:\/\/www.facebook.com\/PressenzaItalia\" \/>\n<meta property=\"article:published_time\" content=\"2022-01-15T19:12:20+00:00\" \/>\n<meta property=\"article:modified_time\" content=\"2022-01-15T22:23:40+00:00\" \/>\n<meta property=\"og:image\" content=\"https:\/\/www.pressenza.com\/wp-content\/uploads\/2022\/01\/indice.jpeg\" \/>\n\t<meta property=\"og:image:width\" content=\"225\" \/>\n\t<meta property=\"og:image:height\" content=\"225\" \/>\n\t<meta property=\"og:image:type\" content=\"image\/jpeg\" \/>\n<meta name=\"author\" content=\"Redacci\u00f3n Bolivia\" \/>\n<meta name=\"twitter:card\" content=\"summary_large_image\" \/>\n<meta name=\"twitter:creator\" content=\"@PressenzaIPA\" \/>\n<meta name=\"twitter:site\" content=\"@PressenzaIPA\" \/>\n<meta name=\"twitter:label1\" content=\"Escrito por\" \/>\n\t<meta name=\"twitter:data1\" content=\"Redacci\u00f3n Bolivia\" \/>\n\t<meta name=\"twitter:label2\" content=\"Tiempo de lectura\" \/>\n\t<meta name=\"twitter:data2\" content=\"9 minutos\" \/>\n<script type=\"application\/ld+json\" class=\"yoast-schema-graph\">{\"@context\":\"https:\/\/schema.org\",\"@graph\":[{\"@type\":\"Article\",\"@id\":\"https:\/\/www.pressenza.com\/es\/2022\/01\/cunado-el-mas-se-hace-menos\/#article\",\"isPartOf\":{\"@id\":\"https:\/\/www.pressenza.com\/es\/2022\/01\/cunado-el-mas-se-hace-menos\/\"},\"author\":{\"name\":\"Redacci\u00f3n Bolivia\",\"@id\":\"https:\/\/www.pressenza.com\/es\/#\/schema\/person\/258a972fa92fd0a3a6243c920d569d83\"},\"headline\":\"Cuando el \u201cMAS\u201d se hace menos\",\"datePublished\":\"2022-01-15T19:12:20+00:00\",\"dateModified\":\"2022-01-15T22:23:40+00:00\",\"mainEntityOfPage\":{\"@id\":\"https:\/\/www.pressenza.com\/es\/2022\/01\/cunado-el-mas-se-hace-menos\/\"},\"wordCount\":1731,\"publisher\":{\"@id\":\"https:\/\/www.pressenza.com\/es\/#organization\"},\"image\":{\"@id\":\"https:\/\/www.pressenza.com\/es\/2022\/01\/cunado-el-mas-se-hace-menos\/#primaryimage\"},\"thumbnailUrl\":\"https:\/\/www.pressenza.com\/wp-content\/uploads\/2022\/01\/indice.jpeg\",\"keywords\":[\"Bolivia\",\"David Choquehuanca\"],\"articleSection\":[\"Contenido Original\",\"Opiniones\",\"Pol\u00edtica\",\"Sudam\u00e9rica\"],\"inLanguage\":\"es\"},{\"@type\":\"WebPage\",\"@id\":\"https:\/\/www.pressenza.com\/es\/2022\/01\/cunado-el-mas-se-hace-menos\/\",\"url\":\"https:\/\/www.pressenza.com\/es\/2022\/01\/cunado-el-mas-se-hace-menos\/\",\"name\":\"Cuando el \u201cMAS\u201d se hace menos\",\"isPartOf\":{\"@id\":\"https:\/\/www.pressenza.com\/es\/#website\"},\"primaryImageOfPage\":{\"@id\":\"https:\/\/www.pressenza.com\/es\/2022\/01\/cunado-el-mas-se-hace-menos\/#primaryimage\"},\"image\":{\"@id\":\"https:\/\/www.pressenza.com\/es\/2022\/01\/cunado-el-mas-se-hace-menos\/#primaryimage\"},\"thumbnailUrl\":\"https:\/\/www.pressenza.com\/wp-content\/uploads\/2022\/01\/indice.jpeg\",\"datePublished\":\"2022-01-15T19:12:20+00:00\",\"dateModified\":\"2022-01-15T22:23:40+00:00\",\"description\":\"Por Rafael Bautista S.* Se ha desatado (contra el vicepresidente David Choquehuanca) una guerra injusta y hasta in\u00fatil; porque lo que ha de provocar no\",\"breadcrumb\":{\"@id\":\"https:\/\/www.pressenza.com\/es\/2022\/01\/cunado-el-mas-se-hace-menos\/#breadcrumb\"},\"inLanguage\":\"es\",\"potentialAction\":[{\"@type\":\"ReadAction\",\"target\":[\"https:\/\/www.pressenza.com\/es\/2022\/01\/cunado-el-mas-se-hace-menos\/\"]}]},{\"@type\":\"ImageObject\",\"inLanguage\":\"es\",\"@id\":\"https:\/\/www.pressenza.com\/es\/2022\/01\/cunado-el-mas-se-hace-menos\/#primaryimage\",\"url\":\"https:\/\/www.pressenza.com\/wp-content\/uploads\/2022\/01\/indice.jpeg\",\"contentUrl\":\"https:\/\/www.pressenza.com\/wp-content\/uploads\/2022\/01\/indice.jpeg\",\"width\":225,\"height\":225,\"caption\":\"nl-nl.facebook.com\"},{\"@type\":\"BreadcrumbList\",\"@id\":\"https:\/\/www.pressenza.com\/es\/2022\/01\/cunado-el-mas-se-hace-menos\/#breadcrumb\",\"itemListElement\":[{\"@type\":\"ListItem\",\"position\":1,\"name\":\"Accueil\",\"item\":\"https:\/\/www.pressenza.com\/es\/\"},{\"@type\":\"ListItem\",\"position\":2,\"name\":\"Cuando el \u201cMAS\u201d se hace menos\"}]},{\"@type\":\"WebSite\",\"@id\":\"https:\/\/www.pressenza.com\/es\/#website\",\"url\":\"https:\/\/www.pressenza.com\/es\/\",\"name\":\"Pressenza\",\"description\":\"International Press Agency\",\"publisher\":{\"@id\":\"https:\/\/www.pressenza.com\/es\/#organization\"},\"potentialAction\":[{\"@type\":\"SearchAction\",\"target\":{\"@type\":\"EntryPoint\",\"urlTemplate\":\"https:\/\/www.pressenza.com\/es\/?s={search_term_string}\"},\"query-input\":{\"@type\":\"PropertyValueSpecification\",\"valueRequired\":true,\"valueName\":\"search_term_string\"}}],\"inLanguage\":\"es\"},{\"@type\":\"Organization\",\"@id\":\"https:\/\/www.pressenza.com\/es\/#organization\",\"name\":\"Pressenza\",\"url\":\"https:\/\/www.pressenza.com\/es\/\",\"logo\":{\"@type\":\"ImageObject\",\"inLanguage\":\"es\",\"@id\":\"https:\/\/www.pressenza.com\/es\/#\/schema\/logo\/image\/\",\"url\":\"https:\/\/www.pressenza.com\/wp-content\/uploads\/2022\/10\/pressenza_logo_200x200.jpg\",\"contentUrl\":\"https:\/\/www.pressenza.com\/wp-content\/uploads\/2022\/10\/pressenza_logo_200x200.jpg\",\"width\":200,\"height\":200,\"caption\":\"Pressenza\"},\"image\":{\"@id\":\"https:\/\/www.pressenza.com\/es\/#\/schema\/logo\/image\/\"},\"sameAs\":[\"https:\/\/www.facebook.com\/PressenzaItalia\",\"https:\/\/x.com\/PressenzaIPA\"]},{\"@type\":\"Person\",\"@id\":\"https:\/\/www.pressenza.com\/es\/#\/schema\/person\/258a972fa92fd0a3a6243c920d569d83\",\"name\":\"Redacci\u00f3n Bolivia\",\"description\":\"News published by the Pressenza bureau in Bolivia\",\"url\":\"https:\/\/www.pressenza.com\/es\/author\/redaccion-bolivia\/\"}]}<\/script>\n<!-- \/ Yoast SEO plugin. -->","yoast_head_json":{"title":"Cuando el \u201cMAS\u201d se hace menos","description":"Por Rafael Bautista S.* Se ha desatado (contra el vicepresidente David Choquehuanca) una guerra injusta y hasta in\u00fatil; porque lo que ha de provocar no","robots":{"index":"index","follow":"follow","max-snippet":"max-snippet:-1","max-image-preview":"max-image-preview:large","max-video-preview":"max-video-preview:-1"},"canonical":"https:\/\/www.pressenza.com\/es\/2022\/01\/cunado-el-mas-se-hace-menos\/","og_locale":"es_ES","og_type":"article","og_title":"Cuando el \u201cMAS\u201d se hace menos","og_description":"Por Rafael Bautista S.* Se ha desatado (contra el vicepresidente David Choquehuanca) una guerra injusta y hasta in\u00fatil; porque lo que ha de provocar no","og_url":"https:\/\/www.pressenza.com\/es\/2022\/01\/cunado-el-mas-se-hace-menos\/","og_site_name":"Pressenza","article_publisher":"https:\/\/www.facebook.com\/PressenzaItalia","article_published_time":"2022-01-15T19:12:20+00:00","article_modified_time":"2022-01-15T22:23:40+00:00","og_image":[{"width":225,"height":225,"url":"https:\/\/www.pressenza.com\/wp-content\/uploads\/2022\/01\/indice.jpeg","type":"image\/jpeg"}],"author":"Redacci\u00f3n Bolivia","twitter_card":"summary_large_image","twitter_creator":"@PressenzaIPA","twitter_site":"@PressenzaIPA","twitter_misc":{"Escrito por":"Redacci\u00f3n Bolivia","Tiempo de lectura":"9 minutos"},"schema":{"@context":"https:\/\/schema.org","@graph":[{"@type":"Article","@id":"https:\/\/www.pressenza.com\/es\/2022\/01\/cunado-el-mas-se-hace-menos\/#article","isPartOf":{"@id":"https:\/\/www.pressenza.com\/es\/2022\/01\/cunado-el-mas-se-hace-menos\/"},"author":{"name":"Redacci\u00f3n Bolivia","@id":"https:\/\/www.pressenza.com\/es\/#\/schema\/person\/258a972fa92fd0a3a6243c920d569d83"},"headline":"Cuando el \u201cMAS\u201d se hace menos","datePublished":"2022-01-15T19:12:20+00:00","dateModified":"2022-01-15T22:23:40+00:00","mainEntityOfPage":{"@id":"https:\/\/www.pressenza.com\/es\/2022\/01\/cunado-el-mas-se-hace-menos\/"},"wordCount":1731,"publisher":{"@id":"https:\/\/www.pressenza.com\/es\/#organization"},"image":{"@id":"https:\/\/www.pressenza.com\/es\/2022\/01\/cunado-el-mas-se-hace-menos\/#primaryimage"},"thumbnailUrl":"https:\/\/www.pressenza.com\/wp-content\/uploads\/2022\/01\/indice.jpeg","keywords":["Bolivia","David Choquehuanca"],"articleSection":["Contenido Original","Opiniones","Pol\u00edtica","Sudam\u00e9rica"],"inLanguage":"es"},{"@type":"WebPage","@id":"https:\/\/www.pressenza.com\/es\/2022\/01\/cunado-el-mas-se-hace-menos\/","url":"https:\/\/www.pressenza.com\/es\/2022\/01\/cunado-el-mas-se-hace-menos\/","name":"Cuando el \u201cMAS\u201d se hace menos","isPartOf":{"@id":"https:\/\/www.pressenza.com\/es\/#website"},"primaryImageOfPage":{"@id":"https:\/\/www.pressenza.com\/es\/2022\/01\/cunado-el-mas-se-hace-menos\/#primaryimage"},"image":{"@id":"https:\/\/www.pressenza.com\/es\/2022\/01\/cunado-el-mas-se-hace-menos\/#primaryimage"},"thumbnailUrl":"https:\/\/www.pressenza.com\/wp-content\/uploads\/2022\/01\/indice.jpeg","datePublished":"2022-01-15T19:12:20+00:00","dateModified":"2022-01-15T22:23:40+00:00","description":"Por Rafael Bautista S.* Se ha desatado (contra el vicepresidente David Choquehuanca) una guerra injusta y hasta in\u00fatil; porque lo que ha de provocar no","breadcrumb":{"@id":"https:\/\/www.pressenza.com\/es\/2022\/01\/cunado-el-mas-se-hace-menos\/#breadcrumb"},"inLanguage":"es","potentialAction":[{"@type":"ReadAction","target":["https:\/\/www.pressenza.com\/es\/2022\/01\/cunado-el-mas-se-hace-menos\/"]}]},{"@type":"ImageObject","inLanguage":"es","@id":"https:\/\/www.pressenza.com\/es\/2022\/01\/cunado-el-mas-se-hace-menos\/#primaryimage","url":"https:\/\/www.pressenza.com\/wp-content\/uploads\/2022\/01\/indice.jpeg","contentUrl":"https:\/\/www.pressenza.com\/wp-content\/uploads\/2022\/01\/indice.jpeg","width":225,"height":225,"caption":"nl-nl.facebook.com"},{"@type":"BreadcrumbList","@id":"https:\/\/www.pressenza.com\/es\/2022\/01\/cunado-el-mas-se-hace-menos\/#breadcrumb","itemListElement":[{"@type":"ListItem","position":1,"name":"Accueil","item":"https:\/\/www.pressenza.com\/es\/"},{"@type":"ListItem","position":2,"name":"Cuando el \u201cMAS\u201d se hace menos"}]},{"@type":"WebSite","@id":"https:\/\/www.pressenza.com\/es\/#website","url":"https:\/\/www.pressenza.com\/es\/","name":"Pressenza","description":"International Press Agency","publisher":{"@id":"https:\/\/www.pressenza.com\/es\/#organization"},"potentialAction":[{"@type":"SearchAction","target":{"@type":"EntryPoint","urlTemplate":"https:\/\/www.pressenza.com\/es\/?s={search_term_string}"},"query-input":{"@type":"PropertyValueSpecification","valueRequired":true,"valueName":"search_term_string"}}],"inLanguage":"es"},{"@type":"Organization","@id":"https:\/\/www.pressenza.com\/es\/#organization","name":"Pressenza","url":"https:\/\/www.pressenza.com\/es\/","logo":{"@type":"ImageObject","inLanguage":"es","@id":"https:\/\/www.pressenza.com\/es\/#\/schema\/logo\/image\/","url":"https:\/\/www.pressenza.com\/wp-content\/uploads\/2022\/10\/pressenza_logo_200x200.jpg","contentUrl":"https:\/\/www.pressenza.com\/wp-content\/uploads\/2022\/10\/pressenza_logo_200x200.jpg","width":200,"height":200,"caption":"Pressenza"},"image":{"@id":"https:\/\/www.pressenza.com\/es\/#\/schema\/logo\/image\/"},"sameAs":["https:\/\/www.facebook.com\/PressenzaItalia","https:\/\/x.com\/PressenzaIPA"]},{"@type":"Person","@id":"https:\/\/www.pressenza.com\/es\/#\/schema\/person\/258a972fa92fd0a3a6243c920d569d83","name":"Redacci\u00f3n Bolivia","description":"News published by the Pressenza bureau in Bolivia","url":"https:\/\/www.pressenza.com\/es\/author\/redaccion-bolivia\/"}]}},"place":"La Paz, Bolivia","original_article_url":"","_links":{"self":[{"href":"https:\/\/www.pressenza.com\/es\/wp-json\/wp\/v2\/posts\/1503628","targetHints":{"allow":["GET"]}}],"collection":[{"href":"https:\/\/www.pressenza.com\/es\/wp-json\/wp\/v2\/posts"}],"about":[{"href":"https:\/\/www.pressenza.com\/es\/wp-json\/wp\/v2\/types\/post"}],"author":[{"embeddable":true,"href":"https:\/\/www.pressenza.com\/es\/wp-json\/wp\/v2\/users\/1435"}],"replies":[{"embeddable":true,"href":"https:\/\/www.pressenza.com\/es\/wp-json\/wp\/v2\/comments?post=1503628"}],"version-history":[{"count":0,"href":"https:\/\/www.pressenza.com\/es\/wp-json\/wp\/v2\/posts\/1503628\/revisions"}],"wp:featuredmedia":[{"embeddable":true,"href":"https:\/\/www.pressenza.com\/es\/wp-json\/wp\/v2\/media\/1503629"}],"wp:attachment":[{"href":"https:\/\/www.pressenza.com\/es\/wp-json\/wp\/v2\/media?parent=1503628"}],"wp:term":[{"taxonomy":"category","embeddable":true,"href":"https:\/\/www.pressenza.com\/es\/wp-json\/wp\/v2\/categories?post=1503628"},{"taxonomy":"post_tag","embeddable":true,"href":"https:\/\/www.pressenza.com\/es\/wp-json\/wp\/v2\/tags?post=1503628"}],"curies":[{"name":"wp","href":"https:\/\/api.w.org\/{rel}","templated":true}]}}