{"id":1502989,"date":"2022-01-14T00:57:33","date_gmt":"2022-01-14T00:57:33","guid":{"rendered":"https:\/\/www.pressenza.com\/?p=1502989"},"modified":"2022-01-14T00:57:33","modified_gmt":"2022-01-14T00:57:33","slug":"kazajistan-expertos-condenan-el-uso-de-la-fuerza-letal-contra-manifestantes-y-el-calificativo-terroristas","status":"publish","type":"post","link":"https:\/\/www.pressenza.com\/es\/2022\/01\/kazajistan-expertos-condenan-el-uso-de-la-fuerza-letal-contra-manifestantes-y-el-calificativo-terroristas\/","title":{"rendered":"Kazajist\u00e1n: expertos condenan el uso de la fuerza letal contra manifestantes y el calificativo \u00abterroristas\u201d"},"content":{"rendered":"<p style=\"padding-left: 40px;\">El uso partidista de ese t\u00e9rmino contra los manifestantes en la naci\u00f3n asi\u00e1tica busca transmitir miedo, es incompatible con el derecho internacional y socavaba los derechos humanos de todas las personas en Kazajist\u00e1n, afirma un grupo de especialistas de la ONU en derechos humanos.<\/p>\n<p>Al igual que la Alta Comisionada de la ONU para los Derechos Humanos hace unos d\u00edas, un grupo de expertos de la Organizaci\u00f3n en garant\u00edas fundamentales* pidieron este martes a las autoridades y a los cuerpos de seguridad de Kazajist\u00e1n que pongan fin al uso incontrolado de la fuerza contra los manifestantes.<\/p>\n<p>Tanto los especialistas como Michelle Bachelet, quien record\u00f3 en un mensaje en su cuenta de Twitter que el n\u00famero de v\u00edctimas mortales en los recientes disturbios ya ascienden a 164, demandaron que se conduzcan investigaciones independientes sobre el uso de la fuerza contra las personas que salieron a manifestarse.<\/p>\n<p>Los expertos se mostraron especialmente preocupados por la orden emitida por el presidente kazajo, Kasim Yomart Tok\u00e1yev, de \u201cabrir fuego letal contra los manifestantes si estos ofrec\u00edan resistencia a las autoridades. El mandatario calific\u00f3 adem\u00e1s a los participantes en las protestas de \u201cbandidos y terroristas\u201d.<\/p>\n<h3>No se puede calificar a los manifestantes de terroristas<\/h3>\n<p>Con relaci\u00f3n a este \u00faltimo vocablo, la relatora especial sobre la lucha contra el terrorismo y los derechos humanos, Fionnuala N\u00ed Aol\u00e1in, se\u00f1al\u00f3 que, en este contexto, el uso excesivamente generalizado de la palabra \u00abterrorismo\u00bb contra manifestantes, activistas, defensores de los derechos humanos, periodistas y partidos pol\u00edticos \u201cparece destinado a infundir miedo\u201d y es \u201cprofundamente preocupante\u201d.<\/p>\n<p>Los expertos advirtieron que el uso \u201cinexacto, ret\u00f3rico y excesivamente amplio\u201d de la palabra, es incompatible con el derecho internacional y mina los derechos humanos de toda la poblaci\u00f3n de Kazajist\u00e1n.<\/p>\n<p>\u201cEl mal empleo de la palabra \u00abterrorismo\u00bb\u00a0socava la seguridad de todos\u00a0y minimiza el sentido de este t\u00e9rmino,\u00a0que tiene un significado espec\u00edfico en el derecho internacional\u201d.<\/p>\n<p>Del mismo modo, destacaron que no debe utilizarse este tipo de lenguaje \u201cpara silenciar a quienes no comparten la opini\u00f3n del gobierno, a quienes protestan por las condiciones sociales y econ\u00f3micas y a quienes expresan opiniones pol\u00edticas\u201d, e indicaron que los actos violentos deben tratarse dentro del marco del c\u00f3digo penal de Kazajist\u00e1n.<\/p>\n<p>\u201cEl gobierno debe proteger el ejercicio leg\u00edtimo de las libertades fundamentales, incluida la libertad de expresi\u00f3n y de reuni\u00f3n y asociaci\u00f3n pac\u00edficas\u201d, recordaron.<\/p>\n<p>Los especialistas tambi\u00e9n indicaron que la fuerza letal solo debe utilizarse en defensa propia y cuando se hayan agotado todos los dem\u00e1s medios, incluidos los no letales. Agregaron que estos principios tambi\u00e9n se aplican a las fuerzas extranjeras que operan en el territorio kazajo con su consentimiento.<\/p>\n<p>Las protestas en Kazajist\u00e1n se iniciaron el pasado 2 de enero cuando el gobierno aument\u00f3 el precio del gas para uso dom\u00e9stico y en veh\u00edculos. Desde ese d\u00eda, los disturbios se han extendido en el pa\u00eds, sacando a flote reclamos de larga data.<\/p>\n<hr \/>\n<p>*Los expertos firmantes de la declaraci\u00f3n son: Fionnuala N\u00ed Aol\u00e1in, relatora especial sobre la promoci\u00f3n y protecci\u00f3n de los derechos humanos en la lucha contra el terrorismo; Morris Tidball-Binz, relator especial sobre ejecuciones extrajudiciales, sumarias o arbitrarias; Nils Melzer, relator especial sobre la tortura y otros tratos o penas crueles, inhumanos o degradantes; Mary Lawlor, relatora especial sobre la situaci\u00f3n de los defensores de los derechos humanos; y Melissa Upreti (presidenta), Dorothy Estrada-Tanck (vicepresidenta), Elizabeth Broderick, Ivana Rada\u010di\u0107 y Meskerem Geset Techane, del Grupo de Trabajo sobre la discriminaci\u00f3n contra las mujeres y las ni\u00f1as.<\/p>\n<p><em>Los relatores especiales forman parte de lo que se conoce como Procedimientos Especiales del Consejo de Derechos Humanos. Los Procedimientos Especiales, el mayor \u00f3rgano de expertos independientes del sistema de derechos humanos de la ONU, es el nombre general de los mecanismos independientes de investigaci\u00f3n y supervisi\u00f3n del Consejo que se ocupan de situaciones espec\u00edficas de pa\u00edses o de cuestiones tem\u00e1ticas en todas las partes del mundo. Los expertos de los Procedimientos Especiales trabajan de forma voluntaria; no son personal de la ONU y no reciben un salario por su trabajo. Son independientes de cualquier gobierno u organizaci\u00f3n y prestan sus servicios a t\u00edtulo individual.<\/em><\/p>\n","protected":false},"excerpt":{"rendered":"<p>El uso partidista de ese t\u00e9rmino contra los manifestantes en la naci\u00f3n asi\u00e1tica busca transmitir miedo, es incompatible con el derecho internacional y socavaba los derechos humanos de todas las personas en Kazajist\u00e1n, afirma un grupo de especialistas de la&hellip;<\/p>\n","protected":false},"author":933,"featured_media":1502990,"comment_status":"closed","ping_status":"closed","sticky":false,"template":"","format":"standard","meta":{"footnotes":""},"categories":[65,79,74],"tags":[441,63364,679,20092,350],"class_list":["post-1502989","post","type-post","status-publish","format-standard","has-post-thumbnail","hentry","category-asia-es","category-derechos-humanos","category-politica-es","tag-derechos-humanos","tag-kazajistan","tag-onu-es","tag-oposicion","tag-terrorismo-es"],"yoast_head":"<!-- This site is optimized with the Yoast SEO plugin v27.1.1 - https:\/\/yoast.com\/product\/yoast-seo-wordpress\/ -->\n<title>Kazajist\u00e1n: expertos condenan el uso de la fuerza letal contra manifestantes y el calificativo &quot;terroristas\u201d<\/title>\n<meta name=\"description\" content=\"El uso partidista de ese t\u00e9rmino contra los manifestantes en la naci\u00f3n asi\u00e1tica busca transmitir miedo, es incompatible con el derecho internacional y\" \/>\n<meta name=\"robots\" content=\"index, follow, max-snippet:-1, max-image-preview:large, max-video-preview:-1\" \/>\n<link rel=\"canonical\" href=\"https:\/\/www.pressenza.com\/es\/2022\/01\/kazajistan-expertos-condenan-el-uso-de-la-fuerza-letal-contra-manifestantes-y-el-calificativo-terroristas\/\" \/>\n<meta property=\"og:locale\" content=\"es_ES\" \/>\n<meta property=\"og:type\" content=\"article\" \/>\n<meta property=\"og:title\" content=\"Kazajist\u00e1n: expertos condenan el uso de la fuerza letal contra manifestantes y el calificativo &quot;terroristas\u201d\" \/>\n<meta property=\"og:description\" content=\"El uso partidista de ese t\u00e9rmino contra los manifestantes en la naci\u00f3n asi\u00e1tica busca transmitir miedo, es incompatible con el derecho internacional y\" \/>\n<meta property=\"og:url\" content=\"https:\/\/www.pressenza.com\/es\/2022\/01\/kazajistan-expertos-condenan-el-uso-de-la-fuerza-letal-contra-manifestantes-y-el-calificativo-terroristas\/\" \/>\n<meta property=\"og:site_name\" content=\"Pressenza\" \/>\n<meta property=\"article:publisher\" content=\"https:\/\/www.facebook.com\/PressenzaItalia\" \/>\n<meta property=\"article:author\" content=\"https:\/\/www.facebook.com\/UN.News.Centre\" \/>\n<meta property=\"article:published_time\" content=\"2022-01-14T00:57:33+00:00\" \/>\n<meta property=\"og:image\" content=\"https:\/\/www.pressenza.com\/wp-content\/uploads\/2022\/01\/Kazajsta\u0301n-Alexander-Serzhantov-Unsplash.jpg\" \/>\n\t<meta property=\"og:image:width\" content=\"1024\" \/>\n\t<meta property=\"og:image:height\" content=\"463\" \/>\n\t<meta property=\"og:image:type\" content=\"image\/jpeg\" \/>\n<meta name=\"author\" content=\"UN News Centre\" \/>\n<meta name=\"twitter:card\" content=\"summary_large_image\" \/>\n<meta name=\"twitter:creator\" content=\"@UN_News_Centre\" \/>\n<meta name=\"twitter:site\" content=\"@PressenzaIPA\" \/>\n<meta name=\"twitter:label1\" content=\"Escrito por\" \/>\n\t<meta name=\"twitter:data1\" content=\"UN News Centre\" \/>\n\t<meta name=\"twitter:label2\" content=\"Tiempo de lectura\" \/>\n\t<meta name=\"twitter:data2\" content=\"4 minutos\" \/>\n<script type=\"application\/ld+json\" class=\"yoast-schema-graph\">{\"@context\":\"https:\/\/schema.org\",\"@graph\":[{\"@type\":\"Article\",\"@id\":\"https:\/\/www.pressenza.com\/es\/2022\/01\/kazajistan-expertos-condenan-el-uso-de-la-fuerza-letal-contra-manifestantes-y-el-calificativo-terroristas\/#article\",\"isPartOf\":{\"@id\":\"https:\/\/www.pressenza.com\/es\/2022\/01\/kazajistan-expertos-condenan-el-uso-de-la-fuerza-letal-contra-manifestantes-y-el-calificativo-terroristas\/\"},\"author\":{\"name\":\"UN News Centre\",\"@id\":\"https:\/\/www.pressenza.com\/es\/#\/schema\/person\/868696f3a70d4f8ef7caec14cc979248\"},\"headline\":\"Kazajist\u00e1n: expertos condenan el uso de la fuerza letal contra manifestantes y el calificativo \u00abterroristas\u201d\",\"datePublished\":\"2022-01-14T00:57:33+00:00\",\"mainEntityOfPage\":{\"@id\":\"https:\/\/www.pressenza.com\/es\/2022\/01\/kazajistan-expertos-condenan-el-uso-de-la-fuerza-letal-contra-manifestantes-y-el-calificativo-terroristas\/\"},\"wordCount\":749,\"publisher\":{\"@id\":\"https:\/\/www.pressenza.com\/es\/#organization\"},\"image\":{\"@id\":\"https:\/\/www.pressenza.com\/es\/2022\/01\/kazajistan-expertos-condenan-el-uso-de-la-fuerza-letal-contra-manifestantes-y-el-calificativo-terroristas\/#primaryimage\"},\"thumbnailUrl\":\"https:\/\/www.pressenza.com\/wp-content\/uploads\/2022\/01\/Kazajsta\u0301n-Alexander-Serzhantov-Unsplash.jpg\",\"keywords\":[\"Derechos humanos\",\"Kazajist\u00e1n\",\"ONU\",\"oposici\u00f3n\",\"terrorismo\"],\"articleSection\":[\"Asia\",\"Derechos Humanos\",\"Pol\u00edtica\"],\"inLanguage\":\"es\"},{\"@type\":\"WebPage\",\"@id\":\"https:\/\/www.pressenza.com\/es\/2022\/01\/kazajistan-expertos-condenan-el-uso-de-la-fuerza-letal-contra-manifestantes-y-el-calificativo-terroristas\/\",\"url\":\"https:\/\/www.pressenza.com\/es\/2022\/01\/kazajistan-expertos-condenan-el-uso-de-la-fuerza-letal-contra-manifestantes-y-el-calificativo-terroristas\/\",\"name\":\"Kazajist\u00e1n: expertos condenan el uso de la fuerza letal contra manifestantes y el calificativo \\\"terroristas\u201d\",\"isPartOf\":{\"@id\":\"https:\/\/www.pressenza.com\/es\/#website\"},\"primaryImageOfPage\":{\"@id\":\"https:\/\/www.pressenza.com\/es\/2022\/01\/kazajistan-expertos-condenan-el-uso-de-la-fuerza-letal-contra-manifestantes-y-el-calificativo-terroristas\/#primaryimage\"},\"image\":{\"@id\":\"https:\/\/www.pressenza.com\/es\/2022\/01\/kazajistan-expertos-condenan-el-uso-de-la-fuerza-letal-contra-manifestantes-y-el-calificativo-terroristas\/#primaryimage\"},\"thumbnailUrl\":\"https:\/\/www.pressenza.com\/wp-content\/uploads\/2022\/01\/Kazajsta\u0301n-Alexander-Serzhantov-Unsplash.jpg\",\"datePublished\":\"2022-01-14T00:57:33+00:00\",\"description\":\"El uso partidista de ese t\u00e9rmino contra los manifestantes en la naci\u00f3n asi\u00e1tica busca transmitir miedo, es incompatible con el derecho internacional y\",\"breadcrumb\":{\"@id\":\"https:\/\/www.pressenza.com\/es\/2022\/01\/kazajistan-expertos-condenan-el-uso-de-la-fuerza-letal-contra-manifestantes-y-el-calificativo-terroristas\/#breadcrumb\"},\"inLanguage\":\"es\",\"potentialAction\":[{\"@type\":\"ReadAction\",\"target\":[\"https:\/\/www.pressenza.com\/es\/2022\/01\/kazajistan-expertos-condenan-el-uso-de-la-fuerza-letal-contra-manifestantes-y-el-calificativo-terroristas\/\"]}]},{\"@type\":\"ImageObject\",\"inLanguage\":\"es\",\"@id\":\"https:\/\/www.pressenza.com\/es\/2022\/01\/kazajistan-expertos-condenan-el-uso-de-la-fuerza-letal-contra-manifestantes-y-el-calificativo-terroristas\/#primaryimage\",\"url\":\"https:\/\/www.pressenza.com\/wp-content\/uploads\/2022\/01\/Kazajsta\u0301n-Alexander-Serzhantov-Unsplash.jpg\",\"contentUrl\":\"https:\/\/www.pressenza.com\/wp-content\/uploads\/2022\/01\/Kazajsta\u0301n-Alexander-Serzhantov-Unsplash.jpg\",\"width\":1024,\"height\":463},{\"@type\":\"BreadcrumbList\",\"@id\":\"https:\/\/www.pressenza.com\/es\/2022\/01\/kazajistan-expertos-condenan-el-uso-de-la-fuerza-letal-contra-manifestantes-y-el-calificativo-terroristas\/#breadcrumb\",\"itemListElement\":[{\"@type\":\"ListItem\",\"position\":1,\"name\":\"Accueil\",\"item\":\"https:\/\/www.pressenza.com\/es\/\"},{\"@type\":\"ListItem\",\"position\":2,\"name\":\"Kazajist\u00e1n: expertos condenan el uso de la fuerza letal contra manifestantes y el calificativo \u00abterroristas\u201d\"}]},{\"@type\":\"WebSite\",\"@id\":\"https:\/\/www.pressenza.com\/es\/#website\",\"url\":\"https:\/\/www.pressenza.com\/es\/\",\"name\":\"Pressenza\",\"description\":\"International Press Agency\",\"publisher\":{\"@id\":\"https:\/\/www.pressenza.com\/es\/#organization\"},\"potentialAction\":[{\"@type\":\"SearchAction\",\"target\":{\"@type\":\"EntryPoint\",\"urlTemplate\":\"https:\/\/www.pressenza.com\/es\/?s={search_term_string}\"},\"query-input\":{\"@type\":\"PropertyValueSpecification\",\"valueRequired\":true,\"valueName\":\"search_term_string\"}}],\"inLanguage\":\"es\"},{\"@type\":\"Organization\",\"@id\":\"https:\/\/www.pressenza.com\/es\/#organization\",\"name\":\"Pressenza\",\"url\":\"https:\/\/www.pressenza.com\/es\/\",\"logo\":{\"@type\":\"ImageObject\",\"inLanguage\":\"es\",\"@id\":\"https:\/\/www.pressenza.com\/es\/#\/schema\/logo\/image\/\",\"url\":\"https:\/\/www.pressenza.com\/wp-content\/uploads\/2022\/10\/pressenza_logo_200x200.jpg\",\"contentUrl\":\"https:\/\/www.pressenza.com\/wp-content\/uploads\/2022\/10\/pressenza_logo_200x200.jpg\",\"width\":200,\"height\":200,\"caption\":\"Pressenza\"},\"image\":{\"@id\":\"https:\/\/www.pressenza.com\/es\/#\/schema\/logo\/image\/\"},\"sameAs\":[\"https:\/\/www.facebook.com\/PressenzaItalia\",\"https:\/\/x.com\/PressenzaIPA\"]},{\"@type\":\"Person\",\"@id\":\"https:\/\/www.pressenza.com\/es\/#\/schema\/person\/868696f3a70d4f8ef7caec14cc979248\",\"name\":\"UN News Centre\",\"description\":\"News from the UN News Service www.un.org\/News\/\",\"sameAs\":[\"http:\/\/www.un.org\/News\/\",\"https:\/\/www.facebook.com\/UN.News.Centre\",\"https:\/\/x.com\/UN_News_Centre\"],\"url\":\"https:\/\/www.pressenza.com\/es\/author\/unnewscentre\/\"}]}<\/script>\n<!-- \/ Yoast SEO plugin. -->","yoast_head_json":{"title":"Kazajist\u00e1n: expertos condenan el uso de la fuerza letal contra manifestantes y el calificativo \"terroristas\u201d","description":"El uso partidista de ese t\u00e9rmino contra los manifestantes en la naci\u00f3n asi\u00e1tica busca transmitir miedo, es incompatible con el derecho internacional y","robots":{"index":"index","follow":"follow","max-snippet":"max-snippet:-1","max-image-preview":"max-image-preview:large","max-video-preview":"max-video-preview:-1"},"canonical":"https:\/\/www.pressenza.com\/es\/2022\/01\/kazajistan-expertos-condenan-el-uso-de-la-fuerza-letal-contra-manifestantes-y-el-calificativo-terroristas\/","og_locale":"es_ES","og_type":"article","og_title":"Kazajist\u00e1n: expertos condenan el uso de la fuerza letal contra manifestantes y el calificativo \"terroristas\u201d","og_description":"El uso partidista de ese t\u00e9rmino contra los manifestantes en la naci\u00f3n asi\u00e1tica busca transmitir miedo, es incompatible con el derecho internacional y","og_url":"https:\/\/www.pressenza.com\/es\/2022\/01\/kazajistan-expertos-condenan-el-uso-de-la-fuerza-letal-contra-manifestantes-y-el-calificativo-terroristas\/","og_site_name":"Pressenza","article_publisher":"https:\/\/www.facebook.com\/PressenzaItalia","article_author":"https:\/\/www.facebook.com\/UN.News.Centre","article_published_time":"2022-01-14T00:57:33+00:00","og_image":[{"width":1024,"height":463,"url":"https:\/\/www.pressenza.com\/wp-content\/uploads\/2022\/01\/Kazajsta\u0301n-Alexander-Serzhantov-Unsplash.jpg","type":"image\/jpeg"}],"author":"UN News Centre","twitter_card":"summary_large_image","twitter_creator":"@UN_News_Centre","twitter_site":"@PressenzaIPA","twitter_misc":{"Escrito por":"UN News Centre","Tiempo de lectura":"4 minutos"},"schema":{"@context":"https:\/\/schema.org","@graph":[{"@type":"Article","@id":"https:\/\/www.pressenza.com\/es\/2022\/01\/kazajistan-expertos-condenan-el-uso-de-la-fuerza-letal-contra-manifestantes-y-el-calificativo-terroristas\/#article","isPartOf":{"@id":"https:\/\/www.pressenza.com\/es\/2022\/01\/kazajistan-expertos-condenan-el-uso-de-la-fuerza-letal-contra-manifestantes-y-el-calificativo-terroristas\/"},"author":{"name":"UN News Centre","@id":"https:\/\/www.pressenza.com\/es\/#\/schema\/person\/868696f3a70d4f8ef7caec14cc979248"},"headline":"Kazajist\u00e1n: expertos condenan el uso de la fuerza letal contra manifestantes y el calificativo \u00abterroristas\u201d","datePublished":"2022-01-14T00:57:33+00:00","mainEntityOfPage":{"@id":"https:\/\/www.pressenza.com\/es\/2022\/01\/kazajistan-expertos-condenan-el-uso-de-la-fuerza-letal-contra-manifestantes-y-el-calificativo-terroristas\/"},"wordCount":749,"publisher":{"@id":"https:\/\/www.pressenza.com\/es\/#organization"},"image":{"@id":"https:\/\/www.pressenza.com\/es\/2022\/01\/kazajistan-expertos-condenan-el-uso-de-la-fuerza-letal-contra-manifestantes-y-el-calificativo-terroristas\/#primaryimage"},"thumbnailUrl":"https:\/\/www.pressenza.com\/wp-content\/uploads\/2022\/01\/Kazajsta\u0301n-Alexander-Serzhantov-Unsplash.jpg","keywords":["Derechos humanos","Kazajist\u00e1n","ONU","oposici\u00f3n","terrorismo"],"articleSection":["Asia","Derechos Humanos","Pol\u00edtica"],"inLanguage":"es"},{"@type":"WebPage","@id":"https:\/\/www.pressenza.com\/es\/2022\/01\/kazajistan-expertos-condenan-el-uso-de-la-fuerza-letal-contra-manifestantes-y-el-calificativo-terroristas\/","url":"https:\/\/www.pressenza.com\/es\/2022\/01\/kazajistan-expertos-condenan-el-uso-de-la-fuerza-letal-contra-manifestantes-y-el-calificativo-terroristas\/","name":"Kazajist\u00e1n: expertos condenan el uso de la fuerza letal contra manifestantes y el calificativo \"terroristas\u201d","isPartOf":{"@id":"https:\/\/www.pressenza.com\/es\/#website"},"primaryImageOfPage":{"@id":"https:\/\/www.pressenza.com\/es\/2022\/01\/kazajistan-expertos-condenan-el-uso-de-la-fuerza-letal-contra-manifestantes-y-el-calificativo-terroristas\/#primaryimage"},"image":{"@id":"https:\/\/www.pressenza.com\/es\/2022\/01\/kazajistan-expertos-condenan-el-uso-de-la-fuerza-letal-contra-manifestantes-y-el-calificativo-terroristas\/#primaryimage"},"thumbnailUrl":"https:\/\/www.pressenza.com\/wp-content\/uploads\/2022\/01\/Kazajsta\u0301n-Alexander-Serzhantov-Unsplash.jpg","datePublished":"2022-01-14T00:57:33+00:00","description":"El uso partidista de ese t\u00e9rmino contra los manifestantes en la naci\u00f3n asi\u00e1tica busca transmitir miedo, es incompatible con el derecho internacional y","breadcrumb":{"@id":"https:\/\/www.pressenza.com\/es\/2022\/01\/kazajistan-expertos-condenan-el-uso-de-la-fuerza-letal-contra-manifestantes-y-el-calificativo-terroristas\/#breadcrumb"},"inLanguage":"es","potentialAction":[{"@type":"ReadAction","target":["https:\/\/www.pressenza.com\/es\/2022\/01\/kazajistan-expertos-condenan-el-uso-de-la-fuerza-letal-contra-manifestantes-y-el-calificativo-terroristas\/"]}]},{"@type":"ImageObject","inLanguage":"es","@id":"https:\/\/www.pressenza.com\/es\/2022\/01\/kazajistan-expertos-condenan-el-uso-de-la-fuerza-letal-contra-manifestantes-y-el-calificativo-terroristas\/#primaryimage","url":"https:\/\/www.pressenza.com\/wp-content\/uploads\/2022\/01\/Kazajsta\u0301n-Alexander-Serzhantov-Unsplash.jpg","contentUrl":"https:\/\/www.pressenza.com\/wp-content\/uploads\/2022\/01\/Kazajsta\u0301n-Alexander-Serzhantov-Unsplash.jpg","width":1024,"height":463},{"@type":"BreadcrumbList","@id":"https:\/\/www.pressenza.com\/es\/2022\/01\/kazajistan-expertos-condenan-el-uso-de-la-fuerza-letal-contra-manifestantes-y-el-calificativo-terroristas\/#breadcrumb","itemListElement":[{"@type":"ListItem","position":1,"name":"Accueil","item":"https:\/\/www.pressenza.com\/es\/"},{"@type":"ListItem","position":2,"name":"Kazajist\u00e1n: expertos condenan el uso de la fuerza letal contra manifestantes y el calificativo \u00abterroristas\u201d"}]},{"@type":"WebSite","@id":"https:\/\/www.pressenza.com\/es\/#website","url":"https:\/\/www.pressenza.com\/es\/","name":"Pressenza","description":"International Press Agency","publisher":{"@id":"https:\/\/www.pressenza.com\/es\/#organization"},"potentialAction":[{"@type":"SearchAction","target":{"@type":"EntryPoint","urlTemplate":"https:\/\/www.pressenza.com\/es\/?s={search_term_string}"},"query-input":{"@type":"PropertyValueSpecification","valueRequired":true,"valueName":"search_term_string"}}],"inLanguage":"es"},{"@type":"Organization","@id":"https:\/\/www.pressenza.com\/es\/#organization","name":"Pressenza","url":"https:\/\/www.pressenza.com\/es\/","logo":{"@type":"ImageObject","inLanguage":"es","@id":"https:\/\/www.pressenza.com\/es\/#\/schema\/logo\/image\/","url":"https:\/\/www.pressenza.com\/wp-content\/uploads\/2022\/10\/pressenza_logo_200x200.jpg","contentUrl":"https:\/\/www.pressenza.com\/wp-content\/uploads\/2022\/10\/pressenza_logo_200x200.jpg","width":200,"height":200,"caption":"Pressenza"},"image":{"@id":"https:\/\/www.pressenza.com\/es\/#\/schema\/logo\/image\/"},"sameAs":["https:\/\/www.facebook.com\/PressenzaItalia","https:\/\/x.com\/PressenzaIPA"]},{"@type":"Person","@id":"https:\/\/www.pressenza.com\/es\/#\/schema\/person\/868696f3a70d4f8ef7caec14cc979248","name":"UN News Centre","description":"News from the UN News Service www.un.org\/News\/","sameAs":["http:\/\/www.un.org\/News\/","https:\/\/www.facebook.com\/UN.News.Centre","https:\/\/x.com\/UN_News_Centre"],"url":"https:\/\/www.pressenza.com\/es\/author\/unnewscentre\/"}]}},"place":"","original_article_url":"https:\/\/news.un.org\/es\/story\/2022\/01\/1502442","_links":{"self":[{"href":"https:\/\/www.pressenza.com\/es\/wp-json\/wp\/v2\/posts\/1502989","targetHints":{"allow":["GET"]}}],"collection":[{"href":"https:\/\/www.pressenza.com\/es\/wp-json\/wp\/v2\/posts"}],"about":[{"href":"https:\/\/www.pressenza.com\/es\/wp-json\/wp\/v2\/types\/post"}],"author":[{"embeddable":true,"href":"https:\/\/www.pressenza.com\/es\/wp-json\/wp\/v2\/users\/933"}],"replies":[{"embeddable":true,"href":"https:\/\/www.pressenza.com\/es\/wp-json\/wp\/v2\/comments?post=1502989"}],"version-history":[{"count":0,"href":"https:\/\/www.pressenza.com\/es\/wp-json\/wp\/v2\/posts\/1502989\/revisions"}],"wp:featuredmedia":[{"embeddable":true,"href":"https:\/\/www.pressenza.com\/es\/wp-json\/wp\/v2\/media\/1502990"}],"wp:attachment":[{"href":"https:\/\/www.pressenza.com\/es\/wp-json\/wp\/v2\/media?parent=1502989"}],"wp:term":[{"taxonomy":"category","embeddable":true,"href":"https:\/\/www.pressenza.com\/es\/wp-json\/wp\/v2\/categories?post=1502989"},{"taxonomy":"post_tag","embeddable":true,"href":"https:\/\/www.pressenza.com\/es\/wp-json\/wp\/v2\/tags?post=1502989"}],"curies":[{"name":"wp","href":"https:\/\/api.w.org\/{rel}","templated":true}]}}