{"id":150236,"date":"2014-11-23T23:10:09","date_gmt":"2014-11-23T23:10:09","guid":{"rendered":"http:\/\/www.pressenza.com\/?p=150236"},"modified":"2015-07-21T18:28:39","modified_gmt":"2015-07-21T17:28:39","slug":"ganemos-malaga-continua-con-fuerza-su-proceso-ciudadano","status":"publish","type":"post","link":"https:\/\/www.pressenza.com\/es\/2014\/11\/ganemos-malaga-continua-con-fuerza-su-proceso-ciudadano\/","title":{"rendered":"Ganemos M\u00e1laga contin\u00faa con fuerza su proceso ciudadano"},"content":{"rendered":"<p class=\"western\" align=\"justify\">La plataforma ciudadana Ganemos M\u00e1laga ha presentado hoy su agenda para las pr\u00f3ximas semanas en su camino hacia las elecciones municipales. Sus portavoces han querido resaltar el car\u00e1cter eminentemente ciudadano de este proceso, que esta semana prosigue con sus encuentros vecinales en diferentes barrios de la capital, y han recordado que ning\u00fan partido en cuanto tal forma parte de Ganemos.<\/p>\n<p class=\"western\" align=\"justify\">Para discutir ese nuevo modelo de ciudadan\u00eda y municipalismo, <a href=\"https:\/\/www.facebook.com\/events\/537225256413818\/?context=create&amp;previousaction=create&amp;source=49&amp;sid_create=1323095038\">este mismo s\u00e1bado a las 11:00<\/a> tendr\u00e1 lugar un debate p\u00fablico en la Casa Invisible entre miembros de Ganemos M\u00e1laga, de c\u00edrculos de Podemos y otras iniciativas.<\/p>\n<p class=\"western\" align=\"justify\">Dentro de esta pol\u00edtica participativa y de transparencia, el martes se reunir\u00e1n todos los grupos que desde meses atr\u00e1s vienen dise\u00f1ando las principales l\u00edneas program\u00e1ticas de cara a las pr\u00f3ximas elecciones. Otro tipo de cuestiones, como el c\u00f3digo \u00e9tico que regir\u00e1 la plataforma, el modelo organizativo, las fechas de primarias o la forma jur\u00eddica que debe adoptar la plataforma -coalici\u00f3n electoral o agrupaci\u00f3n de electores- ser\u00e1n abordados en la <a href=\"https:\/\/www.facebook.com\/ganemosmlg\/photos\/a.1501323796788276.1073741827.1501321900121799\/1506949592892363\/?type=1&amp;theater\">pr\u00f3xima Asamblea General<\/a>, que bajo el lema Somos Ciudadan\u00eda se celebrar\u00e1 el 28 de noviembre en el aula magna de la Facultad de Econ\u00f3micas. En cualquier caso, las decisiones finales no se tomar\u00e1n hasta el d\u00eda 17 de enero, fecha establecida para la Asamblea Constituyente, y para la que se habilitar\u00e1n herramientas telem\u00e1ticas que permitan la participaci\u00f3n on line.<\/p>\n<p class=\"western\" align=\"justify\">Ganemos M\u00e1laga ha se\u00f1alado que frente a las pol\u00edticas de recortes, de austeridad, de opacidad y de mermas de derechos no cabe jugar a la confusi\u00f3n. Por eso, ha hecho tambi\u00e9n un llamamiento a la responsabilidad a la direcci\u00f3n de Izquierda Unida, a la que culpa de crear confusi\u00f3n entre sus propios simpatizantes y la ciudadan\u00eda en general. Como han denunciado sus portavoces, el pasado 5 de noviembre los dirigentes de Izquierda Unida en M\u00e1laga eliminaron los permisos de publicaci\u00f3n en la p\u00e1gina de Facebook a todos los miembros del equipo de comunicaci\u00f3n sin que mediara ninguna explicaci\u00f3n previa. En la actualidad, la p\u00e1gina original de Facebook de Ganemos M\u00e1laga est\u00e1 gestionada por el Partido Comunista de M\u00e1laga, seg\u00fan se ha hecho p\u00fablico por diferentes medios, y en ning\u00fan caso es representativa de la plataforma. Las explicaciones dadas por Izquierda Unida se limitan a aseverar que dio de baja a algunas personas que abandonaron una reuni\u00f3n de un grupo de trabajo, creyendo que tambi\u00e9n abandonaban su participaci\u00f3n en Ganemos M\u00e1laga, pero a\u00fan no ha explicado por qu\u00e9 dio de baja tambi\u00e9n a todos los dem\u00e1s miembros del equipo de comunicaci\u00f3n. Esto ha obligado a que el equipo de comunicaci\u00f3n cree la nueva p\u00e1gina <span lang=\"zxx\"><a href=\"https:\/\/www.facebook.com\/ganemosmlg\">https:\/\/www.facebook.com\/ganemosmlg<\/a><\/span>.<\/p>\n","protected":false},"excerpt":{"rendered":"<p>La plataforma ciudadana Ganemos M\u00e1laga ha presentado hoy su agenda para las pr\u00f3ximas semanas en su camino hacia las elecciones municipales. Sus portavoces han querido resaltar el car\u00e1cter eminentemente ciudadano de este proceso, que esta semana prosigue con sus encuentros&hellip;<\/p>\n","protected":false},"author":94,"featured_media":150237,"comment_status":"closed","ping_status":"open","sticky":false,"template":"","format":"standard","meta":{"footnotes":""},"categories":[149,66,74],"tags":[704,355,696,1065,1398,984,383,394,631],"class_list":["post-150236","post","type-post","status-publish","format-standard","has-post-thumbnail","hentry","category-comunicados-de-prensa","category-europa-es","category-politica-es","tag-15m-es","tag-crisis-es","tag-democracia","tag-espana","tag-estado-espanol","tag-indignados-es","tag-noviolencia","tag-protestas-sociales","tag-violencia-economica"],"yoast_head":"<!-- This site is optimized with the Yoast SEO plugin v27.1.1 - https:\/\/yoast.com\/product\/yoast-seo-wordpress\/ -->\n<title>Ganemos M\u00e1laga contin\u00faa con fuerza su proceso ciudadano<\/title>\n<meta name=\"description\" content=\"La plataforma ciudadana Ganemos M\u00e1laga ha presentado hoy su agenda para las pr\u00f3ximas semanas en su camino hacia las elecciones municipales. Sus portavoces\" \/>\n<meta name=\"robots\" content=\"index, follow, max-snippet:-1, max-image-preview:large, max-video-preview:-1\" \/>\n<link rel=\"canonical\" href=\"https:\/\/www.pressenza.com\/es\/2014\/11\/ganemos-malaga-continua-con-fuerza-su-proceso-ciudadano\/\" \/>\n<meta property=\"og:locale\" content=\"es_ES\" \/>\n<meta property=\"og:type\" content=\"article\" \/>\n<meta property=\"og:title\" content=\"Ganemos M\u00e1laga contin\u00faa con fuerza su proceso ciudadano\" \/>\n<meta property=\"og:description\" content=\"La plataforma ciudadana Ganemos M\u00e1laga ha presentado hoy su agenda para las pr\u00f3ximas semanas en su camino hacia las elecciones municipales. Sus portavoces\" \/>\n<meta property=\"og:url\" content=\"https:\/\/www.pressenza.com\/es\/2014\/11\/ganemos-malaga-continua-con-fuerza-su-proceso-ciudadano\/\" \/>\n<meta property=\"og:site_name\" content=\"Pressenza\" \/>\n<meta property=\"article:publisher\" content=\"https:\/\/www.facebook.com\/PressenzaItalia\" \/>\n<meta property=\"article:author\" content=\"https:\/\/www.facebook.com\/pressenza\" \/>\n<meta property=\"article:published_time\" content=\"2014-11-23T23:10:09+00:00\" \/>\n<meta property=\"article:modified_time\" content=\"2015-07-21T17:28:39+00:00\" \/>\n<meta property=\"og:image\" content=\"https:\/\/www.pressenza.com\/wp-content\/uploads\/2014\/11\/rp.jpg\" \/>\n\t<meta property=\"og:image:width\" content=\"1280\" \/>\n\t<meta property=\"og:image:height\" content=\"720\" \/>\n\t<meta property=\"og:image:type\" content=\"image\/jpeg\" \/>\n<meta name=\"author\" content=\"Redacci\u00f3n Madrid\" \/>\n<meta name=\"twitter:card\" content=\"summary_large_image\" \/>\n<meta name=\"twitter:creator\" content=\"@pressenza\" \/>\n<meta name=\"twitter:site\" content=\"@PressenzaIPA\" \/>\n<meta name=\"twitter:label1\" content=\"Escrito por\" \/>\n\t<meta name=\"twitter:data1\" content=\"Redacci\u00f3n Madrid\" \/>\n\t<meta name=\"twitter:label2\" content=\"Tiempo de lectura\" \/>\n\t<meta name=\"twitter:data2\" content=\"2 minutos\" \/>\n<script type=\"application\/ld+json\" class=\"yoast-schema-graph\">{\"@context\":\"https:\/\/schema.org\",\"@graph\":[{\"@type\":\"Article\",\"@id\":\"https:\/\/www.pressenza.com\/es\/2014\/11\/ganemos-malaga-continua-con-fuerza-su-proceso-ciudadano\/#article\",\"isPartOf\":{\"@id\":\"https:\/\/www.pressenza.com\/es\/2014\/11\/ganemos-malaga-continua-con-fuerza-su-proceso-ciudadano\/\"},\"author\":{\"name\":\"Redacci\u00f3n Madrid\",\"@id\":\"https:\/\/www.pressenza.com\/es\/#\/schema\/person\/828fc40eeca2ad7be3630e5a46adba94\"},\"headline\":\"Ganemos M\u00e1laga contin\u00faa con fuerza su proceso ciudadano\",\"datePublished\":\"2014-11-23T23:10:09+00:00\",\"dateModified\":\"2015-07-21T17:28:39+00:00\",\"mainEntityOfPage\":{\"@id\":\"https:\/\/www.pressenza.com\/es\/2014\/11\/ganemos-malaga-continua-con-fuerza-su-proceso-ciudadano\/\"},\"wordCount\":496,\"publisher\":{\"@id\":\"https:\/\/www.pressenza.com\/es\/#organization\"},\"image\":{\"@id\":\"https:\/\/www.pressenza.com\/es\/2014\/11\/ganemos-malaga-continua-con-fuerza-su-proceso-ciudadano\/#primaryimage\"},\"thumbnailUrl\":\"https:\/\/www.pressenza.com\/wp-content\/uploads\/2014\/11\/rp.jpg\",\"keywords\":[\"15M\",\"crisis\",\"Democracia\",\"Espa\u00f1a\",\"Estado espa\u00f1ol\",\"indignados\",\"Noviolencia\",\"protestas sociales\",\"Violencia econ\u00f3mica\"],\"articleSection\":[\"Comunicados de Prensa\",\"Europa\",\"Pol\u00edtica\"],\"inLanguage\":\"es\"},{\"@type\":\"WebPage\",\"@id\":\"https:\/\/www.pressenza.com\/es\/2014\/11\/ganemos-malaga-continua-con-fuerza-su-proceso-ciudadano\/\",\"url\":\"https:\/\/www.pressenza.com\/es\/2014\/11\/ganemos-malaga-continua-con-fuerza-su-proceso-ciudadano\/\",\"name\":\"Ganemos M\u00e1laga contin\u00faa con fuerza su proceso ciudadano\",\"isPartOf\":{\"@id\":\"https:\/\/www.pressenza.com\/es\/#website\"},\"primaryImageOfPage\":{\"@id\":\"https:\/\/www.pressenza.com\/es\/2014\/11\/ganemos-malaga-continua-con-fuerza-su-proceso-ciudadano\/#primaryimage\"},\"image\":{\"@id\":\"https:\/\/www.pressenza.com\/es\/2014\/11\/ganemos-malaga-continua-con-fuerza-su-proceso-ciudadano\/#primaryimage\"},\"thumbnailUrl\":\"https:\/\/www.pressenza.com\/wp-content\/uploads\/2014\/11\/rp.jpg\",\"datePublished\":\"2014-11-23T23:10:09+00:00\",\"dateModified\":\"2015-07-21T17:28:39+00:00\",\"description\":\"La plataforma ciudadana Ganemos M\u00e1laga ha presentado hoy su agenda para las pr\u00f3ximas semanas en su camino hacia las elecciones municipales. Sus portavoces\",\"breadcrumb\":{\"@id\":\"https:\/\/www.pressenza.com\/es\/2014\/11\/ganemos-malaga-continua-con-fuerza-su-proceso-ciudadano\/#breadcrumb\"},\"inLanguage\":\"es\",\"potentialAction\":[{\"@type\":\"ReadAction\",\"target\":[\"https:\/\/www.pressenza.com\/es\/2014\/11\/ganemos-malaga-continua-con-fuerza-su-proceso-ciudadano\/\"]}]},{\"@type\":\"ImageObject\",\"inLanguage\":\"es\",\"@id\":\"https:\/\/www.pressenza.com\/es\/2014\/11\/ganemos-malaga-continua-con-fuerza-su-proceso-ciudadano\/#primaryimage\",\"url\":\"https:\/\/www.pressenza.com\/wp-content\/uploads\/2014\/11\/rp.jpg\",\"contentUrl\":\"https:\/\/www.pressenza.com\/wp-content\/uploads\/2014\/11\/rp.jpg\",\"width\":1280,\"height\":720},{\"@type\":\"BreadcrumbList\",\"@id\":\"https:\/\/www.pressenza.com\/es\/2014\/11\/ganemos-malaga-continua-con-fuerza-su-proceso-ciudadano\/#breadcrumb\",\"itemListElement\":[{\"@type\":\"ListItem\",\"position\":1,\"name\":\"Accueil\",\"item\":\"https:\/\/www.pressenza.com\/es\/\"},{\"@type\":\"ListItem\",\"position\":2,\"name\":\"Ganemos M\u00e1laga contin\u00faa con fuerza su proceso ciudadano\"}]},{\"@type\":\"WebSite\",\"@id\":\"https:\/\/www.pressenza.com\/es\/#website\",\"url\":\"https:\/\/www.pressenza.com\/es\/\",\"name\":\"Pressenza\",\"description\":\"International Press Agency\",\"publisher\":{\"@id\":\"https:\/\/www.pressenza.com\/es\/#organization\"},\"potentialAction\":[{\"@type\":\"SearchAction\",\"target\":{\"@type\":\"EntryPoint\",\"urlTemplate\":\"https:\/\/www.pressenza.com\/es\/?s={search_term_string}\"},\"query-input\":{\"@type\":\"PropertyValueSpecification\",\"valueRequired\":true,\"valueName\":\"search_term_string\"}}],\"inLanguage\":\"es\"},{\"@type\":\"Organization\",\"@id\":\"https:\/\/www.pressenza.com\/es\/#organization\",\"name\":\"Pressenza\",\"url\":\"https:\/\/www.pressenza.com\/es\/\",\"logo\":{\"@type\":\"ImageObject\",\"inLanguage\":\"es\",\"@id\":\"https:\/\/www.pressenza.com\/es\/#\/schema\/logo\/image\/\",\"url\":\"https:\/\/www.pressenza.com\/wp-content\/uploads\/2022\/10\/pressenza_logo_200x200.jpg\",\"contentUrl\":\"https:\/\/www.pressenza.com\/wp-content\/uploads\/2022\/10\/pressenza_logo_200x200.jpg\",\"width\":200,\"height\":200,\"caption\":\"Pressenza\"},\"image\":{\"@id\":\"https:\/\/www.pressenza.com\/es\/#\/schema\/logo\/image\/\"},\"sameAs\":[\"https:\/\/www.facebook.com\/PressenzaItalia\",\"https:\/\/x.com\/PressenzaIPA\"]},{\"@type\":\"Person\",\"@id\":\"https:\/\/www.pressenza.com\/es\/#\/schema\/person\/828fc40eeca2ad7be3630e5a46adba94\",\"name\":\"Redacci\u00f3n Madrid\",\"description\":\"News from the Pressenza Bureau in Madrid, Spain\",\"sameAs\":[\"https:\/\/www.facebook.com\/pressenza\",\"https:\/\/x.com\/pressenza\"],\"url\":\"https:\/\/www.pressenza.com\/es\/author\/redaccion-madrid\/\"}]}<\/script>\n<!-- \/ Yoast SEO plugin. -->","yoast_head_json":{"title":"Ganemos M\u00e1laga contin\u00faa con fuerza su proceso ciudadano","description":"La plataforma ciudadana Ganemos M\u00e1laga ha presentado hoy su agenda para las pr\u00f3ximas semanas en su camino hacia las elecciones municipales. Sus portavoces","robots":{"index":"index","follow":"follow","max-snippet":"max-snippet:-1","max-image-preview":"max-image-preview:large","max-video-preview":"max-video-preview:-1"},"canonical":"https:\/\/www.pressenza.com\/es\/2014\/11\/ganemos-malaga-continua-con-fuerza-su-proceso-ciudadano\/","og_locale":"es_ES","og_type":"article","og_title":"Ganemos M\u00e1laga contin\u00faa con fuerza su proceso ciudadano","og_description":"La plataforma ciudadana Ganemos M\u00e1laga ha presentado hoy su agenda para las pr\u00f3ximas semanas en su camino hacia las elecciones municipales. Sus portavoces","og_url":"https:\/\/www.pressenza.com\/es\/2014\/11\/ganemos-malaga-continua-con-fuerza-su-proceso-ciudadano\/","og_site_name":"Pressenza","article_publisher":"https:\/\/www.facebook.com\/PressenzaItalia","article_author":"https:\/\/www.facebook.com\/pressenza","article_published_time":"2014-11-23T23:10:09+00:00","article_modified_time":"2015-07-21T17:28:39+00:00","og_image":[{"width":1280,"height":720,"url":"https:\/\/www.pressenza.com\/wp-content\/uploads\/2014\/11\/rp.jpg","type":"image\/jpeg"}],"author":"Redacci\u00f3n Madrid","twitter_card":"summary_large_image","twitter_creator":"@pressenza","twitter_site":"@PressenzaIPA","twitter_misc":{"Escrito por":"Redacci\u00f3n Madrid","Tiempo de lectura":"2 minutos"},"schema":{"@context":"https:\/\/schema.org","@graph":[{"@type":"Article","@id":"https:\/\/www.pressenza.com\/es\/2014\/11\/ganemos-malaga-continua-con-fuerza-su-proceso-ciudadano\/#article","isPartOf":{"@id":"https:\/\/www.pressenza.com\/es\/2014\/11\/ganemos-malaga-continua-con-fuerza-su-proceso-ciudadano\/"},"author":{"name":"Redacci\u00f3n Madrid","@id":"https:\/\/www.pressenza.com\/es\/#\/schema\/person\/828fc40eeca2ad7be3630e5a46adba94"},"headline":"Ganemos M\u00e1laga contin\u00faa con fuerza su proceso ciudadano","datePublished":"2014-11-23T23:10:09+00:00","dateModified":"2015-07-21T17:28:39+00:00","mainEntityOfPage":{"@id":"https:\/\/www.pressenza.com\/es\/2014\/11\/ganemos-malaga-continua-con-fuerza-su-proceso-ciudadano\/"},"wordCount":496,"publisher":{"@id":"https:\/\/www.pressenza.com\/es\/#organization"},"image":{"@id":"https:\/\/www.pressenza.com\/es\/2014\/11\/ganemos-malaga-continua-con-fuerza-su-proceso-ciudadano\/#primaryimage"},"thumbnailUrl":"https:\/\/www.pressenza.com\/wp-content\/uploads\/2014\/11\/rp.jpg","keywords":["15M","crisis","Democracia","Espa\u00f1a","Estado espa\u00f1ol","indignados","Noviolencia","protestas sociales","Violencia econ\u00f3mica"],"articleSection":["Comunicados de Prensa","Europa","Pol\u00edtica"],"inLanguage":"es"},{"@type":"WebPage","@id":"https:\/\/www.pressenza.com\/es\/2014\/11\/ganemos-malaga-continua-con-fuerza-su-proceso-ciudadano\/","url":"https:\/\/www.pressenza.com\/es\/2014\/11\/ganemos-malaga-continua-con-fuerza-su-proceso-ciudadano\/","name":"Ganemos M\u00e1laga contin\u00faa con fuerza su proceso ciudadano","isPartOf":{"@id":"https:\/\/www.pressenza.com\/es\/#website"},"primaryImageOfPage":{"@id":"https:\/\/www.pressenza.com\/es\/2014\/11\/ganemos-malaga-continua-con-fuerza-su-proceso-ciudadano\/#primaryimage"},"image":{"@id":"https:\/\/www.pressenza.com\/es\/2014\/11\/ganemos-malaga-continua-con-fuerza-su-proceso-ciudadano\/#primaryimage"},"thumbnailUrl":"https:\/\/www.pressenza.com\/wp-content\/uploads\/2014\/11\/rp.jpg","datePublished":"2014-11-23T23:10:09+00:00","dateModified":"2015-07-21T17:28:39+00:00","description":"La plataforma ciudadana Ganemos M\u00e1laga ha presentado hoy su agenda para las pr\u00f3ximas semanas en su camino hacia las elecciones municipales. Sus portavoces","breadcrumb":{"@id":"https:\/\/www.pressenza.com\/es\/2014\/11\/ganemos-malaga-continua-con-fuerza-su-proceso-ciudadano\/#breadcrumb"},"inLanguage":"es","potentialAction":[{"@type":"ReadAction","target":["https:\/\/www.pressenza.com\/es\/2014\/11\/ganemos-malaga-continua-con-fuerza-su-proceso-ciudadano\/"]}]},{"@type":"ImageObject","inLanguage":"es","@id":"https:\/\/www.pressenza.com\/es\/2014\/11\/ganemos-malaga-continua-con-fuerza-su-proceso-ciudadano\/#primaryimage","url":"https:\/\/www.pressenza.com\/wp-content\/uploads\/2014\/11\/rp.jpg","contentUrl":"https:\/\/www.pressenza.com\/wp-content\/uploads\/2014\/11\/rp.jpg","width":1280,"height":720},{"@type":"BreadcrumbList","@id":"https:\/\/www.pressenza.com\/es\/2014\/11\/ganemos-malaga-continua-con-fuerza-su-proceso-ciudadano\/#breadcrumb","itemListElement":[{"@type":"ListItem","position":1,"name":"Accueil","item":"https:\/\/www.pressenza.com\/es\/"},{"@type":"ListItem","position":2,"name":"Ganemos M\u00e1laga contin\u00faa con fuerza su proceso ciudadano"}]},{"@type":"WebSite","@id":"https:\/\/www.pressenza.com\/es\/#website","url":"https:\/\/www.pressenza.com\/es\/","name":"Pressenza","description":"International Press Agency","publisher":{"@id":"https:\/\/www.pressenza.com\/es\/#organization"},"potentialAction":[{"@type":"SearchAction","target":{"@type":"EntryPoint","urlTemplate":"https:\/\/www.pressenza.com\/es\/?s={search_term_string}"},"query-input":{"@type":"PropertyValueSpecification","valueRequired":true,"valueName":"search_term_string"}}],"inLanguage":"es"},{"@type":"Organization","@id":"https:\/\/www.pressenza.com\/es\/#organization","name":"Pressenza","url":"https:\/\/www.pressenza.com\/es\/","logo":{"@type":"ImageObject","inLanguage":"es","@id":"https:\/\/www.pressenza.com\/es\/#\/schema\/logo\/image\/","url":"https:\/\/www.pressenza.com\/wp-content\/uploads\/2022\/10\/pressenza_logo_200x200.jpg","contentUrl":"https:\/\/www.pressenza.com\/wp-content\/uploads\/2022\/10\/pressenza_logo_200x200.jpg","width":200,"height":200,"caption":"Pressenza"},"image":{"@id":"https:\/\/www.pressenza.com\/es\/#\/schema\/logo\/image\/"},"sameAs":["https:\/\/www.facebook.com\/PressenzaItalia","https:\/\/x.com\/PressenzaIPA"]},{"@type":"Person","@id":"https:\/\/www.pressenza.com\/es\/#\/schema\/person\/828fc40eeca2ad7be3630e5a46adba94","name":"Redacci\u00f3n Madrid","description":"News from the Pressenza Bureau in Madrid, Spain","sameAs":["https:\/\/www.facebook.com\/pressenza","https:\/\/x.com\/pressenza"],"url":"https:\/\/www.pressenza.com\/es\/author\/redaccion-madrid\/"}]}},"place":"M\u00e1laga","original_article_url":"http:\/\/ganemosmalaga.com\/ganemos-malaga-continua-con-fuerza-su-proceso-ciudadano-comunicado-de-prensa\/","_links":{"self":[{"href":"https:\/\/www.pressenza.com\/es\/wp-json\/wp\/v2\/posts\/150236","targetHints":{"allow":["GET"]}}],"collection":[{"href":"https:\/\/www.pressenza.com\/es\/wp-json\/wp\/v2\/posts"}],"about":[{"href":"https:\/\/www.pressenza.com\/es\/wp-json\/wp\/v2\/types\/post"}],"author":[{"embeddable":true,"href":"https:\/\/www.pressenza.com\/es\/wp-json\/wp\/v2\/users\/94"}],"replies":[{"embeddable":true,"href":"https:\/\/www.pressenza.com\/es\/wp-json\/wp\/v2\/comments?post=150236"}],"version-history":[{"count":0,"href":"https:\/\/www.pressenza.com\/es\/wp-json\/wp\/v2\/posts\/150236\/revisions"}],"wp:featuredmedia":[{"embeddable":true,"href":"https:\/\/www.pressenza.com\/es\/wp-json\/wp\/v2\/media\/150237"}],"wp:attachment":[{"href":"https:\/\/www.pressenza.com\/es\/wp-json\/wp\/v2\/media?parent=150236"}],"wp:term":[{"taxonomy":"category","embeddable":true,"href":"https:\/\/www.pressenza.com\/es\/wp-json\/wp\/v2\/categories?post=150236"},{"taxonomy":"post_tag","embeddable":true,"href":"https:\/\/www.pressenza.com\/es\/wp-json\/wp\/v2\/tags?post=150236"}],"curies":[{"name":"wp","href":"https:\/\/api.w.org\/{rel}","templated":true}]}}