{"id":1500366,"date":"2022-01-08T18:22:08","date_gmt":"2022-01-08T18:22:08","guid":{"rendered":"https:\/\/www.pressenza.com\/?p=1500366"},"modified":"2022-01-08T18:22:08","modified_gmt":"2022-01-08T18:22:08","slug":"una-nueva-fiesta-de-la-democracia","status":"publish","type":"post","link":"https:\/\/www.pressenza.com\/es\/2022\/01\/una-nueva-fiesta-de-la-democracia\/","title":{"rendered":"Una nueva \u201cfiesta\u201d de la democracia"},"content":{"rendered":"<p>A la hora de se\u00f1alar a vencedores y derrotados de las recientes elecciones para renovar la mesa directiva de la Convenci\u00f3n Constitucional, se concluye que quienes ganaron son solo aquellos que obtuvieron la presidencia y las vicepresidencias de esta entidad, los cuales permanecer\u00e1n en sus cargos los seis meses que le quedan de trabajo a los 155 constitucionalistas para arribar a una propuesta de nueva Carta Magna.<\/p>\n<p>En un espect\u00e1culo que para muchos result\u00f3 bochornoso, o m\u00e1s propio de los que nos brinda habitualmente la clase pol\u00edtica, durante dos largas y tediosas jornadas se sucedieron diez votaciones para elegir a Mar\u00eda Elisa Quinteros como a Germ\u00e1n Dom\u00ednguez, despu\u00e9s de que se fueron descartando al menos diez o quince nombres que no alcanzaron el n\u00famero de 78 votos que exige el Reglamento para nominar a sus m\u00e1ximos directivos. Dos nombres que no estaban, desde luego, entre los favoritos iniciales y que terminaron imponi\u00e9ndose por los vetos rec\u00edprocos que se manifestaron entre las agrupaciones pol\u00edticas y sociales de izquierda. Es decir, los que constituyen, como sabemos, una amplia mayor\u00eda que poco le faltara para reunir los dos tercios de los integrantes de la Convenci\u00f3n al momento de ser elegidos por un refer\u00e9ndum.<\/p>\n<p>Todos los partidos, adem\u00e1s de los de derecha, se vieron forzados a elegir a dos integrantes del llamado mundo social y de posiciones posiblemente m\u00e1s radicales y, por supuesto, m\u00e1s libres que las representadas por las colectividades pol\u00edticas, referentes que parecen abocados a asegurarse cuotas de poder dentro de la Convenci\u00f3n Constitucional m\u00e1s que propiciar directrices ideol\u00f3gicas en la definici\u00f3n de nuestra pr\u00f3xima Carta Magna.<\/p>\n<p>El Frente Amplio del electo presidente Gabriel Boric, tanto los comunistas que constituyen en principal conglomerado del que ser\u00e1 su pr\u00f3ximo Gobierno, no corrieron unidos en las negociaciones para elegir a las principales cabezas de la Convenci\u00f3n. Menos todav\u00eda pesaron los representantes del Partido Dem\u00f3crata Cristiano, el PPD, el Partido Radical y de los socialistas que tienen la esperanza de quedar incluidos dentro de alguno de los \u201cc\u00edrculos conc\u00e9ntricos\u201d trazados para albergar a todos los que aspiran a cargos de gobierno. Aunque as\u00ed no lo reconozcan los partidos de la centro izquierda est\u00e1n sin fuerza significativa dentro de la Constituyente. Lo que tanto se prob\u00f3 en la vor\u00e1gine de votaciones y escrutinios, cuando una militante del PS que hab\u00eda logrado concitar voluntades para llegar a ocupar la presidencia de esta entidad, fue descort\u00e9s y prontamente descartada simplemente por un trascendido de la prensa que la acus\u00f3 de tener problemas pendientes con la Contralor\u00eda General de la Rep\u00fablica, dado su presunta administraci\u00f3n dolosa durante su desempe\u00f1o como alcaldesa.<\/p>\n<p>Es relevante destacar el hecho de que Mar\u00eda Elisa Quinteros haya obtenido al justo en n\u00famero de votos para ser elegida gracias al apoyo que le otorg\u00f3 un independiente de la Derecha, como tambi\u00e9n a la noble y generosa decisi\u00f3n del abogado Roberto Celed\u00f3nal de votar por ella y no por s\u00ed mismo como lo ven\u00edan haciendo todos los competidores dentro de esta marat\u00f3n de ambiciones.<\/p>\n<p>Dada su precariedad en el n\u00famero de constitucionalistas, los partidos afines al gobierno terminal de Sebasti\u00e1n Pi\u00f1era y de la candidatura presidencial de Jos\u00e9 Antonio Kast, solo tuvieron que tomar palco en este espect\u00e1culo de divisiones y deserciones del izquierdismo. Aunque solazados de la enorme dificultad que podr\u00edan tener sus contendores al momento de acordar cada precepto constitucional. \u201cSi no son capaces de ponerse de acuerdo para definir a sus l\u00edderes, dec\u00edan, menos todav\u00eda lograran el apoyo de dos tercios para aprobar cada art\u00edculo de la Constituci\u00f3n\u2026\u201dque posteriormente debiera ser refrendado en consulta nacional.<\/p>\n<p>Aunque trascendi\u00f3 que algunos emisarios del Presidente Electo se hicieron presentes en la Convenci\u00f3n para ordenar a sus huestes de su abigarrado primer c\u00edrculo de partidarios, se pudo comprobar c\u00f3mo los del Frente Amplio desconocieron el acuerdo de apoyar a la que finalmente resultara Presidenta, respaldando para el cargo a Beatriz S\u00e1nchez, su antigua candidata presidencial, y que esta vez resultara con un escu\u00e1lido resultado. Sin calcular que esos dos votos ya se\u00f1alados anteriormente, y que nadie contara en sus c\u00e1lculos previos, servir\u00edan para ungir a quienes, se estima, no podr\u00e1n ser f\u00e1cilmente digitados por el nuevo Ejecutivo ni por todo aquel espectro partidario chileno por instalarse o \u201crepetirse el plato \u201cen el nuevo Parlamento.<\/p>\n<p>Un escrutinio que para muchos puede ser saludable para la independencia que los chilenos reclaman respecto de las decisiones del su Constituyente. \u00a0Sin embargo, los comunistas fueron asignados como uno de los ganadores de esta jornada electoral, nada m\u00e1s que por haber contribuido con sus votos a la elecci\u00f3n de los que resultaran elegidos para la directiva de la Convenci\u00f3n, deslind\u00e1ndose del juego fracasado de sus socios del Frente Amplio, como adem\u00e1s por haberle negado apoyo a ese Partido Socialista que consideran demasiado \u201crenovado\u201d y hasta neoliberal.<\/p>\n<p>Lo que molest\u00f3 a muchos fue la expresi\u00f3n de tantas vanidades personales entre los integrantes de la Convenci\u00f3n, m\u00e1s all\u00e1 del leg\u00edtimo derecho de imponer a sus afines dentro de los cargos directivos, cumpliendo un papel tan relevante a la hora de las definiciones sobre nuestro nuevo orden institucional. Es indudable que en estos dos d\u00edas que comentamos hubo negociaciones fatales y hasta obscenas en la avidez demostrada por obtener cargos, siendo muy pocos los constitucionalistas que no se prestaron para poner sus nombres \u201cdelante de los bueyes\u201d.<\/p>\n<p>De lo que no hay duda es de la total falta de influencia de La Moneda actual dentro de la entidad constituyente. Adem\u00e1s de quedar en duda la destreza pol\u00edtica (\u201cmu\u00f1eca\u201d, como se dice) del equipo que luego arribar\u00e1 al Ejecutivo, por estos d\u00edas abocado a una tarea tan dif\u00edcil como nominar ministros, subsecretarios, embajadores y tantos otros apetecidos cargos de la confianza del Presidente de la Rep\u00fablica. Tratando de satisfacer a todos los llegaron en el carro de la victoria o se empe\u00f1an en subirse o arrimarse a este.<\/p>\n<p>A todo lo anterior, hay que agregar que esta jornada electoral evidenci\u00f3 tambi\u00e9n la ruptura que existe entre los que ocupan los esca\u00f1os reservados para los representantes de los pueblos originarios. Es claro que se expres\u00f3 una divisi\u00f3n en al menos dos grupos o facciones que tienen una visi\u00f3n distinta respecto de lo que debiera consagrarse en la letra de la nueva Constituci\u00f3n, pero tambi\u00e9n en cuanto a la ratificaci\u00f3n de lo que se apruebe mediante una consulta a los propios pueblos originarios. Los desacuerdos entre ambos sectores hacen temer incluso, que la nueva mesa directiva pueda ser objetada por los procedimientos que se llevaron a cabo para imponer algunos nombres de estos en desmedro de otros. Diferendo que si se empina podr\u00eda afectar los qu\u00f3rums necesarios para aprobar por dos tercios de los votos el texto constitucional. La principal trampa que se le impuso al proceso constituyente de parte del Congreso Nacional con la complacencia de algunos parlamentarios de izquierda que ahora arriban al nuevo Ejecutivo.<\/p>\n","protected":false},"excerpt":{"rendered":"<p>A la hora de se\u00f1alar a vencedores y derrotados de las recientes elecciones para renovar la mesa directiva de la Convenci\u00f3n Constitucional, se concluye que quienes ganaron son solo aquellos que obtuvieron la presidencia y las vicepresidencias de esta entidad,&hellip;<\/p>\n","protected":false},"author":1739,"featured_media":1500378,"comment_status":"closed","ping_status":"closed","sticky":false,"template":"","format":"standard","meta":{"footnotes":""},"categories":[11389,161,74,67],"tags":[29,71761],"class_list":["post-1500366","post","type-post","status-publish","format-standard","has-post-thumbnail","hentry","category-contenido-original","category-opiniones","category-politica-es","category-sudamerica","tag-chile","tag-convencion-constituyente"],"yoast_head":"<!-- This site is optimized with the Yoast SEO plugin v27.1.1 - https:\/\/yoast.com\/product\/yoast-seo-wordpress\/ -->\n<title>Una nueva \u201cfiesta\u201d de la democracia<\/title>\n<meta name=\"description\" content=\"A la hora de se\u00f1alar a vencedores y derrotados de las recientes elecciones para renovar la mesa directiva de la Convenci\u00f3n Constitucional, se concluye que\" \/>\n<meta name=\"robots\" content=\"index, follow, max-snippet:-1, max-image-preview:large, max-video-preview:-1\" \/>\n<link rel=\"canonical\" href=\"https:\/\/www.pressenza.com\/es\/2022\/01\/una-nueva-fiesta-de-la-democracia\/\" \/>\n<meta property=\"og:locale\" content=\"es_ES\" \/>\n<meta property=\"og:type\" content=\"article\" \/>\n<meta property=\"og:title\" content=\"Una nueva \u201cfiesta\u201d de la democracia\" \/>\n<meta property=\"og:description\" content=\"A la hora de se\u00f1alar a vencedores y derrotados de las recientes elecciones para renovar la mesa directiva de la Convenci\u00f3n Constitucional, se concluye que\" \/>\n<meta property=\"og:url\" content=\"https:\/\/www.pressenza.com\/es\/2022\/01\/una-nueva-fiesta-de-la-democracia\/\" \/>\n<meta property=\"og:site_name\" content=\"Pressenza\" \/>\n<meta property=\"article:publisher\" content=\"https:\/\/www.facebook.com\/PressenzaItalia\" \/>\n<meta property=\"article:published_time\" content=\"2022-01-08T18:22:08+00:00\" \/>\n<meta property=\"og:image\" content=\"https:\/\/www.pressenza.com\/wp-content\/uploads\/2022\/01\/radiouchile.jpg\" \/>\n\t<meta property=\"og:image:width\" content=\"1366\" \/>\n\t<meta property=\"og:image:height\" content=\"768\" \/>\n\t<meta property=\"og:image:type\" content=\"image\/jpeg\" \/>\n<meta name=\"author\" content=\"Juan Pablo C\u00e1rdenas\" \/>\n<meta name=\"twitter:card\" content=\"summary_large_image\" \/>\n<meta name=\"twitter:creator\" content=\"@PressenzaIPA\" \/>\n<meta name=\"twitter:site\" content=\"@PressenzaIPA\" \/>\n<meta name=\"twitter:label1\" content=\"Escrito por\" \/>\n\t<meta name=\"twitter:data1\" content=\"Juan Pablo C\u00e1rdenas\" \/>\n\t<meta name=\"twitter:label2\" content=\"Tiempo de lectura\" \/>\n\t<meta name=\"twitter:data2\" content=\"6 minutos\" \/>\n<script type=\"application\/ld+json\" class=\"yoast-schema-graph\">{\"@context\":\"https:\/\/schema.org\",\"@graph\":[{\"@type\":\"Article\",\"@id\":\"https:\/\/www.pressenza.com\/es\/2022\/01\/una-nueva-fiesta-de-la-democracia\/#article\",\"isPartOf\":{\"@id\":\"https:\/\/www.pressenza.com\/es\/2022\/01\/una-nueva-fiesta-de-la-democracia\/\"},\"author\":{\"name\":\"Juan Pablo C\u00e1rdenas\",\"@id\":\"https:\/\/www.pressenza.com\/es\/#\/schema\/person\/d72a7c8c014dcbfa2ef9e9976103ea0d\"},\"headline\":\"Una nueva \u201cfiesta\u201d de la democracia\",\"datePublished\":\"2022-01-08T18:22:08+00:00\",\"mainEntityOfPage\":{\"@id\":\"https:\/\/www.pressenza.com\/es\/2022\/01\/una-nueva-fiesta-de-la-democracia\/\"},\"wordCount\":1238,\"publisher\":{\"@id\":\"https:\/\/www.pressenza.com\/es\/#organization\"},\"image\":{\"@id\":\"https:\/\/www.pressenza.com\/es\/2022\/01\/una-nueva-fiesta-de-la-democracia\/#primaryimage\"},\"thumbnailUrl\":\"https:\/\/www.pressenza.com\/wp-content\/uploads\/2022\/01\/radiouchile.jpg\",\"keywords\":[\"Chile\",\"Convenci\u00f3n Constituyente\"],\"articleSection\":[\"Contenido Original\",\"Opiniones\",\"Pol\u00edtica\",\"Sudam\u00e9rica\"],\"inLanguage\":\"es\"},{\"@type\":\"WebPage\",\"@id\":\"https:\/\/www.pressenza.com\/es\/2022\/01\/una-nueva-fiesta-de-la-democracia\/\",\"url\":\"https:\/\/www.pressenza.com\/es\/2022\/01\/una-nueva-fiesta-de-la-democracia\/\",\"name\":\"Una nueva \u201cfiesta\u201d de la democracia\",\"isPartOf\":{\"@id\":\"https:\/\/www.pressenza.com\/es\/#website\"},\"primaryImageOfPage\":{\"@id\":\"https:\/\/www.pressenza.com\/es\/2022\/01\/una-nueva-fiesta-de-la-democracia\/#primaryimage\"},\"image\":{\"@id\":\"https:\/\/www.pressenza.com\/es\/2022\/01\/una-nueva-fiesta-de-la-democracia\/#primaryimage\"},\"thumbnailUrl\":\"https:\/\/www.pressenza.com\/wp-content\/uploads\/2022\/01\/radiouchile.jpg\",\"datePublished\":\"2022-01-08T18:22:08+00:00\",\"description\":\"A la hora de se\u00f1alar a vencedores y derrotados de las recientes elecciones para renovar la mesa directiva de la Convenci\u00f3n Constitucional, se concluye que\",\"breadcrumb\":{\"@id\":\"https:\/\/www.pressenza.com\/es\/2022\/01\/una-nueva-fiesta-de-la-democracia\/#breadcrumb\"},\"inLanguage\":\"es\",\"potentialAction\":[{\"@type\":\"ReadAction\",\"target\":[\"https:\/\/www.pressenza.com\/es\/2022\/01\/una-nueva-fiesta-de-la-democracia\/\"]}]},{\"@type\":\"ImageObject\",\"inLanguage\":\"es\",\"@id\":\"https:\/\/www.pressenza.com\/es\/2022\/01\/una-nueva-fiesta-de-la-democracia\/#primaryimage\",\"url\":\"https:\/\/www.pressenza.com\/wp-content\/uploads\/2022\/01\/radiouchile.jpg\",\"contentUrl\":\"https:\/\/www.pressenza.com\/wp-content\/uploads\/2022\/01\/radiouchile.jpg\",\"width\":1366,\"height\":768,\"caption\":\"radio.uchile.cl\"},{\"@type\":\"BreadcrumbList\",\"@id\":\"https:\/\/www.pressenza.com\/es\/2022\/01\/una-nueva-fiesta-de-la-democracia\/#breadcrumb\",\"itemListElement\":[{\"@type\":\"ListItem\",\"position\":1,\"name\":\"Accueil\",\"item\":\"https:\/\/www.pressenza.com\/es\/\"},{\"@type\":\"ListItem\",\"position\":2,\"name\":\"Una nueva \u201cfiesta\u201d de la democracia\"}]},{\"@type\":\"WebSite\",\"@id\":\"https:\/\/www.pressenza.com\/es\/#website\",\"url\":\"https:\/\/www.pressenza.com\/es\/\",\"name\":\"Pressenza\",\"description\":\"International Press Agency\",\"publisher\":{\"@id\":\"https:\/\/www.pressenza.com\/es\/#organization\"},\"potentialAction\":[{\"@type\":\"SearchAction\",\"target\":{\"@type\":\"EntryPoint\",\"urlTemplate\":\"https:\/\/www.pressenza.com\/es\/?s={search_term_string}\"},\"query-input\":{\"@type\":\"PropertyValueSpecification\",\"valueRequired\":true,\"valueName\":\"search_term_string\"}}],\"inLanguage\":\"es\"},{\"@type\":\"Organization\",\"@id\":\"https:\/\/www.pressenza.com\/es\/#organization\",\"name\":\"Pressenza\",\"url\":\"https:\/\/www.pressenza.com\/es\/\",\"logo\":{\"@type\":\"ImageObject\",\"inLanguage\":\"es\",\"@id\":\"https:\/\/www.pressenza.com\/es\/#\/schema\/logo\/image\/\",\"url\":\"https:\/\/www.pressenza.com\/wp-content\/uploads\/2022\/10\/pressenza_logo_200x200.jpg\",\"contentUrl\":\"https:\/\/www.pressenza.com\/wp-content\/uploads\/2022\/10\/pressenza_logo_200x200.jpg\",\"width\":200,\"height\":200,\"caption\":\"Pressenza\"},\"image\":{\"@id\":\"https:\/\/www.pressenza.com\/es\/#\/schema\/logo\/image\/\"},\"sameAs\":[\"https:\/\/www.facebook.com\/PressenzaItalia\",\"https:\/\/x.com\/PressenzaIPA\"]},{\"@type\":\"Person\",\"@id\":\"https:\/\/www.pressenza.com\/es\/#\/schema\/person\/d72a7c8c014dcbfa2ef9e9976103ea0d\",\"name\":\"Juan Pablo C\u00e1rdenas\",\"description\":\"Juan Pablo C\u00e1rdenas Squella es un periodista y profesor universitario de vasta trayectoria. En el 2005 recibi\u00f3 en premio nacional de Periodismo y, antes, la Pluma de Oro de la Libertad, otorgada por la Federaci\u00f3n Mundial de la Prensa. Tambi\u00e9n obtuvo el Premio Latinoamericano de Periodismo, la Houten Camara de Holanda (1989) entre otras m\u00faltiples distinciones nacionales y extranjeras. Forma parte de los sesenta periodistas del mundo considerados H\u00e9roes de la Libertad de Expresi\u00f3n, reconocimiento hecho por la Federaci\u00f3n Internacional de Periodistas. Ha sido director y columnista de las revistas Debate Universitario, An\u00e1lisis y Los Tiempos, as\u00ed como del diario electr\u00f3nico primeral\u00ednea.cl. Tambi\u00e9n fue por m\u00e1s 18 a\u00f1os director de la Radio Universidad de Chile y de su diario digital. Se ha desempe\u00f1ado como profesor de varias escuelas de periodismo de Santiago y Valpara\u00edso y en la Universidad de Chile alcanz\u00f3 el grado de profesor titular y senador universitario.\",\"url\":\"https:\/\/www.pressenza.com\/es\/author\/juan-pablo-cardenas\/\"}]}<\/script>\n<!-- \/ Yoast SEO plugin. -->","yoast_head_json":{"title":"Una nueva \u201cfiesta\u201d de la democracia","description":"A la hora de se\u00f1alar a vencedores y derrotados de las recientes elecciones para renovar la mesa directiva de la Convenci\u00f3n Constitucional, se concluye que","robots":{"index":"index","follow":"follow","max-snippet":"max-snippet:-1","max-image-preview":"max-image-preview:large","max-video-preview":"max-video-preview:-1"},"canonical":"https:\/\/www.pressenza.com\/es\/2022\/01\/una-nueva-fiesta-de-la-democracia\/","og_locale":"es_ES","og_type":"article","og_title":"Una nueva \u201cfiesta\u201d de la democracia","og_description":"A la hora de se\u00f1alar a vencedores y derrotados de las recientes elecciones para renovar la mesa directiva de la Convenci\u00f3n Constitucional, se concluye que","og_url":"https:\/\/www.pressenza.com\/es\/2022\/01\/una-nueva-fiesta-de-la-democracia\/","og_site_name":"Pressenza","article_publisher":"https:\/\/www.facebook.com\/PressenzaItalia","article_published_time":"2022-01-08T18:22:08+00:00","og_image":[{"width":1366,"height":768,"url":"https:\/\/www.pressenza.com\/wp-content\/uploads\/2022\/01\/radiouchile.jpg","type":"image\/jpeg"}],"author":"Juan Pablo C\u00e1rdenas","twitter_card":"summary_large_image","twitter_creator":"@PressenzaIPA","twitter_site":"@PressenzaIPA","twitter_misc":{"Escrito por":"Juan Pablo C\u00e1rdenas","Tiempo de lectura":"6 minutos"},"schema":{"@context":"https:\/\/schema.org","@graph":[{"@type":"Article","@id":"https:\/\/www.pressenza.com\/es\/2022\/01\/una-nueva-fiesta-de-la-democracia\/#article","isPartOf":{"@id":"https:\/\/www.pressenza.com\/es\/2022\/01\/una-nueva-fiesta-de-la-democracia\/"},"author":{"name":"Juan Pablo C\u00e1rdenas","@id":"https:\/\/www.pressenza.com\/es\/#\/schema\/person\/d72a7c8c014dcbfa2ef9e9976103ea0d"},"headline":"Una nueva \u201cfiesta\u201d de la democracia","datePublished":"2022-01-08T18:22:08+00:00","mainEntityOfPage":{"@id":"https:\/\/www.pressenza.com\/es\/2022\/01\/una-nueva-fiesta-de-la-democracia\/"},"wordCount":1238,"publisher":{"@id":"https:\/\/www.pressenza.com\/es\/#organization"},"image":{"@id":"https:\/\/www.pressenza.com\/es\/2022\/01\/una-nueva-fiesta-de-la-democracia\/#primaryimage"},"thumbnailUrl":"https:\/\/www.pressenza.com\/wp-content\/uploads\/2022\/01\/radiouchile.jpg","keywords":["Chile","Convenci\u00f3n Constituyente"],"articleSection":["Contenido Original","Opiniones","Pol\u00edtica","Sudam\u00e9rica"],"inLanguage":"es"},{"@type":"WebPage","@id":"https:\/\/www.pressenza.com\/es\/2022\/01\/una-nueva-fiesta-de-la-democracia\/","url":"https:\/\/www.pressenza.com\/es\/2022\/01\/una-nueva-fiesta-de-la-democracia\/","name":"Una nueva \u201cfiesta\u201d de la democracia","isPartOf":{"@id":"https:\/\/www.pressenza.com\/es\/#website"},"primaryImageOfPage":{"@id":"https:\/\/www.pressenza.com\/es\/2022\/01\/una-nueva-fiesta-de-la-democracia\/#primaryimage"},"image":{"@id":"https:\/\/www.pressenza.com\/es\/2022\/01\/una-nueva-fiesta-de-la-democracia\/#primaryimage"},"thumbnailUrl":"https:\/\/www.pressenza.com\/wp-content\/uploads\/2022\/01\/radiouchile.jpg","datePublished":"2022-01-08T18:22:08+00:00","description":"A la hora de se\u00f1alar a vencedores y derrotados de las recientes elecciones para renovar la mesa directiva de la Convenci\u00f3n Constitucional, se concluye que","breadcrumb":{"@id":"https:\/\/www.pressenza.com\/es\/2022\/01\/una-nueva-fiesta-de-la-democracia\/#breadcrumb"},"inLanguage":"es","potentialAction":[{"@type":"ReadAction","target":["https:\/\/www.pressenza.com\/es\/2022\/01\/una-nueva-fiesta-de-la-democracia\/"]}]},{"@type":"ImageObject","inLanguage":"es","@id":"https:\/\/www.pressenza.com\/es\/2022\/01\/una-nueva-fiesta-de-la-democracia\/#primaryimage","url":"https:\/\/www.pressenza.com\/wp-content\/uploads\/2022\/01\/radiouchile.jpg","contentUrl":"https:\/\/www.pressenza.com\/wp-content\/uploads\/2022\/01\/radiouchile.jpg","width":1366,"height":768,"caption":"radio.uchile.cl"},{"@type":"BreadcrumbList","@id":"https:\/\/www.pressenza.com\/es\/2022\/01\/una-nueva-fiesta-de-la-democracia\/#breadcrumb","itemListElement":[{"@type":"ListItem","position":1,"name":"Accueil","item":"https:\/\/www.pressenza.com\/es\/"},{"@type":"ListItem","position":2,"name":"Una nueva \u201cfiesta\u201d de la democracia"}]},{"@type":"WebSite","@id":"https:\/\/www.pressenza.com\/es\/#website","url":"https:\/\/www.pressenza.com\/es\/","name":"Pressenza","description":"International Press Agency","publisher":{"@id":"https:\/\/www.pressenza.com\/es\/#organization"},"potentialAction":[{"@type":"SearchAction","target":{"@type":"EntryPoint","urlTemplate":"https:\/\/www.pressenza.com\/es\/?s={search_term_string}"},"query-input":{"@type":"PropertyValueSpecification","valueRequired":true,"valueName":"search_term_string"}}],"inLanguage":"es"},{"@type":"Organization","@id":"https:\/\/www.pressenza.com\/es\/#organization","name":"Pressenza","url":"https:\/\/www.pressenza.com\/es\/","logo":{"@type":"ImageObject","inLanguage":"es","@id":"https:\/\/www.pressenza.com\/es\/#\/schema\/logo\/image\/","url":"https:\/\/www.pressenza.com\/wp-content\/uploads\/2022\/10\/pressenza_logo_200x200.jpg","contentUrl":"https:\/\/www.pressenza.com\/wp-content\/uploads\/2022\/10\/pressenza_logo_200x200.jpg","width":200,"height":200,"caption":"Pressenza"},"image":{"@id":"https:\/\/www.pressenza.com\/es\/#\/schema\/logo\/image\/"},"sameAs":["https:\/\/www.facebook.com\/PressenzaItalia","https:\/\/x.com\/PressenzaIPA"]},{"@type":"Person","@id":"https:\/\/www.pressenza.com\/es\/#\/schema\/person\/d72a7c8c014dcbfa2ef9e9976103ea0d","name":"Juan Pablo C\u00e1rdenas","description":"Juan Pablo C\u00e1rdenas Squella es un periodista y profesor universitario de vasta trayectoria. En el 2005 recibi\u00f3 en premio nacional de Periodismo y, antes, la Pluma de Oro de la Libertad, otorgada por la Federaci\u00f3n Mundial de la Prensa. Tambi\u00e9n obtuvo el Premio Latinoamericano de Periodismo, la Houten Camara de Holanda (1989) entre otras m\u00faltiples distinciones nacionales y extranjeras. Forma parte de los sesenta periodistas del mundo considerados H\u00e9roes de la Libertad de Expresi\u00f3n, reconocimiento hecho por la Federaci\u00f3n Internacional de Periodistas. Ha sido director y columnista de las revistas Debate Universitario, An\u00e1lisis y Los Tiempos, as\u00ed como del diario electr\u00f3nico primeral\u00ednea.cl. Tambi\u00e9n fue por m\u00e1s 18 a\u00f1os director de la Radio Universidad de Chile y de su diario digital. Se ha desempe\u00f1ado como profesor de varias escuelas de periodismo de Santiago y Valpara\u00edso y en la Universidad de Chile alcanz\u00f3 el grado de profesor titular y senador universitario.","url":"https:\/\/www.pressenza.com\/es\/author\/juan-pablo-cardenas\/"}]}},"place":"Santiago de Chile","original_article_url":"","_links":{"self":[{"href":"https:\/\/www.pressenza.com\/es\/wp-json\/wp\/v2\/posts\/1500366","targetHints":{"allow":["GET"]}}],"collection":[{"href":"https:\/\/www.pressenza.com\/es\/wp-json\/wp\/v2\/posts"}],"about":[{"href":"https:\/\/www.pressenza.com\/es\/wp-json\/wp\/v2\/types\/post"}],"author":[{"embeddable":true,"href":"https:\/\/www.pressenza.com\/es\/wp-json\/wp\/v2\/users\/1739"}],"replies":[{"embeddable":true,"href":"https:\/\/www.pressenza.com\/es\/wp-json\/wp\/v2\/comments?post=1500366"}],"version-history":[{"count":0,"href":"https:\/\/www.pressenza.com\/es\/wp-json\/wp\/v2\/posts\/1500366\/revisions"}],"wp:featuredmedia":[{"embeddable":true,"href":"https:\/\/www.pressenza.com\/es\/wp-json\/wp\/v2\/media\/1500378"}],"wp:attachment":[{"href":"https:\/\/www.pressenza.com\/es\/wp-json\/wp\/v2\/media?parent=1500366"}],"wp:term":[{"taxonomy":"category","embeddable":true,"href":"https:\/\/www.pressenza.com\/es\/wp-json\/wp\/v2\/categories?post=1500366"},{"taxonomy":"post_tag","embeddable":true,"href":"https:\/\/www.pressenza.com\/es\/wp-json\/wp\/v2\/tags?post=1500366"}],"curies":[{"name":"wp","href":"https:\/\/api.w.org\/{rel}","templated":true}]}}