{"id":1499646,"date":"2022-01-06T19:26:03","date_gmt":"2022-01-06T19:26:03","guid":{"rendered":"https:\/\/www.pressenza.com\/?p=1499646"},"modified":"2022-01-06T19:28:20","modified_gmt":"2022-01-06T19:28:20","slug":"la-ultraderecha-europea-hacia-la-creacion-de-un-supergrupo","status":"publish","type":"post","link":"https:\/\/www.pressenza.com\/es\/2022\/01\/la-ultraderecha-europea-hacia-la-creacion-de-un-supergrupo\/","title":{"rendered":"La ultraderecha europea, hacia la creaci\u00f3n de un \u2018supergrupo\u2019"},"content":{"rendered":"<p>Por \u00c1ngel Ferrero\u00b9<\/p>\n<section class=\"field-body\">A principios de septiembre, el presidente de Vox, Santiago Abascal, anunciaba en su cuenta de Twitter que Espa\u00f1a era el pa\u00eds escogido <a href=\"https:\/\/twitter.com\/Santi_ABASCAL\/status\/1467152912753250306\" target=\"_blank\" rel=\"noopener\">para la pr\u00f3xima cumbre de \u201cdirigentes patriotas y conservadores europeos\u201d<\/a> que se celebrar\u00e1 este mes de enero. Polonia fue el pa\u00eds anfitri\u00f3n del \u00faltimo encuentro. El 4 de diciembre se reunieron en el Hotel Regent de Varsovia el presidente de Ley y Justicia (PiS), Jaros\u0142aw Kaczy\u0144ski, el primer ministro de Polonia, Mateusz Morawiecki, el presidente de Fidesz y primer ministro de Hungr\u00eda, Viktor Orb\u00e1n, la presidenta de Agrupaci\u00f3n Nacional (RN), Marine Le Pen, el presidente del Partido Popular Conservador de Estonia (EKRE), Martin Helme, el presidente de Inter\u00e9s Flamenco (Vlaams Belang), Tom Van Grieken, y el propio Abascal. Otras formaciones destacadas de la ultraderecha europea, sin embargo, no estuvieron presentes, como la Liga de Matteo Salvini, Alternativa para Alemania (AfD) o el Partido de la Libertad de Austria (FP\u00d6). De la cumbre sali\u00f3 una declaraci\u00f3n muy breve, de una p\u00e1gina de extensi\u00f3n, en la que se denunciaba la \u201cperturbadora idea\u201d de una Europa \u201cgobernada por una \u00e9lite nombrada a s\u00ed misma\u201d. En el documento se destacaba c\u00f3mo esta \u00e9lite lleva a cabo una \u201caplicaci\u00f3n arbitraria de la ley europea\u201d y un programa de \u201cingenier\u00eda social\u201d a escala continental destinado a \u201cseparar al ser humano de su cultura y de su legado\u201d.Pero si esta cumbre llam\u00f3 la atenci\u00f3n de los analistas pol\u00edticos fue por tratarse de la primera con car\u00e1cter oficial entre representantes pol\u00edticos de los dos grupos situados a la derecha del Partido Popular Europeo (PPE) en el Parlamento Europeo \u2013el grupo de los Conservadores y Reformistas Europeos (ECR) y Identidad y Democracia (ID)\u2013 y un tercero, el h\u00fangaro Fidesz, sin afiliaci\u00f3n desde su salida del PPE en marzo. A pesar de situarse de manera clara en diferentes posiciones del extremo derecho del espectro pol\u00edtico, estos partidos mantienen algunas diferencias pol\u00edticas entre ellos e incluso en algunos pa\u00edses compiten electoralmente, como es el caso de B\u00e9lgica \u2013Nueva Alianza Flamenca (N-VA) pertenece a ECR, mientras que Vlaams Belang se integra en ID\u2013 o Italia \u2013la Liga de Salvini es uno de los partidos m\u00e1s importantes en ID, mientras que Hermanos de Italia (FI) lo es de ECR\u2013, lo que justificaba la existencia de dos grupos separados en la Euroc\u00e1mara. Esta realidad podr\u00eda pasar a la historia dentro de muy poco, incluso este mismo mes, si algunos o todos estos partidos deciden crear un grupo \u00fanico que los re\u00fana a pesar de sus diferencias. En la declaraci\u00f3n de Varsovia de diciembre, los partidos firmantes se comprometieron ya a una \u201ccooperaci\u00f3n m\u00e1s estrecha de sus partidos en el Parlamento Europeo, incluyendo la organizaci\u00f3n de reuniones conjuntas y la coordinaci\u00f3n de voto\u201d. Le Pen se manifest\u00f3 convencida de que se lograr\u00eda esta meta sin precedentes. \u201cPodemos ser optimistas por lo que respecta a la creaci\u00f3n de esta fuerza pol\u00edtica en los pr\u00f3ximos meses\u201d, afirm\u00f3 la presidenta de RN. \u201cHemos estado trabajando durante meses para crear una fuerte familia de partidos, espero que podamos dar un paso en esta direcci\u00f3n\u201d, declar\u00f3 por su parte Orb\u00e1n a la prensa poco antes del encuentro.Como comentaba d\u00edas atr\u00e1s el eurodiputado Miguel Urb\u00e1n (Anticapitalistas, LeftEU) <a href=\"https:\/\/twitter.com\/MiguelUrban\/status\/1467095870483177476\" target=\"_blank\" rel=\"noopener\">en un breve hilo en Twitter<\/a>, la figura de Orb\u00e1n ser\u00eda clave en la formaci\u00f3n de este \u2018supergrupo\u2019, ya que ayudar\u00eda a construir puentes entre formaciones gracias a sus relaciones personales tanto con el PiS, el partido que gobierna en Polonia, como con Matteo Salvini, pero tambi\u00e9n por la proyecci\u00f3n internacional y el prestigio del primer ministro h\u00fangaro entre la base social tanto de los partidos de ECR como de ID. La idea dista de ser nueva: en 2019 Salvini tante\u00f3 esta posibilidad antes de las elecciones europeas de aquel a\u00f1o e incluso lleg\u00f3 a viajar a Varsovia para intentar convencer al PiS, pero la idea no prosper\u00f3. Tres a\u00f1os despu\u00e9s, en cambio, el contexto europeo les aconseja dar ese paso adelante.<strong>\u00bf\u201dO ahora o nunca\u201d?<\/strong>Hasta el momento los obst\u00e1culos han sido tanto ideol\u00f3gicos \u2013desde cuestiones que pueden parecer irrelevantes a un observador externo, como su grado de tradicionalismo, hasta la pol\u00edtica exterior (de manera destacada la relaci\u00f3n a mantener con Rusia y, en menor grado, China)\u2013 como pr\u00e1cticos \u2013la consolidaci\u00f3n de ECR ante la inestabilidad interna que ha caracterizado a ID en el pasado\u2013. \u00bfQu\u00e9 es, pues, lo que ha cambiado?<\/p>\n<p>Por una parte, muchos de estos partidos se encuentran en una especie de meseta en las encuesta de intenci\u00f3n de voto despu\u00e9s de haber experimentado un importante crecimiento electoral y ahora les vendr\u00eda bien un impulso pol\u00edtico y medi\u00e1tico. Una de las personas que podr\u00eda beneficiarse \u2013y podr\u00eda tener, por lo tanto, un inter\u00e9s personal en la consolidaci\u00f3n de este \u2018supergrupo\u2019\u2013 es Marine Le Pen, que aspira a pasar otra vez a la segunda vuelta de las elecciones presidenciales francesas del mes de abril, pero que mantiene desde hace meses en los sondeos un pulso para liderar la derecha con Reconquista (R!), el partido recientemente fundado por el periodista \u00c9ric Zemmour, que podr\u00eda dividir el voto de la ultraderecha y favorecer, as\u00ed, a otros candidatos. De sellar un acuerdo de estas caracter\u00edsticas en Espa\u00f1a, Vox podr\u00eda reforzar su aspiraci\u00f3n a gobernar con el Partido Popular (PP) de Pablo Casado. Al mismo tiempo, Abascal podr\u00eda ofrecer al resto de partidos europeos un canal para proyectar su influencia en Am\u00e9rica Latina en tanto que a trav\u00e9s del desarrollo de su concepto pseudote\u00f3rico de \u2018Iberosfera\u2019 ha comenzado a estrechar v\u00ednculos con fuerzas de ultraderecha de todo el subcontinente, <a href=\"https:\/\/twitter.com\/vox_es\/status\/1469004734161903617?t=Boz73OOnFkyek7-ELBgzKQ&amp;s=19\" target=\"_blank\" rel=\"noopener\">incluyendo al presidente de Brasil, Jair Bolsonaro<\/a>.<\/p>\n<p>Por otra parte, tanto Fidesz como el PiS, que gobiernan en Hungr\u00eda y Polonia respectivamente, no solamente tienen abiertos diferentes conflictos con Bruselas \u2013principalmente por la reforma de sus sistemas judiciales, pero tambi\u00e9n por sus pol\u00edticas de inmigraci\u00f3n y asilo y de protecci\u00f3n de los derechos de las mujeres y las minor\u00edas sexuales\u2013, sino que el nuevo gobierno de coalici\u00f3n en Berl\u00edn, formado por socialdem\u00f3cratas, verdes y liberales, podr\u00eda endurecer sus posiciones hacia Budapest y Varsovia por presi\u00f3n sobre todo de Los Verdes, la copresidenta de los cuales, Annalena Baerbock, se encuentra a cargo del Ministerio de Asuntos Exteriores (Baerbock redujo el tono de sus cr\u00edticas en campa\u00f1a <a href=\"https:\/\/www.tagesschau.de\/ausland\/europa\/baerbock-polen-reise-101.html\" target=\"_blank\" rel=\"noopener\">durante su reciente visita a Polonia<\/a>, donde habl\u00f3 de resolver las \u201cdiscrepancias\u201d entre ambos pa\u00edses y respald\u00f3 al gobierno polaco en su disputa con Bielorrusia). En diciembre Orb\u00e1n carg\u00f3 <a href=\"https:\/\/www.rnd.de\/politik\/viktor-orban-sagt-der-neuen-ampel-koalition-den-kampf-an-FENQTBLW55AWPJZRW5PU2VBG2M.html\" target=\"_blank\" rel=\"noopener\">en un art\u00edculo sobre la marcha de Merkel<\/a> contra el nuevo gobierno alem\u00e1n \u2013a\u00fan no se hab\u00eda formado\u2013 describi\u00e9ndolo como un ejecutivo favorable a \u201cla inmigraci\u00f3n, la pol\u00edtica de g\u00e9nero y a una Europa federal y pro-alemana\u201d. Y, de manera desafiante, escrib\u00eda: \u201cNo nos crucemos de brazos, prepar\u00e9monos para la batalla\u201d.<\/p>\n<p>Esta presi\u00f3n doble \u2013de las encuestas de intenci\u00f3n de voto y del gobierno alem\u00e1n\u2013 podr\u00eda, en efecto, empujar a la ultraderecha a pensar que se encuentra en un momento de inflexi\u00f3n y que la mejor manera de salir al paso y ni estancarse ni recular es alcanzar un acuerdo de m\u00ednimos que facilite la creaci\u00f3n de un \u2018supergrupo\u2019 en la Euroc\u00e1mara. Adem\u00e1s, esta plataforma pol\u00edtica podr\u00eda contar ahora \u2013adem\u00e1s del ya mencionado canal de comunicaci\u00f3n con Am\u00e9rica Latina a trav\u00e9s de Vox\u2013 con un importante apoyo ideol\u00f3gico y organizativo gracias a la Fundaci\u00f3n Desiderius Erasmus (DES) vinculada a AfD y que contar\u00e1 por vez primera con fondos federales. A pesar de haber perdido un 2% y 11 esca\u00f1os en las \u00faltimas elecciones, al haber entrado en el Bundestag por segunda vez consecutiva la fundaci\u00f3n del partido ultraderechista tiene el derecho a acceder a estos fondos para utilizarlos a su discreci\u00f3n, comenzando por la contrataci\u00f3n, seg\u00fan informan algunos medios de comunicaci\u00f3n, de m\u00e1s de 900 personas en plantilla. La DES podr\u00eda abrir oficinas a decenas de otros pa\u00edses siguiendo el modelo de otras fundaciones vinculadas a partidos pol\u00edticos como la Konrad Adenauer, de la Uni\u00f3n Dem\u00f3crata Cristiana (CDU), la Friedrich Ebert, del Partido Socialdem\u00f3crata de Alemania (SPD), la Heinrich B\u00f6ll, de Los Verdes, o la Rosa Luxemburg, de La Izquierda. As\u00ed pues, la fundaci\u00f3n de AfD podr\u00eda tener \u00e9xito all\u00ed donde fracas\u00f3 <a href=\"https:\/\/www.counterpunch.org\/2021\/12\/06\/227693\/\" target=\"_blank\" rel=\"noopener\">el que fuera asesor de Donald Trump, Stephen Bannon<\/a>, a saber: en la creaci\u00f3n de un <em>think tank <\/em>transfonterizo de la ultraderecha con sede en Europa.<\/p>\n<p>Si todos los partidos se sumasen a esta iniciativa, este \u2018supergrupo\u2019 ultraderechista podr\u00eda llegar a tener la misma cantidad de eurodiputados (145) que la Alianza Progresista de los Socialistas y Dem\u00f3cratas (S&amp;D). Pero incluso si alguno de estos partidos decidiese mantenerse, como parece probable, al margen de este proyecto, o si S&amp;D integrase a alg\u00fan partido que le permitiese mantener su ventaja \u2013en Bruselas se rumorea que \u00e9se podr\u00eda ser el caso del italiano Movimiento 5 Estrellas (M5S)\u2013, el \u2018supergrupo\u2019 de la ultraderecha pasar\u00eda a ser el tercero en representaci\u00f3n, por delante de los liberales de Renew (101), Los Verdes \/ Alianza Libre Europea (73) y La Izquierda en el Parlamento Europeo (39), y, como recordaba Urb\u00e1n, contar\u00eda con dos asientos en el Consejo Europeo, los de Hungr\u00eda y Polonia, o incluso tres si se cuenta Eslovenia, gobernada por el Partido Dem\u00f3crata Esloveno (SDS) de Janez Jan\u0161a, quien ha sido descrito por diferentes medios de comunicaci\u00f3n como un \u201cTrump esloveno\u201d. \u201cEste movimiento no deber\u00eda leerse s\u00f3lo en clave europarlamentaria, sino desde una perspectiva de contrarrevoluci\u00f3n pol\u00edtico-cultural de mayor alcance\u201d, escrib\u00eda Urb\u00e1n, \u201cprepar\u00e9monos\u201d.<\/p>\n<\/section>\n","protected":false},"excerpt":{"rendered":"<p>Por \u00c1ngel Ferrero\u00b9 A principios de septiembre, el presidente de Vox, Santiago Abascal, anunciaba en su cuenta de Twitter que Espa\u00f1a era el pa\u00eds escogido para la pr\u00f3xima cumbre de \u201cdirigentes patriotas y conservadores europeos\u201d que se celebrar\u00e1 este mes&hellip;<\/p>\n","protected":false},"author":1512,"featured_media":1499649,"comment_status":"closed","ping_status":"closed","sticky":false,"template":"","format":"standard","meta":{"footnotes":""},"categories":[66,161,74],"tags":[953,8880,9533,4817],"class_list":["post-1499646","post","type-post","status-publish","format-standard","has-post-thumbnail","hentry","category-europa-es","category-opiniones","category-politica-es","tag-europa-es-2","tag-extrema-derecha","tag-ue-es","tag-union-europea"],"yoast_head":"<!-- This site is optimized with the Yoast SEO plugin v27.1.1 - https:\/\/yoast.com\/product\/yoast-seo-wordpress\/ -->\n<title>La ultraderecha europea, hacia la creaci\u00f3n de un \u2018supergrupo\u2019<\/title>\n<meta name=\"description\" content=\"Por \u00c1ngel Ferrero\u00b9 A principios de septiembre, el presidente de Vox, Santiago Abascal, anunciaba en su cuenta de Twitter que Espa\u00f1a era el pa\u00eds escogido\" \/>\n<meta name=\"robots\" content=\"index, follow, max-snippet:-1, max-image-preview:large, max-video-preview:-1\" \/>\n<link rel=\"canonical\" href=\"https:\/\/www.pressenza.com\/es\/2022\/01\/la-ultraderecha-europea-hacia-la-creacion-de-un-supergrupo\/\" \/>\n<meta property=\"og:locale\" content=\"es_ES\" \/>\n<meta property=\"og:type\" content=\"article\" \/>\n<meta property=\"og:title\" content=\"La ultraderecha europea, hacia la creaci\u00f3n de un \u2018supergrupo\u2019\" \/>\n<meta property=\"og:description\" content=\"Por \u00c1ngel Ferrero\u00b9 A principios de septiembre, el presidente de Vox, Santiago Abascal, anunciaba en su cuenta de Twitter que Espa\u00f1a era el pa\u00eds escogido\" \/>\n<meta property=\"og:url\" content=\"https:\/\/www.pressenza.com\/es\/2022\/01\/la-ultraderecha-europea-hacia-la-creacion-de-un-supergrupo\/\" \/>\n<meta property=\"og:site_name\" content=\"Pressenza\" \/>\n<meta property=\"article:publisher\" content=\"https:\/\/www.facebook.com\/PressenzaItalia\" \/>\n<meta property=\"article:published_time\" content=\"2022-01-06T19:26:03+00:00\" \/>\n<meta property=\"article:modified_time\" content=\"2022-01-06T19:28:20+00:00\" \/>\n<meta property=\"og:image\" content=\"https:\/\/www.pressenza.com\/wp-content\/uploads\/2022\/01\/Warsaw-Summit-captura-de-video.jpg\" \/>\n\t<meta property=\"og:image:width\" content=\"1024\" \/>\n\t<meta property=\"og:image:height\" content=\"576\" \/>\n\t<meta property=\"og:image:type\" content=\"image\/jpeg\" \/>\n<meta name=\"author\" content=\"Sin Permiso\" \/>\n<meta name=\"twitter:card\" content=\"summary_large_image\" \/>\n<meta name=\"twitter:creator\" content=\"@PressenzaIPA\" \/>\n<meta name=\"twitter:site\" content=\"@PressenzaIPA\" \/>\n<meta name=\"twitter:label1\" content=\"Escrito por\" \/>\n\t<meta name=\"twitter:data1\" content=\"Sin Permiso\" \/>\n\t<meta name=\"twitter:label2\" content=\"Tiempo de lectura\" \/>\n\t<meta name=\"twitter:data2\" content=\"9 minutos\" \/>\n<script type=\"application\/ld+json\" class=\"yoast-schema-graph\">{\"@context\":\"https:\/\/schema.org\",\"@graph\":[{\"@type\":\"Article\",\"@id\":\"https:\/\/www.pressenza.com\/es\/2022\/01\/la-ultraderecha-europea-hacia-la-creacion-de-un-supergrupo\/#article\",\"isPartOf\":{\"@id\":\"https:\/\/www.pressenza.com\/es\/2022\/01\/la-ultraderecha-europea-hacia-la-creacion-de-un-supergrupo\/\"},\"author\":{\"name\":\"Sin Permiso\",\"@id\":\"https:\/\/www.pressenza.com\/es\/#\/schema\/person\/e79f15b3a6dc0da487a62b60e88a9e8d\"},\"headline\":\"La ultraderecha europea, hacia la creaci\u00f3n de un \u2018supergrupo\u2019\",\"datePublished\":\"2022-01-06T19:26:03+00:00\",\"dateModified\":\"2022-01-06T19:28:20+00:00\",\"mainEntityOfPage\":{\"@id\":\"https:\/\/www.pressenza.com\/es\/2022\/01\/la-ultraderecha-europea-hacia-la-creacion-de-un-supergrupo\/\"},\"wordCount\":1717,\"publisher\":{\"@id\":\"https:\/\/www.pressenza.com\/es\/#organization\"},\"image\":{\"@id\":\"https:\/\/www.pressenza.com\/es\/2022\/01\/la-ultraderecha-europea-hacia-la-creacion-de-un-supergrupo\/#primaryimage\"},\"thumbnailUrl\":\"https:\/\/www.pressenza.com\/wp-content\/uploads\/2022\/01\/Warsaw-Summit-captura-de-video.jpg\",\"keywords\":[\"Europa\",\"extrema derecha\",\"UE\",\"Uni\u00f3n Europea\"],\"articleSection\":[\"Europa\",\"Opiniones\",\"Pol\u00edtica\"],\"inLanguage\":\"es\"},{\"@type\":\"WebPage\",\"@id\":\"https:\/\/www.pressenza.com\/es\/2022\/01\/la-ultraderecha-europea-hacia-la-creacion-de-un-supergrupo\/\",\"url\":\"https:\/\/www.pressenza.com\/es\/2022\/01\/la-ultraderecha-europea-hacia-la-creacion-de-un-supergrupo\/\",\"name\":\"La ultraderecha europea, hacia la creaci\u00f3n de un \u2018supergrupo\u2019\",\"isPartOf\":{\"@id\":\"https:\/\/www.pressenza.com\/es\/#website\"},\"primaryImageOfPage\":{\"@id\":\"https:\/\/www.pressenza.com\/es\/2022\/01\/la-ultraderecha-europea-hacia-la-creacion-de-un-supergrupo\/#primaryimage\"},\"image\":{\"@id\":\"https:\/\/www.pressenza.com\/es\/2022\/01\/la-ultraderecha-europea-hacia-la-creacion-de-un-supergrupo\/#primaryimage\"},\"thumbnailUrl\":\"https:\/\/www.pressenza.com\/wp-content\/uploads\/2022\/01\/Warsaw-Summit-captura-de-video.jpg\",\"datePublished\":\"2022-01-06T19:26:03+00:00\",\"dateModified\":\"2022-01-06T19:28:20+00:00\",\"description\":\"Por \u00c1ngel Ferrero\u00b9 A principios de septiembre, el presidente de Vox, Santiago Abascal, anunciaba en su cuenta de Twitter que Espa\u00f1a era el pa\u00eds escogido\",\"breadcrumb\":{\"@id\":\"https:\/\/www.pressenza.com\/es\/2022\/01\/la-ultraderecha-europea-hacia-la-creacion-de-un-supergrupo\/#breadcrumb\"},\"inLanguage\":\"es\",\"potentialAction\":[{\"@type\":\"ReadAction\",\"target\":[\"https:\/\/www.pressenza.com\/es\/2022\/01\/la-ultraderecha-europea-hacia-la-creacion-de-un-supergrupo\/\"]}]},{\"@type\":\"ImageObject\",\"inLanguage\":\"es\",\"@id\":\"https:\/\/www.pressenza.com\/es\/2022\/01\/la-ultraderecha-europea-hacia-la-creacion-de-un-supergrupo\/#primaryimage\",\"url\":\"https:\/\/www.pressenza.com\/wp-content\/uploads\/2022\/01\/Warsaw-Summit-captura-de-video.jpg\",\"contentUrl\":\"https:\/\/www.pressenza.com\/wp-content\/uploads\/2022\/01\/Warsaw-Summit-captura-de-video.jpg\",\"width\":1024,\"height\":576},{\"@type\":\"BreadcrumbList\",\"@id\":\"https:\/\/www.pressenza.com\/es\/2022\/01\/la-ultraderecha-europea-hacia-la-creacion-de-un-supergrupo\/#breadcrumb\",\"itemListElement\":[{\"@type\":\"ListItem\",\"position\":1,\"name\":\"Accueil\",\"item\":\"https:\/\/www.pressenza.com\/es\/\"},{\"@type\":\"ListItem\",\"position\":2,\"name\":\"La ultraderecha europea, hacia la creaci\u00f3n de un \u2018supergrupo\u2019\"}]},{\"@type\":\"WebSite\",\"@id\":\"https:\/\/www.pressenza.com\/es\/#website\",\"url\":\"https:\/\/www.pressenza.com\/es\/\",\"name\":\"Pressenza\",\"description\":\"International Press Agency\",\"publisher\":{\"@id\":\"https:\/\/www.pressenza.com\/es\/#organization\"},\"potentialAction\":[{\"@type\":\"SearchAction\",\"target\":{\"@type\":\"EntryPoint\",\"urlTemplate\":\"https:\/\/www.pressenza.com\/es\/?s={search_term_string}\"},\"query-input\":{\"@type\":\"PropertyValueSpecification\",\"valueRequired\":true,\"valueName\":\"search_term_string\"}}],\"inLanguage\":\"es\"},{\"@type\":\"Organization\",\"@id\":\"https:\/\/www.pressenza.com\/es\/#organization\",\"name\":\"Pressenza\",\"url\":\"https:\/\/www.pressenza.com\/es\/\",\"logo\":{\"@type\":\"ImageObject\",\"inLanguage\":\"es\",\"@id\":\"https:\/\/www.pressenza.com\/es\/#\/schema\/logo\/image\/\",\"url\":\"https:\/\/www.pressenza.com\/wp-content\/uploads\/2022\/10\/pressenza_logo_200x200.jpg\",\"contentUrl\":\"https:\/\/www.pressenza.com\/wp-content\/uploads\/2022\/10\/pressenza_logo_200x200.jpg\",\"width\":200,\"height\":200,\"caption\":\"Pressenza\"},\"image\":{\"@id\":\"https:\/\/www.pressenza.com\/es\/#\/schema\/logo\/image\/\"},\"sameAs\":[\"https:\/\/www.facebook.com\/PressenzaItalia\",\"https:\/\/x.com\/PressenzaIPA\"]},{\"@type\":\"Person\",\"@id\":\"https:\/\/www.pressenza.com\/es\/#\/schema\/person\/e79f15b3a6dc0da487a62b60e88a9e8d\",\"name\":\"Sin Permiso\",\"description\":\"Sin Permiso (rep\u00fablica y socialismo tambi\u00e9n para el siglo XXI) es un proyecto pol\u00edtico de cr\u00edtica de la cultura, material e intelectual, del capitalismo contrarreformado, desregulado, remundializado y reliberalizado del siglo XXI. Es una revista electr\u00f3nica semanal y se articula en torno a una revista semestral del mismo nombre, cuyo primer n\u00famero en soporte papel apareci\u00f3 a principios de 2006.\",\"sameAs\":[\"http:\/\/www.sinpermiso.info\/\"],\"url\":\"https:\/\/www.pressenza.com\/es\/author\/sin-permiso\/\"}]}<\/script>\n<!-- \/ Yoast SEO plugin. -->","yoast_head_json":{"title":"La ultraderecha europea, hacia la creaci\u00f3n de un \u2018supergrupo\u2019","description":"Por \u00c1ngel Ferrero\u00b9 A principios de septiembre, el presidente de Vox, Santiago Abascal, anunciaba en su cuenta de Twitter que Espa\u00f1a era el pa\u00eds escogido","robots":{"index":"index","follow":"follow","max-snippet":"max-snippet:-1","max-image-preview":"max-image-preview:large","max-video-preview":"max-video-preview:-1"},"canonical":"https:\/\/www.pressenza.com\/es\/2022\/01\/la-ultraderecha-europea-hacia-la-creacion-de-un-supergrupo\/","og_locale":"es_ES","og_type":"article","og_title":"La ultraderecha europea, hacia la creaci\u00f3n de un \u2018supergrupo\u2019","og_description":"Por \u00c1ngel Ferrero\u00b9 A principios de septiembre, el presidente de Vox, Santiago Abascal, anunciaba en su cuenta de Twitter que Espa\u00f1a era el pa\u00eds escogido","og_url":"https:\/\/www.pressenza.com\/es\/2022\/01\/la-ultraderecha-europea-hacia-la-creacion-de-un-supergrupo\/","og_site_name":"Pressenza","article_publisher":"https:\/\/www.facebook.com\/PressenzaItalia","article_published_time":"2022-01-06T19:26:03+00:00","article_modified_time":"2022-01-06T19:28:20+00:00","og_image":[{"width":1024,"height":576,"url":"https:\/\/www.pressenza.com\/wp-content\/uploads\/2022\/01\/Warsaw-Summit-captura-de-video.jpg","type":"image\/jpeg"}],"author":"Sin Permiso","twitter_card":"summary_large_image","twitter_creator":"@PressenzaIPA","twitter_site":"@PressenzaIPA","twitter_misc":{"Escrito por":"Sin Permiso","Tiempo de lectura":"9 minutos"},"schema":{"@context":"https:\/\/schema.org","@graph":[{"@type":"Article","@id":"https:\/\/www.pressenza.com\/es\/2022\/01\/la-ultraderecha-europea-hacia-la-creacion-de-un-supergrupo\/#article","isPartOf":{"@id":"https:\/\/www.pressenza.com\/es\/2022\/01\/la-ultraderecha-europea-hacia-la-creacion-de-un-supergrupo\/"},"author":{"name":"Sin Permiso","@id":"https:\/\/www.pressenza.com\/es\/#\/schema\/person\/e79f15b3a6dc0da487a62b60e88a9e8d"},"headline":"La ultraderecha europea, hacia la creaci\u00f3n de un \u2018supergrupo\u2019","datePublished":"2022-01-06T19:26:03+00:00","dateModified":"2022-01-06T19:28:20+00:00","mainEntityOfPage":{"@id":"https:\/\/www.pressenza.com\/es\/2022\/01\/la-ultraderecha-europea-hacia-la-creacion-de-un-supergrupo\/"},"wordCount":1717,"publisher":{"@id":"https:\/\/www.pressenza.com\/es\/#organization"},"image":{"@id":"https:\/\/www.pressenza.com\/es\/2022\/01\/la-ultraderecha-europea-hacia-la-creacion-de-un-supergrupo\/#primaryimage"},"thumbnailUrl":"https:\/\/www.pressenza.com\/wp-content\/uploads\/2022\/01\/Warsaw-Summit-captura-de-video.jpg","keywords":["Europa","extrema derecha","UE","Uni\u00f3n Europea"],"articleSection":["Europa","Opiniones","Pol\u00edtica"],"inLanguage":"es"},{"@type":"WebPage","@id":"https:\/\/www.pressenza.com\/es\/2022\/01\/la-ultraderecha-europea-hacia-la-creacion-de-un-supergrupo\/","url":"https:\/\/www.pressenza.com\/es\/2022\/01\/la-ultraderecha-europea-hacia-la-creacion-de-un-supergrupo\/","name":"La ultraderecha europea, hacia la creaci\u00f3n de un \u2018supergrupo\u2019","isPartOf":{"@id":"https:\/\/www.pressenza.com\/es\/#website"},"primaryImageOfPage":{"@id":"https:\/\/www.pressenza.com\/es\/2022\/01\/la-ultraderecha-europea-hacia-la-creacion-de-un-supergrupo\/#primaryimage"},"image":{"@id":"https:\/\/www.pressenza.com\/es\/2022\/01\/la-ultraderecha-europea-hacia-la-creacion-de-un-supergrupo\/#primaryimage"},"thumbnailUrl":"https:\/\/www.pressenza.com\/wp-content\/uploads\/2022\/01\/Warsaw-Summit-captura-de-video.jpg","datePublished":"2022-01-06T19:26:03+00:00","dateModified":"2022-01-06T19:28:20+00:00","description":"Por \u00c1ngel Ferrero\u00b9 A principios de septiembre, el presidente de Vox, Santiago Abascal, anunciaba en su cuenta de Twitter que Espa\u00f1a era el pa\u00eds escogido","breadcrumb":{"@id":"https:\/\/www.pressenza.com\/es\/2022\/01\/la-ultraderecha-europea-hacia-la-creacion-de-un-supergrupo\/#breadcrumb"},"inLanguage":"es","potentialAction":[{"@type":"ReadAction","target":["https:\/\/www.pressenza.com\/es\/2022\/01\/la-ultraderecha-europea-hacia-la-creacion-de-un-supergrupo\/"]}]},{"@type":"ImageObject","inLanguage":"es","@id":"https:\/\/www.pressenza.com\/es\/2022\/01\/la-ultraderecha-europea-hacia-la-creacion-de-un-supergrupo\/#primaryimage","url":"https:\/\/www.pressenza.com\/wp-content\/uploads\/2022\/01\/Warsaw-Summit-captura-de-video.jpg","contentUrl":"https:\/\/www.pressenza.com\/wp-content\/uploads\/2022\/01\/Warsaw-Summit-captura-de-video.jpg","width":1024,"height":576},{"@type":"BreadcrumbList","@id":"https:\/\/www.pressenza.com\/es\/2022\/01\/la-ultraderecha-europea-hacia-la-creacion-de-un-supergrupo\/#breadcrumb","itemListElement":[{"@type":"ListItem","position":1,"name":"Accueil","item":"https:\/\/www.pressenza.com\/es\/"},{"@type":"ListItem","position":2,"name":"La ultraderecha europea, hacia la creaci\u00f3n de un \u2018supergrupo\u2019"}]},{"@type":"WebSite","@id":"https:\/\/www.pressenza.com\/es\/#website","url":"https:\/\/www.pressenza.com\/es\/","name":"Pressenza","description":"International Press Agency","publisher":{"@id":"https:\/\/www.pressenza.com\/es\/#organization"},"potentialAction":[{"@type":"SearchAction","target":{"@type":"EntryPoint","urlTemplate":"https:\/\/www.pressenza.com\/es\/?s={search_term_string}"},"query-input":{"@type":"PropertyValueSpecification","valueRequired":true,"valueName":"search_term_string"}}],"inLanguage":"es"},{"@type":"Organization","@id":"https:\/\/www.pressenza.com\/es\/#organization","name":"Pressenza","url":"https:\/\/www.pressenza.com\/es\/","logo":{"@type":"ImageObject","inLanguage":"es","@id":"https:\/\/www.pressenza.com\/es\/#\/schema\/logo\/image\/","url":"https:\/\/www.pressenza.com\/wp-content\/uploads\/2022\/10\/pressenza_logo_200x200.jpg","contentUrl":"https:\/\/www.pressenza.com\/wp-content\/uploads\/2022\/10\/pressenza_logo_200x200.jpg","width":200,"height":200,"caption":"Pressenza"},"image":{"@id":"https:\/\/www.pressenza.com\/es\/#\/schema\/logo\/image\/"},"sameAs":["https:\/\/www.facebook.com\/PressenzaItalia","https:\/\/x.com\/PressenzaIPA"]},{"@type":"Person","@id":"https:\/\/www.pressenza.com\/es\/#\/schema\/person\/e79f15b3a6dc0da487a62b60e88a9e8d","name":"Sin Permiso","description":"Sin Permiso (rep\u00fablica y socialismo tambi\u00e9n para el siglo XXI) es un proyecto pol\u00edtico de cr\u00edtica de la cultura, material e intelectual, del capitalismo contrarreformado, desregulado, remundializado y reliberalizado del siglo XXI. Es una revista electr\u00f3nica semanal y se articula en torno a una revista semestral del mismo nombre, cuyo primer n\u00famero en soporte papel apareci\u00f3 a principios de 2006.","sameAs":["http:\/\/www.sinpermiso.info\/"],"url":"https:\/\/www.pressenza.com\/es\/author\/sin-permiso\/"}]}},"place":"Espa\u00f1a","original_article_url":"https:\/\/www.sinpermiso.info\/textos\/la-ultraderecha-europea-hacia-la-creacion-de-un-supergrupo","_links":{"self":[{"href":"https:\/\/www.pressenza.com\/es\/wp-json\/wp\/v2\/posts\/1499646","targetHints":{"allow":["GET"]}}],"collection":[{"href":"https:\/\/www.pressenza.com\/es\/wp-json\/wp\/v2\/posts"}],"about":[{"href":"https:\/\/www.pressenza.com\/es\/wp-json\/wp\/v2\/types\/post"}],"author":[{"embeddable":true,"href":"https:\/\/www.pressenza.com\/es\/wp-json\/wp\/v2\/users\/1512"}],"replies":[{"embeddable":true,"href":"https:\/\/www.pressenza.com\/es\/wp-json\/wp\/v2\/comments?post=1499646"}],"version-history":[{"count":0,"href":"https:\/\/www.pressenza.com\/es\/wp-json\/wp\/v2\/posts\/1499646\/revisions"}],"wp:featuredmedia":[{"embeddable":true,"href":"https:\/\/www.pressenza.com\/es\/wp-json\/wp\/v2\/media\/1499649"}],"wp:attachment":[{"href":"https:\/\/www.pressenza.com\/es\/wp-json\/wp\/v2\/media?parent=1499646"}],"wp:term":[{"taxonomy":"category","embeddable":true,"href":"https:\/\/www.pressenza.com\/es\/wp-json\/wp\/v2\/categories?post=1499646"},{"taxonomy":"post_tag","embeddable":true,"href":"https:\/\/www.pressenza.com\/es\/wp-json\/wp\/v2\/tags?post=1499646"}],"curies":[{"name":"wp","href":"https:\/\/api.w.org\/{rel}","templated":true}]}}