{"id":1498204,"date":"2022-01-03T23:10:13","date_gmt":"2022-01-03T23:10:13","guid":{"rendered":"https:\/\/www.pressenza.com\/?p=1498204"},"modified":"2022-01-03T23:10:13","modified_gmt":"2022-01-03T23:10:13","slug":"por-la-desprivatizacion-del-agua-los-derechos-de-la-naturaleza-y-proteccion-de-glaciares-mas-de-mil-organizaciones-sociales-respaldan-iniciativa-popular-a-la-nueva-constitucion","status":"publish","type":"post","link":"https:\/\/www.pressenza.com\/es\/2022\/01\/por-la-desprivatizacion-del-agua-los-derechos-de-la-naturaleza-y-proteccion-de-glaciares-mas-de-mil-organizaciones-sociales-respaldan-iniciativa-popular-a-la-nueva-constitucion\/","title":{"rendered":"Por la desprivatizaci\u00f3n del agua, los derechos de la naturaleza y protecci\u00f3n de glaciares: M\u00e1s de mil organizaciones sociales respaldan iniciativa popular a la nueva Constituci\u00f3n"},"content":{"rendered":"<p>Modatima, el Movimiento por las Aguas y el Territorio (MAT) y la\u00a0 Coordinaci\u00f3n de Territorios por la Defensa de los Glaciares trabajaron en conjunto en una propuesta de articulados que fueron enviados hoy a la Secretar\u00eda T\u00e9cnica de la Convenci\u00f3n Constitucional. Una vez aprobada en dicha instancia, deber\u00e1 recopilar 15 mil firmas de la ciudadan\u00eda para ser discutida.<\/p>\n<p>Con m\u00e1s de mil adhesiones de organizaciones sociales y territoriales de Arica a Magallanes, este lunes 3 de enero se ingres\u00f3 la propuesta de iniciativa popular de norma constituyente\u00a0 \u201cPor el agua, los derechos de la naturaleza y los glaciares\u201d.<\/p>\n<p>La propuesta, preparada en conjunto por el MAT, Modatima y la Coordinaci\u00f3n de Territorios por la Defensa de los Glaciares, refleja las demandas hist\u00f3ricas de los movimientos socioambientales respecto a esta tem\u00e1tica y abarca todos los\u00a0 procesos\u00a0 del ciclo del agua, especialmente en el rol del Estado en garantizar el uso prioritario para la recuperaci\u00f3n, restauraci\u00f3n y regeneraci\u00f3n de los ecosistemas y los derechos humanos del agua, algo inexistente hoy al ser considerada como una mercanc\u00eda.<\/p>\n<p>Para eso, la norma constitucional -que ser\u00eda discutida en la comisi\u00f3n de Medio Ambiente, Derechos de la Naturaleza, Bienes Naturales Comunes y Modelo Econ\u00f3mico de la Convenci\u00f3n Constitucional- establece, entre otras cosas la definici\u00f3n del agua y sus fuentes como bienes comunes naturales inapropiables, y los Derechos de la Naturaleza, as\u00ed como la regulaci\u00f3n de toda actividad antr\u00f3pica extractiva o industrial que pueda alterar el ciclo del agua. Tambi\u00e9n postula\u00a0 la redistribuci\u00f3n de los actuales derechos de agua asegurando los Derechos Humanos al Agua y el Saneamiento y\u00a0 define\u00a0 a los glaciares como bienes naturales ingestionables e incomerciables. La propuesta de norma establece que los glaciares y sus entornos deben protegerse de manera total, puesto que hoy son una de las bases h\u00eddricas de buena parte del territorio azotado por la sequ\u00eda y escasez.<\/p>\n<p>Desde el MAT, Nicol\u00e1s Quiroz asegura que \u201cesta iniciativa busca consagrar a la naturaleza como sujeta de derechos, establecer al agua como un bien com\u00fan natural inapropiable, fortalecer la gesti\u00f3n comunitaria de las aguas por cuencas hidrogr\u00e1ficas, crear una defensor\u00eda de la naturaleza que proteja y restaure los ecosistemas y as\u00ed avanzar hac\u00eda la superaci\u00f3n del extractivismo que ha generado muerte y destrucci\u00f3n en los territorios\u201d.<\/p>\n<p>Por su parte, Stefan\u00eda Vega, de la Coordinaci\u00f3n de Territorios por la Defensa de Glaciares, afirma que la propuesta busca \u201cel reconocimiento de la naturaleza como sujeta de derechos, a fin de proteger y restaurar los diferentes ecosistemas, da\u00f1ados por una gesti\u00f3n mercantilista, que ha favorecido a peque\u00f1os grupos de poder por sobre el buen vivir de los pueblos. Asimismo, buscamos resarcir el da\u00f1o a glaciares y sus ambientes, cuya protecci\u00f3n constituye una demanda hist\u00f3rica levantada por los diferentes territorios particularmente quienes han vivido el asedio extractivista, afectando a este imponente y fr\u00e1gil ecosistema\u00a0 imprescindibles para la vida, por ser enfriadores naturales del planeta, fuentes de agua permanente sobre todo en \u00e9poca de sequ\u00eda y escasez y que hoy se configuran como el sustento h\u00eddrico m\u00e1s importante de los valles centrales y de los ecosistemas, constituy\u00e9ndose en una\u00a0 garant\u00eda fundamental para el respeto de los derechos humanos y de los derechos sociales\u201d.<\/p>\n<p>La convencional constituyente del distrito 6 e integrante de Modatima, Carolina Vilches, dice que \u201cquienes formamos parte del movimiento social ambiental nos emociona iniciar este 2022 con la iniciativa popular de norma que manifiesta la lucha hist\u00f3rica por la justicia ambiental. Las personas, organizaciones, comunidades que forman parte de estos movimientos y que presentan esta iniciativa, son quienes conviven d\u00eda a d\u00eda con la injusticia ambiental, la emergencia clim\u00e1tica y este modelo irracional de las aguas que tenemos en Chile\u201d.<\/p>\n<p>Para la convencional constituyente Constanza San Juan, esta iniciativa \u201cnace de movimientos socioambientales de base con una extensa representatividad territorial y que llevan a\u00f1os defendiendo la vida y los bienes comunes. Aqu\u00ed lograron volcar toda su experiencia, con lo cual fortalecen su participaci\u00f3n en este proceso, y dieron vida a una norma que ofrece soluciones contundentes para un punto neur\u00e1lgico de la crisis que nos tiene escribiendo una nueva Constituci\u00f3n: el abuso y la vulneraci\u00f3n de los derechos humanos y ecosistemas en los territorios\u201d.<\/p>\n<p>\u201cLa norma propuesta consagra la Naturaleza como sujeto de derecho, desprivatiza el agua y la declara como bien com\u00fan, y determina la protecci\u00f3n y la preservaci\u00f3n de todos los glaciares y sus ambientes. Se trata de medidas imprescindibles puesto que de nada servir\u00e1 una nueva Constituci\u00f3n sin ecosistemas vivos y sanos que sustentan una sociedad digna y el buen vivir al que apuntamos\u201d, agrega la representante del distrito 4.<\/p>\n<p>La tambi\u00e9n convencional y representante de Modatima, Gloria Alvarado, recalca lo hist\u00f3rico del proceso y el inter\u00e9s de la ciudadan\u00eda y organizaciones sociales en promover normas populares constituyentes. Respecto a esta propuesta en particular, asegura que \u201ces una demanda de larga data de las organizaciones socioambientales pues el agua desde 1980 ha sido considerada como una mercanc\u00eda, sus ciclos no se han respetados y las comunidades m\u00e1s vulnerables se han quedado sin agua, lo que es tr\u00e1gico en este contexto de emergencia clim\u00e1tica. Los derechos de la Naturaleza no han sido considerados en nuestra legislaci\u00f3n y la nueva Constituci\u00f3n propender\u00e1 a garantizar aquello\u201d.<\/p>\n<p>Por \u00faltimo, la\u00a0convencional Camila Z\u00e1rate, integrante del MAT, dice que el drama de la sequ\u00eda que se vive en el pa\u00eds \u201cno es un problema de falsas soluciones, de\u00a0 carreteras h\u00eddricas, embalses o pozos m\u00e1s profundos, es un problema de distribuci\u00f3n, de desigualdad, de un modelo econ\u00f3mico que entreg\u00f3 al mercado la gobernanza de un elemento esencial para la vida. Esta norma se hace cargo de cambiar ese modelo\u201d. Agrega que la propuesta \u201cpone en el centro el enfoque ecosist\u00e9mico, las prioridades de uso y cambia la categor\u00eda jur\u00eddica de las aguas, con una visi\u00f3n de protecci\u00f3n, gesti\u00f3n comunitaria y gobernanza de los pueblos\u201d.<\/p>\n<p>Una vez que la propuesta pase por la Secretar\u00eda T\u00e9cnica de la Convenci\u00f3n Constitucional, quedar\u00e1 a disposici\u00f3n de la ciudadan\u00eda para alcanzar las 15 mil firmas m\u00ednimas que se necesitan para que se discuta. Hay plazo hasta el 01 de febrero para adherir la firma a la propuesta.<\/p>\n","protected":false},"excerpt":{"rendered":"<p>Modatima, el Movimiento por las Aguas y el Territorio (MAT) y la\u00a0 Coordinaci\u00f3n de Territorios por la Defensa de los Glaciares trabajaron en conjunto en una propuesta de articulados que fueron enviados hoy a la Secretar\u00eda T\u00e9cnica de la Convenci\u00f3n&hellip;<\/p>\n","protected":false},"author":43,"featured_media":1498241,"comment_status":"closed","ping_status":"closed","sticky":false,"template":"","format":"standard","meta":{"footnotes":""},"categories":[149,11389,78,67],"tags":[642,29,69401,32316,56336],"class_list":["post-1498204","post","type-post","status-publish","format-standard","has-post-thumbnail","hentry","category-comunicados-de-prensa","category-contenido-original","category-medio-ambiente-ecologia","category-sudamerica","tag-agua","tag-chile","tag-convencion-constitucional","tag-firmas","tag-naturaleza"],"yoast_head":"<!-- This site is optimized with the Yoast SEO plugin v27.1.1 - https:\/\/yoast.com\/product\/yoast-seo-wordpress\/ -->\n<title>Por la desprivatizaci\u00f3n del agua, los derechos de la naturaleza y protecci\u00f3n de glaciares: M\u00e1s de mil organizaciones sociales respaldan iniciativa popular a la nueva Constituci\u00f3n<\/title>\n<meta name=\"description\" content=\"Modatima, el Movimiento por las Aguas y el Territorio (MAT) y la\u00a0 Coordinaci\u00f3n de Territorios por la Defensa de los Glaciares trabajaron en conjunto en\" \/>\n<meta name=\"robots\" content=\"index, follow, max-snippet:-1, max-image-preview:large, max-video-preview:-1\" \/>\n<link rel=\"canonical\" href=\"https:\/\/www.pressenza.com\/es\/2022\/01\/por-la-desprivatizacion-del-agua-los-derechos-de-la-naturaleza-y-proteccion-de-glaciares-mas-de-mil-organizaciones-sociales-respaldan-iniciativa-popular-a-la-nueva-constitucion\/\" \/>\n<meta property=\"og:locale\" content=\"es_ES\" \/>\n<meta property=\"og:type\" content=\"article\" \/>\n<meta property=\"og:title\" content=\"Por la desprivatizaci\u00f3n del agua, los derechos de la naturaleza y protecci\u00f3n de glaciares: M\u00e1s de mil organizaciones sociales respaldan iniciativa popular a la nueva Constituci\u00f3n\" \/>\n<meta property=\"og:description\" content=\"Modatima, el Movimiento por las Aguas y el Territorio (MAT) y la\u00a0 Coordinaci\u00f3n de Territorios por la Defensa de los Glaciares trabajaron en conjunto en\" \/>\n<meta property=\"og:url\" content=\"https:\/\/www.pressenza.com\/es\/2022\/01\/por-la-desprivatizacion-del-agua-los-derechos-de-la-naturaleza-y-proteccion-de-glaciares-mas-de-mil-organizaciones-sociales-respaldan-iniciativa-popular-a-la-nueva-constitucion\/\" \/>\n<meta property=\"og:site_name\" content=\"Pressenza\" \/>\n<meta property=\"article:publisher\" content=\"https:\/\/www.facebook.com\/PressenzaItalia\" \/>\n<meta property=\"article:author\" content=\"https:\/\/www.facebook.com\/pressenza\" \/>\n<meta property=\"article:published_time\" content=\"2022-01-03T23:10:13+00:00\" \/>\n<meta property=\"og:image\" content=\"https:\/\/www.pressenza.com\/wp-content\/uploads\/2022\/01\/aguaJuanCarlosMarin.jpg\" \/>\n\t<meta property=\"og:image:width\" content=\"1920\" \/>\n\t<meta property=\"og:image:height\" content=\"1080\" \/>\n\t<meta property=\"og:image:type\" content=\"image\/jpeg\" \/>\n<meta name=\"author\" content=\"Redacci\u00f3n Chile\" \/>\n<meta name=\"twitter:card\" content=\"summary_large_image\" \/>\n<meta name=\"twitter:creator\" content=\"@pressenza\" \/>\n<meta name=\"twitter:site\" content=\"@PressenzaIPA\" \/>\n<meta name=\"twitter:label1\" content=\"Escrito por\" \/>\n\t<meta name=\"twitter:data1\" content=\"Redacci\u00f3n Chile\" \/>\n\t<meta name=\"twitter:label2\" content=\"Tiempo de lectura\" \/>\n\t<meta name=\"twitter:data2\" content=\"5 minutos\" \/>\n<script type=\"application\/ld+json\" class=\"yoast-schema-graph\">{\"@context\":\"https:\/\/schema.org\",\"@graph\":[{\"@type\":\"Article\",\"@id\":\"https:\/\/www.pressenza.com\/es\/2022\/01\/por-la-desprivatizacion-del-agua-los-derechos-de-la-naturaleza-y-proteccion-de-glaciares-mas-de-mil-organizaciones-sociales-respaldan-iniciativa-popular-a-la-nueva-constitucion\/#article\",\"isPartOf\":{\"@id\":\"https:\/\/www.pressenza.com\/es\/2022\/01\/por-la-desprivatizacion-del-agua-los-derechos-de-la-naturaleza-y-proteccion-de-glaciares-mas-de-mil-organizaciones-sociales-respaldan-iniciativa-popular-a-la-nueva-constitucion\/\"},\"author\":{\"name\":\"Redacci\u00f3n Chile\",\"@id\":\"https:\/\/www.pressenza.com\/es\/#\/schema\/person\/d7db40df35d6698ba69ba9ee260944ed\"},\"headline\":\"Por la desprivatizaci\u00f3n del agua, los derechos de la naturaleza y protecci\u00f3n de glaciares: M\u00e1s de mil organizaciones sociales respaldan iniciativa popular a la nueva Constituci\u00f3n\",\"datePublished\":\"2022-01-03T23:10:13+00:00\",\"mainEntityOfPage\":{\"@id\":\"https:\/\/www.pressenza.com\/es\/2022\/01\/por-la-desprivatizacion-del-agua-los-derechos-de-la-naturaleza-y-proteccion-de-glaciares-mas-de-mil-organizaciones-sociales-respaldan-iniciativa-popular-a-la-nueva-constitucion\/\"},\"wordCount\":1125,\"publisher\":{\"@id\":\"https:\/\/www.pressenza.com\/es\/#organization\"},\"image\":{\"@id\":\"https:\/\/www.pressenza.com\/es\/2022\/01\/por-la-desprivatizacion-del-agua-los-derechos-de-la-naturaleza-y-proteccion-de-glaciares-mas-de-mil-organizaciones-sociales-respaldan-iniciativa-popular-a-la-nueva-constitucion\/#primaryimage\"},\"thumbnailUrl\":\"https:\/\/www.pressenza.com\/wp-content\/uploads\/2022\/01\/aguaJuanCarlosMarin.jpg\",\"keywords\":[\"Agua\",\"Chile\",\"Convenci\u00f3n Constitucional\",\"firmas\",\"naturaleza\"],\"articleSection\":[\"Comunicados de Prensa\",\"Contenido Original\",\"Ecolog\u00eda y Medio Ambiente\",\"Sudam\u00e9rica\"],\"inLanguage\":\"es\"},{\"@type\":\"WebPage\",\"@id\":\"https:\/\/www.pressenza.com\/es\/2022\/01\/por-la-desprivatizacion-del-agua-los-derechos-de-la-naturaleza-y-proteccion-de-glaciares-mas-de-mil-organizaciones-sociales-respaldan-iniciativa-popular-a-la-nueva-constitucion\/\",\"url\":\"https:\/\/www.pressenza.com\/es\/2022\/01\/por-la-desprivatizacion-del-agua-los-derechos-de-la-naturaleza-y-proteccion-de-glaciares-mas-de-mil-organizaciones-sociales-respaldan-iniciativa-popular-a-la-nueva-constitucion\/\",\"name\":\"Por la desprivatizaci\u00f3n del agua, los derechos de la naturaleza y protecci\u00f3n de glaciares: M\u00e1s de mil organizaciones sociales respaldan iniciativa popular a la nueva Constituci\u00f3n\",\"isPartOf\":{\"@id\":\"https:\/\/www.pressenza.com\/es\/#website\"},\"primaryImageOfPage\":{\"@id\":\"https:\/\/www.pressenza.com\/es\/2022\/01\/por-la-desprivatizacion-del-agua-los-derechos-de-la-naturaleza-y-proteccion-de-glaciares-mas-de-mil-organizaciones-sociales-respaldan-iniciativa-popular-a-la-nueva-constitucion\/#primaryimage\"},\"image\":{\"@id\":\"https:\/\/www.pressenza.com\/es\/2022\/01\/por-la-desprivatizacion-del-agua-los-derechos-de-la-naturaleza-y-proteccion-de-glaciares-mas-de-mil-organizaciones-sociales-respaldan-iniciativa-popular-a-la-nueva-constitucion\/#primaryimage\"},\"thumbnailUrl\":\"https:\/\/www.pressenza.com\/wp-content\/uploads\/2022\/01\/aguaJuanCarlosMarin.jpg\",\"datePublished\":\"2022-01-03T23:10:13+00:00\",\"description\":\"Modatima, el Movimiento por las Aguas y el Territorio (MAT) y la\u00a0 Coordinaci\u00f3n de Territorios por la Defensa de los Glaciares trabajaron en conjunto en\",\"breadcrumb\":{\"@id\":\"https:\/\/www.pressenza.com\/es\/2022\/01\/por-la-desprivatizacion-del-agua-los-derechos-de-la-naturaleza-y-proteccion-de-glaciares-mas-de-mil-organizaciones-sociales-respaldan-iniciativa-popular-a-la-nueva-constitucion\/#breadcrumb\"},\"inLanguage\":\"es\",\"potentialAction\":[{\"@type\":\"ReadAction\",\"target\":[\"https:\/\/www.pressenza.com\/es\/2022\/01\/por-la-desprivatizacion-del-agua-los-derechos-de-la-naturaleza-y-proteccion-de-glaciares-mas-de-mil-organizaciones-sociales-respaldan-iniciativa-popular-a-la-nueva-constitucion\/\"]}]},{\"@type\":\"ImageObject\",\"inLanguage\":\"es\",\"@id\":\"https:\/\/www.pressenza.com\/es\/2022\/01\/por-la-desprivatizacion-del-agua-los-derechos-de-la-naturaleza-y-proteccion-de-glaciares-mas-de-mil-organizaciones-sociales-respaldan-iniciativa-popular-a-la-nueva-constitucion\/#primaryimage\",\"url\":\"https:\/\/www.pressenza.com\/wp-content\/uploads\/2022\/01\/aguaJuanCarlosMarin.jpg\",\"contentUrl\":\"https:\/\/www.pressenza.com\/wp-content\/uploads\/2022\/01\/aguaJuanCarlosMarin.jpg\",\"width\":1920,\"height\":1080,\"caption\":\"Juan Carlos Mar\u00edn\"},{\"@type\":\"BreadcrumbList\",\"@id\":\"https:\/\/www.pressenza.com\/es\/2022\/01\/por-la-desprivatizacion-del-agua-los-derechos-de-la-naturaleza-y-proteccion-de-glaciares-mas-de-mil-organizaciones-sociales-respaldan-iniciativa-popular-a-la-nueva-constitucion\/#breadcrumb\",\"itemListElement\":[{\"@type\":\"ListItem\",\"position\":1,\"name\":\"Accueil\",\"item\":\"https:\/\/www.pressenza.com\/es\/\"},{\"@type\":\"ListItem\",\"position\":2,\"name\":\"Por la desprivatizaci\u00f3n del agua, los derechos de la naturaleza y protecci\u00f3n de glaciares: M\u00e1s de mil organizaciones sociales respaldan iniciativa popular a la nueva Constituci\u00f3n\"}]},{\"@type\":\"WebSite\",\"@id\":\"https:\/\/www.pressenza.com\/es\/#website\",\"url\":\"https:\/\/www.pressenza.com\/es\/\",\"name\":\"Pressenza\",\"description\":\"International Press Agency\",\"publisher\":{\"@id\":\"https:\/\/www.pressenza.com\/es\/#organization\"},\"potentialAction\":[{\"@type\":\"SearchAction\",\"target\":{\"@type\":\"EntryPoint\",\"urlTemplate\":\"https:\/\/www.pressenza.com\/es\/?s={search_term_string}\"},\"query-input\":{\"@type\":\"PropertyValueSpecification\",\"valueRequired\":true,\"valueName\":\"search_term_string\"}}],\"inLanguage\":\"es\"},{\"@type\":\"Organization\",\"@id\":\"https:\/\/www.pressenza.com\/es\/#organization\",\"name\":\"Pressenza\",\"url\":\"https:\/\/www.pressenza.com\/es\/\",\"logo\":{\"@type\":\"ImageObject\",\"inLanguage\":\"es\",\"@id\":\"https:\/\/www.pressenza.com\/es\/#\/schema\/logo\/image\/\",\"url\":\"https:\/\/www.pressenza.com\/wp-content\/uploads\/2022\/10\/pressenza_logo_200x200.jpg\",\"contentUrl\":\"https:\/\/www.pressenza.com\/wp-content\/uploads\/2022\/10\/pressenza_logo_200x200.jpg\",\"width\":200,\"height\":200,\"caption\":\"Pressenza\"},\"image\":{\"@id\":\"https:\/\/www.pressenza.com\/es\/#\/schema\/logo\/image\/\"},\"sameAs\":[\"https:\/\/www.facebook.com\/PressenzaItalia\",\"https:\/\/x.com\/PressenzaIPA\"]},{\"@type\":\"Person\",\"@id\":\"https:\/\/www.pressenza.com\/es\/#\/schema\/person\/d7db40df35d6698ba69ba9ee260944ed\",\"name\":\"Redacci\u00f3n Chile\",\"description\":\"News from the Pressenza Bureau in Chile\",\"sameAs\":[\"https:\/\/www.facebook.com\/pressenza\",\"https:\/\/x.com\/pressenza\"],\"url\":\"https:\/\/www.pressenza.com\/es\/author\/redaccion-chile\/\"}]}<\/script>\n<!-- \/ Yoast SEO plugin. -->","yoast_head_json":{"title":"Por la desprivatizaci\u00f3n del agua, los derechos de la naturaleza y protecci\u00f3n de glaciares: M\u00e1s de mil organizaciones sociales respaldan iniciativa popular a la nueva Constituci\u00f3n","description":"Modatima, el Movimiento por las Aguas y el Territorio (MAT) y la\u00a0 Coordinaci\u00f3n de Territorios por la Defensa de los Glaciares trabajaron en conjunto en","robots":{"index":"index","follow":"follow","max-snippet":"max-snippet:-1","max-image-preview":"max-image-preview:large","max-video-preview":"max-video-preview:-1"},"canonical":"https:\/\/www.pressenza.com\/es\/2022\/01\/por-la-desprivatizacion-del-agua-los-derechos-de-la-naturaleza-y-proteccion-de-glaciares-mas-de-mil-organizaciones-sociales-respaldan-iniciativa-popular-a-la-nueva-constitucion\/","og_locale":"es_ES","og_type":"article","og_title":"Por la desprivatizaci\u00f3n del agua, los derechos de la naturaleza y protecci\u00f3n de glaciares: M\u00e1s de mil organizaciones sociales respaldan iniciativa popular a la nueva Constituci\u00f3n","og_description":"Modatima, el Movimiento por las Aguas y el Territorio (MAT) y la\u00a0 Coordinaci\u00f3n de Territorios por la Defensa de los Glaciares trabajaron en conjunto en","og_url":"https:\/\/www.pressenza.com\/es\/2022\/01\/por-la-desprivatizacion-del-agua-los-derechos-de-la-naturaleza-y-proteccion-de-glaciares-mas-de-mil-organizaciones-sociales-respaldan-iniciativa-popular-a-la-nueva-constitucion\/","og_site_name":"Pressenza","article_publisher":"https:\/\/www.facebook.com\/PressenzaItalia","article_author":"https:\/\/www.facebook.com\/pressenza","article_published_time":"2022-01-03T23:10:13+00:00","og_image":[{"width":1920,"height":1080,"url":"https:\/\/www.pressenza.com\/wp-content\/uploads\/2022\/01\/aguaJuanCarlosMarin.jpg","type":"image\/jpeg"}],"author":"Redacci\u00f3n Chile","twitter_card":"summary_large_image","twitter_creator":"@pressenza","twitter_site":"@PressenzaIPA","twitter_misc":{"Escrito por":"Redacci\u00f3n Chile","Tiempo de lectura":"5 minutos"},"schema":{"@context":"https:\/\/schema.org","@graph":[{"@type":"Article","@id":"https:\/\/www.pressenza.com\/es\/2022\/01\/por-la-desprivatizacion-del-agua-los-derechos-de-la-naturaleza-y-proteccion-de-glaciares-mas-de-mil-organizaciones-sociales-respaldan-iniciativa-popular-a-la-nueva-constitucion\/#article","isPartOf":{"@id":"https:\/\/www.pressenza.com\/es\/2022\/01\/por-la-desprivatizacion-del-agua-los-derechos-de-la-naturaleza-y-proteccion-de-glaciares-mas-de-mil-organizaciones-sociales-respaldan-iniciativa-popular-a-la-nueva-constitucion\/"},"author":{"name":"Redacci\u00f3n Chile","@id":"https:\/\/www.pressenza.com\/es\/#\/schema\/person\/d7db40df35d6698ba69ba9ee260944ed"},"headline":"Por la desprivatizaci\u00f3n del agua, los derechos de la naturaleza y protecci\u00f3n de glaciares: M\u00e1s de mil organizaciones sociales respaldan iniciativa popular a la nueva Constituci\u00f3n","datePublished":"2022-01-03T23:10:13+00:00","mainEntityOfPage":{"@id":"https:\/\/www.pressenza.com\/es\/2022\/01\/por-la-desprivatizacion-del-agua-los-derechos-de-la-naturaleza-y-proteccion-de-glaciares-mas-de-mil-organizaciones-sociales-respaldan-iniciativa-popular-a-la-nueva-constitucion\/"},"wordCount":1125,"publisher":{"@id":"https:\/\/www.pressenza.com\/es\/#organization"},"image":{"@id":"https:\/\/www.pressenza.com\/es\/2022\/01\/por-la-desprivatizacion-del-agua-los-derechos-de-la-naturaleza-y-proteccion-de-glaciares-mas-de-mil-organizaciones-sociales-respaldan-iniciativa-popular-a-la-nueva-constitucion\/#primaryimage"},"thumbnailUrl":"https:\/\/www.pressenza.com\/wp-content\/uploads\/2022\/01\/aguaJuanCarlosMarin.jpg","keywords":["Agua","Chile","Convenci\u00f3n Constitucional","firmas","naturaleza"],"articleSection":["Comunicados de Prensa","Contenido Original","Ecolog\u00eda y Medio Ambiente","Sudam\u00e9rica"],"inLanguage":"es"},{"@type":"WebPage","@id":"https:\/\/www.pressenza.com\/es\/2022\/01\/por-la-desprivatizacion-del-agua-los-derechos-de-la-naturaleza-y-proteccion-de-glaciares-mas-de-mil-organizaciones-sociales-respaldan-iniciativa-popular-a-la-nueva-constitucion\/","url":"https:\/\/www.pressenza.com\/es\/2022\/01\/por-la-desprivatizacion-del-agua-los-derechos-de-la-naturaleza-y-proteccion-de-glaciares-mas-de-mil-organizaciones-sociales-respaldan-iniciativa-popular-a-la-nueva-constitucion\/","name":"Por la desprivatizaci\u00f3n del agua, los derechos de la naturaleza y protecci\u00f3n de glaciares: M\u00e1s de mil organizaciones sociales respaldan iniciativa popular a la nueva Constituci\u00f3n","isPartOf":{"@id":"https:\/\/www.pressenza.com\/es\/#website"},"primaryImageOfPage":{"@id":"https:\/\/www.pressenza.com\/es\/2022\/01\/por-la-desprivatizacion-del-agua-los-derechos-de-la-naturaleza-y-proteccion-de-glaciares-mas-de-mil-organizaciones-sociales-respaldan-iniciativa-popular-a-la-nueva-constitucion\/#primaryimage"},"image":{"@id":"https:\/\/www.pressenza.com\/es\/2022\/01\/por-la-desprivatizacion-del-agua-los-derechos-de-la-naturaleza-y-proteccion-de-glaciares-mas-de-mil-organizaciones-sociales-respaldan-iniciativa-popular-a-la-nueva-constitucion\/#primaryimage"},"thumbnailUrl":"https:\/\/www.pressenza.com\/wp-content\/uploads\/2022\/01\/aguaJuanCarlosMarin.jpg","datePublished":"2022-01-03T23:10:13+00:00","description":"Modatima, el Movimiento por las Aguas y el Territorio (MAT) y la\u00a0 Coordinaci\u00f3n de Territorios por la Defensa de los Glaciares trabajaron en conjunto en","breadcrumb":{"@id":"https:\/\/www.pressenza.com\/es\/2022\/01\/por-la-desprivatizacion-del-agua-los-derechos-de-la-naturaleza-y-proteccion-de-glaciares-mas-de-mil-organizaciones-sociales-respaldan-iniciativa-popular-a-la-nueva-constitucion\/#breadcrumb"},"inLanguage":"es","potentialAction":[{"@type":"ReadAction","target":["https:\/\/www.pressenza.com\/es\/2022\/01\/por-la-desprivatizacion-del-agua-los-derechos-de-la-naturaleza-y-proteccion-de-glaciares-mas-de-mil-organizaciones-sociales-respaldan-iniciativa-popular-a-la-nueva-constitucion\/"]}]},{"@type":"ImageObject","inLanguage":"es","@id":"https:\/\/www.pressenza.com\/es\/2022\/01\/por-la-desprivatizacion-del-agua-los-derechos-de-la-naturaleza-y-proteccion-de-glaciares-mas-de-mil-organizaciones-sociales-respaldan-iniciativa-popular-a-la-nueva-constitucion\/#primaryimage","url":"https:\/\/www.pressenza.com\/wp-content\/uploads\/2022\/01\/aguaJuanCarlosMarin.jpg","contentUrl":"https:\/\/www.pressenza.com\/wp-content\/uploads\/2022\/01\/aguaJuanCarlosMarin.jpg","width":1920,"height":1080,"caption":"Juan Carlos Mar\u00edn"},{"@type":"BreadcrumbList","@id":"https:\/\/www.pressenza.com\/es\/2022\/01\/por-la-desprivatizacion-del-agua-los-derechos-de-la-naturaleza-y-proteccion-de-glaciares-mas-de-mil-organizaciones-sociales-respaldan-iniciativa-popular-a-la-nueva-constitucion\/#breadcrumb","itemListElement":[{"@type":"ListItem","position":1,"name":"Accueil","item":"https:\/\/www.pressenza.com\/es\/"},{"@type":"ListItem","position":2,"name":"Por la desprivatizaci\u00f3n del agua, los derechos de la naturaleza y protecci\u00f3n de glaciares: M\u00e1s de mil organizaciones sociales respaldan iniciativa popular a la nueva Constituci\u00f3n"}]},{"@type":"WebSite","@id":"https:\/\/www.pressenza.com\/es\/#website","url":"https:\/\/www.pressenza.com\/es\/","name":"Pressenza","description":"International Press Agency","publisher":{"@id":"https:\/\/www.pressenza.com\/es\/#organization"},"potentialAction":[{"@type":"SearchAction","target":{"@type":"EntryPoint","urlTemplate":"https:\/\/www.pressenza.com\/es\/?s={search_term_string}"},"query-input":{"@type":"PropertyValueSpecification","valueRequired":true,"valueName":"search_term_string"}}],"inLanguage":"es"},{"@type":"Organization","@id":"https:\/\/www.pressenza.com\/es\/#organization","name":"Pressenza","url":"https:\/\/www.pressenza.com\/es\/","logo":{"@type":"ImageObject","inLanguage":"es","@id":"https:\/\/www.pressenza.com\/es\/#\/schema\/logo\/image\/","url":"https:\/\/www.pressenza.com\/wp-content\/uploads\/2022\/10\/pressenza_logo_200x200.jpg","contentUrl":"https:\/\/www.pressenza.com\/wp-content\/uploads\/2022\/10\/pressenza_logo_200x200.jpg","width":200,"height":200,"caption":"Pressenza"},"image":{"@id":"https:\/\/www.pressenza.com\/es\/#\/schema\/logo\/image\/"},"sameAs":["https:\/\/www.facebook.com\/PressenzaItalia","https:\/\/x.com\/PressenzaIPA"]},{"@type":"Person","@id":"https:\/\/www.pressenza.com\/es\/#\/schema\/person\/d7db40df35d6698ba69ba9ee260944ed","name":"Redacci\u00f3n Chile","description":"News from the Pressenza Bureau in Chile","sameAs":["https:\/\/www.facebook.com\/pressenza","https:\/\/x.com\/pressenza"],"url":"https:\/\/www.pressenza.com\/es\/author\/redaccion-chile\/"}]}},"place":"Santiago de Chile","original_article_url":"","_links":{"self":[{"href":"https:\/\/www.pressenza.com\/es\/wp-json\/wp\/v2\/posts\/1498204","targetHints":{"allow":["GET"]}}],"collection":[{"href":"https:\/\/www.pressenza.com\/es\/wp-json\/wp\/v2\/posts"}],"about":[{"href":"https:\/\/www.pressenza.com\/es\/wp-json\/wp\/v2\/types\/post"}],"author":[{"embeddable":true,"href":"https:\/\/www.pressenza.com\/es\/wp-json\/wp\/v2\/users\/43"}],"replies":[{"embeddable":true,"href":"https:\/\/www.pressenza.com\/es\/wp-json\/wp\/v2\/comments?post=1498204"}],"version-history":[{"count":0,"href":"https:\/\/www.pressenza.com\/es\/wp-json\/wp\/v2\/posts\/1498204\/revisions"}],"wp:featuredmedia":[{"embeddable":true,"href":"https:\/\/www.pressenza.com\/es\/wp-json\/wp\/v2\/media\/1498241"}],"wp:attachment":[{"href":"https:\/\/www.pressenza.com\/es\/wp-json\/wp\/v2\/media?parent=1498204"}],"wp:term":[{"taxonomy":"category","embeddable":true,"href":"https:\/\/www.pressenza.com\/es\/wp-json\/wp\/v2\/categories?post=1498204"},{"taxonomy":"post_tag","embeddable":true,"href":"https:\/\/www.pressenza.com\/es\/wp-json\/wp\/v2\/tags?post=1498204"}],"curies":[{"name":"wp","href":"https:\/\/api.w.org\/{rel}","templated":true}]}}