{"id":1498031,"date":"2022-01-03T12:46:47","date_gmt":"2022-01-03T12:46:47","guid":{"rendered":"https:\/\/www.pressenza.com\/?p=1498031"},"modified":"2022-01-03T12:46:47","modified_gmt":"2022-01-03T12:46:47","slug":"arquitectura-integradora","status":"publish","type":"post","link":"https:\/\/www.pressenza.com\/es\/2022\/01\/arquitectura-integradora\/","title":{"rendered":"Arquitectura integradora"},"content":{"rendered":"<p>Am\u00e9rica Latina es una de las zonas m\u00e1s urbanizadas del planeta, con el 82% de las personas viviendo en ciudades. Concentra el 17% de su poblaci\u00f3n urbana en s\u00f3lo seis megaciudades, cada una de ellas con m\u00e1s de 10 millones de habitantes. Por eso, uno de los objetivos de 4MA es entregar propuestas para contribuir al cumplimiento de las metas de la Agenda 2030 de las Naciones Unidas para el Desarrollo Sostenible.<\/p>\n<p>Generar ciudades con soluciones sostenibles en Latinoam\u00e9rica pareciera ser una tarea tit\u00e1nica, pero no imposible. Es lo que plantea la alianza chilena 4MA &#8211; 4 Mujeres Arquitectas &#8211; que, aplicando sus 4 especialidades, proponen un cambio importante a la hora de configurar y planificar las ciudades de Am\u00e9rica Latina.<\/p>\n<p>Es as\u00ed como la iniciativa de estas 4 mujeres arquitectas &#8211; apoyada por CORFO y la Aceleradora de Negocios Internacionales AniChile &#8211; lleg\u00f3 a Ecuador con el objetivo de aportar con su mirada. \u201cNos propusimos el desaf\u00edo de dise\u00f1ar soluciones arquitect\u00f3nicas para mejorar la calidad de vida en las ciudades de Am\u00e9rica Latina, a trav\u00e9s de nuestras distintas especialidades: planificaci\u00f3n integral urban\u00edstica, arquitectura digital avanzada, dise\u00f1o de iluminaci\u00f3n arquitect\u00f3nica y certificaci\u00f3n de accesibilidad universal\u201d, explica Ana Mar\u00eda D\u00e1vila, una de las cuatro arquitectas y gerenta general de la oficina de arquitectura Archiplan.<\/p>\n<p>Importante, ya que, en Ecuador diagnostican que las ciudades han crecido sin planificaci\u00f3n, una realidad visible principalmente en Guayaquil, Quito y Cuenca. \u201cDe hecho, Guayaquil trabaja en un plan maestro para el desarrollo urbano de los pr\u00f3ximos 50 a\u00f1os (2070), lo que puede ser una buena oportunidad para aplicar conceptos claves de sustentabilidad\u201d.<\/p>\n<p>Por lo mismo, esta mirada se puede transformar en una ruta a seguir en t\u00e9rminos de planificaci\u00f3n urbana. \u201cQueremos promover una \u2018Arquitectura Integradora de Ecosistemas\u2019, que desarrolle una relaci\u00f3n arm\u00f3nica entre el dise\u00f1o arquitect\u00f3nico y los distintos ecosistemas sociales, patrimoniales, medio ambientales, geogr\u00e1ficos y culturales de las ciudades, para as\u00ed contribuir a mejorar la calidad de vida de las personas que habitan en ellas\u201d, agrega la profesional.<\/p>\n<p><strong>Algunos diagn\u00f3sticos<\/strong><\/p>\n<p>En este sentido, es interesante que estas cuatro arquitectas hayan hecho un an\u00e1lisis exhaustivo de la realidad arquitect\u00f3nica del pa\u00eds, llegando a algunas conclusiones importantes.<\/p>\n<p>En t\u00e9rminos de arquitectura inclusiva, Ecuador ejecuta acciones coordinadas en favor del turismo accesible, existiendo distintas rutas tur\u00edsticas que mantienen esta caracter\u00edstica, por ejemplo, Cuenca, Ba\u00f1os, Quito, Guayaquil, Manta, Atacames y provincia de Imbabura. Por otro lado, la Norma NEC-HS-AU permite accesibilidad universal en construcciones p\u00fablicas o privadas que presten servicio p\u00fablico\u201d, relata Andrea Boudeguer, de la oficina BAU Accesibilidad- Empresa B.<\/p>\n<p>Y agrega que \u201csi no incorporamos la accesibilidad universal desde la base de los proyectos, corremos el riesgo de dejar de lado al 15% de la poblaci\u00f3n mundial. Este es un pilar importante de la propuesta de arquitectura integradora\u201d.<\/p>\n<p>Patricia Dur\u00e1n, por su parte, destac\u00f3 que la alianza 4MA representa \u201cla oportunidad de impulsar la arquitectura digital avanzada, llevando nuevos espacios de innovaci\u00f3n hacia el resto del continente, porque est\u00e1 demostrado que el uso de la herramienta BIM (Building Information Modeling) en todo el proceso de un proyecto, desde el dise\u00f1o hasta su construcci\u00f3n, permite mejorar la productividad y reducir los costos hasta en un 30%, entre otros beneficios\u201d.<\/p>\n<p>En cuanto a la iluminaci\u00f3n arquitect\u00f3nica, Paulina Villalobos, considera que \u201cexiste una tendencia marcada principalmente por el uso adecuado de la iluminaci\u00f3n natural y LED. Adem\u00e1s, se aplica el Smart Lighting en las nuevas luminarias. No solo consideran la tecnolog\u00eda de las luminarias, tambi\u00e9n controlan momento de encendido y apagado\u201d. Y claramente, esto puede seguir desarroll\u00e1ndose.<\/p>\n<p>Finalmente, estas arquitectas plantean un concepto esencial. \u201cEs importante entender que los ecosistemas deben respetar la identidad, las memorias de los territorios, que -sin duda- tienen culturas propias. Esta integraci\u00f3n de ecosistemas lo que est\u00e1 permitiendo es que las distintas diversidades de vida humana que habitan y coexistan en un territorio, puedan hacer de este dise\u00f1o y este proyecto algo propio\u201d.<\/p>\n<div class=\"post-gallery\">\n\t\t\t<figure class=\"post-gallery-item\">\n\t\t\t\t<img decoding=\"async\" src=\"https:\/\/www.pressenza.com\/wp-content\/uploads\/2022\/01\/4-MA-9-820x548.jpg\" loading=\"lazy\">\n\t\t\t\t<figcaption>\n\t\t\t\t\t\n\t\t\t\t<\/figcaption>\n\t\t\t<\/figure>\n\t\t\t<figure class=\"post-gallery-item\">\n\t\t\t\t<img decoding=\"async\" src=\"https:\/\/www.pressenza.com\/wp-content\/uploads\/2022\/01\/Planificacion-proyecto-en-Nunoa.jpg\" loading=\"lazy\">\n\t\t\t\t<figcaption>\n\t\t\t\t\t\n\t\t\t\t<\/figcaption>\n\t\t\t<\/figure>\n\t\t\t<figure class=\"post-gallery-item\">\n\t\t\t\t<img decoding=\"async\" src=\"https:\/\/www.pressenza.com\/wp-content\/uploads\/2022\/01\/Iluminacion-Arquitectonica-Oficinas-Philips-Chile.jpg\" loading=\"lazy\">\n\t\t\t\t<figcaption>\n\t\t\t\t\t\n\t\t\t\t<\/figcaption>\n\t\t\t<\/figure><\/div>\n<p>&nbsp;<\/p>\n<p>&nbsp;<\/p>\n<p>&nbsp;<\/p>\n","protected":false},"excerpt":{"rendered":"<p>Am\u00e9rica Latina es una de las zonas m\u00e1s urbanizadas del planeta, con el 82% de las personas viviendo en ciudades. Concentra el 17% de su poblaci\u00f3n urbana en s\u00f3lo seis megaciudades, cada una de ellas con m\u00e1s de 10 millones&hellip;<\/p>\n","protected":false},"author":43,"featured_media":1498033,"comment_status":"closed","ping_status":"closed","sticky":false,"template":"","format":"standard","meta":{"footnotes":""},"categories":[149,11389,75,67],"tags":[98119,19791,29,2973,15133],"class_list":["post-1498031","post","type-post","status-publish","format-standard","has-post-thumbnail","hentry","category-comunicados-de-prensa","category-contenido-original","category-cultura-es","category-sudamerica","tag-4ma","tag-arquitectura","tag-chile","tag-ecuador-es","tag-sustentabilidad"],"yoast_head":"<!-- This site is optimized with the Yoast SEO plugin v27.1.1 - https:\/\/yoast.com\/product\/yoast-seo-wordpress\/ -->\n<title>Arquitectura integradora<\/title>\n<meta name=\"description\" content=\"Am\u00e9rica Latina es una de las zonas m\u00e1s urbanizadas del planeta, con el 82% de las personas viviendo en ciudades. Concentra el 17% de su poblaci\u00f3n urbana\" \/>\n<meta name=\"robots\" content=\"index, follow, max-snippet:-1, max-image-preview:large, max-video-preview:-1\" \/>\n<link rel=\"canonical\" href=\"https:\/\/www.pressenza.com\/es\/2022\/01\/arquitectura-integradora\/\" \/>\n<meta property=\"og:locale\" content=\"es_ES\" \/>\n<meta property=\"og:type\" content=\"article\" \/>\n<meta property=\"og:title\" content=\"Arquitectura integradora\" \/>\n<meta property=\"og:description\" content=\"Am\u00e9rica Latina es una de las zonas m\u00e1s urbanizadas del planeta, con el 82% de las personas viviendo en ciudades. Concentra el 17% de su poblaci\u00f3n urbana\" \/>\n<meta property=\"og:url\" content=\"https:\/\/www.pressenza.com\/es\/2022\/01\/arquitectura-integradora\/\" \/>\n<meta property=\"og:site_name\" content=\"Pressenza\" \/>\n<meta property=\"article:publisher\" content=\"https:\/\/www.facebook.com\/PressenzaItalia\" \/>\n<meta property=\"article:author\" content=\"https:\/\/www.facebook.com\/pressenza\" \/>\n<meta property=\"article:published_time\" content=\"2022-01-03T12:46:47+00:00\" \/>\n<meta property=\"og:image\" content=\"https:\/\/www.pressenza.com\/wp-content\/uploads\/2022\/01\/Accesibilidad-Universal-en-la-arquitectura-GAM.jpg\" \/>\n\t<meta property=\"og:image:width\" content=\"1200\" \/>\n\t<meta property=\"og:image:height\" content=\"799\" \/>\n\t<meta property=\"og:image:type\" content=\"image\/jpeg\" \/>\n<meta name=\"author\" content=\"Redacci\u00f3n Chile\" \/>\n<meta name=\"twitter:card\" content=\"summary_large_image\" \/>\n<meta name=\"twitter:creator\" content=\"@pressenza\" \/>\n<meta name=\"twitter:site\" content=\"@PressenzaIPA\" \/>\n<meta name=\"twitter:label1\" content=\"Escrito por\" \/>\n\t<meta name=\"twitter:data1\" content=\"Redacci\u00f3n Chile\" \/>\n\t<meta name=\"twitter:label2\" content=\"Tiempo de lectura\" \/>\n\t<meta name=\"twitter:data2\" content=\"3 minutos\" \/>\n<script type=\"application\/ld+json\" class=\"yoast-schema-graph\">{\"@context\":\"https:\/\/schema.org\",\"@graph\":[{\"@type\":\"Article\",\"@id\":\"https:\/\/www.pressenza.com\/es\/2022\/01\/arquitectura-integradora\/#article\",\"isPartOf\":{\"@id\":\"https:\/\/www.pressenza.com\/es\/2022\/01\/arquitectura-integradora\/\"},\"author\":{\"name\":\"Redacci\u00f3n Chile\",\"@id\":\"https:\/\/www.pressenza.com\/es\/#\/schema\/person\/d7db40df35d6698ba69ba9ee260944ed\"},\"headline\":\"Arquitectura integradora\",\"datePublished\":\"2022-01-03T12:46:47+00:00\",\"mainEntityOfPage\":{\"@id\":\"https:\/\/www.pressenza.com\/es\/2022\/01\/arquitectura-integradora\/\"},\"wordCount\":699,\"publisher\":{\"@id\":\"https:\/\/www.pressenza.com\/es\/#organization\"},\"image\":{\"@id\":\"https:\/\/www.pressenza.com\/es\/2022\/01\/arquitectura-integradora\/#primaryimage\"},\"thumbnailUrl\":\"https:\/\/www.pressenza.com\/wp-content\/uploads\/2022\/01\/Accesibilidad-Universal-en-la-arquitectura-GAM.jpg\",\"keywords\":[\"4MA\",\"Arquitectura\",\"Chile\",\"Ecuador\",\"sustentabilidad\"],\"articleSection\":[\"Comunicados de Prensa\",\"Contenido Original\",\"Cultura y Medios\",\"Sudam\u00e9rica\"],\"inLanguage\":\"es\"},{\"@type\":\"WebPage\",\"@id\":\"https:\/\/www.pressenza.com\/es\/2022\/01\/arquitectura-integradora\/\",\"url\":\"https:\/\/www.pressenza.com\/es\/2022\/01\/arquitectura-integradora\/\",\"name\":\"Arquitectura integradora\",\"isPartOf\":{\"@id\":\"https:\/\/www.pressenza.com\/es\/#website\"},\"primaryImageOfPage\":{\"@id\":\"https:\/\/www.pressenza.com\/es\/2022\/01\/arquitectura-integradora\/#primaryimage\"},\"image\":{\"@id\":\"https:\/\/www.pressenza.com\/es\/2022\/01\/arquitectura-integradora\/#primaryimage\"},\"thumbnailUrl\":\"https:\/\/www.pressenza.com\/wp-content\/uploads\/2022\/01\/Accesibilidad-Universal-en-la-arquitectura-GAM.jpg\",\"datePublished\":\"2022-01-03T12:46:47+00:00\",\"description\":\"Am\u00e9rica Latina es una de las zonas m\u00e1s urbanizadas del planeta, con el 82% de las personas viviendo en ciudades. Concentra el 17% de su poblaci\u00f3n urbana\",\"breadcrumb\":{\"@id\":\"https:\/\/www.pressenza.com\/es\/2022\/01\/arquitectura-integradora\/#breadcrumb\"},\"inLanguage\":\"es\",\"potentialAction\":[{\"@type\":\"ReadAction\",\"target\":[\"https:\/\/www.pressenza.com\/es\/2022\/01\/arquitectura-integradora\/\"]}]},{\"@type\":\"ImageObject\",\"inLanguage\":\"es\",\"@id\":\"https:\/\/www.pressenza.com\/es\/2022\/01\/arquitectura-integradora\/#primaryimage\",\"url\":\"https:\/\/www.pressenza.com\/wp-content\/uploads\/2022\/01\/Accesibilidad-Universal-en-la-arquitectura-GAM.jpg\",\"contentUrl\":\"https:\/\/www.pressenza.com\/wp-content\/uploads\/2022\/01\/Accesibilidad-Universal-en-la-arquitectura-GAM.jpg\",\"width\":1200,\"height\":799,\"caption\":\"4MA\"},{\"@type\":\"BreadcrumbList\",\"@id\":\"https:\/\/www.pressenza.com\/es\/2022\/01\/arquitectura-integradora\/#breadcrumb\",\"itemListElement\":[{\"@type\":\"ListItem\",\"position\":1,\"name\":\"Accueil\",\"item\":\"https:\/\/www.pressenza.com\/es\/\"},{\"@type\":\"ListItem\",\"position\":2,\"name\":\"Arquitectura integradora\"}]},{\"@type\":\"WebSite\",\"@id\":\"https:\/\/www.pressenza.com\/es\/#website\",\"url\":\"https:\/\/www.pressenza.com\/es\/\",\"name\":\"Pressenza\",\"description\":\"International Press Agency\",\"publisher\":{\"@id\":\"https:\/\/www.pressenza.com\/es\/#organization\"},\"potentialAction\":[{\"@type\":\"SearchAction\",\"target\":{\"@type\":\"EntryPoint\",\"urlTemplate\":\"https:\/\/www.pressenza.com\/es\/?s={search_term_string}\"},\"query-input\":{\"@type\":\"PropertyValueSpecification\",\"valueRequired\":true,\"valueName\":\"search_term_string\"}}],\"inLanguage\":\"es\"},{\"@type\":\"Organization\",\"@id\":\"https:\/\/www.pressenza.com\/es\/#organization\",\"name\":\"Pressenza\",\"url\":\"https:\/\/www.pressenza.com\/es\/\",\"logo\":{\"@type\":\"ImageObject\",\"inLanguage\":\"es\",\"@id\":\"https:\/\/www.pressenza.com\/es\/#\/schema\/logo\/image\/\",\"url\":\"https:\/\/www.pressenza.com\/wp-content\/uploads\/2022\/10\/pressenza_logo_200x200.jpg\",\"contentUrl\":\"https:\/\/www.pressenza.com\/wp-content\/uploads\/2022\/10\/pressenza_logo_200x200.jpg\",\"width\":200,\"height\":200,\"caption\":\"Pressenza\"},\"image\":{\"@id\":\"https:\/\/www.pressenza.com\/es\/#\/schema\/logo\/image\/\"},\"sameAs\":[\"https:\/\/www.facebook.com\/PressenzaItalia\",\"https:\/\/x.com\/PressenzaIPA\"]},{\"@type\":\"Person\",\"@id\":\"https:\/\/www.pressenza.com\/es\/#\/schema\/person\/d7db40df35d6698ba69ba9ee260944ed\",\"name\":\"Redacci\u00f3n Chile\",\"description\":\"News from the Pressenza Bureau in Chile\",\"sameAs\":[\"https:\/\/www.facebook.com\/pressenza\",\"https:\/\/x.com\/pressenza\"],\"url\":\"https:\/\/www.pressenza.com\/es\/author\/redaccion-chile\/\"}]}<\/script>\n<!-- \/ Yoast SEO plugin. -->","yoast_head_json":{"title":"Arquitectura integradora","description":"Am\u00e9rica Latina es una de las zonas m\u00e1s urbanizadas del planeta, con el 82% de las personas viviendo en ciudades. Concentra el 17% de su poblaci\u00f3n urbana","robots":{"index":"index","follow":"follow","max-snippet":"max-snippet:-1","max-image-preview":"max-image-preview:large","max-video-preview":"max-video-preview:-1"},"canonical":"https:\/\/www.pressenza.com\/es\/2022\/01\/arquitectura-integradora\/","og_locale":"es_ES","og_type":"article","og_title":"Arquitectura integradora","og_description":"Am\u00e9rica Latina es una de las zonas m\u00e1s urbanizadas del planeta, con el 82% de las personas viviendo en ciudades. Concentra el 17% de su poblaci\u00f3n urbana","og_url":"https:\/\/www.pressenza.com\/es\/2022\/01\/arquitectura-integradora\/","og_site_name":"Pressenza","article_publisher":"https:\/\/www.facebook.com\/PressenzaItalia","article_author":"https:\/\/www.facebook.com\/pressenza","article_published_time":"2022-01-03T12:46:47+00:00","og_image":[{"width":1200,"height":799,"url":"https:\/\/www.pressenza.com\/wp-content\/uploads\/2022\/01\/Accesibilidad-Universal-en-la-arquitectura-GAM.jpg","type":"image\/jpeg"}],"author":"Redacci\u00f3n Chile","twitter_card":"summary_large_image","twitter_creator":"@pressenza","twitter_site":"@PressenzaIPA","twitter_misc":{"Escrito por":"Redacci\u00f3n Chile","Tiempo de lectura":"3 minutos"},"schema":{"@context":"https:\/\/schema.org","@graph":[{"@type":"Article","@id":"https:\/\/www.pressenza.com\/es\/2022\/01\/arquitectura-integradora\/#article","isPartOf":{"@id":"https:\/\/www.pressenza.com\/es\/2022\/01\/arquitectura-integradora\/"},"author":{"name":"Redacci\u00f3n Chile","@id":"https:\/\/www.pressenza.com\/es\/#\/schema\/person\/d7db40df35d6698ba69ba9ee260944ed"},"headline":"Arquitectura integradora","datePublished":"2022-01-03T12:46:47+00:00","mainEntityOfPage":{"@id":"https:\/\/www.pressenza.com\/es\/2022\/01\/arquitectura-integradora\/"},"wordCount":699,"publisher":{"@id":"https:\/\/www.pressenza.com\/es\/#organization"},"image":{"@id":"https:\/\/www.pressenza.com\/es\/2022\/01\/arquitectura-integradora\/#primaryimage"},"thumbnailUrl":"https:\/\/www.pressenza.com\/wp-content\/uploads\/2022\/01\/Accesibilidad-Universal-en-la-arquitectura-GAM.jpg","keywords":["4MA","Arquitectura","Chile","Ecuador","sustentabilidad"],"articleSection":["Comunicados de Prensa","Contenido Original","Cultura y Medios","Sudam\u00e9rica"],"inLanguage":"es"},{"@type":"WebPage","@id":"https:\/\/www.pressenza.com\/es\/2022\/01\/arquitectura-integradora\/","url":"https:\/\/www.pressenza.com\/es\/2022\/01\/arquitectura-integradora\/","name":"Arquitectura integradora","isPartOf":{"@id":"https:\/\/www.pressenza.com\/es\/#website"},"primaryImageOfPage":{"@id":"https:\/\/www.pressenza.com\/es\/2022\/01\/arquitectura-integradora\/#primaryimage"},"image":{"@id":"https:\/\/www.pressenza.com\/es\/2022\/01\/arquitectura-integradora\/#primaryimage"},"thumbnailUrl":"https:\/\/www.pressenza.com\/wp-content\/uploads\/2022\/01\/Accesibilidad-Universal-en-la-arquitectura-GAM.jpg","datePublished":"2022-01-03T12:46:47+00:00","description":"Am\u00e9rica Latina es una de las zonas m\u00e1s urbanizadas del planeta, con el 82% de las personas viviendo en ciudades. Concentra el 17% de su poblaci\u00f3n urbana","breadcrumb":{"@id":"https:\/\/www.pressenza.com\/es\/2022\/01\/arquitectura-integradora\/#breadcrumb"},"inLanguage":"es","potentialAction":[{"@type":"ReadAction","target":["https:\/\/www.pressenza.com\/es\/2022\/01\/arquitectura-integradora\/"]}]},{"@type":"ImageObject","inLanguage":"es","@id":"https:\/\/www.pressenza.com\/es\/2022\/01\/arquitectura-integradora\/#primaryimage","url":"https:\/\/www.pressenza.com\/wp-content\/uploads\/2022\/01\/Accesibilidad-Universal-en-la-arquitectura-GAM.jpg","contentUrl":"https:\/\/www.pressenza.com\/wp-content\/uploads\/2022\/01\/Accesibilidad-Universal-en-la-arquitectura-GAM.jpg","width":1200,"height":799,"caption":"4MA"},{"@type":"BreadcrumbList","@id":"https:\/\/www.pressenza.com\/es\/2022\/01\/arquitectura-integradora\/#breadcrumb","itemListElement":[{"@type":"ListItem","position":1,"name":"Accueil","item":"https:\/\/www.pressenza.com\/es\/"},{"@type":"ListItem","position":2,"name":"Arquitectura integradora"}]},{"@type":"WebSite","@id":"https:\/\/www.pressenza.com\/es\/#website","url":"https:\/\/www.pressenza.com\/es\/","name":"Pressenza","description":"International Press Agency","publisher":{"@id":"https:\/\/www.pressenza.com\/es\/#organization"},"potentialAction":[{"@type":"SearchAction","target":{"@type":"EntryPoint","urlTemplate":"https:\/\/www.pressenza.com\/es\/?s={search_term_string}"},"query-input":{"@type":"PropertyValueSpecification","valueRequired":true,"valueName":"search_term_string"}}],"inLanguage":"es"},{"@type":"Organization","@id":"https:\/\/www.pressenza.com\/es\/#organization","name":"Pressenza","url":"https:\/\/www.pressenza.com\/es\/","logo":{"@type":"ImageObject","inLanguage":"es","@id":"https:\/\/www.pressenza.com\/es\/#\/schema\/logo\/image\/","url":"https:\/\/www.pressenza.com\/wp-content\/uploads\/2022\/10\/pressenza_logo_200x200.jpg","contentUrl":"https:\/\/www.pressenza.com\/wp-content\/uploads\/2022\/10\/pressenza_logo_200x200.jpg","width":200,"height":200,"caption":"Pressenza"},"image":{"@id":"https:\/\/www.pressenza.com\/es\/#\/schema\/logo\/image\/"},"sameAs":["https:\/\/www.facebook.com\/PressenzaItalia","https:\/\/x.com\/PressenzaIPA"]},{"@type":"Person","@id":"https:\/\/www.pressenza.com\/es\/#\/schema\/person\/d7db40df35d6698ba69ba9ee260944ed","name":"Redacci\u00f3n Chile","description":"News from the Pressenza Bureau in Chile","sameAs":["https:\/\/www.facebook.com\/pressenza","https:\/\/x.com\/pressenza"],"url":"https:\/\/www.pressenza.com\/es\/author\/redaccion-chile\/"}]}},"place":"Santiago de Chile","original_article_url":"","_links":{"self":[{"href":"https:\/\/www.pressenza.com\/es\/wp-json\/wp\/v2\/posts\/1498031","targetHints":{"allow":["GET"]}}],"collection":[{"href":"https:\/\/www.pressenza.com\/es\/wp-json\/wp\/v2\/posts"}],"about":[{"href":"https:\/\/www.pressenza.com\/es\/wp-json\/wp\/v2\/types\/post"}],"author":[{"embeddable":true,"href":"https:\/\/www.pressenza.com\/es\/wp-json\/wp\/v2\/users\/43"}],"replies":[{"embeddable":true,"href":"https:\/\/www.pressenza.com\/es\/wp-json\/wp\/v2\/comments?post=1498031"}],"version-history":[{"count":0,"href":"https:\/\/www.pressenza.com\/es\/wp-json\/wp\/v2\/posts\/1498031\/revisions"}],"wp:featuredmedia":[{"embeddable":true,"href":"https:\/\/www.pressenza.com\/es\/wp-json\/wp\/v2\/media\/1498033"}],"wp:attachment":[{"href":"https:\/\/www.pressenza.com\/es\/wp-json\/wp\/v2\/media?parent=1498031"}],"wp:term":[{"taxonomy":"category","embeddable":true,"href":"https:\/\/www.pressenza.com\/es\/wp-json\/wp\/v2\/categories?post=1498031"},{"taxonomy":"post_tag","embeddable":true,"href":"https:\/\/www.pressenza.com\/es\/wp-json\/wp\/v2\/tags?post=1498031"}],"curies":[{"name":"wp","href":"https:\/\/api.w.org\/{rel}","templated":true}]}}