{"id":1497171,"date":"2021-12-31T20:27:20","date_gmt":"2021-12-31T20:27:20","guid":{"rendered":"https:\/\/www.pressenza.com\/?p=1497171"},"modified":"2021-12-31T20:27:20","modified_gmt":"2021-12-31T20:27:20","slug":"porque-cambiamos-de-ano-si-no-cambia-nada","status":"publish","type":"post","link":"https:\/\/www.pressenza.com\/es\/2021\/12\/porque-cambiamos-de-ano-si-no-cambia-nada\/","title":{"rendered":"\u00bfPorqu\u00e9 cambiamos de a\u00f1o si no cambia nada?"},"content":{"rendered":"<p><em>Cierto es que no existe una \u00fanica unidad de medida, sino al menos cuatro para contar el tiempo que tarda la Tierra en darle una vuelta al Sol: el a\u00f1o juliano o calendario, el a\u00f1o sideral, el a\u00f1o tr\u00f3pico medio y el a\u00f1o anom\u00e1listico. Cierto es tambi\u00e9n que cualquiera sea el sistema, siempre es el momento de renovar las esperanzas.<\/em><\/p>\n<p>por Aram Aharonian<\/p>\n<p>Siempre, desde chiquito, me he preguntado por qu\u00e9 cambiamos de a\u00f1o si nuestra vida sigue siendo la misma. \u00bfAcaso se termin\u00f3 la desigualdad y la injusticia y no pagaremos la deuda externa odiosa? \u00bfAcaso se acab\u00f3 la explotaci\u00f3n neoliberal y ahora defendemos al planeta y al clima? \u00bfO ser\u00e1 que termin\u00f3 la pandemia y los confinamientos? \u00a1Qu\u00e9 va!<\/p>\n<p>Nos dicen que el 31 de diciembre es el \u00faltimo d\u00eda del calendario gregoriano, el patr\u00f3n de 365 d\u00edas (m\u00e1s uno en bisiesto, como 2020) que ha regido en Occidente desde que se dej\u00f3 de usar el calendario juliano en 1582. Su paso celebra el fin de un ciclo que ha marcado las cuentas del tiempo para diversas culturas desde hace milenios: una vuelta completa de la Tierra alrededor de su estrella, el sol.<\/p>\n<p>No hay dudas de que la fecha en la que comienza y termina un a\u00f1o no tiene su base en la ciencia, sino que es una convenci\u00f3n, o sea un sistema, \u00abinventado\u00bb. Asumir que el a\u00f1o termina a la medianoche del 31 de diciembre y empieza el 1 de enero es una construcci\u00f3n social, una definici\u00f3n que se hizo en un momento de la historia.<\/p>\n<p>El d\u00eda y el a\u00f1o (tal y como est\u00e1 definido hoy) tienen su fundamento en el movimiento de la Tierra sobre s\u00ed misma y en torno al Sol. Son los ladrillos de un calendario solar. Sin embargo, el mes es una unidad basada en el movimiento de la Luna y forma la base de los calendarios lunares.<\/p>\n<p>Dado que la base para la medici\u00f3n de un a\u00f1o es el tiempo que tarda la Tierra en darle la vuelta al Sol, el conteo de cu\u00e1ndo empieza y termina ese ciclo puede ocurrir, en la pr\u00e1ctica, en cualquier momento. Y desde que el emperador romano Julio C\u00e9sar lo puso en vigencia en el a\u00f1o 46 a. C., el calendario juliano sirvi\u00f3 para contar el paso de los a\u00f1os y la historia en Europa hasta finales del siglo XVI.<\/p>\n<p>Pero desde entrada la Edad Media, varios astr\u00f3nomos se dieron cuenta de que con esa manera de medir el tiempo se produc\u00eda un error acumulado de aproximadamente 11 minutos y 14 segundos cada a\u00f1o. Y, entonces, en 1582 el papa Gregorio XIII promovi\u00f3 la reforma del calendario que usamos hasta el d\u00eda de hoy e introdujo los bisiestos para corregir los errores de c\u00e1lculo del calendario juliano.<\/p>\n<p>Lo cierto es que no existe una \u00fanica unidad de medida, sino al menos cuatro para contar el tiempo que tarda la Tierra en darle una vuelta al Sol: el a\u00f1o juliano o calendario, el a\u00f1o sideral, el a\u00f1o tr\u00f3pico medio y el a\u00f1o anom\u00e1listico. \u00a0El juliano es una convenci\u00f3n y se usa en astronom\u00eda como una unidad de medida en la que se considera que la Tierra le da la vuelta al Sol en 365,25 d\u00edas.<\/p>\n<p>El a\u00f1o sideral es el que tarda la Tierra en dar una vuelta al Sol respecto a un sistema de referencia fijo. En este caso, se toma como referencia el grupo de las estrellas fijas y ese a\u00f1o tiene una duraci\u00f3n de 365,25636. El tr\u00f3pico medio toma en cuenta longitud de la ecl\u00edptica del Sol, es decir, la trayectoria del Sol en el cielo con respecto a la Tierra a lo largo del a\u00f1o, principalmente en los equinoccios, que dura un poco menos que el a\u00f1o sideral, 365,242189 d\u00edas.<\/p>\n<p>Y, finalmente, el a\u00f1o anomal\u00edstico se\u00f1ala que la Tierra, al igual que los otros planetas, se mueve en elipsis. Esa elipsis hace que el Sol en algunas ocasiones est\u00e9 m\u00e1s cerca y m\u00e1s lejos de la Tierra. Pero hay un punto donde ambos est\u00e1n lo m\u00e1s cerca posible, el llamado perihelio. Y el a\u00f1o anomal\u00edstico es el tiempo transcurrido entre dos pasos consecutivos de la Tierra por su perihelio. Dura 365,2596 d\u00edas.<\/p>\n<p>Todo esto es muy aleccionador. Pero quiz\u00e1 debamos valorar que cada 31 de diciembre es la oportunidad de pasarlo en familia, con amigos, esperanzados en que esta vez s\u00ed, en este a\u00f1o que comienza, florecer\u00e1n nuestras esperanzas.<\/p>\n<p><strong>Los escritores y el a\u00f1o nuevo<\/strong><\/p>\n<p>Muchas promesas se hacen en A\u00f1o Nuevo, pero muy pocas se concretan. Para no desmotivarnos del todo, es muy recomendable tener en cuenta los pensamientos de estos escritores sobre la noche del 31 de diciembre.<\/p>\n<p>Por ejemplo, Mark Twain public\u00f3 en 1863 un art\u00edculo que dec\u00eda que \u201ceste es el momento aceptable para hacer los usuales buenos prop\u00f3sitos de cada a\u00f1o. La semana pr\u00f3xima podr\u00e1s volver a pavimentar el camino al infierno con ellos, como siempre. Ayer todos fumaron su \u00faltimo cigarro, bebieron su \u00faltimo trago y dijeron su \u00faltima groser\u00eda. Hoy somos el ejemplo de una comunidad perfecta.<\/p>\n<p>\u201cEl A\u00f1o Nuevo es una tradici\u00f3n inofensiva, sin ninguna utilidad en especial para nadie salvo como pretexto perfecto para beber promiscuamente, hacer llamadas amistosas y prop\u00f3sitos tontos. Ojal\u00e1 los disfrutes con la holgura correspondiente a la grandeza de la ocasi\u00f3n\u201d, agreg\u00f3.<\/p>\n<p>Por su parte, G.K. Chesterton, comentaba que \u201cel objetivo del A\u00f1o Nuevo no deber\u00eda ser tener un nuevo a\u00f1o. Deber\u00eda ser tener una nueva alma y una nueva nariz, nuevos pies, nueva espalda, nuevas orejas y nuevos ojos. A menos que ese hombre en particular hiciera los prop\u00f3sitos de a\u00f1o nuevo, no habr\u00e1 ning\u00fan prop\u00f3sito. A menos que un hombre empiece totalmente de cero, no har\u00e1 nada efectivo\u201d.<\/p>\n<p>Charles Bukowki en su poema \u201cPalm Leaves\u201d, dec\u00eda que \u201cEl fin de a\u00f1o siempre me aterroriza\u2026 la vida no sabe nada de a\u00f1os\u201d. Y Oscar Wilde se\u00f1alaba que\u00a0 \u201cLas buenas resoluciones son simplemente cheques a nombre de un banco en el que no hay ninguna cuenta\u201d.<\/p>\n<p>El poeta espa\u00f1ol Le\u00f3n Felipe lamentaba: \u201c\u00a1Qu\u00e9 pena si esta vida nuestra tuviera \u2014esta vida nuestra\u2014 mil a\u00f1os de existencia! \u00bfQui\u00e9n la har\u00eda hasta el fin llevadera? \u00bfQui\u00e9n la soportar\u00eda toda sin protesta? \u00bfQui\u00e9n lee diez siglos en la Historia y no la cierra al ver las mismas cosas siempre con distinta fecha? Los mismos hombres, las mismas guerras, los mismos tiranos, las mismas cadenas, los mismos farsantes, las mismas sectas \u00a1y los mismos, los mismos poetas! \u00a1Qu\u00e9 pena, que sea as\u00ed todo siempre, siempre de la misma manera! \u00a1Qu\u00e9 pena!\u201d<\/p>\n<p><strong>Ojal\u00e1<\/strong><\/p>\n<p>Y m\u00e1s cerca nuestro, Eduardo Galeano nos dejaba sus \u201cDeseos para el a\u00f1o nuevo\u201d:<\/p>\n<p>\u201c-Ojal\u00e1 seamos dignos de la desesperada esperanza.<\/p>\n<p>-ojal\u00e1 podamos tener el coraje de estar solos y la valent\u00eda de arriesgarnos a estar juntos, porque de nada sirve un diente fuera de la boca, ni un dedo fuera de la mano.<\/p>\n<p>-ojal\u00e1 podamos ser desobedientes, cada vez que recibimos \u00f3rdenes que humillan nuestra conciencia o violan nuestro sentido com\u00fan.<\/p>\n<p>-ojal\u00e1 podamos ser tan porfiados para seguir creyendo, contra toda evidencia, que la condici\u00f3n humana vale la pena, porque hemos sido mal hechos, pero no estamos terminados.<\/p>\n<p>-ojal\u00e1 podamos ser capaces de seguir caminando los caminos del viento, a pesar de las ca\u00eddas y las traiciones y las derrotas, porque la historia contin\u00faa, m\u00e1s all\u00e1 de nosotros, y cuando ella dice adi\u00f3s, est\u00e1 diciendo: hasta luego.<\/p>\n<p>-ojal\u00e1 podamos mantener viva la certeza de que es posible ser compatriota y contempor\u00e1neo de todo aquel que viva animado por la voluntad de justicia y la voluntad de belleza, nazca donde nazca y viva cuando viva, porque no tienen fronteras los mapas del alma ni del tiempo\u201d.<\/p>\n<p>Ojal\u00e1. Y para no abandonar las convenciones ni las buenas costumbres, pero haciendo fuerza para que la tortilla se vuelva, Feliz A\u00f1o Nuevo \u2026Y \u00a1a redoblar la esperanza!<\/p>\n<p>&nbsp;<\/p>\n","protected":false},"excerpt":{"rendered":"<p>Cierto es que no existe una \u00fanica unidad de medida, sino al menos cuatro para contar el tiempo que tarda la Tierra en darle una vuelta al Sol: el a\u00f1o juliano o calendario, el a\u00f1o sideral, el a\u00f1o tr\u00f3pico medio&hellip;<\/p>\n","protected":false},"author":1415,"featured_media":1497172,"comment_status":"closed","ping_status":"closed","sticky":false,"template":"","format":"standard","meta":{"footnotes":""},"categories":[161],"tags":[85756,33903,17659,25075],"class_list":["post-1497171","post","type-post","status-publish","format-standard","has-post-thumbnail","hentry","category-opiniones","tag-2022-es","tag-ano-nuevo","tag-esperanza","tag-transformacion"],"yoast_head":"<!-- This site is optimized with the Yoast SEO plugin v27.1.1 - https:\/\/yoast.com\/product\/yoast-seo-wordpress\/ -->\n<title>\u00bfPorqu\u00e9 cambiamos de a\u00f1o si no cambia nada?<\/title>\n<meta name=\"description\" content=\"Cierto es que no existe una \u00fanica unidad de medida, sino al menos cuatro para contar el tiempo que tarda la Tierra en darle una vuelta al Sol: el a\u00f1o\" \/>\n<meta name=\"robots\" content=\"index, follow, max-snippet:-1, max-image-preview:large, max-video-preview:-1\" \/>\n<link rel=\"canonical\" href=\"https:\/\/www.pressenza.com\/es\/2021\/12\/porque-cambiamos-de-ano-si-no-cambia-nada\/\" \/>\n<meta property=\"og:locale\" content=\"es_ES\" \/>\n<meta property=\"og:type\" content=\"article\" \/>\n<meta property=\"og:title\" content=\"\u00bfPorqu\u00e9 cambiamos de a\u00f1o si no cambia nada?\" \/>\n<meta property=\"og:description\" content=\"Cierto es que no existe una \u00fanica unidad de medida, sino al menos cuatro para contar el tiempo que tarda la Tierra en darle una vuelta al Sol: el a\u00f1o\" \/>\n<meta property=\"og:url\" content=\"https:\/\/www.pressenza.com\/es\/2021\/12\/porque-cambiamos-de-ano-si-no-cambia-nada\/\" \/>\n<meta property=\"og:site_name\" content=\"Pressenza\" \/>\n<meta property=\"article:publisher\" content=\"https:\/\/www.facebook.com\/PressenzaItalia\" \/>\n<meta property=\"article:published_time\" content=\"2021-12-31T20:27:20+00:00\" \/>\n<meta property=\"og:image\" content=\"https:\/\/www.pressenza.com\/wp-content\/uploads\/2021\/12\/2022.jpg\" \/>\n\t<meta property=\"og:image:width\" content=\"1280\" \/>\n\t<meta property=\"og:image:height\" content=\"720\" \/>\n\t<meta property=\"og:image:type\" content=\"image\/jpeg\" \/>\n<meta name=\"author\" content=\"Aram Aharonian\" \/>\n<meta name=\"twitter:card\" content=\"summary_large_image\" \/>\n<meta name=\"twitter:creator\" content=\"@PressenzaIPA\" \/>\n<meta name=\"twitter:site\" content=\"@PressenzaIPA\" \/>\n<meta name=\"twitter:label1\" content=\"Escrito por\" \/>\n\t<meta name=\"twitter:data1\" content=\"Aram Aharonian\" \/>\n\t<meta name=\"twitter:label2\" content=\"Tiempo de lectura\" \/>\n\t<meta name=\"twitter:data2\" content=\"7 minutos\" \/>\n<script type=\"application\/ld+json\" class=\"yoast-schema-graph\">{\"@context\":\"https:\/\/schema.org\",\"@graph\":[{\"@type\":\"Article\",\"@id\":\"https:\/\/www.pressenza.com\/es\/2021\/12\/porque-cambiamos-de-ano-si-no-cambia-nada\/#article\",\"isPartOf\":{\"@id\":\"https:\/\/www.pressenza.com\/es\/2021\/12\/porque-cambiamos-de-ano-si-no-cambia-nada\/\"},\"author\":{\"name\":\"Aram Aharonian\",\"@id\":\"https:\/\/www.pressenza.com\/es\/#\/schema\/person\/777c39c93856c085c6d5931778fbf85f\"},\"headline\":\"\u00bfPorqu\u00e9 cambiamos de a\u00f1o si no cambia nada?\",\"datePublished\":\"2021-12-31T20:27:20+00:00\",\"mainEntityOfPage\":{\"@id\":\"https:\/\/www.pressenza.com\/es\/2021\/12\/porque-cambiamos-de-ano-si-no-cambia-nada\/\"},\"wordCount\":1403,\"publisher\":{\"@id\":\"https:\/\/www.pressenza.com\/es\/#organization\"},\"image\":{\"@id\":\"https:\/\/www.pressenza.com\/es\/2021\/12\/porque-cambiamos-de-ano-si-no-cambia-nada\/#primaryimage\"},\"thumbnailUrl\":\"https:\/\/www.pressenza.com\/wp-content\/uploads\/2021\/12\/2022.jpg\",\"keywords\":[\"2022\",\"a\u00f1o nuevo\",\"esperanza\",\"transformaci\u00f3n\"],\"articleSection\":[\"Opiniones\"],\"inLanguage\":\"es\"},{\"@type\":\"WebPage\",\"@id\":\"https:\/\/www.pressenza.com\/es\/2021\/12\/porque-cambiamos-de-ano-si-no-cambia-nada\/\",\"url\":\"https:\/\/www.pressenza.com\/es\/2021\/12\/porque-cambiamos-de-ano-si-no-cambia-nada\/\",\"name\":\"\u00bfPorqu\u00e9 cambiamos de a\u00f1o si no cambia nada?\",\"isPartOf\":{\"@id\":\"https:\/\/www.pressenza.com\/es\/#website\"},\"primaryImageOfPage\":{\"@id\":\"https:\/\/www.pressenza.com\/es\/2021\/12\/porque-cambiamos-de-ano-si-no-cambia-nada\/#primaryimage\"},\"image\":{\"@id\":\"https:\/\/www.pressenza.com\/es\/2021\/12\/porque-cambiamos-de-ano-si-no-cambia-nada\/#primaryimage\"},\"thumbnailUrl\":\"https:\/\/www.pressenza.com\/wp-content\/uploads\/2021\/12\/2022.jpg\",\"datePublished\":\"2021-12-31T20:27:20+00:00\",\"description\":\"Cierto es que no existe una \u00fanica unidad de medida, sino al menos cuatro para contar el tiempo que tarda la Tierra en darle una vuelta al Sol: el a\u00f1o\",\"breadcrumb\":{\"@id\":\"https:\/\/www.pressenza.com\/es\/2021\/12\/porque-cambiamos-de-ano-si-no-cambia-nada\/#breadcrumb\"},\"inLanguage\":\"es\",\"potentialAction\":[{\"@type\":\"ReadAction\",\"target\":[\"https:\/\/www.pressenza.com\/es\/2021\/12\/porque-cambiamos-de-ano-si-no-cambia-nada\/\"]}]},{\"@type\":\"ImageObject\",\"inLanguage\":\"es\",\"@id\":\"https:\/\/www.pressenza.com\/es\/2021\/12\/porque-cambiamos-de-ano-si-no-cambia-nada\/#primaryimage\",\"url\":\"https:\/\/www.pressenza.com\/wp-content\/uploads\/2021\/12\/2022.jpg\",\"contentUrl\":\"https:\/\/www.pressenza.com\/wp-content\/uploads\/2021\/12\/2022.jpg\",\"width\":1280,\"height\":720},{\"@type\":\"BreadcrumbList\",\"@id\":\"https:\/\/www.pressenza.com\/es\/2021\/12\/porque-cambiamos-de-ano-si-no-cambia-nada\/#breadcrumb\",\"itemListElement\":[{\"@type\":\"ListItem\",\"position\":1,\"name\":\"Accueil\",\"item\":\"https:\/\/www.pressenza.com\/es\/\"},{\"@type\":\"ListItem\",\"position\":2,\"name\":\"\u00bfPorqu\u00e9 cambiamos de a\u00f1o si no cambia nada?\"}]},{\"@type\":\"WebSite\",\"@id\":\"https:\/\/www.pressenza.com\/es\/#website\",\"url\":\"https:\/\/www.pressenza.com\/es\/\",\"name\":\"Pressenza\",\"description\":\"International Press Agency\",\"publisher\":{\"@id\":\"https:\/\/www.pressenza.com\/es\/#organization\"},\"potentialAction\":[{\"@type\":\"SearchAction\",\"target\":{\"@type\":\"EntryPoint\",\"urlTemplate\":\"https:\/\/www.pressenza.com\/es\/?s={search_term_string}\"},\"query-input\":{\"@type\":\"PropertyValueSpecification\",\"valueRequired\":true,\"valueName\":\"search_term_string\"}}],\"inLanguage\":\"es\"},{\"@type\":\"Organization\",\"@id\":\"https:\/\/www.pressenza.com\/es\/#organization\",\"name\":\"Pressenza\",\"url\":\"https:\/\/www.pressenza.com\/es\/\",\"logo\":{\"@type\":\"ImageObject\",\"inLanguage\":\"es\",\"@id\":\"https:\/\/www.pressenza.com\/es\/#\/schema\/logo\/image\/\",\"url\":\"https:\/\/www.pressenza.com\/wp-content\/uploads\/2022\/10\/pressenza_logo_200x200.jpg\",\"contentUrl\":\"https:\/\/www.pressenza.com\/wp-content\/uploads\/2022\/10\/pressenza_logo_200x200.jpg\",\"width\":200,\"height\":200,\"caption\":\"Pressenza\"},\"image\":{\"@id\":\"https:\/\/www.pressenza.com\/es\/#\/schema\/logo\/image\/\"},\"sameAs\":[\"https:\/\/www.facebook.com\/PressenzaItalia\",\"https:\/\/x.com\/PressenzaIPA\"]},{\"@type\":\"Person\",\"@id\":\"https:\/\/www.pressenza.com\/es\/#\/schema\/person\/777c39c93856c085c6d5931778fbf85f\",\"name\":\"Aram Aharonian\",\"description\":\"Magister en Integraci\u00f3n, periodista y docente uruguayo, fundador de Telesur, director del Observatorio en Comunicaci\u00f3n y Democracia, presidente de la Fundaci\u00f3n para la Integraci\u00f3n Latinoamericana.\",\"url\":\"https:\/\/www.pressenza.com\/es\/author\/aram-aharonian\/\"}]}<\/script>\n<!-- \/ Yoast SEO plugin. -->","yoast_head_json":{"title":"\u00bfPorqu\u00e9 cambiamos de a\u00f1o si no cambia nada?","description":"Cierto es que no existe una \u00fanica unidad de medida, sino al menos cuatro para contar el tiempo que tarda la Tierra en darle una vuelta al Sol: el a\u00f1o","robots":{"index":"index","follow":"follow","max-snippet":"max-snippet:-1","max-image-preview":"max-image-preview:large","max-video-preview":"max-video-preview:-1"},"canonical":"https:\/\/www.pressenza.com\/es\/2021\/12\/porque-cambiamos-de-ano-si-no-cambia-nada\/","og_locale":"es_ES","og_type":"article","og_title":"\u00bfPorqu\u00e9 cambiamos de a\u00f1o si no cambia nada?","og_description":"Cierto es que no existe una \u00fanica unidad de medida, sino al menos cuatro para contar el tiempo que tarda la Tierra en darle una vuelta al Sol: el a\u00f1o","og_url":"https:\/\/www.pressenza.com\/es\/2021\/12\/porque-cambiamos-de-ano-si-no-cambia-nada\/","og_site_name":"Pressenza","article_publisher":"https:\/\/www.facebook.com\/PressenzaItalia","article_published_time":"2021-12-31T20:27:20+00:00","og_image":[{"width":1280,"height":720,"url":"https:\/\/www.pressenza.com\/wp-content\/uploads\/2021\/12\/2022.jpg","type":"image\/jpeg"}],"author":"Aram Aharonian","twitter_card":"summary_large_image","twitter_creator":"@PressenzaIPA","twitter_site":"@PressenzaIPA","twitter_misc":{"Escrito por":"Aram Aharonian","Tiempo de lectura":"7 minutos"},"schema":{"@context":"https:\/\/schema.org","@graph":[{"@type":"Article","@id":"https:\/\/www.pressenza.com\/es\/2021\/12\/porque-cambiamos-de-ano-si-no-cambia-nada\/#article","isPartOf":{"@id":"https:\/\/www.pressenza.com\/es\/2021\/12\/porque-cambiamos-de-ano-si-no-cambia-nada\/"},"author":{"name":"Aram Aharonian","@id":"https:\/\/www.pressenza.com\/es\/#\/schema\/person\/777c39c93856c085c6d5931778fbf85f"},"headline":"\u00bfPorqu\u00e9 cambiamos de a\u00f1o si no cambia nada?","datePublished":"2021-12-31T20:27:20+00:00","mainEntityOfPage":{"@id":"https:\/\/www.pressenza.com\/es\/2021\/12\/porque-cambiamos-de-ano-si-no-cambia-nada\/"},"wordCount":1403,"publisher":{"@id":"https:\/\/www.pressenza.com\/es\/#organization"},"image":{"@id":"https:\/\/www.pressenza.com\/es\/2021\/12\/porque-cambiamos-de-ano-si-no-cambia-nada\/#primaryimage"},"thumbnailUrl":"https:\/\/www.pressenza.com\/wp-content\/uploads\/2021\/12\/2022.jpg","keywords":["2022","a\u00f1o nuevo","esperanza","transformaci\u00f3n"],"articleSection":["Opiniones"],"inLanguage":"es"},{"@type":"WebPage","@id":"https:\/\/www.pressenza.com\/es\/2021\/12\/porque-cambiamos-de-ano-si-no-cambia-nada\/","url":"https:\/\/www.pressenza.com\/es\/2021\/12\/porque-cambiamos-de-ano-si-no-cambia-nada\/","name":"\u00bfPorqu\u00e9 cambiamos de a\u00f1o si no cambia nada?","isPartOf":{"@id":"https:\/\/www.pressenza.com\/es\/#website"},"primaryImageOfPage":{"@id":"https:\/\/www.pressenza.com\/es\/2021\/12\/porque-cambiamos-de-ano-si-no-cambia-nada\/#primaryimage"},"image":{"@id":"https:\/\/www.pressenza.com\/es\/2021\/12\/porque-cambiamos-de-ano-si-no-cambia-nada\/#primaryimage"},"thumbnailUrl":"https:\/\/www.pressenza.com\/wp-content\/uploads\/2021\/12\/2022.jpg","datePublished":"2021-12-31T20:27:20+00:00","description":"Cierto es que no existe una \u00fanica unidad de medida, sino al menos cuatro para contar el tiempo que tarda la Tierra en darle una vuelta al Sol: el a\u00f1o","breadcrumb":{"@id":"https:\/\/www.pressenza.com\/es\/2021\/12\/porque-cambiamos-de-ano-si-no-cambia-nada\/#breadcrumb"},"inLanguage":"es","potentialAction":[{"@type":"ReadAction","target":["https:\/\/www.pressenza.com\/es\/2021\/12\/porque-cambiamos-de-ano-si-no-cambia-nada\/"]}]},{"@type":"ImageObject","inLanguage":"es","@id":"https:\/\/www.pressenza.com\/es\/2021\/12\/porque-cambiamos-de-ano-si-no-cambia-nada\/#primaryimage","url":"https:\/\/www.pressenza.com\/wp-content\/uploads\/2021\/12\/2022.jpg","contentUrl":"https:\/\/www.pressenza.com\/wp-content\/uploads\/2021\/12\/2022.jpg","width":1280,"height":720},{"@type":"BreadcrumbList","@id":"https:\/\/www.pressenza.com\/es\/2021\/12\/porque-cambiamos-de-ano-si-no-cambia-nada\/#breadcrumb","itemListElement":[{"@type":"ListItem","position":1,"name":"Accueil","item":"https:\/\/www.pressenza.com\/es\/"},{"@type":"ListItem","position":2,"name":"\u00bfPorqu\u00e9 cambiamos de a\u00f1o si no cambia nada?"}]},{"@type":"WebSite","@id":"https:\/\/www.pressenza.com\/es\/#website","url":"https:\/\/www.pressenza.com\/es\/","name":"Pressenza","description":"International Press Agency","publisher":{"@id":"https:\/\/www.pressenza.com\/es\/#organization"},"potentialAction":[{"@type":"SearchAction","target":{"@type":"EntryPoint","urlTemplate":"https:\/\/www.pressenza.com\/es\/?s={search_term_string}"},"query-input":{"@type":"PropertyValueSpecification","valueRequired":true,"valueName":"search_term_string"}}],"inLanguage":"es"},{"@type":"Organization","@id":"https:\/\/www.pressenza.com\/es\/#organization","name":"Pressenza","url":"https:\/\/www.pressenza.com\/es\/","logo":{"@type":"ImageObject","inLanguage":"es","@id":"https:\/\/www.pressenza.com\/es\/#\/schema\/logo\/image\/","url":"https:\/\/www.pressenza.com\/wp-content\/uploads\/2022\/10\/pressenza_logo_200x200.jpg","contentUrl":"https:\/\/www.pressenza.com\/wp-content\/uploads\/2022\/10\/pressenza_logo_200x200.jpg","width":200,"height":200,"caption":"Pressenza"},"image":{"@id":"https:\/\/www.pressenza.com\/es\/#\/schema\/logo\/image\/"},"sameAs":["https:\/\/www.facebook.com\/PressenzaItalia","https:\/\/x.com\/PressenzaIPA"]},{"@type":"Person","@id":"https:\/\/www.pressenza.com\/es\/#\/schema\/person\/777c39c93856c085c6d5931778fbf85f","name":"Aram Aharonian","description":"Magister en Integraci\u00f3n, periodista y docente uruguayo, fundador de Telesur, director del Observatorio en Comunicaci\u00f3n y Democracia, presidente de la Fundaci\u00f3n para la Integraci\u00f3n Latinoamericana.","url":"https:\/\/www.pressenza.com\/es\/author\/aram-aharonian\/"}]}},"place":"","original_article_url":"https:\/\/estrategia.la\/2021\/12\/30\/porque-cambiamos-de-ano-si-no-cambia-nada\/","_links":{"self":[{"href":"https:\/\/www.pressenza.com\/es\/wp-json\/wp\/v2\/posts\/1497171","targetHints":{"allow":["GET"]}}],"collection":[{"href":"https:\/\/www.pressenza.com\/es\/wp-json\/wp\/v2\/posts"}],"about":[{"href":"https:\/\/www.pressenza.com\/es\/wp-json\/wp\/v2\/types\/post"}],"author":[{"embeddable":true,"href":"https:\/\/www.pressenza.com\/es\/wp-json\/wp\/v2\/users\/1415"}],"replies":[{"embeddable":true,"href":"https:\/\/www.pressenza.com\/es\/wp-json\/wp\/v2\/comments?post=1497171"}],"version-history":[{"count":0,"href":"https:\/\/www.pressenza.com\/es\/wp-json\/wp\/v2\/posts\/1497171\/revisions"}],"wp:featuredmedia":[{"embeddable":true,"href":"https:\/\/www.pressenza.com\/es\/wp-json\/wp\/v2\/media\/1497172"}],"wp:attachment":[{"href":"https:\/\/www.pressenza.com\/es\/wp-json\/wp\/v2\/media?parent=1497171"}],"wp:term":[{"taxonomy":"category","embeddable":true,"href":"https:\/\/www.pressenza.com\/es\/wp-json\/wp\/v2\/categories?post=1497171"},{"taxonomy":"post_tag","embeddable":true,"href":"https:\/\/www.pressenza.com\/es\/wp-json\/wp\/v2\/tags?post=1497171"}],"curies":[{"name":"wp","href":"https:\/\/api.w.org\/{rel}","templated":true}]}}