{"id":1496836,"date":"2021-12-30T20:25:30","date_gmt":"2021-12-30T20:25:30","guid":{"rendered":"https:\/\/www.pressenza.com\/?p=1496836"},"modified":"2021-12-30T20:25:30","modified_gmt":"2021-12-30T20:25:30","slug":"detencion-de-activista-khurram-parvez-muestra-nueva-hostilidad-hacia-la-sociedad-civil-en-cachemira","status":"publish","type":"post","link":"https:\/\/www.pressenza.com\/es\/2021\/12\/detencion-de-activista-khurram-parvez-muestra-nueva-hostilidad-hacia-la-sociedad-civil-en-cachemira\/","title":{"rendered":"Detenci\u00f3n de activista Khurram Parvez muestra \u00abnueva hostilidad hacia la sociedad civil en Cachemira"},"content":{"rendered":"<p style=\"padding-left: 40px;\">Parvez se ha manifestado contra las pol\u00edticas del Gobierno indio<\/p>\n<p>Por Ather Zia<\/p>\n<p>El 22 de noviembre de 2021, el Gobierno indio <a href=\"https:\/\/www.bbc.com\/news\/world-asia-india-59383554\" target=\"_blank\" rel=\"noopener\">arrest\u00f3<\/a> a\u00a0 Khurram Parvez, cachemir defensor de derechos humanos aclamado mundialmente y activista de la sociedad civil, Lo acusan en virtud de la criticada <a href=\"https:\/\/en.wikipedia.org\/wiki\/Unlawful_Activities_(Prevention)_Act\" target=\"_blank\" rel=\"noopener\">ley de prevenci\u00f3n de actividades il\u00edcitas<\/a> por \u00abfinanciamiento del terrorismo\u00bb y \u00abconspiraci\u00f3n\u00bb, y la <a href=\"https:\/\/scroll.in\/article\/1011867\/are-two-decades-of-human-rights-activism-in-kashmir-drawing-to-a-close\" target=\"_blank\" rel=\"noopener\">obra<\/a>\u00a0de Khurram, aclamada internacionalmente, se ve empa\u00f1ada por acusaciones de terrorismo. Su arresto ha causado <a href=\"https:\/\/www.outlookindia.com\/website\/story\/india-news-hyderpora-encounter-arrest-of-khurram-parvez-brings-focus-back-on-human-rights-in-kashmir\/403784\" target=\"_blank\" rel=\"noopener\">indignaci\u00f3n mundial<\/a>, y Naciones Unidas y otros entes de derechos humanos han pedido su <a href=\"https:\/\/freekhurram.com\/2021\/12\/07\/excerpts-from-statements-issued-by-the-un-global-hr-experts-urging-government-of-india-for-khurrams-unconditional-release\/\" target=\"_blank\" rel=\"noopener\">liberaci\u00f3n incondicional<\/a>.<\/p>\n<p>Se debe entender el arresto de Khurram dentro del marco de una nueva hostilidad hacia la sociedad civil en Cachemira. Ajit Doval, asesor de seguridad nacional de India, <a href=\"https:\/\/www.telegraphindia.com\/india\/rights-defenders-chide-doval-for-saying-civil-society-is-new-frontier-of-war\/cid\/1838932\" target=\"_blank\" rel=\"noopener\">llam\u00f3<\/a> a la sociedad civil la \u00abnueva frontera de guerra\u00bb o la \u00abguerra de cuarta generaci\u00f3n\u00bb. Como Khurram es uno de los \u00edconos m\u00e1s visibles de la sociedad civil de Cachemira y esta declaraci\u00f3n eclips\u00f3 su arresto apenas dos semanas despu\u00e9s, lo han convertido en una <a href=\"https:\/\/www.washingtonpost.com\/opinions\/2021\/12\/08\/kashmir-civil-society-khurram-parvez-democracy-summit-india\/\" target=\"_blank\" rel=\"noopener\">amenaza representativa<\/a> para todas las formas de <a href=\"https:\/\/www.thequint.com\/news\/india\/why-jk-activist-khurram-parvez-has-long-been-a-target-for-govt#read-more\" target=\"_blank\" rel=\"noopener\">desacuerdo democr\u00e1tico<\/a>.<\/p>\n<p>A mediados de a\u00f1o, Khurram y yo publicamos el video de una llamada despu\u00e9s de casi dos a\u00f1os. Su risa alegre y gutural encendi\u00f3 la esperanza mientras ve\u00edamos el amanecer sobre las monta\u00f1as de Colorado . Para los cachemires, la pandemia de COVID-19 exacerb\u00f3 la <a href=\"https:\/\/www.washingtonpost.com\/world\/2019\/08\/05\/india-revoked-kashmirs-special-status-heres-what-you-need-know-about-contested-province\/\" target=\"_blank\" rel=\"noopener\">muy enraizada persecuci\u00f3n pol\u00edtica<\/a> que ha aumentado desde el 5 de agosto de 2019, cuando India <a href=\"https:\/\/es.globalvoices.org\/2019\/08\/09\/gobierno-indio-deroga-condicion-especial-de-cachemira-anuncia-bifurcacion\/\" target=\"_blank\" rel=\"noopener\">retir\u00f3<\/a> legalmente la autonom\u00eda cachemir, y puso en marcha las pol\u00edticas de <a href=\"https:\/\/www.himalmag.com\/kashmir-and-the-rise-of-settler-colonialism-2020\/\" target=\"_blank\" rel=\"noopener\">colonialismo<\/a>. El activismo, el desacuerdo y la resistencia al mandato indio, que siempre se ha <a href=\"https:\/\/es.globalvoices.org\/2019\/08\/23\/bajo-la-administracion-india-cachemira-es-como-una-prision-abierta-dicen-observadores\/\" target=\"_blank\" rel=\"noopener\">penalizado<\/a>, son mayores ahora. Se censura a los medios y se acusa a los periodistas <a href=\"https:\/\/www.aljazeera.com\/news\/2020\/4\/22\/brazen-attack-outrage-over-kashmir-police-probing-journalists\" target=\"_blank\" rel=\"noopener\">seg\u00fan la ley ley de prevenci\u00f3n de actividades il\u00edcitas<\/a> solamente por hacer su trabajo.<\/p>\n<div class=\"factbox\"><\/div>\n<p>Khurram se ha manifestado abiertamente <a href=\"https:\/\/www.youtube.com\/watch?v=-EHcucQ3AkY\" target=\"_blank\" rel=\"noopener\">contra<\/a> las pol\u00edticas extremadamente autoritarias del Gobierno indio. En 2016, lo <a href=\"https:\/\/www.ohchr.org\/EN\/NewsEvents\/Pages\/DisplayNews.aspx?NewsID=20697&amp;LangID=E\" target=\"_blank\" rel=\"noopener\">acusaron<\/a> bajo la controvertida ley de seguridad p\u00fablica. Lo arrestaron cuando iba a Ginebra cuando iba a la XXXIII sesi\u00f3n del Consejo de Derechos Humanos de Naciones Unidas. Khurram fue liberado despu\u00e9s de 176 d\u00edas cuando la Corte Suprema cachemir <a href=\"https:\/\/www.frontlinedefenders.org\/en\/case\/detention-human-rights-defender-khurram-parvez\" target=\"_blank\" rel=\"noopener\">declar\u00f3<\/a> ilegal su detenci\u00f3n.<\/p>\n<div class=\"factbox\"><\/div>\n<p>Lleg\u00f3 2021, y la situaci\u00f3n cachemir ha empeorado.<\/p>\n<p>Al hablar conmigo, Khurram, siempre fiel a su <a href=\"https:\/\/www.kidpaw.com\/names\/khurram\" target=\"_blank\" rel=\"noopener\">nombre<\/a>, se mantuvo optimista. Hablaba de ni\u00f1os, de sus dos peque\u00f1os y de los de nuestros amigos. Estaba especialmente orgulloso de la hija adolescente de un amigo que hab\u00eda empezado a leer \u00abgrandes temas\u00bb como filosof\u00eda, literatura, f\u00edsica y antropolog\u00eda. Como es caracter\u00edstico de Khurram, en lugar de permitirme simplemente saborear esta noticia, me encomend\u00f3 la tarea de orientar a la adolescente y pas\u00f3 la siguiente media hora planific\u00e1ndola. Incluso consider\u00f3 los impedimentos del frecuente bloqueo de internet en Cachemira. Este es un peque\u00f1o ejemplo de la sensibilidad de Khurram para atender las necesidades, mejorar y forjar conexiones y solidaridades. Me re\u00ed de la dulce previsibilidad de su costumbre de pensar en cada peque\u00f1o detalle. La meticulosa atenci\u00f3n de Khurram a las exigencias, el contexto y los matices ha resultado fundamental para profesionalizar el trabajo de derechos humanos en Cachemira, contra todo peligro, y como constructor compasivo de equipos, si se me permite a\u00f1adir.<\/p>\n<p>El trabajo de Khurram no se limita a Cachemira. Es el presidente de la <a href=\"https:\/\/en.wikipedia.org\/wiki\/Asian_Federation_Against_Involuntary_Disappearances\" target=\"_blank\" rel=\"noopener\">Federaci\u00f3n Asi\u00e1tica contra las Desapariciones Involuntarias<\/a>, con sede en Manila. En 2006, recibi\u00f3 el Premio Reebok de Derechos Humanos. La <a href=\"https:\/\/jkccs.net\/\" target=\"_blank\" rel=\"noopener\">Coalici\u00f3n de la Sociedad Civil de Jammu y Cachemira<\/a>\u00a0y la <a href=\"https:\/\/jkccs.net\/client-item\/association-of-parents-of-disappeared-persons-apdp\/\" target=\"_blank\" rel=\"noopener\">Asociaci\u00f3n de Padres de Desaparecidos<\/a>, ambas dirigidas por Khurram, han formado y orientado a una nueva generaci\u00f3n de investigadores y profesionales de los derechos humanos de Cachemira, India y Occidente. Ha forjado relaciones de solidaridad con organizaciones mundiales como Naciones Unidas, Human Rights Watch y Amnist\u00eda Internacional. Bajo la direcci\u00f3n de Khurram, la Coalici\u00f3n de la Sociedad Civil de Jammu y Cachemira se ha convertido en una instituci\u00f3n conocida por sus investigaciones e informes pioneros sobre violaciones de derechos humanos. El descubrimiento de las fosas comunes sin marcar en Cachemira, que atrajo la atenci\u00f3n del mundo sobre la gravedad de las violaciones de los derechos humanos cometidas por las fuerzas indias en Cachemira, se atribuye al Coalici\u00f3n de la Sociedad Civil de Jammu y Cachemira bajo la astuta supervisi\u00f3n de Khurram.<\/p>\n<p>La labor de Khurram, mezcla equilibrada de activismo e investigaci\u00f3n comprometida, recibe elogios del mundo acad\u00e9mico. Tambi\u00e9n es un distinguido acad\u00e9mico en la <a href=\"https:\/\/www.crg.berkeley.edu\/research\/pcres\/\" target=\"_blank\" rel=\"noopener\">Iniciativa de Conflictos Pol\u00edticos, G\u00e9nero y Derechos de los Pueblos<\/a> de la Universidad de California, Berkeley.<\/p>\n<p>A principios de la d\u00e9cada de 2000, en un entorno t\u00f3xico plagado de pol\u00edticas clientelares y de censura de India, Khurram intent\u00f3 sin miedo construir una cultura de di\u00e1logo democr\u00e1tico entre las distintas partes interesadas de Cachemira. Tambi\u00e9n coinici\u00f3 procesos para tender puentes entre las comunidades musulmana y pandit de Cachemira, que estaban distanciadas. Khurram nunca se apart\u00f3 del camino que hab\u00eda elegido, ni siquiera cuando, en 2004, <a href=\"https:\/\/www.outlookindia.com\/website\/story\/india-news-khurram-parvez-a-human-rights-defender-not-terrorist-un-special-rapporteur-calls-for-jk-activists-release\/402194\" target=\"_blank\" rel=\"noopener\">perdi\u00f3 una pierna<\/a> y a tres compa\u00f1eros en la explosi\u00f3n de una mina supuestamente <a href=\"https:\/\/www.amazon.com\/Desolation-Called-Peace-Voices-Kashmir-ebook\/dp\/B07QPLD1DV?asin=B07QPLD1DV&amp;revisionId=&amp;format=2&amp;depth=1\" target=\"_blank\" rel=\"noopener\">orquestada por el Estado.<\/a> En lugar de rendirse, Khurram se uni\u00f3 a la <a href=\"http:\/\/www.icbl.org\/en-gb\/news-and-events\/news\/2021\/icbl-cmc-calls-for-immediate-release-of-member-khurram-parvez.aspx\" target=\"_blank\" rel=\"noopener\">Campa\u00f1a Internacional para la Prohibici\u00f3n de las Minas<\/a>. Aunque India no ha firmado el tratado de prohibici\u00f3n de las minas, Khurram hizo una campa\u00f1a exitosa para que los grupos militantes dejaran de usarlas.<\/p>\n<p>A lo largo de \u00faltimos 20 a\u00f1os, he visto a Khurram crecer personal y profesionalmente. Cuando era adolescente en 1990, decidi\u00f3 convertirse en defensor de derechos humanos <a href=\"https:\/\/twitter.com\/UNHumanRights\/status\/1067183718320631809?ref_src=twsrc%5Etfw%7Ctwcamp%5Etweetembed%7Ctwterm%5E1067183718320631809%7Ctwgr%5E%7Ctwcon%5Es1_&amp;ref_url=https%3A%2F%2Freekhurram. com%2F2021%2F12%2F07%2Fexcerpts-from-statements-issued-by-the-un-global-hr-experts-urging-government-of-india-for-khurrams-unconditional-release%2F\" target=\"_blank\" rel=\"noopener\">cuando su abuelo muri\u00f3 en una masacre<\/a> cometida por el Ej\u00e9rcito indio. En lugar de tomar las armas, como han hecho muchos cachemires, Khurram vio su camino en los derechos humanos. Su activismo comenz\u00f3 cuando era estudiante y fund\u00f3 un proyecto de asesoramiento para j\u00f3venes afectados por la agitaci\u00f3n. Khurram nunca permite que se instale el des\u00e1nimo. En mayo de 2020, en el peor momento de la pandemia, muri\u00f3 su padre. En octubre, la Agencia Nacional de Investigaci\u00f3n de India organiz\u00f3 una serie de <a href=\"https:\/\/monitor.civicus.org\/updates\/2021\/01\/12\/persecution-activists-raids-kashmir-and-increasing-restrictions-foreign-funding-india\/\" target=\"_blank\" rel=\"noopener\">incursiones simult\u00e1neas<\/a> contra activistas de la sociedad civil, incluido Khurram. La Agencia <a href=\"https:\/\/thewire.in\/rights\/khurram-parvez-nia-arrest\" target=\"_blank\" rel=\"noopener\">confisc\u00f3<\/a> documentos, otros registros y dispositivos electr\u00f3nicos, como los tel\u00e9fonos de su oficina y su casa. Era un momento en el que Cachemira a\u00fan se tambaleaba por las secuelas del asfixiante <a href=\"https:\/\/es.globalvoices.org\/2019\/08\/23\/bajo-la-administracion-india-cachemira-es-como-una-prision-abierta-dicen-observadores\/\" target=\"_blank\" rel=\"noopener\">asedio militar<\/a> que sigui\u00f3 a la derogaci\u00f3n del art\u00edculo 370 de la Constituci\u00f3n india en agosto de 2019. El trabajo de la Coalici\u00f3n de la Sociedad Civil de Jammu y Cachemira se vio gravemente obstaculizado, pero Khurram, creyendo que la adversidad forma parte del trabajo, mantuvo alta la moral del equipo.<\/p>\n<p>Mientras el sol se alzaba por completo sobre Colorado, recuerdo sus palabras al final de nuestra llamada. Esperaba que nuestros hijos \u00abvieran la belleza que ofrece el mundo\u00bb y no el \u00abdedwan\u00bb (fuego ardiente), y que \u00abdebemos hacerlo mejor por bien de ellos\u00bb. En resumen, ese es el credo de Khurram. Siempre lo hace bien al abordar las conflagraciones de la violencia pol\u00edtica. S\u00e9 que las oraciones y la perseverancia nunca abandonan a Khurram. <a href=\"https:\/\/www.fidh.org\/en\/issues\/human-rights-defenders\/india-khurram-parvez-transferred-to-tihar-maximum-security-prison\" target=\"_blank\" rel=\"noopener\">Aunque<\/a> est\u00e9 encarcelado en Tihar, la prisi\u00f3n de m\u00e1xima seguridad de India donde languidecen muchos presos pol\u00edticos de Cachemira, su fe en la paz justa se mantendr\u00e1 firme.<\/p>\n<p>En un mundo en proceso de descolonizaci\u00f3n, que cuestiona cada vez m\u00e1s a India sobre Cachemira, iconos como Khurram Parvez no pueden ser manchados ni encarcelados descaradamente. Como \u00abguardi\u00e1n de la memoria\u00bb, como se califica Khurram, ninguna ley puede encarcelarlo y, si as\u00ed ocurre, no puede ser ley sino solo anarqu\u00eda. Durante 20 a\u00f1os, Khurram ha servido incansablemente a los derechos humanos en todo el mundo. Quienes buscan la liberaci\u00f3n incondicional de Khurram de su encarcelamiento ilegal por parte del Gobierno indio no deben ceder. Debemos prevalecer para garantizar su libertad para defender los derechos humanos de los m\u00e1s vulnerables.<\/p>\n","protected":false},"excerpt":{"rendered":"<p>Parvez se ha manifestado contra las pol\u00edticas del Gobierno indio Por Ather Zia El 22 de noviembre de 2021, el Gobierno indio arrest\u00f3 a\u00a0 Khurram Parvez, cachemir defensor de derechos humanos aclamado mundialmente y activista de la sociedad civil, Lo&hellip;<\/p>\n","protected":false},"author":1277,"featured_media":1496837,"comment_status":"closed","ping_status":"closed","sticky":false,"template":"","format":"standard","meta":{"footnotes":""},"categories":[65,79,74],"tags":[29510,2748,98050],"class_list":["post-1496836","post","type-post","status-publish","format-standard","has-post-thumbnail","hentry","category-asia-es","category-derechos-humanos","category-politica-es","tag-cachemira","tag-india-es","tag-khurram-parvez"],"yoast_head":"<!-- This site is optimized with the Yoast SEO plugin v27.1.1 - https:\/\/yoast.com\/product\/yoast-seo-wordpress\/ -->\n<title>Detenci\u00f3n de activista Khurram Parvez muestra \u00abnueva hostilidad hacia la sociedad civil en Cachemira<\/title>\n<meta name=\"description\" content=\"Parvez se ha manifestado contra las pol\u00edticas del Gobierno indio Por Ather Zia El 22 de noviembre de 2021, el Gobierno indio arrest\u00f3 a\u00a0 Khurram Parvez,\" \/>\n<meta name=\"robots\" content=\"index, follow, max-snippet:-1, max-image-preview:large, max-video-preview:-1\" \/>\n<link rel=\"canonical\" href=\"https:\/\/www.pressenza.com\/es\/2021\/12\/detencion-de-activista-khurram-parvez-muestra-nueva-hostilidad-hacia-la-sociedad-civil-en-cachemira\/\" \/>\n<meta property=\"og:locale\" content=\"es_ES\" \/>\n<meta property=\"og:type\" content=\"article\" \/>\n<meta property=\"og:title\" content=\"Detenci\u00f3n de activista Khurram Parvez muestra \u00abnueva hostilidad hacia la sociedad civil en Cachemira\" \/>\n<meta property=\"og:description\" content=\"Parvez se ha manifestado contra las pol\u00edticas del Gobierno indio Por Ather Zia El 22 de noviembre de 2021, el Gobierno indio arrest\u00f3 a\u00a0 Khurram Parvez,\" \/>\n<meta property=\"og:url\" content=\"https:\/\/www.pressenza.com\/es\/2021\/12\/detencion-de-activista-khurram-parvez-muestra-nueva-hostilidad-hacia-la-sociedad-civil-en-cachemira\/\" \/>\n<meta property=\"og:site_name\" content=\"Pressenza\" \/>\n<meta property=\"article:publisher\" content=\"https:\/\/www.facebook.com\/PressenzaItalia\" \/>\n<meta property=\"article:published_time\" content=\"2021-12-30T20:25:30+00:00\" \/>\n<meta property=\"og:image\" content=\"https:\/\/www.pressenza.com\/wp-content\/uploads\/2021\/12\/Khurram-Parvez-captura-de-video.jpg\" \/>\n\t<meta property=\"og:image:width\" content=\"1024\" \/>\n\t<meta property=\"og:image:height\" content=\"625\" \/>\n\t<meta property=\"og:image:type\" content=\"image\/jpeg\" \/>\n<meta name=\"author\" content=\"Global Voices Online\" \/>\n<meta name=\"twitter:card\" content=\"summary_large_image\" \/>\n<meta name=\"twitter:creator\" content=\"@PressenzaIPA\" \/>\n<meta name=\"twitter:site\" content=\"@PressenzaIPA\" \/>\n<meta name=\"twitter:label1\" content=\"Escrito por\" \/>\n\t<meta name=\"twitter:data1\" content=\"Global Voices Online\" \/>\n\t<meta name=\"twitter:label2\" content=\"Tiempo de lectura\" \/>\n\t<meta name=\"twitter:data2\" content=\"7 minutos\" \/>\n<script type=\"application\/ld+json\" class=\"yoast-schema-graph\">{\"@context\":\"https:\/\/schema.org\",\"@graph\":[{\"@type\":\"Article\",\"@id\":\"https:\/\/www.pressenza.com\/es\/2021\/12\/detencion-de-activista-khurram-parvez-muestra-nueva-hostilidad-hacia-la-sociedad-civil-en-cachemira\/#article\",\"isPartOf\":{\"@id\":\"https:\/\/www.pressenza.com\/es\/2021\/12\/detencion-de-activista-khurram-parvez-muestra-nueva-hostilidad-hacia-la-sociedad-civil-en-cachemira\/\"},\"author\":{\"name\":\"Global Voices Online\",\"@id\":\"https:\/\/www.pressenza.com\/es\/#\/schema\/person\/a6c3e727f5a3eb6cce9a762fc2af8b72\"},\"headline\":\"Detenci\u00f3n de activista Khurram Parvez muestra \u00abnueva hostilidad hacia la sociedad civil en Cachemira\",\"datePublished\":\"2021-12-30T20:25:30+00:00\",\"mainEntityOfPage\":{\"@id\":\"https:\/\/www.pressenza.com\/es\/2021\/12\/detencion-de-activista-khurram-parvez-muestra-nueva-hostilidad-hacia-la-sociedad-civil-en-cachemira\/\"},\"wordCount\":1369,\"publisher\":{\"@id\":\"https:\/\/www.pressenza.com\/es\/#organization\"},\"image\":{\"@id\":\"https:\/\/www.pressenza.com\/es\/2021\/12\/detencion-de-activista-khurram-parvez-muestra-nueva-hostilidad-hacia-la-sociedad-civil-en-cachemira\/#primaryimage\"},\"thumbnailUrl\":\"https:\/\/www.pressenza.com\/wp-content\/uploads\/2021\/12\/Khurram-Parvez-captura-de-video.jpg\",\"keywords\":[\"Cachemira\",\"India\",\"Khurram Parvez\"],\"articleSection\":[\"Asia\",\"Derechos Humanos\",\"Pol\u00edtica\"],\"inLanguage\":\"es\"},{\"@type\":\"WebPage\",\"@id\":\"https:\/\/www.pressenza.com\/es\/2021\/12\/detencion-de-activista-khurram-parvez-muestra-nueva-hostilidad-hacia-la-sociedad-civil-en-cachemira\/\",\"url\":\"https:\/\/www.pressenza.com\/es\/2021\/12\/detencion-de-activista-khurram-parvez-muestra-nueva-hostilidad-hacia-la-sociedad-civil-en-cachemira\/\",\"name\":\"Detenci\u00f3n de activista Khurram Parvez muestra \u00abnueva hostilidad hacia la sociedad civil en Cachemira\",\"isPartOf\":{\"@id\":\"https:\/\/www.pressenza.com\/es\/#website\"},\"primaryImageOfPage\":{\"@id\":\"https:\/\/www.pressenza.com\/es\/2021\/12\/detencion-de-activista-khurram-parvez-muestra-nueva-hostilidad-hacia-la-sociedad-civil-en-cachemira\/#primaryimage\"},\"image\":{\"@id\":\"https:\/\/www.pressenza.com\/es\/2021\/12\/detencion-de-activista-khurram-parvez-muestra-nueva-hostilidad-hacia-la-sociedad-civil-en-cachemira\/#primaryimage\"},\"thumbnailUrl\":\"https:\/\/www.pressenza.com\/wp-content\/uploads\/2021\/12\/Khurram-Parvez-captura-de-video.jpg\",\"datePublished\":\"2021-12-30T20:25:30+00:00\",\"description\":\"Parvez se ha manifestado contra las pol\u00edticas del Gobierno indio Por Ather Zia El 22 de noviembre de 2021, el Gobierno indio arrest\u00f3 a\u00a0 Khurram Parvez,\",\"breadcrumb\":{\"@id\":\"https:\/\/www.pressenza.com\/es\/2021\/12\/detencion-de-activista-khurram-parvez-muestra-nueva-hostilidad-hacia-la-sociedad-civil-en-cachemira\/#breadcrumb\"},\"inLanguage\":\"es\",\"potentialAction\":[{\"@type\":\"ReadAction\",\"target\":[\"https:\/\/www.pressenza.com\/es\/2021\/12\/detencion-de-activista-khurram-parvez-muestra-nueva-hostilidad-hacia-la-sociedad-civil-en-cachemira\/\"]}]},{\"@type\":\"ImageObject\",\"inLanguage\":\"es\",\"@id\":\"https:\/\/www.pressenza.com\/es\/2021\/12\/detencion-de-activista-khurram-parvez-muestra-nueva-hostilidad-hacia-la-sociedad-civil-en-cachemira\/#primaryimage\",\"url\":\"https:\/\/www.pressenza.com\/wp-content\/uploads\/2021\/12\/Khurram-Parvez-captura-de-video.jpg\",\"contentUrl\":\"https:\/\/www.pressenza.com\/wp-content\/uploads\/2021\/12\/Khurram-Parvez-captura-de-video.jpg\",\"width\":1024,\"height\":625},{\"@type\":\"BreadcrumbList\",\"@id\":\"https:\/\/www.pressenza.com\/es\/2021\/12\/detencion-de-activista-khurram-parvez-muestra-nueva-hostilidad-hacia-la-sociedad-civil-en-cachemira\/#breadcrumb\",\"itemListElement\":[{\"@type\":\"ListItem\",\"position\":1,\"name\":\"Accueil\",\"item\":\"https:\/\/www.pressenza.com\/es\/\"},{\"@type\":\"ListItem\",\"position\":2,\"name\":\"Detenci\u00f3n de activista Khurram Parvez muestra \u00abnueva hostilidad hacia la sociedad civil en Cachemira\"}]},{\"@type\":\"WebSite\",\"@id\":\"https:\/\/www.pressenza.com\/es\/#website\",\"url\":\"https:\/\/www.pressenza.com\/es\/\",\"name\":\"Pressenza\",\"description\":\"International Press Agency\",\"publisher\":{\"@id\":\"https:\/\/www.pressenza.com\/es\/#organization\"},\"potentialAction\":[{\"@type\":\"SearchAction\",\"target\":{\"@type\":\"EntryPoint\",\"urlTemplate\":\"https:\/\/www.pressenza.com\/es\/?s={search_term_string}\"},\"query-input\":{\"@type\":\"PropertyValueSpecification\",\"valueRequired\":true,\"valueName\":\"search_term_string\"}}],\"inLanguage\":\"es\"},{\"@type\":\"Organization\",\"@id\":\"https:\/\/www.pressenza.com\/es\/#organization\",\"name\":\"Pressenza\",\"url\":\"https:\/\/www.pressenza.com\/es\/\",\"logo\":{\"@type\":\"ImageObject\",\"inLanguage\":\"es\",\"@id\":\"https:\/\/www.pressenza.com\/es\/#\/schema\/logo\/image\/\",\"url\":\"https:\/\/www.pressenza.com\/wp-content\/uploads\/2022\/10\/pressenza_logo_200x200.jpg\",\"contentUrl\":\"https:\/\/www.pressenza.com\/wp-content\/uploads\/2022\/10\/pressenza_logo_200x200.jpg\",\"width\":200,\"height\":200,\"caption\":\"Pressenza\"},\"image\":{\"@id\":\"https:\/\/www.pressenza.com\/es\/#\/schema\/logo\/image\/\"},\"sameAs\":[\"https:\/\/www.facebook.com\/PressenzaItalia\",\"https:\/\/x.com\/PressenzaIPA\"]},{\"@type\":\"Person\",\"@id\":\"https:\/\/www.pressenza.com\/es\/#\/schema\/person\/a6c3e727f5a3eb6cce9a762fc2af8b72\",\"name\":\"Global Voices Online\",\"description\":\"Global Voices is an international, multilingual, primarily volunteer community of writers, translators, academics, and human rights activists. Together, we leverage the power of the internet to build understanding across borders.\",\"sameAs\":[\"https:\/\/it.globalvoices.org\"],\"url\":\"https:\/\/www.pressenza.com\/es\/author\/global-voices-online\/\"}]}<\/script>\n<!-- \/ Yoast SEO plugin. -->","yoast_head_json":{"title":"Detenci\u00f3n de activista Khurram Parvez muestra \u00abnueva hostilidad hacia la sociedad civil en Cachemira","description":"Parvez se ha manifestado contra las pol\u00edticas del Gobierno indio Por Ather Zia El 22 de noviembre de 2021, el Gobierno indio arrest\u00f3 a\u00a0 Khurram Parvez,","robots":{"index":"index","follow":"follow","max-snippet":"max-snippet:-1","max-image-preview":"max-image-preview:large","max-video-preview":"max-video-preview:-1"},"canonical":"https:\/\/www.pressenza.com\/es\/2021\/12\/detencion-de-activista-khurram-parvez-muestra-nueva-hostilidad-hacia-la-sociedad-civil-en-cachemira\/","og_locale":"es_ES","og_type":"article","og_title":"Detenci\u00f3n de activista Khurram Parvez muestra \u00abnueva hostilidad hacia la sociedad civil en Cachemira","og_description":"Parvez se ha manifestado contra las pol\u00edticas del Gobierno indio Por Ather Zia El 22 de noviembre de 2021, el Gobierno indio arrest\u00f3 a\u00a0 Khurram Parvez,","og_url":"https:\/\/www.pressenza.com\/es\/2021\/12\/detencion-de-activista-khurram-parvez-muestra-nueva-hostilidad-hacia-la-sociedad-civil-en-cachemira\/","og_site_name":"Pressenza","article_publisher":"https:\/\/www.facebook.com\/PressenzaItalia","article_published_time":"2021-12-30T20:25:30+00:00","og_image":[{"width":1024,"height":625,"url":"https:\/\/www.pressenza.com\/wp-content\/uploads\/2021\/12\/Khurram-Parvez-captura-de-video.jpg","type":"image\/jpeg"}],"author":"Global Voices Online","twitter_card":"summary_large_image","twitter_creator":"@PressenzaIPA","twitter_site":"@PressenzaIPA","twitter_misc":{"Escrito por":"Global Voices Online","Tiempo de lectura":"7 minutos"},"schema":{"@context":"https:\/\/schema.org","@graph":[{"@type":"Article","@id":"https:\/\/www.pressenza.com\/es\/2021\/12\/detencion-de-activista-khurram-parvez-muestra-nueva-hostilidad-hacia-la-sociedad-civil-en-cachemira\/#article","isPartOf":{"@id":"https:\/\/www.pressenza.com\/es\/2021\/12\/detencion-de-activista-khurram-parvez-muestra-nueva-hostilidad-hacia-la-sociedad-civil-en-cachemira\/"},"author":{"name":"Global Voices Online","@id":"https:\/\/www.pressenza.com\/es\/#\/schema\/person\/a6c3e727f5a3eb6cce9a762fc2af8b72"},"headline":"Detenci\u00f3n de activista Khurram Parvez muestra \u00abnueva hostilidad hacia la sociedad civil en Cachemira","datePublished":"2021-12-30T20:25:30+00:00","mainEntityOfPage":{"@id":"https:\/\/www.pressenza.com\/es\/2021\/12\/detencion-de-activista-khurram-parvez-muestra-nueva-hostilidad-hacia-la-sociedad-civil-en-cachemira\/"},"wordCount":1369,"publisher":{"@id":"https:\/\/www.pressenza.com\/es\/#organization"},"image":{"@id":"https:\/\/www.pressenza.com\/es\/2021\/12\/detencion-de-activista-khurram-parvez-muestra-nueva-hostilidad-hacia-la-sociedad-civil-en-cachemira\/#primaryimage"},"thumbnailUrl":"https:\/\/www.pressenza.com\/wp-content\/uploads\/2021\/12\/Khurram-Parvez-captura-de-video.jpg","keywords":["Cachemira","India","Khurram Parvez"],"articleSection":["Asia","Derechos Humanos","Pol\u00edtica"],"inLanguage":"es"},{"@type":"WebPage","@id":"https:\/\/www.pressenza.com\/es\/2021\/12\/detencion-de-activista-khurram-parvez-muestra-nueva-hostilidad-hacia-la-sociedad-civil-en-cachemira\/","url":"https:\/\/www.pressenza.com\/es\/2021\/12\/detencion-de-activista-khurram-parvez-muestra-nueva-hostilidad-hacia-la-sociedad-civil-en-cachemira\/","name":"Detenci\u00f3n de activista Khurram Parvez muestra \u00abnueva hostilidad hacia la sociedad civil en Cachemira","isPartOf":{"@id":"https:\/\/www.pressenza.com\/es\/#website"},"primaryImageOfPage":{"@id":"https:\/\/www.pressenza.com\/es\/2021\/12\/detencion-de-activista-khurram-parvez-muestra-nueva-hostilidad-hacia-la-sociedad-civil-en-cachemira\/#primaryimage"},"image":{"@id":"https:\/\/www.pressenza.com\/es\/2021\/12\/detencion-de-activista-khurram-parvez-muestra-nueva-hostilidad-hacia-la-sociedad-civil-en-cachemira\/#primaryimage"},"thumbnailUrl":"https:\/\/www.pressenza.com\/wp-content\/uploads\/2021\/12\/Khurram-Parvez-captura-de-video.jpg","datePublished":"2021-12-30T20:25:30+00:00","description":"Parvez se ha manifestado contra las pol\u00edticas del Gobierno indio Por Ather Zia El 22 de noviembre de 2021, el Gobierno indio arrest\u00f3 a\u00a0 Khurram Parvez,","breadcrumb":{"@id":"https:\/\/www.pressenza.com\/es\/2021\/12\/detencion-de-activista-khurram-parvez-muestra-nueva-hostilidad-hacia-la-sociedad-civil-en-cachemira\/#breadcrumb"},"inLanguage":"es","potentialAction":[{"@type":"ReadAction","target":["https:\/\/www.pressenza.com\/es\/2021\/12\/detencion-de-activista-khurram-parvez-muestra-nueva-hostilidad-hacia-la-sociedad-civil-en-cachemira\/"]}]},{"@type":"ImageObject","inLanguage":"es","@id":"https:\/\/www.pressenza.com\/es\/2021\/12\/detencion-de-activista-khurram-parvez-muestra-nueva-hostilidad-hacia-la-sociedad-civil-en-cachemira\/#primaryimage","url":"https:\/\/www.pressenza.com\/wp-content\/uploads\/2021\/12\/Khurram-Parvez-captura-de-video.jpg","contentUrl":"https:\/\/www.pressenza.com\/wp-content\/uploads\/2021\/12\/Khurram-Parvez-captura-de-video.jpg","width":1024,"height":625},{"@type":"BreadcrumbList","@id":"https:\/\/www.pressenza.com\/es\/2021\/12\/detencion-de-activista-khurram-parvez-muestra-nueva-hostilidad-hacia-la-sociedad-civil-en-cachemira\/#breadcrumb","itemListElement":[{"@type":"ListItem","position":1,"name":"Accueil","item":"https:\/\/www.pressenza.com\/es\/"},{"@type":"ListItem","position":2,"name":"Detenci\u00f3n de activista Khurram Parvez muestra \u00abnueva hostilidad hacia la sociedad civil en Cachemira"}]},{"@type":"WebSite","@id":"https:\/\/www.pressenza.com\/es\/#website","url":"https:\/\/www.pressenza.com\/es\/","name":"Pressenza","description":"International Press Agency","publisher":{"@id":"https:\/\/www.pressenza.com\/es\/#organization"},"potentialAction":[{"@type":"SearchAction","target":{"@type":"EntryPoint","urlTemplate":"https:\/\/www.pressenza.com\/es\/?s={search_term_string}"},"query-input":{"@type":"PropertyValueSpecification","valueRequired":true,"valueName":"search_term_string"}}],"inLanguage":"es"},{"@type":"Organization","@id":"https:\/\/www.pressenza.com\/es\/#organization","name":"Pressenza","url":"https:\/\/www.pressenza.com\/es\/","logo":{"@type":"ImageObject","inLanguage":"es","@id":"https:\/\/www.pressenza.com\/es\/#\/schema\/logo\/image\/","url":"https:\/\/www.pressenza.com\/wp-content\/uploads\/2022\/10\/pressenza_logo_200x200.jpg","contentUrl":"https:\/\/www.pressenza.com\/wp-content\/uploads\/2022\/10\/pressenza_logo_200x200.jpg","width":200,"height":200,"caption":"Pressenza"},"image":{"@id":"https:\/\/www.pressenza.com\/es\/#\/schema\/logo\/image\/"},"sameAs":["https:\/\/www.facebook.com\/PressenzaItalia","https:\/\/x.com\/PressenzaIPA"]},{"@type":"Person","@id":"https:\/\/www.pressenza.com\/es\/#\/schema\/person\/a6c3e727f5a3eb6cce9a762fc2af8b72","name":"Global Voices Online","description":"Global Voices is an international, multilingual, primarily volunteer community of writers, translators, academics, and human rights activists. Together, we leverage the power of the internet to build understanding across borders.","sameAs":["https:\/\/it.globalvoices.org"],"url":"https:\/\/www.pressenza.com\/es\/author\/global-voices-online\/"}]}},"place":"","original_article_url":"https:\/\/es.globalvoices.org\/2021\/12\/29\/detencion-de-activista-khurram-parvez-muestra-nueva-hostilidad-hacia-la-sociedad-civil-en-cachemira\/","_links":{"self":[{"href":"https:\/\/www.pressenza.com\/es\/wp-json\/wp\/v2\/posts\/1496836","targetHints":{"allow":["GET"]}}],"collection":[{"href":"https:\/\/www.pressenza.com\/es\/wp-json\/wp\/v2\/posts"}],"about":[{"href":"https:\/\/www.pressenza.com\/es\/wp-json\/wp\/v2\/types\/post"}],"author":[{"embeddable":true,"href":"https:\/\/www.pressenza.com\/es\/wp-json\/wp\/v2\/users\/1277"}],"replies":[{"embeddable":true,"href":"https:\/\/www.pressenza.com\/es\/wp-json\/wp\/v2\/comments?post=1496836"}],"version-history":[{"count":0,"href":"https:\/\/www.pressenza.com\/es\/wp-json\/wp\/v2\/posts\/1496836\/revisions"}],"wp:featuredmedia":[{"embeddable":true,"href":"https:\/\/www.pressenza.com\/es\/wp-json\/wp\/v2\/media\/1496837"}],"wp:attachment":[{"href":"https:\/\/www.pressenza.com\/es\/wp-json\/wp\/v2\/media?parent=1496836"}],"wp:term":[{"taxonomy":"category","embeddable":true,"href":"https:\/\/www.pressenza.com\/es\/wp-json\/wp\/v2\/categories?post=1496836"},{"taxonomy":"post_tag","embeddable":true,"href":"https:\/\/www.pressenza.com\/es\/wp-json\/wp\/v2\/tags?post=1496836"}],"curies":[{"name":"wp","href":"https:\/\/api.w.org\/{rel}","templated":true}]}}