{"id":1494772,"date":"2021-12-25T14:43:16","date_gmt":"2021-12-25T14:43:16","guid":{"rendered":"https:\/\/www.pressenza.com\/?p=1494772"},"modified":"2021-12-25T14:46:57","modified_gmt":"2021-12-25T14:46:57","slug":"chile-el-reencuentro","status":"publish","type":"post","link":"https:\/\/www.pressenza.com\/es\/2021\/12\/chile-el-reencuentro\/","title":{"rendered":"[Chile] El reencuentro"},"content":{"rendered":"<p>No conozco a nadie que esperara un resultado como el que se dio. Fue una segunda vuelta a tablero vuelto. Se batieron records de participaci\u00f3n desde que rige el sistema de voto voluntario. \u00a0Las cifras finales fueron casi calcadas a las del plebiscito del 88 donde el pinochetismo se jug\u00f3 su continuidad y corriendo solo, sali\u00f3 segundo con el mismo porcentaje de ahora (44%). Como si en estos poco m\u00e1s de 30 a\u00f1os no hubiese pasado nada. Colocada ante trances hist\u00f3ricos, en lo grueso, la preferencia ciudadana poco o nada ha cambiado, no obstante que estamos ante otras generaciones.<\/p>\n<p>Una nueva generaci\u00f3n se abre paso contra viento y marea, a punta de codazos. Es la generaci\u00f3n que 10 a\u00f1os atr\u00e1s encabez\u00f3 las movilizaciones estudiantiles, all\u00e1 en el 2011. Ah\u00ed est\u00e1n en un primer plano quienes dirigieron las federaciones estudiantiles de entonces. Los que pusieron en jaque a las autoridades de entonces con sus movilizaciones, que ya ten\u00edan precedentes en la revoluci\u00f3n ping\u00fcina, 5 a\u00f1os antes, en el 2006.<\/p>\n<p>Los l\u00edderes actuales, con su aire fresco, son los hijos de la Concertaci\u00f3n que no quiso tener o acoger. Y la Concertaci\u00f3n se qued\u00f3 con experiencia, pero sin juventud. La que tuvo fue ninguneada, envejeci\u00f3 lentamente sin que se le abriera cancha alguna. Es la que hoy tom\u00f3 al toro por las astas.<\/p>\n<p>Los resultados de la primera vuelta fueron lapidarios para quienes nos han gobernado los \u00faltimos 30 a\u00f1os, releg\u00e1ndolos a un cuarto y quinto lugar. Vencidos incluso por un candidato, Parisi, que ni siquiera vive en Chile por tener una millonaria deuda por pensi\u00f3n alimenticia., y por quienes pasaron a la segunda vuelta. \u00c9stos \u00faltimos fueron los representantes del Si y el NO a fines de los 80, pero en versi\u00f3n remozada: Kast, quien logr\u00f3 aglutinar tras s\u00ed a quienes temen un futuro de caos; y Boric, quien pudo sumar no solo a los adherentes de su coalici\u00f3n, sino a quienes en su momento denost\u00f3, los viejos tercios de la Concertaci\u00f3n. Boric y el grueso de los dirigentes del Frente Amplio (FA), dig\u00e1moslo claramente, son los hijos d\u00edscolos de la Concertaci\u00f3n, que esta \u00faltima no dej\u00f3 desarrollar.<\/p>\n<p>Para la segunda vuelta se di\u00f3 un fen\u00f3meno memorable. El reencuentro entre el hijo pr\u00f3digo y su padre, en la hora und\u00e9cima. Frente al dilema de optar por la consolidaci\u00f3n de un modelo de sociedad con una fuerte propensi\u00f3n a profundizar las grietas sociales, o transformarlo en uno donde se ponga el acento en su reducci\u00f3n, representado por Boric y sus aliados, la Concertaci\u00f3n no se perdi\u00f3. Es as\u00ed como la gran mayor\u00eda de los dirigentes de los partidos que lo constituyeron en su minuto \u2013la democracia cristiana (DC), el partido socialista (PS), el partido por la democracia (PPD) y el partido radical (PR)- no dudaron en respaldar sin condiciones ni exigencias a Boric, en la confianza de que sabr\u00e1 estar a la altura de las circunstancias. El expresidente Lagos fue muy elocuente al respecto: \u201cpor lo que ha sido mi vida, no puedo sino apoyarlo\u201d. Tampoco se pod\u00eda esperar otra cosa de Bachelet ni de la DC. El reencuentro de padre\/madre con su hijo. Es as\u00ed como el hijo d\u00edscolo, bajo el impulso del reencuentro con sus padres, lleno de confianza y energ\u00eda desbordante, ahora s\u00ed logra el descollante triunfo que lo catapulta como presidente electo.<\/p>\n<p>Es un buen impulso para iniciar un proceso de transformaciones profundas que el pa\u00eds demanda en un ambiente pol\u00edtico de empate bajo un contexto econ\u00f3mico, social y sanitario altamente complejo. Creo que nadie debiera negarse al desaf\u00edo que se tiene por delante, la b\u00fasqueda de acuerdos de sentido com\u00fan que apunten a vivir en un pa\u00eds menos desigual, m\u00e1s amigable con la naturaleza, donde reine tanto el orden social como el econ\u00f3mico-financiero. \u00bfEs mucho pedir?<\/p>\n<p>&nbsp;<\/p>\n<p>Foto de Daniel M. en Unsplash<\/p>\n","protected":false},"excerpt":{"rendered":"<p>No conozco a nadie que esperara un resultado como el que se dio. Fue una segunda vuelta a tablero vuelto. Se batieron records de participaci\u00f3n desde que rige el sistema de voto voluntario. \u00a0Las cifras finales fueron casi calcadas a&hellip;<\/p>\n","protected":false},"author":1346,"featured_media":1494773,"comment_status":"closed","ping_status":"closed","sticky":false,"template":"","format":"standard","meta":{"footnotes":""},"categories":[161,74,67],"tags":[96340,38213,97932,89072,8242,97933,93511],"class_list":["post-1494772","post","type-post","status-publish","format-standard","has-post-thumbnail","hentry","category-opiniones","category-politica-es","category-sudamerica","tag-elecciones-presidenciales-chilenas-2021","tag-frente-amplio","tag-gabriel-boris","tag-jose-antonio-kast-es","tag-michelle-bachelet-es","tag-partidos-de-la-concertacion-por-la-democracia","tag-sebastian-sichel"],"yoast_head":"<!-- This site is optimized with the Yoast SEO plugin v27.1.1 - https:\/\/yoast.com\/product\/yoast-seo-wordpress\/ -->\n<title>[Chile] El reencuentro<\/title>\n<meta name=\"description\" content=\"No conozco a nadie que esperara un resultado como el que se dio. Fue una segunda vuelta a tablero vuelto. Se batieron records de participaci\u00f3n desde que\" \/>\n<meta name=\"robots\" content=\"index, follow, max-snippet:-1, max-image-preview:large, max-video-preview:-1\" \/>\n<link rel=\"canonical\" href=\"https:\/\/www.pressenza.com\/es\/2021\/12\/chile-el-reencuentro\/\" \/>\n<meta property=\"og:locale\" content=\"es_ES\" \/>\n<meta property=\"og:type\" content=\"article\" \/>\n<meta property=\"og:title\" content=\"[Chile] El reencuentro\" \/>\n<meta property=\"og:description\" content=\"No conozco a nadie que esperara un resultado como el que se dio. Fue una segunda vuelta a tablero vuelto. Se batieron records de participaci\u00f3n desde que\" \/>\n<meta property=\"og:url\" content=\"https:\/\/www.pressenza.com\/es\/2021\/12\/chile-el-reencuentro\/\" \/>\n<meta property=\"og:site_name\" content=\"Pressenza\" \/>\n<meta property=\"article:publisher\" content=\"https:\/\/www.facebook.com\/PressenzaItalia\" \/>\n<meta property=\"article:published_time\" content=\"2021-12-25T14:43:16+00:00\" \/>\n<meta property=\"article:modified_time\" content=\"2021-12-25T14:46:57+00:00\" \/>\n<meta property=\"og:image\" content=\"https:\/\/www.pressenza.com\/wp-content\/uploads\/2021\/12\/celeb-Boric-dic-2021.jpg\" \/>\n\t<meta property=\"og:image:width\" content=\"981\" \/>\n\t<meta property=\"og:image:height\" content=\"654\" \/>\n\t<meta property=\"og:image:type\" content=\"image\/jpeg\" \/>\n<meta name=\"author\" content=\"Rodolfo Schmal\" \/>\n<meta name=\"twitter:card\" content=\"summary_large_image\" \/>\n<meta name=\"twitter:creator\" content=\"@PressenzaIPA\" \/>\n<meta name=\"twitter:site\" content=\"@PressenzaIPA\" \/>\n<meta name=\"twitter:label1\" content=\"Escrito por\" \/>\n\t<meta name=\"twitter:data1\" content=\"Rodolfo Schmal\" \/>\n\t<meta name=\"twitter:label2\" content=\"Tiempo de lectura\" \/>\n\t<meta name=\"twitter:data2\" content=\"3 minutos\" \/>\n<script type=\"application\/ld+json\" class=\"yoast-schema-graph\">{\"@context\":\"https:\/\/schema.org\",\"@graph\":[{\"@type\":\"Article\",\"@id\":\"https:\/\/www.pressenza.com\/es\/2021\/12\/chile-el-reencuentro\/#article\",\"isPartOf\":{\"@id\":\"https:\/\/www.pressenza.com\/es\/2021\/12\/chile-el-reencuentro\/\"},\"author\":{\"name\":\"Rodolfo Schmal\",\"@id\":\"https:\/\/www.pressenza.com\/es\/#\/schema\/person\/f997ea76500c802de8beb920d3db5a96\"},\"headline\":\"[Chile] El reencuentro\",\"datePublished\":\"2021-12-25T14:43:16+00:00\",\"dateModified\":\"2021-12-25T14:46:57+00:00\",\"mainEntityOfPage\":{\"@id\":\"https:\/\/www.pressenza.com\/es\/2021\/12\/chile-el-reencuentro\/\"},\"wordCount\":677,\"publisher\":{\"@id\":\"https:\/\/www.pressenza.com\/es\/#organization\"},\"image\":{\"@id\":\"https:\/\/www.pressenza.com\/es\/2021\/12\/chile-el-reencuentro\/#primaryimage\"},\"thumbnailUrl\":\"https:\/\/www.pressenza.com\/wp-content\/uploads\/2021\/12\/celeb-Boric-dic-2021.jpg\",\"keywords\":[\"elecciones presidenciales chilenas 2021\",\"Frente Amplio\",\"Gabriel Boris\",\"Jos\u00e9 Antonio Kast\",\"Michelle Bachelet\",\"partidos de la Concertaci\u00f3n por la Democracia\",\"Sebasti\u00e1n Sichel\"],\"articleSection\":[\"Opiniones\",\"Pol\u00edtica\",\"Sudam\u00e9rica\"],\"inLanguage\":\"es\"},{\"@type\":\"WebPage\",\"@id\":\"https:\/\/www.pressenza.com\/es\/2021\/12\/chile-el-reencuentro\/\",\"url\":\"https:\/\/www.pressenza.com\/es\/2021\/12\/chile-el-reencuentro\/\",\"name\":\"[Chile] El reencuentro\",\"isPartOf\":{\"@id\":\"https:\/\/www.pressenza.com\/es\/#website\"},\"primaryImageOfPage\":{\"@id\":\"https:\/\/www.pressenza.com\/es\/2021\/12\/chile-el-reencuentro\/#primaryimage\"},\"image\":{\"@id\":\"https:\/\/www.pressenza.com\/es\/2021\/12\/chile-el-reencuentro\/#primaryimage\"},\"thumbnailUrl\":\"https:\/\/www.pressenza.com\/wp-content\/uploads\/2021\/12\/celeb-Boric-dic-2021.jpg\",\"datePublished\":\"2021-12-25T14:43:16+00:00\",\"dateModified\":\"2021-12-25T14:46:57+00:00\",\"description\":\"No conozco a nadie que esperara un resultado como el que se dio. Fue una segunda vuelta a tablero vuelto. Se batieron records de participaci\u00f3n desde que\",\"breadcrumb\":{\"@id\":\"https:\/\/www.pressenza.com\/es\/2021\/12\/chile-el-reencuentro\/#breadcrumb\"},\"inLanguage\":\"es\",\"potentialAction\":[{\"@type\":\"ReadAction\",\"target\":[\"https:\/\/www.pressenza.com\/es\/2021\/12\/chile-el-reencuentro\/\"]}]},{\"@type\":\"ImageObject\",\"inLanguage\":\"es\",\"@id\":\"https:\/\/www.pressenza.com\/es\/2021\/12\/chile-el-reencuentro\/#primaryimage\",\"url\":\"https:\/\/www.pressenza.com\/wp-content\/uploads\/2021\/12\/celeb-Boric-dic-2021.jpg\",\"contentUrl\":\"https:\/\/www.pressenza.com\/wp-content\/uploads\/2021\/12\/celeb-Boric-dic-2021.jpg\",\"width\":981,\"height\":654},{\"@type\":\"BreadcrumbList\",\"@id\":\"https:\/\/www.pressenza.com\/es\/2021\/12\/chile-el-reencuentro\/#breadcrumb\",\"itemListElement\":[{\"@type\":\"ListItem\",\"position\":1,\"name\":\"Accueil\",\"item\":\"https:\/\/www.pressenza.com\/es\/\"},{\"@type\":\"ListItem\",\"position\":2,\"name\":\"[Chile] El reencuentro\"}]},{\"@type\":\"WebSite\",\"@id\":\"https:\/\/www.pressenza.com\/es\/#website\",\"url\":\"https:\/\/www.pressenza.com\/es\/\",\"name\":\"Pressenza\",\"description\":\"International Press Agency\",\"publisher\":{\"@id\":\"https:\/\/www.pressenza.com\/es\/#organization\"},\"potentialAction\":[{\"@type\":\"SearchAction\",\"target\":{\"@type\":\"EntryPoint\",\"urlTemplate\":\"https:\/\/www.pressenza.com\/es\/?s={search_term_string}\"},\"query-input\":{\"@type\":\"PropertyValueSpecification\",\"valueRequired\":true,\"valueName\":\"search_term_string\"}}],\"inLanguage\":\"es\"},{\"@type\":\"Organization\",\"@id\":\"https:\/\/www.pressenza.com\/es\/#organization\",\"name\":\"Pressenza\",\"url\":\"https:\/\/www.pressenza.com\/es\/\",\"logo\":{\"@type\":\"ImageObject\",\"inLanguage\":\"es\",\"@id\":\"https:\/\/www.pressenza.com\/es\/#\/schema\/logo\/image\/\",\"url\":\"https:\/\/www.pressenza.com\/wp-content\/uploads\/2022\/10\/pressenza_logo_200x200.jpg\",\"contentUrl\":\"https:\/\/www.pressenza.com\/wp-content\/uploads\/2022\/10\/pressenza_logo_200x200.jpg\",\"width\":200,\"height\":200,\"caption\":\"Pressenza\"},\"image\":{\"@id\":\"https:\/\/www.pressenza.com\/es\/#\/schema\/logo\/image\/\"},\"sameAs\":[\"https:\/\/www.facebook.com\/PressenzaItalia\",\"https:\/\/x.com\/PressenzaIPA\"]},{\"@type\":\"Person\",\"@id\":\"https:\/\/www.pressenza.com\/es\/#\/schema\/person\/f997ea76500c802de8beb920d3db5a96\",\"name\":\"Rodolfo Schmal\",\"description\":\"Rodolfo Schmal Simon es Ingeniero Civil Industrial de la Universidad de Chile y Magister en Inform\u00e1tica de la Universidad Polit\u00e9cnica de Madrid-Espa\u00f1a. Ha sido profesor de las Universidades de Chile, del Norte, de Tarapac\u00e1 y de Talca; socio de las empresas inform\u00e1ticas PRODAT y ALEPH; Director de ZOFRI S.A.; Secretario y Tesorero de la Asociaci\u00f3n de Acad\u00e9micos de la Universidad de Talca. Es autor de textos docentes y art\u00edculos en revistas acad\u00e9micas nacionales e internacionales indexadas. Reside en Talca, Chile.\",\"url\":\"https:\/\/www.pressenza.com\/es\/author\/rodolfo-schmal\/\"}]}<\/script>\n<!-- \/ Yoast SEO plugin. -->","yoast_head_json":{"title":"[Chile] El reencuentro","description":"No conozco a nadie que esperara un resultado como el que se dio. Fue una segunda vuelta a tablero vuelto. Se batieron records de participaci\u00f3n desde que","robots":{"index":"index","follow":"follow","max-snippet":"max-snippet:-1","max-image-preview":"max-image-preview:large","max-video-preview":"max-video-preview:-1"},"canonical":"https:\/\/www.pressenza.com\/es\/2021\/12\/chile-el-reencuentro\/","og_locale":"es_ES","og_type":"article","og_title":"[Chile] El reencuentro","og_description":"No conozco a nadie que esperara un resultado como el que se dio. Fue una segunda vuelta a tablero vuelto. Se batieron records de participaci\u00f3n desde que","og_url":"https:\/\/www.pressenza.com\/es\/2021\/12\/chile-el-reencuentro\/","og_site_name":"Pressenza","article_publisher":"https:\/\/www.facebook.com\/PressenzaItalia","article_published_time":"2021-12-25T14:43:16+00:00","article_modified_time":"2021-12-25T14:46:57+00:00","og_image":[{"width":981,"height":654,"url":"https:\/\/www.pressenza.com\/wp-content\/uploads\/2021\/12\/celeb-Boric-dic-2021.jpg","type":"image\/jpeg"}],"author":"Rodolfo Schmal","twitter_card":"summary_large_image","twitter_creator":"@PressenzaIPA","twitter_site":"@PressenzaIPA","twitter_misc":{"Escrito por":"Rodolfo Schmal","Tiempo de lectura":"3 minutos"},"schema":{"@context":"https:\/\/schema.org","@graph":[{"@type":"Article","@id":"https:\/\/www.pressenza.com\/es\/2021\/12\/chile-el-reencuentro\/#article","isPartOf":{"@id":"https:\/\/www.pressenza.com\/es\/2021\/12\/chile-el-reencuentro\/"},"author":{"name":"Rodolfo Schmal","@id":"https:\/\/www.pressenza.com\/es\/#\/schema\/person\/f997ea76500c802de8beb920d3db5a96"},"headline":"[Chile] El reencuentro","datePublished":"2021-12-25T14:43:16+00:00","dateModified":"2021-12-25T14:46:57+00:00","mainEntityOfPage":{"@id":"https:\/\/www.pressenza.com\/es\/2021\/12\/chile-el-reencuentro\/"},"wordCount":677,"publisher":{"@id":"https:\/\/www.pressenza.com\/es\/#organization"},"image":{"@id":"https:\/\/www.pressenza.com\/es\/2021\/12\/chile-el-reencuentro\/#primaryimage"},"thumbnailUrl":"https:\/\/www.pressenza.com\/wp-content\/uploads\/2021\/12\/celeb-Boric-dic-2021.jpg","keywords":["elecciones presidenciales chilenas 2021","Frente Amplio","Gabriel Boris","Jos\u00e9 Antonio Kast","Michelle Bachelet","partidos de la Concertaci\u00f3n por la Democracia","Sebasti\u00e1n Sichel"],"articleSection":["Opiniones","Pol\u00edtica","Sudam\u00e9rica"],"inLanguage":"es"},{"@type":"WebPage","@id":"https:\/\/www.pressenza.com\/es\/2021\/12\/chile-el-reencuentro\/","url":"https:\/\/www.pressenza.com\/es\/2021\/12\/chile-el-reencuentro\/","name":"[Chile] El reencuentro","isPartOf":{"@id":"https:\/\/www.pressenza.com\/es\/#website"},"primaryImageOfPage":{"@id":"https:\/\/www.pressenza.com\/es\/2021\/12\/chile-el-reencuentro\/#primaryimage"},"image":{"@id":"https:\/\/www.pressenza.com\/es\/2021\/12\/chile-el-reencuentro\/#primaryimage"},"thumbnailUrl":"https:\/\/www.pressenza.com\/wp-content\/uploads\/2021\/12\/celeb-Boric-dic-2021.jpg","datePublished":"2021-12-25T14:43:16+00:00","dateModified":"2021-12-25T14:46:57+00:00","description":"No conozco a nadie que esperara un resultado como el que se dio. Fue una segunda vuelta a tablero vuelto. Se batieron records de participaci\u00f3n desde que","breadcrumb":{"@id":"https:\/\/www.pressenza.com\/es\/2021\/12\/chile-el-reencuentro\/#breadcrumb"},"inLanguage":"es","potentialAction":[{"@type":"ReadAction","target":["https:\/\/www.pressenza.com\/es\/2021\/12\/chile-el-reencuentro\/"]}]},{"@type":"ImageObject","inLanguage":"es","@id":"https:\/\/www.pressenza.com\/es\/2021\/12\/chile-el-reencuentro\/#primaryimage","url":"https:\/\/www.pressenza.com\/wp-content\/uploads\/2021\/12\/celeb-Boric-dic-2021.jpg","contentUrl":"https:\/\/www.pressenza.com\/wp-content\/uploads\/2021\/12\/celeb-Boric-dic-2021.jpg","width":981,"height":654},{"@type":"BreadcrumbList","@id":"https:\/\/www.pressenza.com\/es\/2021\/12\/chile-el-reencuentro\/#breadcrumb","itemListElement":[{"@type":"ListItem","position":1,"name":"Accueil","item":"https:\/\/www.pressenza.com\/es\/"},{"@type":"ListItem","position":2,"name":"[Chile] El reencuentro"}]},{"@type":"WebSite","@id":"https:\/\/www.pressenza.com\/es\/#website","url":"https:\/\/www.pressenza.com\/es\/","name":"Pressenza","description":"International Press Agency","publisher":{"@id":"https:\/\/www.pressenza.com\/es\/#organization"},"potentialAction":[{"@type":"SearchAction","target":{"@type":"EntryPoint","urlTemplate":"https:\/\/www.pressenza.com\/es\/?s={search_term_string}"},"query-input":{"@type":"PropertyValueSpecification","valueRequired":true,"valueName":"search_term_string"}}],"inLanguage":"es"},{"@type":"Organization","@id":"https:\/\/www.pressenza.com\/es\/#organization","name":"Pressenza","url":"https:\/\/www.pressenza.com\/es\/","logo":{"@type":"ImageObject","inLanguage":"es","@id":"https:\/\/www.pressenza.com\/es\/#\/schema\/logo\/image\/","url":"https:\/\/www.pressenza.com\/wp-content\/uploads\/2022\/10\/pressenza_logo_200x200.jpg","contentUrl":"https:\/\/www.pressenza.com\/wp-content\/uploads\/2022\/10\/pressenza_logo_200x200.jpg","width":200,"height":200,"caption":"Pressenza"},"image":{"@id":"https:\/\/www.pressenza.com\/es\/#\/schema\/logo\/image\/"},"sameAs":["https:\/\/www.facebook.com\/PressenzaItalia","https:\/\/x.com\/PressenzaIPA"]},{"@type":"Person","@id":"https:\/\/www.pressenza.com\/es\/#\/schema\/person\/f997ea76500c802de8beb920d3db5a96","name":"Rodolfo Schmal","description":"Rodolfo Schmal Simon es Ingeniero Civil Industrial de la Universidad de Chile y Magister en Inform\u00e1tica de la Universidad Polit\u00e9cnica de Madrid-Espa\u00f1a. Ha sido profesor de las Universidades de Chile, del Norte, de Tarapac\u00e1 y de Talca; socio de las empresas inform\u00e1ticas PRODAT y ALEPH; Director de ZOFRI S.A.; Secretario y Tesorero de la Asociaci\u00f3n de Acad\u00e9micos de la Universidad de Talca. Es autor de textos docentes y art\u00edculos en revistas acad\u00e9micas nacionales e internacionales indexadas. Reside en Talca, Chile.","url":"https:\/\/www.pressenza.com\/es\/author\/rodolfo-schmal\/"}]}},"place":"Talca, Chile","original_article_url":"","_links":{"self":[{"href":"https:\/\/www.pressenza.com\/es\/wp-json\/wp\/v2\/posts\/1494772","targetHints":{"allow":["GET"]}}],"collection":[{"href":"https:\/\/www.pressenza.com\/es\/wp-json\/wp\/v2\/posts"}],"about":[{"href":"https:\/\/www.pressenza.com\/es\/wp-json\/wp\/v2\/types\/post"}],"author":[{"embeddable":true,"href":"https:\/\/www.pressenza.com\/es\/wp-json\/wp\/v2\/users\/1346"}],"replies":[{"embeddable":true,"href":"https:\/\/www.pressenza.com\/es\/wp-json\/wp\/v2\/comments?post=1494772"}],"version-history":[{"count":0,"href":"https:\/\/www.pressenza.com\/es\/wp-json\/wp\/v2\/posts\/1494772\/revisions"}],"wp:featuredmedia":[{"embeddable":true,"href":"https:\/\/www.pressenza.com\/es\/wp-json\/wp\/v2\/media\/1494773"}],"wp:attachment":[{"href":"https:\/\/www.pressenza.com\/es\/wp-json\/wp\/v2\/media?parent=1494772"}],"wp:term":[{"taxonomy":"category","embeddable":true,"href":"https:\/\/www.pressenza.com\/es\/wp-json\/wp\/v2\/categories?post=1494772"},{"taxonomy":"post_tag","embeddable":true,"href":"https:\/\/www.pressenza.com\/es\/wp-json\/wp\/v2\/tags?post=1494772"}],"curies":[{"name":"wp","href":"https:\/\/api.w.org\/{rel}","templated":true}]}}