{"id":1494633,"date":"2021-12-24T21:26:18","date_gmt":"2021-12-24T21:26:18","guid":{"rendered":"https:\/\/www.pressenza.com\/?p=1494633"},"modified":"2021-12-24T21:26:18","modified_gmt":"2021-12-24T21:26:18","slug":"espana-gasto-militar-y-presupuestos-generales-del-estado-lo-que-se-ve-y-lo-que-no","status":"publish","type":"post","link":"https:\/\/www.pressenza.com\/es\/2021\/12\/espana-gasto-militar-y-presupuestos-generales-del-estado-lo-que-se-ve-y-lo-que-no\/","title":{"rendered":"Espa\u00f1a: Gasto Militar y Presupuestos Generales del Estado, lo que se ve y lo que no"},"content":{"rendered":"<div><\/div>\n<blockquote>\n<div class=\"entradilla\" style=\"padding-left: 40px;\">\u00bfEl Gasto Militar en los PGE es real? Mucho nos tememos que no.<\/div>\n<\/blockquote>\n<div style=\"padding-left: 40px;\"><\/div>\n<div>\n<p><em><strong><strong>Por Enrique Quintanilla Alboreca y Ovidio Bustillo Garc\u00eda<\/strong><\/strong><\/em><\/p>\n<p>Despu\u00e9s de los t\u00edpicos tira y afloja parece que el pr\u00f3ximo 28 de diciembre, d\u00eda de los Santos Inocentes, se van a aprobar\u00a0los Presupuestos Generales del Estado para el 2022 elaborados por el \u201cGobierno m\u00e1s progresista de la historia\u201d. En lo que a nosotras nos ocupa, nos fijamos primero en lo que se va a destinar al Ministerio de Defensa, que asciende a algo m\u00e1s de 10.000 millones de euros.<\/p>\n<p>\u00bfPero es este el Gasto Militar real? Mucho nos tememos que no. En cuestiones militares, las cuentas nunca est\u00e1n claras.<\/p>\n<p>Hace unos d\u00edas han salido dos informes realizados por personas y colectivos muy profesionales que nos demuestran que los gastos reales son mucho, pero mucho mayores.<\/p>\n<blockquote><p>Uno de cada cinco euros que invierte la Administraci\u00f3n central tiene una finalidad militar<\/p>\n<div class=\"compartir\">\n<div class=\"link-rs\">\n<div><\/div>\n<\/div>\n<\/div>\n<\/blockquote>\n<p>El <a href=\"http:\/\/centredelas.org\/publicacions\/elgastomilitarreal2022\/?lang=es\">Informe n\u00ba 50 del Centre Del\u00e0s<\/a>, titulado El gasto militar real del Estado Espa\u00f1ol para 2022 elaborado por Jordi Calvo, Xabier Bohigas y Quique S\u00e1nchez\u00a0Ochoa, lo cifra en 22.796 millones de euros, \u201cun 124% m\u00e1s de lo que asigna el Ministerio de Defensa, lo que supone un r\u00e9cord hist\u00f3rico y un crecimiento del 5,75% respecto al a\u00f1o anterior\u201d. Y contin\u00faa: \u201cEste incremento se explica en parte por el aumento del 16,2% en las inversiones en armamentos, que alcanzan los 4.581,5 millones, lo que supone que uno de cada cinco euros que invierte la Administraci\u00f3n central tiene una finalidad militar\u201d.<\/p>\n<p>En otro informe Juan Carlos Rois, uno de los mayores expertos en analizar y profundizar en los PGE desde un punto de vista antimilitarista, afirma que el Gasto Militar \u201calcanza\u00a0<i>de facto\u00a0<\/i>la escalofriante\u00a0cifra de\u00a022.256,33 millones de euros, que llegar\u00e1 a alcanzar los\u00a031.168,34 millones\u00a0\u00a0de euros una vez se a\u00f1adan las partidas que de manera habitual se han venido agregando a\u00a0 la ejecuci\u00f3n final del presupuesto de\u00a0Defensa, que incomprensiblemente siempre falla y se calcula entre un\u00a035 y un 50%\u00a0menos de lo que finalmente se gasta\u201d. Como muestra, este recent\u00edsimo <a href=\"https:\/\/www.grupotortuga.com\/Sigue-el-descaro-Otros-1892-80\" target=\"_blank\" rel=\"noopener\">bot\u00f3n<\/a>, de hace apenas unos d\u00edas: casi 2.000 millones de euros m\u00e1s para comprar armas.<\/p>\n<p class=\"Textbody\">Ambos documentos nos llevan a algunas conclusiones preocupantes, de la que descolla una, incontestable: el Gasto militar es deliberadamente opaco.<\/p>\n<p class=\"Textbody\">La falta de rigor en las cuentas del Ministerio de Defensa ser\u00eda inviable en otros ministerios. La ocultaci\u00f3n de Gasto Militar mediante el truco de incorporarlo a otros ministerios da cuenta de la mala conciencia que deben tener pol\u00edticos y militares para camuflar m\u00e1s de dos tercios del gasto real y la falta de argumentos convincentes para justificar semejante despilfarro en las necesidades de defensa cuando no hay enemigo de quien defenderse.<\/p>\n<blockquote><p>Gobierne quien gobierne, el gasto militar lo defienden<\/p>\n<div class=\"compartir\">\n<div class=\"link-rs\">\n<div><\/div>\n<\/div>\n<\/div>\n<\/blockquote>\n<p class=\"Textbody\">Pero lo cierto es que las pol\u00edticas militares de los sucesivos gobiernos de derecha e izquierda, en cuanto a Gasto Militar se refiere, no tienen ni siquiera matices diferenciadores. Gobierne quien gobierne, el gasto militar lo defienden. Sube, sube siempre, y el intervencionismo en pa\u00edses que ning\u00fan da\u00f1o nos hicieron, tambi\u00e9n. Los costosos programas de armamento no tienen contestaci\u00f3n en el parlamento ni se conocen disensos en su opaca comisi\u00f3n de Defensa.<\/p>\n<p class=\"Textbody\"><b>Sangr\u00eda de recursos y empobrecimiento general<\/b><\/p>\n<p class=\"Textbody\">Los Programas Especiales de Armamento suponen una sangr\u00eda constante de recursos con la excusa de la modernizaci\u00f3n del ej\u00e9rcito, tarea que llevan los sucesivos gobiernos intentando sin conseguirla, porque no es un objetivo, sino un medio, para seguir dando protagonismo y recursos al complejo pol\u00edtico-militar-industrial con puertas giratorias bien engrasadas e intereses entrelazados. La tela de ara\u00f1a de este complejo tiene como rehenes a los trabajadores de la industria de armamento que tienen que elegir entre el pan para su familia, construyendo armas que llevar\u00e1n el hambre y la muerte a inocentes, o quedar en el paro en regiones deliberadamente militarizadas. Seg\u00fan el Centre Del\u00e0s estos programas han supuesto un gasto de 51.644 millones de euros, y han generado una deuda que, a juicio de Rois, alcanzar\u00e1 los 43.000 millones de euros, contando con que solo el gasto militar incorporado a otros ministerios asciende a 22.256,33 millones de euros y con que cada a\u00f1o la ejecuci\u00f3n final del presupuesto de Defensa siempre falla y, un a\u00f1o tras otro, calcula entre un 35% y un 50% menos de lo que gasta.<\/p>\n<p class=\"Textbody\">Todo presupuesto es limitado. La elecci\u00f3n de la inversi\u00f3n nos da cuenta de las prioridades y los objetivos de cada gobierno. Lo que se invierte en mantener un costoso ej\u00e9rcito y equiparlo con armamento de moda no se invierte en sanidad, educaci\u00f3n, pensiones, investigaci\u00f3n civil o acabar con las colas del hambre. El hecho de que uno de cada cinco euros que invierte la Administraci\u00f3n central tenga finalidad militar nos da buena cuenta de las prioridades del Gobierno y del enorme coste de oportunidad que supone no disponer tales recursos para fines sociales. Estos presupuestos nos alejan\u00a0 del cumplimiento de los objetivos de la agenda 2030 y de avanzar en una transici\u00f3n ecol\u00f3gica que la propia actividad militar hipoteca. En aras de una seguridad militar que nadie amenaza, el gobierno sacrifica las necesidades b\u00e1sicas de millones de personas, neg\u00e1ndoles el acceso a una seguridad humana hipotecada y que impide una vida digna.<\/p>\n<figure class=\"figure real\">\n<div class=\"responsively-lazy \" data-proporcion=\"69.5\"><img decoding=\"async\" class=\"card-img-top figure-img\" src=\"https:\/\/www.elsaltodiario.com\/uploads\/fotos\/r600\/d6a97040\/20211106_130349_.jpg?v=63807521032\" srcset=\"https:\/\/www.elsaltodiario.com\/uploads\/fotos\/r1500\/d6a97040\/20211106_130349_.jpg?v=63807521032 2x\" alt=\"Por un mundo mejor\" data-srcset=\" \/uploads\/fotos\/r200\/d6a97040\/20211106_130349_.jpg?v=63807521032 200w, \/uploads\/fotos\/r400\/d6a97040\/20211106_130349_.jpg?v=63807521032 400w, \/uploads\/fotos\/r600\/d6a97040\/20211106_130349_.jpg?v=63807521032 600w, \/uploads\/fotos\/r800\/d6a97040\/20211106_130349_.jpg?v=63807521032 800w, \/uploads\/fotos\/r1000\/d6a97040\/20211106_130349_.jpg?v=63807521032 1000w, \/uploads\/fotos\/r1500\/d6a97040\/20211106_130349_.jpg?v=63807521032 1500w, \/uploads\/fotos\/r2000\/d6a97040\/20211106_130349_.jpg?v=63807521032 2000w\" \/><\/div><figcaption class=\"figure-caption\">\n<div class=\"row justify-content-end d-flex\">\n<div class=\"pie\">Cartel visto en una concentraci\u00f3n organizada por la Escuela Popular La Prospe (noviembre de 2021)<span class=\"autores\"><span class=\"autor minimo\"><a title=\"Ver a: Desarma Madrid\" href=\"https:\/\/www.elsaltodiario.com\/autor\/desarma-madrid\">DESARMA MADRID<\/a><\/span><\/span><\/div>\n<\/div>\n<\/figcaption><\/figure>\n<p>&nbsp;<\/p>\n<p class=\"Textbody\"><b>Militarizaci\u00f3n progresiva de la vida civil<\/b><\/p>\n<p class=\"Textbody\">El hecho de que el gasto oculto del Ministerio de Defensa duplique al gasto oficial demuestra que la mayor\u00eda de los ministerios, comunidades, ayuntamientos y otros organismos oficiales est\u00e1n parasitados por el militarismo. Adem\u00e1s de la militarizaci\u00f3n de una parte de la econom\u00eda, los cada vez m\u00e1s frecuentes convenios del Ministerio de la Guerra con universidades y Ministerio de Educaci\u00f3n nos muestra su infiltraci\u00f3n en la investigaci\u00f3n y la cultura. La militarizaci\u00f3n llega tambi\u00e9n a la banca, que al parecer saca tambi\u00e9n buenos r\u00e9ditos financiando la fabricaci\u00f3n de armamento, incluso de armas nucleares, que sin su ayuda no podr\u00edan fabricarse. Uno de los hechos m\u00e1s relevantes que muestra la militarizaci\u00f3n de la vida civil es la UME (Unidad Militar de Emergencias), no tanto por su volumen de trabajo, seg\u00fan algunos expertos escaso y de baja calidad, sino por la enorme propaganda que supone para lavar la cara a un ej\u00e9rcito que solo sabe comportarse ante las c\u00e1maras. El hecho de que sigan reclamando militares como rastreadores es una demostraci\u00f3n palpable de una de las m\u00e1ximas de Desarma Madrid: sobran militares y falta personal sanitario.<\/p>\n<p class=\"Textbody\">\u00bfCu\u00e1nto se gastar\u00e1 en 2022 el gobierno en tener contento y engrasado el Ministerio de la Guerra? Quiz\u00e1 lo podamos saber dentro de 50 a\u00f1os cuando se desclasifiquen sus papeles secretos. Mientras tanto, lean, sumen gastos, investiguen\u2026 pero, eso s\u00ed, con cuidado, que al honor militar espa\u00f1ol seguro que tampoco le gusta que se aireen sus verg\u00fcenzas. Recordemos a Julian Assange o a Luis Gonzalo Segura.<\/p>\n<blockquote><p>Que sigan reclamando militares como rastreadores es una demostraci\u00f3n palpable de una de las m\u00e1ximas de Desarma Madrid: sobran militares y falta personal sanitario<\/p>\n<div class=\"compartir\">\n<div class=\"link-rs\">\n<div><\/div>\n<\/div>\n<\/div>\n<\/blockquote>\n<p>No es tan importante la cantidad exacta\u00a0que sea lo que supone el Gasto Militar real del Estado espa\u00f1ol. Esa la saben en el Gobierno. Lo m\u00e1s significativo es la ocultaci\u00f3n en otros ministerios, algo que se ha hecho siempre, pero que el gobierno m\u00e1s progresista no deber\u00eda consentirlo. \u00bfO es que siente verg\u00fcenza de que se sepa la cantidad real invertida?<\/p>\n<\/div>\n<div><\/div>\n","protected":false},"excerpt":{"rendered":"<p>\u00bfEl Gasto Militar en los PGE es real? Mucho nos tememos que no. Por Enrique Quintanilla Alboreca y Ovidio Bustillo Garc\u00eda Despu\u00e9s de los t\u00edpicos tira y afloja parece que el pr\u00f3ximo 28 de diciembre, d\u00eda de los Santos Inocentes,&hellip;<\/p>\n","protected":false},"author":1681,"featured_media":1494639,"comment_status":"closed","ping_status":"closed","sticky":false,"template":"","format":"standard","meta":{"footnotes":""},"categories":[66,1243],"tags":[11698,1065,1066,55181],"class_list":["post-1494633","post","type-post","status-publish","format-standard","has-post-thumbnail","hentry","category-europa-es","category-paz-desarme","tag-antimilitarismo-es","tag-espana","tag-gasto-militar","tag-presupuestos-generales"],"yoast_head":"<!-- This site is optimized with the Yoast SEO plugin v27.1.1 - https:\/\/yoast.com\/product\/yoast-seo-wordpress\/ -->\n<title>Espa\u00f1a: Gasto Militar y Presupuestos Generales del Estado, lo que se ve y lo que no<\/title>\n<meta name=\"description\" content=\"\u00bfEl Gasto Militar en los PGE es real? Mucho nos tememos que no. Por Enrique Quintanilla Alboreca y Ovidio Bustillo Garc\u00eda Despu\u00e9s de los t\u00edpicos tira y\" \/>\n<meta name=\"robots\" content=\"index, follow, max-snippet:-1, max-image-preview:large, max-video-preview:-1\" \/>\n<link rel=\"canonical\" href=\"https:\/\/www.pressenza.com\/es\/2021\/12\/espana-gasto-militar-y-presupuestos-generales-del-estado-lo-que-se-ve-y-lo-que-no\/\" \/>\n<meta property=\"og:locale\" content=\"es_ES\" \/>\n<meta property=\"og:type\" content=\"article\" \/>\n<meta property=\"og:title\" content=\"Espa\u00f1a: Gasto Militar y Presupuestos Generales del Estado, lo que se ve y lo que no\" \/>\n<meta property=\"og:description\" content=\"\u00bfEl Gasto Militar en los PGE es real? Mucho nos tememos que no. Por Enrique Quintanilla Alboreca y Ovidio Bustillo Garc\u00eda Despu\u00e9s de los t\u00edpicos tira y\" \/>\n<meta property=\"og:url\" content=\"https:\/\/www.pressenza.com\/es\/2021\/12\/espana-gasto-militar-y-presupuestos-generales-del-estado-lo-que-se-ve-y-lo-que-no\/\" \/>\n<meta property=\"og:site_name\" content=\"Pressenza\" \/>\n<meta property=\"article:publisher\" content=\"https:\/\/www.facebook.com\/PressenzaItalia\" \/>\n<meta property=\"article:published_time\" content=\"2021-12-24T21:26:18+00:00\" \/>\n<meta property=\"og:image\" content=\"https:\/\/www.pressenza.com\/wp-content\/uploads\/2021\/12\/Protesta-antimilitarista-ante-el-Cuartel-General-del-Ejercito-noviembre-2021.jpg\" \/>\n\t<meta property=\"og:image:width\" content=\"2000\" \/>\n\t<meta property=\"og:image:height\" content=\"1500\" \/>\n\t<meta property=\"og:image:type\" content=\"image\/jpeg\" \/>\n<meta name=\"author\" content=\"Redacci\u00f3n Espa\u00f1a\" \/>\n<meta name=\"twitter:card\" content=\"summary_large_image\" \/>\n<meta name=\"twitter:creator\" content=\"@PressenzaIPA\" \/>\n<meta name=\"twitter:site\" content=\"@PressenzaIPA\" \/>\n<meta name=\"twitter:label1\" content=\"Escrito por\" \/>\n\t<meta name=\"twitter:data1\" content=\"Redacci\u00f3n Espa\u00f1a\" \/>\n\t<meta name=\"twitter:label2\" content=\"Tiempo de lectura\" \/>\n\t<meta name=\"twitter:data2\" content=\"7 minutos\" \/>\n<script type=\"application\/ld+json\" class=\"yoast-schema-graph\">{\"@context\":\"https:\/\/schema.org\",\"@graph\":[{\"@type\":\"Article\",\"@id\":\"https:\/\/www.pressenza.com\/es\/2021\/12\/espana-gasto-militar-y-presupuestos-generales-del-estado-lo-que-se-ve-y-lo-que-no\/#article\",\"isPartOf\":{\"@id\":\"https:\/\/www.pressenza.com\/es\/2021\/12\/espana-gasto-militar-y-presupuestos-generales-del-estado-lo-que-se-ve-y-lo-que-no\/\"},\"author\":{\"name\":\"Redacci\u00f3n Espa\u00f1a\",\"@id\":\"https:\/\/www.pressenza.com\/es\/#\/schema\/person\/fffbbe2f14495897417f313a954dae23\"},\"headline\":\"Espa\u00f1a: Gasto Militar y Presupuestos Generales del Estado, lo que se ve y lo que no\",\"datePublished\":\"2021-12-24T21:26:18+00:00\",\"mainEntityOfPage\":{\"@id\":\"https:\/\/www.pressenza.com\/es\/2021\/12\/espana-gasto-militar-y-presupuestos-generales-del-estado-lo-que-se-ve-y-lo-que-no\/\"},\"wordCount\":1320,\"publisher\":{\"@id\":\"https:\/\/www.pressenza.com\/es\/#organization\"},\"image\":{\"@id\":\"https:\/\/www.pressenza.com\/es\/2021\/12\/espana-gasto-militar-y-presupuestos-generales-del-estado-lo-que-se-ve-y-lo-que-no\/#primaryimage\"},\"thumbnailUrl\":\"https:\/\/www.pressenza.com\/wp-content\/uploads\/2021\/12\/Protesta-antimilitarista-ante-el-Cuartel-General-del-Ejercito-noviembre-2021.jpg\",\"keywords\":[\"antimilitarismo\",\"Espa\u00f1a\",\"gasto militar\",\"Presupuestos Generales\"],\"articleSection\":[\"Europa\",\"Paz y Desarme\"],\"inLanguage\":\"es\"},{\"@type\":\"WebPage\",\"@id\":\"https:\/\/www.pressenza.com\/es\/2021\/12\/espana-gasto-militar-y-presupuestos-generales-del-estado-lo-que-se-ve-y-lo-que-no\/\",\"url\":\"https:\/\/www.pressenza.com\/es\/2021\/12\/espana-gasto-militar-y-presupuestos-generales-del-estado-lo-que-se-ve-y-lo-que-no\/\",\"name\":\"Espa\u00f1a: Gasto Militar y Presupuestos Generales del Estado, lo que se ve y lo que no\",\"isPartOf\":{\"@id\":\"https:\/\/www.pressenza.com\/es\/#website\"},\"primaryImageOfPage\":{\"@id\":\"https:\/\/www.pressenza.com\/es\/2021\/12\/espana-gasto-militar-y-presupuestos-generales-del-estado-lo-que-se-ve-y-lo-que-no\/#primaryimage\"},\"image\":{\"@id\":\"https:\/\/www.pressenza.com\/es\/2021\/12\/espana-gasto-militar-y-presupuestos-generales-del-estado-lo-que-se-ve-y-lo-que-no\/#primaryimage\"},\"thumbnailUrl\":\"https:\/\/www.pressenza.com\/wp-content\/uploads\/2021\/12\/Protesta-antimilitarista-ante-el-Cuartel-General-del-Ejercito-noviembre-2021.jpg\",\"datePublished\":\"2021-12-24T21:26:18+00:00\",\"description\":\"\u00bfEl Gasto Militar en los PGE es real? Mucho nos tememos que no. Por Enrique Quintanilla Alboreca y Ovidio Bustillo Garc\u00eda Despu\u00e9s de los t\u00edpicos tira y\",\"breadcrumb\":{\"@id\":\"https:\/\/www.pressenza.com\/es\/2021\/12\/espana-gasto-militar-y-presupuestos-generales-del-estado-lo-que-se-ve-y-lo-que-no\/#breadcrumb\"},\"inLanguage\":\"es\",\"potentialAction\":[{\"@type\":\"ReadAction\",\"target\":[\"https:\/\/www.pressenza.com\/es\/2021\/12\/espana-gasto-militar-y-presupuestos-generales-del-estado-lo-que-se-ve-y-lo-que-no\/\"]}]},{\"@type\":\"ImageObject\",\"inLanguage\":\"es\",\"@id\":\"https:\/\/www.pressenza.com\/es\/2021\/12\/espana-gasto-militar-y-presupuestos-generales-del-estado-lo-que-se-ve-y-lo-que-no\/#primaryimage\",\"url\":\"https:\/\/www.pressenza.com\/wp-content\/uploads\/2021\/12\/Protesta-antimilitarista-ante-el-Cuartel-General-del-Ejercito-noviembre-2021.jpg\",\"contentUrl\":\"https:\/\/www.pressenza.com\/wp-content\/uploads\/2021\/12\/Protesta-antimilitarista-ante-el-Cuartel-General-del-Ejercito-noviembre-2021.jpg\",\"width\":2000,\"height\":1500},{\"@type\":\"BreadcrumbList\",\"@id\":\"https:\/\/www.pressenza.com\/es\/2021\/12\/espana-gasto-militar-y-presupuestos-generales-del-estado-lo-que-se-ve-y-lo-que-no\/#breadcrumb\",\"itemListElement\":[{\"@type\":\"ListItem\",\"position\":1,\"name\":\"Accueil\",\"item\":\"https:\/\/www.pressenza.com\/es\/\"},{\"@type\":\"ListItem\",\"position\":2,\"name\":\"Espa\u00f1a: Gasto Militar y Presupuestos Generales del Estado, lo que se ve y lo que no\"}]},{\"@type\":\"WebSite\",\"@id\":\"https:\/\/www.pressenza.com\/es\/#website\",\"url\":\"https:\/\/www.pressenza.com\/es\/\",\"name\":\"Pressenza\",\"description\":\"International Press Agency\",\"publisher\":{\"@id\":\"https:\/\/www.pressenza.com\/es\/#organization\"},\"potentialAction\":[{\"@type\":\"SearchAction\",\"target\":{\"@type\":\"EntryPoint\",\"urlTemplate\":\"https:\/\/www.pressenza.com\/es\/?s={search_term_string}\"},\"query-input\":{\"@type\":\"PropertyValueSpecification\",\"valueRequired\":true,\"valueName\":\"search_term_string\"}}],\"inLanguage\":\"es\"},{\"@type\":\"Organization\",\"@id\":\"https:\/\/www.pressenza.com\/es\/#organization\",\"name\":\"Pressenza\",\"url\":\"https:\/\/www.pressenza.com\/es\/\",\"logo\":{\"@type\":\"ImageObject\",\"inLanguage\":\"es\",\"@id\":\"https:\/\/www.pressenza.com\/es\/#\/schema\/logo\/image\/\",\"url\":\"https:\/\/www.pressenza.com\/wp-content\/uploads\/2022\/10\/pressenza_logo_200x200.jpg\",\"contentUrl\":\"https:\/\/www.pressenza.com\/wp-content\/uploads\/2022\/10\/pressenza_logo_200x200.jpg\",\"width\":200,\"height\":200,\"caption\":\"Pressenza\"},\"image\":{\"@id\":\"https:\/\/www.pressenza.com\/es\/#\/schema\/logo\/image\/\"},\"sameAs\":[\"https:\/\/www.facebook.com\/PressenzaItalia\",\"https:\/\/x.com\/PressenzaIPA\"]},{\"@type\":\"Person\",\"@id\":\"https:\/\/www.pressenza.com\/es\/#\/schema\/person\/fffbbe2f14495897417f313a954dae23\",\"name\":\"Redacci\u00f3n Espa\u00f1a\",\"url\":\"https:\/\/www.pressenza.com\/es\/author\/redaccion-espana\/\"}]}<\/script>\n<!-- \/ Yoast SEO plugin. -->","yoast_head_json":{"title":"Espa\u00f1a: Gasto Militar y Presupuestos Generales del Estado, lo que se ve y lo que no","description":"\u00bfEl Gasto Militar en los PGE es real? Mucho nos tememos que no. Por Enrique Quintanilla Alboreca y Ovidio Bustillo Garc\u00eda Despu\u00e9s de los t\u00edpicos tira y","robots":{"index":"index","follow":"follow","max-snippet":"max-snippet:-1","max-image-preview":"max-image-preview:large","max-video-preview":"max-video-preview:-1"},"canonical":"https:\/\/www.pressenza.com\/es\/2021\/12\/espana-gasto-militar-y-presupuestos-generales-del-estado-lo-que-se-ve-y-lo-que-no\/","og_locale":"es_ES","og_type":"article","og_title":"Espa\u00f1a: Gasto Militar y Presupuestos Generales del Estado, lo que se ve y lo que no","og_description":"\u00bfEl Gasto Militar en los PGE es real? Mucho nos tememos que no. Por Enrique Quintanilla Alboreca y Ovidio Bustillo Garc\u00eda Despu\u00e9s de los t\u00edpicos tira y","og_url":"https:\/\/www.pressenza.com\/es\/2021\/12\/espana-gasto-militar-y-presupuestos-generales-del-estado-lo-que-se-ve-y-lo-que-no\/","og_site_name":"Pressenza","article_publisher":"https:\/\/www.facebook.com\/PressenzaItalia","article_published_time":"2021-12-24T21:26:18+00:00","og_image":[{"width":2000,"height":1500,"url":"https:\/\/www.pressenza.com\/wp-content\/uploads\/2021\/12\/Protesta-antimilitarista-ante-el-Cuartel-General-del-Ejercito-noviembre-2021.jpg","type":"image\/jpeg"}],"author":"Redacci\u00f3n Espa\u00f1a","twitter_card":"summary_large_image","twitter_creator":"@PressenzaIPA","twitter_site":"@PressenzaIPA","twitter_misc":{"Escrito por":"Redacci\u00f3n Espa\u00f1a","Tiempo de lectura":"7 minutos"},"schema":{"@context":"https:\/\/schema.org","@graph":[{"@type":"Article","@id":"https:\/\/www.pressenza.com\/es\/2021\/12\/espana-gasto-militar-y-presupuestos-generales-del-estado-lo-que-se-ve-y-lo-que-no\/#article","isPartOf":{"@id":"https:\/\/www.pressenza.com\/es\/2021\/12\/espana-gasto-militar-y-presupuestos-generales-del-estado-lo-que-se-ve-y-lo-que-no\/"},"author":{"name":"Redacci\u00f3n Espa\u00f1a","@id":"https:\/\/www.pressenza.com\/es\/#\/schema\/person\/fffbbe2f14495897417f313a954dae23"},"headline":"Espa\u00f1a: Gasto Militar y Presupuestos Generales del Estado, lo que se ve y lo que no","datePublished":"2021-12-24T21:26:18+00:00","mainEntityOfPage":{"@id":"https:\/\/www.pressenza.com\/es\/2021\/12\/espana-gasto-militar-y-presupuestos-generales-del-estado-lo-que-se-ve-y-lo-que-no\/"},"wordCount":1320,"publisher":{"@id":"https:\/\/www.pressenza.com\/es\/#organization"},"image":{"@id":"https:\/\/www.pressenza.com\/es\/2021\/12\/espana-gasto-militar-y-presupuestos-generales-del-estado-lo-que-se-ve-y-lo-que-no\/#primaryimage"},"thumbnailUrl":"https:\/\/www.pressenza.com\/wp-content\/uploads\/2021\/12\/Protesta-antimilitarista-ante-el-Cuartel-General-del-Ejercito-noviembre-2021.jpg","keywords":["antimilitarismo","Espa\u00f1a","gasto militar","Presupuestos Generales"],"articleSection":["Europa","Paz y Desarme"],"inLanguage":"es"},{"@type":"WebPage","@id":"https:\/\/www.pressenza.com\/es\/2021\/12\/espana-gasto-militar-y-presupuestos-generales-del-estado-lo-que-se-ve-y-lo-que-no\/","url":"https:\/\/www.pressenza.com\/es\/2021\/12\/espana-gasto-militar-y-presupuestos-generales-del-estado-lo-que-se-ve-y-lo-que-no\/","name":"Espa\u00f1a: Gasto Militar y Presupuestos Generales del Estado, lo que se ve y lo que no","isPartOf":{"@id":"https:\/\/www.pressenza.com\/es\/#website"},"primaryImageOfPage":{"@id":"https:\/\/www.pressenza.com\/es\/2021\/12\/espana-gasto-militar-y-presupuestos-generales-del-estado-lo-que-se-ve-y-lo-que-no\/#primaryimage"},"image":{"@id":"https:\/\/www.pressenza.com\/es\/2021\/12\/espana-gasto-militar-y-presupuestos-generales-del-estado-lo-que-se-ve-y-lo-que-no\/#primaryimage"},"thumbnailUrl":"https:\/\/www.pressenza.com\/wp-content\/uploads\/2021\/12\/Protesta-antimilitarista-ante-el-Cuartel-General-del-Ejercito-noviembre-2021.jpg","datePublished":"2021-12-24T21:26:18+00:00","description":"\u00bfEl Gasto Militar en los PGE es real? Mucho nos tememos que no. Por Enrique Quintanilla Alboreca y Ovidio Bustillo Garc\u00eda Despu\u00e9s de los t\u00edpicos tira y","breadcrumb":{"@id":"https:\/\/www.pressenza.com\/es\/2021\/12\/espana-gasto-militar-y-presupuestos-generales-del-estado-lo-que-se-ve-y-lo-que-no\/#breadcrumb"},"inLanguage":"es","potentialAction":[{"@type":"ReadAction","target":["https:\/\/www.pressenza.com\/es\/2021\/12\/espana-gasto-militar-y-presupuestos-generales-del-estado-lo-que-se-ve-y-lo-que-no\/"]}]},{"@type":"ImageObject","inLanguage":"es","@id":"https:\/\/www.pressenza.com\/es\/2021\/12\/espana-gasto-militar-y-presupuestos-generales-del-estado-lo-que-se-ve-y-lo-que-no\/#primaryimage","url":"https:\/\/www.pressenza.com\/wp-content\/uploads\/2021\/12\/Protesta-antimilitarista-ante-el-Cuartel-General-del-Ejercito-noviembre-2021.jpg","contentUrl":"https:\/\/www.pressenza.com\/wp-content\/uploads\/2021\/12\/Protesta-antimilitarista-ante-el-Cuartel-General-del-Ejercito-noviembre-2021.jpg","width":2000,"height":1500},{"@type":"BreadcrumbList","@id":"https:\/\/www.pressenza.com\/es\/2021\/12\/espana-gasto-militar-y-presupuestos-generales-del-estado-lo-que-se-ve-y-lo-que-no\/#breadcrumb","itemListElement":[{"@type":"ListItem","position":1,"name":"Accueil","item":"https:\/\/www.pressenza.com\/es\/"},{"@type":"ListItem","position":2,"name":"Espa\u00f1a: Gasto Militar y Presupuestos Generales del Estado, lo que se ve y lo que no"}]},{"@type":"WebSite","@id":"https:\/\/www.pressenza.com\/es\/#website","url":"https:\/\/www.pressenza.com\/es\/","name":"Pressenza","description":"International Press Agency","publisher":{"@id":"https:\/\/www.pressenza.com\/es\/#organization"},"potentialAction":[{"@type":"SearchAction","target":{"@type":"EntryPoint","urlTemplate":"https:\/\/www.pressenza.com\/es\/?s={search_term_string}"},"query-input":{"@type":"PropertyValueSpecification","valueRequired":true,"valueName":"search_term_string"}}],"inLanguage":"es"},{"@type":"Organization","@id":"https:\/\/www.pressenza.com\/es\/#organization","name":"Pressenza","url":"https:\/\/www.pressenza.com\/es\/","logo":{"@type":"ImageObject","inLanguage":"es","@id":"https:\/\/www.pressenza.com\/es\/#\/schema\/logo\/image\/","url":"https:\/\/www.pressenza.com\/wp-content\/uploads\/2022\/10\/pressenza_logo_200x200.jpg","contentUrl":"https:\/\/www.pressenza.com\/wp-content\/uploads\/2022\/10\/pressenza_logo_200x200.jpg","width":200,"height":200,"caption":"Pressenza"},"image":{"@id":"https:\/\/www.pressenza.com\/es\/#\/schema\/logo\/image\/"},"sameAs":["https:\/\/www.facebook.com\/PressenzaItalia","https:\/\/x.com\/PressenzaIPA"]},{"@type":"Person","@id":"https:\/\/www.pressenza.com\/es\/#\/schema\/person\/fffbbe2f14495897417f313a954dae23","name":"Redacci\u00f3n Espa\u00f1a","url":"https:\/\/www.pressenza.com\/es\/author\/redaccion-espana\/"}]}},"place":"Madrid, Espa\u00f1a","original_article_url":"https:\/\/www.elsaltodiario.com\/planeta-desarmado\/gasto-militar-y-presupuestos-generales-del-estado-lo-que-se-ve-y-lo-que-no-","_links":{"self":[{"href":"https:\/\/www.pressenza.com\/es\/wp-json\/wp\/v2\/posts\/1494633","targetHints":{"allow":["GET"]}}],"collection":[{"href":"https:\/\/www.pressenza.com\/es\/wp-json\/wp\/v2\/posts"}],"about":[{"href":"https:\/\/www.pressenza.com\/es\/wp-json\/wp\/v2\/types\/post"}],"author":[{"embeddable":true,"href":"https:\/\/www.pressenza.com\/es\/wp-json\/wp\/v2\/users\/1681"}],"replies":[{"embeddable":true,"href":"https:\/\/www.pressenza.com\/es\/wp-json\/wp\/v2\/comments?post=1494633"}],"version-history":[{"count":0,"href":"https:\/\/www.pressenza.com\/es\/wp-json\/wp\/v2\/posts\/1494633\/revisions"}],"wp:featuredmedia":[{"embeddable":true,"href":"https:\/\/www.pressenza.com\/es\/wp-json\/wp\/v2\/media\/1494639"}],"wp:attachment":[{"href":"https:\/\/www.pressenza.com\/es\/wp-json\/wp\/v2\/media?parent=1494633"}],"wp:term":[{"taxonomy":"category","embeddable":true,"href":"https:\/\/www.pressenza.com\/es\/wp-json\/wp\/v2\/categories?post=1494633"},{"taxonomy":"post_tag","embeddable":true,"href":"https:\/\/www.pressenza.com\/es\/wp-json\/wp\/v2\/tags?post=1494633"}],"curies":[{"name":"wp","href":"https:\/\/api.w.org\/{rel}","templated":true}]}}