{"id":1494469,"date":"2021-12-24T20:42:35","date_gmt":"2021-12-24T20:42:35","guid":{"rendered":"https:\/\/www.pressenza.com\/?p=1494469"},"modified":"2021-12-25T12:13:54","modified_gmt":"2021-12-25T12:13:54","slug":"se-creera-dios","status":"publish","type":"post","link":"https:\/\/www.pressenza.com\/es\/2021\/12\/se-creera-dios\/","title":{"rendered":"\u00bfSe creer\u00e1 Dios?"},"content":{"rendered":"<p>Como cada 24 de diciembre \u2014fecha en la que los cristianos celebran la llegada de Dios*\u2014 la figura del rey, que nos dej\u00f3 la dictadura de Franco y que legaliz\u00f3 la Constituci\u00f3n del 78 para seguir perpetuando privilegios, se dirige a su pueblo. No es un dato menor que sea en Nochebuena y a la hora en que las familias se juntan a celebrar.<\/p>\n<p>Para facilitarlo, las cadenas p\u00fablicas de televisi\u00f3n y buena parte de las privadas estatales se prestan a acercar la figura del rey a sus s\u00fabditos, siguiendo por cierto la estela del dictador. Aclaramos que el Estado espa\u00f1ol se declara aconfesional seg\u00fan la Constituci\u00f3n vigente.<\/p>\n<p>Muchos reyes, emperadores, zares\u2026 se arrogaron durante miles de a\u00f1os la representaci\u00f3n de Dios en la tierra, para justificar su ejercicio del poder y ubicarse m\u00e1s all\u00e1 del bien y del mal.<\/p>\n<p>Tal emplazamiento no parece extra\u00f1o al actual rey de Espa\u00f1a, Felipe VI, y a su familia, especialmente al padre, el \u201cEm\u00e9rito\u201d. Desde tal ubicaci\u00f3n podr\u00edan explicarse las situaciones cada vez m\u00e1s esperp\u00e9nticas que estamos viviendo en el Reino de Espa\u00f1a.<\/p>\n<p>De comienzo, la existencia de la propia monarqu\u00eda en pleno siglo XXI, cuando menos, es anacr\u00f3nica. Y coincidir\u00e1n conmigo en que la figura de monarqu\u00eda parlamentaria, democr\u00e1tica, o como se la prefiera llamar, ha sido un juego hist\u00f3rico de ilusionismo en el mejor estilo <a href=\"https:\/\/es.wikipedia.org\/wiki\/Trile\" target=\"_blank\" rel=\"noopener\">trilero<\/a>, con el que se justifican y en el que se esconden los privilegios de ciertas familias, a las cuales han ido pegadas otras que las defienden y que se benefician de tal espect\u00e1culo, en el que siempre siempre pierde el p\u00fablico, es decir, el pueblo.<\/p>\n<p>Se trata de una instituci\u00f3n que, en su esencia, es antidemocr\u00e1tica y hoy antihist\u00f3rica. \u00bfC\u00f3mo seguir casando democracia con monarqu\u00edas y reyes? Imposible, m\u00e1s cuando se hace urgente una democracia directa que supere a la representativa.<\/p>\n<p>En este sentido, es conocido y de ello hemos ido dando cuenta en <a href=\"https:\/\/www.pressenza.com\/es\/tag\/monarquia\/\" target=\"_blank\" rel=\"noopener\">Pressenza<\/a>, del posicionamiento del actual Rey a favor de verdugos y en contra u olvid\u00e1ndose de las v\u00edctimas, especialmente cuando el pueblo ha tratado de ejercer sus derechos democr\u00e1ticos\u2026 aunque en el discurso de hoy, haya tenido la suficiente destreza para no meterse en charcos, como lo ha hecho en otras ocasiones dando clases de democracia. Ha estado prudente, muy prudente, sabe lo que se est\u00e1 jugando.<\/p>\n<p>Pero habl\u00e1bamos del emplazamiento m\u00e1s all\u00e1 del bien y del mal de la actual Casa Real espa\u00f1ola, o lo que es igual, m\u00e1s all\u00e1 de la Ley.<\/p>\n<p>Cuando Juan Carlos I abdica en su hijo (2014), ya se sab\u00eda que era para evitar que los asuntos de corrupci\u00f3n en los que estaba metido salieran a la luz y pusieran en tela de juicio la instituci\u00f3n. Algo que se conoc\u00eda pese a que la prensa hubiera callado durante d\u00e9cadas con un silencio que termin\u00f3 siendo c\u00f3mplice.<\/p>\n<p>No fue posible y han ido apareciendo caso tras caso, con declaraciones p\u00fablicas de amantes beneficiadas y despechadas, polic\u00edas encarcelados, etc. en el mejor estilo folletinesco. El problema es que esto no es una novela, aunque las entregas nos hayan llegado por cap\u00edtulos.<\/p>\n<p>Recordamos que, cuando Juan Carlos I ten\u00eda que presentarse ante la Justicia, se fug\u00f3 a Abu Dabi -donde sigue viviendo a \u2018cuerpo de rey\u2019 a cargo de quienes le han ido haciendo regalos a cambio de negocios compartidos y con una seguridad pagada por todos los espa\u00f1oles, pero donde parece aburrirse despu\u00e9s de dos a\u00f1os y medio, queriendo volver a Espa\u00f1a. Algo que no se le ha facilitado posiblemente para no perjudicar a la familia y a quienes han permitido que su situaci\u00f3n de privilegio suceda. No debemos olvidar que el Em\u00e9rito no hubiera podido viajar sin el consentimiento necesario \u2014o la mirada hacia otro lado\u2014 del Gobierno actual y evidentemente de su hijo, Felipe VI, adem\u00e1s de otros actores imprescindibles.<\/p>\n<p>Tampoco queremos dejar de se\u00f1alar que, antes de esto, hab\u00edan sido juzgados tambi\u00e9n por corrupci\u00f3n la Infanta Cristina \u2014hermana del actual rey\u2014 y su marido I\u00f1aki Urdangarin, terminando \u00e9ste en la c\u00e1rcel en un r\u00e9gimen que ya querr\u00edan muchos presos para s\u00ed y disfrutando desde hace meses de seguir la condena en su casa. Todo ello, despu\u00e9s de un juicio en el que fueron defendidos por uno de los llamados \u201cpadres\u201d de la Constituci\u00f3n, la del 78, la que no quieren tocar pero que cada d\u00eda cuestiona un sector m\u00e1s grande de la poblaci\u00f3n. Hablamos de Miguel Roca Junyent. <em>\u00a1De aquellos barros, estos lodos!<\/em>, como se dice por aqu\u00ed.<\/p>\n<p>Y es que esta Justicia no es igual para todos, como la monarqu\u00eda parlamentaria no es democracia para nadie. Todo el armado est\u00e1 montado para beneficio de una minor\u00eda, la que maneja los hilos con el objetivo de seguir siendo intocables. Ser\u00e1 por eso y por los reclamos del pueblo, que hoy su Majestad ha llamado al \u201crespeto, el reconocimiento y la lealtad\u201d a la Constituci\u00f3n, la que le mantiene en el poder y la que permite que \u00e9l y su familia sigan siendo unos mantenidos de todos los espa\u00f1oles.<\/p>\n<p>Majestad, no nos d\u00e9 m\u00e1s lecciones; tiene tantas explicaciones por dar y tantas deudas con el pueblo de estos territorios que llaman Espa\u00f1a, que lo \u00fanico que podemos decir hoy, despu\u00e9s de su discurso navide\u00f1o y repitiendo lo que ya se le pidi\u00f3 en este medio, es: <strong><a href=\"https:\/\/www.pressenza.com\/es\/2017\/10\/vayase-majestad\/\" target=\"_blank\" rel=\"noopener\">\u00a1V\u00e1yase, Majestad!<\/a><\/strong><\/p>\n<p>&nbsp;<\/p>\n<p><strong><em>* PD. Para el ser humano de hoy, que est\u00e1 creciendo, Dios ya no est\u00e1 afuera, no est\u00e1 arriba, no juzga y castiga, no se ubica m\u00e1s all\u00e1 del bien y el mal. Dios est\u00e1 adentro de cada ser humano. Cada persona lleva en s\u00ed un dios encadenado que busca liberarse para transformar y liberar el mundo en el que vive. El proceso hist\u00f3rico nos lleva hacia tiempos nuevos y luminosos que superar\u00e1n el momento actual. Y desde aqu\u00ed, apostamos por la construcci\u00f3n de tal futuro. <\/em><\/strong><\/p>\n","protected":false},"excerpt":{"rendered":"<p>Como cada 24 de diciembre \u2014fecha en la que los cristianos celebran la llegada de Dios*\u2014 la figura del rey, que nos dej\u00f3 la dictadura de Franco y que legaliz\u00f3 la Constituci\u00f3n del 78 para seguir perpetuando privilegios, se dirige&hellip;<\/p>\n","protected":false},"author":188,"featured_media":1494672,"comment_status":"closed","ping_status":"closed","sticky":false,"template":"","format":"standard","meta":{"footnotes":""},"categories":[11389,161,74],"tags":[696,1065,5511,2867,806],"class_list":["post-1494469","post","type-post","status-publish","format-standard","has-post-thumbnail","hentry","category-contenido-original","category-opiniones","category-politica-es","tag-democracia","tag-espana","tag-monarquia","tag-referendum-es","tag-republica"],"yoast_head":"<!-- This site is optimized with the Yoast SEO plugin v27.1.1 - https:\/\/yoast.com\/product\/yoast-seo-wordpress\/ -->\n<title>\u00bfSe creer\u00e1 Dios?<\/title>\n<meta name=\"description\" content=\"Como cada 24 de diciembre \u2014fecha en la que los cristianos celebran la llegada de Dios*\u2014 la figura del rey, que nos dej\u00f3 la dictadura de Franco y que\" \/>\n<meta name=\"robots\" content=\"index, follow, max-snippet:-1, max-image-preview:large, max-video-preview:-1\" \/>\n<link rel=\"canonical\" href=\"https:\/\/www.pressenza.com\/es\/2021\/12\/se-creera-dios\/\" \/>\n<meta property=\"og:locale\" content=\"es_ES\" \/>\n<meta property=\"og:type\" content=\"article\" \/>\n<meta property=\"og:title\" content=\"\u00bfSe creer\u00e1 Dios?\" \/>\n<meta property=\"og:description\" content=\"Como cada 24 de diciembre \u2014fecha en la que los cristianos celebran la llegada de Dios*\u2014 la figura del rey, que nos dej\u00f3 la dictadura de Franco y que\" \/>\n<meta property=\"og:url\" content=\"https:\/\/www.pressenza.com\/es\/2021\/12\/se-creera-dios\/\" \/>\n<meta property=\"og:site_name\" content=\"Pressenza\" \/>\n<meta property=\"article:publisher\" content=\"https:\/\/www.facebook.com\/PressenzaItalia\" \/>\n<meta property=\"article:published_time\" content=\"2021-12-24T20:42:35+00:00\" \/>\n<meta property=\"article:modified_time\" content=\"2021-12-25T12:13:54+00:00\" \/>\n<meta property=\"og:image\" content=\"https:\/\/www.pressenza.com\/wp-content\/uploads\/2021\/12\/8DCEF95D-CDA5-4A8D-BE7A-2A4189386FF3.jpeg\" \/>\n\t<meta property=\"og:image:width\" content=\"1570\" \/>\n\t<meta property=\"og:image:height\" content=\"686\" \/>\n\t<meta property=\"og:image:type\" content=\"image\/jpeg\" \/>\n<meta name=\"author\" content=\"Gabriela Amaya\" \/>\n<meta name=\"twitter:card\" content=\"summary_large_image\" \/>\n<meta name=\"twitter:creator\" content=\"@PressenzaIPA\" \/>\n<meta name=\"twitter:site\" content=\"@PressenzaIPA\" \/>\n<meta name=\"twitter:label1\" content=\"Escrito por\" \/>\n\t<meta name=\"twitter:data1\" content=\"Gabriela Amaya\" \/>\n\t<meta name=\"twitter:label2\" content=\"Tiempo de lectura\" \/>\n\t<meta name=\"twitter:data2\" content=\"5 minutos\" \/>\n<script type=\"application\/ld+json\" class=\"yoast-schema-graph\">{\"@context\":\"https:\/\/schema.org\",\"@graph\":[{\"@type\":\"Article\",\"@id\":\"https:\/\/www.pressenza.com\/es\/2021\/12\/se-creera-dios\/#article\",\"isPartOf\":{\"@id\":\"https:\/\/www.pressenza.com\/es\/2021\/12\/se-creera-dios\/\"},\"author\":{\"name\":\"Gabriela Amaya\",\"@id\":\"https:\/\/www.pressenza.com\/es\/#\/schema\/person\/725d47ccbea4c7854f7dd4011b6670b9\"},\"headline\":\"\u00bfSe creer\u00e1 Dios?\",\"datePublished\":\"2021-12-24T20:42:35+00:00\",\"dateModified\":\"2021-12-25T12:13:54+00:00\",\"mainEntityOfPage\":{\"@id\":\"https:\/\/www.pressenza.com\/es\/2021\/12\/se-creera-dios\/\"},\"wordCount\":1050,\"publisher\":{\"@id\":\"https:\/\/www.pressenza.com\/es\/#organization\"},\"image\":{\"@id\":\"https:\/\/www.pressenza.com\/es\/2021\/12\/se-creera-dios\/#primaryimage\"},\"thumbnailUrl\":\"https:\/\/www.pressenza.com\/wp-content\/uploads\/2021\/12\/8DCEF95D-CDA5-4A8D-BE7A-2A4189386FF3.jpeg\",\"keywords\":[\"Democracia\",\"Espa\u00f1a\",\"monarqu\u00eda\",\"referendum\",\"Rep\u00fablica\"],\"articleSection\":[\"Contenido Original\",\"Opiniones\",\"Pol\u00edtica\"],\"inLanguage\":\"es\"},{\"@type\":\"WebPage\",\"@id\":\"https:\/\/www.pressenza.com\/es\/2021\/12\/se-creera-dios\/\",\"url\":\"https:\/\/www.pressenza.com\/es\/2021\/12\/se-creera-dios\/\",\"name\":\"\u00bfSe creer\u00e1 Dios?\",\"isPartOf\":{\"@id\":\"https:\/\/www.pressenza.com\/es\/#website\"},\"primaryImageOfPage\":{\"@id\":\"https:\/\/www.pressenza.com\/es\/2021\/12\/se-creera-dios\/#primaryimage\"},\"image\":{\"@id\":\"https:\/\/www.pressenza.com\/es\/2021\/12\/se-creera-dios\/#primaryimage\"},\"thumbnailUrl\":\"https:\/\/www.pressenza.com\/wp-content\/uploads\/2021\/12\/8DCEF95D-CDA5-4A8D-BE7A-2A4189386FF3.jpeg\",\"datePublished\":\"2021-12-24T20:42:35+00:00\",\"dateModified\":\"2021-12-25T12:13:54+00:00\",\"description\":\"Como cada 24 de diciembre \u2014fecha en la que los cristianos celebran la llegada de Dios*\u2014 la figura del rey, que nos dej\u00f3 la dictadura de Franco y que\",\"breadcrumb\":{\"@id\":\"https:\/\/www.pressenza.com\/es\/2021\/12\/se-creera-dios\/#breadcrumb\"},\"inLanguage\":\"es\",\"potentialAction\":[{\"@type\":\"ReadAction\",\"target\":[\"https:\/\/www.pressenza.com\/es\/2021\/12\/se-creera-dios\/\"]}]},{\"@type\":\"ImageObject\",\"inLanguage\":\"es\",\"@id\":\"https:\/\/www.pressenza.com\/es\/2021\/12\/se-creera-dios\/#primaryimage\",\"url\":\"https:\/\/www.pressenza.com\/wp-content\/uploads\/2021\/12\/8DCEF95D-CDA5-4A8D-BE7A-2A4189386FF3.jpeg\",\"contentUrl\":\"https:\/\/www.pressenza.com\/wp-content\/uploads\/2021\/12\/8DCEF95D-CDA5-4A8D-BE7A-2A4189386FF3.jpeg\",\"width\":1570,\"height\":686},{\"@type\":\"BreadcrumbList\",\"@id\":\"https:\/\/www.pressenza.com\/es\/2021\/12\/se-creera-dios\/#breadcrumb\",\"itemListElement\":[{\"@type\":\"ListItem\",\"position\":1,\"name\":\"Accueil\",\"item\":\"https:\/\/www.pressenza.com\/es\/\"},{\"@type\":\"ListItem\",\"position\":2,\"name\":\"\u00bfSe creer\u00e1 Dios?\"}]},{\"@type\":\"WebSite\",\"@id\":\"https:\/\/www.pressenza.com\/es\/#website\",\"url\":\"https:\/\/www.pressenza.com\/es\/\",\"name\":\"Pressenza\",\"description\":\"International Press Agency\",\"publisher\":{\"@id\":\"https:\/\/www.pressenza.com\/es\/#organization\"},\"potentialAction\":[{\"@type\":\"SearchAction\",\"target\":{\"@type\":\"EntryPoint\",\"urlTemplate\":\"https:\/\/www.pressenza.com\/es\/?s={search_term_string}\"},\"query-input\":{\"@type\":\"PropertyValueSpecification\",\"valueRequired\":true,\"valueName\":\"search_term_string\"}}],\"inLanguage\":\"es\"},{\"@type\":\"Organization\",\"@id\":\"https:\/\/www.pressenza.com\/es\/#organization\",\"name\":\"Pressenza\",\"url\":\"https:\/\/www.pressenza.com\/es\/\",\"logo\":{\"@type\":\"ImageObject\",\"inLanguage\":\"es\",\"@id\":\"https:\/\/www.pressenza.com\/es\/#\/schema\/logo\/image\/\",\"url\":\"https:\/\/www.pressenza.com\/wp-content\/uploads\/2022\/10\/pressenza_logo_200x200.jpg\",\"contentUrl\":\"https:\/\/www.pressenza.com\/wp-content\/uploads\/2022\/10\/pressenza_logo_200x200.jpg\",\"width\":200,\"height\":200,\"caption\":\"Pressenza\"},\"image\":{\"@id\":\"https:\/\/www.pressenza.com\/es\/#\/schema\/logo\/image\/\"},\"sameAs\":[\"https:\/\/www.facebook.com\/PressenzaItalia\",\"https:\/\/x.com\/PressenzaIPA\"]},{\"@type\":\"Person\",\"@id\":\"https:\/\/www.pressenza.com\/es\/#\/schema\/person\/725d47ccbea4c7854f7dd4011b6670b9\",\"name\":\"Gabriela Amaya\",\"description\":\"Editor in Spanish, Gabriel Amaya has worked in radio and written press and years ago decided to develop her journalistic work as a professional volunteer at the service of peace and nonviolence. She is also involved with different collectives and platforms which she supports with her journalism.\",\"url\":\"https:\/\/www.pressenza.com\/es\/author\/gabriela-amaya\/\"}]}<\/script>\n<!-- \/ Yoast SEO plugin. -->","yoast_head_json":{"title":"\u00bfSe creer\u00e1 Dios?","description":"Como cada 24 de diciembre \u2014fecha en la que los cristianos celebran la llegada de Dios*\u2014 la figura del rey, que nos dej\u00f3 la dictadura de Franco y que","robots":{"index":"index","follow":"follow","max-snippet":"max-snippet:-1","max-image-preview":"max-image-preview:large","max-video-preview":"max-video-preview:-1"},"canonical":"https:\/\/www.pressenza.com\/es\/2021\/12\/se-creera-dios\/","og_locale":"es_ES","og_type":"article","og_title":"\u00bfSe creer\u00e1 Dios?","og_description":"Como cada 24 de diciembre \u2014fecha en la que los cristianos celebran la llegada de Dios*\u2014 la figura del rey, que nos dej\u00f3 la dictadura de Franco y que","og_url":"https:\/\/www.pressenza.com\/es\/2021\/12\/se-creera-dios\/","og_site_name":"Pressenza","article_publisher":"https:\/\/www.facebook.com\/PressenzaItalia","article_published_time":"2021-12-24T20:42:35+00:00","article_modified_time":"2021-12-25T12:13:54+00:00","og_image":[{"width":1570,"height":686,"url":"https:\/\/www.pressenza.com\/wp-content\/uploads\/2021\/12\/8DCEF95D-CDA5-4A8D-BE7A-2A4189386FF3.jpeg","type":"image\/jpeg"}],"author":"Gabriela Amaya","twitter_card":"summary_large_image","twitter_creator":"@PressenzaIPA","twitter_site":"@PressenzaIPA","twitter_misc":{"Escrito por":"Gabriela Amaya","Tiempo de lectura":"5 minutos"},"schema":{"@context":"https:\/\/schema.org","@graph":[{"@type":"Article","@id":"https:\/\/www.pressenza.com\/es\/2021\/12\/se-creera-dios\/#article","isPartOf":{"@id":"https:\/\/www.pressenza.com\/es\/2021\/12\/se-creera-dios\/"},"author":{"name":"Gabriela Amaya","@id":"https:\/\/www.pressenza.com\/es\/#\/schema\/person\/725d47ccbea4c7854f7dd4011b6670b9"},"headline":"\u00bfSe creer\u00e1 Dios?","datePublished":"2021-12-24T20:42:35+00:00","dateModified":"2021-12-25T12:13:54+00:00","mainEntityOfPage":{"@id":"https:\/\/www.pressenza.com\/es\/2021\/12\/se-creera-dios\/"},"wordCount":1050,"publisher":{"@id":"https:\/\/www.pressenza.com\/es\/#organization"},"image":{"@id":"https:\/\/www.pressenza.com\/es\/2021\/12\/se-creera-dios\/#primaryimage"},"thumbnailUrl":"https:\/\/www.pressenza.com\/wp-content\/uploads\/2021\/12\/8DCEF95D-CDA5-4A8D-BE7A-2A4189386FF3.jpeg","keywords":["Democracia","Espa\u00f1a","monarqu\u00eda","referendum","Rep\u00fablica"],"articleSection":["Contenido Original","Opiniones","Pol\u00edtica"],"inLanguage":"es"},{"@type":"WebPage","@id":"https:\/\/www.pressenza.com\/es\/2021\/12\/se-creera-dios\/","url":"https:\/\/www.pressenza.com\/es\/2021\/12\/se-creera-dios\/","name":"\u00bfSe creer\u00e1 Dios?","isPartOf":{"@id":"https:\/\/www.pressenza.com\/es\/#website"},"primaryImageOfPage":{"@id":"https:\/\/www.pressenza.com\/es\/2021\/12\/se-creera-dios\/#primaryimage"},"image":{"@id":"https:\/\/www.pressenza.com\/es\/2021\/12\/se-creera-dios\/#primaryimage"},"thumbnailUrl":"https:\/\/www.pressenza.com\/wp-content\/uploads\/2021\/12\/8DCEF95D-CDA5-4A8D-BE7A-2A4189386FF3.jpeg","datePublished":"2021-12-24T20:42:35+00:00","dateModified":"2021-12-25T12:13:54+00:00","description":"Como cada 24 de diciembre \u2014fecha en la que los cristianos celebran la llegada de Dios*\u2014 la figura del rey, que nos dej\u00f3 la dictadura de Franco y que","breadcrumb":{"@id":"https:\/\/www.pressenza.com\/es\/2021\/12\/se-creera-dios\/#breadcrumb"},"inLanguage":"es","potentialAction":[{"@type":"ReadAction","target":["https:\/\/www.pressenza.com\/es\/2021\/12\/se-creera-dios\/"]}]},{"@type":"ImageObject","inLanguage":"es","@id":"https:\/\/www.pressenza.com\/es\/2021\/12\/se-creera-dios\/#primaryimage","url":"https:\/\/www.pressenza.com\/wp-content\/uploads\/2021\/12\/8DCEF95D-CDA5-4A8D-BE7A-2A4189386FF3.jpeg","contentUrl":"https:\/\/www.pressenza.com\/wp-content\/uploads\/2021\/12\/8DCEF95D-CDA5-4A8D-BE7A-2A4189386FF3.jpeg","width":1570,"height":686},{"@type":"BreadcrumbList","@id":"https:\/\/www.pressenza.com\/es\/2021\/12\/se-creera-dios\/#breadcrumb","itemListElement":[{"@type":"ListItem","position":1,"name":"Accueil","item":"https:\/\/www.pressenza.com\/es\/"},{"@type":"ListItem","position":2,"name":"\u00bfSe creer\u00e1 Dios?"}]},{"@type":"WebSite","@id":"https:\/\/www.pressenza.com\/es\/#website","url":"https:\/\/www.pressenza.com\/es\/","name":"Pressenza","description":"International Press Agency","publisher":{"@id":"https:\/\/www.pressenza.com\/es\/#organization"},"potentialAction":[{"@type":"SearchAction","target":{"@type":"EntryPoint","urlTemplate":"https:\/\/www.pressenza.com\/es\/?s={search_term_string}"},"query-input":{"@type":"PropertyValueSpecification","valueRequired":true,"valueName":"search_term_string"}}],"inLanguage":"es"},{"@type":"Organization","@id":"https:\/\/www.pressenza.com\/es\/#organization","name":"Pressenza","url":"https:\/\/www.pressenza.com\/es\/","logo":{"@type":"ImageObject","inLanguage":"es","@id":"https:\/\/www.pressenza.com\/es\/#\/schema\/logo\/image\/","url":"https:\/\/www.pressenza.com\/wp-content\/uploads\/2022\/10\/pressenza_logo_200x200.jpg","contentUrl":"https:\/\/www.pressenza.com\/wp-content\/uploads\/2022\/10\/pressenza_logo_200x200.jpg","width":200,"height":200,"caption":"Pressenza"},"image":{"@id":"https:\/\/www.pressenza.com\/es\/#\/schema\/logo\/image\/"},"sameAs":["https:\/\/www.facebook.com\/PressenzaItalia","https:\/\/x.com\/PressenzaIPA"]},{"@type":"Person","@id":"https:\/\/www.pressenza.com\/es\/#\/schema\/person\/725d47ccbea4c7854f7dd4011b6670b9","name":"Gabriela Amaya","description":"Editor in Spanish, Gabriel Amaya has worked in radio and written press and years ago decided to develop her journalistic work as a professional volunteer at the service of peace and nonviolence. She is also involved with different collectives and platforms which she supports with her journalism.","url":"https:\/\/www.pressenza.com\/es\/author\/gabriela-amaya\/"}]}},"place":"Reino de Espa\u00f1a","original_article_url":"","_links":{"self":[{"href":"https:\/\/www.pressenza.com\/es\/wp-json\/wp\/v2\/posts\/1494469","targetHints":{"allow":["GET"]}}],"collection":[{"href":"https:\/\/www.pressenza.com\/es\/wp-json\/wp\/v2\/posts"}],"about":[{"href":"https:\/\/www.pressenza.com\/es\/wp-json\/wp\/v2\/types\/post"}],"author":[{"embeddable":true,"href":"https:\/\/www.pressenza.com\/es\/wp-json\/wp\/v2\/users\/188"}],"replies":[{"embeddable":true,"href":"https:\/\/www.pressenza.com\/es\/wp-json\/wp\/v2\/comments?post=1494469"}],"version-history":[{"count":0,"href":"https:\/\/www.pressenza.com\/es\/wp-json\/wp\/v2\/posts\/1494469\/revisions"}],"wp:featuredmedia":[{"embeddable":true,"href":"https:\/\/www.pressenza.com\/es\/wp-json\/wp\/v2\/media\/1494672"}],"wp:attachment":[{"href":"https:\/\/www.pressenza.com\/es\/wp-json\/wp\/v2\/media?parent=1494469"}],"wp:term":[{"taxonomy":"category","embeddable":true,"href":"https:\/\/www.pressenza.com\/es\/wp-json\/wp\/v2\/categories?post=1494469"},{"taxonomy":"post_tag","embeddable":true,"href":"https:\/\/www.pressenza.com\/es\/wp-json\/wp\/v2\/tags?post=1494469"}],"curies":[{"name":"wp","href":"https:\/\/api.w.org\/{rel}","templated":true}]}}