{"id":1488297,"date":"2021-12-15T12:55:10","date_gmt":"2021-12-15T12:55:10","guid":{"rendered":"https:\/\/www.pressenza.com\/?p=1488297"},"modified":"2021-12-15T12:55:10","modified_gmt":"2021-12-15T12:55:10","slug":"la-pasion-que-pusieron-para-detener-a-marcos-herrero-contrasta-con-la-que-pusieron-en-la-busqueda-de-mi-mama","status":"publish","type":"post","link":"https:\/\/www.pressenza.com\/es\/2021\/12\/la-pasion-que-pusieron-para-detener-a-marcos-herrero-contrasta-con-la-que-pusieron-en-la-busqueda-de-mi-mama\/","title":{"rendered":"\u00abLa pasi\u00f3n que pusieron para detener a Marcos Herrero, contrasta con la que pusieron en la b\u00fasqueda de mi mam\u00e1\u00bb"},"content":{"rendered":"<p class=\"has-text-align-justify\" style=\"padding-left: 40px;\">Detenci\u00f3n del perito de R\u00edo Negro: los d\u00f3lares termosellados, la ropa de Facundo Castro con signos de violencia, la hip\u00f3tesis de la red de trata, el sesgo de los medios de comunicaci\u00f3n, los montajes jur\u00eddicos, el caso de Felipe Dur\u00e1n en Chile y el rol de las fiscal\u00edas en Argentina.<\/p>\n<p class=\"has-text-align-justify\">\u00abDesde el primer d\u00eda a nosotros la polic\u00eda de Mendoza nos quiso apartar de los allanamientos. Nos dec\u00edan que ac\u00e1 no pod\u00edamos estar, que iban a perimetrar todo. No quer\u00edan que veamos nada\u00bb, comenz\u00f3 recordando Mat\u00edas, el hijo de Viviana Luna, en referencia a los primeros allanamientos realizados por la polic\u00eda de Mendoza. \u00abEn cambio cuando lleg\u00f3 Marcos Herrero, nunca nos dijo que nos vayamos. Nunca se qued\u00f3 solo o vimos que se haya apartado intencionalmente para hacer algo raro. Y en esos allanamientos no est\u00e1bamos s\u00f3lo nosotros (familiares y Marcos). Hab\u00eda testigos. Y c\u00e1maras que todo el tiempo filmaban\u00bb, aclara Mat\u00edas en referencia a los dos allanamientos en los que particip\u00f3 Marcos. \u00abLa fiscal\u00eda es bastante hip\u00f3crita porque cuando le solicitamos traer a Marcos, nos respondieron que era dif\u00edcil y que iban a demorar entre ocho y diez meses. Sin embargo, ahora para ir a buscarlo a Viedma, a otra provincia, lo hicieron en un fin de semana. Y lo hicieron con una pasi\u00f3n que se contradice con la b\u00fasqueda de m\u00ed mam\u00e1\u00bb.<\/p>\n<p class=\"has-text-align-justify\">Hace casi seis a\u00f1os que Viviana Luna est\u00e1 desaparecida. En este tiempo, la fiscal\u00eda de Mendoza se ha limitado a seguir, de forma parcial, s\u00f3lo dos hip\u00f3tesis: la del suicidio y la de que Viviana Luna se fue por propia voluntad a otra provincia. Y este recorte o sesgo judicial se produce a pesar de que en el expediente existen datos concretos que vinculan a Viviana como v\u00edctima de una red de trata de personas con fines de explotaci\u00f3n sexual. Incluso a partir de estos mismos datos irrebatibles, la <a href=\"https:\/\/www.mpf.gob.ar\/protex\/\" target=\"_blank\" rel=\"noopener\">Procuradur\u00eda de Trata y Explotaci\u00f3n de Personas<\/a><strong> (Protex)<\/strong> dependiente del <strong>Ministerio P\u00fablico Fiscal de la Naci\u00f3n<\/strong> le exigi\u00f3 a la fiscal de la causa Claudia R\u00edos que respondiera una serie de preguntas al respecto que a\u00fan no han sido respondidas, incumpliendo (la fiscal) con su desempe\u00f1o como funcionaria p\u00fablica. \u00bfPor qu\u00e9 la fiscal\u00eda de Mendoza incumple con este deber? \u00bfPor qu\u00e9 la fiscal Claudia R\u00edos se niega, a pesar de hechos concretos, a seguir la hip\u00f3tesis de la red de trata? \u00bfPor qu\u00e9 la fiscal Claudia R\u00edos a\u00fan no le ha respondido a Andrea Bouzo (coordinadora del <strong>Comit\u00e9 Ejecutivo de Lucha contra la Trata y Explotaci\u00f3n de Personas<\/strong>)?<\/p>\n<p class=\"has-text-align-justify\">Por otro lado, si nos enfocamos en el sesgo comunicacional que proponen los medios de Mendoza y los medios masivos del pa\u00eds, nos encontramos con dos presupuestos en relaci\u00f3n a la labor de la fiscal\u00eda en la causa de Viviana Luna. Por un lado, se propone que todo lo que dice la fiscal\u00eda, por el s\u00f3lo hecho de ser un organismo institucional, est\u00e1 atravesado por la verdad, una verdad indiscutible, incapaz de ser puesta en tela de juicio (en el siguiente p\u00e1rrafo veremos tres casos concretos de casos de desaparici\u00f3n forzada en donde la fiscal\u00eda \u201cpierde\u201d o no contempla pruebas irrefutables). En segundo lugar, como segundo presupuesto, los medios de comunicaci\u00f3n se ocupan de una forma obvia y sesgada de mencionar s\u00f3lo los casos en los que Marcos Herrero tiene una participaci\u00f3n lejana, no tan activa o aquellas en la que los familiares (s\u00f3lo un caso) ponen en duda la labor de Marcos.<\/p>\n<p class=\"has-text-align-justify\">El periodista Ezequiel Ferreyra del diario mendocino \u00abEl Sol\u00bb en la nota titulada <a href=\"https:\/\/www.elsol.com.ar\/policiales\/la-detencion-de-marcos-herrero-escuchas-videos-y-huesos-plantados-en-el-caso-viviana-luna\/amp\" target=\"_blank\" rel=\"noopener\">\u201cLa detenci\u00f3n de Marcos Herrero: escuchas, videos y huesos plantados en el caso de Viviana Luna\u201d<\/a> (6 de diciembre de 2021) menciona dos veces la teor\u00eda del suicidio, aunque de forma breve, dirigiendo toda la atenci\u00f3n a el accionar de Marcos Herrero, colocando en segundo plano la b\u00fasqueda de Viviana, no haciendo una sola menci\u00f3n a la hip\u00f3tesis de la red de trata. Primer sesgo. En segundo lugar, y en este mismo sentido, en el diario \u201cLos Andes\u201d, en su art\u00edculo <a href=\"https:\/\/www.losandes.com.ar\/policiales\/el-polemico-adiestrador-de-perros-marcos-herrero-llego-a-mendoza-y-sera-imputado-manana\/\" target=\"_blank\" rel=\"noopener\">\u201cEl pol\u00e9mico adiestrador de perros Marcos Herrero lleg\u00f3 a Mendoza y ser\u00e1 imputado ma\u00f1ana\u201d<\/a> (6 de diciembre de 2021), menciona s\u00f3lo los casos de Santiago Maldonado, Facundo Astudillo Castro y Marcela L\u00f3pez, obviando sospechosamente los cinco casos en los que los familiares de las v\u00edctimas se han mostrado por estos d\u00edas (y que detallar\u00e9 en los p\u00e1rrafos siguientes) a favor de la labor de Marcos Herrero. Adem\u00e1s en este articulo \u2014que no tiene firma\u2014 se retoma la teor\u00eda de las cartas (y el suicidio) y al igual que en el diario \u00abEl Sol\u00bb se hace referencia al delito de estafa, cuando ni la familia de Viviana, ni la de Abigail, como tampoco la de Marcela L\u00f3pez, han realizado una denuncia en este sentido contra Marcos Herrero. Todo lo contrario, est\u00e1s familias han salido a exigir el cese de la persecuci\u00f3n jur\u00eddica y la inmediata liberaci\u00f3n de este perito. Segundo sesgo.<\/p>\n<div class=\"post-gallery\">\n\t\t\t<figure class=\"post-gallery-item\">\n\t\t\t\t<img decoding=\"async\" src=\"https:\/\/www.pressenza.com\/wp-content\/uploads\/2021\/12\/Captura-1-editada.jpg\" loading=\"lazy\">\n\t\t\t\t<figcaption>\n\t\t\t\t\t\n\t\t\t\t<\/figcaption>\n\t\t\t<\/figure>\n\t\t\t<figure class=\"post-gallery-item\">\n\t\t\t\t<img decoding=\"async\" src=\"https:\/\/www.pressenza.com\/wp-content\/uploads\/2021\/12\/captura-editada-2.jpg\" loading=\"lazy\">\n\t\t\t\t<figcaption>\n\t\t\t\t\t\n\t\t\t\t<\/figcaption>\n\t\t\t<\/figure>\n\t\t\t<figure class=\"post-gallery-item\">\n\t\t\t\t<img decoding=\"async\" src=\"https:\/\/www.pressenza.com\/wp-content\/uploads\/2021\/12\/captura-3.jpg\" loading=\"lazy\">\n\t\t\t\t<figcaption>\n\t\t\t\t\t\n\t\t\t\t<\/figcaption>\n\t\t\t<\/figure><\/div>\n<p class=\"has-text-align-justify\">Por otro lado, y en tercer lugar, como si fuera una copia calcada de los dos medios anteriores, \u201cLa opini\u00f3n Austral\u201d (diario de Santa Cruz), en su nota <a href=\"https:\/\/laopinionaustral.com.ar\/argentina\/marcos-herrero-preso-el-coleccionista-de-huesos-sigue-detenido-y-sera-imputado-443765.html\" target=\"_blank\" rel=\"noopener\">\u201cMarcos Herrero, preso: el coleccionista de huesos sigue detenido y ser\u00e1 imputado\u201d<\/a>, replica la acusaci\u00f3n de la estafa, las cartas de Viviana y la teor\u00eda del suicidio \u201ccomo la teor\u00eda principal del caso\u201d. Incluso en este art\u00edculo, que tampoco tiene firma, se establece que \u201cnada en estos a\u00f1os aport\u00f3 elementos para suponer otra cosa, ni siquiera los testimonios recopilados, sin embargo, no fue hasta que uno de sus hijos contrat\u00f3 a Herrero que la causa dio un giro y en menos de un d\u00eda apareci\u00f3 un cr\u00e1neo que el adiestrador atribuy\u00f3 a Viviana Luna\u201d, deslizando de est\u00e1 forma, tres presupuestos. Uno: que el hijo (Mat\u00edas) de Viviana Luna, actu\u00f3 deliberadamente y en complicidad con Marcos Herrero. Dos: que no existe ning\u00fan dato que vincule la desaparici\u00f3n de Viviana con una red de trata. Tres: que Marcos Herrero ese mismo d\u00eda del hallazgo, con s\u00f3lo mirar el hueso del cr\u00e1neo, pod\u00eda determinar que pertenec\u00eda a Viviana Luna. Tercer sesgo.<\/p>\n<div class=\"wp-block-jetpack-slideshow aligncenter\" data-effect=\"slide\" data-jetpack-block-initialized=\"true\">\n<div class=\"wp-block-jetpack-slideshow_container swiper-container swiper-container-initialized swiper-container-horizontal swiper-container-pointer-events wp-swiper-initialized\">\n<div class=\"post-gallery\">\n\t\t\t<figure class=\"post-gallery-item\">\n\t\t\t\t<img decoding=\"async\" src=\"https:\/\/www.pressenza.com\/wp-content\/uploads\/2021\/12\/captura-4.jpg\" loading=\"lazy\">\n\t\t\t\t<figcaption>\n\t\t\t\t\t\n\t\t\t\t<\/figcaption>\n\t\t\t<\/figure>\n\t\t\t<figure class=\"post-gallery-item\">\n\t\t\t\t<img decoding=\"async\" src=\"https:\/\/www.pressenza.com\/wp-content\/uploads\/2021\/12\/captura-5-editada.jpg\" loading=\"lazy\">\n\t\t\t\t<figcaption>\n\t\t\t\t\t\n\t\t\t\t<\/figcaption>\n\t\t\t<\/figure><\/div>\n<p>En cuarto lugar, el medio de Bah\u00eda Blanca \u201cLa Br\u00fajula 24\u201d, en su nota <a href=\"https:\/\/www.labrujula24.com\/notas\/2021\/12\/06\/el-perito-marcos-herrero-se-enfrenta-a-la-imputacion-por-varios-delitos-n177218\/\" target=\"_blank\" rel=\"noopener\">\u201cEl perito Marcos Herrero se enfrenta a la imputaci\u00f3n de varios delitos\u201d<\/a>, siguiendo la l\u00ednea de sus pares mendocinos, menciona la palabra \u201csuicidio\u201d y hace hincapi\u00e9 en el delito de \u201cestafa\u201d que es desarrollado en tres p\u00e1rrafos diferentes, replicando las palabras de Oscar Guill\u00e9n, periodista del diario \u00abLos Andes\u00bb, cuando afirma que \u201ca futuro m\u00e1s all\u00e1 de que quede detenido, me parece importante para que otras familias de v\u00edctimas no vayan a buscarlo y le genere falsas expectativas, porque es jugar con el dolor de la gente\u201d, explicitando directamente el deseo y las fundamentaci\u00f3n de todo este proceder jur\u00eddico\u2013medi\u00e1tico. Por un lado, se sabe de antemano que Marcos Herrero va a quedar libre aunque todo este accionar, de igual forma, puede colaborar para crear una mala imagen suya. Algo que resulta propicio y coincide con el objetivo de las causas armadas, montajes y presos pol\u00edticos: en muchos casos donde no se puede culpabilizar a la v\u00edctima de cargos altos, si se acierta un mensaje medi\u00e1tico efectivo que es establecido y difundido masivamente (<a href=\"https:\/\/www.pressenza.com\/es\/2017\/12\/felipe-duran-mostrar-desde-adentro-lo-realmente-pasa\/\" target=\"_blank\" rel=\"noopener\">en Chile al fotoperiodista Felipe Dur\u00e1n se lo inculp\u00f3 en 2015 de poseer un arsenal de armas de guerra en su casa. Luego de pasar nueve meses en un penal de Temuco se pudo comprobar que la causa era armada, incluso se logr\u00f3 comprobar que las municiones y las armas de guerra de alto calibre halladas en su domicilio fueron colocadas por los propios carabineros, como una forma de reducir, perseguir y disciplinar su labor period\u00edstico que mostraba y colocaba en evidencia el trato del Estado chileno en contra de las comunidades mapuche<\/a>). Por otro lado, se lo quiere desplazar y sacar de los escenarios en donde existan casos de desapariciones forzadas en la Argentina, muchos de ellos atravesados por la responsabilidad de integrantes de las fuerzas de seguridad nacional, el poder pol\u00edtico\u2013empresarial y las redes de trata. Cuarto sesgo.<\/p>\n<div class=\"post-gallery\">\n\t\t\t<figure class=\"post-gallery-item\">\n\t\t\t\t<img decoding=\"async\" src=\"https:\/\/www.pressenza.com\/wp-content\/uploads\/2021\/12\/Captura-6-editada.jpg\" loading=\"lazy\">\n\t\t\t\t<figcaption>\n\t\t\t\t\t\n\t\t\t\t<\/figcaption>\n\t\t\t<\/figure>\n\t\t\t<figure class=\"post-gallery-item\">\n\t\t\t\t<img decoding=\"async\" src=\"https:\/\/www.pressenza.com\/wp-content\/uploads\/2021\/12\/Captura-7-editada.jpg\" loading=\"lazy\">\n\t\t\t\t<figcaption>\n\t\t\t\t\t\n\t\t\t\t<\/figcaption>\n\t\t\t<\/figure><\/div>\n<p>Estos recursos argumentativos puestos en circulaci\u00f3n para fundamentar la culpabilidad de un hombre, utilizados desde el sesgo y el recorte comunicacional, ante la obviedad de la acci\u00f3n, se presentan, ante los ojos del p\u00fablico, inveros\u00edmiles y fundamentalmente inconducentes, por el simple hecho de que no contemplan \u2014como veremos a continuaci\u00f3\u2014, la voz de los familiares de casos como Carlos Painevil (desaparecido de Allen), Abigail Carniel (Mendoza), Facundo Castro (desaparecido en Buenos Aires), Micaela Ortega (Bah\u00eda Blanca), Marito Salto (Santiago del Estero), Araceli Fulles (Buenos Aires), Marcela L\u00f3pez (Santa Cruz) y la propia familia de Viviana Luna (Mendoza). Todos y cada uno de estos casos con la presencia y el trabajo activo de Marcos Herrero y sus canes, con resultados positivos y el hallazgo de pruebas esclarecedoras en cada una de las causas: nada m\u00e1s y nada menos que el cuerpo de las v\u00edctimas.<\/p>\n<div class=\"post-gallery\">\n\t\t\t<figure class=\"post-gallery-item\">\n\t\t\t\t<img decoding=\"async\" src=\"https:\/\/www.pressenza.com\/wp-content\/uploads\/2021\/12\/Captura-8-editada.jpg\" loading=\"lazy\">\n\t\t\t\t<figcaption>\n\t\t\t\t\t\n\t\t\t\t<\/figcaption>\n\t\t\t<\/figure>\n\t\t\t<figure class=\"post-gallery-item\">\n\t\t\t\t<img decoding=\"async\" src=\"https:\/\/www.pressenza.com\/wp-content\/uploads\/2021\/12\/captura-9.jpg\" loading=\"lazy\">\n\t\t\t\t<figcaption>\n\t\t\t\t\t\n\t\t\t\t<\/figcaption>\n\t\t\t<\/figure><\/div>\n<p>\u00abMarcos es una gran persona. S\u00faper humilde. Lo consideramos con m\u00ed familia s\u00faper sincero. No nos minti\u00f3 para nada. Desde un principio, hizo lo que pudo en el caso de m\u00ed hija. No dejaron que Marcos trabaje. Fue un impedimento del fiscal (Carlos Torres) que desde un principio nos dijo que no trabaj\u00e1ramos con \u00e9l\u00bb, me cuenta Ver\u00f3nica Carniel, mam\u00e1 de Abigail Carniel, desaparecida hace ocho meses en la provincia de Mendoza. \u00abNosotros lo vimos trabajar a Marcos. \u00a1Los perros corren solos! En ning\u00fan momento se ve a Marcos que vaya primero. Entonces, no tenemos nada para decir sobre Marcos, sobre su laburo. Si vimos que trabajo\u00bb, recalca Ver\u00f3nica. Un relato que se replica en la familia de Carlos Painevil. Su hermana, Claudia Painevil, asegura tambi\u00e9n que no tiene nada para cuestionar sobre el trabajo de Marcos. S\u00ed que a pesar de todos los hallazgos que aport\u00f3 en la causa, la misma sigue detenida, estancada. \u00abNo sirvi\u00f3 de mucho\u00bb, me afirm\u00f3 Claudia Painevil por tel\u00e9fono, explicando de este modo que hay una decisi\u00f3n, como en el caso de Abigail, de no investigar, de mantener la causa \u00abcajoneada\u00bb, de producir un desgaste en la familia. Hace casi diez a\u00f1os que Carlos Painevil est\u00e1 desaparecido. Y la familia s\u00f3lo tiene, como los mayores aportes, los elementos que encontr\u00f3 Marcos con sus perros: un cuchillo, un portalentes con el nombre \u00abCarlitos\u00bb, una soga.<\/p>\n<p class=\"has-text-align-justify\">\u00abNunca hay que olvidar que a Marcos Herrero le debemos la Ley Mica contra el Grooming (o ciberacoso)\u00bb, sentenci\u00f3 Cristina Castro en su visita a Buenos Aires con referencia a la labor del perito en el hallazgo del cuerpo de Micaela Ortega. Al respecto M\u00f3nica Cid, mam\u00e1 de Micaela Ortega, advierte indignada:<\/p>\n<p class=\"has-text-align-justify\">\u00abMarcos Dar\u00edo Herrero y su perro Duke, encontraron el cuerpo de mi hija, Micaela Aldana Ortega. Yo no estaba esa noche, pero quienes s\u00ed estuvieron, me dijeron que fue incre\u00edble lo que hicieron. Estas son palabras del Secretario de Seguridad, Emiliano \u00c1lvarez Porte: \u2018\u2026el perro corri\u00f3 y se meti\u00f3 en un monte, eran arbustos bajos, casi imposible de ingresar. Duke ladraba y nosotros no ve\u00edamos nada porque el que ten\u00eda las linternas se hab\u00eda quedado m\u00e1s atr\u00e1s, pero cuando alumbraron el perro estaba junto a Mica y yo parado al lado\u2026\u2019 8 meses despu\u00e9s Marcos volvi\u00f3 con otro perro para ayudarme a recorrer el lugar donde estaba mi hija (esto s\u00ed, no me lo cont\u00f3 nadie, yo estaba ah\u00ed), en ese lugar de arbustos bajos, casi impenetrable, el perro enterr\u00f3 su hocico, giraba alrededor de algo. \u00a1No lo pod\u00edamos sacar para mirar! \u00bfY saben qu\u00e9? Eran las llaves de m\u00ed casa, que m\u00ed hija llevaba en su mochila, el d\u00eda que Jhonatan Omar Luna, decidi\u00f3 quitarle la vida y robar sus pertenencias. \u00a1Ah\u00ed estaban las cosas que faltaban, que la cient\u00edfica no encontr\u00f3! En el trayecto tambi\u00e9n se encontr\u00f3 la billetera del femicida y su cuchillo. \u00bfQu\u00e9 me dicen del trabajo inmenso que hizo Marcos?\u201d<\/p>\n<p><img loading=\"lazy\" decoding=\"async\" class=\"alignnone wp-image-1489168 size-full\" src=\"https:\/\/www.pressenza.com\/wp-content\/uploads\/2021\/12\/liberen.jpg\" alt=\"\" width=\"820\" height=\"657\" srcset=\"https:\/\/www.pressenza.com\/wp-content\/uploads\/2021\/12\/liberen.jpg 820w, https:\/\/www.pressenza.com\/wp-content\/uploads\/2021\/12\/liberen-300x240.jpg 300w\" sizes=\"auto, (max-width: 820px) 100vw, 820px\" \/><\/p>\n<p>&nbsp;<\/p>\n<p class=\"has-text-align-justify\">La propia fiscal\u00eda de Mendoza, medios como \u00abLos Andes\u00bb y periodistas como German Sasso nos quieren hacer creer que el malicioso es Marcos Herrero. Y por lo tanto, los familiares tambi\u00e9n dado que defienden y apoyan el accionar de este perito, como se les intenta endilgar a la familia de Viviana Luna o a la propia mam\u00e1 de Facundo, Cristina Castro, acus\u00e1ndolos de encubridores de Marcos o de ser culpables de \u00abperseguir otros fines\u00bb. \u00bfExiste algo m\u00e1s bajo y desleal que acusar a las propias familias de las v\u00edctimas de ser las responsables de los cr\u00edmenes que se perpetraron injustamente sobre sus hijos, madres, hermanos? \u00bfQu\u00e9 (meta)mensaje se intenta imponer en la sociedad? \u00bfEstablecer el presupuesto de que las fuerzas de seguridad y los integrantes de las fiscal\u00eda del pa\u00eds son buenos y fiables, que por lo tanto, no se equivocan (mucho menos encubren) y todo lo que ellos hagan es \u00abpalabra santa\u00bb?<\/p>\n<p class=\"has-text-align-justify\">En el caso de Sergio \u00c1valos (Neuqu\u00e9n) la fiscal Sandra Taboada perdi\u00f3 sospechosamente el \u00fanico video en donde se ve\u00eda a este joven neuquino ingresar (14 de junio de 2003) al boliche bailable \u201cLas Palmas\u201d, desde donde fue desaparecido por polic\u00edas y gendarmes de la provincia de Neuqu\u00e9n. Sergio \u00c1valos lleva casi 20 a\u00f1os desaparecido sin que haya ning\u00fan responsable procesado. El fiscal Ricardo Romero (involucrado en el caso \u00abManzanas Blancas\u00bb) perdi\u00f3 una campera azul que se encontr\u00f3 dentro del auto hallado, luego que desapareciera (el 2 de junio de 2012) Carlos Painevil misteriosamente de Allen, mientras que el auto \u2014una de las \u00fanicas pruebas del caso\u2014, permaneci\u00f3 casi 5 a\u00f1os en la agencia de taxis d\u00f3nde trabajaba Carlos. El auto estuvo (y todav\u00eda sigue estando) a la intemperie, lleno de tierra, sin ser resguardado como material probatorio. Carlos Painevil desapareci\u00f3 en la ruta de la coca\u00edna y el fracking hace diez a\u00f1os. A\u00fan no hay ning\u00fan responsable juzgado y, como en el caso de Viviana Luna, se intent\u00f3 imponer la teor\u00eda de que se fue solo, por propia voluntad. En el caso de Facundo Castro, la jueza Gabriela Marr\u00f3n, a pesar de saber que las \u00faltimas personas que estuvieron con Facundo fueron polic\u00edas de la bonaerense, que \u00e9stos mismos polic\u00edas borraron mensajes, audios y aplicaciones de sus tel\u00e9fonos, luego de producida la desaparici\u00f3n, que existen relaciones directas entre estos polic\u00edas y Roberto Carlos Berr\u00edos, un polic\u00eda que hostigaba y amedrentaba, con insultos y detenciones, a Facundo y a sus compa\u00f1eros del \u201cSemillero cultural\u201d (<a href=\"https:\/\/revistacitrica.com\/caso-facundo-castro-mas-pruebas-contra-la-bonaerense-y-la-federal.html\" target=\"_blank\" rel=\"noopener\">en esta exhaustiva cr\u00f3nica Adriana Meyer desarrolla este antecedente y la relaci\u00f3n del periodista German Sasso, director de \u00abLa Br\u00fajula 24\u00bb, Alberto Gonz\u00e1lez y Xiomara Flores, dos de los polic\u00edas sospechados de asesinar e intentar desaparecer a Facundo Castro<\/a>), las pericias que confirman que la ropa hallada dentro de la mochila tiene signos de violencia, decide desligar a la bonaerense y seguir la hip\u00f3tesis de accidente y de \u00abahogamiento involuntario\u00bb (30 de abril de 2020) por parte de Facundo Castro en un cangrejal donde en tiempos de aumento de caudal el agua con mucha profundidad puede alcanzar las rodillas de una persona (n\u00f3tese que no mencion\u00f3 los hallazgos de Marcos Herrero en la comisar\u00eda de Bah\u00eda Blanca). Constituyendo la misma teor\u00eda (y el cuarto caso) que hasta el d\u00eda de hoy se mantiene en la causa de Santiago Maldonado, en donde el juez Gustavo Lleral propuso que \u00e9ste joven se ahog\u00f3 solo (1 de agosto de 2017) en una vertiente de r\u00edo que tampoco supera los huesos de la rodilla.<\/p>\n<div class=\"post-gallery\">\n\t\t\t<figure class=\"post-gallery-item\">\n\t\t\t\t<img decoding=\"async\" src=\"https:\/\/www.pressenza.com\/wp-content\/uploads\/2021\/12\/WhatsApp-Image-2021-12-13-at-20.54.02-2.jpg\" loading=\"lazy\">\n\t\t\t\t<figcaption>\n\t\t\t\t\t\n\t\t\t\t<\/figcaption>\n\t\t\t<\/figure>\n\t\t\t<figure class=\"post-gallery-item\">\n\t\t\t\t<img decoding=\"async\" src=\"https:\/\/www.pressenza.com\/wp-content\/uploads\/2021\/12\/WhatsApp-Image-2021-12-13-at-20.54.02-1.jpg\" loading=\"lazy\">\n\t\t\t\t<figcaption>\n\t\t\t\t\t\n\t\t\t\t<\/figcaption>\n\t\t\t<\/figure><\/div>\n<p class=\"has-text-align-justify\">Por lo tanto, no va a ser la primera vez en la Argentina (y Chile) que las instituciones estatales encubren o deciden simplemente no investigar, desviar la investigaci\u00f3n o hacer o\u00eddos sordos de lo que dicen los familiares de las v\u00edctimas que acusan o dirigen sus acusaciones (seg\u00fan pruebas concretas) hacia actores sociales pertenecientes a la extensa red de poder de la Argentina. En este caso, la familia de Viviana Luna sostiene y entiende que ella era v\u00edctima de un red de trata, pero la fiscal\u00eda se niega a ir por esa v\u00eda. Nuevamente, \u00bfpor qu\u00e9 la fiscal Claudia R\u00edos no quiere investigar est\u00e1 hip\u00f3tesis?<\/p>\n<p class=\"has-text-align-justify\">\u00bfTenemos que conformarnos e irnos a dormir sabiendo que en la Argentina las personas pueden permanecer veinte, diez o seis a\u00f1os desaparecidas, con las teor\u00edas siempre v\u00e1lidas e indiscutibles de que est\u00e1s personas desaparecen por propia voluntad, se suicidan (sin que aparezcan los cuerpos) o se ahogan solos? \u00bfNunca, por ninguna raz\u00f3n aunque las pruebas sean abrumadoras contra ellos, se puede poner en duda el accionar de ning\u00fan agente del Estado, mucho menos jueces, fiscales, gendarmes y polic\u00edas?<\/p>\n<p class=\"has-text-align-justify\">\u00abA Marcos lo mantienen incomunicado, sin comida, junto a otros reclusos. Lo est\u00e1n presionando psicol\u00f3gicamente para que se quiebre y se culpabilice en un juicio abreviado. Saben que no tienen nada\u00bb, reflexion\u00f3 dolorida Andrea Tolosa, la compa\u00f1era de Marcos Herrero, antes de que \u00e9ste fuera trasladado al penal de Boulogne Sur Mer de Mendoza. \u201c\u00bfPor qu\u00e9 a Marcos Herrero lo mantienen encerrado si los cuatro delitos (\u2018falsa denuncia\u2019, \u2018falso testimonio\u2019, \u2018encubrimiento\u2019 y \u2018usurpaci\u00f3n de t\u00edtulos y honores\u2019) que se le endilga son excarcelables?\u201d, es una de las preguntas que se hacen por estas horas las familias de Herrero y de Viviana Luna.<\/p>\n<p class=\"has-text-align-justify\">Andrea Tolosa reconoce que el apoyo de la familia de Viviana Luna en el pedido de liberaci\u00f3n de Marcos, coloc\u00f3 en evidencia la parcialidad del jefe de fiscales de Mendoza, Fernando Guzzo, para llevar adelante la investigaci\u00f3n. Se evidencia en su insistencia para que Marcos permanezca detenido \u2014como si se tratara de un terrorista confeso\u2014 y se evidenci\u00f3 en la forma en la que Guzzo persigui\u00f3 a Herrero. \u00abPr\u00e1cticamente hab\u00eda dejado de lado la causa principal, que es la b\u00fasqueda de Viviana. No s\u00e9, parece que tiene algo personal contra Marcos. Ahora ya se retom\u00f3 de nuevo la investigaci\u00f3n, se comenzaron a tomar nuevas declaraciones y hay avances en la causa\u00bb, sintetiza Andrea antes de despedirse y advertirme que ese d\u00eda, a las cuatro de la tarde, le realizaron una revisaci\u00f3n m\u00e9dica a Marcos para constatar que no tuviera ning\u00fan golpe o agresi\u00f3n en su cuerpo. En este sentido, el pedido de Andrea Tolosa fue muy espec\u00edfico, exigiendo que se resguarde la integridad de Marcos dentro del penal.<\/p>\n<p class=\"has-text-align-justify\">Andrea Tolosa ha visto de cerca, c\u00f3mo los propios compa\u00f1eros de Marcos lo han insultado, amenazado y presionado hasta correrlo de las fuerzas. Las fuerzas de seguridad de R\u00edo Negro y la Naci\u00f3n saben que Marcos Herrero es un peligro porque expone a sus propios colegas de delitos que ellos intentan encubrir: desde el caso de Lucas Mu\u00f1oz, pasando por el asesinato y desaparici\u00f3n de Santiago Maldonado hasta llegar al asesinato e intento de desaparici\u00f3n de Facundo Castro. Los espectadores, ciudadanos y vecinos de Mendoza y R\u00edo Negro, en el fondo, saben que esta es una causa armada porque Marcos Herrero, con sus hallazgos, toca fibras sensibles del poder aparentemente intocable. Los \u00fanicos que parecen no darse por aludidos de estas realidades son las fiscal\u00edas y los jueces actuantes de ambas provincias. \u00abMarcos tiene que fijar un domicilio en Mendoza para solicitar la excarcelaci\u00f3n. La vamos a solicitar, pero sabemos que el jefe de fiscales va a apelar contra esa excarcelaci\u00f3n\u00bb, me termina de comunicar Andrea, luego de que ella pasara toda la ma\u00f1ana del s\u00e1bado (11 de diciembre) en la <strong>Estaci\u00f3n Transitoria de Detenidos y Aprehendidos (ESTRADA)<\/strong> en donde, por protocolo (COVID), las personas procesadas deben pasar siete d\u00edas antes de ser trasladados al penal de Boulogne Sur Mer. \u00abYo vine a buscar a m\u00ed marido, porque s\u00e9 que \u00e9l es inocente y que \u00e9sto es una causa armada, en la que hubo abuso de poder, en la que se arrest\u00f3 de forma injusta a Marcos. La forma en que se movieron dej\u00f3 en evidencia eso. Algo que me ocup\u00e9 de denunciar\u00bb.<\/p>\n<p class=\"has-text-align-justify\">La detenci\u00f3n de Marcos Herrero y el armado de causa que padece no puede ser sacado de contexto, dado que la realidad jur\u00eddico\u2013pol\u00edtica y medi\u00e1tica en la Argentina es bastante temeraria y alarmante. En estos \u00faltimos a\u00f1os comenzaron a tejerse comandos represivos interprovinciales e interpartidistas (el <strong>Comando Unificado Patag\u00f3nico <\/strong>creado por Patricia Bullrich nunca fue desmantelado por An\u00edbal Fern\u00e1ndez. Sigue vigente), el poder jur\u00eddico local extendi\u00f3 lazos estrat\u00e9gicos con pa\u00edses fronterizos (en septiembre de este a\u00f1o, el jefe de fiscales de Neuqu\u00e9n, Jos\u00e9 Gerez, se reuni\u00f3 en el Paso Icalma con su par de Temuco, Cristian Paredes, con el fin de \u00abreforzar los controles en las fronteras\u00bb para combatir posibles \u00abc\u00e9lulas terroristas\u00bb que se mueven a ambos lados de la cordillera) y la reciente participaci\u00f3n de Alberto Fern\u00e1ndez en la <strong>Cumbre de L\u00edderes por la Democracia<\/strong> (9 y 10 de diciembre) convocada por Joe Biden, actual presidente de E.E.U.U., evidencia una estrategia jur\u00eddico\u2013pol\u00edtica regional que ya ha colocado en procesos judiciales a distintos presos (l\u00edderes <em>mapuche<\/em>) que hoy cargan condenas altas de c\u00e1rcel por causas armadas (la causa m\u00e1s reconocida es la de Luchsinger\u2013Mackay en donde fueron juzgados injustamente como responsables 11 comuneros <em>mapuche<\/em> entre ellos, el <em>machi<\/em> Celestino C\u00f3rdova, la <em>machi<\/em> Francisca Linconao y los primos Trancal) y otros que directamente han sido fusilados con el argumento de estar cometiendo un delito (el de usurpaci\u00f3n) como tuvimos que evidenciar en los casos de Rafael Nahuel y El\u00edas Garay. Tanto en Chile como en Argentina, en cada uno de estos casos, el poder jur\u00eddico provincial y nacional, demuestran estar dispuestos a hacer lo que sea necesario para salvaguardar los intereses de magnates extranjeros, empresas extractivas, proyectos productivos de monocultivos y funcionarios estatales.<\/p>\n<p class=\"has-text-align-justify\">Concretamente Felipe Dur\u00e1n fue un perseguido judicial (a\u00fan hoy lo es) y tuvo que cargar una condena porque con su c\u00e1mara mostraba la violencia con la que se dirig\u00edan las fuerzas de seguridad de Chile y el Estado chileno contra las comunidades <em>mapuche<\/em> que viven en zonas codiciadas fundamentalmente por forestales extranjeras que explotan los recursos h\u00eddricos del pa\u00eds (la forestal Mininco es una de las m\u00e1s reconocidas). C\u00f3mo Felipe Dur\u00e1n, Marcos Herrero, con su oficio y labor, coloca en evidencia la extensa red de v\u00ednculos pol\u00edticos, policiales y jur\u00eddicos inmersa en el narcotr\u00e1fico, la <strong>Trata de Personas con fines de Explotaci\u00f3n Sexual<\/strong> y la distintas formas de corrupci\u00f3n en la Argentina (los d\u00f3lares termosellados que encontr\u00f3 Marcos Herrero en Chubut durante la b\u00fasqueda de Marcela L\u00f3pez, \u00bfpertenecen a la obra p\u00fablica, la megaminer\u00eda o el narcotr\u00e1fico?).<\/p>\n<\/div>\n<\/div>\n","protected":false},"excerpt":{"rendered":"<p>Detenci\u00f3n del perito de R\u00edo Negro: los d\u00f3lares termosellados, la ropa de Facundo Castro con signos de violencia, la hip\u00f3tesis de la red de trata, el sesgo de los medios de comunicaci\u00f3n, los montajes jur\u00eddicos, el caso de Felipe Dur\u00e1n&hellip;<\/p>\n","protected":false},"author":1372,"featured_media":1489062,"comment_status":"closed","ping_status":"closed","sticky":false,"template":"","format":"standard","meta":{"footnotes":""},"categories":[11389,79,67],"tags":[26,29,16732,58266,82773,13186,398,83855,92746,47811,2508],"class_list":["post-1488297","post","type-post","status-publish","format-standard","has-post-thumbnail","hentry","category-contenido-original","category-derechos-humanos","category-sudamerica","tag-argentina","tag-chile","tag-explotacion-sexual","tag-felipe-duran","tag-fiscalia-es","tag-impunidad","tag-justicia","tag-marcos-herrero","tag-ministerio-publico-es","tag-ocultamiento","tag-trata-de-personas"],"yoast_head":"<!-- This site is optimized with the Yoast SEO plugin v27.1.1 - https:\/\/yoast.com\/product\/yoast-seo-wordpress\/ -->\n<title>&quot;La pasi\u00f3n que pusieron para detener a Marcos Herrero, contrasta con la que pusieron en la b\u00fasqueda de mi mam\u00e1&quot;<\/title>\n<meta name=\"description\" content=\"Detenci\u00f3n del perito de R\u00edo Negro: los d\u00f3lares termosellados, la ropa de Facundo Castro con signos de violencia, la hip\u00f3tesis de la red de trata, el sesgo\" \/>\n<meta name=\"robots\" content=\"index, follow, max-snippet:-1, max-image-preview:large, max-video-preview:-1\" \/>\n<link rel=\"canonical\" href=\"https:\/\/www.pressenza.com\/es\/2021\/12\/la-pasion-que-pusieron-para-detener-a-marcos-herrero-contrasta-con-la-que-pusieron-en-la-busqueda-de-mi-mama\/\" \/>\n<meta property=\"og:locale\" content=\"es_ES\" \/>\n<meta property=\"og:type\" content=\"article\" \/>\n<meta property=\"og:title\" content=\"&quot;La pasi\u00f3n que pusieron para detener a Marcos Herrero, contrasta con la que pusieron en la b\u00fasqueda de mi mam\u00e1&quot;\" \/>\n<meta property=\"og:description\" content=\"Detenci\u00f3n del perito de R\u00edo Negro: los d\u00f3lares termosellados, la ropa de Facundo Castro con signos de violencia, la hip\u00f3tesis de la red de trata, el sesgo\" \/>\n<meta property=\"og:url\" content=\"https:\/\/www.pressenza.com\/es\/2021\/12\/la-pasion-que-pusieron-para-detener-a-marcos-herrero-contrasta-con-la-que-pusieron-en-la-busqueda-de-mi-mama\/\" \/>\n<meta property=\"og:site_name\" content=\"Pressenza\" \/>\n<meta property=\"article:publisher\" content=\"https:\/\/www.facebook.com\/PressenzaItalia\" \/>\n<meta property=\"article:published_time\" content=\"2021-12-15T12:55:10+00:00\" \/>\n<meta property=\"og:image\" content=\"https:\/\/www.pressenza.com\/wp-content\/uploads\/2021\/12\/Marcos-Herrera-Gustavo-Figueroa.jpg\" \/>\n\t<meta property=\"og:image:width\" content=\"1336\" \/>\n\t<meta property=\"og:image:height\" content=\"768\" \/>\n\t<meta property=\"og:image:type\" content=\"image\/jpeg\" \/>\n<meta name=\"author\" content=\"Gustavo Figueroa\" \/>\n<meta name=\"twitter:card\" content=\"summary_large_image\" \/>\n<meta name=\"twitter:creator\" content=\"@PressenzaIPA\" \/>\n<meta name=\"twitter:site\" content=\"@PressenzaIPA\" \/>\n<meta name=\"twitter:label1\" content=\"Escrito por\" \/>\n\t<meta name=\"twitter:data1\" content=\"Gustavo Figueroa\" \/>\n\t<meta name=\"twitter:label2\" content=\"Tiempo de lectura\" \/>\n\t<meta name=\"twitter:data2\" content=\"20 minutos\" \/>\n<script type=\"application\/ld+json\" class=\"yoast-schema-graph\">{\"@context\":\"https:\/\/schema.org\",\"@graph\":[{\"@type\":\"Article\",\"@id\":\"https:\/\/www.pressenza.com\/es\/2021\/12\/la-pasion-que-pusieron-para-detener-a-marcos-herrero-contrasta-con-la-que-pusieron-en-la-busqueda-de-mi-mama\/#article\",\"isPartOf\":{\"@id\":\"https:\/\/www.pressenza.com\/es\/2021\/12\/la-pasion-que-pusieron-para-detener-a-marcos-herrero-contrasta-con-la-que-pusieron-en-la-busqueda-de-mi-mama\/\"},\"author\":{\"name\":\"Gustavo Figueroa\",\"@id\":\"https:\/\/www.pressenza.com\/es\/#\/schema\/person\/dacb21ffbce19b7d40c5abc14b6efc88\"},\"headline\":\"\u00abLa pasi\u00f3n que pusieron para detener a Marcos Herrero, contrasta con la que pusieron en la b\u00fasqueda de mi mam\u00e1\u00bb\",\"datePublished\":\"2021-12-15T12:55:10+00:00\",\"mainEntityOfPage\":{\"@id\":\"https:\/\/www.pressenza.com\/es\/2021\/12\/la-pasion-que-pusieron-para-detener-a-marcos-herrero-contrasta-con-la-que-pusieron-en-la-busqueda-de-mi-mama\/\"},\"wordCount\":3973,\"publisher\":{\"@id\":\"https:\/\/www.pressenza.com\/es\/#organization\"},\"image\":{\"@id\":\"https:\/\/www.pressenza.com\/es\/2021\/12\/la-pasion-que-pusieron-para-detener-a-marcos-herrero-contrasta-con-la-que-pusieron-en-la-busqueda-de-mi-mama\/#primaryimage\"},\"thumbnailUrl\":\"https:\/\/www.pressenza.com\/wp-content\/uploads\/2021\/12\/Marcos-Herrera-Gustavo-Figueroa.jpg\",\"keywords\":[\"Argentina\",\"Chile\",\"explotaci\u00f3n sexual\",\"Felipe Dur\u00e1n\",\"Fiscalia\",\"Impunidad\",\"justicia\",\"Marcos Herrero\",\"ministerio publico\",\"ocultamiento\",\"trata de personas\"],\"articleSection\":[\"Contenido Original\",\"Derechos Humanos\",\"Sudam\u00e9rica\"],\"inLanguage\":\"es\"},{\"@type\":\"WebPage\",\"@id\":\"https:\/\/www.pressenza.com\/es\/2021\/12\/la-pasion-que-pusieron-para-detener-a-marcos-herrero-contrasta-con-la-que-pusieron-en-la-busqueda-de-mi-mama\/\",\"url\":\"https:\/\/www.pressenza.com\/es\/2021\/12\/la-pasion-que-pusieron-para-detener-a-marcos-herrero-contrasta-con-la-que-pusieron-en-la-busqueda-de-mi-mama\/\",\"name\":\"\\\"La pasi\u00f3n que pusieron para detener a Marcos Herrero, contrasta con la que pusieron en la b\u00fasqueda de mi mam\u00e1\\\"\",\"isPartOf\":{\"@id\":\"https:\/\/www.pressenza.com\/es\/#website\"},\"primaryImageOfPage\":{\"@id\":\"https:\/\/www.pressenza.com\/es\/2021\/12\/la-pasion-que-pusieron-para-detener-a-marcos-herrero-contrasta-con-la-que-pusieron-en-la-busqueda-de-mi-mama\/#primaryimage\"},\"image\":{\"@id\":\"https:\/\/www.pressenza.com\/es\/2021\/12\/la-pasion-que-pusieron-para-detener-a-marcos-herrero-contrasta-con-la-que-pusieron-en-la-busqueda-de-mi-mama\/#primaryimage\"},\"thumbnailUrl\":\"https:\/\/www.pressenza.com\/wp-content\/uploads\/2021\/12\/Marcos-Herrera-Gustavo-Figueroa.jpg\",\"datePublished\":\"2021-12-15T12:55:10+00:00\",\"description\":\"Detenci\u00f3n del perito de R\u00edo Negro: los d\u00f3lares termosellados, la ropa de Facundo Castro con signos de violencia, la hip\u00f3tesis de la red de trata, el sesgo\",\"breadcrumb\":{\"@id\":\"https:\/\/www.pressenza.com\/es\/2021\/12\/la-pasion-que-pusieron-para-detener-a-marcos-herrero-contrasta-con-la-que-pusieron-en-la-busqueda-de-mi-mama\/#breadcrumb\"},\"inLanguage\":\"es\",\"potentialAction\":[{\"@type\":\"ReadAction\",\"target\":[\"https:\/\/www.pressenza.com\/es\/2021\/12\/la-pasion-que-pusieron-para-detener-a-marcos-herrero-contrasta-con-la-que-pusieron-en-la-busqueda-de-mi-mama\/\"]}]},{\"@type\":\"ImageObject\",\"inLanguage\":\"es\",\"@id\":\"https:\/\/www.pressenza.com\/es\/2021\/12\/la-pasion-que-pusieron-para-detener-a-marcos-herrero-contrasta-con-la-que-pusieron-en-la-busqueda-de-mi-mama\/#primaryimage\",\"url\":\"https:\/\/www.pressenza.com\/wp-content\/uploads\/2021\/12\/Marcos-Herrera-Gustavo-Figueroa.jpg\",\"contentUrl\":\"https:\/\/www.pressenza.com\/wp-content\/uploads\/2021\/12\/Marcos-Herrera-Gustavo-Figueroa.jpg\",\"width\":1336,\"height\":768},{\"@type\":\"BreadcrumbList\",\"@id\":\"https:\/\/www.pressenza.com\/es\/2021\/12\/la-pasion-que-pusieron-para-detener-a-marcos-herrero-contrasta-con-la-que-pusieron-en-la-busqueda-de-mi-mama\/#breadcrumb\",\"itemListElement\":[{\"@type\":\"ListItem\",\"position\":1,\"name\":\"Accueil\",\"item\":\"https:\/\/www.pressenza.com\/es\/\"},{\"@type\":\"ListItem\",\"position\":2,\"name\":\"\u00abLa pasi\u00f3n que pusieron para detener a Marcos Herrero, contrasta con la que pusieron en la b\u00fasqueda de mi mam\u00e1\u00bb\"}]},{\"@type\":\"WebSite\",\"@id\":\"https:\/\/www.pressenza.com\/es\/#website\",\"url\":\"https:\/\/www.pressenza.com\/es\/\",\"name\":\"Pressenza\",\"description\":\"International Press Agency\",\"publisher\":{\"@id\":\"https:\/\/www.pressenza.com\/es\/#organization\"},\"potentialAction\":[{\"@type\":\"SearchAction\",\"target\":{\"@type\":\"EntryPoint\",\"urlTemplate\":\"https:\/\/www.pressenza.com\/es\/?s={search_term_string}\"},\"query-input\":{\"@type\":\"PropertyValueSpecification\",\"valueRequired\":true,\"valueName\":\"search_term_string\"}}],\"inLanguage\":\"es\"},{\"@type\":\"Organization\",\"@id\":\"https:\/\/www.pressenza.com\/es\/#organization\",\"name\":\"Pressenza\",\"url\":\"https:\/\/www.pressenza.com\/es\/\",\"logo\":{\"@type\":\"ImageObject\",\"inLanguage\":\"es\",\"@id\":\"https:\/\/www.pressenza.com\/es\/#\/schema\/logo\/image\/\",\"url\":\"https:\/\/www.pressenza.com\/wp-content\/uploads\/2022\/10\/pressenza_logo_200x200.jpg\",\"contentUrl\":\"https:\/\/www.pressenza.com\/wp-content\/uploads\/2022\/10\/pressenza_logo_200x200.jpg\",\"width\":200,\"height\":200,\"caption\":\"Pressenza\"},\"image\":{\"@id\":\"https:\/\/www.pressenza.com\/es\/#\/schema\/logo\/image\/\"},\"sameAs\":[\"https:\/\/www.facebook.com\/PressenzaItalia\",\"https:\/\/x.com\/PressenzaIPA\"]},{\"@type\":\"Person\",\"@id\":\"https:\/\/www.pressenza.com\/es\/#\/schema\/person\/dacb21ffbce19b7d40c5abc14b6efc88\",\"name\":\"Gustavo Figueroa\",\"description\":\"Gustavo Figueroa (1985). Periodista, documentalista, fot\u00f3grafo. Vive en Neuqu\u00e9n. Se interesa especialmente por temas relativos a pueblos originarios y derechos humanos. Es miembro del Equipo de Educadores Interculturales del Puel Mapu.\",\"sameAs\":[\"https:\/\/periferiasitio.wordpress.com\/\"],\"url\":\"https:\/\/www.pressenza.com\/es\/author\/gustavo-figueroa\/\"}]}<\/script>\n<!-- \/ Yoast SEO plugin. -->","yoast_head_json":{"title":"\"La pasi\u00f3n que pusieron para detener a Marcos Herrero, contrasta con la que pusieron en la b\u00fasqueda de mi mam\u00e1\"","description":"Detenci\u00f3n del perito de R\u00edo Negro: los d\u00f3lares termosellados, la ropa de Facundo Castro con signos de violencia, la hip\u00f3tesis de la red de trata, el sesgo","robots":{"index":"index","follow":"follow","max-snippet":"max-snippet:-1","max-image-preview":"max-image-preview:large","max-video-preview":"max-video-preview:-1"},"canonical":"https:\/\/www.pressenza.com\/es\/2021\/12\/la-pasion-que-pusieron-para-detener-a-marcos-herrero-contrasta-con-la-que-pusieron-en-la-busqueda-de-mi-mama\/","og_locale":"es_ES","og_type":"article","og_title":"\"La pasi\u00f3n que pusieron para detener a Marcos Herrero, contrasta con la que pusieron en la b\u00fasqueda de mi mam\u00e1\"","og_description":"Detenci\u00f3n del perito de R\u00edo Negro: los d\u00f3lares termosellados, la ropa de Facundo Castro con signos de violencia, la hip\u00f3tesis de la red de trata, el sesgo","og_url":"https:\/\/www.pressenza.com\/es\/2021\/12\/la-pasion-que-pusieron-para-detener-a-marcos-herrero-contrasta-con-la-que-pusieron-en-la-busqueda-de-mi-mama\/","og_site_name":"Pressenza","article_publisher":"https:\/\/www.facebook.com\/PressenzaItalia","article_published_time":"2021-12-15T12:55:10+00:00","og_image":[{"width":1336,"height":768,"url":"https:\/\/www.pressenza.com\/wp-content\/uploads\/2021\/12\/Marcos-Herrera-Gustavo-Figueroa.jpg","type":"image\/jpeg"}],"author":"Gustavo Figueroa","twitter_card":"summary_large_image","twitter_creator":"@PressenzaIPA","twitter_site":"@PressenzaIPA","twitter_misc":{"Escrito por":"Gustavo Figueroa","Tiempo de lectura":"20 minutos"},"schema":{"@context":"https:\/\/schema.org","@graph":[{"@type":"Article","@id":"https:\/\/www.pressenza.com\/es\/2021\/12\/la-pasion-que-pusieron-para-detener-a-marcos-herrero-contrasta-con-la-que-pusieron-en-la-busqueda-de-mi-mama\/#article","isPartOf":{"@id":"https:\/\/www.pressenza.com\/es\/2021\/12\/la-pasion-que-pusieron-para-detener-a-marcos-herrero-contrasta-con-la-que-pusieron-en-la-busqueda-de-mi-mama\/"},"author":{"name":"Gustavo Figueroa","@id":"https:\/\/www.pressenza.com\/es\/#\/schema\/person\/dacb21ffbce19b7d40c5abc14b6efc88"},"headline":"\u00abLa pasi\u00f3n que pusieron para detener a Marcos Herrero, contrasta con la que pusieron en la b\u00fasqueda de mi mam\u00e1\u00bb","datePublished":"2021-12-15T12:55:10+00:00","mainEntityOfPage":{"@id":"https:\/\/www.pressenza.com\/es\/2021\/12\/la-pasion-que-pusieron-para-detener-a-marcos-herrero-contrasta-con-la-que-pusieron-en-la-busqueda-de-mi-mama\/"},"wordCount":3973,"publisher":{"@id":"https:\/\/www.pressenza.com\/es\/#organization"},"image":{"@id":"https:\/\/www.pressenza.com\/es\/2021\/12\/la-pasion-que-pusieron-para-detener-a-marcos-herrero-contrasta-con-la-que-pusieron-en-la-busqueda-de-mi-mama\/#primaryimage"},"thumbnailUrl":"https:\/\/www.pressenza.com\/wp-content\/uploads\/2021\/12\/Marcos-Herrera-Gustavo-Figueroa.jpg","keywords":["Argentina","Chile","explotaci\u00f3n sexual","Felipe Dur\u00e1n","Fiscalia","Impunidad","justicia","Marcos Herrero","ministerio publico","ocultamiento","trata de personas"],"articleSection":["Contenido Original","Derechos Humanos","Sudam\u00e9rica"],"inLanguage":"es"},{"@type":"WebPage","@id":"https:\/\/www.pressenza.com\/es\/2021\/12\/la-pasion-que-pusieron-para-detener-a-marcos-herrero-contrasta-con-la-que-pusieron-en-la-busqueda-de-mi-mama\/","url":"https:\/\/www.pressenza.com\/es\/2021\/12\/la-pasion-que-pusieron-para-detener-a-marcos-herrero-contrasta-con-la-que-pusieron-en-la-busqueda-de-mi-mama\/","name":"\"La pasi\u00f3n que pusieron para detener a Marcos Herrero, contrasta con la que pusieron en la b\u00fasqueda de mi mam\u00e1\"","isPartOf":{"@id":"https:\/\/www.pressenza.com\/es\/#website"},"primaryImageOfPage":{"@id":"https:\/\/www.pressenza.com\/es\/2021\/12\/la-pasion-que-pusieron-para-detener-a-marcos-herrero-contrasta-con-la-que-pusieron-en-la-busqueda-de-mi-mama\/#primaryimage"},"image":{"@id":"https:\/\/www.pressenza.com\/es\/2021\/12\/la-pasion-que-pusieron-para-detener-a-marcos-herrero-contrasta-con-la-que-pusieron-en-la-busqueda-de-mi-mama\/#primaryimage"},"thumbnailUrl":"https:\/\/www.pressenza.com\/wp-content\/uploads\/2021\/12\/Marcos-Herrera-Gustavo-Figueroa.jpg","datePublished":"2021-12-15T12:55:10+00:00","description":"Detenci\u00f3n del perito de R\u00edo Negro: los d\u00f3lares termosellados, la ropa de Facundo Castro con signos de violencia, la hip\u00f3tesis de la red de trata, el sesgo","breadcrumb":{"@id":"https:\/\/www.pressenza.com\/es\/2021\/12\/la-pasion-que-pusieron-para-detener-a-marcos-herrero-contrasta-con-la-que-pusieron-en-la-busqueda-de-mi-mama\/#breadcrumb"},"inLanguage":"es","potentialAction":[{"@type":"ReadAction","target":["https:\/\/www.pressenza.com\/es\/2021\/12\/la-pasion-que-pusieron-para-detener-a-marcos-herrero-contrasta-con-la-que-pusieron-en-la-busqueda-de-mi-mama\/"]}]},{"@type":"ImageObject","inLanguage":"es","@id":"https:\/\/www.pressenza.com\/es\/2021\/12\/la-pasion-que-pusieron-para-detener-a-marcos-herrero-contrasta-con-la-que-pusieron-en-la-busqueda-de-mi-mama\/#primaryimage","url":"https:\/\/www.pressenza.com\/wp-content\/uploads\/2021\/12\/Marcos-Herrera-Gustavo-Figueroa.jpg","contentUrl":"https:\/\/www.pressenza.com\/wp-content\/uploads\/2021\/12\/Marcos-Herrera-Gustavo-Figueroa.jpg","width":1336,"height":768},{"@type":"BreadcrumbList","@id":"https:\/\/www.pressenza.com\/es\/2021\/12\/la-pasion-que-pusieron-para-detener-a-marcos-herrero-contrasta-con-la-que-pusieron-en-la-busqueda-de-mi-mama\/#breadcrumb","itemListElement":[{"@type":"ListItem","position":1,"name":"Accueil","item":"https:\/\/www.pressenza.com\/es\/"},{"@type":"ListItem","position":2,"name":"\u00abLa pasi\u00f3n que pusieron para detener a Marcos Herrero, contrasta con la que pusieron en la b\u00fasqueda de mi mam\u00e1\u00bb"}]},{"@type":"WebSite","@id":"https:\/\/www.pressenza.com\/es\/#website","url":"https:\/\/www.pressenza.com\/es\/","name":"Pressenza","description":"International Press Agency","publisher":{"@id":"https:\/\/www.pressenza.com\/es\/#organization"},"potentialAction":[{"@type":"SearchAction","target":{"@type":"EntryPoint","urlTemplate":"https:\/\/www.pressenza.com\/es\/?s={search_term_string}"},"query-input":{"@type":"PropertyValueSpecification","valueRequired":true,"valueName":"search_term_string"}}],"inLanguage":"es"},{"@type":"Organization","@id":"https:\/\/www.pressenza.com\/es\/#organization","name":"Pressenza","url":"https:\/\/www.pressenza.com\/es\/","logo":{"@type":"ImageObject","inLanguage":"es","@id":"https:\/\/www.pressenza.com\/es\/#\/schema\/logo\/image\/","url":"https:\/\/www.pressenza.com\/wp-content\/uploads\/2022\/10\/pressenza_logo_200x200.jpg","contentUrl":"https:\/\/www.pressenza.com\/wp-content\/uploads\/2022\/10\/pressenza_logo_200x200.jpg","width":200,"height":200,"caption":"Pressenza"},"image":{"@id":"https:\/\/www.pressenza.com\/es\/#\/schema\/logo\/image\/"},"sameAs":["https:\/\/www.facebook.com\/PressenzaItalia","https:\/\/x.com\/PressenzaIPA"]},{"@type":"Person","@id":"https:\/\/www.pressenza.com\/es\/#\/schema\/person\/dacb21ffbce19b7d40c5abc14b6efc88","name":"Gustavo Figueroa","description":"Gustavo Figueroa (1985). Periodista, documentalista, fot\u00f3grafo. Vive en Neuqu\u00e9n. Se interesa especialmente por temas relativos a pueblos originarios y derechos humanos. Es miembro del Equipo de Educadores Interculturales del Puel Mapu.","sameAs":["https:\/\/periferiasitio.wordpress.com\/"],"url":"https:\/\/www.pressenza.com\/es\/author\/gustavo-figueroa\/"}]}},"place":"Neuqu\u00e9n, Argentina","original_article_url":"https:\/\/periodismodemaramar.wordpress.com\/2021\/12\/12\/la-pasion-que-pusieron-para-detener-a-marcos-herrero-contrasta-con-la-que-pusieron-en-la-busqueda-de-mi-mama\/","_links":{"self":[{"href":"https:\/\/www.pressenza.com\/es\/wp-json\/wp\/v2\/posts\/1488297","targetHints":{"allow":["GET"]}}],"collection":[{"href":"https:\/\/www.pressenza.com\/es\/wp-json\/wp\/v2\/posts"}],"about":[{"href":"https:\/\/www.pressenza.com\/es\/wp-json\/wp\/v2\/types\/post"}],"author":[{"embeddable":true,"href":"https:\/\/www.pressenza.com\/es\/wp-json\/wp\/v2\/users\/1372"}],"replies":[{"embeddable":true,"href":"https:\/\/www.pressenza.com\/es\/wp-json\/wp\/v2\/comments?post=1488297"}],"version-history":[{"count":0,"href":"https:\/\/www.pressenza.com\/es\/wp-json\/wp\/v2\/posts\/1488297\/revisions"}],"wp:featuredmedia":[{"embeddable":true,"href":"https:\/\/www.pressenza.com\/es\/wp-json\/wp\/v2\/media\/1489062"}],"wp:attachment":[{"href":"https:\/\/www.pressenza.com\/es\/wp-json\/wp\/v2\/media?parent=1488297"}],"wp:term":[{"taxonomy":"category","embeddable":true,"href":"https:\/\/www.pressenza.com\/es\/wp-json\/wp\/v2\/categories?post=1488297"},{"taxonomy":"post_tag","embeddable":true,"href":"https:\/\/www.pressenza.com\/es\/wp-json\/wp\/v2\/tags?post=1488297"}],"curies":[{"name":"wp","href":"https:\/\/api.w.org\/{rel}","templated":true}]}}