{"id":1488,"date":"2009-09-30T00:00:00","date_gmt":"2009-09-30T00:00:00","guid":{"rendered":""},"modified":"2009-09-30T13:01:04","modified_gmt":"2009-09-30T13:01:04","slug":"la-pacxfica-y-no-violenta-lucha-del-pueblo-hondurexo","status":"publish","type":"post","link":"https:\/\/www.pressenza.com\/es\/2009\/09\/la-pacxfica-y-no-violenta-lucha-del-pueblo-hondurexo\/","title":{"rendered":"La pac\u00edfica y no-violenta lucha del pueblo hondure\u00f1o"},"content":{"rendered":"<p>El \u00faltimo decreto del gobierno de facto para suspender todas las garant\u00edas constitucionales por 45 d\u00edas y el toque de queda impuesto a la hora menos esperada, ha reorientado la lucha pac\u00edfica y no violenta del pueblo hondure\u00f1o, mostrando la riqueza de ideas que surgen de la diversidad. <\/p>\n<p>Continuando con el rechazo a los golpistas y sus estrategias represivas, la resistencia se manifiesta en las calles de barrios y colonias. Cada d\u00eda miles de personas salen de sus casas puntualmente a la hora acordada, para unirse a las marchas, actos culturales, misas y tantas otras manifestaciones que sorprenden por el ingenio, todas orientadas a los objetivos fundamentales de la lucha: Resistencia pac\u00edfica, retorno al orden constitucional y que  la Asamblea Nacional Constituyente redacte una nueva constituci\u00f3n que responda a los intereses de las grandes mayor\u00edas.<\/p>\n<p>Coreando la consigna \u201cNo al toque de queda\u201d, la poblaci\u00f3n desaf\u00eda a las fuerzas represivas evidenciando un  estado de ingobernabilidad que desarma a los golpistas, los infiltrados que muchas veces incitan a las acciones violentas son f\u00e1ciles de identificar, en el barrio todos nos conocemos. <\/p>\n<p>En San Pedro Sula, ciudad comercial segunda en importancia pol\u00edtica, en forma sincronizada se producen actos de protesta en distintos sectores, las fuerzas represivas se desplazan amenazantes, pero grupos de vecinos con la tarea de vigilancia y seguridad, dan las alertas para aglutinar a los manifestantes y evitar la captura de los l\u00edderes. Cada d\u00eda en otras ciudades, pueblos, aldeas y caser\u00edos la gente se organiza.<\/p>\n<p>Los paisanos que vienen a las marchas regresan a plantar la semilla que ya est\u00e1 germinando. Dentro de poco la pisca (cosecha) estar\u00e1 lista y nada detendr\u00e1 a este pueblo que se cans\u00f3 de tanta violencia en todas sus formas. La burgues\u00eda local apoyada por sus hom\u00f3logos internacionales, sabe que ahora y aqu\u00ed est\u00e1n en juego sus privilegios, pero el pueblo est\u00e1 consciente tambi\u00e9n de que: AHORA O NUNCA!<\/p>\n<p>Durante las reuniones entre los representantes de cada sector, las an\u00e9cdotas que se comparten inyectan optimismo y fortalecen la esperanza de un nuevo amanecer.  <\/p>\n<p>Por Leonel Ayala desde San Pedro Sula, Honduras<\/p>\n","protected":false},"excerpt":{"rendered":"<p>Un decreto del gobierno de facto ha reorientado la lucha pac\u00edfica y no violenta del pueblo hondure\u00f1o. La resistencia se manifiesta sin violencia en las calles de barrios y colonias. Los paisanos regresan  de las marchas  a plantar la semilla que ya est\u00e1 germinando. Dentro de poco la pisca (cosecha) estar\u00e1 lista y nada detendr\u00e1 a este pueblo que se cans\u00f3 de tanta violencia. <\/p>\n","protected":false},"author":19,"featured_media":0,"comment_status":"closed","ping_status":"open","sticky":false,"template":"","format":"standard","meta":{"footnotes":""},"categories":[69,39,161,74],"tags":[],"class_list":["post-1488","post","type-post","status-publish","format-standard","hentry","category-america-central","category-internacional","category-opiniones","category-politica-es"],"yoast_head":"<!-- This site is optimized with the Yoast SEO plugin v27.1.1 - https:\/\/yoast.com\/product\/yoast-seo-wordpress\/ -->\n<title>La pac\u00edfica y no-violenta lucha del pueblo hondure\u00f1o<\/title>\n<meta name=\"description\" content=\"Un decreto del gobierno de facto ha reorientado la lucha pac\u00edfica y no violenta del pueblo hondure\u00f1o. La resistencia se manifiesta sin violencia en las calles de barrios y colonias. Los paisanos regresan de las marchas a plantar la semilla que ya est\u00e1 germinando. Dentro de poco la pisca (cosecha) estar\u00e1 lista y nada detendr\u00e1 a este pueblo que se cans\u00f3 de tanta violencia.\" \/>\n<meta name=\"robots\" content=\"index, follow, max-snippet:-1, max-image-preview:large, max-video-preview:-1\" \/>\n<link rel=\"canonical\" href=\"https:\/\/www.pressenza.com\/es\/2009\/09\/la-pacxfica-y-no-violenta-lucha-del-pueblo-hondurexo\/\" \/>\n<meta property=\"og:locale\" content=\"es_ES\" \/>\n<meta property=\"og:type\" content=\"article\" \/>\n<meta property=\"og:title\" content=\"La pac\u00edfica y no-violenta lucha del pueblo hondure\u00f1o\" \/>\n<meta property=\"og:description\" content=\"Un decreto del gobierno de facto ha reorientado la lucha pac\u00edfica y no violenta del pueblo hondure\u00f1o. La resistencia se manifiesta sin violencia en las calles de barrios y colonias. Los paisanos regresan de las marchas a plantar la semilla que ya est\u00e1 germinando. Dentro de poco la pisca (cosecha) estar\u00e1 lista y nada detendr\u00e1 a este pueblo que se cans\u00f3 de tanta violencia.\" \/>\n<meta property=\"og:url\" content=\"https:\/\/www.pressenza.com\/es\/2009\/09\/la-pacxfica-y-no-violenta-lucha-del-pueblo-hondurexo\/\" \/>\n<meta property=\"og:site_name\" content=\"Pressenza\" \/>\n<meta property=\"article:publisher\" content=\"https:\/\/www.facebook.com\/PressenzaItalia\" \/>\n<meta property=\"article:author\" content=\"https:\/\/www.facebook.com\/pressenza\" \/>\n<meta property=\"article:published_time\" content=\"2009-09-30T00:00:00+00:00\" \/>\n<meta property=\"article:modified_time\" content=\"2009-09-30T13:01:04+00:00\" \/>\n<meta name=\"author\" content=\"Pressenza IPA\" \/>\n<meta name=\"twitter:card\" content=\"summary_large_image\" \/>\n<meta name=\"twitter:creator\" content=\"@PressenzaIPA\" \/>\n<meta name=\"twitter:site\" content=\"@PressenzaIPA\" \/>\n<meta name=\"twitter:label1\" content=\"Escrito por\" \/>\n\t<meta name=\"twitter:data1\" content=\"Pressenza IPA\" \/>\n\t<meta name=\"twitter:label2\" content=\"Tiempo de lectura\" \/>\n\t<meta name=\"twitter:data2\" content=\"2 minutos\" \/>\n<script type=\"application\/ld+json\" class=\"yoast-schema-graph\">{\"@context\":\"https:\/\/schema.org\",\"@graph\":[{\"@type\":\"Article\",\"@id\":\"https:\/\/www.pressenza.com\/es\/2009\/09\/la-pacxfica-y-no-violenta-lucha-del-pueblo-hondurexo\/#article\",\"isPartOf\":{\"@id\":\"https:\/\/www.pressenza.com\/es\/2009\/09\/la-pacxfica-y-no-violenta-lucha-del-pueblo-hondurexo\/\"},\"author\":{\"name\":\"Pressenza IPA\",\"@id\":\"https:\/\/www.pressenza.com\/es\/#\/schema\/person\/010e5d02bcf40965427a1289a4cc8d75\"},\"headline\":\"La pac\u00edfica y no-violenta lucha del pueblo hondure\u00f1o\",\"datePublished\":\"2009-09-30T00:00:00+00:00\",\"dateModified\":\"2009-09-30T13:01:04+00:00\",\"mainEntityOfPage\":{\"@id\":\"https:\/\/www.pressenza.com\/es\/2009\/09\/la-pacxfica-y-no-violenta-lucha-del-pueblo-hondurexo\/\"},\"wordCount\":376,\"publisher\":{\"@id\":\"https:\/\/www.pressenza.com\/es\/#organization\"},\"articleSection\":[\"Am\u00e9rica Central\",\"Internacional\",\"Opiniones\",\"Pol\u00edtica\"],\"inLanguage\":\"es\"},{\"@type\":\"WebPage\",\"@id\":\"https:\/\/www.pressenza.com\/es\/2009\/09\/la-pacxfica-y-no-violenta-lucha-del-pueblo-hondurexo\/\",\"url\":\"https:\/\/www.pressenza.com\/es\/2009\/09\/la-pacxfica-y-no-violenta-lucha-del-pueblo-hondurexo\/\",\"name\":\"La pac\u00edfica y no-violenta lucha del pueblo hondure\u00f1o\",\"isPartOf\":{\"@id\":\"https:\/\/www.pressenza.com\/es\/#website\"},\"datePublished\":\"2009-09-30T00:00:00+00:00\",\"dateModified\":\"2009-09-30T13:01:04+00:00\",\"description\":\"Un decreto del gobierno de facto ha reorientado la lucha pac\u00edfica y no violenta del pueblo hondure\u00f1o. La resistencia se manifiesta sin violencia en las calles de barrios y colonias. Los paisanos regresan de las marchas a plantar la semilla que ya est\u00e1 germinando. Dentro de poco la pisca (cosecha) estar\u00e1 lista y nada detendr\u00e1 a este pueblo que se cans\u00f3 de tanta violencia.\",\"breadcrumb\":{\"@id\":\"https:\/\/www.pressenza.com\/es\/2009\/09\/la-pacxfica-y-no-violenta-lucha-del-pueblo-hondurexo\/#breadcrumb\"},\"inLanguage\":\"es\",\"potentialAction\":[{\"@type\":\"ReadAction\",\"target\":[\"https:\/\/www.pressenza.com\/es\/2009\/09\/la-pacxfica-y-no-violenta-lucha-del-pueblo-hondurexo\/\"]}]},{\"@type\":\"BreadcrumbList\",\"@id\":\"https:\/\/www.pressenza.com\/es\/2009\/09\/la-pacxfica-y-no-violenta-lucha-del-pueblo-hondurexo\/#breadcrumb\",\"itemListElement\":[{\"@type\":\"ListItem\",\"position\":1,\"name\":\"Accueil\",\"item\":\"https:\/\/www.pressenza.com\/es\/\"},{\"@type\":\"ListItem\",\"position\":2,\"name\":\"La pac\u00edfica y no-violenta lucha del pueblo hondure\u00f1o\"}]},{\"@type\":\"WebSite\",\"@id\":\"https:\/\/www.pressenza.com\/es\/#website\",\"url\":\"https:\/\/www.pressenza.com\/es\/\",\"name\":\"Pressenza\",\"description\":\"International Press Agency\",\"publisher\":{\"@id\":\"https:\/\/www.pressenza.com\/es\/#organization\"},\"potentialAction\":[{\"@type\":\"SearchAction\",\"target\":{\"@type\":\"EntryPoint\",\"urlTemplate\":\"https:\/\/www.pressenza.com\/es\/?s={search_term_string}\"},\"query-input\":{\"@type\":\"PropertyValueSpecification\",\"valueRequired\":true,\"valueName\":\"search_term_string\"}}],\"inLanguage\":\"es\"},{\"@type\":\"Organization\",\"@id\":\"https:\/\/www.pressenza.com\/es\/#organization\",\"name\":\"Pressenza\",\"url\":\"https:\/\/www.pressenza.com\/es\/\",\"logo\":{\"@type\":\"ImageObject\",\"inLanguage\":\"es\",\"@id\":\"https:\/\/www.pressenza.com\/es\/#\/schema\/logo\/image\/\",\"url\":\"https:\/\/www.pressenza.com\/wp-content\/uploads\/2022\/10\/pressenza_logo_200x200.jpg\",\"contentUrl\":\"https:\/\/www.pressenza.com\/wp-content\/uploads\/2022\/10\/pressenza_logo_200x200.jpg\",\"width\":200,\"height\":200,\"caption\":\"Pressenza\"},\"image\":{\"@id\":\"https:\/\/www.pressenza.com\/es\/#\/schema\/logo\/image\/\"},\"sameAs\":[\"https:\/\/www.facebook.com\/PressenzaItalia\",\"https:\/\/x.com\/PressenzaIPA\"]},{\"@type\":\"Person\",\"@id\":\"https:\/\/www.pressenza.com\/es\/#\/schema\/person\/010e5d02bcf40965427a1289a4cc8d75\",\"name\":\"Pressenza IPA\",\"description\":\"News from Pressenza IPA correspondents\",\"sameAs\":[\"https:\/\/www.facebook.com\/pressenza\",\"https:\/\/x.com\/PressenzaIPA\"],\"url\":\"https:\/\/www.pressenza.com\/es\/author\/pressenza-ipa\/\"}]}<\/script>\n<!-- \/ Yoast SEO plugin. -->","yoast_head_json":{"title":"La pac\u00edfica y no-violenta lucha del pueblo hondure\u00f1o","description":"Un decreto del gobierno de facto ha reorientado la lucha pac\u00edfica y no violenta del pueblo hondure\u00f1o. La resistencia se manifiesta sin violencia en las calles de barrios y colonias. Los paisanos regresan de las marchas a plantar la semilla que ya est\u00e1 germinando. Dentro de poco la pisca (cosecha) estar\u00e1 lista y nada detendr\u00e1 a este pueblo que se cans\u00f3 de tanta violencia.","robots":{"index":"index","follow":"follow","max-snippet":"max-snippet:-1","max-image-preview":"max-image-preview:large","max-video-preview":"max-video-preview:-1"},"canonical":"https:\/\/www.pressenza.com\/es\/2009\/09\/la-pacxfica-y-no-violenta-lucha-del-pueblo-hondurexo\/","og_locale":"es_ES","og_type":"article","og_title":"La pac\u00edfica y no-violenta lucha del pueblo hondure\u00f1o","og_description":"Un decreto del gobierno de facto ha reorientado la lucha pac\u00edfica y no violenta del pueblo hondure\u00f1o. La resistencia se manifiesta sin violencia en las calles de barrios y colonias. Los paisanos regresan de las marchas a plantar la semilla que ya est\u00e1 germinando. Dentro de poco la pisca (cosecha) estar\u00e1 lista y nada detendr\u00e1 a este pueblo que se cans\u00f3 de tanta violencia.","og_url":"https:\/\/www.pressenza.com\/es\/2009\/09\/la-pacxfica-y-no-violenta-lucha-del-pueblo-hondurexo\/","og_site_name":"Pressenza","article_publisher":"https:\/\/www.facebook.com\/PressenzaItalia","article_author":"https:\/\/www.facebook.com\/pressenza","article_published_time":"2009-09-30T00:00:00+00:00","article_modified_time":"2009-09-30T13:01:04+00:00","author":"Pressenza IPA","twitter_card":"summary_large_image","twitter_creator":"@PressenzaIPA","twitter_site":"@PressenzaIPA","twitter_misc":{"Escrito por":"Pressenza IPA","Tiempo de lectura":"2 minutos"},"schema":{"@context":"https:\/\/schema.org","@graph":[{"@type":"Article","@id":"https:\/\/www.pressenza.com\/es\/2009\/09\/la-pacxfica-y-no-violenta-lucha-del-pueblo-hondurexo\/#article","isPartOf":{"@id":"https:\/\/www.pressenza.com\/es\/2009\/09\/la-pacxfica-y-no-violenta-lucha-del-pueblo-hondurexo\/"},"author":{"name":"Pressenza IPA","@id":"https:\/\/www.pressenza.com\/es\/#\/schema\/person\/010e5d02bcf40965427a1289a4cc8d75"},"headline":"La pac\u00edfica y no-violenta lucha del pueblo hondure\u00f1o","datePublished":"2009-09-30T00:00:00+00:00","dateModified":"2009-09-30T13:01:04+00:00","mainEntityOfPage":{"@id":"https:\/\/www.pressenza.com\/es\/2009\/09\/la-pacxfica-y-no-violenta-lucha-del-pueblo-hondurexo\/"},"wordCount":376,"publisher":{"@id":"https:\/\/www.pressenza.com\/es\/#organization"},"articleSection":["Am\u00e9rica Central","Internacional","Opiniones","Pol\u00edtica"],"inLanguage":"es"},{"@type":"WebPage","@id":"https:\/\/www.pressenza.com\/es\/2009\/09\/la-pacxfica-y-no-violenta-lucha-del-pueblo-hondurexo\/","url":"https:\/\/www.pressenza.com\/es\/2009\/09\/la-pacxfica-y-no-violenta-lucha-del-pueblo-hondurexo\/","name":"La pac\u00edfica y no-violenta lucha del pueblo hondure\u00f1o","isPartOf":{"@id":"https:\/\/www.pressenza.com\/es\/#website"},"datePublished":"2009-09-30T00:00:00+00:00","dateModified":"2009-09-30T13:01:04+00:00","description":"Un decreto del gobierno de facto ha reorientado la lucha pac\u00edfica y no violenta del pueblo hondure\u00f1o. La resistencia se manifiesta sin violencia en las calles de barrios y colonias. Los paisanos regresan de las marchas a plantar la semilla que ya est\u00e1 germinando. Dentro de poco la pisca (cosecha) estar\u00e1 lista y nada detendr\u00e1 a este pueblo que se cans\u00f3 de tanta violencia.","breadcrumb":{"@id":"https:\/\/www.pressenza.com\/es\/2009\/09\/la-pacxfica-y-no-violenta-lucha-del-pueblo-hondurexo\/#breadcrumb"},"inLanguage":"es","potentialAction":[{"@type":"ReadAction","target":["https:\/\/www.pressenza.com\/es\/2009\/09\/la-pacxfica-y-no-violenta-lucha-del-pueblo-hondurexo\/"]}]},{"@type":"BreadcrumbList","@id":"https:\/\/www.pressenza.com\/es\/2009\/09\/la-pacxfica-y-no-violenta-lucha-del-pueblo-hondurexo\/#breadcrumb","itemListElement":[{"@type":"ListItem","position":1,"name":"Accueil","item":"https:\/\/www.pressenza.com\/es\/"},{"@type":"ListItem","position":2,"name":"La pac\u00edfica y no-violenta lucha del pueblo hondure\u00f1o"}]},{"@type":"WebSite","@id":"https:\/\/www.pressenza.com\/es\/#website","url":"https:\/\/www.pressenza.com\/es\/","name":"Pressenza","description":"International Press Agency","publisher":{"@id":"https:\/\/www.pressenza.com\/es\/#organization"},"potentialAction":[{"@type":"SearchAction","target":{"@type":"EntryPoint","urlTemplate":"https:\/\/www.pressenza.com\/es\/?s={search_term_string}"},"query-input":{"@type":"PropertyValueSpecification","valueRequired":true,"valueName":"search_term_string"}}],"inLanguage":"es"},{"@type":"Organization","@id":"https:\/\/www.pressenza.com\/es\/#organization","name":"Pressenza","url":"https:\/\/www.pressenza.com\/es\/","logo":{"@type":"ImageObject","inLanguage":"es","@id":"https:\/\/www.pressenza.com\/es\/#\/schema\/logo\/image\/","url":"https:\/\/www.pressenza.com\/wp-content\/uploads\/2022\/10\/pressenza_logo_200x200.jpg","contentUrl":"https:\/\/www.pressenza.com\/wp-content\/uploads\/2022\/10\/pressenza_logo_200x200.jpg","width":200,"height":200,"caption":"Pressenza"},"image":{"@id":"https:\/\/www.pressenza.com\/es\/#\/schema\/logo\/image\/"},"sameAs":["https:\/\/www.facebook.com\/PressenzaItalia","https:\/\/x.com\/PressenzaIPA"]},{"@type":"Person","@id":"https:\/\/www.pressenza.com\/es\/#\/schema\/person\/010e5d02bcf40965427a1289a4cc8d75","name":"Pressenza IPA","description":"News from Pressenza IPA correspondents","sameAs":["https:\/\/www.facebook.com\/pressenza","https:\/\/x.com\/PressenzaIPA"],"url":"https:\/\/www.pressenza.com\/es\/author\/pressenza-ipa\/"}]}},"place":"San Pedro Sula","original_article_url":"","_links":{"self":[{"href":"https:\/\/www.pressenza.com\/es\/wp-json\/wp\/v2\/posts\/1488","targetHints":{"allow":["GET"]}}],"collection":[{"href":"https:\/\/www.pressenza.com\/es\/wp-json\/wp\/v2\/posts"}],"about":[{"href":"https:\/\/www.pressenza.com\/es\/wp-json\/wp\/v2\/types\/post"}],"author":[{"embeddable":true,"href":"https:\/\/www.pressenza.com\/es\/wp-json\/wp\/v2\/users\/19"}],"replies":[{"embeddable":true,"href":"https:\/\/www.pressenza.com\/es\/wp-json\/wp\/v2\/comments?post=1488"}],"version-history":[{"count":0,"href":"https:\/\/www.pressenza.com\/es\/wp-json\/wp\/v2\/posts\/1488\/revisions"}],"wp:attachment":[{"href":"https:\/\/www.pressenza.com\/es\/wp-json\/wp\/v2\/media?parent=1488"}],"wp:term":[{"taxonomy":"category","embeddable":true,"href":"https:\/\/www.pressenza.com\/es\/wp-json\/wp\/v2\/categories?post=1488"},{"taxonomy":"post_tag","embeddable":true,"href":"https:\/\/www.pressenza.com\/es\/wp-json\/wp\/v2\/tags?post=1488"}],"curies":[{"name":"wp","href":"https:\/\/api.w.org\/{rel}","templated":true}]}}