{"id":1487384,"date":"2021-12-12T14:49:32","date_gmt":"2021-12-12T14:49:32","guid":{"rendered":"https:\/\/www.pressenza.com\/?p=1487384"},"modified":"2021-12-12T14:49:32","modified_gmt":"2021-12-12T14:49:32","slug":"con-los-ojos-y-oidos-en-la-convencion","status":"publish","type":"post","link":"https:\/\/www.pressenza.com\/es\/2021\/12\/con-los-ojos-y-oidos-en-la-convencion\/","title":{"rendered":"Con los ojos y o\u00eddos en la Convenci\u00f3n"},"content":{"rendered":"<p>Lo predecible es que quien resulte el 19 de diciembre como presidente de la Rep\u00fablica de Chile quiera completar sus cuatro a\u00f1os de gobierno. Del mismo modo, diputados y senadores querr\u00e1n ejercer enteramente, tambi\u00e9n, sus respectivos per\u00edodos legislativos. Hasta aqu\u00ed no hay disposici\u00f3n entre ellos a que sus funciones se extingan antes de tiempo, si es que la Convenci\u00f3n Constituyente logra redactar una nueva Constituci\u00f3n y este texto es refrendado por el voto popular.<\/p>\n<p>Como sabemos, es posible que las atribuciones del primer mandatario puedan sufrir modificaciones, de tal manera que el r\u00e9gimen presidencialista actual pueda atenuarse en favor de un parlamentarismo o una f\u00f3rmula h\u00edbrida que ya se denomina de distintas formas. Con mucha probabilidad, el sistema parlamentario bicameral d\u00e9 paso a uno unicameral, con lo cual se espera reducir el n\u00famero de legisladores y modificar la forma en que sean elegirlos.<\/p>\n<p>La inc\u00f3gnita es qu\u00e9 pasar\u00eda en La Moneda y en el Poder Legislativo si lo ciudadanos decidieran hacerle variaciones sustantivas a la actual institucionalidad cuando apenas un nuevo gobierno y parlamento entran en operaci\u00f3n. Cuando se asume, adem\u00e1s, que tanto Gabriel Boric como Jos\u00e9 Antonio Kast tendr\u00e1n que enfrentar serios tropiezos en sus prop\u00f3sitos, debido a la correlaci\u00f3n pol\u00edtica que ha resultado en ambas c\u00e1maras legislativas. Es decir, por ese empate resultante de las estrechas diferencias electorales entre ambos abanderados y de las organizaciones pol\u00edticas que representan.<\/p>\n<p>De lo que no tenemos duda es que son y ser\u00e1n muchos los que quieren que con una nueva Carta Fundamental se convoque a nuevas elecciones, y no solo a nivel de estos dos poderes del estado sino tambi\u00e9n respecto de los cargos regionales y comunales. No ser\u00eda raro que la propia Convenci\u00f3n Constitucional exija o recomiende la renovaci\u00f3n de todas las autoridades del pa\u00eds; pero de lo que estamos pr\u00e1cticamente seguros es que los seguidores del candidato derrotado van a mostrarse como denodados partidarios de tal conmutaci\u00f3n. Con lo que podr\u00eda derivarse una fuerte presi\u00f3n social que se sume a las demandas de la poblaci\u00f3n en materia de educaci\u00f3n, salud, previsi\u00f3n y salarios dignos, entre todo el alto n\u00famero de expectativas que se mantienen vivas en el pa\u00eds.<\/p>\n<p>Es dif\u00edcil concebir que pase en Chile lo que sucede tan habitualmente en las democracias m\u00e1s afianzadas. Esto es que los gobiernos y los legisladores cesen en sus cargos cuando las mayor\u00edas se modifican o se producen alianzas que desaf\u00eden la continuidad de los mismos protagonistas pol\u00edticos. Creemos que ganando uno u otros las pr\u00f3ximas elecciones, a pesar de que ambos han prometido apoyar y acatar el trabajo de la Constituyente, no ser\u00eda f\u00e1cil esperar su renuncia en correlato con el nuevo ordenamiento institucional y la voluntad del pueblo.<\/p>\n<p>Todo depender\u00e1, tambi\u00e9n, de la posibilidad de que la Convenci\u00f3n Constituyente logre arribar a una propuesta lo m\u00e1s consensuada posible y, muy importante, logre su cometido dentro de los plazos que le ha fijado el actual Poder Legislativo. Tememos que, de no prosperar un acuerdo amplio, transversal y oportuno entre los convencionales, esta instituci\u00f3n sea la primera en sufrir el descr\u00e9dito popular y la posibilidad de que el pa\u00eds concurra con entusiasmo a aprobar una nueva Constituci\u00f3n. De hecho, las constantes tensiones que hemos comprobado entre sus miembros, hacer dudar de su compromiso por darle a Chile una nueva institucionalidad y, con ello, apagar las enormes divisiones y hostilidades que existen en el pa\u00eds que hacen bien dif\u00edcil que se imponga un camino de paz, justicia y progreso como todos lo proclaman. Aunque estos conceptos difieran mucho seg\u00fan sea la boca que los pronuncia.<\/p>\n<p>Pasada la elecci\u00f3n presidencial es hacia la Convenci\u00f3n donde los chilenos deberemos volcar nuestra atenci\u00f3n preferente y una justa demanda para que los que la integran se propongan el di\u00e1logo constructivo y la busca de un orden institucional que, como tambi\u00e9n tanto se promete, sea esta vez verdaderamente representativa de la voluntad soberana de los chilenos. Y no de los concili\u00e1bulos de la clase pol\u00edtica, cuyos vicios han sido tan transversales en corrupci\u00f3n, nepotismo y voluntad de perpetuarse en las funciones p\u00fablicas. Males que no se extinguir\u00e1n necesariamente con los pr\u00f3ximos comicios y quienes hayan resultado electos. Por m\u00e1s que ya muchos de los partidos tradicionales y caudillos est\u00e9n sucumbiendo ante el veredicto democr\u00e1tico y se encuentres pr\u00f3ximos a desaparecer del escenario pol\u00edtico.<\/p>\n","protected":false},"excerpt":{"rendered":"<p>Lo predecible es que quien resulte el 19 de diciembre como presidente de la Rep\u00fablica de Chile quiera completar sus cuatro a\u00f1os de gobierno. Del mismo modo, diputados y senadores querr\u00e1n ejercer enteramente, tambi\u00e9n, sus respectivos per\u00edodos legislativos. Hasta aqu\u00ed&hellip;<\/p>\n","protected":false},"author":1739,"featured_media":1487385,"comment_status":"closed","ping_status":"closed","sticky":false,"template":"","format":"standard","meta":{"footnotes":""},"categories":[11389,161,74,67],"tags":[29,69401],"class_list":["post-1487384","post","type-post","status-publish","format-standard","has-post-thumbnail","hentry","category-contenido-original","category-opiniones","category-politica-es","category-sudamerica","tag-chile","tag-convencion-constitucional"],"yoast_head":"<!-- This site is optimized with the Yoast SEO plugin v27.1.1 - https:\/\/yoast.com\/product\/yoast-seo-wordpress\/ -->\n<title>Con los ojos y o\u00eddos en la Convenci\u00f3n<\/title>\n<meta name=\"description\" content=\"Lo predecible es que quien resulte el 19 de diciembre como presidente de la Rep\u00fablica de Chile quiera completar sus cuatro a\u00f1os de gobierno. Del mismo\" \/>\n<meta name=\"robots\" content=\"index, follow, max-snippet:-1, max-image-preview:large, max-video-preview:-1\" \/>\n<link rel=\"canonical\" href=\"https:\/\/www.pressenza.com\/es\/2021\/12\/con-los-ojos-y-oidos-en-la-convencion\/\" \/>\n<meta property=\"og:locale\" content=\"es_ES\" \/>\n<meta property=\"og:type\" content=\"article\" \/>\n<meta property=\"og:title\" content=\"Con los ojos y o\u00eddos en la Convenci\u00f3n\" \/>\n<meta property=\"og:description\" content=\"Lo predecible es que quien resulte el 19 de diciembre como presidente de la Rep\u00fablica de Chile quiera completar sus cuatro a\u00f1os de gobierno. Del mismo\" \/>\n<meta property=\"og:url\" content=\"https:\/\/www.pressenza.com\/es\/2021\/12\/con-los-ojos-y-oidos-en-la-convencion\/\" \/>\n<meta property=\"og:site_name\" content=\"Pressenza\" \/>\n<meta property=\"article:publisher\" content=\"https:\/\/www.facebook.com\/PressenzaItalia\" \/>\n<meta property=\"article:published_time\" content=\"2021-12-12T14:49:32+00:00\" \/>\n<meta property=\"og:image\" content=\"https:\/\/www.pressenza.com\/wp-content\/uploads\/2021\/12\/3-4J.jpeg\" \/>\n\t<meta property=\"og:image:width\" content=\"1280\" \/>\n\t<meta property=\"og:image:height\" content=\"960\" \/>\n\t<meta property=\"og:image:type\" content=\"image\/jpeg\" \/>\n<meta name=\"author\" content=\"Juan Pablo C\u00e1rdenas\" \/>\n<meta name=\"twitter:card\" content=\"summary_large_image\" \/>\n<meta name=\"twitter:creator\" content=\"@PressenzaIPA\" \/>\n<meta name=\"twitter:site\" content=\"@PressenzaIPA\" \/>\n<meta name=\"twitter:label1\" content=\"Escrito por\" \/>\n\t<meta name=\"twitter:data1\" content=\"Juan Pablo C\u00e1rdenas\" \/>\n\t<meta name=\"twitter:label2\" content=\"Tiempo de lectura\" \/>\n\t<meta name=\"twitter:data2\" content=\"4 minutos\" \/>\n<script type=\"application\/ld+json\" class=\"yoast-schema-graph\">{\"@context\":\"https:\/\/schema.org\",\"@graph\":[{\"@type\":\"Article\",\"@id\":\"https:\/\/www.pressenza.com\/es\/2021\/12\/con-los-ojos-y-oidos-en-la-convencion\/#article\",\"isPartOf\":{\"@id\":\"https:\/\/www.pressenza.com\/es\/2021\/12\/con-los-ojos-y-oidos-en-la-convencion\/\"},\"author\":{\"name\":\"Juan Pablo C\u00e1rdenas\",\"@id\":\"https:\/\/www.pressenza.com\/es\/#\/schema\/person\/d72a7c8c014dcbfa2ef9e9976103ea0d\"},\"headline\":\"Con los ojos y o\u00eddos en la Convenci\u00f3n\",\"datePublished\":\"2021-12-12T14:49:32+00:00\",\"mainEntityOfPage\":{\"@id\":\"https:\/\/www.pressenza.com\/es\/2021\/12\/con-los-ojos-y-oidos-en-la-convencion\/\"},\"wordCount\":795,\"publisher\":{\"@id\":\"https:\/\/www.pressenza.com\/es\/#organization\"},\"image\":{\"@id\":\"https:\/\/www.pressenza.com\/es\/2021\/12\/con-los-ojos-y-oidos-en-la-convencion\/#primaryimage\"},\"thumbnailUrl\":\"https:\/\/www.pressenza.com\/wp-content\/uploads\/2021\/12\/3-4J.jpeg\",\"keywords\":[\"Chile\",\"Convenci\u00f3n Constitucional\"],\"articleSection\":[\"Contenido Original\",\"Opiniones\",\"Pol\u00edtica\",\"Sudam\u00e9rica\"],\"inLanguage\":\"es\"},{\"@type\":\"WebPage\",\"@id\":\"https:\/\/www.pressenza.com\/es\/2021\/12\/con-los-ojos-y-oidos-en-la-convencion\/\",\"url\":\"https:\/\/www.pressenza.com\/es\/2021\/12\/con-los-ojos-y-oidos-en-la-convencion\/\",\"name\":\"Con los ojos y o\u00eddos en la Convenci\u00f3n\",\"isPartOf\":{\"@id\":\"https:\/\/www.pressenza.com\/es\/#website\"},\"primaryImageOfPage\":{\"@id\":\"https:\/\/www.pressenza.com\/es\/2021\/12\/con-los-ojos-y-oidos-en-la-convencion\/#primaryimage\"},\"image\":{\"@id\":\"https:\/\/www.pressenza.com\/es\/2021\/12\/con-los-ojos-y-oidos-en-la-convencion\/#primaryimage\"},\"thumbnailUrl\":\"https:\/\/www.pressenza.com\/wp-content\/uploads\/2021\/12\/3-4J.jpeg\",\"datePublished\":\"2021-12-12T14:49:32+00:00\",\"description\":\"Lo predecible es que quien resulte el 19 de diciembre como presidente de la Rep\u00fablica de Chile quiera completar sus cuatro a\u00f1os de gobierno. Del mismo\",\"breadcrumb\":{\"@id\":\"https:\/\/www.pressenza.com\/es\/2021\/12\/con-los-ojos-y-oidos-en-la-convencion\/#breadcrumb\"},\"inLanguage\":\"es\",\"potentialAction\":[{\"@type\":\"ReadAction\",\"target\":[\"https:\/\/www.pressenza.com\/es\/2021\/12\/con-los-ojos-y-oidos-en-la-convencion\/\"]}]},{\"@type\":\"ImageObject\",\"inLanguage\":\"es\",\"@id\":\"https:\/\/www.pressenza.com\/es\/2021\/12\/con-los-ojos-y-oidos-en-la-convencion\/#primaryimage\",\"url\":\"https:\/\/www.pressenza.com\/wp-content\/uploads\/2021\/12\/3-4J.jpeg\",\"contentUrl\":\"https:\/\/www.pressenza.com\/wp-content\/uploads\/2021\/12\/3-4J.jpeg\",\"width\":1280,\"height\":960,\"caption\":\"Claudia Aranda\"},{\"@type\":\"BreadcrumbList\",\"@id\":\"https:\/\/www.pressenza.com\/es\/2021\/12\/con-los-ojos-y-oidos-en-la-convencion\/#breadcrumb\",\"itemListElement\":[{\"@type\":\"ListItem\",\"position\":1,\"name\":\"Accueil\",\"item\":\"https:\/\/www.pressenza.com\/es\/\"},{\"@type\":\"ListItem\",\"position\":2,\"name\":\"Con los ojos y o\u00eddos en la Convenci\u00f3n\"}]},{\"@type\":\"WebSite\",\"@id\":\"https:\/\/www.pressenza.com\/es\/#website\",\"url\":\"https:\/\/www.pressenza.com\/es\/\",\"name\":\"Pressenza\",\"description\":\"International Press Agency\",\"publisher\":{\"@id\":\"https:\/\/www.pressenza.com\/es\/#organization\"},\"potentialAction\":[{\"@type\":\"SearchAction\",\"target\":{\"@type\":\"EntryPoint\",\"urlTemplate\":\"https:\/\/www.pressenza.com\/es\/?s={search_term_string}\"},\"query-input\":{\"@type\":\"PropertyValueSpecification\",\"valueRequired\":true,\"valueName\":\"search_term_string\"}}],\"inLanguage\":\"es\"},{\"@type\":\"Organization\",\"@id\":\"https:\/\/www.pressenza.com\/es\/#organization\",\"name\":\"Pressenza\",\"url\":\"https:\/\/www.pressenza.com\/es\/\",\"logo\":{\"@type\":\"ImageObject\",\"inLanguage\":\"es\",\"@id\":\"https:\/\/www.pressenza.com\/es\/#\/schema\/logo\/image\/\",\"url\":\"https:\/\/www.pressenza.com\/wp-content\/uploads\/2022\/10\/pressenza_logo_200x200.jpg\",\"contentUrl\":\"https:\/\/www.pressenza.com\/wp-content\/uploads\/2022\/10\/pressenza_logo_200x200.jpg\",\"width\":200,\"height\":200,\"caption\":\"Pressenza\"},\"image\":{\"@id\":\"https:\/\/www.pressenza.com\/es\/#\/schema\/logo\/image\/\"},\"sameAs\":[\"https:\/\/www.facebook.com\/PressenzaItalia\",\"https:\/\/x.com\/PressenzaIPA\"]},{\"@type\":\"Person\",\"@id\":\"https:\/\/www.pressenza.com\/es\/#\/schema\/person\/d72a7c8c014dcbfa2ef9e9976103ea0d\",\"name\":\"Juan Pablo C\u00e1rdenas\",\"description\":\"Juan Pablo C\u00e1rdenas Squella es un periodista y profesor universitario de vasta trayectoria. En el 2005 recibi\u00f3 en premio nacional de Periodismo y, antes, la Pluma de Oro de la Libertad, otorgada por la Federaci\u00f3n Mundial de la Prensa. Tambi\u00e9n obtuvo el Premio Latinoamericano de Periodismo, la Houten Camara de Holanda (1989) entre otras m\u00faltiples distinciones nacionales y extranjeras. Forma parte de los sesenta periodistas del mundo considerados H\u00e9roes de la Libertad de Expresi\u00f3n, reconocimiento hecho por la Federaci\u00f3n Internacional de Periodistas. Ha sido director y columnista de las revistas Debate Universitario, An\u00e1lisis y Los Tiempos, as\u00ed como del diario electr\u00f3nico primeral\u00ednea.cl. Tambi\u00e9n fue por m\u00e1s 18 a\u00f1os director de la Radio Universidad de Chile y de su diario digital. Se ha desempe\u00f1ado como profesor de varias escuelas de periodismo de Santiago y Valpara\u00edso y en la Universidad de Chile alcanz\u00f3 el grado de profesor titular y senador universitario.\",\"url\":\"https:\/\/www.pressenza.com\/es\/author\/juan-pablo-cardenas\/\"}]}<\/script>\n<!-- \/ Yoast SEO plugin. -->","yoast_head_json":{"title":"Con los ojos y o\u00eddos en la Convenci\u00f3n","description":"Lo predecible es que quien resulte el 19 de diciembre como presidente de la Rep\u00fablica de Chile quiera completar sus cuatro a\u00f1os de gobierno. Del mismo","robots":{"index":"index","follow":"follow","max-snippet":"max-snippet:-1","max-image-preview":"max-image-preview:large","max-video-preview":"max-video-preview:-1"},"canonical":"https:\/\/www.pressenza.com\/es\/2021\/12\/con-los-ojos-y-oidos-en-la-convencion\/","og_locale":"es_ES","og_type":"article","og_title":"Con los ojos y o\u00eddos en la Convenci\u00f3n","og_description":"Lo predecible es que quien resulte el 19 de diciembre como presidente de la Rep\u00fablica de Chile quiera completar sus cuatro a\u00f1os de gobierno. Del mismo","og_url":"https:\/\/www.pressenza.com\/es\/2021\/12\/con-los-ojos-y-oidos-en-la-convencion\/","og_site_name":"Pressenza","article_publisher":"https:\/\/www.facebook.com\/PressenzaItalia","article_published_time":"2021-12-12T14:49:32+00:00","og_image":[{"width":1280,"height":960,"url":"https:\/\/www.pressenza.com\/wp-content\/uploads\/2021\/12\/3-4J.jpeg","type":"image\/jpeg"}],"author":"Juan Pablo C\u00e1rdenas","twitter_card":"summary_large_image","twitter_creator":"@PressenzaIPA","twitter_site":"@PressenzaIPA","twitter_misc":{"Escrito por":"Juan Pablo C\u00e1rdenas","Tiempo de lectura":"4 minutos"},"schema":{"@context":"https:\/\/schema.org","@graph":[{"@type":"Article","@id":"https:\/\/www.pressenza.com\/es\/2021\/12\/con-los-ojos-y-oidos-en-la-convencion\/#article","isPartOf":{"@id":"https:\/\/www.pressenza.com\/es\/2021\/12\/con-los-ojos-y-oidos-en-la-convencion\/"},"author":{"name":"Juan Pablo C\u00e1rdenas","@id":"https:\/\/www.pressenza.com\/es\/#\/schema\/person\/d72a7c8c014dcbfa2ef9e9976103ea0d"},"headline":"Con los ojos y o\u00eddos en la Convenci\u00f3n","datePublished":"2021-12-12T14:49:32+00:00","mainEntityOfPage":{"@id":"https:\/\/www.pressenza.com\/es\/2021\/12\/con-los-ojos-y-oidos-en-la-convencion\/"},"wordCount":795,"publisher":{"@id":"https:\/\/www.pressenza.com\/es\/#organization"},"image":{"@id":"https:\/\/www.pressenza.com\/es\/2021\/12\/con-los-ojos-y-oidos-en-la-convencion\/#primaryimage"},"thumbnailUrl":"https:\/\/www.pressenza.com\/wp-content\/uploads\/2021\/12\/3-4J.jpeg","keywords":["Chile","Convenci\u00f3n Constitucional"],"articleSection":["Contenido Original","Opiniones","Pol\u00edtica","Sudam\u00e9rica"],"inLanguage":"es"},{"@type":"WebPage","@id":"https:\/\/www.pressenza.com\/es\/2021\/12\/con-los-ojos-y-oidos-en-la-convencion\/","url":"https:\/\/www.pressenza.com\/es\/2021\/12\/con-los-ojos-y-oidos-en-la-convencion\/","name":"Con los ojos y o\u00eddos en la Convenci\u00f3n","isPartOf":{"@id":"https:\/\/www.pressenza.com\/es\/#website"},"primaryImageOfPage":{"@id":"https:\/\/www.pressenza.com\/es\/2021\/12\/con-los-ojos-y-oidos-en-la-convencion\/#primaryimage"},"image":{"@id":"https:\/\/www.pressenza.com\/es\/2021\/12\/con-los-ojos-y-oidos-en-la-convencion\/#primaryimage"},"thumbnailUrl":"https:\/\/www.pressenza.com\/wp-content\/uploads\/2021\/12\/3-4J.jpeg","datePublished":"2021-12-12T14:49:32+00:00","description":"Lo predecible es que quien resulte el 19 de diciembre como presidente de la Rep\u00fablica de Chile quiera completar sus cuatro a\u00f1os de gobierno. Del mismo","breadcrumb":{"@id":"https:\/\/www.pressenza.com\/es\/2021\/12\/con-los-ojos-y-oidos-en-la-convencion\/#breadcrumb"},"inLanguage":"es","potentialAction":[{"@type":"ReadAction","target":["https:\/\/www.pressenza.com\/es\/2021\/12\/con-los-ojos-y-oidos-en-la-convencion\/"]}]},{"@type":"ImageObject","inLanguage":"es","@id":"https:\/\/www.pressenza.com\/es\/2021\/12\/con-los-ojos-y-oidos-en-la-convencion\/#primaryimage","url":"https:\/\/www.pressenza.com\/wp-content\/uploads\/2021\/12\/3-4J.jpeg","contentUrl":"https:\/\/www.pressenza.com\/wp-content\/uploads\/2021\/12\/3-4J.jpeg","width":1280,"height":960,"caption":"Claudia Aranda"},{"@type":"BreadcrumbList","@id":"https:\/\/www.pressenza.com\/es\/2021\/12\/con-los-ojos-y-oidos-en-la-convencion\/#breadcrumb","itemListElement":[{"@type":"ListItem","position":1,"name":"Accueil","item":"https:\/\/www.pressenza.com\/es\/"},{"@type":"ListItem","position":2,"name":"Con los ojos y o\u00eddos en la Convenci\u00f3n"}]},{"@type":"WebSite","@id":"https:\/\/www.pressenza.com\/es\/#website","url":"https:\/\/www.pressenza.com\/es\/","name":"Pressenza","description":"International Press Agency","publisher":{"@id":"https:\/\/www.pressenza.com\/es\/#organization"},"potentialAction":[{"@type":"SearchAction","target":{"@type":"EntryPoint","urlTemplate":"https:\/\/www.pressenza.com\/es\/?s={search_term_string}"},"query-input":{"@type":"PropertyValueSpecification","valueRequired":true,"valueName":"search_term_string"}}],"inLanguage":"es"},{"@type":"Organization","@id":"https:\/\/www.pressenza.com\/es\/#organization","name":"Pressenza","url":"https:\/\/www.pressenza.com\/es\/","logo":{"@type":"ImageObject","inLanguage":"es","@id":"https:\/\/www.pressenza.com\/es\/#\/schema\/logo\/image\/","url":"https:\/\/www.pressenza.com\/wp-content\/uploads\/2022\/10\/pressenza_logo_200x200.jpg","contentUrl":"https:\/\/www.pressenza.com\/wp-content\/uploads\/2022\/10\/pressenza_logo_200x200.jpg","width":200,"height":200,"caption":"Pressenza"},"image":{"@id":"https:\/\/www.pressenza.com\/es\/#\/schema\/logo\/image\/"},"sameAs":["https:\/\/www.facebook.com\/PressenzaItalia","https:\/\/x.com\/PressenzaIPA"]},{"@type":"Person","@id":"https:\/\/www.pressenza.com\/es\/#\/schema\/person\/d72a7c8c014dcbfa2ef9e9976103ea0d","name":"Juan Pablo C\u00e1rdenas","description":"Juan Pablo C\u00e1rdenas Squella es un periodista y profesor universitario de vasta trayectoria. En el 2005 recibi\u00f3 en premio nacional de Periodismo y, antes, la Pluma de Oro de la Libertad, otorgada por la Federaci\u00f3n Mundial de la Prensa. Tambi\u00e9n obtuvo el Premio Latinoamericano de Periodismo, la Houten Camara de Holanda (1989) entre otras m\u00faltiples distinciones nacionales y extranjeras. Forma parte de los sesenta periodistas del mundo considerados H\u00e9roes de la Libertad de Expresi\u00f3n, reconocimiento hecho por la Federaci\u00f3n Internacional de Periodistas. Ha sido director y columnista de las revistas Debate Universitario, An\u00e1lisis y Los Tiempos, as\u00ed como del diario electr\u00f3nico primeral\u00ednea.cl. Tambi\u00e9n fue por m\u00e1s 18 a\u00f1os director de la Radio Universidad de Chile y de su diario digital. Se ha desempe\u00f1ado como profesor de varias escuelas de periodismo de Santiago y Valpara\u00edso y en la Universidad de Chile alcanz\u00f3 el grado de profesor titular y senador universitario.","url":"https:\/\/www.pressenza.com\/es\/author\/juan-pablo-cardenas\/"}]}},"place":"Santiago de Chile","original_article_url":"","_links":{"self":[{"href":"https:\/\/www.pressenza.com\/es\/wp-json\/wp\/v2\/posts\/1487384","targetHints":{"allow":["GET"]}}],"collection":[{"href":"https:\/\/www.pressenza.com\/es\/wp-json\/wp\/v2\/posts"}],"about":[{"href":"https:\/\/www.pressenza.com\/es\/wp-json\/wp\/v2\/types\/post"}],"author":[{"embeddable":true,"href":"https:\/\/www.pressenza.com\/es\/wp-json\/wp\/v2\/users\/1739"}],"replies":[{"embeddable":true,"href":"https:\/\/www.pressenza.com\/es\/wp-json\/wp\/v2\/comments?post=1487384"}],"version-history":[{"count":0,"href":"https:\/\/www.pressenza.com\/es\/wp-json\/wp\/v2\/posts\/1487384\/revisions"}],"wp:featuredmedia":[{"embeddable":true,"href":"https:\/\/www.pressenza.com\/es\/wp-json\/wp\/v2\/media\/1487385"}],"wp:attachment":[{"href":"https:\/\/www.pressenza.com\/es\/wp-json\/wp\/v2\/media?parent=1487384"}],"wp:term":[{"taxonomy":"category","embeddable":true,"href":"https:\/\/www.pressenza.com\/es\/wp-json\/wp\/v2\/categories?post=1487384"},{"taxonomy":"post_tag","embeddable":true,"href":"https:\/\/www.pressenza.com\/es\/wp-json\/wp\/v2\/tags?post=1487384"}],"curies":[{"name":"wp","href":"https:\/\/api.w.org\/{rel}","templated":true}]}}