{"id":1487168,"date":"2021-12-11T21:49:44","date_gmt":"2021-12-11T21:49:44","guid":{"rendered":"https:\/\/www.pressenza.com\/?p=1487168"},"modified":"2021-12-11T21:49:44","modified_gmt":"2021-12-11T21:49:44","slug":"antes-de-que-putin-nos-invada","status":"publish","type":"post","link":"https:\/\/www.pressenza.com\/es\/2021\/12\/antes-de-que-putin-nos-invada\/","title":{"rendered":"Antes de que Putin nos invada"},"content":{"rendered":"<p align=\"justify\">Ucrania, la de verdad, la de antes, fue la Rep\u00fablica m\u00e1s privilegiada de la Uni\u00f3n Sovi\u00e9tica. Sus 603\u00a0549 kil\u00f3metros cuadrados la convert\u00edan en el pa\u00eds m\u00e1s grande de Europa, heredando de la URSS el nivel de vida promedio m\u00e1s alto, un tercio de su potencial econ\u00f3mico, las tierras m\u00e1s f\u00e9rtiles del continente, una insuperable ubicaci\u00f3n geogr\u00e1fica entre Europa Central, Turqu\u00eda y Rusia, un privilegiado clima continental y mediterr\u00e1neo y para el momento de la declaraci\u00f3n de independencia, \u00e9ramos casi 52 millones de habitantes, todos biling\u00fces, el 76% con educaci\u00f3n universitaria, lo que nos pon\u00eda en el d\u00e9cimo lugar del mundo.<\/p>\n<p align=\"justify\">Ucrania como pa\u00eds ha sido un invento netamente sovi\u00e9tico, dentro de la gran utop\u00eda de un estado socialista multinacional y multicultural, unido alrededor de los valores del internacionalismo y la hermandad entre los pueblos. En la primera d\u00e9cada de la existencia de la URSS, el idioma ucraniano por primera vez en su historia fue reconocido como lengua oficial, en la Rep\u00fablica Sovi\u00e9tica Socialista de Ucrania se inici\u00f3 la educaci\u00f3n estatal en ucraniano con fuertes incentivos para el desarrollo de la cultura local, prohibida y perseguida en los tiempos del zarismo. Dentro de la Uni\u00f3n Sovi\u00e9tica a Ucrania se le agregaron varios territorios, desde la regi\u00f3n de Donbass (el centro minero de carb\u00f3n m\u00e1s rico de la zona), Crimea (el balneario m\u00e1s famoso de Rusia), y los territorios de los C\u00e1rpatos (lugares de una gran belleza natural y una larga tradici\u00f3n cultural ucraniana que se encontraban antes bajo un largo dominio imperial austro h\u00fangaro y polaco). El gobierno sovi\u00e9tico apost\u00f3 por el desarrollo de la industria ucraniana y antes de independizarse, el pa\u00eds manejaba alt\u00edsimas tecnolog\u00edas espaciales y su f\u00e1brica de aviaci\u00f3n \u201cAntonov\u201d, alcanz\u00f3 a fabricar el avi\u00f3n de carga m\u00e1s grande del mundo AN-225 \u201cMriya\u201d (\u201cSue\u00f1o\u201d). Esto sucedi\u00f3 en 1988 y existe solo un avi\u00f3n. Hace poco la OTAN renombr\u00f3 el \u201cSue\u00f1o\u201d en \u201cCossack\u201d.<\/p>\n<p align=\"justify\">Dentro del desaf\u00edo tecnol\u00f3gico en la Ucrania de entonces, se construyeron 5 centrales at\u00f3micas, entre las cuales est\u00e1 la de Zaporozhie con sus 6 bloques energ\u00e9ticos, siendo la m\u00e1s grande en Europa. Aunque la m\u00e1s tristemente c\u00e9lebre es la de Chernobyl, que en la noche del 26 de abril de 1986 sufri\u00f3 un tr\u00e1gico accidente que expuso a la mitad del viejo continente a un riesgo de contaminaci\u00f3n at\u00f3mica sin precedentes. Lejos de la versi\u00f3n manipuladora de la famosa miniserie, las peores consecuencias posibles de la cat\u00e1strofe fueron superadas gracias a la capacidad de movilizaci\u00f3n de un enorme pa\u00eds y a la participaci\u00f3n voluntaria de cientos de miles de h\u00e9roes an\u00f3nimos de toda la URSS. Da miedo imaginar qu\u00e9 hubiera sucedido si el cuarto reactor de Chernobyl explotara hoy, en medio de tanta inoperancia, corrupci\u00f3n y la descomposici\u00f3n del poder.<\/p>\n<p align=\"justify\">Desde el momento de la seudoindependencia del pa\u00eds, con un empe\u00f1o especial sus autoridades conmemoran las fechas del otro famoso \u201ccrimen del comunismo\u201d: Holodomor, la hambruna del campesinado en los a\u00f1os 1932-1933, cuando por \u00f3rdenes del gobierno sovi\u00e9tico, en el campo se requisaban las cosechas enteras para proveer el proyecto de r\u00e1pida industrializaci\u00f3n del pa\u00eds, cuando los brutales errores administrativos en las decisiones tomadas por el poder centralizado coincidieron con a\u00f1os de muy malas cosechas; un verdadero crimen de estado que provoc\u00f3 entre 2 y 4 millones de muertos. La propaganda nacionalista del gobierno presenta esto como una \u201cprueba\u201d del genocidio del pueblo ucraniano por parte de los comunistas rusos. Pero pas\u00f3 no s\u00f3lo en Ucrania y no solo con ucranianos. En el mismo periodo una similar tragedia se vivi\u00f3 en una gran zona agr\u00edcola del centro sur de Rusia, Siberia y de Kazajst\u00e1n. En vez del rigor hist\u00f3rico, en la narrativa se aplic\u00f3 el clich\u00e9 ideol\u00f3gico con el claro objetivo anticomunista y antirruso, que en Ucrania siempre van unidos.<\/p>\n<p align=\"justify\">En la Segunda Guerra Mundial, que para el pueblo ucraniano y todos los pueblos de la ex Uni\u00f3n Sovi\u00e9tica, siempre quedar\u00e1 como la Gran Guerra Patria &#8211; a pesar de la prohibici\u00f3n de este t\u00e9rmino por parte de las actuales autoridades de Kiev \u2013 en Ucrania murieron una de cada 6 personas. El mayor ejercicio de exterminio de jud\u00edos por parte de los nazis de una manera directa, \u00abmanual\u00bb, cuando todav\u00eda no usaban sus formas industrializadas para asesinarlos con gas, se hizo en una enorme quebrada de la capital ucraniana llamada Babiy Yar, en octubre del 1941, cuando los alemanes reci\u00e9n tomaron Kiev. En los territorios sovi\u00e9ticos ocupados, los fascistas aniquilaron cerca del 96% de la poblaci\u00f3n jud\u00eda. En Babiy Yar, los nazis y sus colaboradores nacionalistas ucranianos fusilaron entre 200 y 300 mil ciudadanos sovi\u00e9ticos. Una enorme mayor\u00eda de ellos fueron civiles jud\u00edos, mujeres, ni\u00f1os y viejos. Algunos a\u00f1os despu\u00e9s, antes de abandonar Kiev, frente a la contraofensiva del Ej\u00e9rcito Rojo, los genocidas durante varias semanas desenterraron y quemaron los cad\u00e1veres en Babiy Yar. Durante a\u00f1os el fondo de la quebrada no era otra cosa que grises metros de cenizas humanas.<\/p>\n<p align=\"justify\">Las actuales leyes ucranianas igualaron la ideolog\u00eda comunista a la fascista, prohibiendo las dos, aunque los neonazis ahora son due\u00f1os de los espacios p\u00fablicos hasta con protecci\u00f3n policial. Las calles de Kiev y algunas colindantes al territorio de Babiy Yar llevan nuevos nombres de los nuevos \u201ch\u00e9roes\u201d de Ucrania, nacionalistas, antisemitas y colaboradores de Hitler. El presidente de Ucrania Volodymyr Zelensky es jud\u00edo. Su gobierno igual que el anterior recibe y cumple \u00f3rdenes de la embajada norteamericana en Kiev.<\/p>\n<p align=\"justify\">Hace tres d\u00e9cadas los pol\u00edticos \u2013 ex dirigentes comunistas que optaron por mutar en capitalistas \u2013 pidieron el voto por la independencia, prometi\u00e9ndonos en un par de a\u00f1os m\u00e1s, un nivel de vida como el de Suecia y todas las libertades ciudadanas.<\/p>\n<div id=\"attachment_1486834\" class=\"wp-caption alignnone\"><img loading=\"lazy\" decoding=\"async\" aria-describedby=\"caption-attachment-1486834\" class=\"wp-image-1486834 size-full\" src=\"https:\/\/www.pressenza.com\/wp-content\/uploads\/2021\/12\/IMG_5893.jpg\" alt=\"\" width=\"1440\" height=\"1920\" srcset=\"https:\/\/www.pressenza.com\/wp-content\/uploads\/2021\/12\/IMG_5893.jpg 1440w, https:\/\/www.pressenza.com\/wp-content\/uploads\/2021\/12\/IMG_5893-225x300.jpg 225w, https:\/\/www.pressenza.com\/wp-content\/uploads\/2021\/12\/IMG_5893-768x1024.jpg 768w\" sizes=\"auto, (max-width: 1440px) 100vw, 1440px\" \/><p id=\"caption-attachment-1486834\" class=\"wp-caption-text\">Monumento de Lenin en Kiev, foto de Oleg Yasinsky<\/p><\/div>\n<p align=\"justify\">Pasaron 30 a\u00f1os de la liberaci\u00f3n de Rusia que siempre nos oprim\u00eda, seg\u00fan la doctrina oficial de los \u00faltimos gobiernos ucranianos, y ya no somos 52 millones&#8230; Simplemente ya no sabemos ahora cu\u00e1ntos somos: Seg\u00fan unas fuentes somos 44 y seg\u00fan otras no m\u00e1s de 38 millones; con la mortalidad que sigue superando a la natalidad, la emigraci\u00f3n laboral creciente. Lo que s\u00ed sabemos, es que vivimos en el pa\u00eds m\u00e1s pobre de Europa, cuya poblaci\u00f3n cada hora disminuye en 47 personas y si seguimos as\u00ed, la poblaci\u00f3n del pa\u00eds llegar\u00e1 a finales de este siglo a 22 millones. El idioma natal de la mayor\u00eda de los ucranianos (el ruso) est\u00e1 restringido en su uso institucional por no ser el \u201cidioma oficial\u201d, y de 15 mil escuelas del pa\u00eds, solo 125 dan clases en ruso. Nadie proh\u00edbe hablar ruso en la calle, pero con estas pol\u00edticas las nuevas generaciones lo entienden cada vez menos. El sistema de salud estatal y gratuito est\u00e1 pr\u00e1cticamente destruido con las reformas neoliberales y ahora con el auge de la pandemia, seg\u00fan varios testimonios el tratamiento hospitalario de COVID en caso de gravedad media puede costar a la familia del enfermo cerca de USD 4500 y en el caso grave hasta USD 15000. El sueldo promedio mensual en Ucrania es de USD 530 y la pensi\u00f3n USD 140.<\/p>\n<p align=\"justify\">Para entender un poco lo que pasa ahora detr\u00e1s de tanto ruido noticioso sobre una \u201cinminente invasi\u00f3n rusa a Ucrania\u201d retrocedamos un poco en la historia. Despu\u00e9s de la proclamaci\u00f3n de la independencia del pa\u00eds el 24 de agosto del 1991, que pr\u00e1cticamente puso fin a la existencia de la Uni\u00f3n Sovi\u00e9tica, en el poder se turnaban gobiernos aparentemente democr\u00e1ticos, ret\u00f3ricamente reformistas, y lo \u00fanico que les un\u00eda en su diversidad, fue que cada nuevo era un poco peor que el anterior. Es decir, un poco m\u00e1s corrupto, un poco m\u00e1s demag\u00f3gico y lo m\u00e1s importante, cada vez con menos protecci\u00f3n social para los ciudadanos. La vida se pon\u00eda cada vez m\u00e1s dura para la mayor\u00eda.<\/p>\n<p align=\"justify\">En el a\u00f1o 2013 el presidente Viktor Yanukovich &#8211; un corrupto oligarca de Donetsk, de orientaci\u00f3n pro-rusa y con antecedentes juveniles penales de ladr\u00f3n de gorros a los transe\u00fantes, se apuntaba a presentar su candidatura a la reelecci\u00f3n. \u00c9l era un tipo muy poco carism\u00e1tico, con alto nivel de rechazo en una gran parte del pa\u00eds, y sus asesores lo convencieron de abrir el espacio pol\u00edtico a la ultraderecha nacionalista ucraniana, ya que solo compitiendo con los nazis \u00e9l podr\u00eda tener chance de ganar las elecciones. En ese momento Yanukovich ya era odiado por otros grupos olig\u00e1rquicos del pa\u00eds, ya que siendo presidente no respet\u00f3 ninguna de sus \u201creglas\u201d y de la forma m\u00e1s brutal y cobarde tomaba control de todos los negocios que no le correspond\u00edan. Los viejos partidos pol\u00edticos estaban totalmente impopulares y desgastados, y la peque\u00f1a izquierda muy dividida y poco influyente, -entre otras cosas producto de una eficiente propaganda anticomunista en todos los medios \u2013 as\u00ed que casi la \u00fanica fuerza joven, organizada y viva resulto ser la ultraderecha nacionalista, que de inmediato pas\u00f3 a la ofensiva. Al principio del invierno del 2013 Ucrania discut\u00eda una posible entrada del pa\u00eds a la Uni\u00f3n Aduanera Euroasi\u00e1tica, creada unos a\u00f1os antes entre Rusia, Bielorrusia, Kazajst\u00e1n y Kirguist\u00e1n, como base para la construcci\u00f3n del Espacio Econ\u00f3mico Unido, llamado a reestablecer los v\u00ednculos productivos y comerciales rotos por la desintegraci\u00f3n de la Uni\u00f3n Sovi\u00e9tica.<\/p>\n<p align=\"justify\">Los manifestantes anti-yanukovich unidos a los grupos nacionalistas exigieron al gobierno suspender la b\u00fasqueda de un acuerdo con la Uni\u00f3n Aduanera Euroasi\u00e1tica, insistiendo que la pol\u00edtica de Ucrania ten\u00eda que girar hacia Europa, ya que \u201cUcrania es Europa\u201d y debe liberarse de la \u201copresi\u00f3n rusa\u201d. Las manifestaciones fueron apoyadas por las embajadas europeas y norteamericana y con un sutil manejo medi\u00e1tico de las protestas, el descontento masivo por la corrupci\u00f3n y la pobreza fue dirigido hacia la exigencia de un inmediato acercamiento pol\u00edtico a la UE y la renuncia del Presidente. El epicentro de las protestas fue la plaza central de Kiev, Maid\u00e1n de la Independencia, (la palabra turca \u201cmaid\u00e1n\u201d en ucraniano significa plaza). Las protestas masivas en el centro de Kiev duraron 3 meses, las exigencias se pon\u00edan cada vez m\u00e1s radicales y tras varios confusos accidentes, entre el 18 y 20 de febrero del 2014 las balas de francotiradores, desconocidos hasta el momento, mataron a cerca de cien manifestantes, seg\u00fan el actual gobierno ucraniano, fueron las \u201cfuerzas del orden\u201d, seg\u00fan el sentido com\u00fan, a quien menos conven\u00edan esas muertes era al presidente Yanukovich, que sab\u00eda que significar\u00edan el fin de su legitimidad. Acto seguido, la renuncia y la fuga del leg\u00edtimo presidente Viktor Yanukovich a la ciudad rusa de Rostov-na-Donu y la toma del poder en Kiev, por los manifestantes y los grupos nacionalistas armados, que no escond\u00edan sus \u00e1nimos antirrusos, acusando a Mosc\u00fa de todos los problemas de Ucrania. Algo similar, pero con mucho menos violencia pas\u00f3 en otras ciudades ucranianas, pero no en todas.<\/p>\n<p align=\"justify\">Es importante entender, que Ucrania es un pa\u00eds de una gran diversidad geogr\u00e1fica y cultural, y si su parte occidental, m\u00e1s campesina, hist\u00f3ricamente siempre habl\u00f3 ucraniano y fue base de los movimientos nacionalistas antisovi\u00e9ticos, la parte del sur y sobre todo del oriente (el actual Donbass), m\u00e1s industrializado, siempre habl\u00f3 ruso y culturalmente se sent\u00eda mucho m\u00e1s cerca de Rusia que de Europa. En general, en el pa\u00eds existen varios dialectos del ucraniano, que se diferencian bastante y en tiempos de paz hubo una larga y entretenida discusi\u00f3n: cu\u00e1l de los dialectos deber\u00eda ser considerado como la \u00abnorma\u00bb literaria. El riqu\u00edsimo folklor mitol\u00f3gico y musical ucraniano desde hace siglos fue una fuente de inspiraci\u00f3n para los m\u00e1s grandes artistas y escritores rusos. Antes del 2014, Ucrania parec\u00eda un ejemplo de una pac\u00edfica convivencia dentro de tantas diferencias y hasta los pol\u00edticos m\u00e1s irresponsables entend\u00edan los riesgos de contraponer una parte del pa\u00eds a la otra. Pero el golpe de estado nacionalista en Kiev, presentado a los medios como \u201cLa Revoluci\u00f3n de la Dignidad\u201d, no fue aceptado por los habitantes de Donbass y varias ciudades del sur y oriente del pa\u00eds que tomaron, o intentaron tomar, los edificios administrativos expresando su rechazo a este cambio del poder. De ah\u00ed en adelante la prensa occidental los llamar\u00e1 \u201cprorrusos\u201d.<\/p>\n<div id=\"attachment_1486844\" class=\"wp-caption alignnone\"><img loading=\"lazy\" decoding=\"async\" aria-describedby=\"caption-attachment-1486844\" class=\"wp-image-1486844 size-full\" src=\"https:\/\/www.pressenza.com\/wp-content\/uploads\/2021\/12\/IMG_6235.jpg\" alt=\"\" width=\"1920\" height=\"1440\" srcset=\"https:\/\/www.pressenza.com\/wp-content\/uploads\/2021\/12\/IMG_6235.jpg 1920w, https:\/\/www.pressenza.com\/wp-content\/uploads\/2021\/12\/IMG_6235-300x225.jpg 300w, https:\/\/www.pressenza.com\/wp-content\/uploads\/2021\/12\/IMG_6235-820x615.jpg 820w\" sizes=\"auto, (max-width: 1920px) 100vw, 1920px\" \/><p id=\"caption-attachment-1486844\" class=\"wp-caption-text\">Pintura de los patriotas en Kiev, foto de Oleg Yasinsky.<\/p><\/div>\n<p align=\"justify\">Pocos meses despu\u00e9s del triunfo de la \u201cRevoluci\u00f3n de la Dignidad\u201d, cuando dos peque\u00f1os territorios del extremo oriente se proclamaron \u201crep\u00fablicas independientes\u201d, el 14 de abril de 2014 el gobierno provisorio de Kiev inici\u00f3 la operaci\u00f3n militar contra Donbass rebelde, llam\u00e1ndola oficialmente ATO (\u201cOperaci\u00f3n Antiterrorista\u201d), acusando a sus adversarios de ser \u201cterroristas rusos\u201d. La primera etapa de resistencia de Donbass fue bastante improvisada, con muy pocos recursos, pero luego lleg\u00f3 la ayuda militar rusa, con tecnolog\u00eda, armas, algunos instructores militares y muchos voluntarios revueltos entre aventureros y rom\u00e1nticos de la lucha antifascista. Del dado ucraniano, aparte del ej\u00e9rcito nacional combatieron grupos paramilitares de ultraderecha, con presencia de voluntarios y mercenarios de otros pa\u00edses. La aviaci\u00f3n ucraniana bombarde\u00f3 las ciudades ucranianas de Donetsk y Lugansk, causando varias muertes entre civiles. Los combates de los primeros meses fueron especialmente sangrientos.<\/p>\n<p align=\"justify\">Un poco antes de la \u201cOperaci\u00f3n Antiterrorista\u201d, en marzo de 2014 en la Pen\u00ednsula de Crimea, entregada a Ucrania en 1954 por Nikita Khruschev como s\u00edmbolo de la \u201ceterna hermandad entre el pueblo ruso y ucraniano\u201d, se produjo una situaci\u00f3n extremadamente tensa. La gran mayor\u00eda de los crimeanos, que son de la etnia e idioma ruso, no aceptaron el nuevo gobierno de Kiev y empezaron a recibir amenazas de los nacionalistas de enviar a la pen\u00ednsula \u201ctrenes de amistad\u201d con paramilitares armados. Justamente en la ciudad de Sevastopol en Crimea est\u00e1 la base m\u00e1s importante de la flota militar rusa en el mar Negro, que es la \u00fanica salida al Mediterr\u00e1neo. Las autoridades aut\u00f3nomas de Crimea junto con el gobierno ruso, en cuesti\u00f3n de semanas organizaron un refer\u00e9ndum por la \u201creunificaci\u00f3n\u201d de Crimea con Rusia. Seg\u00fan los datos oficiales, en la votaci\u00f3n particip\u00f3 el 84% de la poblaci\u00f3n y casi un 97% de ellos vot\u00f3 a favor de volver a ser parte de Rusia. Incluso si estas cifras fueran exageradas y estuvieran calculadas con muchos elementos de fraude, nadie pone en duda que la mayor\u00eda de los habitantes de Crimea realmente apoyaron la idea de volver a Rusia.<\/p>\n<p align=\"justify\">Al contrario, para los nacionalistas ucranianos la anexi\u00f3n de Crimea por Rusia, fue la mejor \u201cprueba\u201d de que las \u201cintenciones de Putin era acabar con la independencia ucraniana\u201d. Por mucho tiempo, la situaci\u00f3n con Crimea se convirti\u00f3 en el centro de la propaganda oficial ucraniana y la mejor excusa para las sanciones econ\u00f3micas europeas contra Rusia.<\/p>\n<p align=\"justify\">En medio de muchas tensiones y una total incertidumbre para legalizar el nuevo poder ucraniano el 7 de junio de 2014 en Ucrania se realizaron elecciones presidenciales saliendo como ganador Petro Poroshenko, ex ministro, millonario, due\u00f1o de la corporaci\u00f3n alimenticia \u201cRoshen\u201d, fabricante de los mejores chocolates del pa\u00eds. Putin reconoci\u00f3 el resultado de estas elecciones. Una de las principales promesas de Poroshenko fue devolver la paz a Ucrania. Aparte de no cumplir, bajo su mandato Ucrania profundiz\u00f3 su dependencia pol\u00edtica de los EEUU, aument\u00f3 la ret\u00f3rica oficial antirrusa y cort\u00f3 todas las comunicaciones terrestres y a\u00e9reas con Rusia. A pesar de eso las f\u00e1bricas de Roshen siguen trabajando en Rusia y en las tiendas rusas como siempre se venden sus productos. Con el gobierno de Poroshenko, junto con la guerra en Donbass, se destru\u00eda el resto de la econom\u00eda nacional y la poblaci\u00f3n pasaba de la acostumbrada pobreza a la miseria de un pa\u00eds del \u201cTercer Mundo\u201d. El principal culpable de todos los males de Ucrania era el omnipresente Vladimir Putin y su \u201cguerra hibrida\u201d contra Ucrania.<\/p>\n<p align=\"justify\">En medio del absurdo del gobierno del chocolatero Poroshenko, la tv ucraniana ten\u00eda un show humor\u00edstico de muy buena calidad, del equipo de \u201c24 kvartal\u201d (\u201cBarrio 24\u201d), que con un chispeante sarcasmo social criticaba al poder, a la guerra, a los oligarcas y a los bur\u00f3cratas. La gente admiraba la valent\u00eda y el humor de los j\u00f3venes que se atrevieron en este momento a decir las duras verdades del pa\u00eds. El nombre del director art\u00edstico y el m\u00e1s destacado actor de este show era Volodymyr Zelensky. Por eso el pa\u00eds recibi\u00f3 con tanto entusiasmo la decisi\u00f3n de su artista favorito de querer participar en las elecciones presidenciales de 2019 para derrotar al oligarca nacionalista y militarista Poroshenko. Volodymyr Zelensky promet\u00eda el fin de la guerra, un gobierno con la gente y para la gente y la persecuci\u00f3n judicial a los gobernantes corruptos, empezando por su antecesor. En la segunda vuelta Zelensky obtuvo m\u00e1s del 73% de los votos. Su partido \u201cServidor del Pueblo\u201d sac\u00f3 un 43% de los votos. El nombre del partido es el de una famosa pel\u00edcula ucraniana hecha por el \u201c24 kvartal\u201d unos a\u00f1os antes, en \u00e9sta el actor Zelensky representa a un sorpresivo Presidente del pa\u00eds, so\u00f1ado por millones, que rompe las reglas del juego de la clase pol\u00edtica mafiosa y hace a su pueblo avanzar hacia un futuro europeo y civilizado.<\/p>\n<div id=\"attachment_1486855\" class=\"wp-caption alignnone\"><img loading=\"lazy\" decoding=\"async\" aria-describedby=\"caption-attachment-1486855\" class=\"wp-image-1486855 size-full\" src=\"https:\/\/www.pressenza.com\/wp-content\/uploads\/2021\/12\/IMG_8921.jpg\" alt=\"\" width=\"1440\" height=\"1920\" srcset=\"https:\/\/www.pressenza.com\/wp-content\/uploads\/2021\/12\/IMG_8921.jpg 1440w, https:\/\/www.pressenza.com\/wp-content\/uploads\/2021\/12\/IMG_8921-225x300.jpg 225w, https:\/\/www.pressenza.com\/wp-content\/uploads\/2021\/12\/IMG_8921-768x1024.jpg 768w\" sizes=\"auto, (max-width: 1440px) 100vw, 1440px\" \/><p id=\"caption-attachment-1486855\" class=\"wp-caption-text\">Uno de los nuevos h\u00e9roes Sim\u00f3n Petliura, nacionalista y antisemita , foto de Oleg Yasinsky.<\/p><\/div>\n<p align=\"justify\">Seg\u00fan el an\u00e1lisis zapatista en estos tiempos existen dos etapas de la conquista capitalista de los nuevos territorios: la primera consiste en la destrucci\u00f3n y el despoblamiento del territorio enemigo y la segunda, es la reorganizaci\u00f3n y el reordenamiento de la tierra conquistada para los intereses del nuevo due\u00f1o. A Petro Poroshenko le toc\u00f3 la parte m\u00e1s sucia de la guerra que sirvi\u00f3 como una excusa y una coartada para la destrucci\u00f3n de la industria, la ciencia, la educaci\u00f3n y la salud del pa\u00eds, poniendo sus ruinas humeantes a\u00fan, en manos de sus nuevos amos. Volodymir Zelensky est\u00e1 a cargo de lo que sigue: la ley sobre la tierra, que es una anti-reforma agraria para que las corporaciones puedan privatizar la tierra, avances tecnol\u00f3gicos e IT, para poner el pa\u00eds al servicio de los flujos financieros internacionales, la entrada de las transnacionales, la destrucci\u00f3n de los medios de comunicaci\u00f3n cr\u00edticos y los \u00faltimos ajustes legales para consolidar el control total del poder y hacer irreversible el dominio de los capitales extranjeros.<\/p>\n<p align=\"justify\">No fue Poroshenko, fue Zelensky, quien se neg\u00f3 a cumplir los acuerdos de Minsk para terminar la guerra en Donbass. Tambi\u00e9n fue su gobierno que sin juicio ni ley cerr\u00f3 tres canales de la televisi\u00f3n opositora y varios medios que le incomodaban. Es su gobierno que cada mes fabrica largas listas de sus enemigos para quitarles sus derechos y propiedades, congelar las cuentas y dejarlos sin nada. No hay ni un solo pol\u00edtico corrupto preso, pero est\u00e1 el Presidente y sus \u00abservidores del pueblo\u00bb encabezando las cifras de evasi\u00f3n de impuestos en los Papeles de Pandora. Hay asesinos nazis con cr\u00edmenes comprobados, que son liberados de las salas de los tribunales y personas detenidas y procesadas por usar un gorro con una insignia de la hoz y el martillo. Las p\u00e1ginas de internet rusas prohibidas y bloqueadas, los libros rusos prohibidos, el cierre de los medios y multas a los periodistas solo por poner en duda \u201cla agresi\u00f3n rusa\u201d. Los planes de los nuevos muros en las fronteras con Rusia y Bielorrusia y los conflictos diplom\u00e1ticos con la mayor\u00eda de los vecinos, asesinatos de pol\u00edticos y auto-atentados de los socios en el poder y un etcetera largo y triste. Un pa\u00eds destruido, saqueado y profundamente enfermo, donde los medios, d\u00eda y noche mienten sobre la guerra con Rusia y el apoyo a Ucrania por parte de todo el mundo.<\/p>\n<p align=\"justify\">Prendiendo la televisi\u00f3n en Kiev, donde no paran los marat\u00f3nicos debates de los pol\u00edticos sin debate y sin pol\u00edtica, uno se puede enterar de cosas surrealistas. Un experto afirma que por fin el mundo civilizado est\u00e1 rompiendo con China y la misi\u00f3n hist\u00f3rica de Ucrania es reemplazar a la China como proveedor de productos y servicios para este mundo civilizado, otro le interrumpe gritando que el Presidente es muy ingenuo y en los pr\u00f3ximos d\u00edas hay que armar a todo el pueblo para romper el culo al enemigo igual que siempre en nuestra historia, el siguiente dice que antes de atacarnos con tanques, Putin seguramente lanzar\u00e1 misiles y los patriotas deber\u00edamos infiltrar al ej\u00e9rcito ruso, uno m\u00e1s, grita que nuestros aliados occidentales no entienden que somos el \u00fanico escudo del mundo civilizado para defenderlo de la barbarie asi\u00e1tica rusa y si no nos quieren en la OTAN por cobardes, por lo menos nos deben enviar suficientes armas y dinero\u2026 Con este tipo de pensamiento la televisi\u00f3n est\u00e1 regando al pueblo ucraniano desde el 2014. S\u00e9 que parece exagerado, pero lamentablemente no lo es.<\/p>\n<p align=\"justify\">Con el pasar del tiempo se hace cada vez m\u00e1s evidente que la Ucrania actual no es otra cosa que un proyecto de los grandes grupos econ\u00f3micos occidentales para desestabilizar al gobierno ruso, con el fin de llevar al poder en Rusia a otras fuerzas que no se opondr\u00edan al control total de las Corporaciones sobre sus enormes riquezas naturales, si es necesario dividiendo y enfrentando regiones rusas en varias guerras locales. Por eso, esta tarea de incomodar y provocar, buscando excusas para nuevas y nuevas sanciones y los esc\u00e1ndalos medi\u00e1ticos sobre su \u201cnatural agresividad\u201d. Y lo segundo, tal vez mucho m\u00e1s importante que lo anterior: Ucrania es un laboratorio perfecto para todo tipo de ensayos en la desestabilizaci\u00f3n de Rusia por dentro. Pr\u00e1cticamente la misma cultura, con la misma mentalidad que reacciona de forma parecida a los mismos est\u00edmulos medi\u00e1ticos y sicol\u00f3gicos. Para ensayar los futuros maidanes rusos, el mejor escenario es el Maid\u00e1n de Kiev. En Rusia hay mucha injusticia y varios problemas sin resolver, as\u00ed que para el descontento social no habr\u00e1 problema. Al resto del proyecto lo complementan una lejan\u00eda del poder del pueblo y una enorme ingenuidad pol\u00edtica de la gente, igual que en la Ucrania del 2013. El gobierno ucraniano se sostiene exclusivamente con el cuento antirruso, con mucha audacia instalado en los medios y la evidente falta de una sociedad civil madura y cr\u00edtica. Muchos por razones econ\u00f3micas y pol\u00edticas est\u00e1n fuera del pa\u00eds.<\/p>\n<p align=\"justify\">El gobierno de Zelensky es la mayor desilusi\u00f3n electoral del pueblo ucraniano. Del 73% de votos en las elecciones, su aprobaci\u00f3n de hoy no supera un 25%. Entrando al invierno el pa\u00eds est\u00e1 enfrentando la mayor crisis energ\u00e9tica de su historia: los recursos de carb\u00f3n y de gas son m\u00ednimos, se prev\u00e9n cortes de electricidad y calefacci\u00f3n sin soluciones claras, los precios de todo est\u00e1n disparados, y lo m\u00e1s grave y evidente es que no hay ning\u00fan proyecto a futuro. Ucrania sigue pidiendo m\u00e1s sanciones occidentales contra Rusia y Bielorrusia, mientras est\u00e1 comprando a Bielorrusia energ\u00eda el\u00e9ctrica de emergencia para evitar un colapso total. Esto cuesta aproximadamente 5 veces m\u00e1s que su valor normal. Pero no es todo. Hace un par de d\u00edas se supo, que la energ\u00eda el\u00e9ctrica de emergencia no la compra el estado ucraniano directamente, sino que se revende por una empresa de Emiratos \u00c1rabes Unidos, seg\u00fan el esquema organizado por el jefe de la fracci\u00f3n de los Servidores del Pueblo David Arakhamia, donde al valor bielorruso se le agrega una comisi\u00f3n del 40%. Mientras, por los lejanos mares vienen hacia Ucrania los barcos con el carb\u00f3n norteamericano, otra audaz acci\u00f3n patri\u00f3tica cuya rentabilidad desconocemos todav\u00eda.<\/p>\n<p align=\"justify\">Est\u00e1 claro que en estas circunstancias un inminente ataque de Putin se ve inevitable. El Gobierno de Zelenski necesita la amenaza rusa como la \u00fanica posible salvaci\u00f3n de su gobierno de un desplome total. Incluso creando las reales situaciones de enfrentamiento, es decir, provocando y provocando. Secuestrando a los observadores militares en Donbass y luego atacando con dron turco, a pesar de todos los convenios y prohibiciones. Ahora hay una gran concentraci\u00f3n de tropas ucranianas en Donbass y maniobras militares a lo largo de toda la frontera con Bielorrusia incluyendo provocativas incursiones de la t\u00e9cnica militar ucraniana a su territorio. Hace pocas horas un barco militar ucraniano viol\u00f3 la frontera mar\u00edtima rusa y segu\u00eda su curso sin responder a las advertencias.<\/p>\n<p align=\"justify\"><a name=\"_gjdgxs\"><\/a><a name=\"_GoBack\"><\/a> Rusia claramente no busca y no quiere este conflicto, pero obviamente responder\u00eda a un ataque ucraniano contra las rep\u00fablicas de Donbass, a la entrada de Ucrania a la OTAN y a la instalaci\u00f3n de las armas de la OTAN en sus fronteras. El gobierno de Zelensky sigue ignorando estas advertencias, su ministro del exterior Dmitro Kuleba se destaca por su arrogancia y estupidez, prometiendo muerte a los \u201crusos si nos invaden\u201d y rogando a la OTAN recibir a Ucrania. Y en los diarios tiroteos de Donbass sin paz y sin futuro siguen muriendo civiles y militares.<\/p>\n","protected":false},"excerpt":{"rendered":"<p>Ucrania, la de verdad, la de antes, fue la Rep\u00fablica m\u00e1s privilegiada de la Uni\u00f3n Sovi\u00e9tica. Sus 603\u00a0549 kil\u00f3metros cuadrados la convert\u00edan en el pa\u00eds m\u00e1s grande de Europa, heredando de la URSS el nivel de vida promedio m\u00e1s alto,&hellip;<\/p>\n","protected":false},"author":1112,"featured_media":1486824,"comment_status":"closed","ping_status":"closed","sticky":false,"template":"","format":"standard","meta":{"footnotes":""},"categories":[76,11389,39],"tags":[715,8879],"class_list":["post-1487168","post","type-post","status-publish","format-standard","has-post-thumbnail","hentry","category-relaciones-exteriores","category-contenido-original","category-internacional","tag-rusia","tag-ucrania"],"yoast_head":"<!-- This site is optimized with the Yoast SEO plugin v27.1.1 - https:\/\/yoast.com\/product\/yoast-seo-wordpress\/ -->\n<title>Antes de que Putin nos invada<\/title>\n<meta name=\"description\" content=\"Ucrania, la de verdad, la de antes, fue la Rep\u00fablica m\u00e1s privilegiada de la Uni\u00f3n Sovi\u00e9tica. Sus 603\u00a0549 kil\u00f3metros cuadrados la convert\u00edan en el pa\u00eds m\u00e1s\" \/>\n<meta name=\"robots\" content=\"index, follow, max-snippet:-1, max-image-preview:large, max-video-preview:-1\" \/>\n<link rel=\"canonical\" href=\"https:\/\/www.pressenza.com\/es\/2021\/12\/antes-de-que-putin-nos-invada\/\" \/>\n<meta property=\"og:locale\" content=\"es_ES\" \/>\n<meta property=\"og:type\" content=\"article\" \/>\n<meta property=\"og:title\" content=\"Antes de que Putin nos invada\" \/>\n<meta property=\"og:description\" content=\"Ucrania, la de verdad, la de antes, fue la Rep\u00fablica m\u00e1s privilegiada de la Uni\u00f3n Sovi\u00e9tica. Sus 603\u00a0549 kil\u00f3metros cuadrados la convert\u00edan en el pa\u00eds m\u00e1s\" \/>\n<meta property=\"og:url\" content=\"https:\/\/www.pressenza.com\/es\/2021\/12\/antes-de-que-putin-nos-invada\/\" \/>\n<meta property=\"og:site_name\" content=\"Pressenza\" \/>\n<meta property=\"article:publisher\" content=\"https:\/\/www.facebook.com\/PressenzaItalia\" \/>\n<meta property=\"article:published_time\" content=\"2021-12-11T21:49:44+00:00\" \/>\n<meta property=\"og:image\" content=\"https:\/\/www.pressenza.com\/wp-content\/uploads\/2021\/12\/IMG_9120.jpg\" \/>\n\t<meta property=\"og:image:width\" content=\"1440\" \/>\n\t<meta property=\"og:image:height\" content=\"1920\" \/>\n\t<meta property=\"og:image:type\" content=\"image\/jpeg\" \/>\n<meta name=\"author\" content=\"Oleg Yasinsky\" \/>\n<meta name=\"twitter:card\" content=\"summary_large_image\" \/>\n<meta name=\"twitter:creator\" content=\"@PressenzaIPA\" \/>\n<meta name=\"twitter:site\" content=\"@PressenzaIPA\" \/>\n<meta name=\"twitter:label1\" content=\"Escrito por\" \/>\n\t<meta name=\"twitter:data1\" content=\"Oleg Yasinsky\" \/>\n\t<meta name=\"twitter:label2\" content=\"Tiempo de lectura\" \/>\n\t<meta name=\"twitter:data2\" content=\"22 minutos\" \/>\n<script type=\"application\/ld+json\" class=\"yoast-schema-graph\">{\"@context\":\"https:\/\/schema.org\",\"@graph\":[{\"@type\":\"Article\",\"@id\":\"https:\/\/www.pressenza.com\/es\/2021\/12\/antes-de-que-putin-nos-invada\/#article\",\"isPartOf\":{\"@id\":\"https:\/\/www.pressenza.com\/es\/2021\/12\/antes-de-que-putin-nos-invada\/\"},\"author\":{\"name\":\"Oleg Yasinsky\",\"@id\":\"https:\/\/www.pressenza.com\/es\/#\/schema\/person\/85b1f2e3cd892fe5d7e34200345f84d0\"},\"headline\":\"Antes de que Putin nos invada\",\"datePublished\":\"2021-12-11T21:49:44+00:00\",\"mainEntityOfPage\":{\"@id\":\"https:\/\/www.pressenza.com\/es\/2021\/12\/antes-de-que-putin-nos-invada\/\"},\"wordCount\":4396,\"publisher\":{\"@id\":\"https:\/\/www.pressenza.com\/es\/#organization\"},\"image\":{\"@id\":\"https:\/\/www.pressenza.com\/es\/2021\/12\/antes-de-que-putin-nos-invada\/#primaryimage\"},\"thumbnailUrl\":\"https:\/\/www.pressenza.com\/wp-content\/uploads\/2021\/12\/IMG_9120.jpg\",\"keywords\":[\"Rusia\",\"Ucrania\"],\"articleSection\":[\"Asuntos internacionales\",\"Contenido Original\",\"Internacional\"],\"inLanguage\":\"es\"},{\"@type\":\"WebPage\",\"@id\":\"https:\/\/www.pressenza.com\/es\/2021\/12\/antes-de-que-putin-nos-invada\/\",\"url\":\"https:\/\/www.pressenza.com\/es\/2021\/12\/antes-de-que-putin-nos-invada\/\",\"name\":\"Antes de que Putin nos invada\",\"isPartOf\":{\"@id\":\"https:\/\/www.pressenza.com\/es\/#website\"},\"primaryImageOfPage\":{\"@id\":\"https:\/\/www.pressenza.com\/es\/2021\/12\/antes-de-que-putin-nos-invada\/#primaryimage\"},\"image\":{\"@id\":\"https:\/\/www.pressenza.com\/es\/2021\/12\/antes-de-que-putin-nos-invada\/#primaryimage\"},\"thumbnailUrl\":\"https:\/\/www.pressenza.com\/wp-content\/uploads\/2021\/12\/IMG_9120.jpg\",\"datePublished\":\"2021-12-11T21:49:44+00:00\",\"description\":\"Ucrania, la de verdad, la de antes, fue la Rep\u00fablica m\u00e1s privilegiada de la Uni\u00f3n Sovi\u00e9tica. Sus 603\u00a0549 kil\u00f3metros cuadrados la convert\u00edan en el pa\u00eds m\u00e1s\",\"breadcrumb\":{\"@id\":\"https:\/\/www.pressenza.com\/es\/2021\/12\/antes-de-que-putin-nos-invada\/#breadcrumb\"},\"inLanguage\":\"es\",\"potentialAction\":[{\"@type\":\"ReadAction\",\"target\":[\"https:\/\/www.pressenza.com\/es\/2021\/12\/antes-de-que-putin-nos-invada\/\"]}]},{\"@type\":\"ImageObject\",\"inLanguage\":\"es\",\"@id\":\"https:\/\/www.pressenza.com\/es\/2021\/12\/antes-de-que-putin-nos-invada\/#primaryimage\",\"url\":\"https:\/\/www.pressenza.com\/wp-content\/uploads\/2021\/12\/IMG_9120.jpg\",\"contentUrl\":\"https:\/\/www.pressenza.com\/wp-content\/uploads\/2021\/12\/IMG_9120.jpg\",\"width\":1440,\"height\":1920,\"caption\":\"Oleg Yasinsky\"},{\"@type\":\"BreadcrumbList\",\"@id\":\"https:\/\/www.pressenza.com\/es\/2021\/12\/antes-de-que-putin-nos-invada\/#breadcrumb\",\"itemListElement\":[{\"@type\":\"ListItem\",\"position\":1,\"name\":\"Accueil\",\"item\":\"https:\/\/www.pressenza.com\/es\/\"},{\"@type\":\"ListItem\",\"position\":2,\"name\":\"Antes de que Putin nos invada\"}]},{\"@type\":\"WebSite\",\"@id\":\"https:\/\/www.pressenza.com\/es\/#website\",\"url\":\"https:\/\/www.pressenza.com\/es\/\",\"name\":\"Pressenza\",\"description\":\"International Press Agency\",\"publisher\":{\"@id\":\"https:\/\/www.pressenza.com\/es\/#organization\"},\"potentialAction\":[{\"@type\":\"SearchAction\",\"target\":{\"@type\":\"EntryPoint\",\"urlTemplate\":\"https:\/\/www.pressenza.com\/es\/?s={search_term_string}\"},\"query-input\":{\"@type\":\"PropertyValueSpecification\",\"valueRequired\":true,\"valueName\":\"search_term_string\"}}],\"inLanguage\":\"es\"},{\"@type\":\"Organization\",\"@id\":\"https:\/\/www.pressenza.com\/es\/#organization\",\"name\":\"Pressenza\",\"url\":\"https:\/\/www.pressenza.com\/es\/\",\"logo\":{\"@type\":\"ImageObject\",\"inLanguage\":\"es\",\"@id\":\"https:\/\/www.pressenza.com\/es\/#\/schema\/logo\/image\/\",\"url\":\"https:\/\/www.pressenza.com\/wp-content\/uploads\/2022\/10\/pressenza_logo_200x200.jpg\",\"contentUrl\":\"https:\/\/www.pressenza.com\/wp-content\/uploads\/2022\/10\/pressenza_logo_200x200.jpg\",\"width\":200,\"height\":200,\"caption\":\"Pressenza\"},\"image\":{\"@id\":\"https:\/\/www.pressenza.com\/es\/#\/schema\/logo\/image\/\"},\"sameAs\":[\"https:\/\/www.facebook.com\/PressenzaItalia\",\"https:\/\/x.com\/PressenzaIPA\"]},{\"@type\":\"Person\",\"@id\":\"https:\/\/www.pressenza.com\/es\/#\/schema\/person\/85b1f2e3cd892fe5d7e34200345f84d0\",\"name\":\"Oleg Yasinsky\",\"description\":\"Periodista independiente de or\u00edgen ucraniano, residente en Mosc\u00fa.\",\"url\":\"https:\/\/www.pressenza.com\/es\/author\/oleg-yasinsky-2\/\"}]}<\/script>\n<!-- \/ Yoast SEO plugin. -->","yoast_head_json":{"title":"Antes de que Putin nos invada","description":"Ucrania, la de verdad, la de antes, fue la Rep\u00fablica m\u00e1s privilegiada de la Uni\u00f3n Sovi\u00e9tica. Sus 603\u00a0549 kil\u00f3metros cuadrados la convert\u00edan en el pa\u00eds m\u00e1s","robots":{"index":"index","follow":"follow","max-snippet":"max-snippet:-1","max-image-preview":"max-image-preview:large","max-video-preview":"max-video-preview:-1"},"canonical":"https:\/\/www.pressenza.com\/es\/2021\/12\/antes-de-que-putin-nos-invada\/","og_locale":"es_ES","og_type":"article","og_title":"Antes de que Putin nos invada","og_description":"Ucrania, la de verdad, la de antes, fue la Rep\u00fablica m\u00e1s privilegiada de la Uni\u00f3n Sovi\u00e9tica. Sus 603\u00a0549 kil\u00f3metros cuadrados la convert\u00edan en el pa\u00eds m\u00e1s","og_url":"https:\/\/www.pressenza.com\/es\/2021\/12\/antes-de-que-putin-nos-invada\/","og_site_name":"Pressenza","article_publisher":"https:\/\/www.facebook.com\/PressenzaItalia","article_published_time":"2021-12-11T21:49:44+00:00","og_image":[{"width":1440,"height":1920,"url":"https:\/\/www.pressenza.com\/wp-content\/uploads\/2021\/12\/IMG_9120.jpg","type":"image\/jpeg"}],"author":"Oleg Yasinsky","twitter_card":"summary_large_image","twitter_creator":"@PressenzaIPA","twitter_site":"@PressenzaIPA","twitter_misc":{"Escrito por":"Oleg Yasinsky","Tiempo de lectura":"22 minutos"},"schema":{"@context":"https:\/\/schema.org","@graph":[{"@type":"Article","@id":"https:\/\/www.pressenza.com\/es\/2021\/12\/antes-de-que-putin-nos-invada\/#article","isPartOf":{"@id":"https:\/\/www.pressenza.com\/es\/2021\/12\/antes-de-que-putin-nos-invada\/"},"author":{"name":"Oleg Yasinsky","@id":"https:\/\/www.pressenza.com\/es\/#\/schema\/person\/85b1f2e3cd892fe5d7e34200345f84d0"},"headline":"Antes de que Putin nos invada","datePublished":"2021-12-11T21:49:44+00:00","mainEntityOfPage":{"@id":"https:\/\/www.pressenza.com\/es\/2021\/12\/antes-de-que-putin-nos-invada\/"},"wordCount":4396,"publisher":{"@id":"https:\/\/www.pressenza.com\/es\/#organization"},"image":{"@id":"https:\/\/www.pressenza.com\/es\/2021\/12\/antes-de-que-putin-nos-invada\/#primaryimage"},"thumbnailUrl":"https:\/\/www.pressenza.com\/wp-content\/uploads\/2021\/12\/IMG_9120.jpg","keywords":["Rusia","Ucrania"],"articleSection":["Asuntos internacionales","Contenido Original","Internacional"],"inLanguage":"es"},{"@type":"WebPage","@id":"https:\/\/www.pressenza.com\/es\/2021\/12\/antes-de-que-putin-nos-invada\/","url":"https:\/\/www.pressenza.com\/es\/2021\/12\/antes-de-que-putin-nos-invada\/","name":"Antes de que Putin nos invada","isPartOf":{"@id":"https:\/\/www.pressenza.com\/es\/#website"},"primaryImageOfPage":{"@id":"https:\/\/www.pressenza.com\/es\/2021\/12\/antes-de-que-putin-nos-invada\/#primaryimage"},"image":{"@id":"https:\/\/www.pressenza.com\/es\/2021\/12\/antes-de-que-putin-nos-invada\/#primaryimage"},"thumbnailUrl":"https:\/\/www.pressenza.com\/wp-content\/uploads\/2021\/12\/IMG_9120.jpg","datePublished":"2021-12-11T21:49:44+00:00","description":"Ucrania, la de verdad, la de antes, fue la Rep\u00fablica m\u00e1s privilegiada de la Uni\u00f3n Sovi\u00e9tica. Sus 603\u00a0549 kil\u00f3metros cuadrados la convert\u00edan en el pa\u00eds m\u00e1s","breadcrumb":{"@id":"https:\/\/www.pressenza.com\/es\/2021\/12\/antes-de-que-putin-nos-invada\/#breadcrumb"},"inLanguage":"es","potentialAction":[{"@type":"ReadAction","target":["https:\/\/www.pressenza.com\/es\/2021\/12\/antes-de-que-putin-nos-invada\/"]}]},{"@type":"ImageObject","inLanguage":"es","@id":"https:\/\/www.pressenza.com\/es\/2021\/12\/antes-de-que-putin-nos-invada\/#primaryimage","url":"https:\/\/www.pressenza.com\/wp-content\/uploads\/2021\/12\/IMG_9120.jpg","contentUrl":"https:\/\/www.pressenza.com\/wp-content\/uploads\/2021\/12\/IMG_9120.jpg","width":1440,"height":1920,"caption":"Oleg Yasinsky"},{"@type":"BreadcrumbList","@id":"https:\/\/www.pressenza.com\/es\/2021\/12\/antes-de-que-putin-nos-invada\/#breadcrumb","itemListElement":[{"@type":"ListItem","position":1,"name":"Accueil","item":"https:\/\/www.pressenza.com\/es\/"},{"@type":"ListItem","position":2,"name":"Antes de que Putin nos invada"}]},{"@type":"WebSite","@id":"https:\/\/www.pressenza.com\/es\/#website","url":"https:\/\/www.pressenza.com\/es\/","name":"Pressenza","description":"International Press Agency","publisher":{"@id":"https:\/\/www.pressenza.com\/es\/#organization"},"potentialAction":[{"@type":"SearchAction","target":{"@type":"EntryPoint","urlTemplate":"https:\/\/www.pressenza.com\/es\/?s={search_term_string}"},"query-input":{"@type":"PropertyValueSpecification","valueRequired":true,"valueName":"search_term_string"}}],"inLanguage":"es"},{"@type":"Organization","@id":"https:\/\/www.pressenza.com\/es\/#organization","name":"Pressenza","url":"https:\/\/www.pressenza.com\/es\/","logo":{"@type":"ImageObject","inLanguage":"es","@id":"https:\/\/www.pressenza.com\/es\/#\/schema\/logo\/image\/","url":"https:\/\/www.pressenza.com\/wp-content\/uploads\/2022\/10\/pressenza_logo_200x200.jpg","contentUrl":"https:\/\/www.pressenza.com\/wp-content\/uploads\/2022\/10\/pressenza_logo_200x200.jpg","width":200,"height":200,"caption":"Pressenza"},"image":{"@id":"https:\/\/www.pressenza.com\/es\/#\/schema\/logo\/image\/"},"sameAs":["https:\/\/www.facebook.com\/PressenzaItalia","https:\/\/x.com\/PressenzaIPA"]},{"@type":"Person","@id":"https:\/\/www.pressenza.com\/es\/#\/schema\/person\/85b1f2e3cd892fe5d7e34200345f84d0","name":"Oleg Yasinsky","description":"Periodista independiente de or\u00edgen ucraniano, residente en Mosc\u00fa.","url":"https:\/\/www.pressenza.com\/es\/author\/oleg-yasinsky-2\/"}]}},"place":"Ucrania","original_article_url":"","_links":{"self":[{"href":"https:\/\/www.pressenza.com\/es\/wp-json\/wp\/v2\/posts\/1487168","targetHints":{"allow":["GET"]}}],"collection":[{"href":"https:\/\/www.pressenza.com\/es\/wp-json\/wp\/v2\/posts"}],"about":[{"href":"https:\/\/www.pressenza.com\/es\/wp-json\/wp\/v2\/types\/post"}],"author":[{"embeddable":true,"href":"https:\/\/www.pressenza.com\/es\/wp-json\/wp\/v2\/users\/1112"}],"replies":[{"embeddable":true,"href":"https:\/\/www.pressenza.com\/es\/wp-json\/wp\/v2\/comments?post=1487168"}],"version-history":[{"count":0,"href":"https:\/\/www.pressenza.com\/es\/wp-json\/wp\/v2\/posts\/1487168\/revisions"}],"wp:featuredmedia":[{"embeddable":true,"href":"https:\/\/www.pressenza.com\/es\/wp-json\/wp\/v2\/media\/1486824"}],"wp:attachment":[{"href":"https:\/\/www.pressenza.com\/es\/wp-json\/wp\/v2\/media?parent=1487168"}],"wp:term":[{"taxonomy":"category","embeddable":true,"href":"https:\/\/www.pressenza.com\/es\/wp-json\/wp\/v2\/categories?post=1487168"},{"taxonomy":"post_tag","embeddable":true,"href":"https:\/\/www.pressenza.com\/es\/wp-json\/wp\/v2\/tags?post=1487168"}],"curies":[{"name":"wp","href":"https:\/\/api.w.org\/{rel}","templated":true}]}}