{"id":1487,"date":"2009-09-30T00:00:00","date_gmt":"2009-09-30T00:00:00","guid":{"rendered":""},"modified":"2009-09-30T22:11:52","modified_gmt":"2009-09-30T22:11:52","slug":"el-punto-de-partida-de-la-marcha-mundial","status":"publish","type":"post","link":"https:\/\/www.pressenza.com\/es\/2009\/09\/el-punto-de-partida-de-la-marcha-mundial\/","title":{"rendered":"El Punto de partida de la Marcha Mundial"},"content":{"rendered":"<p>A medida que se congregan los miembros del equipo base en Wellington, Nueva Zelanda, Pressenza se propuso investigar los or\u00edgenes de la Marcha Mundial, sus objetivos, el por qu\u00e9 de  su punto de partida en Nueva Zelanda, entre otros temas. La Marcha Mundial comenzar\u00e1 el pr\u00f3ximo viernes 2 de Octubre a las 09:30 frente a la estatua de Gandhi en Wellington, Nueva Zelanda.<\/p>\n<p>La Marcha surge de una iniciativa de \u201cMundo Sin Guerras\u201d que plantea en el 2008 la posibilidad de realizar una marcha de este tipo. La intenci\u00f3n es acabar con las guerras en el mundo.  Rafael de la Rubia, coordinador de \u201cMundo sin Guerras\u201d propone esta iniciativa en distintos foros e interlocutores hace ya m\u00e1s de 15 a\u00f1os.<\/p>\n<p>En una [conversaci\u00f3n del 12 de junio del 2008](http:\/\/www.scribd.com\/doc\/20459476\/20080612-Conversa-con-el-N-sobre-la-MM), la iniciativa recibe un contundente apoyo de Silo. En esa reuni\u00f3n, Silo visualiza esta iniciativa como prioritaria porque \u201cEl mayor problema son las armas nucleares que imponen unas condiciones de di\u00e1logo y de juegos de fuerza en las cuales quien no tiene armas nucleares tiene que \u201caceptar\u201d el modelo econ\u00f3mico, jur\u00eddico, cultural, etc. de quienes si las tienen. Sin lugar a duda el tema de las armas nucleares es la ra\u00edz del problema sobre el que se sustenta este sistema, mas all\u00e1 de la econom\u00eda incluso. Si un pa\u00eds tiene una econom\u00eda pujante, pero no tiene armas nucleares, en cualquier momento de crisis o se doblega o le tiran una bomba y la econom\u00eda no le sirve para nada. As\u00ed de brutales est\u00e1n quedando las cosas en el mundo actual.\u201d. <\/p>\n<p>El objetivo de la Marcha es desarrollar una conciencia activa y no violenta sobre esta necesidad urgente, de modo que sean las poblaciones las que puedan presionar a los gobiernos y a los que deciden. <\/p>\n<p>Ya en Septiembre del 2006 Silo hab\u00eda planteado en un spot de 30 segundos la necesidad del desarme nuclear inmediato, as\u00ed como el retiro de las tropas invasoras de todos los territorios invadidos.<\/p>\n<p><center><embed id=VideoPlayback src=http:\/\/video.google.com\/googleplayer.swf?docid=4706832845185881583&#038;hl=es&#038;fs=true style=width:400px;height:326px allowFullScreen=true allowScriptAccess=always type=application\/x-shockwave-flash> <\/embed><\/center><\/p>\n<p>El 15 de noviembre de 2008, Rafael de la Rubia en el [lanzamiento oficial de la MM](http:\/\/www.theworldmarch.org\/docs\/eng\/WMBulletin-03-eng.pdf) realizado en el Parque de Estudio y Reflexi\u00f3n Punta de Vacas, Argentina y lugar de cierre de la Marcha Mundial, establece el objetivo de \u201ccrear conciencia de que la \u00fanica v\u00eda es la de la Paz\u201d y de que por fin \u201csalgamos de la prehistoria humana\u201d.<\/p>\n<p>Otro punto importante de su objetivo es su car\u00e1cter mundial y abierto a todas las organizaciones y personas, por lo que la Marcha Mundial es mucho m\u00e1s que el trayecto de un equipo base que recorre 160.000 kms sino que es una iniciativa de actividades que realizan personas en todos los lugares y simult\u00e1neamente por la Paz y la No-violencia.<br \/>\n\u201cSon iniciativas surgidas en la mayor\u00eda de los casos en la base social. Muchas de ellas tienen ese perfil de algo novedoso, innovador, fuera de lo rutinario. Con mucha impronta, imaginaci\u00f3n, en muchos casos con tono l\u00fadico y festivo\u2026  Ideas de toda \u00edndole para llevar a cabo de aqu\u00ed al inicio de la Marcha y durante el transcurso de la misma. Asociaciones y redes, la ense\u00f1anza, el deporte, municipios, naciones, Premios N\u00f3beles, astronautas, intelectuales, cient\u00edficos, parlamentarios y pol\u00edticos, juristas, m\u00fasicos, cantantes, actores, dibujantes, dise\u00f1adores y un largo etc\u00e9tera hasta m\u00e1s de dos mil, ya han abrazado esta aspiraci\u00f3n mundial\u201d.<\/p>\n<p>\u201cDestacamos la importancia de tres mega-conciertos (Praga, Dakar y Santiago de Chile) y del proyecto de conciertos en todas las ciudades por d\u00f3nde pase, incluso con conciertos simult\u00e1neos en lugares de conflictos, tales como India-Pakist\u00e1n, las dos Coreas y M\u00e9xico-EEUU\u201d. \u201cLa MM puede ayudar en fronteras conflictivas o cerradas\u201d, explicaba De la Rubia.<\/p>\n<p>El punto de partida elegido es Nueva Zelanda, que es el primer pa\u00eds en declararse como territorio libre de la energ\u00eda nuclear en 1987. Ya en 1985, Nueva Zelanda se opone a los ensayos nucleares franceses en el Atol\u00f3n de Muroroa y en junio de 1987, emite el [Acta de Territorio Libre de Energ\u00eda Nuclear](http:\/\/en.wikipedia.org\/wiki\/New_Zealand_Nuclear_Free_Zone,_Disarmament,_and_Arms_Control_Act_1987).<\/p>\n<p>Por otro lado el 2 de Octubre de 2007, se inaugura en Wellington la [estatua en tama\u00f1o real de Mahatma Gandhi](http:\/\/www.wellington.govt.nz\/news\/display-item.php?id=3027), en los momentos en que inicia la Marcha de la Sal. El 2 de Octubre fue declarado el D\u00eda Internacional de la No-violencia por las Naciones Unidas en homenaje al nacimiento de Gandhi.<\/p>\n<p>[La Marcha de la Sal](http:\/\/en.wikipedia.org\/wiki\/Salt_March), es un antecedente de la Marcha Mundial por la Paz y la No-violencia. Iniciada en 1930 por Gandhi, recorri\u00f3 390 kms. entre Ahmedabad y Dandi. Marc\u00f3 el comienzo de la desobediencia civil al impuesto ingl\u00e9s a la sal y cambi\u00f3 a la opini\u00f3n p\u00fablica mundial y a la de Inglaterra sobre la necesidad de la Independencia de la India.<\/p>\n<p>En la foto, se puede observa al corresponsal de Pressenza, Micky Hirsch, ya en Wellington d\u00e1ndole la mano a la estatua de Gandhi, que en su base cita una de [las famosas frases de Gandhi](http:\/\/thinkexist.com\/quotes\/mahatma_gandhi\/): \u201cDebemos convertirnos en el cambio que queremos ver en el mundo\u201d. Con el amanecer del 2 de Octubre y desde ese lugar, se dar\u00e1 inicio a esta primera Marcha Mundial que durante tres meses recorrer\u00e1 el mundo.<\/p>\n","protected":false},"excerpt":{"rendered":"<p>A medida que se congregan los miembros del equipo base en Wellington, Nueva Zelanda, Pressenza se propuso investigar los or\u00edgenes de la Marcha Mundial, sus objetivos, el por qu\u00e9 de su punto de partida en Nueva Zelanda, entre otros temas. La Marcha Mundial comienza el 2 de Octubre. M\u00e1s de 300 eventos se realizar\u00e1n ese d\u00eda en diferentes ciudades del mundo.<\/p>\n","protected":false},"author":19,"featured_media":0,"comment_status":"closed","ping_status":"open","sticky":false,"template":"","format":"standard","meta":{"footnotes":""},"categories":[76,39,70],"tags":[],"class_list":["post-1487","post","type-post","status-publish","format-standard","hentry","category-relaciones-exteriores","category-internacional","category-oceania-region-es"],"yoast_head":"<!-- This site is optimized with the Yoast SEO plugin v27.1.1 - https:\/\/yoast.com\/product\/yoast-seo-wordpress\/ -->\n<title>El Punto de partida de la Marcha Mundial<\/title>\n<meta name=\"description\" content=\"A medida que se congregan los miembros del equipo base en Wellington, Nueva Zelanda, Pressenza se propuso investigar los or\u00edgenes de la Marcha Mundial, sus objetivos, el por qu\u00e9 de su punto de partida en Nueva Zelanda, entre otros temas. La Marcha Mundial comienza el 2 de Octubre. M\u00e1s de 300 eventos se realizar\u00e1n ese d\u00eda en diferentes ciudades del mundo.\" \/>\n<meta name=\"robots\" content=\"index, follow, max-snippet:-1, max-image-preview:large, max-video-preview:-1\" \/>\n<link rel=\"canonical\" href=\"https:\/\/www.pressenza.com\/es\/2009\/09\/el-punto-de-partida-de-la-marcha-mundial\/\" \/>\n<meta property=\"og:locale\" content=\"es_ES\" \/>\n<meta property=\"og:type\" content=\"article\" \/>\n<meta property=\"og:title\" content=\"El Punto de partida de la Marcha Mundial\" \/>\n<meta property=\"og:description\" content=\"A medida que se congregan los miembros del equipo base en Wellington, Nueva Zelanda, Pressenza se propuso investigar los or\u00edgenes de la Marcha Mundial, sus objetivos, el por qu\u00e9 de su punto de partida en Nueva Zelanda, entre otros temas. La Marcha Mundial comienza el 2 de Octubre. M\u00e1s de 300 eventos se realizar\u00e1n ese d\u00eda en diferentes ciudades del mundo.\" \/>\n<meta property=\"og:url\" content=\"https:\/\/www.pressenza.com\/es\/2009\/09\/el-punto-de-partida-de-la-marcha-mundial\/\" \/>\n<meta property=\"og:site_name\" content=\"Pressenza\" \/>\n<meta property=\"article:publisher\" content=\"https:\/\/www.facebook.com\/PressenzaItalia\" \/>\n<meta property=\"article:author\" content=\"https:\/\/www.facebook.com\/pressenza\" \/>\n<meta property=\"article:published_time\" content=\"2009-09-30T00:00:00+00:00\" \/>\n<meta property=\"article:modified_time\" content=\"2009-09-30T22:11:52+00:00\" \/>\n<meta name=\"author\" content=\"Pressenza IPA\" \/>\n<meta name=\"twitter:card\" content=\"summary_large_image\" \/>\n<meta name=\"twitter:creator\" content=\"@PressenzaIPA\" \/>\n<meta name=\"twitter:site\" content=\"@PressenzaIPA\" \/>\n<meta name=\"twitter:label1\" content=\"Escrito por\" \/>\n\t<meta name=\"twitter:data1\" content=\"Pressenza IPA\" \/>\n\t<meta name=\"twitter:label2\" content=\"Tiempo de lectura\" \/>\n\t<meta name=\"twitter:data2\" content=\"5 minutos\" \/>\n<script type=\"application\/ld+json\" class=\"yoast-schema-graph\">{\"@context\":\"https:\/\/schema.org\",\"@graph\":[{\"@type\":\"Article\",\"@id\":\"https:\/\/www.pressenza.com\/es\/2009\/09\/el-punto-de-partida-de-la-marcha-mundial\/#article\",\"isPartOf\":{\"@id\":\"https:\/\/www.pressenza.com\/es\/2009\/09\/el-punto-de-partida-de-la-marcha-mundial\/\"},\"author\":{\"name\":\"Pressenza IPA\",\"@id\":\"https:\/\/www.pressenza.com\/es\/#\/schema\/person\/010e5d02bcf40965427a1289a4cc8d75\"},\"headline\":\"El Punto de partida de la Marcha Mundial\",\"datePublished\":\"2009-09-30T00:00:00+00:00\",\"dateModified\":\"2009-09-30T22:11:52+00:00\",\"mainEntityOfPage\":{\"@id\":\"https:\/\/www.pressenza.com\/es\/2009\/09\/el-punto-de-partida-de-la-marcha-mundial\/\"},\"wordCount\":935,\"publisher\":{\"@id\":\"https:\/\/www.pressenza.com\/es\/#organization\"},\"articleSection\":[\"Asuntos internacionales\",\"Internacional\",\"Oceania\"],\"inLanguage\":\"es\"},{\"@type\":\"WebPage\",\"@id\":\"https:\/\/www.pressenza.com\/es\/2009\/09\/el-punto-de-partida-de-la-marcha-mundial\/\",\"url\":\"https:\/\/www.pressenza.com\/es\/2009\/09\/el-punto-de-partida-de-la-marcha-mundial\/\",\"name\":\"El Punto de partida de la Marcha Mundial\",\"isPartOf\":{\"@id\":\"https:\/\/www.pressenza.com\/es\/#website\"},\"datePublished\":\"2009-09-30T00:00:00+00:00\",\"dateModified\":\"2009-09-30T22:11:52+00:00\",\"description\":\"A medida que se congregan los miembros del equipo base en Wellington, Nueva Zelanda, Pressenza se propuso investigar los or\u00edgenes de la Marcha Mundial, sus objetivos, el por qu\u00e9 de su punto de partida en Nueva Zelanda, entre otros temas. La Marcha Mundial comienza el 2 de Octubre. M\u00e1s de 300 eventos se realizar\u00e1n ese d\u00eda en diferentes ciudades del mundo.\",\"breadcrumb\":{\"@id\":\"https:\/\/www.pressenza.com\/es\/2009\/09\/el-punto-de-partida-de-la-marcha-mundial\/#breadcrumb\"},\"inLanguage\":\"es\",\"potentialAction\":[{\"@type\":\"ReadAction\",\"target\":[\"https:\/\/www.pressenza.com\/es\/2009\/09\/el-punto-de-partida-de-la-marcha-mundial\/\"]}]},{\"@type\":\"BreadcrumbList\",\"@id\":\"https:\/\/www.pressenza.com\/es\/2009\/09\/el-punto-de-partida-de-la-marcha-mundial\/#breadcrumb\",\"itemListElement\":[{\"@type\":\"ListItem\",\"position\":1,\"name\":\"Accueil\",\"item\":\"https:\/\/www.pressenza.com\/es\/\"},{\"@type\":\"ListItem\",\"position\":2,\"name\":\"El Punto de partida de la Marcha Mundial\"}]},{\"@type\":\"WebSite\",\"@id\":\"https:\/\/www.pressenza.com\/es\/#website\",\"url\":\"https:\/\/www.pressenza.com\/es\/\",\"name\":\"Pressenza\",\"description\":\"International Press Agency\",\"publisher\":{\"@id\":\"https:\/\/www.pressenza.com\/es\/#organization\"},\"potentialAction\":[{\"@type\":\"SearchAction\",\"target\":{\"@type\":\"EntryPoint\",\"urlTemplate\":\"https:\/\/www.pressenza.com\/es\/?s={search_term_string}\"},\"query-input\":{\"@type\":\"PropertyValueSpecification\",\"valueRequired\":true,\"valueName\":\"search_term_string\"}}],\"inLanguage\":\"es\"},{\"@type\":\"Organization\",\"@id\":\"https:\/\/www.pressenza.com\/es\/#organization\",\"name\":\"Pressenza\",\"url\":\"https:\/\/www.pressenza.com\/es\/\",\"logo\":{\"@type\":\"ImageObject\",\"inLanguage\":\"es\",\"@id\":\"https:\/\/www.pressenza.com\/es\/#\/schema\/logo\/image\/\",\"url\":\"https:\/\/www.pressenza.com\/wp-content\/uploads\/2022\/10\/pressenza_logo_200x200.jpg\",\"contentUrl\":\"https:\/\/www.pressenza.com\/wp-content\/uploads\/2022\/10\/pressenza_logo_200x200.jpg\",\"width\":200,\"height\":200,\"caption\":\"Pressenza\"},\"image\":{\"@id\":\"https:\/\/www.pressenza.com\/es\/#\/schema\/logo\/image\/\"},\"sameAs\":[\"https:\/\/www.facebook.com\/PressenzaItalia\",\"https:\/\/x.com\/PressenzaIPA\"]},{\"@type\":\"Person\",\"@id\":\"https:\/\/www.pressenza.com\/es\/#\/schema\/person\/010e5d02bcf40965427a1289a4cc8d75\",\"name\":\"Pressenza IPA\",\"description\":\"News from Pressenza IPA correspondents\",\"sameAs\":[\"https:\/\/www.facebook.com\/pressenza\",\"https:\/\/x.com\/PressenzaIPA\"],\"url\":\"https:\/\/www.pressenza.com\/es\/author\/pressenza-ipa\/\"}]}<\/script>\n<!-- \/ Yoast SEO plugin. -->","yoast_head_json":{"title":"El Punto de partida de la Marcha Mundial","description":"A medida que se congregan los miembros del equipo base en Wellington, Nueva Zelanda, Pressenza se propuso investigar los or\u00edgenes de la Marcha Mundial, sus objetivos, el por qu\u00e9 de su punto de partida en Nueva Zelanda, entre otros temas. La Marcha Mundial comienza el 2 de Octubre. M\u00e1s de 300 eventos se realizar\u00e1n ese d\u00eda en diferentes ciudades del mundo.","robots":{"index":"index","follow":"follow","max-snippet":"max-snippet:-1","max-image-preview":"max-image-preview:large","max-video-preview":"max-video-preview:-1"},"canonical":"https:\/\/www.pressenza.com\/es\/2009\/09\/el-punto-de-partida-de-la-marcha-mundial\/","og_locale":"es_ES","og_type":"article","og_title":"El Punto de partida de la Marcha Mundial","og_description":"A medida que se congregan los miembros del equipo base en Wellington, Nueva Zelanda, Pressenza se propuso investigar los or\u00edgenes de la Marcha Mundial, sus objetivos, el por qu\u00e9 de su punto de partida en Nueva Zelanda, entre otros temas. La Marcha Mundial comienza el 2 de Octubre. M\u00e1s de 300 eventos se realizar\u00e1n ese d\u00eda en diferentes ciudades del mundo.","og_url":"https:\/\/www.pressenza.com\/es\/2009\/09\/el-punto-de-partida-de-la-marcha-mundial\/","og_site_name":"Pressenza","article_publisher":"https:\/\/www.facebook.com\/PressenzaItalia","article_author":"https:\/\/www.facebook.com\/pressenza","article_published_time":"2009-09-30T00:00:00+00:00","article_modified_time":"2009-09-30T22:11:52+00:00","author":"Pressenza IPA","twitter_card":"summary_large_image","twitter_creator":"@PressenzaIPA","twitter_site":"@PressenzaIPA","twitter_misc":{"Escrito por":"Pressenza IPA","Tiempo de lectura":"5 minutos"},"schema":{"@context":"https:\/\/schema.org","@graph":[{"@type":"Article","@id":"https:\/\/www.pressenza.com\/es\/2009\/09\/el-punto-de-partida-de-la-marcha-mundial\/#article","isPartOf":{"@id":"https:\/\/www.pressenza.com\/es\/2009\/09\/el-punto-de-partida-de-la-marcha-mundial\/"},"author":{"name":"Pressenza IPA","@id":"https:\/\/www.pressenza.com\/es\/#\/schema\/person\/010e5d02bcf40965427a1289a4cc8d75"},"headline":"El Punto de partida de la Marcha Mundial","datePublished":"2009-09-30T00:00:00+00:00","dateModified":"2009-09-30T22:11:52+00:00","mainEntityOfPage":{"@id":"https:\/\/www.pressenza.com\/es\/2009\/09\/el-punto-de-partida-de-la-marcha-mundial\/"},"wordCount":935,"publisher":{"@id":"https:\/\/www.pressenza.com\/es\/#organization"},"articleSection":["Asuntos internacionales","Internacional","Oceania"],"inLanguage":"es"},{"@type":"WebPage","@id":"https:\/\/www.pressenza.com\/es\/2009\/09\/el-punto-de-partida-de-la-marcha-mundial\/","url":"https:\/\/www.pressenza.com\/es\/2009\/09\/el-punto-de-partida-de-la-marcha-mundial\/","name":"El Punto de partida de la Marcha Mundial","isPartOf":{"@id":"https:\/\/www.pressenza.com\/es\/#website"},"datePublished":"2009-09-30T00:00:00+00:00","dateModified":"2009-09-30T22:11:52+00:00","description":"A medida que se congregan los miembros del equipo base en Wellington, Nueva Zelanda, Pressenza se propuso investigar los or\u00edgenes de la Marcha Mundial, sus objetivos, el por qu\u00e9 de su punto de partida en Nueva Zelanda, entre otros temas. La Marcha Mundial comienza el 2 de Octubre. M\u00e1s de 300 eventos se realizar\u00e1n ese d\u00eda en diferentes ciudades del mundo.","breadcrumb":{"@id":"https:\/\/www.pressenza.com\/es\/2009\/09\/el-punto-de-partida-de-la-marcha-mundial\/#breadcrumb"},"inLanguage":"es","potentialAction":[{"@type":"ReadAction","target":["https:\/\/www.pressenza.com\/es\/2009\/09\/el-punto-de-partida-de-la-marcha-mundial\/"]}]},{"@type":"BreadcrumbList","@id":"https:\/\/www.pressenza.com\/es\/2009\/09\/el-punto-de-partida-de-la-marcha-mundial\/#breadcrumb","itemListElement":[{"@type":"ListItem","position":1,"name":"Accueil","item":"https:\/\/www.pressenza.com\/es\/"},{"@type":"ListItem","position":2,"name":"El Punto de partida de la Marcha Mundial"}]},{"@type":"WebSite","@id":"https:\/\/www.pressenza.com\/es\/#website","url":"https:\/\/www.pressenza.com\/es\/","name":"Pressenza","description":"International Press Agency","publisher":{"@id":"https:\/\/www.pressenza.com\/es\/#organization"},"potentialAction":[{"@type":"SearchAction","target":{"@type":"EntryPoint","urlTemplate":"https:\/\/www.pressenza.com\/es\/?s={search_term_string}"},"query-input":{"@type":"PropertyValueSpecification","valueRequired":true,"valueName":"search_term_string"}}],"inLanguage":"es"},{"@type":"Organization","@id":"https:\/\/www.pressenza.com\/es\/#organization","name":"Pressenza","url":"https:\/\/www.pressenza.com\/es\/","logo":{"@type":"ImageObject","inLanguage":"es","@id":"https:\/\/www.pressenza.com\/es\/#\/schema\/logo\/image\/","url":"https:\/\/www.pressenza.com\/wp-content\/uploads\/2022\/10\/pressenza_logo_200x200.jpg","contentUrl":"https:\/\/www.pressenza.com\/wp-content\/uploads\/2022\/10\/pressenza_logo_200x200.jpg","width":200,"height":200,"caption":"Pressenza"},"image":{"@id":"https:\/\/www.pressenza.com\/es\/#\/schema\/logo\/image\/"},"sameAs":["https:\/\/www.facebook.com\/PressenzaItalia","https:\/\/x.com\/PressenzaIPA"]},{"@type":"Person","@id":"https:\/\/www.pressenza.com\/es\/#\/schema\/person\/010e5d02bcf40965427a1289a4cc8d75","name":"Pressenza IPA","description":"News from Pressenza IPA correspondents","sameAs":["https:\/\/www.facebook.com\/pressenza","https:\/\/x.com\/PressenzaIPA"],"url":"https:\/\/www.pressenza.com\/es\/author\/pressenza-ipa\/"}]}},"place":"Wellington","original_article_url":"","_links":{"self":[{"href":"https:\/\/www.pressenza.com\/es\/wp-json\/wp\/v2\/posts\/1487","targetHints":{"allow":["GET"]}}],"collection":[{"href":"https:\/\/www.pressenza.com\/es\/wp-json\/wp\/v2\/posts"}],"about":[{"href":"https:\/\/www.pressenza.com\/es\/wp-json\/wp\/v2\/types\/post"}],"author":[{"embeddable":true,"href":"https:\/\/www.pressenza.com\/es\/wp-json\/wp\/v2\/users\/19"}],"replies":[{"embeddable":true,"href":"https:\/\/www.pressenza.com\/es\/wp-json\/wp\/v2\/comments?post=1487"}],"version-history":[{"count":0,"href":"https:\/\/www.pressenza.com\/es\/wp-json\/wp\/v2\/posts\/1487\/revisions"}],"wp:attachment":[{"href":"https:\/\/www.pressenza.com\/es\/wp-json\/wp\/v2\/media?parent=1487"}],"wp:term":[{"taxonomy":"category","embeddable":true,"href":"https:\/\/www.pressenza.com\/es\/wp-json\/wp\/v2\/categories?post=1487"},{"taxonomy":"post_tag","embeddable":true,"href":"https:\/\/www.pressenza.com\/es\/wp-json\/wp\/v2\/tags?post=1487"}],"curies":[{"name":"wp","href":"https:\/\/api.w.org\/{rel}","templated":true}]}}