{"id":1481906,"date":"2021-12-02T15:30:33","date_gmt":"2021-12-02T15:30:33","guid":{"rendered":"https:\/\/www.pressenza.com\/?p=1481906"},"modified":"2021-12-02T15:34:28","modified_gmt":"2021-12-02T15:34:28","slug":"espana-piden-al-congreso-de-los-diputados-que-no-considere-a-los-funcionarios-de-prision-como-agentes-de-autoridad","status":"publish","type":"post","link":"https:\/\/www.pressenza.com\/es\/2021\/12\/espana-piden-al-congreso-de-los-diputados-que-no-considere-a-los-funcionarios-de-prision-como-agentes-de-autoridad\/","title":{"rendered":"Espa\u00f1a: Piden al Congreso de los Diputados que no considere a los funcionarios de prisi\u00f3n como agentes de autoridad"},"content":{"rendered":"<p style=\"padding-left: 40px;\"><em>26 organizaciones solicitan al Congreso de los Diputados que den marcha atr\u00e1s y no se apruebe que los funcionarios de prisiones sean considerados agentes de la autoridad<\/em><\/p>\n<p style=\"padding-left: 40px;\"><em>Aseguran que la enmienda propuesta por Unidas Podemos y PSOE abre las puertas a la policializaci\u00f3n de los funcionarios de prisiones, as\u00ed como a un aumento de la arbitrariedad en las decisiones que afectan a las personas presas.<\/em><\/p>\n<p>En un comunicado publicado esta ma\u00f1ana un total de 27 organizaciones han manifestado su \u00ab<strong>absoluto rechazo<\/strong>\u00bb a la enmienda formulada por el PSOE y Unidas Podemos a la ley mordaza, que reconoce a los funcionarios de prisiones como agentes de la autoridad. Por tal motivo, los colectivos han registrado una petici\u00f3n dirigida a las portavoc\u00edas de los grupos parlamentarios que componen la Comisi\u00f3n de Interior del Congreso, con la finalidad de \u00ab<strong>frenar una modificaci\u00f3n legislativa que implicar\u00eda una nueva regresi\u00f3n democr\u00e1tica<\/strong>\u00bb.<\/p>\n<p>Seg\u00fan fuentes de las organizaciones sociales, esta propuesta \u00ab<strong>implica romper con el consenso establecido en la Ley General Penitenciaria aprobada en el a\u00f1o 1979<\/strong>\u00bb. Esa norma, tal y como aclaran los colectivos, \u00absupuso un salto democr\u00e1tico, ya que <strong>cre\u00f3 un cuerpo civil<\/strong> para la gesti\u00f3n de los centros penitenciarios, en contra de lo que suced\u00eda durante el r\u00e9gimen franquista\u00bb. En este sentido, la enmienda \u00ab<strong>abre las puertas a la policializaci\u00f3n de los funcionarios de prisi\u00f3n<\/strong>\u00bb, ya que, de conformidad con los principios constitucionales, \u00ab<strong>los criterios que han de guiar su actuaci\u00f3n son de \u00edndole tratamental y no de r\u00e9gimen ni orden p\u00fablico<\/strong>\u00bb.<\/p>\n<p>En opini\u00f3n de los colectivos, esta reforma constituye \u00abel <strong>abandono del paradigma rehabilitador que te\u00f3ricamente debe guiar el funcionamiento del sistema penitenciario<\/strong>\u00bb. En su lugar, afirman que esta enmienda implanta un modelo en el que \u00ablas personas privadas de libertad podr\u00e1n ser sancionadas por hechos leves tanto por la v\u00eda administrativa-penitenciaria, como tambi\u00e9n en la v\u00eda penal, generando un aumento de los casos en los que se acuse y condene por atentado, resistencia o desobediencia a agentes de la autoridad\u00bb. Adem\u00e1s, esta reforma tambi\u00e9n supondr\u00e1 \u00abun <strong>incremento de las dificultades para denunciar situaciones de maltrato en contexto de privaci\u00f3n de libertad<\/strong>\u00bb. De esta manera, la <strong>presunci\u00f3n de veracidad<\/strong> de los funcionarios de c\u00e1rcel, que pretende introducir la reforma, \u00ab<strong>actuar\u00e1 como un elemento disuasorio<\/strong> a la hora de presentar denuncias e iniciar procedimientos ante una eventual contradenuncia por parte de los funcionarios\u00bb. Asimismo, se\u00f1alan, aumenta el margen de arbitrariedad en los expedientes sancionadores, incluidos aquellos que afectan gravemente a derechos fundamentales, como los aislamientos en celda.<\/p>\n<p>Las organizaciones sociales han puesto de manifiesto su desconcierto respecto a esta enmienda, dado que esta propuesta se presenta poco tiempo despu\u00e9s de haber publicado el Comit\u00e9 para la Prevenci\u00f3n de la Tortura (CPT) del Consejo de Europa su informe tras su \u00faltima visita al Estado espa\u00f1ol. Respecto a la situaci\u00f3n de los centros penitenciarios, el CPT ha afirmado que \u00ab<strong>sigue existiendo un patr\u00f3n de malos tratos f\u00edsicos infligidos por los funcionarios de prisiones<\/strong> como reacci\u00f3n desproporcionada y punitiva al comportamiento recalcitrante de los presos\u00bb. Seg\u00fan la delegaci\u00f3n del CPT, las denuncias efectuadas por las personas privadas de libertad no pueden ser tratadas como resultado de las acciones de uno o dos funcionarios, \u00absino que representan una <strong>cultura m\u00e1s profunda de abuso de poder e impunidad<\/strong> entre ciertos funcionarios de prisiones que trabajan en estas c\u00e1rceles\u00bb. Por todo ello, las organizaciones sociales han solicitado esta ma\u00f1ana a los grupos parlamentarios que den marcha atr\u00e1s en esta reforma que supondr\u00eda \u00ab<strong>un paso atr\u00e1s en la garant\u00eda de los derechos de las personas privadas de libertad y un paso adelante en la consolidaci\u00f3n de la cultura de abuso de poder e impunidad denunciada por el Consejo de Europa<\/strong>\u00bb.Piden<\/p>\n","protected":false},"excerpt":{"rendered":"<p>26 organizaciones solicitan al Congreso de los Diputados que den marcha atr\u00e1s y no se apruebe que los funcionarios de prisiones sean considerados agentes de la autoridad Aseguran que la enmienda propuesta por Unidas Podemos y PSOE abre las puertas&hellip;<\/p>\n","protected":false},"author":1542,"featured_media":1481910,"comment_status":"closed","ping_status":"closed","sticky":false,"template":"","format":"standard","meta":{"footnotes":""},"categories":[149,79,66],"tags":[97268,23133],"class_list":["post-1481906","post","type-post","status-publish","format-standard","has-post-thumbnail","hentry","category-comunicados-de-prensa","category-derechos-humanos","category-europa-es","tag-funcionarios","tag-prisiones"],"yoast_head":"<!-- This site is optimized with the Yoast SEO plugin v27.1.1 - https:\/\/yoast.com\/product\/yoast-seo-wordpress\/ -->\n<title>Espa\u00f1a: Piden al Congreso de los Diputados que no considere a los funcionarios de prisi\u00f3n como agentes de autoridad<\/title>\n<meta name=\"description\" content=\"26 organizaciones solicitan al Congreso de los Diputados que den marcha atr\u00e1s y no se apruebe que los funcionarios de prisiones sean considerados agentes\" \/>\n<meta name=\"robots\" content=\"index, follow, max-snippet:-1, max-image-preview:large, max-video-preview:-1\" \/>\n<link rel=\"canonical\" href=\"https:\/\/www.pressenza.com\/es\/2021\/12\/espana-piden-al-congreso-de-los-diputados-que-no-considere-a-los-funcionarios-de-prision-como-agentes-de-autoridad\/\" \/>\n<meta property=\"og:locale\" content=\"es_ES\" \/>\n<meta property=\"og:type\" content=\"article\" \/>\n<meta property=\"og:title\" content=\"Espa\u00f1a: Piden al Congreso de los Diputados que no considere a los funcionarios de prisi\u00f3n como agentes de autoridad\" \/>\n<meta property=\"og:description\" content=\"26 organizaciones solicitan al Congreso de los Diputados que den marcha atr\u00e1s y no se apruebe que los funcionarios de prisiones sean considerados agentes\" \/>\n<meta property=\"og:url\" content=\"https:\/\/www.pressenza.com\/es\/2021\/12\/espana-piden-al-congreso-de-los-diputados-que-no-considere-a-los-funcionarios-de-prision-como-agentes-de-autoridad\/\" \/>\n<meta property=\"og:site_name\" content=\"Pressenza\" \/>\n<meta property=\"article:publisher\" content=\"https:\/\/www.facebook.com\/PressenzaItalia\" \/>\n<meta property=\"article:published_time\" content=\"2021-12-02T15:30:33+00:00\" \/>\n<meta property=\"article:modified_time\" content=\"2021-12-02T15:34:28+00:00\" \/>\n<meta property=\"og:image\" content=\"https:\/\/www.pressenza.com\/wp-content\/uploads\/2021\/12\/carcel.jpg\" \/>\n\t<meta property=\"og:image:width\" content=\"600\" \/>\n\t<meta property=\"og:image:height\" content=\"391\" \/>\n\t<meta property=\"og:image:type\" content=\"image\/jpeg\" \/>\n<meta name=\"author\" content=\"Asociaci\u00f3n Pro Derechos Humanos de Andaluc\u00eda (APDHA)\" \/>\n<meta name=\"twitter:card\" content=\"summary_large_image\" \/>\n<meta name=\"twitter:creator\" content=\"@PressenzaIPA\" \/>\n<meta name=\"twitter:site\" content=\"@PressenzaIPA\" \/>\n<meta name=\"twitter:label1\" content=\"Escrito por\" \/>\n\t<meta name=\"twitter:data1\" content=\"Asociaci\u00f3n Pro Derechos Humanos de Andaluc\u00eda (APDHA)\" \/>\n\t<meta name=\"twitter:label2\" content=\"Tiempo de lectura\" \/>\n\t<meta name=\"twitter:data2\" content=\"3 minutos\" \/>\n<script type=\"application\/ld+json\" class=\"yoast-schema-graph\">{\"@context\":\"https:\/\/schema.org\",\"@graph\":[{\"@type\":\"Article\",\"@id\":\"https:\/\/www.pressenza.com\/es\/2021\/12\/espana-piden-al-congreso-de-los-diputados-que-no-considere-a-los-funcionarios-de-prision-como-agentes-de-autoridad\/#article\",\"isPartOf\":{\"@id\":\"https:\/\/www.pressenza.com\/es\/2021\/12\/espana-piden-al-congreso-de-los-diputados-que-no-considere-a-los-funcionarios-de-prision-como-agentes-de-autoridad\/\"},\"author\":{\"name\":\"Asociaci\u00f3n Pro Derechos Humanos de Andaluc\u00eda (APDHA)\",\"@id\":\"https:\/\/www.pressenza.com\/es\/#\/schema\/person\/56539d338f9dde4fe54c8771b432ed21\"},\"headline\":\"Espa\u00f1a: Piden al Congreso de los Diputados que no considere a los funcionarios de prisi\u00f3n como agentes de autoridad\",\"datePublished\":\"2021-12-02T15:30:33+00:00\",\"dateModified\":\"2021-12-02T15:34:28+00:00\",\"mainEntityOfPage\":{\"@id\":\"https:\/\/www.pressenza.com\/es\/2021\/12\/espana-piden-al-congreso-de-los-diputados-que-no-considere-a-los-funcionarios-de-prision-como-agentes-de-autoridad\/\"},\"wordCount\":678,\"publisher\":{\"@id\":\"https:\/\/www.pressenza.com\/es\/#organization\"},\"image\":{\"@id\":\"https:\/\/www.pressenza.com\/es\/2021\/12\/espana-piden-al-congreso-de-los-diputados-que-no-considere-a-los-funcionarios-de-prision-como-agentes-de-autoridad\/#primaryimage\"},\"thumbnailUrl\":\"https:\/\/www.pressenza.com\/wp-content\/uploads\/2021\/12\/carcel.jpg\",\"keywords\":[\"funcionarios\",\"prisiones\"],\"articleSection\":[\"Comunicados de Prensa\",\"Derechos Humanos\",\"Europa\"],\"inLanguage\":\"es\"},{\"@type\":\"WebPage\",\"@id\":\"https:\/\/www.pressenza.com\/es\/2021\/12\/espana-piden-al-congreso-de-los-diputados-que-no-considere-a-los-funcionarios-de-prision-como-agentes-de-autoridad\/\",\"url\":\"https:\/\/www.pressenza.com\/es\/2021\/12\/espana-piden-al-congreso-de-los-diputados-que-no-considere-a-los-funcionarios-de-prision-como-agentes-de-autoridad\/\",\"name\":\"Espa\u00f1a: Piden al Congreso de los Diputados que no considere a los funcionarios de prisi\u00f3n como agentes de autoridad\",\"isPartOf\":{\"@id\":\"https:\/\/www.pressenza.com\/es\/#website\"},\"primaryImageOfPage\":{\"@id\":\"https:\/\/www.pressenza.com\/es\/2021\/12\/espana-piden-al-congreso-de-los-diputados-que-no-considere-a-los-funcionarios-de-prision-como-agentes-de-autoridad\/#primaryimage\"},\"image\":{\"@id\":\"https:\/\/www.pressenza.com\/es\/2021\/12\/espana-piden-al-congreso-de-los-diputados-que-no-considere-a-los-funcionarios-de-prision-como-agentes-de-autoridad\/#primaryimage\"},\"thumbnailUrl\":\"https:\/\/www.pressenza.com\/wp-content\/uploads\/2021\/12\/carcel.jpg\",\"datePublished\":\"2021-12-02T15:30:33+00:00\",\"dateModified\":\"2021-12-02T15:34:28+00:00\",\"description\":\"26 organizaciones solicitan al Congreso de los Diputados que den marcha atr\u00e1s y no se apruebe que los funcionarios de prisiones sean considerados agentes\",\"breadcrumb\":{\"@id\":\"https:\/\/www.pressenza.com\/es\/2021\/12\/espana-piden-al-congreso-de-los-diputados-que-no-considere-a-los-funcionarios-de-prision-como-agentes-de-autoridad\/#breadcrumb\"},\"inLanguage\":\"es\",\"potentialAction\":[{\"@type\":\"ReadAction\",\"target\":[\"https:\/\/www.pressenza.com\/es\/2021\/12\/espana-piden-al-congreso-de-los-diputados-que-no-considere-a-los-funcionarios-de-prision-como-agentes-de-autoridad\/\"]}]},{\"@type\":\"ImageObject\",\"inLanguage\":\"es\",\"@id\":\"https:\/\/www.pressenza.com\/es\/2021\/12\/espana-piden-al-congreso-de-los-diputados-que-no-considere-a-los-funcionarios-de-prision-como-agentes-de-autoridad\/#primaryimage\",\"url\":\"https:\/\/www.pressenza.com\/wp-content\/uploads\/2021\/12\/carcel.jpg\",\"contentUrl\":\"https:\/\/www.pressenza.com\/wp-content\/uploads\/2021\/12\/carcel.jpg\",\"width\":600,\"height\":391},{\"@type\":\"BreadcrumbList\",\"@id\":\"https:\/\/www.pressenza.com\/es\/2021\/12\/espana-piden-al-congreso-de-los-diputados-que-no-considere-a-los-funcionarios-de-prision-como-agentes-de-autoridad\/#breadcrumb\",\"itemListElement\":[{\"@type\":\"ListItem\",\"position\":1,\"name\":\"Accueil\",\"item\":\"https:\/\/www.pressenza.com\/es\/\"},{\"@type\":\"ListItem\",\"position\":2,\"name\":\"Espa\u00f1a: Piden al Congreso de los Diputados que no considere a los funcionarios de prisi\u00f3n como agentes de autoridad\"}]},{\"@type\":\"WebSite\",\"@id\":\"https:\/\/www.pressenza.com\/es\/#website\",\"url\":\"https:\/\/www.pressenza.com\/es\/\",\"name\":\"Pressenza\",\"description\":\"International Press Agency\",\"publisher\":{\"@id\":\"https:\/\/www.pressenza.com\/es\/#organization\"},\"potentialAction\":[{\"@type\":\"SearchAction\",\"target\":{\"@type\":\"EntryPoint\",\"urlTemplate\":\"https:\/\/www.pressenza.com\/es\/?s={search_term_string}\"},\"query-input\":{\"@type\":\"PropertyValueSpecification\",\"valueRequired\":true,\"valueName\":\"search_term_string\"}}],\"inLanguage\":\"es\"},{\"@type\":\"Organization\",\"@id\":\"https:\/\/www.pressenza.com\/es\/#organization\",\"name\":\"Pressenza\",\"url\":\"https:\/\/www.pressenza.com\/es\/\",\"logo\":{\"@type\":\"ImageObject\",\"inLanguage\":\"es\",\"@id\":\"https:\/\/www.pressenza.com\/es\/#\/schema\/logo\/image\/\",\"url\":\"https:\/\/www.pressenza.com\/wp-content\/uploads\/2022\/10\/pressenza_logo_200x200.jpg\",\"contentUrl\":\"https:\/\/www.pressenza.com\/wp-content\/uploads\/2022\/10\/pressenza_logo_200x200.jpg\",\"width\":200,\"height\":200,\"caption\":\"Pressenza\"},\"image\":{\"@id\":\"https:\/\/www.pressenza.com\/es\/#\/schema\/logo\/image\/\"},\"sameAs\":[\"https:\/\/www.facebook.com\/PressenzaItalia\",\"https:\/\/x.com\/PressenzaIPA\"]},{\"@type\":\"Person\",\"@id\":\"https:\/\/www.pressenza.com\/es\/#\/schema\/person\/56539d338f9dde4fe54c8771b432ed21\",\"name\":\"Asociaci\u00f3n Pro Derechos Humanos de Andaluc\u00eda (APDHA)\",\"description\":\"La Asociaci\u00f3n Pro Derechos Humanos de Andaluc\u00eda (APDHA) trabaja con el objetivo de lograr que las personas sean libres e iguales en dignidad y derechos\",\"sameAs\":[\"https:\/\/www.apdha.org\"],\"url\":\"https:\/\/www.pressenza.com\/es\/author\/apdha\/\"}]}<\/script>\n<!-- \/ Yoast SEO plugin. -->","yoast_head_json":{"title":"Espa\u00f1a: Piden al Congreso de los Diputados que no considere a los funcionarios de prisi\u00f3n como agentes de autoridad","description":"26 organizaciones solicitan al Congreso de los Diputados que den marcha atr\u00e1s y no se apruebe que los funcionarios de prisiones sean considerados agentes","robots":{"index":"index","follow":"follow","max-snippet":"max-snippet:-1","max-image-preview":"max-image-preview:large","max-video-preview":"max-video-preview:-1"},"canonical":"https:\/\/www.pressenza.com\/es\/2021\/12\/espana-piden-al-congreso-de-los-diputados-que-no-considere-a-los-funcionarios-de-prision-como-agentes-de-autoridad\/","og_locale":"es_ES","og_type":"article","og_title":"Espa\u00f1a: Piden al Congreso de los Diputados que no considere a los funcionarios de prisi\u00f3n como agentes de autoridad","og_description":"26 organizaciones solicitan al Congreso de los Diputados que den marcha atr\u00e1s y no se apruebe que los funcionarios de prisiones sean considerados agentes","og_url":"https:\/\/www.pressenza.com\/es\/2021\/12\/espana-piden-al-congreso-de-los-diputados-que-no-considere-a-los-funcionarios-de-prision-como-agentes-de-autoridad\/","og_site_name":"Pressenza","article_publisher":"https:\/\/www.facebook.com\/PressenzaItalia","article_published_time":"2021-12-02T15:30:33+00:00","article_modified_time":"2021-12-02T15:34:28+00:00","og_image":[{"width":600,"height":391,"url":"https:\/\/www.pressenza.com\/wp-content\/uploads\/2021\/12\/carcel.jpg","type":"image\/jpeg"}],"author":"Asociaci\u00f3n Pro Derechos Humanos de Andaluc\u00eda (APDHA)","twitter_card":"summary_large_image","twitter_creator":"@PressenzaIPA","twitter_site":"@PressenzaIPA","twitter_misc":{"Escrito por":"Asociaci\u00f3n Pro Derechos Humanos de Andaluc\u00eda (APDHA)","Tiempo de lectura":"3 minutos"},"schema":{"@context":"https:\/\/schema.org","@graph":[{"@type":"Article","@id":"https:\/\/www.pressenza.com\/es\/2021\/12\/espana-piden-al-congreso-de-los-diputados-que-no-considere-a-los-funcionarios-de-prision-como-agentes-de-autoridad\/#article","isPartOf":{"@id":"https:\/\/www.pressenza.com\/es\/2021\/12\/espana-piden-al-congreso-de-los-diputados-que-no-considere-a-los-funcionarios-de-prision-como-agentes-de-autoridad\/"},"author":{"name":"Asociaci\u00f3n Pro Derechos Humanos de Andaluc\u00eda (APDHA)","@id":"https:\/\/www.pressenza.com\/es\/#\/schema\/person\/56539d338f9dde4fe54c8771b432ed21"},"headline":"Espa\u00f1a: Piden al Congreso de los Diputados que no considere a los funcionarios de prisi\u00f3n como agentes de autoridad","datePublished":"2021-12-02T15:30:33+00:00","dateModified":"2021-12-02T15:34:28+00:00","mainEntityOfPage":{"@id":"https:\/\/www.pressenza.com\/es\/2021\/12\/espana-piden-al-congreso-de-los-diputados-que-no-considere-a-los-funcionarios-de-prision-como-agentes-de-autoridad\/"},"wordCount":678,"publisher":{"@id":"https:\/\/www.pressenza.com\/es\/#organization"},"image":{"@id":"https:\/\/www.pressenza.com\/es\/2021\/12\/espana-piden-al-congreso-de-los-diputados-que-no-considere-a-los-funcionarios-de-prision-como-agentes-de-autoridad\/#primaryimage"},"thumbnailUrl":"https:\/\/www.pressenza.com\/wp-content\/uploads\/2021\/12\/carcel.jpg","keywords":["funcionarios","prisiones"],"articleSection":["Comunicados de Prensa","Derechos Humanos","Europa"],"inLanguage":"es"},{"@type":"WebPage","@id":"https:\/\/www.pressenza.com\/es\/2021\/12\/espana-piden-al-congreso-de-los-diputados-que-no-considere-a-los-funcionarios-de-prision-como-agentes-de-autoridad\/","url":"https:\/\/www.pressenza.com\/es\/2021\/12\/espana-piden-al-congreso-de-los-diputados-que-no-considere-a-los-funcionarios-de-prision-como-agentes-de-autoridad\/","name":"Espa\u00f1a: Piden al Congreso de los Diputados que no considere a los funcionarios de prisi\u00f3n como agentes de autoridad","isPartOf":{"@id":"https:\/\/www.pressenza.com\/es\/#website"},"primaryImageOfPage":{"@id":"https:\/\/www.pressenza.com\/es\/2021\/12\/espana-piden-al-congreso-de-los-diputados-que-no-considere-a-los-funcionarios-de-prision-como-agentes-de-autoridad\/#primaryimage"},"image":{"@id":"https:\/\/www.pressenza.com\/es\/2021\/12\/espana-piden-al-congreso-de-los-diputados-que-no-considere-a-los-funcionarios-de-prision-como-agentes-de-autoridad\/#primaryimage"},"thumbnailUrl":"https:\/\/www.pressenza.com\/wp-content\/uploads\/2021\/12\/carcel.jpg","datePublished":"2021-12-02T15:30:33+00:00","dateModified":"2021-12-02T15:34:28+00:00","description":"26 organizaciones solicitan al Congreso de los Diputados que den marcha atr\u00e1s y no se apruebe que los funcionarios de prisiones sean considerados agentes","breadcrumb":{"@id":"https:\/\/www.pressenza.com\/es\/2021\/12\/espana-piden-al-congreso-de-los-diputados-que-no-considere-a-los-funcionarios-de-prision-como-agentes-de-autoridad\/#breadcrumb"},"inLanguage":"es","potentialAction":[{"@type":"ReadAction","target":["https:\/\/www.pressenza.com\/es\/2021\/12\/espana-piden-al-congreso-de-los-diputados-que-no-considere-a-los-funcionarios-de-prision-como-agentes-de-autoridad\/"]}]},{"@type":"ImageObject","inLanguage":"es","@id":"https:\/\/www.pressenza.com\/es\/2021\/12\/espana-piden-al-congreso-de-los-diputados-que-no-considere-a-los-funcionarios-de-prision-como-agentes-de-autoridad\/#primaryimage","url":"https:\/\/www.pressenza.com\/wp-content\/uploads\/2021\/12\/carcel.jpg","contentUrl":"https:\/\/www.pressenza.com\/wp-content\/uploads\/2021\/12\/carcel.jpg","width":600,"height":391},{"@type":"BreadcrumbList","@id":"https:\/\/www.pressenza.com\/es\/2021\/12\/espana-piden-al-congreso-de-los-diputados-que-no-considere-a-los-funcionarios-de-prision-como-agentes-de-autoridad\/#breadcrumb","itemListElement":[{"@type":"ListItem","position":1,"name":"Accueil","item":"https:\/\/www.pressenza.com\/es\/"},{"@type":"ListItem","position":2,"name":"Espa\u00f1a: Piden al Congreso de los Diputados que no considere a los funcionarios de prisi\u00f3n como agentes de autoridad"}]},{"@type":"WebSite","@id":"https:\/\/www.pressenza.com\/es\/#website","url":"https:\/\/www.pressenza.com\/es\/","name":"Pressenza","description":"International Press Agency","publisher":{"@id":"https:\/\/www.pressenza.com\/es\/#organization"},"potentialAction":[{"@type":"SearchAction","target":{"@type":"EntryPoint","urlTemplate":"https:\/\/www.pressenza.com\/es\/?s={search_term_string}"},"query-input":{"@type":"PropertyValueSpecification","valueRequired":true,"valueName":"search_term_string"}}],"inLanguage":"es"},{"@type":"Organization","@id":"https:\/\/www.pressenza.com\/es\/#organization","name":"Pressenza","url":"https:\/\/www.pressenza.com\/es\/","logo":{"@type":"ImageObject","inLanguage":"es","@id":"https:\/\/www.pressenza.com\/es\/#\/schema\/logo\/image\/","url":"https:\/\/www.pressenza.com\/wp-content\/uploads\/2022\/10\/pressenza_logo_200x200.jpg","contentUrl":"https:\/\/www.pressenza.com\/wp-content\/uploads\/2022\/10\/pressenza_logo_200x200.jpg","width":200,"height":200,"caption":"Pressenza"},"image":{"@id":"https:\/\/www.pressenza.com\/es\/#\/schema\/logo\/image\/"},"sameAs":["https:\/\/www.facebook.com\/PressenzaItalia","https:\/\/x.com\/PressenzaIPA"]},{"@type":"Person","@id":"https:\/\/www.pressenza.com\/es\/#\/schema\/person\/56539d338f9dde4fe54c8771b432ed21","name":"Asociaci\u00f3n Pro Derechos Humanos de Andaluc\u00eda (APDHA)","description":"La Asociaci\u00f3n Pro Derechos Humanos de Andaluc\u00eda (APDHA) trabaja con el objetivo de lograr que las personas sean libres e iguales en dignidad y derechos","sameAs":["https:\/\/www.apdha.org"],"url":"https:\/\/www.pressenza.com\/es\/author\/apdha\/"}]}},"place":"Espa\u00f1a","original_article_url":"","_links":{"self":[{"href":"https:\/\/www.pressenza.com\/es\/wp-json\/wp\/v2\/posts\/1481906","targetHints":{"allow":["GET"]}}],"collection":[{"href":"https:\/\/www.pressenza.com\/es\/wp-json\/wp\/v2\/posts"}],"about":[{"href":"https:\/\/www.pressenza.com\/es\/wp-json\/wp\/v2\/types\/post"}],"author":[{"embeddable":true,"href":"https:\/\/www.pressenza.com\/es\/wp-json\/wp\/v2\/users\/1542"}],"replies":[{"embeddable":true,"href":"https:\/\/www.pressenza.com\/es\/wp-json\/wp\/v2\/comments?post=1481906"}],"version-history":[{"count":0,"href":"https:\/\/www.pressenza.com\/es\/wp-json\/wp\/v2\/posts\/1481906\/revisions"}],"wp:featuredmedia":[{"embeddable":true,"href":"https:\/\/www.pressenza.com\/es\/wp-json\/wp\/v2\/media\/1481910"}],"wp:attachment":[{"href":"https:\/\/www.pressenza.com\/es\/wp-json\/wp\/v2\/media?parent=1481906"}],"wp:term":[{"taxonomy":"category","embeddable":true,"href":"https:\/\/www.pressenza.com\/es\/wp-json\/wp\/v2\/categories?post=1481906"},{"taxonomy":"post_tag","embeddable":true,"href":"https:\/\/www.pressenza.com\/es\/wp-json\/wp\/v2\/tags?post=1481906"}],"curies":[{"name":"wp","href":"https:\/\/api.w.org\/{rel}","templated":true}]}}